{"id":7001,"date":"2025-04-24T20:30:23","date_gmt":"2025-04-24T19:30:23","guid":{"rendered":"https:\/\/www.smedemokrati.sk\/?p=7001"},"modified":"2025-04-24T20:30:23","modified_gmt":"2025-04-24T19:30:23","slug":"zurian-by-mal-skoncit-v-policajnom-zbore-a-nie-byt-vymenovany-za-generala","status":"publish","type":"post","link":"https:\/\/www.smedemokrati.sk\/en\/zurian-by-mal-skoncit-v-policajnom-zbore-a-nie-byt-vymenovany-za-generala\/","title":{"rendered":"Zurian by mal skon\u010di\u0165 v policajnom zbore a nie by\u0165 vymenovan\u00fd za gener\u00e1la"},"content":{"rendered":"<div id=\"fb-root\"><\/div>\n\n<p><strong>Strana Demokrati vyz\u00fdva prezidenta Slovenskej republiky Petra Pellegriniho, aby nevymenoval Branislava Zuriana do hodnosti gener\u00e1la.<\/strong> <\/p>\n\n\n\n<p><em>\u201eZurian m\u00e1 v\u00fdsledky ako \u0161\u00e9f policajnej in\u0161pekcie, ktor\u00e9 ho kvalifikuj\u00fa sk\u00f4r na odchod z policajnej in\u0161pekcie a policajn\u00e9ho zboru a nie na pov\u00fd\u0161enie do hodnosti gener\u00e1la. P\u00fdtam sa, \u010di bude pov\u00fd\u0161en\u00fd za to, \u017ee \u0161ikanuje policajn\u00e1 in\u0161pekcia pod jeho veden\u00edm policajtov ako J\u00e1na \u010curillu alebo Pavla \u010eurku, \u010di Branislava Dun\u010dku? Alebo bude pov\u00fd\u0161en\u00fd za to, \u017ee policajn\u00e1 in\u0161pekcia nevie vy\u0161etri\u0165 \u00fanik z trezora b\u00fdval\u00e9ho vedenia NAKA Bratislava, ktor\u00e9 ako povedal Samuel Miga\u013e, mu posunul Mat\u00fa\u0161 \u0160utaj E\u0161tok. Pr\u00edpadne za to, \u017ee pri vy\u0161etrovan\u00ed zabitia p\u00e1na \u013dubom\u00edra v Ko\u0161iciach podozriv\u00ed policajti chodili po slobode a sk\u00fa\u0161ali zakr\u00fdva\u0165 stopy?&#8221;<\/em> p\u00fdta sa Jaroslav Na\u010f, predseda strany Demokrati. <\/p>\n\n\n\n<p><em>\u201eBranislav Zurian utiekol do Bieloruska, kde sa skr\u00fdval pred spravodlivos\u0165ou. Do dne\u0161n\u00e9ho d\u0148a nie je zn\u00e1me, \u010di m\u00e1 bezpe\u010dnostn\u00fa previerku, v minulosti bol podozriv\u00fd z hrubosti vo\u010di podozriv\u00fdm osob\u00e1m a hrozb\u00e1m zbra\u0148ou, policajn\u00e1 in\u0161pekcia sa dnes spr\u00e1va ako pred\u013a\u017een\u00e1 ruka ministra \u0160utaja E\u0161toka. \u010co E\u0161tok nechce, aby nebolo vy\u0161etren\u00e9, vy\u0161etren\u00e9 nie je. Za toto m\u00e1 dosta\u0165 Zurian odmenu? Za to, \u017ee in\u0161pekcie nevie vy\u0161etri\u0165 kto zverejnil video Cintulu? Vysvet\u013eovalo by to v\u0161etko. Vyz\u00fdvame prezidenta Pellegriniho, aby nevymenoval Zuriana do gener\u00e1lskej hodnosti. Tak\u00e9to menovanie by bolo v\u00fdsmechom v\u0161etk\u00fdm slu\u0161n\u00fdm policajtom.&#8221; <\/em>Hovor\u00ed Juraj \u0160eliga, podpredseda strany Demokrati.<\/p>\n","protected":false},"excerpt":{"rendered":"<p>Strana Demokrati vyz\u00fdva prezidenta Slovenskej republiky Petra Pellegriniho, aby nevymenoval Branislava Zuriana do hodnosti gener\u00e1la. \u201eZurian m\u00e1 v\u00fdsledky ako \u0161\u00e9f policajnej in\u0161pekcie, ktor\u00e9 ho kvalifikuj\u00fa sk\u00f4r na odchod z policajnej in\u0161pekcie a policajn\u00e9ho zboru a nie na pov\u00fd\u0161enie do hodnosti gener\u00e1la. P\u00fdtam sa, \u010di bude pov\u00fd\u0161en\u00fd za to, \u017ee \u0161ikanuje policajn\u00e1 in\u0161pekcia pod jeho veden\u00edm [&hellip;]<\/p>\n","protected":false},"author":13,"featured_media":5183,"comment_status":"closed","ping_status":"closed","sticky":false,"template":"","format":"standard","meta":{"_acf_changed":false,"ngg_post_thumbnail":0,"footnotes":""},"categories":[4],"tags":[],"class_list":["post-7001","post","type-post","status-publish","format-standard","has-post-thumbnail","hentry","category-tlacove-spravy"],"acf":[],"yoast_head":"<!-- This site is optimized with the Yoast SEO plugin v27.2 - https:\/\/yoast.com\/product\/yoast-seo-wordpress\/ -->\n<title>Zurian by mal skon\u010di\u0165 v policajnom zbore a nie by\u0165 vymenovan\u00fd za gener\u00e1la<\/title>\n<meta name=\"robots\" content=\"index, follow, max-snippet:-1, max-image-preview:large, max-video-preview:-1\" \/>\n<link rel=\"canonical\" href=\"https:\/\/www.smedemokrati.sk\/en\/zurian-by-mal-skoncit-v-policajnom-zbore-a-nie-byt-vymenovany-za-generala\/\" \/>\n<meta property=\"og:locale\" content=\"en_US\" \/>\n<meta property=\"og:locale:alternate\" content=\"cs_CZ\" \/>\n<meta property=\"og:locale:alternate\" content=\"hu_HU\" \/>\n<meta property=\"og:locale:alternate\" content=\"sk_SK\" \/>\n<meta property=\"og:locale:alternate\" content=\"sv_SE\" \/>\n<meta property=\"og:type\" content=\"article\" \/>\n<meta property=\"og:title\" content=\"Zurian by mal skon\u010di\u0165 v policajnom zbore a nie by\u0165 vymenovan\u00fd za gener\u00e1la\" \/>\n<meta property=\"og:description\" content=\"Strana Demokrati vyz\u00fdva prezidenta Slovenskej republiky Petra Pellegriniho, aby nevymenoval Branislava Zuriana do hodnosti gener\u00e1la. \u201eZurian m\u00e1 v\u00fdsledky ako \u0161\u00e9f policajnej in\u0161pekcie, ktor\u00e9 ho kvalifikuj\u00fa sk\u00f4r na odchod z policajnej in\u0161pekcie a policajn\u00e9ho zboru a nie na pov\u00fd\u0161enie do hodnosti gener\u00e1la. P\u00fdtam sa, \u010di bude pov\u00fd\u0161en\u00fd za to, \u017ee \u0161ikanuje policajn\u00e1 in\u0161pekcia pod jeho veden\u00edm [&hellip;]\" \/>\n<meta property=\"og:url\" content=\"https:\/\/www.smedemokrati.sk\/en\/zurian-by-mal-skoncit-v-policajnom-zbore-a-nie-byt-vymenovany-za-generala\/\" \/>\n<meta property=\"og:site_name\" content=\"Smedemokrati.sk\" \/>\n<meta property=\"article:publisher\" content=\"https:\/\/www.facebook.com\/smedemokrati2023\" \/>\n<meta property=\"article:published_time\" content=\"2025-04-24T19:30:23+00:00\" \/>\n<meta property=\"og:image\" content=\"https:\/\/www.smedemokrati.sk\/wp-content\/uploads\/2024\/09\/zurian.jpg\" \/>\n\t<meta property=\"og:image:width\" content=\"825\" \/>\n\t<meta property=\"og:image:height\" content=\"464\" \/>\n\t<meta property=\"og:image:type\" content=\"image\/jpeg\" \/>\n<meta name=\"author\" content=\"miro.sopko\" \/>\n<meta name=\"twitter:card\" content=\"summary_large_image\" \/>\n<meta name=\"twitter:label1\" content=\"Written by\" \/>\n\t<meta name=\"twitter:data1\" content=\"miro.sopko\" \/>\n\t<meta name=\"twitter:label2\" content=\"Est. reading time\" \/>\n\t<meta name=\"twitter:data2\" content=\"2 minutes\" \/>\n<script type=\"application\/ld+json\" class=\"yoast-schema-graph\">{\"@context\":\"https:\/\/schema.org\",\"@graph\":[{\"@type\":\"Article\",\"@id\":\"https:\/\/www.smedemokrati.sk\/zurian-by-mal-skoncit-v-policajnom-zbore-a-nie-byt-vymenovany-za-generala\/#article\",\"isPartOf\":{\"@id\":\"https:\/\/www.smedemokrati.sk\/zurian-by-mal-skoncit-v-policajnom-zbore-a-nie-byt-vymenovany-za-generala\/\"},\"author\":{\"name\":\"miro.sopko\",\"@id\":\"https:\/\/www.smedemokrati.sk\/#\/schema\/person\/21f147c88d605aa7ded900e1e7c344ba\"},\"headline\":\"Zurian by mal skon\u010di\u0165 v policajnom zbore a nie by\u0165 vymenovan\u00fd za gener\u00e1la\",\"datePublished\":\"2025-04-24T19:30:23+00:00\",\"mainEntityOfPage\":{\"@id\":\"https:\/\/www.smedemokrati.sk\/zurian-by-mal-skoncit-v-policajnom-zbore-a-nie-byt-vymenovany-za-generala\/\"},\"wordCount\":291,\"publisher\":{\"@id\":\"https:\/\/www.smedemokrati.sk\/#organization\"},\"image\":{\"@id\":\"https:\/\/www.smedemokrati.sk\/zurian-by-mal-skoncit-v-policajnom-zbore-a-nie-byt-vymenovany-za-generala\/#primaryimage\"},\"thumbnailUrl\":\"https:\/\/www.smedemokrati.sk\/wp-content\/uploads\/2024\/09\/zurian.jpg\",\"articleSection\":[\"Tla\u010dov\u00e9 spr\u00e1vy\"],\"inLanguage\":\"en-US\"},{\"@type\":\"WebPage\",\"@id\":\"https:\/\/www.smedemokrati.sk\/zurian-by-mal-skoncit-v-policajnom-zbore-a-nie-byt-vymenovany-za-generala\/\",\"url\":\"https:\/\/www.smedemokrati.sk\/zurian-by-mal-skoncit-v-policajnom-zbore-a-nie-byt-vymenovany-za-generala\/\",\"name\":\"Zurian by mal skon\u010di\u0165 v policajnom zbore a nie by\u0165 vymenovan\u00fd za gener\u00e1la\",\"isPartOf\":{\"@id\":\"https:\/\/www.smedemokrati.sk\/#website\"},\"primaryImageOfPage\":{\"@id\":\"https:\/\/www.smedemokrati.sk\/zurian-by-mal-skoncit-v-policajnom-zbore-a-nie-byt-vymenovany-za-generala\/#primaryimage\"},\"image\":{\"@id\":\"https:\/\/www.smedemokrati.sk\/zurian-by-mal-skoncit-v-policajnom-zbore-a-nie-byt-vymenovany-za-generala\/#primaryimage\"},\"thumbnailUrl\":\"https:\/\/www.smedemokrati.sk\/wp-content\/uploads\/2024\/09\/zurian.jpg\",\"datePublished\":\"2025-04-24T19:30:23+00:00\",\"breadcrumb\":{\"@id\":\"https:\/\/www.smedemokrati.sk\/zurian-by-mal-skoncit-v-policajnom-zbore-a-nie-byt-vymenovany-za-generala\/#breadcrumb\"},\"inLanguage\":\"en-US\",\"potentialAction\":[{\"@type\":\"ReadAction\",\"target\":[\"https:\/\/www.smedemokrati.sk\/zurian-by-mal-skoncit-v-policajnom-zbore-a-nie-byt-vymenovany-za-generala\/\"]}]},{\"@type\":\"ImageObject\",\"inLanguage\":\"en-US\",\"@id\":\"https:\/\/www.smedemokrati.sk\/zurian-by-mal-skoncit-v-policajnom-zbore-a-nie-byt-vymenovany-za-generala\/#primaryimage\",\"url\":\"https:\/\/www.smedemokrati.sk\/wp-content\/uploads\/2024\/09\/zurian.jpg\",\"contentUrl\":\"https:\/\/www.smedemokrati.sk\/wp-content\/uploads\/2024\/09\/zurian.jpg\",\"width\":825,\"height\":464},{\"@type\":\"BreadcrumbList\",\"@id\":\"https:\/\/www.smedemokrati.sk\/zurian-by-mal-skoncit-v-policajnom-zbore-a-nie-byt-vymenovany-za-generala\/#breadcrumb\",\"itemListElement\":[{\"@type\":\"ListItem\",\"position\":1,\"name\":\"Domovsk\u00e1 str\u00e1nka\",\"item\":\"https:\/\/www.smedemokrati.sk\/\"},{\"@type\":\"ListItem\",\"position\":2,\"name\":\"Zurian by mal skon\u010di\u0165 v policajnom zbore a nie by\u0165 vymenovan\u00fd za gener\u00e1la\"}]},{\"@type\":\"WebSite\",\"@id\":\"https:\/\/www.smedemokrati.sk\/#website\",\"url\":\"https:\/\/www.smedemokrati.sk\/\",\"name\":\"Smedemokrati.sk\",\"description\":\"Demokracia a slu\u0161nos\u0165 zv\u00ed\u0165az\u00ed\",\"publisher\":{\"@id\":\"https:\/\/www.smedemokrati.sk\/#organization\"},\"potentialAction\":[{\"@type\":\"SearchAction\",\"target\":{\"@type\":\"EntryPoint\",\"urlTemplate\":\"https:\/\/www.smedemokrati.sk\/?s={search_term_string}\"},\"query-input\":{\"@type\":\"PropertyValueSpecification\",\"valueRequired\":true,\"valueName\":\"search_term_string\"}}],\"inLanguage\":\"en-US\"},{\"@type\":\"Organization\",\"@id\":\"https:\/\/www.smedemokrati.sk\/#organization\",\"name\":\"Smedemokrati.sk\",\"url\":\"https:\/\/www.smedemokrati.sk\/\",\"logo\":{\"@type\":\"ImageObject\",\"inLanguage\":\"en-US\",\"@id\":\"https:\/\/www.smedemokrati.sk\/#\/schema\/logo\/image\/\",\"url\":\"https:\/\/www.smedemokrati.sk\/wp-content\/uploads\/2023\/04\/ff.002.jpeg\",\"contentUrl\":\"https:\/\/www.smedemokrati.sk\/wp-content\/uploads\/2023\/04\/ff.002.jpeg\",\"width\":640,\"height\":480,\"caption\":\"Smedemokrati.sk\"},\"image\":{\"@id\":\"https:\/\/www.smedemokrati.sk\/#\/schema\/logo\/image\/\"},\"sameAs\":[\"https:\/\/www.facebook.com\/smedemokrati2023\"]},{\"@type\":\"Person\",\"@id\":\"https:\/\/www.smedemokrati.sk\/#\/schema\/person\/21f147c88d605aa7ded900e1e7c344ba\",\"name\":\"miro.sopko\",\"image\":{\"@type\":\"ImageObject\",\"inLanguage\":\"en-US\",\"@id\":\"https:\/\/secure.gravatar.com\/avatar\/267e4a36f704376c109afe3a78740c1f5dd8675a2180a908699e7863c9247606?s=96&d=mm&r=g\",\"url\":\"https:\/\/secure.gravatar.com\/avatar\/267e4a36f704376c109afe3a78740c1f5dd8675a2180a908699e7863c9247606?s=96&d=mm&r=g\",\"contentUrl\":\"https:\/\/secure.gravatar.com\/avatar\/267e4a36f704376c109afe3a78740c1f5dd8675a2180a908699e7863c9247606?s=96&d=mm&r=g\",\"caption\":\"miro.sopko\"},\"url\":\"https:\/\/www.smedemokrati.sk\/en\/author\/miro-sopko\/\"}]}<\/script>\n<!-- \/ Yoast SEO plugin. -->","yoast_head_json":{"title":"Zurian by mal skon\u010di\u0165 v policajnom zbore a nie by\u0165 vymenovan\u00fd za gener\u00e1la","robots":{"index":"index","follow":"follow","max-snippet":"max-snippet:-1","max-image-preview":"max-image-preview:large","max-video-preview":"max-video-preview:-1"},"canonical":"https:\/\/www.smedemokrati.sk\/en\/zurian-by-mal-skoncit-v-policajnom-zbore-a-nie-byt-vymenovany-za-generala\/","og_locale":"en_US","og_type":"article","og_title":"[:sk]Zurian by mal skon\u010di\u0165 v policajnom zbore a nie by\u0165 vymenovan\u00fd za gener\u00e1la[:] - Smedemokrati.sk","og_description":"Strana Demokrati vyz\u00fdva prezidenta Slovenskej republiky Petra Pellegriniho, aby nevymenoval Branislava Zuriana do hodnosti gener\u00e1la. \u201eZurian m\u00e1 v\u00fdsledky ako \u0161\u00e9f policajnej in\u0161pekcie, ktor\u00e9 ho kvalifikuj\u00fa sk\u00f4r na odchod z policajnej in\u0161pekcie a policajn\u00e9ho zboru a nie na pov\u00fd\u0161enie do hodnosti gener\u00e1la. P\u00fdtam sa, \u010di bude pov\u00fd\u0161en\u00fd za to, \u017ee \u0161ikanuje policajn\u00e1 in\u0161pekcia pod jeho veden\u00edm [&hellip;]","og_url":"https:\/\/www.smedemokrati.sk\/en\/zurian-by-mal-skoncit-v-policajnom-zbore-a-nie-byt-vymenovany-za-generala\/","og_site_name":"Smedemokrati.sk","article_publisher":"https:\/\/www.facebook.com\/smedemokrati2023","article_published_time":"2025-04-24T19:30:23+00:00","og_image":[{"width":825,"height":464,"url":"https:\/\/www.smedemokrati.sk\/wp-content\/uploads\/2024\/09\/zurian.jpg","type":"image\/jpeg"}],"author":"miro.sopko","twitter_card":"summary_large_image","twitter_misc":{"Written by":"miro.sopko","Est. reading time":"2 minutes"},"schema":{"@context":"https:\/\/schema.org","@graph":[{"@type":"Article","@id":"https:\/\/www.smedemokrati.sk\/zurian-by-mal-skoncit-v-policajnom-zbore-a-nie-byt-vymenovany-za-generala\/#article","isPartOf":{"@id":"https:\/\/www.smedemokrati.sk\/zurian-by-mal-skoncit-v-policajnom-zbore-a-nie-byt-vymenovany-za-generala\/"},"author":{"name":"miro.sopko","@id":"https:\/\/www.smedemokrati.sk\/#\/schema\/person\/21f147c88d605aa7ded900e1e7c344ba"},"headline":"Zurian by mal skon\u010di\u0165 v policajnom zbore a nie by\u0165 vymenovan\u00fd za gener\u00e1la","datePublished":"2025-04-24T19:30:23+00:00","mainEntityOfPage":{"@id":"https:\/\/www.smedemokrati.sk\/zurian-by-mal-skoncit-v-policajnom-zbore-a-nie-byt-vymenovany-za-generala\/"},"wordCount":291,"publisher":{"@id":"https:\/\/www.smedemokrati.sk\/#organization"},"image":{"@id":"https:\/\/www.smedemokrati.sk\/zurian-by-mal-skoncit-v-policajnom-zbore-a-nie-byt-vymenovany-za-generala\/#primaryimage"},"thumbnailUrl":"https:\/\/www.smedemokrati.sk\/wp-content\/uploads\/2024\/09\/zurian.jpg","articleSection":["Tla\u010dov\u00e9 spr\u00e1vy"],"inLanguage":"en-US"},{"@type":"WebPage","@id":"https:\/\/www.smedemokrati.sk\/zurian-by-mal-skoncit-v-policajnom-zbore-a-nie-byt-vymenovany-za-generala\/","url":"https:\/\/www.smedemokrati.sk\/zurian-by-mal-skoncit-v-policajnom-zbore-a-nie-byt-vymenovany-za-generala\/","name":"Zurian by mal skon\u010di\u0165 v policajnom zbore a nie by\u0165 vymenovan\u00fd za gener\u00e1la","isPartOf":{"@id":"https:\/\/www.smedemokrati.sk\/#website"},"primaryImageOfPage":{"@id":"https:\/\/www.smedemokrati.sk\/zurian-by-mal-skoncit-v-policajnom-zbore-a-nie-byt-vymenovany-za-generala\/#primaryimage"},"image":{"@id":"https:\/\/www.smedemokrati.sk\/zurian-by-mal-skoncit-v-policajnom-zbore-a-nie-byt-vymenovany-za-generala\/#primaryimage"},"thumbnailUrl":"https:\/\/www.smedemokrati.sk\/wp-content\/uploads\/2024\/09\/zurian.jpg","datePublished":"2025-04-24T19:30:23+00:00","breadcrumb":{"@id":"https:\/\/www.smedemokrati.sk\/zurian-by-mal-skoncit-v-policajnom-zbore-a-nie-byt-vymenovany-za-generala\/#breadcrumb"},"inLanguage":"en-US","potentialAction":[{"@type":"ReadAction","target":["https:\/\/www.smedemokrati.sk\/zurian-by-mal-skoncit-v-policajnom-zbore-a-nie-byt-vymenovany-za-generala\/"]}]},{"@type":"ImageObject","inLanguage":"en-US","@id":"https:\/\/www.smedemokrati.sk\/zurian-by-mal-skoncit-v-policajnom-zbore-a-nie-byt-vymenovany-za-generala\/#primaryimage","url":"https:\/\/www.smedemokrati.sk\/wp-content\/uploads\/2024\/09\/zurian.jpg","contentUrl":"https:\/\/www.smedemokrati.sk\/wp-content\/uploads\/2024\/09\/zurian.jpg","width":825,"height":464},{"@type":"BreadcrumbList","@id":"https:\/\/www.smedemokrati.sk\/zurian-by-mal-skoncit-v-policajnom-zbore-a-nie-byt-vymenovany-za-generala\/#breadcrumb","itemListElement":[{"@type":"ListItem","position":1,"name":"Domovsk\u00e1 str\u00e1nka","item":"https:\/\/www.smedemokrati.sk\/"},{"@type":"ListItem","position":2,"name":"Zurian by mal skon\u010di\u0165 v policajnom zbore a nie by\u0165 vymenovan\u00fd za gener\u00e1la"}]},{"@type":"WebSite","@id":"https:\/\/www.smedemokrati.sk\/#website","url":"https:\/\/www.smedemokrati.sk\/","name":"Smedemokrati.sk","description":"Demokracia a slu\u0161nos\u0165 zv\u00ed\u0165az\u00ed","publisher":{"@id":"https:\/\/www.smedemokrati.sk\/#organization"},"potentialAction":[{"@type":"SearchAction","target":{"@type":"EntryPoint","urlTemplate":"https:\/\/www.smedemokrati.sk\/?s={search_term_string}"},"query-input":{"@type":"PropertyValueSpecification","valueRequired":true,"valueName":"search_term_string"}}],"inLanguage":"en-US"},{"@type":"Organization","@id":"https:\/\/www.smedemokrati.sk\/#organization","name":"Smedemokrati.sk","url":"https:\/\/www.smedemokrati.sk\/","logo":{"@type":"ImageObject","inLanguage":"en-US","@id":"https:\/\/www.smedemokrati.sk\/#\/schema\/logo\/image\/","url":"https:\/\/www.smedemokrati.sk\/wp-content\/uploads\/2023\/04\/ff.002.jpeg","contentUrl":"https:\/\/www.smedemokrati.sk\/wp-content\/uploads\/2023\/04\/ff.002.jpeg","width":640,"height":480,"caption":"Smedemokrati.sk"},"image":{"@id":"https:\/\/www.smedemokrati.sk\/#\/schema\/logo\/image\/"},"sameAs":["https:\/\/www.facebook.com\/smedemokrati2023"]},{"@type":"Person","@id":"https:\/\/www.smedemokrati.sk\/#\/schema\/person\/21f147c88d605aa7ded900e1e7c344ba","name":"miro.sopko","image":{"@type":"ImageObject","inLanguage":"en-US","@id":"https:\/\/secure.gravatar.com\/avatar\/267e4a36f704376c109afe3a78740c1f5dd8675a2180a908699e7863c9247606?s=96&d=mm&r=g","url":"https:\/\/secure.gravatar.com\/avatar\/267e4a36f704376c109afe3a78740c1f5dd8675a2180a908699e7863c9247606?s=96&d=mm&r=g","contentUrl":"https:\/\/secure.gravatar.com\/avatar\/267e4a36f704376c109afe3a78740c1f5dd8675a2180a908699e7863c9247606?s=96&d=mm&r=g","caption":"miro.sopko"},"url":"https:\/\/www.smedemokrati.sk\/en\/author\/miro-sopko\/"}]}},"_links":{"self":[{"href":"https:\/\/www.smedemokrati.sk\/en\/wp-json\/wp\/v2\/posts\/7001","targetHints":{"allow":["GET"]}}],"collection":[{"href":"https:\/\/www.smedemokrati.sk\/en\/wp-json\/wp\/v2\/posts"}],"about":[{"href":"https:\/\/www.smedemokrati.sk\/en\/wp-json\/wp\/v2\/types\/post"}],"author":[{"embeddable":true,"href":"https:\/\/www.smedemokrati.sk\/en\/wp-json\/wp\/v2\/users\/13"}],"replies":[{"embeddable":true,"href":"https:\/\/www.smedemokrati.sk\/en\/wp-json\/wp\/v2\/comments?post=7001"}],"version-history":[{"count":1,"href":"https:\/\/www.smedemokrati.sk\/en\/wp-json\/wp\/v2\/posts\/7001\/revisions"}],"predecessor-version":[{"id":7002,"href":"https:\/\/www.smedemokrati.sk\/en\/wp-json\/wp\/v2\/posts\/7001\/revisions\/7002"}],"wp:featuredmedia":[{"embeddable":true,"href":"https:\/\/www.smedemokrati.sk\/en\/wp-json\/wp\/v2\/media\/5183"}],"wp:attachment":[{"href":"https:\/\/www.smedemokrati.sk\/en\/wp-json\/wp\/v2\/media?parent=7001"}],"wp:term":[{"taxonomy":"category","embeddable":true,"href":"https:\/\/www.smedemokrati.sk\/en\/wp-json\/wp\/v2\/categories?post=7001"},{"taxonomy":"post_tag","embeddable":true,"href":"https:\/\/www.smedemokrati.sk\/en\/wp-json\/wp\/v2\/tags?post=7001"}],"curies":[{"name":"wp","href":"https:\/\/api.w.org\/{rel}","templated":true}]}}