{"id":6947,"date":"2025-04-16T12:47:46","date_gmt":"2025-04-16T11:47:46","guid":{"rendered":"https:\/\/www.smedemokrati.sk\/?p=6947"},"modified":"2025-04-16T12:48:53","modified_gmt":"2025-04-16T11:48:53","slug":"vlada-dava-miliony-nedisciplinovanym-zatial-co-onkologickym-pacientom-a-diabetikom-ustedrila-ranu-pod-pas","status":"publish","type":"post","link":"https:\/\/www.smedemokrati.sk\/en\/vlada-dava-miliony-nedisciplinovanym-zatial-co-onkologickym-pacientom-a-diabetikom-ustedrila-ranu-pod-pas\/","title":{"rendered":"Vl\u00e1da d\u00e1va mili\u00f3ny nedisciplinovan\u00fdm, zatia\u013e \u010do onkologick\u00fdm pacientom a diabetikom u\u0161tedrila ranu pod p\u00e1s"},"content":{"rendered":"<div id=\"fb-root\"><\/div>\n\n<p><strong>Strana Demokrati upozor\u0148uje, \u017ee Ministerstvo zdravotn\u00edctva a kategoriza\u010dn\u00e1 komisia od 1. apr\u00edla vyradili z \u00fahrady d\u00f4le\u017eit\u00e9 lieky na rakovinu. Znamen\u00e1 to, \u017ee si ich pacienti bud\u00fa musie\u0165 hradi\u0165 v plnom rozsahu. Pozit\u00edvna zmena mala nasta\u0165 v pr\u00edpade pom\u00f4cok pre diabetikov, ktor\u00fdm bolo s\u013e\u00faben\u00e9, \u017ee tzv. gluk\u00f3zov\u00e9 senzory bud\u00fa plne hraden\u00e9. Op\u00e4\u0165 v\u0161ak ostalo len pri pr\u00e1zdnych slov\u00e1ch.<\/strong><\/p>\n\n\n\n<p>Ranu pod p\u00e1s od vl\u00e1dy dostali aj pacienti s rakovinou. Ide o lie\u010dbu tzv. imunoterapiou, ktor\u00e1 stoj\u00ed pacienta v priemere 50\u201370 tis\u00edc eur, a od 1. apr\u00edla je dostupn\u00e1 len formou priamej platby:&nbsp;<em>\u201eImunoterapia je be\u017ene hraden\u00e1 v okolit\u00fdch \u0161t\u00e1toch. Robert Fico sa v\u0161ak rozhodol od\u0161kod\u0148ova\u0165 nedisciplinovan\u00fdch ob\u010danov a, jednoducho povedan\u00e9, pre onkologick\u00fdch pacientov peniaze nezostali. Imunoterapia sa pritom pou\u017e\u00edva na dnes u\u017e, \u017eia\u013e, v \u00favodzovk\u00e1ch be\u017en\u00e9 formy rakoviny, ako je karcin\u00f3m kr\u010dka maternice \u010di obli\u010dky. T\u00edto \u013eudia si nevybrali, \u017ee bud\u00fa ma\u0165 smrte\u013en\u00fa chorobu. Zato oklaman\u00ed Ficovi fan\u00fa\u0161ikovia sa dobrovo\u013ene rozhodli ohrozova\u0165 seba aj svoje okolie \u2013 a pr\u00e1ve ich m\u00e1me odme\u0148ova\u0165?\u201c<\/em>&nbsp;hovor\u00ed Andrea Letanovsk\u00e1, prim\u00e1rka ARO na onkol\u00f3gii a podpredsedn\u00ed\u010dka strany Demokrati.<\/p>\n\n\n\n<p>Viliam Novotn\u00fd, neurochirurg a krajsk\u00fd predseda strany v Ko\u0161ickom kraji, upozor\u0148uje, \u017ee diabetici s prv\u00fdm typom ochorenia o\u010dak\u00e1vali, \u017ee od 1. apr\u00edla d\u00f4jde k pomoci zo strany \u0161t\u00e1tu \u2013 konkr\u00e9tne k \u00fahrade pom\u00f4cok na meranie hladiny cukru v krvi (gluk\u00f3zov\u00fdch senzorov). Ostalo v\u0161ak len pri s\u013euboch:<em>&nbsp;\u201eNa Slovensku \u017eije 355-tis\u00edc pacientov s cukrovkou, z toho 27-tis\u00edc m\u00e1 diabetes 1. typu, \u010do si vy\u017eaduje pravideln\u00e9 pod\u00e1vanie inzul\u00ednu a meranie hladiny cukru v krvi. Od apr\u00edla komunita diabetikov o\u010dak\u00e1vala roz\u0161\u00edrenie \u00fahrad pre viacer\u00e9 kateg\u00f3rie pacientov s diabetom 1. typu \u2013 \u017eia\u013e, nedo\u0161lo k tomu,\u201c&nbsp;<\/em>hovor\u00ed Novotn\u00fd a upres\u0148uje, \u017ee pacienti sa pozit\u00edvnej zmeny nedo\u010dkali z d\u00f4vodu nedostatku financi\u00ed v Programovom vyhl\u00e1sen\u00ed o prerozdelen\u00ed pe\u0148az\u00ed v zdravotn\u00edctve.<\/p>\n\n\n\n<p>Strana Demokrati opakovane predstavuje rie\u0161enia, ktor\u00e9 v\u00fdrazne pom\u00f4\u017eu zdravotn\u00edkom, a najm\u00e4 pacientom. Po\u017eaduj\u00fa:<\/p>\n\n\n\n<ul class=\"wp-block-list\">\n<li>&#8211; dokon\u010denie reformy nemocn\u00edc,<\/li>\n\n\n\n<li>&#8211; posilnenie ambulantn\u00e9ho sektora,<\/li>\n\n\n\n<li>&#8211; jasn\u00e9 zadefinovanie n\u00e1roku pacienta z verejn\u00e9ho zdravotn\u00e9ho poistenia,<\/li>\n\n\n\n<li>&#8211; a poriadok v poplatkoch a doplatkoch.<\/li>\n<\/ul>\n\n\n\n<div style=\"height:50px\" aria-hidden=\"true\" class=\"wp-block-spacer\"><\/div>\n\n\n<div class=\"fb-video\" data-href=\"https:\/\/fb.watch\/y-d0WJ2nmm\" data-allowfullscreen=\"true\" data-autoplay=\"false\" data-width=\"\" data-show-text=\"false\" data-show-captions=\"true\"><\/div>\n","protected":false},"excerpt":{"rendered":"<p>Strana Demokrati upozor\u0148uje, \u017ee Ministerstvo zdravotn\u00edctva a kategoriza\u010dn\u00e1 komisia od 1. apr\u00edla vyradili z \u00fahrady d\u00f4le\u017eit\u00e9 lieky na rakovinu. Znamen\u00e1 to, \u017ee si ich pacienti bud\u00fa musie\u0165 hradi\u0165 v plnom rozsahu. Pozit\u00edvna zmena mala nasta\u0165 v pr\u00edpade pom\u00f4cok pre diabetikov, ktor\u00fdm bolo s\u013e\u00faben\u00e9, \u017ee tzv. gluk\u00f3zov\u00e9 senzory bud\u00fa plne hraden\u00e9. Op\u00e4\u0165 v\u0161ak ostalo len pri [&hellip;]<\/p>\n","protected":false},"author":13,"featured_media":6948,"comment_status":"closed","ping_status":"closed","sticky":false,"template":"","format":"standard","meta":{"_acf_changed":false,"ngg_post_thumbnail":0,"footnotes":""},"categories":[4],"tags":[],"class_list":["post-6947","post","type-post","status-publish","format-standard","has-post-thumbnail","hentry","category-tlacove-spravy"],"acf":[],"yoast_head":"<!-- This site is optimized with the Yoast SEO plugin v27.2 - https:\/\/yoast.com\/product\/yoast-seo-wordpress\/ -->\n<title>Vl\u00e1da d\u00e1va mili\u00f3ny nedisciplinovan\u00fdm, zatia\u013e \u010do onkologick\u00fdm pacientom a diabetikom u\u0161tedrila ranu pod p\u00e1s<\/title>\n<meta name=\"robots\" content=\"index, follow, max-snippet:-1, max-image-preview:large, max-video-preview:-1\" \/>\n<link rel=\"canonical\" href=\"https:\/\/www.smedemokrati.sk\/en\/vlada-dava-miliony-nedisciplinovanym-zatial-co-onkologickym-pacientom-a-diabetikom-ustedrila-ranu-pod-pas\/\" \/>\n<meta property=\"og:locale\" content=\"en_US\" \/>\n<meta property=\"og:locale:alternate\" content=\"cs_CZ\" \/>\n<meta property=\"og:locale:alternate\" content=\"hu_HU\" \/>\n<meta property=\"og:locale:alternate\" content=\"sk_SK\" \/>\n<meta property=\"og:locale:alternate\" content=\"sv_SE\" \/>\n<meta property=\"og:type\" content=\"article\" \/>\n<meta property=\"og:title\" content=\"Vl\u00e1da d\u00e1va mili\u00f3ny nedisciplinovan\u00fdm, zatia\u013e \u010do onkologick\u00fdm pacientom a diabetikom u\u0161tedrila ranu pod p\u00e1s\" \/>\n<meta property=\"og:description\" content=\"Strana Demokrati upozor\u0148uje, \u017ee Ministerstvo zdravotn\u00edctva a kategoriza\u010dn\u00e1 komisia od 1. apr\u00edla vyradili z \u00fahrady d\u00f4le\u017eit\u00e9 lieky na rakovinu. Znamen\u00e1 to, \u017ee si ich pacienti bud\u00fa musie\u0165 hradi\u0165 v plnom rozsahu. Pozit\u00edvna zmena mala nasta\u0165 v pr\u00edpade pom\u00f4cok pre diabetikov, ktor\u00fdm bolo s\u013e\u00faben\u00e9, \u017ee tzv. gluk\u00f3zov\u00e9 senzory bud\u00fa plne hraden\u00e9. Op\u00e4\u0165 v\u0161ak ostalo len pri [&hellip;]\" \/>\n<meta property=\"og:url\" content=\"https:\/\/www.smedemokrati.sk\/en\/vlada-dava-miliony-nedisciplinovanym-zatial-co-onkologickym-pacientom-a-diabetikom-ustedrila-ranu-pod-pas\/\" \/>\n<meta property=\"og:site_name\" content=\"Smedemokrati.sk\" \/>\n<meta property=\"article:publisher\" content=\"https:\/\/www.facebook.com\/smedemokrati2023\" \/>\n<meta property=\"article:published_time\" content=\"2025-04-16T11:47:46+00:00\" \/>\n<meta property=\"article:modified_time\" content=\"2025-04-16T11:48:53+00:00\" \/>\n<meta property=\"og:image\" content=\"https:\/\/www.smedemokrati.sk\/wp-content\/uploads\/2025\/04\/pacienti-doplacaju.jpg\" \/>\n\t<meta property=\"og:image:width\" content=\"887\" \/>\n\t<meta property=\"og:image:height\" content=\"471\" \/>\n\t<meta property=\"og:image:type\" content=\"image\/jpeg\" \/>\n<meta name=\"author\" content=\"miro.sopko\" \/>\n<meta name=\"twitter:card\" content=\"summary_large_image\" \/>\n<meta name=\"twitter:label1\" content=\"Written by\" \/>\n\t<meta name=\"twitter:data1\" content=\"miro.sopko\" \/>\n\t<meta name=\"twitter:label2\" content=\"Est. reading time\" \/>\n\t<meta name=\"twitter:data2\" content=\"2 minutes\" \/>\n<script type=\"application\/ld+json\" class=\"yoast-schema-graph\">{\"@context\":\"https:\/\/schema.org\",\"@graph\":[{\"@type\":\"Article\",\"@id\":\"https:\/\/www.smedemokrati.sk\/vlada-dava-miliony-nedisciplinovanym-zatial-co-onkologickym-pacientom-a-diabetikom-ustedrila-ranu-pod-pas\/#article\",\"isPartOf\":{\"@id\":\"https:\/\/www.smedemokrati.sk\/vlada-dava-miliony-nedisciplinovanym-zatial-co-onkologickym-pacientom-a-diabetikom-ustedrila-ranu-pod-pas\/\"},\"author\":{\"name\":\"miro.sopko\",\"@id\":\"https:\/\/www.smedemokrati.sk\/#\/schema\/person\/21f147c88d605aa7ded900e1e7c344ba\"},\"headline\":\"Vl\u00e1da d\u00e1va mili\u00f3ny nedisciplinovan\u00fdm, zatia\u013e \u010do onkologick\u00fdm pacientom a diabetikom u\u0161tedrila ranu pod p\u00e1s\",\"datePublished\":\"2025-04-16T11:47:46+00:00\",\"dateModified\":\"2025-04-16T11:48:53+00:00\",\"mainEntityOfPage\":{\"@id\":\"https:\/\/www.smedemokrati.sk\/vlada-dava-miliony-nedisciplinovanym-zatial-co-onkologickym-pacientom-a-diabetikom-ustedrila-ranu-pod-pas\/\"},\"wordCount\":438,\"publisher\":{\"@id\":\"https:\/\/www.smedemokrati.sk\/#organization\"},\"image\":{\"@id\":\"https:\/\/www.smedemokrati.sk\/vlada-dava-miliony-nedisciplinovanym-zatial-co-onkologickym-pacientom-a-diabetikom-ustedrila-ranu-pod-pas\/#primaryimage\"},\"thumbnailUrl\":\"https:\/\/www.smedemokrati.sk\/wp-content\/uploads\/2025\/04\/pacienti-doplacaju.jpg\",\"articleSection\":[\"Tla\u010dov\u00e9 spr\u00e1vy\"],\"inLanguage\":\"en-US\"},{\"@type\":\"WebPage\",\"@id\":\"https:\/\/www.smedemokrati.sk\/vlada-dava-miliony-nedisciplinovanym-zatial-co-onkologickym-pacientom-a-diabetikom-ustedrila-ranu-pod-pas\/\",\"url\":\"https:\/\/www.smedemokrati.sk\/vlada-dava-miliony-nedisciplinovanym-zatial-co-onkologickym-pacientom-a-diabetikom-ustedrila-ranu-pod-pas\/\",\"name\":\"Vl\u00e1da d\u00e1va mili\u00f3ny nedisciplinovan\u00fdm, zatia\u013e \u010do onkologick\u00fdm pacientom a diabetikom u\u0161tedrila ranu pod p\u00e1s\",\"isPartOf\":{\"@id\":\"https:\/\/www.smedemokrati.sk\/#website\"},\"primaryImageOfPage\":{\"@id\":\"https:\/\/www.smedemokrati.sk\/vlada-dava-miliony-nedisciplinovanym-zatial-co-onkologickym-pacientom-a-diabetikom-ustedrila-ranu-pod-pas\/#primaryimage\"},\"image\":{\"@id\":\"https:\/\/www.smedemokrati.sk\/vlada-dava-miliony-nedisciplinovanym-zatial-co-onkologickym-pacientom-a-diabetikom-ustedrila-ranu-pod-pas\/#primaryimage\"},\"thumbnailUrl\":\"https:\/\/www.smedemokrati.sk\/wp-content\/uploads\/2025\/04\/pacienti-doplacaju.jpg\",\"datePublished\":\"2025-04-16T11:47:46+00:00\",\"dateModified\":\"2025-04-16T11:48:53+00:00\",\"breadcrumb\":{\"@id\":\"https:\/\/www.smedemokrati.sk\/vlada-dava-miliony-nedisciplinovanym-zatial-co-onkologickym-pacientom-a-diabetikom-ustedrila-ranu-pod-pas\/#breadcrumb\"},\"inLanguage\":\"en-US\",\"potentialAction\":[{\"@type\":\"ReadAction\",\"target\":[\"https:\/\/www.smedemokrati.sk\/vlada-dava-miliony-nedisciplinovanym-zatial-co-onkologickym-pacientom-a-diabetikom-ustedrila-ranu-pod-pas\/\"]}]},{\"@type\":\"ImageObject\",\"inLanguage\":\"en-US\",\"@id\":\"https:\/\/www.smedemokrati.sk\/vlada-dava-miliony-nedisciplinovanym-zatial-co-onkologickym-pacientom-a-diabetikom-ustedrila-ranu-pod-pas\/#primaryimage\",\"url\":\"https:\/\/www.smedemokrati.sk\/wp-content\/uploads\/2025\/04\/pacienti-doplacaju.jpg\",\"contentUrl\":\"https:\/\/www.smedemokrati.sk\/wp-content\/uploads\/2025\/04\/pacienti-doplacaju.jpg\",\"width\":887,\"height\":471},{\"@type\":\"BreadcrumbList\",\"@id\":\"https:\/\/www.smedemokrati.sk\/vlada-dava-miliony-nedisciplinovanym-zatial-co-onkologickym-pacientom-a-diabetikom-ustedrila-ranu-pod-pas\/#breadcrumb\",\"itemListElement\":[{\"@type\":\"ListItem\",\"position\":1,\"name\":\"Domovsk\u00e1 str\u00e1nka\",\"item\":\"https:\/\/www.smedemokrati.sk\/\"},{\"@type\":\"ListItem\",\"position\":2,\"name\":\"Vl\u00e1da d\u00e1va mili\u00f3ny nedisciplinovan\u00fdm, zatia\u013e \u010do onkologick\u00fdm pacientom a diabetikom u\u0161tedrila ranu pod p\u00e1s\"}]},{\"@type\":\"WebSite\",\"@id\":\"https:\/\/www.smedemokrati.sk\/#website\",\"url\":\"https:\/\/www.smedemokrati.sk\/\",\"name\":\"Smedemokrati.sk\",\"description\":\"Demokracia a slu\u0161nos\u0165 zv\u00ed\u0165az\u00ed\",\"publisher\":{\"@id\":\"https:\/\/www.smedemokrati.sk\/#organization\"},\"potentialAction\":[{\"@type\":\"SearchAction\",\"target\":{\"@type\":\"EntryPoint\",\"urlTemplate\":\"https:\/\/www.smedemokrati.sk\/?s={search_term_string}\"},\"query-input\":{\"@type\":\"PropertyValueSpecification\",\"valueRequired\":true,\"valueName\":\"search_term_string\"}}],\"inLanguage\":\"en-US\"},{\"@type\":\"Organization\",\"@id\":\"https:\/\/www.smedemokrati.sk\/#organization\",\"name\":\"Smedemokrati.sk\",\"url\":\"https:\/\/www.smedemokrati.sk\/\",\"logo\":{\"@type\":\"ImageObject\",\"inLanguage\":\"en-US\",\"@id\":\"https:\/\/www.smedemokrati.sk\/#\/schema\/logo\/image\/\",\"url\":\"https:\/\/www.smedemokrati.sk\/wp-content\/uploads\/2023\/04\/ff.002.jpeg\",\"contentUrl\":\"https:\/\/www.smedemokrati.sk\/wp-content\/uploads\/2023\/04\/ff.002.jpeg\",\"width\":640,\"height\":480,\"caption\":\"Smedemokrati.sk\"},\"image\":{\"@id\":\"https:\/\/www.smedemokrati.sk\/#\/schema\/logo\/image\/\"},\"sameAs\":[\"https:\/\/www.facebook.com\/smedemokrati2023\"]},{\"@type\":\"Person\",\"@id\":\"https:\/\/www.smedemokrati.sk\/#\/schema\/person\/21f147c88d605aa7ded900e1e7c344ba\",\"name\":\"miro.sopko\",\"image\":{\"@type\":\"ImageObject\",\"inLanguage\":\"en-US\",\"@id\":\"https:\/\/secure.gravatar.com\/avatar\/267e4a36f704376c109afe3a78740c1f5dd8675a2180a908699e7863c9247606?s=96&d=mm&r=g\",\"url\":\"https:\/\/secure.gravatar.com\/avatar\/267e4a36f704376c109afe3a78740c1f5dd8675a2180a908699e7863c9247606?s=96&d=mm&r=g\",\"contentUrl\":\"https:\/\/secure.gravatar.com\/avatar\/267e4a36f704376c109afe3a78740c1f5dd8675a2180a908699e7863c9247606?s=96&d=mm&r=g\",\"caption\":\"miro.sopko\"},\"url\":\"https:\/\/www.smedemokrati.sk\/en\/author\/miro-sopko\/\"}]}<\/script>\n<!-- \/ Yoast SEO plugin. -->","yoast_head_json":{"title":"Vl\u00e1da d\u00e1va mili\u00f3ny nedisciplinovan\u00fdm, zatia\u013e \u010do onkologick\u00fdm pacientom a diabetikom u\u0161tedrila ranu pod p\u00e1s","robots":{"index":"index","follow":"follow","max-snippet":"max-snippet:-1","max-image-preview":"max-image-preview:large","max-video-preview":"max-video-preview:-1"},"canonical":"https:\/\/www.smedemokrati.sk\/en\/vlada-dava-miliony-nedisciplinovanym-zatial-co-onkologickym-pacientom-a-diabetikom-ustedrila-ranu-pod-pas\/","og_locale":"en_US","og_type":"article","og_title":"[:sk]Vl\u00e1da d\u00e1va mili\u00f3ny nedisciplinovan\u00fdm, zatia\u013e \u010do onkologick\u00fdm pacientom a diabetikom u\u0161tedrila ranu pod p\u00e1s[:] - Smedemokrati.sk","og_description":"Strana Demokrati upozor\u0148uje, \u017ee Ministerstvo zdravotn\u00edctva a kategoriza\u010dn\u00e1 komisia od 1. apr\u00edla vyradili z \u00fahrady d\u00f4le\u017eit\u00e9 lieky na rakovinu. Znamen\u00e1 to, \u017ee si ich pacienti bud\u00fa musie\u0165 hradi\u0165 v plnom rozsahu. Pozit\u00edvna zmena mala nasta\u0165 v pr\u00edpade pom\u00f4cok pre diabetikov, ktor\u00fdm bolo s\u013e\u00faben\u00e9, \u017ee tzv. gluk\u00f3zov\u00e9 senzory bud\u00fa plne hraden\u00e9. Op\u00e4\u0165 v\u0161ak ostalo len pri [&hellip;]","og_url":"https:\/\/www.smedemokrati.sk\/en\/vlada-dava-miliony-nedisciplinovanym-zatial-co-onkologickym-pacientom-a-diabetikom-ustedrila-ranu-pod-pas\/","og_site_name":"Smedemokrati.sk","article_publisher":"https:\/\/www.facebook.com\/smedemokrati2023","article_published_time":"2025-04-16T11:47:46+00:00","article_modified_time":"2025-04-16T11:48:53+00:00","og_image":[{"width":887,"height":471,"url":"https:\/\/www.smedemokrati.sk\/wp-content\/uploads\/2025\/04\/pacienti-doplacaju.jpg","type":"image\/jpeg"}],"author":"miro.sopko","twitter_card":"summary_large_image","twitter_misc":{"Written by":"miro.sopko","Est. reading time":"2 minutes"},"schema":{"@context":"https:\/\/schema.org","@graph":[{"@type":"Article","@id":"https:\/\/www.smedemokrati.sk\/vlada-dava-miliony-nedisciplinovanym-zatial-co-onkologickym-pacientom-a-diabetikom-ustedrila-ranu-pod-pas\/#article","isPartOf":{"@id":"https:\/\/www.smedemokrati.sk\/vlada-dava-miliony-nedisciplinovanym-zatial-co-onkologickym-pacientom-a-diabetikom-ustedrila-ranu-pod-pas\/"},"author":{"name":"miro.sopko","@id":"https:\/\/www.smedemokrati.sk\/#\/schema\/person\/21f147c88d605aa7ded900e1e7c344ba"},"headline":"Vl\u00e1da d\u00e1va mili\u00f3ny nedisciplinovan\u00fdm, zatia\u013e \u010do onkologick\u00fdm pacientom a diabetikom u\u0161tedrila ranu pod p\u00e1s","datePublished":"2025-04-16T11:47:46+00:00","dateModified":"2025-04-16T11:48:53+00:00","mainEntityOfPage":{"@id":"https:\/\/www.smedemokrati.sk\/vlada-dava-miliony-nedisciplinovanym-zatial-co-onkologickym-pacientom-a-diabetikom-ustedrila-ranu-pod-pas\/"},"wordCount":438,"publisher":{"@id":"https:\/\/www.smedemokrati.sk\/#organization"},"image":{"@id":"https:\/\/www.smedemokrati.sk\/vlada-dava-miliony-nedisciplinovanym-zatial-co-onkologickym-pacientom-a-diabetikom-ustedrila-ranu-pod-pas\/#primaryimage"},"thumbnailUrl":"https:\/\/www.smedemokrati.sk\/wp-content\/uploads\/2025\/04\/pacienti-doplacaju.jpg","articleSection":["Tla\u010dov\u00e9 spr\u00e1vy"],"inLanguage":"en-US"},{"@type":"WebPage","@id":"https:\/\/www.smedemokrati.sk\/vlada-dava-miliony-nedisciplinovanym-zatial-co-onkologickym-pacientom-a-diabetikom-ustedrila-ranu-pod-pas\/","url":"https:\/\/www.smedemokrati.sk\/vlada-dava-miliony-nedisciplinovanym-zatial-co-onkologickym-pacientom-a-diabetikom-ustedrila-ranu-pod-pas\/","name":"Vl\u00e1da d\u00e1va mili\u00f3ny nedisciplinovan\u00fdm, zatia\u013e \u010do onkologick\u00fdm pacientom a diabetikom u\u0161tedrila ranu pod p\u00e1s","isPartOf":{"@id":"https:\/\/www.smedemokrati.sk\/#website"},"primaryImageOfPage":{"@id":"https:\/\/www.smedemokrati.sk\/vlada-dava-miliony-nedisciplinovanym-zatial-co-onkologickym-pacientom-a-diabetikom-ustedrila-ranu-pod-pas\/#primaryimage"},"image":{"@id":"https:\/\/www.smedemokrati.sk\/vlada-dava-miliony-nedisciplinovanym-zatial-co-onkologickym-pacientom-a-diabetikom-ustedrila-ranu-pod-pas\/#primaryimage"},"thumbnailUrl":"https:\/\/www.smedemokrati.sk\/wp-content\/uploads\/2025\/04\/pacienti-doplacaju.jpg","datePublished":"2025-04-16T11:47:46+00:00","dateModified":"2025-04-16T11:48:53+00:00","breadcrumb":{"@id":"https:\/\/www.smedemokrati.sk\/vlada-dava-miliony-nedisciplinovanym-zatial-co-onkologickym-pacientom-a-diabetikom-ustedrila-ranu-pod-pas\/#breadcrumb"},"inLanguage":"en-US","potentialAction":[{"@type":"ReadAction","target":["https:\/\/www.smedemokrati.sk\/vlada-dava-miliony-nedisciplinovanym-zatial-co-onkologickym-pacientom-a-diabetikom-ustedrila-ranu-pod-pas\/"]}]},{"@type":"ImageObject","inLanguage":"en-US","@id":"https:\/\/www.smedemokrati.sk\/vlada-dava-miliony-nedisciplinovanym-zatial-co-onkologickym-pacientom-a-diabetikom-ustedrila-ranu-pod-pas\/#primaryimage","url":"https:\/\/www.smedemokrati.sk\/wp-content\/uploads\/2025\/04\/pacienti-doplacaju.jpg","contentUrl":"https:\/\/www.smedemokrati.sk\/wp-content\/uploads\/2025\/04\/pacienti-doplacaju.jpg","width":887,"height":471},{"@type":"BreadcrumbList","@id":"https:\/\/www.smedemokrati.sk\/vlada-dava-miliony-nedisciplinovanym-zatial-co-onkologickym-pacientom-a-diabetikom-ustedrila-ranu-pod-pas\/#breadcrumb","itemListElement":[{"@type":"ListItem","position":1,"name":"Domovsk\u00e1 str\u00e1nka","item":"https:\/\/www.smedemokrati.sk\/"},{"@type":"ListItem","position":2,"name":"Vl\u00e1da d\u00e1va mili\u00f3ny nedisciplinovan\u00fdm, zatia\u013e \u010do onkologick\u00fdm pacientom a diabetikom u\u0161tedrila ranu pod p\u00e1s"}]},{"@type":"WebSite","@id":"https:\/\/www.smedemokrati.sk\/#website","url":"https:\/\/www.smedemokrati.sk\/","name":"Smedemokrati.sk","description":"Demokracia a slu\u0161nos\u0165 zv\u00ed\u0165az\u00ed","publisher":{"@id":"https:\/\/www.smedemokrati.sk\/#organization"},"potentialAction":[{"@type":"SearchAction","target":{"@type":"EntryPoint","urlTemplate":"https:\/\/www.smedemokrati.sk\/?s={search_term_string}"},"query-input":{"@type":"PropertyValueSpecification","valueRequired":true,"valueName":"search_term_string"}}],"inLanguage":"en-US"},{"@type":"Organization","@id":"https:\/\/www.smedemokrati.sk\/#organization","name":"Smedemokrati.sk","url":"https:\/\/www.smedemokrati.sk\/","logo":{"@type":"ImageObject","inLanguage":"en-US","@id":"https:\/\/www.smedemokrati.sk\/#\/schema\/logo\/image\/","url":"https:\/\/www.smedemokrati.sk\/wp-content\/uploads\/2023\/04\/ff.002.jpeg","contentUrl":"https:\/\/www.smedemokrati.sk\/wp-content\/uploads\/2023\/04\/ff.002.jpeg","width":640,"height":480,"caption":"Smedemokrati.sk"},"image":{"@id":"https:\/\/www.smedemokrati.sk\/#\/schema\/logo\/image\/"},"sameAs":["https:\/\/www.facebook.com\/smedemokrati2023"]},{"@type":"Person","@id":"https:\/\/www.smedemokrati.sk\/#\/schema\/person\/21f147c88d605aa7ded900e1e7c344ba","name":"miro.sopko","image":{"@type":"ImageObject","inLanguage":"en-US","@id":"https:\/\/secure.gravatar.com\/avatar\/267e4a36f704376c109afe3a78740c1f5dd8675a2180a908699e7863c9247606?s=96&d=mm&r=g","url":"https:\/\/secure.gravatar.com\/avatar\/267e4a36f704376c109afe3a78740c1f5dd8675a2180a908699e7863c9247606?s=96&d=mm&r=g","contentUrl":"https:\/\/secure.gravatar.com\/avatar\/267e4a36f704376c109afe3a78740c1f5dd8675a2180a908699e7863c9247606?s=96&d=mm&r=g","caption":"miro.sopko"},"url":"https:\/\/www.smedemokrati.sk\/en\/author\/miro-sopko\/"}]}},"_links":{"self":[{"href":"https:\/\/www.smedemokrati.sk\/en\/wp-json\/wp\/v2\/posts\/6947","targetHints":{"allow":["GET"]}}],"collection":[{"href":"https:\/\/www.smedemokrati.sk\/en\/wp-json\/wp\/v2\/posts"}],"about":[{"href":"https:\/\/www.smedemokrati.sk\/en\/wp-json\/wp\/v2\/types\/post"}],"author":[{"embeddable":true,"href":"https:\/\/www.smedemokrati.sk\/en\/wp-json\/wp\/v2\/users\/13"}],"replies":[{"embeddable":true,"href":"https:\/\/www.smedemokrati.sk\/en\/wp-json\/wp\/v2\/comments?post=6947"}],"version-history":[{"count":2,"href":"https:\/\/www.smedemokrati.sk\/en\/wp-json\/wp\/v2\/posts\/6947\/revisions"}],"predecessor-version":[{"id":6950,"href":"https:\/\/www.smedemokrati.sk\/en\/wp-json\/wp\/v2\/posts\/6947\/revisions\/6950"}],"wp:featuredmedia":[{"embeddable":true,"href":"https:\/\/www.smedemokrati.sk\/en\/wp-json\/wp\/v2\/media\/6948"}],"wp:attachment":[{"href":"https:\/\/www.smedemokrati.sk\/en\/wp-json\/wp\/v2\/media?parent=6947"}],"wp:term":[{"taxonomy":"category","embeddable":true,"href":"https:\/\/www.smedemokrati.sk\/en\/wp-json\/wp\/v2\/categories?post=6947"},{"taxonomy":"post_tag","embeddable":true,"href":"https:\/\/www.smedemokrati.sk\/en\/wp-json\/wp\/v2\/tags?post=6947"}],"curies":[{"name":"wp","href":"https:\/\/api.w.org\/{rel}","templated":true}]}}