{"id":6874,"date":"2025-04-10T11:18:34","date_gmt":"2025-04-10T10:18:34","guid":{"rendered":"https:\/\/www.smedemokrati.sk\/?p=6874"},"modified":"2025-04-10T11:18:35","modified_gmt":"2025-04-10T10:18:35","slug":"tarabova-precerpavacka-moze-pripravit-63-000-obyvatelov-o-pitnu-vodu","status":"publish","type":"post","link":"https:\/\/www.smedemokrati.sk\/en\/tarabova-precerpavacka-moze-pripravit-63-000-obyvatelov-o-pitnu-vodu\/","title":{"rendered":"Tarabova pre\u010derp\u00e1va\u010dka m\u00f4\u017ee pripravi\u0165 63 000 obyvate\u013eov o pitn\u00fa vodu"},"content":{"rendered":"<div id=\"fb-root\"><\/div>\n\n<p><strong>Demokrati disponuj\u00fa ofici\u00e1lnym stanoviskom Stredoslovenskej vod\u00e1renskej prev\u00e1dzkovej spolo\u010dnosti, a.s., (SVPS) z ktor\u00e9ho vypl\u00fdva, \u017ee vybudovanie Pre\u010derp\u00e1vacej vodnej elektr\u00e1rne L\u00e1tky &#8211; M\u00e1linec (PVE) v parametroch pretl\u00e1\u010dan\u00fdch ministrom Tarabom ohroz\u00ed pr\u00edstup pribli\u017ene 63 000 obyvate\u013eov stredn\u00e9ho Slovenska k pitnej vode. Ako spodn\u00e1 n\u00e1dr\u017e bud\u00facej PVE m\u00e1 toti\u017e sl\u00fa\u017ei\u0165 s\u00fa\u010dasn\u00e1 Vod\u00e1rensk\u00e1 n\u00e1dr\u017e M\u00e1linec, \u010do by v\u0161ak pod\u013ea stanoviska SVPS mohlo vies\u0165 obmedzeniu alebo \u00fapln\u00e9mu zastaveniu dod\u00e1vok pitnej vody z tohto zdroja. Dokonca disponujeme inform\u00e1ciou, \u017ee zva\u017eovan\u00fdm m\u00f4\u017ee by\u0165 \u00fapln\u00e9 vyradenie M\u00e1linca ako vod\u00e1rensk\u00e9ho zdroja. Vyz\u00fdvame ministra Tarabu, aby nehazardoval so z\u00e1kladnou potrebou obyvate\u013eov, pr\u00edstupom k pitnej vode a od realiz\u00e1cie PVE upustil. Demokrati od za\u010diatku upozor\u0148ovali, \u017ee Tarabov z\u00e1mer pre\u010derp\u00e1va\u010dky na L\u00e1tkach je nezlu\u010dite\u013en\u00fd s funkciou z\u00e1sobovania pitnou vodou z m\u00e1lineckej n\u00e1dr\u017ee.&nbsp;<\/strong><\/p>\n\n\n\n<p><em>\u201eNa\u0161e obavy potvrdzuje najnov\u0161ie aj ofici\u00e1lne stanovisko Stredoslovenskej vod\u00e1renskej prev\u00e1dzkovej spolo\u010dnosti z 28. marca, ktor\u00fdm disponujeme. Prev\u00e1dzkovate\u013e vod\u00e1renskej n\u00e1dr\u017ee M\u00e1linec upozor\u0148uje na riziko v\u00edrenia dnov\u00fdch sedimentov, \u010do m\u00f4\u017ee vies\u0165 k zhor\u0161ovaniu kvality surovej vody, najm\u00e4 v ukazovate\u013eoch z\u00e1kal, farba, absorbancia, \u017eelezo a mang\u00e1n. V najhor\u0161om pr\u00edpade m\u00f4\u017ee by\u0165 \u00faprava a dod\u00e1vka vody do siete na nevyhnutn\u00fd \u010das obmedzen\u00e1, resp. zastaven\u00e1. Na mieste je aj obava z \u00faniku prev\u00e1dzkov\u00fdch kvapal\u00edn z \u010derpadlovej techniky, ako ropn\u00e9 l\u00e1tky, oleje \u010di maziv\u00e1, ktor\u00e9 m\u00f4\u017eu sp\u00f4sobi\u0165 v\u00e1\u017enu<\/em> <em>kontamin\u00e1ciu surovej vody,\u201d<\/em>\u00a0varuje Michal Ki\u010da, environment\u00e1lny expert Demokratov.<\/p>\n\n\n\n<p>E\u0161te z\u00e1va\u017enej\u0161ie s\u00fa inform\u00e1cie, ktor\u00e9 sa k n\u00e1m dostali z viacer\u00fdch zdrojov. Tie nasved\u010duj\u00fa tomu, \u017ee zva\u017eovan\u00fdm scen\u00e1rom m\u00f4\u017ee by\u0165 dokonca zmena \u00fa\u010delu vyu\u017eitia existuj\u00facej n\u00e1dr\u017ee v M\u00e1linci z vod\u00e1renskej na viac\u00fa\u010delov\u00fa. To by prakticky znamenalo, \u017ee ako zdroj pitnej vody by sa na\u010falej nemohla vyu\u017e\u00edva\u0165.\u00a0<em>\u201eKa\u017ed\u00fd s\u00fadny vodohospod\u00e1r uzn\u00e1va, \u017ee v \u010dase klimatickej kr\u00edzy m\u00e1 z\u00e1sobovanie obyvate\u013estva pitnou vodou najvy\u0161\u0161iu prioritu. Tarabove pl\u00e1ny v\u0161ak id\u00fa priamo proti z\u00e1ujmom 63 000 obyvate\u013eov okresov Lu\u010denec, Ve\u013ek\u00fd Krt\u00ed\u0161 a Polt\u00e1r, ktor\u00ed s\u00fa od Vod\u00e1renskej n\u00e1dr\u017ee M\u00e1linec z\u00e1visl\u00ed. P\u00e1n Taraba, napili by ste vody s pr\u00edmesou ropn\u00fdch l\u00e1tok? Asi nie. Pre\u010do ju potom chyst\u00e1te pre obyvate\u013eov stredn\u00e9ho Slovenska? Vyz\u00fdvame ministra Tarabu, aby namiesto to\u010denia infantiln\u00fdch vide\u00ed z Rak\u00faska na\u0161iel odvahu pr\u00eds\u0165 medzi \u013eud\u00ed v regi\u00f3ne a jasne im odpoveda\u0165 na z\u00e1kladn\u00e9 ot\u00e1zky: Skon\u010d\u00ed M\u00e1linec ako zdroj pitnej vody? Ohroz\u00ed ho v\u00fdstavba pre\u010derp\u00e1va\u010dky? Odkia\u013e a za ko\u013eko bud\u00fa ma\u0165 potom pitn\u00fa vodu a \u010di v\u00f4bec?\u201d<\/em>\u00a0vyz\u00fdva verejne ministra Tarabu Michal Ki\u010da.\u00a0<\/p>\n\n\n\n<p>Pod\u013ea Ki\u010du toto v\u0161etko Taraba neodbije form\u00e1lnou vysvet\u013eovacou web str\u00e1nkou a \u013e\u00fabiv\u00fdmi bro\u017e\u00farkami Vodohospod\u00e1rskej v\u00fdstavby, z ktor\u00fdch mo\u017eno nadobudn\u00fa\u0165 dojem, \u017ee z Podpo\u013eania sa stane druh\u00fd Dubaj. Mo\u017eno maxim\u00e1lne tak v pr\u00edtomnosti ropn\u00fdch l\u00e1tok vo vode. Taraba si na\u0161iel \u010das na v\u00fdlet k alpsk\u00fdm pre\u010derp\u00e1va\u010dkam, no u\u017e nieko\u013eko mesiacov tot\u00e1lne ignoruje obavy miestnych obyvate\u013eov. S oh\u013eadom na z\u00e1va\u017enos\u0165 inform\u00e1ci\u00ed a \u00fapln\u00e9 ml\u010danie rezortu poskytujeme z\u00edskan\u00e9 stanovisko predstavite\u013eom Banskobystrick\u00e9ho samospr\u00e1vneho kraja, dotknut\u00fdm mest\u00e1m a obciam, org\u00e1nom \u0161t\u00e1tnej spr\u00e1vy a z\u00e1stupcom miestnych obyvate\u013eov. Ministra Tom\u00e1\u0161a Tarabu don\u00fatime vysvetli\u0165 ich aj prostredn\u00edctvom p\u00edsomnej poslaneckej interpel\u00e1cie.<\/p>\n\n\n\n<figure class=\"wp-block-image size-large is-resized\"><img decoding=\"async\" width=\"720\" height=\"1024\" src=\"https:\/\/www.smedemokrati.sk\/wp-content\/uploads\/2025\/04\/IMG_3390-720x1024.jpeg\" alt=\"\" class=\"wp-image-6875\" style=\"width:840px;height:auto\" srcset=\"https:\/\/www.smedemokrati.sk\/wp-content\/uploads\/2025\/04\/IMG_3390-720x1024.jpeg 720w, https:\/\/www.smedemokrati.sk\/wp-content\/uploads\/2025\/04\/IMG_3390-211x300.jpeg 211w, https:\/\/www.smedemokrati.sk\/wp-content\/uploads\/2025\/04\/IMG_3390-768x1093.jpeg 768w, https:\/\/www.smedemokrati.sk\/wp-content\/uploads\/2025\/04\/IMG_3390-1080x1536.jpeg 1080w, https:\/\/www.smedemokrati.sk\/wp-content\/uploads\/2025\/04\/IMG_3390-1439x2048.jpeg 1439w, https:\/\/www.smedemokrati.sk\/wp-content\/uploads\/2025\/04\/IMG_3390.jpeg 1554w\" sizes=\"(max-width: 720px) 100vw, 720px\" \/><\/figure>\n\n\n\n<figure class=\"wp-block-image size-large\"><img decoding=\"async\" width=\"752\" height=\"1024\" src=\"https:\/\/www.smedemokrati.sk\/wp-content\/uploads\/2025\/04\/IMG_3391-752x1024.jpeg\" alt=\"\" class=\"wp-image-6876\" srcset=\"https:\/\/www.smedemokrati.sk\/wp-content\/uploads\/2025\/04\/IMG_3391-752x1024.jpeg 752w, https:\/\/www.smedemokrati.sk\/wp-content\/uploads\/2025\/04\/IMG_3391-220x300.jpeg 220w, https:\/\/www.smedemokrati.sk\/wp-content\/uploads\/2025\/04\/IMG_3391-768x1045.jpeg 768w, https:\/\/www.smedemokrati.sk\/wp-content\/uploads\/2025\/04\/IMG_3391-1128x1536.jpeg 1128w, https:\/\/www.smedemokrati.sk\/wp-content\/uploads\/2025\/04\/IMG_3391-1505x2048.jpeg 1505w, https:\/\/www.smedemokrati.sk\/wp-content\/uploads\/2025\/04\/IMG_3391.jpeg 1553w\" sizes=\"(max-width: 752px) 100vw, 752px\" \/><\/figure>\n\n\n<div class=\"fb-video\" data-href=\"https:\/\/fb.watch\/ySrB1ALiR8\" data-allowfullscreen=\"true\" data-autoplay=\"false\" data-width=\"\" data-show-text=\"false\" data-show-captions=\"true\"><\/div>\n\n\n<div class=\"fb-video\" data-href=\"https:\/\/www.facebook.com\/reel\/1211324019832277\" data-allowfullscreen=\"true\" data-autoplay=\"false\" data-width=\"\" data-show-text=\"false\" data-show-captions=\"true\"><\/div>\n","protected":false},"excerpt":{"rendered":"<p>Demokrati disponuj\u00fa ofici\u00e1lnym stanoviskom Stredoslovenskej vod\u00e1renskej prev\u00e1dzkovej spolo\u010dnosti, a.s., (SVPS) z ktor\u00e9ho vypl\u00fdva, \u017ee vybudovanie Pre\u010derp\u00e1vacej vodnej elektr\u00e1rne L\u00e1tky &#8211; M\u00e1linec (PVE) v parametroch pretl\u00e1\u010dan\u00fdch ministrom Tarabom ohroz\u00ed pr\u00edstup pribli\u017ene 63 000 obyvate\u013eov stredn\u00e9ho Slovenska k pitnej vode. Ako spodn\u00e1 n\u00e1dr\u017e bud\u00facej PVE m\u00e1 toti\u017e sl\u00fa\u017ei\u0165 s\u00fa\u010dasn\u00e1 Vod\u00e1rensk\u00e1 n\u00e1dr\u017e M\u00e1linec, \u010do by v\u0161ak pod\u013ea stanoviska [&hellip;]<\/p>\n","protected":false},"author":13,"featured_media":6314,"comment_status":"closed","ping_status":"closed","sticky":false,"template":"","format":"standard","meta":{"_acf_changed":false,"ngg_post_thumbnail":0,"footnotes":""},"categories":[4],"tags":[],"class_list":["post-6874","post","type-post","status-publish","format-standard","has-post-thumbnail","hentry","category-tlacove-spravy"],"acf":[],"yoast_head":"<!-- This site is optimized with the Yoast SEO plugin v27.2 - https:\/\/yoast.com\/product\/yoast-seo-wordpress\/ -->\n<title>Tarabova pre\u010derp\u00e1va\u010dka m\u00f4\u017ee pripravi\u0165 63 000 obyvate\u013eov o pitn\u00fa vodu<\/title>\n<meta name=\"robots\" content=\"index, follow, max-snippet:-1, max-image-preview:large, max-video-preview:-1\" \/>\n<link rel=\"canonical\" href=\"https:\/\/www.smedemokrati.sk\/en\/tarabova-precerpavacka-moze-pripravit-63-000-obyvatelov-o-pitnu-vodu\/\" \/>\n<meta property=\"og:locale\" content=\"en_US\" \/>\n<meta property=\"og:locale:alternate\" content=\"cs_CZ\" \/>\n<meta property=\"og:locale:alternate\" content=\"hu_HU\" \/>\n<meta property=\"og:locale:alternate\" content=\"sk_SK\" \/>\n<meta property=\"og:locale:alternate\" content=\"sv_SE\" \/>\n<meta property=\"og:type\" content=\"article\" \/>\n<meta property=\"og:title\" content=\"Tarabova pre\u010derp\u00e1va\u010dka m\u00f4\u017ee pripravi\u0165 63 000 obyvate\u013eov o pitn\u00fa vodu\" \/>\n<meta property=\"og:description\" content=\"Demokrati disponuj\u00fa ofici\u00e1lnym stanoviskom Stredoslovenskej vod\u00e1renskej prev\u00e1dzkovej spolo\u010dnosti, a.s., (SVPS) z ktor\u00e9ho vypl\u00fdva, \u017ee vybudovanie Pre\u010derp\u00e1vacej vodnej elektr\u00e1rne L\u00e1tky &#8211; M\u00e1linec (PVE) v parametroch pretl\u00e1\u010dan\u00fdch ministrom Tarabom ohroz\u00ed pr\u00edstup pribli\u017ene 63 000 obyvate\u013eov stredn\u00e9ho Slovenska k pitnej vode. Ako spodn\u00e1 n\u00e1dr\u017e bud\u00facej PVE m\u00e1 toti\u017e sl\u00fa\u017ei\u0165 s\u00fa\u010dasn\u00e1 Vod\u00e1rensk\u00e1 n\u00e1dr\u017e M\u00e1linec, \u010do by v\u0161ak pod\u013ea stanoviska [&hellip;]\" \/>\n<meta property=\"og:url\" content=\"https:\/\/www.smedemokrati.sk\/en\/tarabova-precerpavacka-moze-pripravit-63-000-obyvatelov-o-pitnu-vodu\/\" \/>\n<meta property=\"og:site_name\" content=\"Smedemokrati.sk\" \/>\n<meta property=\"article:publisher\" content=\"https:\/\/www.facebook.com\/smedemokrati2023\" \/>\n<meta property=\"article:published_time\" content=\"2025-04-10T10:18:34+00:00\" \/>\n<meta property=\"article:modified_time\" content=\"2025-04-10T10:18:35+00:00\" \/>\n<meta property=\"og:image\" content=\"https:\/\/www.smedemokrati.sk\/wp-content\/uploads\/2025\/02\/taraba-podpolanie.jpeg\" \/>\n\t<meta property=\"og:image:width\" content=\"819\" \/>\n\t<meta property=\"og:image:height\" content=\"427\" \/>\n\t<meta property=\"og:image:type\" content=\"image\/jpeg\" \/>\n<meta name=\"author\" content=\"miro.sopko\" \/>\n<meta name=\"twitter:card\" content=\"summary_large_image\" \/>\n<meta name=\"twitter:label1\" content=\"Written by\" \/>\n\t<meta name=\"twitter:data1\" content=\"miro.sopko\" \/>\n\t<meta name=\"twitter:label2\" content=\"Est. reading time\" \/>\n\t<meta name=\"twitter:data2\" content=\"4 minutes\" \/>\n<script type=\"application\/ld+json\" class=\"yoast-schema-graph\">{\"@context\":\"https:\/\/schema.org\",\"@graph\":[{\"@type\":\"Article\",\"@id\":\"https:\/\/www.smedemokrati.sk\/tarabova-precerpavacka-moze-pripravit-63-000-obyvatelov-o-pitnu-vodu\/#article\",\"isPartOf\":{\"@id\":\"https:\/\/www.smedemokrati.sk\/tarabova-precerpavacka-moze-pripravit-63-000-obyvatelov-o-pitnu-vodu\/\"},\"author\":{\"name\":\"miro.sopko\",\"@id\":\"https:\/\/www.smedemokrati.sk\/#\/schema\/person\/21f147c88d605aa7ded900e1e7c344ba\"},\"headline\":\"Tarabova pre\u010derp\u00e1va\u010dka m\u00f4\u017ee pripravi\u0165 63 000 obyvate\u013eov o pitn\u00fa vodu\",\"datePublished\":\"2025-04-10T10:18:34+00:00\",\"dateModified\":\"2025-04-10T10:18:35+00:00\",\"mainEntityOfPage\":{\"@id\":\"https:\/\/www.smedemokrati.sk\/tarabova-precerpavacka-moze-pripravit-63-000-obyvatelov-o-pitnu-vodu\/\"},\"wordCount\":691,\"publisher\":{\"@id\":\"https:\/\/www.smedemokrati.sk\/#organization\"},\"image\":{\"@id\":\"https:\/\/www.smedemokrati.sk\/tarabova-precerpavacka-moze-pripravit-63-000-obyvatelov-o-pitnu-vodu\/#primaryimage\"},\"thumbnailUrl\":\"https:\/\/www.smedemokrati.sk\/wp-content\/uploads\/2025\/02\/taraba-podpolanie.jpeg\",\"articleSection\":[\"Tla\u010dov\u00e9 spr\u00e1vy\"],\"inLanguage\":\"en-US\"},{\"@type\":\"WebPage\",\"@id\":\"https:\/\/www.smedemokrati.sk\/tarabova-precerpavacka-moze-pripravit-63-000-obyvatelov-o-pitnu-vodu\/\",\"url\":\"https:\/\/www.smedemokrati.sk\/tarabova-precerpavacka-moze-pripravit-63-000-obyvatelov-o-pitnu-vodu\/\",\"name\":\"Tarabova pre\u010derp\u00e1va\u010dka m\u00f4\u017ee pripravi\u0165 63 000 obyvate\u013eov o pitn\u00fa vodu\",\"isPartOf\":{\"@id\":\"https:\/\/www.smedemokrati.sk\/#website\"},\"primaryImageOfPage\":{\"@id\":\"https:\/\/www.smedemokrati.sk\/tarabova-precerpavacka-moze-pripravit-63-000-obyvatelov-o-pitnu-vodu\/#primaryimage\"},\"image\":{\"@id\":\"https:\/\/www.smedemokrati.sk\/tarabova-precerpavacka-moze-pripravit-63-000-obyvatelov-o-pitnu-vodu\/#primaryimage\"},\"thumbnailUrl\":\"https:\/\/www.smedemokrati.sk\/wp-content\/uploads\/2025\/02\/taraba-podpolanie.jpeg\",\"datePublished\":\"2025-04-10T10:18:34+00:00\",\"dateModified\":\"2025-04-10T10:18:35+00:00\",\"breadcrumb\":{\"@id\":\"https:\/\/www.smedemokrati.sk\/tarabova-precerpavacka-moze-pripravit-63-000-obyvatelov-o-pitnu-vodu\/#breadcrumb\"},\"inLanguage\":\"en-US\",\"potentialAction\":[{\"@type\":\"ReadAction\",\"target\":[\"https:\/\/www.smedemokrati.sk\/tarabova-precerpavacka-moze-pripravit-63-000-obyvatelov-o-pitnu-vodu\/\"]}]},{\"@type\":\"ImageObject\",\"inLanguage\":\"en-US\",\"@id\":\"https:\/\/www.smedemokrati.sk\/tarabova-precerpavacka-moze-pripravit-63-000-obyvatelov-o-pitnu-vodu\/#primaryimage\",\"url\":\"https:\/\/www.smedemokrati.sk\/wp-content\/uploads\/2025\/02\/taraba-podpolanie.jpeg\",\"contentUrl\":\"https:\/\/www.smedemokrati.sk\/wp-content\/uploads\/2025\/02\/taraba-podpolanie.jpeg\",\"width\":819,\"height\":427},{\"@type\":\"BreadcrumbList\",\"@id\":\"https:\/\/www.smedemokrati.sk\/tarabova-precerpavacka-moze-pripravit-63-000-obyvatelov-o-pitnu-vodu\/#breadcrumb\",\"itemListElement\":[{\"@type\":\"ListItem\",\"position\":1,\"name\":\"Domovsk\u00e1 str\u00e1nka\",\"item\":\"https:\/\/www.smedemokrati.sk\/\"},{\"@type\":\"ListItem\",\"position\":2,\"name\":\"Tarabova pre\u010derp\u00e1va\u010dka m\u00f4\u017ee pripravi\u0165 63 000 obyvate\u013eov o pitn\u00fa vodu\"}]},{\"@type\":\"WebSite\",\"@id\":\"https:\/\/www.smedemokrati.sk\/#website\",\"url\":\"https:\/\/www.smedemokrati.sk\/\",\"name\":\"Smedemokrati.sk\",\"description\":\"Demokracia a slu\u0161nos\u0165 zv\u00ed\u0165az\u00ed\",\"publisher\":{\"@id\":\"https:\/\/www.smedemokrati.sk\/#organization\"},\"potentialAction\":[{\"@type\":\"SearchAction\",\"target\":{\"@type\":\"EntryPoint\",\"urlTemplate\":\"https:\/\/www.smedemokrati.sk\/?s={search_term_string}\"},\"query-input\":{\"@type\":\"PropertyValueSpecification\",\"valueRequired\":true,\"valueName\":\"search_term_string\"}}],\"inLanguage\":\"en-US\"},{\"@type\":\"Organization\",\"@id\":\"https:\/\/www.smedemokrati.sk\/#organization\",\"name\":\"Smedemokrati.sk\",\"url\":\"https:\/\/www.smedemokrati.sk\/\",\"logo\":{\"@type\":\"ImageObject\",\"inLanguage\":\"en-US\",\"@id\":\"https:\/\/www.smedemokrati.sk\/#\/schema\/logo\/image\/\",\"url\":\"https:\/\/www.smedemokrati.sk\/wp-content\/uploads\/2023\/04\/ff.002.jpeg\",\"contentUrl\":\"https:\/\/www.smedemokrati.sk\/wp-content\/uploads\/2023\/04\/ff.002.jpeg\",\"width\":640,\"height\":480,\"caption\":\"Smedemokrati.sk\"},\"image\":{\"@id\":\"https:\/\/www.smedemokrati.sk\/#\/schema\/logo\/image\/\"},\"sameAs\":[\"https:\/\/www.facebook.com\/smedemokrati2023\"]},{\"@type\":\"Person\",\"@id\":\"https:\/\/www.smedemokrati.sk\/#\/schema\/person\/21f147c88d605aa7ded900e1e7c344ba\",\"name\":\"miro.sopko\",\"image\":{\"@type\":\"ImageObject\",\"inLanguage\":\"en-US\",\"@id\":\"https:\/\/secure.gravatar.com\/avatar\/267e4a36f704376c109afe3a78740c1f5dd8675a2180a908699e7863c9247606?s=96&d=mm&r=g\",\"url\":\"https:\/\/secure.gravatar.com\/avatar\/267e4a36f704376c109afe3a78740c1f5dd8675a2180a908699e7863c9247606?s=96&d=mm&r=g\",\"contentUrl\":\"https:\/\/secure.gravatar.com\/avatar\/267e4a36f704376c109afe3a78740c1f5dd8675a2180a908699e7863c9247606?s=96&d=mm&r=g\",\"caption\":\"miro.sopko\"},\"url\":\"https:\/\/www.smedemokrati.sk\/en\/author\/miro-sopko\/\"}]}<\/script>\n<!-- \/ Yoast SEO plugin. -->","yoast_head_json":{"title":"Tarabova pre\u010derp\u00e1va\u010dka m\u00f4\u017ee pripravi\u0165 63 000 obyvate\u013eov o pitn\u00fa vodu","robots":{"index":"index","follow":"follow","max-snippet":"max-snippet:-1","max-image-preview":"max-image-preview:large","max-video-preview":"max-video-preview:-1"},"canonical":"https:\/\/www.smedemokrati.sk\/en\/tarabova-precerpavacka-moze-pripravit-63-000-obyvatelov-o-pitnu-vodu\/","og_locale":"en_US","og_type":"article","og_title":"[:sk]Tarabova pre\u010derp\u00e1va\u010dka m\u00f4\u017ee pripravi\u0165 63 000 obyvate\u013eov o pitn\u00fa vodu[:] - Smedemokrati.sk","og_description":"Demokrati disponuj\u00fa ofici\u00e1lnym stanoviskom Stredoslovenskej vod\u00e1renskej prev\u00e1dzkovej spolo\u010dnosti, a.s., (SVPS) z ktor\u00e9ho vypl\u00fdva, \u017ee vybudovanie Pre\u010derp\u00e1vacej vodnej elektr\u00e1rne L\u00e1tky &#8211; M\u00e1linec (PVE) v parametroch pretl\u00e1\u010dan\u00fdch ministrom Tarabom ohroz\u00ed pr\u00edstup pribli\u017ene 63 000 obyvate\u013eov stredn\u00e9ho Slovenska k pitnej vode. Ako spodn\u00e1 n\u00e1dr\u017e bud\u00facej PVE m\u00e1 toti\u017e sl\u00fa\u017ei\u0165 s\u00fa\u010dasn\u00e1 Vod\u00e1rensk\u00e1 n\u00e1dr\u017e M\u00e1linec, \u010do by v\u0161ak pod\u013ea stanoviska [&hellip;]","og_url":"https:\/\/www.smedemokrati.sk\/en\/tarabova-precerpavacka-moze-pripravit-63-000-obyvatelov-o-pitnu-vodu\/","og_site_name":"Smedemokrati.sk","article_publisher":"https:\/\/www.facebook.com\/smedemokrati2023","article_published_time":"2025-04-10T10:18:34+00:00","article_modified_time":"2025-04-10T10:18:35+00:00","og_image":[{"width":819,"height":427,"url":"https:\/\/www.smedemokrati.sk\/wp-content\/uploads\/2025\/02\/taraba-podpolanie.jpeg","type":"image\/jpeg"}],"author":"miro.sopko","twitter_card":"summary_large_image","twitter_misc":{"Written by":"miro.sopko","Est. reading time":"4 minutes"},"schema":{"@context":"https:\/\/schema.org","@graph":[{"@type":"Article","@id":"https:\/\/www.smedemokrati.sk\/tarabova-precerpavacka-moze-pripravit-63-000-obyvatelov-o-pitnu-vodu\/#article","isPartOf":{"@id":"https:\/\/www.smedemokrati.sk\/tarabova-precerpavacka-moze-pripravit-63-000-obyvatelov-o-pitnu-vodu\/"},"author":{"name":"miro.sopko","@id":"https:\/\/www.smedemokrati.sk\/#\/schema\/person\/21f147c88d605aa7ded900e1e7c344ba"},"headline":"Tarabova pre\u010derp\u00e1va\u010dka m\u00f4\u017ee pripravi\u0165 63 000 obyvate\u013eov o pitn\u00fa vodu","datePublished":"2025-04-10T10:18:34+00:00","dateModified":"2025-04-10T10:18:35+00:00","mainEntityOfPage":{"@id":"https:\/\/www.smedemokrati.sk\/tarabova-precerpavacka-moze-pripravit-63-000-obyvatelov-o-pitnu-vodu\/"},"wordCount":691,"publisher":{"@id":"https:\/\/www.smedemokrati.sk\/#organization"},"image":{"@id":"https:\/\/www.smedemokrati.sk\/tarabova-precerpavacka-moze-pripravit-63-000-obyvatelov-o-pitnu-vodu\/#primaryimage"},"thumbnailUrl":"https:\/\/www.smedemokrati.sk\/wp-content\/uploads\/2025\/02\/taraba-podpolanie.jpeg","articleSection":["Tla\u010dov\u00e9 spr\u00e1vy"],"inLanguage":"en-US"},{"@type":"WebPage","@id":"https:\/\/www.smedemokrati.sk\/tarabova-precerpavacka-moze-pripravit-63-000-obyvatelov-o-pitnu-vodu\/","url":"https:\/\/www.smedemokrati.sk\/tarabova-precerpavacka-moze-pripravit-63-000-obyvatelov-o-pitnu-vodu\/","name":"Tarabova pre\u010derp\u00e1va\u010dka m\u00f4\u017ee pripravi\u0165 63 000 obyvate\u013eov o pitn\u00fa vodu","isPartOf":{"@id":"https:\/\/www.smedemokrati.sk\/#website"},"primaryImageOfPage":{"@id":"https:\/\/www.smedemokrati.sk\/tarabova-precerpavacka-moze-pripravit-63-000-obyvatelov-o-pitnu-vodu\/#primaryimage"},"image":{"@id":"https:\/\/www.smedemokrati.sk\/tarabova-precerpavacka-moze-pripravit-63-000-obyvatelov-o-pitnu-vodu\/#primaryimage"},"thumbnailUrl":"https:\/\/www.smedemokrati.sk\/wp-content\/uploads\/2025\/02\/taraba-podpolanie.jpeg","datePublished":"2025-04-10T10:18:34+00:00","dateModified":"2025-04-10T10:18:35+00:00","breadcrumb":{"@id":"https:\/\/www.smedemokrati.sk\/tarabova-precerpavacka-moze-pripravit-63-000-obyvatelov-o-pitnu-vodu\/#breadcrumb"},"inLanguage":"en-US","potentialAction":[{"@type":"ReadAction","target":["https:\/\/www.smedemokrati.sk\/tarabova-precerpavacka-moze-pripravit-63-000-obyvatelov-o-pitnu-vodu\/"]}]},{"@type":"ImageObject","inLanguage":"en-US","@id":"https:\/\/www.smedemokrati.sk\/tarabova-precerpavacka-moze-pripravit-63-000-obyvatelov-o-pitnu-vodu\/#primaryimage","url":"https:\/\/www.smedemokrati.sk\/wp-content\/uploads\/2025\/02\/taraba-podpolanie.jpeg","contentUrl":"https:\/\/www.smedemokrati.sk\/wp-content\/uploads\/2025\/02\/taraba-podpolanie.jpeg","width":819,"height":427},{"@type":"BreadcrumbList","@id":"https:\/\/www.smedemokrati.sk\/tarabova-precerpavacka-moze-pripravit-63-000-obyvatelov-o-pitnu-vodu\/#breadcrumb","itemListElement":[{"@type":"ListItem","position":1,"name":"Domovsk\u00e1 str\u00e1nka","item":"https:\/\/www.smedemokrati.sk\/"},{"@type":"ListItem","position":2,"name":"Tarabova pre\u010derp\u00e1va\u010dka m\u00f4\u017ee pripravi\u0165 63 000 obyvate\u013eov o pitn\u00fa vodu"}]},{"@type":"WebSite","@id":"https:\/\/www.smedemokrati.sk\/#website","url":"https:\/\/www.smedemokrati.sk\/","name":"Smedemokrati.sk","description":"Demokracia a slu\u0161nos\u0165 zv\u00ed\u0165az\u00ed","publisher":{"@id":"https:\/\/www.smedemokrati.sk\/#organization"},"potentialAction":[{"@type":"SearchAction","target":{"@type":"EntryPoint","urlTemplate":"https:\/\/www.smedemokrati.sk\/?s={search_term_string}"},"query-input":{"@type":"PropertyValueSpecification","valueRequired":true,"valueName":"search_term_string"}}],"inLanguage":"en-US"},{"@type":"Organization","@id":"https:\/\/www.smedemokrati.sk\/#organization","name":"Smedemokrati.sk","url":"https:\/\/www.smedemokrati.sk\/","logo":{"@type":"ImageObject","inLanguage":"en-US","@id":"https:\/\/www.smedemokrati.sk\/#\/schema\/logo\/image\/","url":"https:\/\/www.smedemokrati.sk\/wp-content\/uploads\/2023\/04\/ff.002.jpeg","contentUrl":"https:\/\/www.smedemokrati.sk\/wp-content\/uploads\/2023\/04\/ff.002.jpeg","width":640,"height":480,"caption":"Smedemokrati.sk"},"image":{"@id":"https:\/\/www.smedemokrati.sk\/#\/schema\/logo\/image\/"},"sameAs":["https:\/\/www.facebook.com\/smedemokrati2023"]},{"@type":"Person","@id":"https:\/\/www.smedemokrati.sk\/#\/schema\/person\/21f147c88d605aa7ded900e1e7c344ba","name":"miro.sopko","image":{"@type":"ImageObject","inLanguage":"en-US","@id":"https:\/\/secure.gravatar.com\/avatar\/267e4a36f704376c109afe3a78740c1f5dd8675a2180a908699e7863c9247606?s=96&d=mm&r=g","url":"https:\/\/secure.gravatar.com\/avatar\/267e4a36f704376c109afe3a78740c1f5dd8675a2180a908699e7863c9247606?s=96&d=mm&r=g","contentUrl":"https:\/\/secure.gravatar.com\/avatar\/267e4a36f704376c109afe3a78740c1f5dd8675a2180a908699e7863c9247606?s=96&d=mm&r=g","caption":"miro.sopko"},"url":"https:\/\/www.smedemokrati.sk\/en\/author\/miro-sopko\/"}]}},"_links":{"self":[{"href":"https:\/\/www.smedemokrati.sk\/en\/wp-json\/wp\/v2\/posts\/6874","targetHints":{"allow":["GET"]}}],"collection":[{"href":"https:\/\/www.smedemokrati.sk\/en\/wp-json\/wp\/v2\/posts"}],"about":[{"href":"https:\/\/www.smedemokrati.sk\/en\/wp-json\/wp\/v2\/types\/post"}],"author":[{"embeddable":true,"href":"https:\/\/www.smedemokrati.sk\/en\/wp-json\/wp\/v2\/users\/13"}],"replies":[{"embeddable":true,"href":"https:\/\/www.smedemokrati.sk\/en\/wp-json\/wp\/v2\/comments?post=6874"}],"version-history":[{"count":1,"href":"https:\/\/www.smedemokrati.sk\/en\/wp-json\/wp\/v2\/posts\/6874\/revisions"}],"predecessor-version":[{"id":6877,"href":"https:\/\/www.smedemokrati.sk\/en\/wp-json\/wp\/v2\/posts\/6874\/revisions\/6877"}],"wp:featuredmedia":[{"embeddable":true,"href":"https:\/\/www.smedemokrati.sk\/en\/wp-json\/wp\/v2\/media\/6314"}],"wp:attachment":[{"href":"https:\/\/www.smedemokrati.sk\/en\/wp-json\/wp\/v2\/media?parent=6874"}],"wp:term":[{"taxonomy":"category","embeddable":true,"href":"https:\/\/www.smedemokrati.sk\/en\/wp-json\/wp\/v2\/categories?post=6874"},{"taxonomy":"post_tag","embeddable":true,"href":"https:\/\/www.smedemokrati.sk\/en\/wp-json\/wp\/v2\/tags?post=6874"}],"curies":[{"name":"wp","href":"https:\/\/api.w.org\/{rel}","templated":true}]}}