{"id":6864,"date":"2025-04-09T11:13:04","date_gmt":"2025-04-09T10:13:04","guid":{"rendered":"https:\/\/www.smedemokrati.sk\/?p=6864"},"modified":"2025-04-09T11:13:05","modified_gmt":"2025-04-09T10:13:05","slug":"natalia-blahova-odhalila-kauzu-cisty-den-v-demokratoch-sa-bude-venovat-socialnym-temam","status":"publish","type":"post","link":"https:\/\/www.smedemokrati.sk\/en\/natalia-blahova-odhalila-kauzu-cisty-den-v-demokratoch-sa-bude-venovat-socialnym-temam\/","title":{"rendered":"Nat\u00e1lia Blahov\u00e1 odhalila kauzu \u010cist\u00fd de\u0148, v Demokratoch sa bude venova\u0165 soci\u00e1lnym t\u00e9mam"},"content":{"rendered":"<div id=\"fb-root\"><\/div>\n\n<p><strong>Demokrati predstavili nov\u00fa posilu, b\u00fdval\u00e1 poslanky\u0148a a dlhodob\u00e1 ob\u010dianska aktivistka Nat\u00e1lia Blahov\u00e1 sa bude venova\u0165 soci\u00e1lnej oblasti, \u013eudsk\u00fdm pr\u00e1vam a ob\u010dianskej spolo\u010dnosti.&nbsp;<\/strong><\/p>\n\n\n\n<p><em>\u201eNat\u00e1lia Blahov\u00e1 svojou pr\u00e1cou a odhalen\u00edm jednej z najz\u00e1va\u017enej\u0161\u00edch k\u00e1uz uk\u00e1zala svoju odbornos\u0165 a odvahu. Soci\u00e1lna oblas\u0165 to s\u00fa t\u00e9my, s ktor\u00fdmi sa denno-denne v\u0161etci stret\u00e1vame. Som r\u00e1d, \u017ee sa pr\u00e1ve Nat\u00e1lia, ktor\u00e1 sa roky profesijne venuje t\u00fdmto t\u00e9mam, roz\u0161\u00edri na\u0161e rady. Te\u0161\u00edm sa na spolupr\u00e1cu&#8221;,<\/em>\u00a0hovor\u00ed Jaroslav Na\u010f, predseda Demokratov.<\/p>\n\n\n\n<p><em>\u201eSlovensko je v ekonomickom a mor\u00e1lnom rozvrate. Dnes, viac ako kedyko\u013evek predt\u00fdm, na\u0161a krajina potrebuje ka\u017ed\u00e9ho jedn\u00e9ho, ktor\u00fd m\u00e1 chu\u0165 a silu postavi\u0165 sa na obranu spravodlivosti, demokracia a \u013eudskej d\u00f4stojnosti. Viem, \u017ee je to n\u00e1ro\u010dn\u00e1 cesta no nechcem osta\u0165 bokom. Naopak, chcem prispie\u0165 v oblasti v ktorej som doma. Demokrati od volieb kontinu\u00e1lne a vytrvalo pracuj\u00fa, prin\u00e1\u0161aj\u00fa t\u00e9my, odha\u013euj\u00fa z\u00e1va\u017en\u00e9 konanie s\u00fa\u010dasnej vl\u00e1dy, s\u00fa akt\u00edvni v regi\u00f3noch. To mi je bl\u00edzke a preto som sa rozhodla pre spolupr\u00e1cu pr\u00e1ve s nimi.&#8221;\u00a0<\/em>Hovor\u00ed Nat\u00e1lia Blahov\u00e1 a pribli\u017euje, \u017ee do strany Demokrati vstupuje aj ako \u010dlenka.\u00a0<\/p>\n\n\n<div class=\"fb-video\" data-href=\"https:\/\/fb.watch\/yRVU8U2cIS\" data-allowfullscreen=\"true\" data-autoplay=\"false\" data-width=\"\" data-show-text=\"false\" data-show-captions=\"true\"><\/div>\n","protected":false},"excerpt":{"rendered":"<p>Demokrati predstavili nov\u00fa posilu, b\u00fdval\u00e1 poslanky\u0148a a dlhodob\u00e1 ob\u010dianska aktivistka Nat\u00e1lia Blahov\u00e1 sa bude venova\u0165 soci\u00e1lnej oblasti, \u013eudsk\u00fdm pr\u00e1vam a ob\u010dianskej spolo\u010dnosti.&nbsp; \u201eNat\u00e1lia Blahov\u00e1 svojou pr\u00e1cou a odhalen\u00edm jednej z najz\u00e1va\u017enej\u0161\u00edch k\u00e1uz uk\u00e1zala svoju odbornos\u0165 a odvahu. Soci\u00e1lna oblas\u0165 to s\u00fa t\u00e9my, s ktor\u00fdmi sa denno-denne v\u0161etci stret\u00e1vame. Som r\u00e1d, \u017ee sa pr\u00e1ve Nat\u00e1lia, ktor\u00e1 [&hellip;]<\/p>\n","protected":false},"author":13,"featured_media":6865,"comment_status":"closed","ping_status":"closed","sticky":false,"template":"","format":"standard","meta":{"_acf_changed":false,"ngg_post_thumbnail":0,"footnotes":""},"categories":[4],"tags":[],"class_list":["post-6864","post","type-post","status-publish","format-standard","has-post-thumbnail","hentry","category-tlacove-spravy"],"acf":[],"yoast_head":"<!-- This site is optimized with the Yoast SEO plugin v27.2 - https:\/\/yoast.com\/product\/yoast-seo-wordpress\/ -->\n<title>Nat\u00e1lia Blahov\u00e1 odhalila kauzu \u010cist\u00fd de\u0148, v Demokratoch sa bude venova\u0165 soci\u00e1lnym t\u00e9mam<\/title>\n<meta name=\"robots\" content=\"index, follow, max-snippet:-1, max-image-preview:large, max-video-preview:-1\" \/>\n<link rel=\"canonical\" href=\"https:\/\/www.smedemokrati.sk\/en\/natalia-blahova-odhalila-kauzu-cisty-den-v-demokratoch-sa-bude-venovat-socialnym-temam\/\" \/>\n<meta property=\"og:locale\" content=\"en_US\" \/>\n<meta property=\"og:locale:alternate\" content=\"cs_CZ\" \/>\n<meta property=\"og:locale:alternate\" content=\"hu_HU\" \/>\n<meta property=\"og:locale:alternate\" content=\"sk_SK\" \/>\n<meta property=\"og:locale:alternate\" content=\"sv_SE\" \/>\n<meta property=\"og:type\" content=\"article\" \/>\n<meta property=\"og:title\" content=\"Nat\u00e1lia Blahov\u00e1 odhalila kauzu \u010cist\u00fd de\u0148, v Demokratoch sa bude venova\u0165 soci\u00e1lnym t\u00e9mam\" \/>\n<meta property=\"og:description\" content=\"Demokrati predstavili nov\u00fa posilu, b\u00fdval\u00e1 poslanky\u0148a a dlhodob\u00e1 ob\u010dianska aktivistka Nat\u00e1lia Blahov\u00e1 sa bude venova\u0165 soci\u00e1lnej oblasti, \u013eudsk\u00fdm pr\u00e1vam a ob\u010dianskej spolo\u010dnosti.&nbsp; \u201eNat\u00e1lia Blahov\u00e1 svojou pr\u00e1cou a odhalen\u00edm jednej z najz\u00e1va\u017enej\u0161\u00edch k\u00e1uz uk\u00e1zala svoju odbornos\u0165 a odvahu. Soci\u00e1lna oblas\u0165 to s\u00fa t\u00e9my, s ktor\u00fdmi sa denno-denne v\u0161etci stret\u00e1vame. Som r\u00e1d, \u017ee sa pr\u00e1ve Nat\u00e1lia, ktor\u00e1 [&hellip;]\" \/>\n<meta property=\"og:url\" content=\"https:\/\/www.smedemokrati.sk\/en\/natalia-blahova-odhalila-kauzu-cisty-den-v-demokratoch-sa-bude-venovat-socialnym-temam\/\" \/>\n<meta property=\"og:site_name\" content=\"Smedemokrati.sk\" \/>\n<meta property=\"article:publisher\" content=\"https:\/\/www.facebook.com\/smedemokrati2023\" \/>\n<meta property=\"article:published_time\" content=\"2025-04-09T10:13:04+00:00\" \/>\n<meta property=\"article:modified_time\" content=\"2025-04-09T10:13:05+00:00\" \/>\n<meta property=\"og:image\" content=\"https:\/\/www.smedemokrati.sk\/wp-content\/uploads\/2025\/04\/n_blahova.jpg\" \/>\n\t<meta property=\"og:image:width\" content=\"843\" \/>\n\t<meta property=\"og:image:height\" content=\"491\" \/>\n\t<meta property=\"og:image:type\" content=\"image\/jpeg\" \/>\n<meta name=\"author\" content=\"miro.sopko\" \/>\n<meta name=\"twitter:card\" content=\"summary_large_image\" \/>\n<meta name=\"twitter:label1\" content=\"Written by\" \/>\n\t<meta name=\"twitter:data1\" content=\"miro.sopko\" \/>\n\t<meta name=\"twitter:label2\" content=\"Est. reading time\" \/>\n\t<meta name=\"twitter:data2\" content=\"2 minutes\" \/>\n<script type=\"application\/ld+json\" class=\"yoast-schema-graph\">{\"@context\":\"https:\/\/schema.org\",\"@graph\":[{\"@type\":\"Article\",\"@id\":\"https:\/\/www.smedemokrati.sk\/natalia-blahova-odhalila-kauzu-cisty-den-v-demokratoch-sa-bude-venovat-socialnym-temam\/#article\",\"isPartOf\":{\"@id\":\"https:\/\/www.smedemokrati.sk\/natalia-blahova-odhalila-kauzu-cisty-den-v-demokratoch-sa-bude-venovat-socialnym-temam\/\"},\"author\":{\"name\":\"miro.sopko\",\"@id\":\"https:\/\/www.smedemokrati.sk\/#\/schema\/person\/21f147c88d605aa7ded900e1e7c344ba\"},\"headline\":\"Nat\u00e1lia Blahov\u00e1 odhalila kauzu \u010cist\u00fd de\u0148, v Demokratoch sa bude venova\u0165 soci\u00e1lnym t\u00e9mam\",\"datePublished\":\"2025-04-09T10:13:04+00:00\",\"dateModified\":\"2025-04-09T10:13:05+00:00\",\"mainEntityOfPage\":{\"@id\":\"https:\/\/www.smedemokrati.sk\/natalia-blahova-odhalila-kauzu-cisty-den-v-demokratoch-sa-bude-venovat-socialnym-temam\/\"},\"wordCount\":253,\"publisher\":{\"@id\":\"https:\/\/www.smedemokrati.sk\/#organization\"},\"image\":{\"@id\":\"https:\/\/www.smedemokrati.sk\/natalia-blahova-odhalila-kauzu-cisty-den-v-demokratoch-sa-bude-venovat-socialnym-temam\/#primaryimage\"},\"thumbnailUrl\":\"https:\/\/www.smedemokrati.sk\/wp-content\/uploads\/2025\/04\/n_blahova.jpg\",\"articleSection\":[\"Tla\u010dov\u00e9 spr\u00e1vy\"],\"inLanguage\":\"en-US\"},{\"@type\":\"WebPage\",\"@id\":\"https:\/\/www.smedemokrati.sk\/natalia-blahova-odhalila-kauzu-cisty-den-v-demokratoch-sa-bude-venovat-socialnym-temam\/\",\"url\":\"https:\/\/www.smedemokrati.sk\/natalia-blahova-odhalila-kauzu-cisty-den-v-demokratoch-sa-bude-venovat-socialnym-temam\/\",\"name\":\"Nat\u00e1lia Blahov\u00e1 odhalila kauzu \u010cist\u00fd de\u0148, v Demokratoch sa bude venova\u0165 soci\u00e1lnym t\u00e9mam\",\"isPartOf\":{\"@id\":\"https:\/\/www.smedemokrati.sk\/#website\"},\"primaryImageOfPage\":{\"@id\":\"https:\/\/www.smedemokrati.sk\/natalia-blahova-odhalila-kauzu-cisty-den-v-demokratoch-sa-bude-venovat-socialnym-temam\/#primaryimage\"},\"image\":{\"@id\":\"https:\/\/www.smedemokrati.sk\/natalia-blahova-odhalila-kauzu-cisty-den-v-demokratoch-sa-bude-venovat-socialnym-temam\/#primaryimage\"},\"thumbnailUrl\":\"https:\/\/www.smedemokrati.sk\/wp-content\/uploads\/2025\/04\/n_blahova.jpg\",\"datePublished\":\"2025-04-09T10:13:04+00:00\",\"dateModified\":\"2025-04-09T10:13:05+00:00\",\"breadcrumb\":{\"@id\":\"https:\/\/www.smedemokrati.sk\/natalia-blahova-odhalila-kauzu-cisty-den-v-demokratoch-sa-bude-venovat-socialnym-temam\/#breadcrumb\"},\"inLanguage\":\"en-US\",\"potentialAction\":[{\"@type\":\"ReadAction\",\"target\":[\"https:\/\/www.smedemokrati.sk\/natalia-blahova-odhalila-kauzu-cisty-den-v-demokratoch-sa-bude-venovat-socialnym-temam\/\"]}]},{\"@type\":\"ImageObject\",\"inLanguage\":\"en-US\",\"@id\":\"https:\/\/www.smedemokrati.sk\/natalia-blahova-odhalila-kauzu-cisty-den-v-demokratoch-sa-bude-venovat-socialnym-temam\/#primaryimage\",\"url\":\"https:\/\/www.smedemokrati.sk\/wp-content\/uploads\/2025\/04\/n_blahova.jpg\",\"contentUrl\":\"https:\/\/www.smedemokrati.sk\/wp-content\/uploads\/2025\/04\/n_blahova.jpg\",\"width\":843,\"height\":491},{\"@type\":\"BreadcrumbList\",\"@id\":\"https:\/\/www.smedemokrati.sk\/natalia-blahova-odhalila-kauzu-cisty-den-v-demokratoch-sa-bude-venovat-socialnym-temam\/#breadcrumb\",\"itemListElement\":[{\"@type\":\"ListItem\",\"position\":1,\"name\":\"Domovsk\u00e1 str\u00e1nka\",\"item\":\"https:\/\/www.smedemokrati.sk\/\"},{\"@type\":\"ListItem\",\"position\":2,\"name\":\"Nat\u00e1lia Blahov\u00e1 odhalila kauzu \u010cist\u00fd de\u0148, v Demokratoch sa bude venova\u0165 soci\u00e1lnym t\u00e9mam\"}]},{\"@type\":\"WebSite\",\"@id\":\"https:\/\/www.smedemokrati.sk\/#website\",\"url\":\"https:\/\/www.smedemokrati.sk\/\",\"name\":\"Smedemokrati.sk\",\"description\":\"Demokracia a slu\u0161nos\u0165 zv\u00ed\u0165az\u00ed\",\"publisher\":{\"@id\":\"https:\/\/www.smedemokrati.sk\/#organization\"},\"potentialAction\":[{\"@type\":\"SearchAction\",\"target\":{\"@type\":\"EntryPoint\",\"urlTemplate\":\"https:\/\/www.smedemokrati.sk\/?s={search_term_string}\"},\"query-input\":{\"@type\":\"PropertyValueSpecification\",\"valueRequired\":true,\"valueName\":\"search_term_string\"}}],\"inLanguage\":\"en-US\"},{\"@type\":\"Organization\",\"@id\":\"https:\/\/www.smedemokrati.sk\/#organization\",\"name\":\"Smedemokrati.sk\",\"url\":\"https:\/\/www.smedemokrati.sk\/\",\"logo\":{\"@type\":\"ImageObject\",\"inLanguage\":\"en-US\",\"@id\":\"https:\/\/www.smedemokrati.sk\/#\/schema\/logo\/image\/\",\"url\":\"https:\/\/www.smedemokrati.sk\/wp-content\/uploads\/2023\/04\/ff.002.jpeg\",\"contentUrl\":\"https:\/\/www.smedemokrati.sk\/wp-content\/uploads\/2023\/04\/ff.002.jpeg\",\"width\":640,\"height\":480,\"caption\":\"Smedemokrati.sk\"},\"image\":{\"@id\":\"https:\/\/www.smedemokrati.sk\/#\/schema\/logo\/image\/\"},\"sameAs\":[\"https:\/\/www.facebook.com\/smedemokrati2023\"]},{\"@type\":\"Person\",\"@id\":\"https:\/\/www.smedemokrati.sk\/#\/schema\/person\/21f147c88d605aa7ded900e1e7c344ba\",\"name\":\"miro.sopko\",\"image\":{\"@type\":\"ImageObject\",\"inLanguage\":\"en-US\",\"@id\":\"https:\/\/secure.gravatar.com\/avatar\/267e4a36f704376c109afe3a78740c1f5dd8675a2180a908699e7863c9247606?s=96&d=mm&r=g\",\"url\":\"https:\/\/secure.gravatar.com\/avatar\/267e4a36f704376c109afe3a78740c1f5dd8675a2180a908699e7863c9247606?s=96&d=mm&r=g\",\"contentUrl\":\"https:\/\/secure.gravatar.com\/avatar\/267e4a36f704376c109afe3a78740c1f5dd8675a2180a908699e7863c9247606?s=96&d=mm&r=g\",\"caption\":\"miro.sopko\"},\"url\":\"https:\/\/www.smedemokrati.sk\/en\/author\/miro-sopko\/\"}]}<\/script>\n<!-- \/ Yoast SEO plugin. -->","yoast_head_json":{"title":"Nat\u00e1lia Blahov\u00e1 odhalila kauzu \u010cist\u00fd de\u0148, v Demokratoch sa bude venova\u0165 soci\u00e1lnym t\u00e9mam","robots":{"index":"index","follow":"follow","max-snippet":"max-snippet:-1","max-image-preview":"max-image-preview:large","max-video-preview":"max-video-preview:-1"},"canonical":"https:\/\/www.smedemokrati.sk\/en\/natalia-blahova-odhalila-kauzu-cisty-den-v-demokratoch-sa-bude-venovat-socialnym-temam\/","og_locale":"en_US","og_type":"article","og_title":"[:sk]Nat\u00e1lia Blahov\u00e1 odhalila kauzu \u010cist\u00fd de\u0148, v Demokratoch sa bude venova\u0165 soci\u00e1lnym t\u00e9mam[:] - Smedemokrati.sk","og_description":"Demokrati predstavili nov\u00fa posilu, b\u00fdval\u00e1 poslanky\u0148a a dlhodob\u00e1 ob\u010dianska aktivistka Nat\u00e1lia Blahov\u00e1 sa bude venova\u0165 soci\u00e1lnej oblasti, \u013eudsk\u00fdm pr\u00e1vam a ob\u010dianskej spolo\u010dnosti.&nbsp; \u201eNat\u00e1lia Blahov\u00e1 svojou pr\u00e1cou a odhalen\u00edm jednej z najz\u00e1va\u017enej\u0161\u00edch k\u00e1uz uk\u00e1zala svoju odbornos\u0165 a odvahu. Soci\u00e1lna oblas\u0165 to s\u00fa t\u00e9my, s ktor\u00fdmi sa denno-denne v\u0161etci stret\u00e1vame. Som r\u00e1d, \u017ee sa pr\u00e1ve Nat\u00e1lia, ktor\u00e1 [&hellip;]","og_url":"https:\/\/www.smedemokrati.sk\/en\/natalia-blahova-odhalila-kauzu-cisty-den-v-demokratoch-sa-bude-venovat-socialnym-temam\/","og_site_name":"Smedemokrati.sk","article_publisher":"https:\/\/www.facebook.com\/smedemokrati2023","article_published_time":"2025-04-09T10:13:04+00:00","article_modified_time":"2025-04-09T10:13:05+00:00","og_image":[{"width":843,"height":491,"url":"https:\/\/www.smedemokrati.sk\/wp-content\/uploads\/2025\/04\/n_blahova.jpg","type":"image\/jpeg"}],"author":"miro.sopko","twitter_card":"summary_large_image","twitter_misc":{"Written by":"miro.sopko","Est. reading time":"2 minutes"},"schema":{"@context":"https:\/\/schema.org","@graph":[{"@type":"Article","@id":"https:\/\/www.smedemokrati.sk\/natalia-blahova-odhalila-kauzu-cisty-den-v-demokratoch-sa-bude-venovat-socialnym-temam\/#article","isPartOf":{"@id":"https:\/\/www.smedemokrati.sk\/natalia-blahova-odhalila-kauzu-cisty-den-v-demokratoch-sa-bude-venovat-socialnym-temam\/"},"author":{"name":"miro.sopko","@id":"https:\/\/www.smedemokrati.sk\/#\/schema\/person\/21f147c88d605aa7ded900e1e7c344ba"},"headline":"Nat\u00e1lia Blahov\u00e1 odhalila kauzu \u010cist\u00fd de\u0148, v Demokratoch sa bude venova\u0165 soci\u00e1lnym t\u00e9mam","datePublished":"2025-04-09T10:13:04+00:00","dateModified":"2025-04-09T10:13:05+00:00","mainEntityOfPage":{"@id":"https:\/\/www.smedemokrati.sk\/natalia-blahova-odhalila-kauzu-cisty-den-v-demokratoch-sa-bude-venovat-socialnym-temam\/"},"wordCount":253,"publisher":{"@id":"https:\/\/www.smedemokrati.sk\/#organization"},"image":{"@id":"https:\/\/www.smedemokrati.sk\/natalia-blahova-odhalila-kauzu-cisty-den-v-demokratoch-sa-bude-venovat-socialnym-temam\/#primaryimage"},"thumbnailUrl":"https:\/\/www.smedemokrati.sk\/wp-content\/uploads\/2025\/04\/n_blahova.jpg","articleSection":["Tla\u010dov\u00e9 spr\u00e1vy"],"inLanguage":"en-US"},{"@type":"WebPage","@id":"https:\/\/www.smedemokrati.sk\/natalia-blahova-odhalila-kauzu-cisty-den-v-demokratoch-sa-bude-venovat-socialnym-temam\/","url":"https:\/\/www.smedemokrati.sk\/natalia-blahova-odhalila-kauzu-cisty-den-v-demokratoch-sa-bude-venovat-socialnym-temam\/","name":"Nat\u00e1lia Blahov\u00e1 odhalila kauzu \u010cist\u00fd de\u0148, v Demokratoch sa bude venova\u0165 soci\u00e1lnym t\u00e9mam","isPartOf":{"@id":"https:\/\/www.smedemokrati.sk\/#website"},"primaryImageOfPage":{"@id":"https:\/\/www.smedemokrati.sk\/natalia-blahova-odhalila-kauzu-cisty-den-v-demokratoch-sa-bude-venovat-socialnym-temam\/#primaryimage"},"image":{"@id":"https:\/\/www.smedemokrati.sk\/natalia-blahova-odhalila-kauzu-cisty-den-v-demokratoch-sa-bude-venovat-socialnym-temam\/#primaryimage"},"thumbnailUrl":"https:\/\/www.smedemokrati.sk\/wp-content\/uploads\/2025\/04\/n_blahova.jpg","datePublished":"2025-04-09T10:13:04+00:00","dateModified":"2025-04-09T10:13:05+00:00","breadcrumb":{"@id":"https:\/\/www.smedemokrati.sk\/natalia-blahova-odhalila-kauzu-cisty-den-v-demokratoch-sa-bude-venovat-socialnym-temam\/#breadcrumb"},"inLanguage":"en-US","potentialAction":[{"@type":"ReadAction","target":["https:\/\/www.smedemokrati.sk\/natalia-blahova-odhalila-kauzu-cisty-den-v-demokratoch-sa-bude-venovat-socialnym-temam\/"]}]},{"@type":"ImageObject","inLanguage":"en-US","@id":"https:\/\/www.smedemokrati.sk\/natalia-blahova-odhalila-kauzu-cisty-den-v-demokratoch-sa-bude-venovat-socialnym-temam\/#primaryimage","url":"https:\/\/www.smedemokrati.sk\/wp-content\/uploads\/2025\/04\/n_blahova.jpg","contentUrl":"https:\/\/www.smedemokrati.sk\/wp-content\/uploads\/2025\/04\/n_blahova.jpg","width":843,"height":491},{"@type":"BreadcrumbList","@id":"https:\/\/www.smedemokrati.sk\/natalia-blahova-odhalila-kauzu-cisty-den-v-demokratoch-sa-bude-venovat-socialnym-temam\/#breadcrumb","itemListElement":[{"@type":"ListItem","position":1,"name":"Domovsk\u00e1 str\u00e1nka","item":"https:\/\/www.smedemokrati.sk\/"},{"@type":"ListItem","position":2,"name":"Nat\u00e1lia Blahov\u00e1 odhalila kauzu \u010cist\u00fd de\u0148, v Demokratoch sa bude venova\u0165 soci\u00e1lnym t\u00e9mam"}]},{"@type":"WebSite","@id":"https:\/\/www.smedemokrati.sk\/#website","url":"https:\/\/www.smedemokrati.sk\/","name":"Smedemokrati.sk","description":"Demokracia a slu\u0161nos\u0165 zv\u00ed\u0165az\u00ed","publisher":{"@id":"https:\/\/www.smedemokrati.sk\/#organization"},"potentialAction":[{"@type":"SearchAction","target":{"@type":"EntryPoint","urlTemplate":"https:\/\/www.smedemokrati.sk\/?s={search_term_string}"},"query-input":{"@type":"PropertyValueSpecification","valueRequired":true,"valueName":"search_term_string"}}],"inLanguage":"en-US"},{"@type":"Organization","@id":"https:\/\/www.smedemokrati.sk\/#organization","name":"Smedemokrati.sk","url":"https:\/\/www.smedemokrati.sk\/","logo":{"@type":"ImageObject","inLanguage":"en-US","@id":"https:\/\/www.smedemokrati.sk\/#\/schema\/logo\/image\/","url":"https:\/\/www.smedemokrati.sk\/wp-content\/uploads\/2023\/04\/ff.002.jpeg","contentUrl":"https:\/\/www.smedemokrati.sk\/wp-content\/uploads\/2023\/04\/ff.002.jpeg","width":640,"height":480,"caption":"Smedemokrati.sk"},"image":{"@id":"https:\/\/www.smedemokrati.sk\/#\/schema\/logo\/image\/"},"sameAs":["https:\/\/www.facebook.com\/smedemokrati2023"]},{"@type":"Person","@id":"https:\/\/www.smedemokrati.sk\/#\/schema\/person\/21f147c88d605aa7ded900e1e7c344ba","name":"miro.sopko","image":{"@type":"ImageObject","inLanguage":"en-US","@id":"https:\/\/secure.gravatar.com\/avatar\/267e4a36f704376c109afe3a78740c1f5dd8675a2180a908699e7863c9247606?s=96&d=mm&r=g","url":"https:\/\/secure.gravatar.com\/avatar\/267e4a36f704376c109afe3a78740c1f5dd8675a2180a908699e7863c9247606?s=96&d=mm&r=g","contentUrl":"https:\/\/secure.gravatar.com\/avatar\/267e4a36f704376c109afe3a78740c1f5dd8675a2180a908699e7863c9247606?s=96&d=mm&r=g","caption":"miro.sopko"},"url":"https:\/\/www.smedemokrati.sk\/en\/author\/miro-sopko\/"}]}},"_links":{"self":[{"href":"https:\/\/www.smedemokrati.sk\/en\/wp-json\/wp\/v2\/posts\/6864","targetHints":{"allow":["GET"]}}],"collection":[{"href":"https:\/\/www.smedemokrati.sk\/en\/wp-json\/wp\/v2\/posts"}],"about":[{"href":"https:\/\/www.smedemokrati.sk\/en\/wp-json\/wp\/v2\/types\/post"}],"author":[{"embeddable":true,"href":"https:\/\/www.smedemokrati.sk\/en\/wp-json\/wp\/v2\/users\/13"}],"replies":[{"embeddable":true,"href":"https:\/\/www.smedemokrati.sk\/en\/wp-json\/wp\/v2\/comments?post=6864"}],"version-history":[{"count":1,"href":"https:\/\/www.smedemokrati.sk\/en\/wp-json\/wp\/v2\/posts\/6864\/revisions"}],"predecessor-version":[{"id":6866,"href":"https:\/\/www.smedemokrati.sk\/en\/wp-json\/wp\/v2\/posts\/6864\/revisions\/6866"}],"wp:featuredmedia":[{"embeddable":true,"href":"https:\/\/www.smedemokrati.sk\/en\/wp-json\/wp\/v2\/media\/6865"}],"wp:attachment":[{"href":"https:\/\/www.smedemokrati.sk\/en\/wp-json\/wp\/v2\/media?parent=6864"}],"wp:term":[{"taxonomy":"category","embeddable":true,"href":"https:\/\/www.smedemokrati.sk\/en\/wp-json\/wp\/v2\/categories?post=6864"},{"taxonomy":"post_tag","embeddable":true,"href":"https:\/\/www.smedemokrati.sk\/en\/wp-json\/wp\/v2\/tags?post=6864"}],"curies":[{"name":"wp","href":"https:\/\/api.w.org\/{rel}","templated":true}]}}