{"id":6839,"date":"2025-04-08T11:38:12","date_gmt":"2025-04-08T10:38:12","guid":{"rendered":"https:\/\/www.smedemokrati.sk\/?p=6839"},"modified":"2025-04-08T11:38:13","modified_gmt":"2025-04-08T10:38:13","slug":"ak-to-danko-so-zrusenim-transakcnej-dane-mysli-vazne-staci-podpisat-zakon-ktory-sme-mu-doniesli","status":"publish","type":"post","link":"https:\/\/www.smedemokrati.sk\/en\/ak-to-danko-so-zrusenim-transakcnej-dane-mysli-vazne-staci-podpisat-zakon-ktory-sme-mu-doniesli\/","title":{"rendered":"Ak to Danko so zru\u0161en\u00edm transak\u010dnej dane mysl\u00ed v\u00e1\u017ene, sta\u010d\u00ed podp\u00edsa\u0165 z\u00e1kon, ktor\u00fd sme mu doniesli"},"content":{"rendered":"<div id=\"fb-root\"><\/div>\n\n<p><strong>Demokrati doniesli sa centr\u00e1lu strany SNS komplet pripraven\u00fd z\u00e1kon, ktor\u00fd by zru\u0161il nezmyseln\u00fa transak\u010dn\u00fa da\u0148, sta\u010d\u00ed ho podp\u00edsa\u0165, donies\u0165 do NR SR a schv\u00e1li\u0165. Strana tak reaguje na slov\u00e1 Andreja Danka, ktor\u00fd kritizuje transak\u010dn\u00fa da\u0148 a pod\u013ea jeho slov by mala by\u0165 zru\u0161i\u0165. Demokrati vyz\u00fdvaj\u00fa podpredsedu NR SR A. Danka aby pre\u0161iel od slov k \u010dinom.<\/strong><\/p>\n\n\n\n<p><em>\u201eDoniesli sme na centr\u00e1lu SNS komplet pripraven\u00fd z\u00e1kon s d\u00f4vodovou spr\u00e1vou, dolo\u017ekami, listom pre predsedu NR SR, jednoducho so v\u0161etk\u00fdm, aby ho u\u017e iba p\u00e1n Danko podp\u00edsal a podal v n\u00e1rodnej rade na schv\u00e1lenie. Ak je jeho kritika smerom k transak\u010dnej dani myslen\u00e1 v\u00e1\u017ene, je \u010das kona\u0165.&#8221;\u00a0<\/em>Hovor\u00ed Juraj \u0160eliga, ktor\u00fd z\u00e1kon ku zru\u0161eniu transak\u010dnej dani pripravil.\u00a0<\/p>\n\n\n\n<p>B\u00fdval\u00fd predseda vl\u00e1dy Eduard Heger tvrd\u00ed, \u017ee transak\u010dn\u00e1 da\u0148 je pre ekonomiku toxick\u00e1 a pod\u013ea z\u00e1kona, ktor\u00fd doniesli Andrejovi Dankovi, m\u00f4\u017ee by\u0165 zru\u0161en\u00e1 od 1. janu\u00e1ra 2025 s t\u00fdm, \u017ee doteraz zaplaten\u00e1 da\u0148 sa podnikate\u013eom bu\u010f vr\u00e1ti alebo zapo\u010d\u00edta do \u010fal\u0161ieho roka:\u00a0<em>\u201eZ\u00e1kon, ktor\u00fd sme doniesli bude ma\u0165 pozit\u00edvny dopad na podnikate\u013esk\u00e9 prostredie a cel\u00fd rozpo\u010det. Je p\u00edsan\u00fd tak, \u017ee transak\u010dn\u00e1 da\u0148, ktor\u00fa u\u017e podnikatelia zaplatili sa zapo\u010d\u00edta na da\u0148, ktor\u00fa bud\u00fa ma\u0165 podnikatelia a da\u0148ov\u00e9 subjekty plati\u0165 bud\u00faci rok alebo sa im vr\u00e1ti.&#8221;\u00a0<\/em><\/p>\n\n\n<div class=\"fb-video\" data-href=\"https:\/\/fb.watch\/yQHm33SSM8\" data-allowfullscreen=\"true\" data-autoplay=\"false\" data-width=\"\" data-show-text=\"false\" data-show-captions=\"true\"><\/div>\n","protected":false},"excerpt":{"rendered":"<p>Demokrati doniesli sa centr\u00e1lu strany SNS komplet pripraven\u00fd z\u00e1kon, ktor\u00fd by zru\u0161il nezmyseln\u00fa transak\u010dn\u00fa da\u0148, sta\u010d\u00ed ho podp\u00edsa\u0165, donies\u0165 do NR SR a schv\u00e1li\u0165. Strana tak reaguje na slov\u00e1 Andreja Danka, ktor\u00fd kritizuje transak\u010dn\u00fa da\u0148 a pod\u013ea jeho slov by mala by\u0165 zru\u0161i\u0165. Demokrati vyz\u00fdvaj\u00fa podpredsedu NR SR A. Danka aby pre\u0161iel od slov k [&hellip;]<\/p>\n","protected":false},"author":13,"featured_media":6840,"comment_status":"closed","ping_status":"closed","sticky":false,"template":"","format":"standard","meta":{"_acf_changed":false,"ngg_post_thumbnail":0,"footnotes":""},"categories":[4],"tags":[],"class_list":["post-6839","post","type-post","status-publish","format-standard","has-post-thumbnail","hentry","category-tlacove-spravy"],"acf":[],"yoast_head":"<!-- This site is optimized with the Yoast SEO plugin v27.2 - https:\/\/yoast.com\/product\/yoast-seo-wordpress\/ -->\n<title>Ak to Danko so zru\u0161en\u00edm transak\u010dnej dane mysl\u00ed v\u00e1\u017ene, sta\u010d\u00ed podp\u00edsa\u0165 z\u00e1kon, ktor\u00fd sme mu doniesli<\/title>\n<meta name=\"robots\" content=\"index, follow, max-snippet:-1, max-image-preview:large, max-video-preview:-1\" \/>\n<link rel=\"canonical\" href=\"https:\/\/www.smedemokrati.sk\/en\/ak-to-danko-so-zrusenim-transakcnej-dane-mysli-vazne-staci-podpisat-zakon-ktory-sme-mu-doniesli\/\" \/>\n<meta property=\"og:locale\" content=\"en_US\" \/>\n<meta property=\"og:locale:alternate\" content=\"cs_CZ\" \/>\n<meta property=\"og:locale:alternate\" content=\"hu_HU\" \/>\n<meta property=\"og:locale:alternate\" content=\"sk_SK\" \/>\n<meta property=\"og:locale:alternate\" content=\"sv_SE\" \/>\n<meta property=\"og:type\" content=\"article\" \/>\n<meta property=\"og:title\" content=\"Ak to Danko so zru\u0161en\u00edm transak\u010dnej dane mysl\u00ed v\u00e1\u017ene, sta\u010d\u00ed podp\u00edsa\u0165 z\u00e1kon, ktor\u00fd sme mu doniesli\" \/>\n<meta property=\"og:description\" content=\"Demokrati doniesli sa centr\u00e1lu strany SNS komplet pripraven\u00fd z\u00e1kon, ktor\u00fd by zru\u0161il nezmyseln\u00fa transak\u010dn\u00fa da\u0148, sta\u010d\u00ed ho podp\u00edsa\u0165, donies\u0165 do NR SR a schv\u00e1li\u0165. Strana tak reaguje na slov\u00e1 Andreja Danka, ktor\u00fd kritizuje transak\u010dn\u00fa da\u0148 a pod\u013ea jeho slov by mala by\u0165 zru\u0161i\u0165. Demokrati vyz\u00fdvaj\u00fa podpredsedu NR SR A. Danka aby pre\u0161iel od slov k [&hellip;]\" \/>\n<meta property=\"og:url\" content=\"https:\/\/www.smedemokrati.sk\/en\/ak-to-danko-so-zrusenim-transakcnej-dane-mysli-vazne-staci-podpisat-zakon-ktory-sme-mu-doniesli\/\" \/>\n<meta property=\"og:site_name\" content=\"Smedemokrati.sk\" \/>\n<meta property=\"article:publisher\" content=\"https:\/\/www.facebook.com\/smedemokrati2023\" \/>\n<meta property=\"article:published_time\" content=\"2025-04-08T10:38:12+00:00\" \/>\n<meta property=\"article:modified_time\" content=\"2025-04-08T10:38:13+00:00\" \/>\n<meta property=\"og:image\" content=\"https:\/\/www.smedemokrati.sk\/wp-content\/uploads\/2025\/04\/Dankovi-transakcna.jpg\" \/>\n\t<meta property=\"og:image:width\" content=\"800\" \/>\n\t<meta property=\"og:image:height\" content=\"485\" \/>\n\t<meta property=\"og:image:type\" content=\"image\/jpeg\" \/>\n<meta name=\"author\" content=\"miro.sopko\" \/>\n<meta name=\"twitter:card\" content=\"summary_large_image\" \/>\n<meta name=\"twitter:label1\" content=\"Written by\" \/>\n\t<meta name=\"twitter:data1\" content=\"miro.sopko\" \/>\n\t<meta name=\"twitter:label2\" content=\"Est. reading time\" \/>\n\t<meta name=\"twitter:data2\" content=\"2 minutes\" \/>\n<script type=\"application\/ld+json\" class=\"yoast-schema-graph\">{\"@context\":\"https:\/\/schema.org\",\"@graph\":[{\"@type\":\"Article\",\"@id\":\"https:\/\/www.smedemokrati.sk\/ak-to-danko-so-zrusenim-transakcnej-dane-mysli-vazne-staci-podpisat-zakon-ktory-sme-mu-doniesli\/#article\",\"isPartOf\":{\"@id\":\"https:\/\/www.smedemokrati.sk\/ak-to-danko-so-zrusenim-transakcnej-dane-mysli-vazne-staci-podpisat-zakon-ktory-sme-mu-doniesli\/\"},\"author\":{\"name\":\"miro.sopko\",\"@id\":\"https:\/\/www.smedemokrati.sk\/#\/schema\/person\/21f147c88d605aa7ded900e1e7c344ba\"},\"headline\":\"Ak to Danko so zru\u0161en\u00edm transak\u010dnej dane mysl\u00ed v\u00e1\u017ene, sta\u010d\u00ed podp\u00edsa\u0165 z\u00e1kon, ktor\u00fd sme mu doniesli\",\"datePublished\":\"2025-04-08T10:38:12+00:00\",\"dateModified\":\"2025-04-08T10:38:13+00:00\",\"mainEntityOfPage\":{\"@id\":\"https:\/\/www.smedemokrati.sk\/ak-to-danko-so-zrusenim-transakcnej-dane-mysli-vazne-staci-podpisat-zakon-ktory-sme-mu-doniesli\/\"},\"wordCount\":278,\"publisher\":{\"@id\":\"https:\/\/www.smedemokrati.sk\/#organization\"},\"image\":{\"@id\":\"https:\/\/www.smedemokrati.sk\/ak-to-danko-so-zrusenim-transakcnej-dane-mysli-vazne-staci-podpisat-zakon-ktory-sme-mu-doniesli\/#primaryimage\"},\"thumbnailUrl\":\"https:\/\/www.smedemokrati.sk\/wp-content\/uploads\/2025\/04\/Dankovi-transakcna.jpg\",\"articleSection\":[\"Tla\u010dov\u00e9 spr\u00e1vy\"],\"inLanguage\":\"en-US\"},{\"@type\":\"WebPage\",\"@id\":\"https:\/\/www.smedemokrati.sk\/ak-to-danko-so-zrusenim-transakcnej-dane-mysli-vazne-staci-podpisat-zakon-ktory-sme-mu-doniesli\/\",\"url\":\"https:\/\/www.smedemokrati.sk\/ak-to-danko-so-zrusenim-transakcnej-dane-mysli-vazne-staci-podpisat-zakon-ktory-sme-mu-doniesli\/\",\"name\":\"Ak to Danko so zru\u0161en\u00edm transak\u010dnej dane mysl\u00ed v\u00e1\u017ene, sta\u010d\u00ed podp\u00edsa\u0165 z\u00e1kon, ktor\u00fd sme mu doniesli\",\"isPartOf\":{\"@id\":\"https:\/\/www.smedemokrati.sk\/#website\"},\"primaryImageOfPage\":{\"@id\":\"https:\/\/www.smedemokrati.sk\/ak-to-danko-so-zrusenim-transakcnej-dane-mysli-vazne-staci-podpisat-zakon-ktory-sme-mu-doniesli\/#primaryimage\"},\"image\":{\"@id\":\"https:\/\/www.smedemokrati.sk\/ak-to-danko-so-zrusenim-transakcnej-dane-mysli-vazne-staci-podpisat-zakon-ktory-sme-mu-doniesli\/#primaryimage\"},\"thumbnailUrl\":\"https:\/\/www.smedemokrati.sk\/wp-content\/uploads\/2025\/04\/Dankovi-transakcna.jpg\",\"datePublished\":\"2025-04-08T10:38:12+00:00\",\"dateModified\":\"2025-04-08T10:38:13+00:00\",\"breadcrumb\":{\"@id\":\"https:\/\/www.smedemokrati.sk\/ak-to-danko-so-zrusenim-transakcnej-dane-mysli-vazne-staci-podpisat-zakon-ktory-sme-mu-doniesli\/#breadcrumb\"},\"inLanguage\":\"en-US\",\"potentialAction\":[{\"@type\":\"ReadAction\",\"target\":[\"https:\/\/www.smedemokrati.sk\/ak-to-danko-so-zrusenim-transakcnej-dane-mysli-vazne-staci-podpisat-zakon-ktory-sme-mu-doniesli\/\"]}]},{\"@type\":\"ImageObject\",\"inLanguage\":\"en-US\",\"@id\":\"https:\/\/www.smedemokrati.sk\/ak-to-danko-so-zrusenim-transakcnej-dane-mysli-vazne-staci-podpisat-zakon-ktory-sme-mu-doniesli\/#primaryimage\",\"url\":\"https:\/\/www.smedemokrati.sk\/wp-content\/uploads\/2025\/04\/Dankovi-transakcna.jpg\",\"contentUrl\":\"https:\/\/www.smedemokrati.sk\/wp-content\/uploads\/2025\/04\/Dankovi-transakcna.jpg\",\"width\":800,\"height\":485},{\"@type\":\"BreadcrumbList\",\"@id\":\"https:\/\/www.smedemokrati.sk\/ak-to-danko-so-zrusenim-transakcnej-dane-mysli-vazne-staci-podpisat-zakon-ktory-sme-mu-doniesli\/#breadcrumb\",\"itemListElement\":[{\"@type\":\"ListItem\",\"position\":1,\"name\":\"Domovsk\u00e1 str\u00e1nka\",\"item\":\"https:\/\/www.smedemokrati.sk\/\"},{\"@type\":\"ListItem\",\"position\":2,\"name\":\"Ak to Danko so zru\u0161en\u00edm transak\u010dnej dane mysl\u00ed v\u00e1\u017ene, sta\u010d\u00ed podp\u00edsa\u0165 z\u00e1kon, ktor\u00fd sme mu doniesli\"}]},{\"@type\":\"WebSite\",\"@id\":\"https:\/\/www.smedemokrati.sk\/#website\",\"url\":\"https:\/\/www.smedemokrati.sk\/\",\"name\":\"Smedemokrati.sk\",\"description\":\"Demokracia a slu\u0161nos\u0165 zv\u00ed\u0165az\u00ed\",\"publisher\":{\"@id\":\"https:\/\/www.smedemokrati.sk\/#organization\"},\"potentialAction\":[{\"@type\":\"SearchAction\",\"target\":{\"@type\":\"EntryPoint\",\"urlTemplate\":\"https:\/\/www.smedemokrati.sk\/?s={search_term_string}\"},\"query-input\":{\"@type\":\"PropertyValueSpecification\",\"valueRequired\":true,\"valueName\":\"search_term_string\"}}],\"inLanguage\":\"en-US\"},{\"@type\":\"Organization\",\"@id\":\"https:\/\/www.smedemokrati.sk\/#organization\",\"name\":\"Smedemokrati.sk\",\"url\":\"https:\/\/www.smedemokrati.sk\/\",\"logo\":{\"@type\":\"ImageObject\",\"inLanguage\":\"en-US\",\"@id\":\"https:\/\/www.smedemokrati.sk\/#\/schema\/logo\/image\/\",\"url\":\"https:\/\/www.smedemokrati.sk\/wp-content\/uploads\/2023\/04\/ff.002.jpeg\",\"contentUrl\":\"https:\/\/www.smedemokrati.sk\/wp-content\/uploads\/2023\/04\/ff.002.jpeg\",\"width\":640,\"height\":480,\"caption\":\"Smedemokrati.sk\"},\"image\":{\"@id\":\"https:\/\/www.smedemokrati.sk\/#\/schema\/logo\/image\/\"},\"sameAs\":[\"https:\/\/www.facebook.com\/smedemokrati2023\"]},{\"@type\":\"Person\",\"@id\":\"https:\/\/www.smedemokrati.sk\/#\/schema\/person\/21f147c88d605aa7ded900e1e7c344ba\",\"name\":\"miro.sopko\",\"image\":{\"@type\":\"ImageObject\",\"inLanguage\":\"en-US\",\"@id\":\"https:\/\/secure.gravatar.com\/avatar\/267e4a36f704376c109afe3a78740c1f5dd8675a2180a908699e7863c9247606?s=96&d=mm&r=g\",\"url\":\"https:\/\/secure.gravatar.com\/avatar\/267e4a36f704376c109afe3a78740c1f5dd8675a2180a908699e7863c9247606?s=96&d=mm&r=g\",\"contentUrl\":\"https:\/\/secure.gravatar.com\/avatar\/267e4a36f704376c109afe3a78740c1f5dd8675a2180a908699e7863c9247606?s=96&d=mm&r=g\",\"caption\":\"miro.sopko\"},\"url\":\"https:\/\/www.smedemokrati.sk\/en\/author\/miro-sopko\/\"}]}<\/script>\n<!-- \/ Yoast SEO plugin. -->","yoast_head_json":{"title":"Ak to Danko so zru\u0161en\u00edm transak\u010dnej dane mysl\u00ed v\u00e1\u017ene, sta\u010d\u00ed podp\u00edsa\u0165 z\u00e1kon, ktor\u00fd sme mu doniesli","robots":{"index":"index","follow":"follow","max-snippet":"max-snippet:-1","max-image-preview":"max-image-preview:large","max-video-preview":"max-video-preview:-1"},"canonical":"https:\/\/www.smedemokrati.sk\/en\/ak-to-danko-so-zrusenim-transakcnej-dane-mysli-vazne-staci-podpisat-zakon-ktory-sme-mu-doniesli\/","og_locale":"en_US","og_type":"article","og_title":"[:sk]Ak to Danko so zru\u0161en\u00edm transak\u010dnej dane mysl\u00ed v\u00e1\u017ene, sta\u010d\u00ed podp\u00edsa\u0165 z\u00e1kon, ktor\u00fd sme mu doniesli[:] - Smedemokrati.sk","og_description":"Demokrati doniesli sa centr\u00e1lu strany SNS komplet pripraven\u00fd z\u00e1kon, ktor\u00fd by zru\u0161il nezmyseln\u00fa transak\u010dn\u00fa da\u0148, sta\u010d\u00ed ho podp\u00edsa\u0165, donies\u0165 do NR SR a schv\u00e1li\u0165. Strana tak reaguje na slov\u00e1 Andreja Danka, ktor\u00fd kritizuje transak\u010dn\u00fa da\u0148 a pod\u013ea jeho slov by mala by\u0165 zru\u0161i\u0165. Demokrati vyz\u00fdvaj\u00fa podpredsedu NR SR A. Danka aby pre\u0161iel od slov k [&hellip;]","og_url":"https:\/\/www.smedemokrati.sk\/en\/ak-to-danko-so-zrusenim-transakcnej-dane-mysli-vazne-staci-podpisat-zakon-ktory-sme-mu-doniesli\/","og_site_name":"Smedemokrati.sk","article_publisher":"https:\/\/www.facebook.com\/smedemokrati2023","article_published_time":"2025-04-08T10:38:12+00:00","article_modified_time":"2025-04-08T10:38:13+00:00","og_image":[{"width":800,"height":485,"url":"https:\/\/www.smedemokrati.sk\/wp-content\/uploads\/2025\/04\/Dankovi-transakcna.jpg","type":"image\/jpeg"}],"author":"miro.sopko","twitter_card":"summary_large_image","twitter_misc":{"Written by":"miro.sopko","Est. reading time":"2 minutes"},"schema":{"@context":"https:\/\/schema.org","@graph":[{"@type":"Article","@id":"https:\/\/www.smedemokrati.sk\/ak-to-danko-so-zrusenim-transakcnej-dane-mysli-vazne-staci-podpisat-zakon-ktory-sme-mu-doniesli\/#article","isPartOf":{"@id":"https:\/\/www.smedemokrati.sk\/ak-to-danko-so-zrusenim-transakcnej-dane-mysli-vazne-staci-podpisat-zakon-ktory-sme-mu-doniesli\/"},"author":{"name":"miro.sopko","@id":"https:\/\/www.smedemokrati.sk\/#\/schema\/person\/21f147c88d605aa7ded900e1e7c344ba"},"headline":"Ak to Danko so zru\u0161en\u00edm transak\u010dnej dane mysl\u00ed v\u00e1\u017ene, sta\u010d\u00ed podp\u00edsa\u0165 z\u00e1kon, ktor\u00fd sme mu doniesli","datePublished":"2025-04-08T10:38:12+00:00","dateModified":"2025-04-08T10:38:13+00:00","mainEntityOfPage":{"@id":"https:\/\/www.smedemokrati.sk\/ak-to-danko-so-zrusenim-transakcnej-dane-mysli-vazne-staci-podpisat-zakon-ktory-sme-mu-doniesli\/"},"wordCount":278,"publisher":{"@id":"https:\/\/www.smedemokrati.sk\/#organization"},"image":{"@id":"https:\/\/www.smedemokrati.sk\/ak-to-danko-so-zrusenim-transakcnej-dane-mysli-vazne-staci-podpisat-zakon-ktory-sme-mu-doniesli\/#primaryimage"},"thumbnailUrl":"https:\/\/www.smedemokrati.sk\/wp-content\/uploads\/2025\/04\/Dankovi-transakcna.jpg","articleSection":["Tla\u010dov\u00e9 spr\u00e1vy"],"inLanguage":"en-US"},{"@type":"WebPage","@id":"https:\/\/www.smedemokrati.sk\/ak-to-danko-so-zrusenim-transakcnej-dane-mysli-vazne-staci-podpisat-zakon-ktory-sme-mu-doniesli\/","url":"https:\/\/www.smedemokrati.sk\/ak-to-danko-so-zrusenim-transakcnej-dane-mysli-vazne-staci-podpisat-zakon-ktory-sme-mu-doniesli\/","name":"Ak to Danko so zru\u0161en\u00edm transak\u010dnej dane mysl\u00ed v\u00e1\u017ene, sta\u010d\u00ed podp\u00edsa\u0165 z\u00e1kon, ktor\u00fd sme mu doniesli","isPartOf":{"@id":"https:\/\/www.smedemokrati.sk\/#website"},"primaryImageOfPage":{"@id":"https:\/\/www.smedemokrati.sk\/ak-to-danko-so-zrusenim-transakcnej-dane-mysli-vazne-staci-podpisat-zakon-ktory-sme-mu-doniesli\/#primaryimage"},"image":{"@id":"https:\/\/www.smedemokrati.sk\/ak-to-danko-so-zrusenim-transakcnej-dane-mysli-vazne-staci-podpisat-zakon-ktory-sme-mu-doniesli\/#primaryimage"},"thumbnailUrl":"https:\/\/www.smedemokrati.sk\/wp-content\/uploads\/2025\/04\/Dankovi-transakcna.jpg","datePublished":"2025-04-08T10:38:12+00:00","dateModified":"2025-04-08T10:38:13+00:00","breadcrumb":{"@id":"https:\/\/www.smedemokrati.sk\/ak-to-danko-so-zrusenim-transakcnej-dane-mysli-vazne-staci-podpisat-zakon-ktory-sme-mu-doniesli\/#breadcrumb"},"inLanguage":"en-US","potentialAction":[{"@type":"ReadAction","target":["https:\/\/www.smedemokrati.sk\/ak-to-danko-so-zrusenim-transakcnej-dane-mysli-vazne-staci-podpisat-zakon-ktory-sme-mu-doniesli\/"]}]},{"@type":"ImageObject","inLanguage":"en-US","@id":"https:\/\/www.smedemokrati.sk\/ak-to-danko-so-zrusenim-transakcnej-dane-mysli-vazne-staci-podpisat-zakon-ktory-sme-mu-doniesli\/#primaryimage","url":"https:\/\/www.smedemokrati.sk\/wp-content\/uploads\/2025\/04\/Dankovi-transakcna.jpg","contentUrl":"https:\/\/www.smedemokrati.sk\/wp-content\/uploads\/2025\/04\/Dankovi-transakcna.jpg","width":800,"height":485},{"@type":"BreadcrumbList","@id":"https:\/\/www.smedemokrati.sk\/ak-to-danko-so-zrusenim-transakcnej-dane-mysli-vazne-staci-podpisat-zakon-ktory-sme-mu-doniesli\/#breadcrumb","itemListElement":[{"@type":"ListItem","position":1,"name":"Domovsk\u00e1 str\u00e1nka","item":"https:\/\/www.smedemokrati.sk\/"},{"@type":"ListItem","position":2,"name":"Ak to Danko so zru\u0161en\u00edm transak\u010dnej dane mysl\u00ed v\u00e1\u017ene, sta\u010d\u00ed podp\u00edsa\u0165 z\u00e1kon, ktor\u00fd sme mu doniesli"}]},{"@type":"WebSite","@id":"https:\/\/www.smedemokrati.sk\/#website","url":"https:\/\/www.smedemokrati.sk\/","name":"Smedemokrati.sk","description":"Demokracia a slu\u0161nos\u0165 zv\u00ed\u0165az\u00ed","publisher":{"@id":"https:\/\/www.smedemokrati.sk\/#organization"},"potentialAction":[{"@type":"SearchAction","target":{"@type":"EntryPoint","urlTemplate":"https:\/\/www.smedemokrati.sk\/?s={search_term_string}"},"query-input":{"@type":"PropertyValueSpecification","valueRequired":true,"valueName":"search_term_string"}}],"inLanguage":"en-US"},{"@type":"Organization","@id":"https:\/\/www.smedemokrati.sk\/#organization","name":"Smedemokrati.sk","url":"https:\/\/www.smedemokrati.sk\/","logo":{"@type":"ImageObject","inLanguage":"en-US","@id":"https:\/\/www.smedemokrati.sk\/#\/schema\/logo\/image\/","url":"https:\/\/www.smedemokrati.sk\/wp-content\/uploads\/2023\/04\/ff.002.jpeg","contentUrl":"https:\/\/www.smedemokrati.sk\/wp-content\/uploads\/2023\/04\/ff.002.jpeg","width":640,"height":480,"caption":"Smedemokrati.sk"},"image":{"@id":"https:\/\/www.smedemokrati.sk\/#\/schema\/logo\/image\/"},"sameAs":["https:\/\/www.facebook.com\/smedemokrati2023"]},{"@type":"Person","@id":"https:\/\/www.smedemokrati.sk\/#\/schema\/person\/21f147c88d605aa7ded900e1e7c344ba","name":"miro.sopko","image":{"@type":"ImageObject","inLanguage":"en-US","@id":"https:\/\/secure.gravatar.com\/avatar\/267e4a36f704376c109afe3a78740c1f5dd8675a2180a908699e7863c9247606?s=96&d=mm&r=g","url":"https:\/\/secure.gravatar.com\/avatar\/267e4a36f704376c109afe3a78740c1f5dd8675a2180a908699e7863c9247606?s=96&d=mm&r=g","contentUrl":"https:\/\/secure.gravatar.com\/avatar\/267e4a36f704376c109afe3a78740c1f5dd8675a2180a908699e7863c9247606?s=96&d=mm&r=g","caption":"miro.sopko"},"url":"https:\/\/www.smedemokrati.sk\/en\/author\/miro-sopko\/"}]}},"_links":{"self":[{"href":"https:\/\/www.smedemokrati.sk\/en\/wp-json\/wp\/v2\/posts\/6839","targetHints":{"allow":["GET"]}}],"collection":[{"href":"https:\/\/www.smedemokrati.sk\/en\/wp-json\/wp\/v2\/posts"}],"about":[{"href":"https:\/\/www.smedemokrati.sk\/en\/wp-json\/wp\/v2\/types\/post"}],"author":[{"embeddable":true,"href":"https:\/\/www.smedemokrati.sk\/en\/wp-json\/wp\/v2\/users\/13"}],"replies":[{"embeddable":true,"href":"https:\/\/www.smedemokrati.sk\/en\/wp-json\/wp\/v2\/comments?post=6839"}],"version-history":[{"count":1,"href":"https:\/\/www.smedemokrati.sk\/en\/wp-json\/wp\/v2\/posts\/6839\/revisions"}],"predecessor-version":[{"id":6841,"href":"https:\/\/www.smedemokrati.sk\/en\/wp-json\/wp\/v2\/posts\/6839\/revisions\/6841"}],"wp:featuredmedia":[{"embeddable":true,"href":"https:\/\/www.smedemokrati.sk\/en\/wp-json\/wp\/v2\/media\/6840"}],"wp:attachment":[{"href":"https:\/\/www.smedemokrati.sk\/en\/wp-json\/wp\/v2\/media?parent=6839"}],"wp:term":[{"taxonomy":"category","embeddable":true,"href":"https:\/\/www.smedemokrati.sk\/en\/wp-json\/wp\/v2\/categories?post=6839"},{"taxonomy":"post_tag","embeddable":true,"href":"https:\/\/www.smedemokrati.sk\/en\/wp-json\/wp\/v2\/tags?post=6839"}],"curies":[{"name":"wp","href":"https:\/\/api.w.org\/{rel}","templated":true}]}}