{"id":6759,"date":"2025-03-27T12:17:18","date_gmt":"2025-03-27T11:17:18","guid":{"rendered":"https:\/\/www.smedemokrati.sk\/sv\/?p=6759"},"modified":"2025-03-27T12:35:53","modified_gmt":"2025-03-27T11:35:53","slug":"zilinkova-renta-je-v-skutocnosti-uplatkom-a-pripravou-na-zmenu-na-prokurature","status":"publish","type":"post","link":"https:\/\/www.smedemokrati.sk\/en\/zilinkova-renta-je-v-skutocnosti-uplatkom-a-pripravou-na-zmenu-na-prokurature\/","title":{"rendered":"\u017dilinkova renta je v skuto\u010dnosti \u201e\u00faplatkom\u201c a pr\u00edpravou na zmenu na prokurat\u00fare"},"content":{"rendered":"<div id=\"fb-root\"><\/div>\n\n<p><strong>Strana Demokrati upozor\u0148uje, \u017ee vl\u00e1dna koal\u00edcia sa prostredn\u00edctvom do\u017eivotnej renty pre Maro\u0161a \u017dilinku ide vysmia\u0165 ob\u010danom. Vyz\u00fdvame poslancov, aby tento n\u00e1vrh z\u00e1kona neschv\u00e1lili. Pripom\u00edname, \u017ee nikde v&nbsp;Eur\u00f3pskej \u00fanii neexistuje nie\u010do tak\u00e9 ako do\u017eivotn\u00e1 renta pre gener\u00e1lneho prokur\u00e1tora, a&nbsp;to po 4 rokoch funkcie. Tento n\u00e1vrh z\u00e1kona nemo\u017eno nazva\u0165 inak ako \u201eodmenu\u201c alebo \u201e\u00faplatok\u201c za slu\u017eby, ktor\u00e9 poskytuje Maro\u0161 \u017dilinka.&nbsp;<\/strong><\/p>\n\n\n\n<p><em>\u201eV \u010dase, ke\u010f vl\u00e1dna koal\u00edcia dookola opakuje, \u017ee mus\u00ed konsolidova\u0165, tak \u00faplne nesyst\u00e9movo chc\u00fa zavies\u0165 tzv. do\u017eivotn\u00fa rentu pre Maro\u0161a \u017dilinku. Dnes by to bola suma cca 5500 eur. Je to \u0161ialen\u00e9, ukazuje to ako ve\u013emi je vl\u00e1dna koal\u00edcia zaviazan\u00e1 \u017dilinkovi. P\u00fdtam sa ako inak sa to d\u00e1 nazva\u0165 ak nie \u201e\u00faplatkom\u201c a&nbsp;po\u010fakovan\u00edm za v\u0161etky tie 363ky?! Za v\u0161etky zastavenia trestn\u00fdch st\u00edhan\u00ed alebo disciplin\u00e1rne n\u00e1vrhy na prokur\u00e1torov b\u00fdvalej \u00da\u0160P. Slovensko za\u010d\u00edna pripom\u00edna\u0165 ban\u00e1nov\u00fa republiku. Vyz\u00fdvame poslancov, ak maj\u00fa Boha pri sebe, aby za tento \u0161ialen\u00fd n\u00e1vrh z\u00e1kona nehlasovali.\u201c<\/em>&nbsp;Hovor\u00ed Juraj \u0160eliga, podpredseda strany Demokrati.&nbsp;<\/p>\n\n\n\n<p><em>\u201eOb\u00e1vam sa, \u017ee toto je v\u0161ak s\u00fa\u010das\u0165ou \u0161ir\u0161ieho pl\u00e1nu. \u017dilinka si mal \u017eiada\u0165 miesto sudcu \u00fastavn\u00e9ho s\u00fadu, av\u0161ak nie radov\u00e9ho ale rovno predsedu. To nedostane, tak mu chc\u00fa zavrie\u0165 \u00fasta aspo\u0148 takto. Preto\u017ee kulo\u00e1rne re\u010di hovoria, \u017ee pl\u00e1n by mal pokra\u010dova\u0165 zmenou na funkcii gener\u00e1lneho prokur\u00e1tora. A&nbsp;\u017dilinku bolo treba odmeni\u0165 za jeho doteraj\u0161ie slu\u017eby. Kto si br\u00fasi zuby na funkciu gener\u00e1lneho prokur\u00e1tora? P\u00e1n Para? P\u00e1n Chabada, za\u0165 premi\u00e9ra Fica? Alebo maj\u00fa pripraven\u00e9ho \u010fal\u0161ieho poslu\u0161n\u00e9ho \u010dloveka typu \u017dilinka, ktor\u00fd bude vl\u00e1dnej koal\u00edcii kona\u0165 tzv. po ruke. Je pr\u00edzna\u010dne zbabel\u00e9, \u017ee gener\u00e1lna prokurat\u00fara a&nbsp;gener\u00e1lny prokur\u00e1tor sa k&nbsp;tejto t\u00e9me tzv. do\u017eivotnej renty nevyjadrili. I&nbsp;to je siln\u00e1 ind\u00edcia, \u017ee ide o&nbsp;vopred pripraven\u00fd a&nbsp;koordinovan\u00fd pl\u00e1n.\u201c<\/em>&nbsp;p\u00fdta sa Juraj \u0160eliga&nbsp;<\/p>\n\n\n\n<p><em>\u201eNa Slovensku je na hranici chudoby takmer mili\u00f3n \u013eud\u00ed, za posledn\u00e9 dva roky tento po\u010det st\u00fapol o&nbsp;takmer 350 tis\u00edc ob\u010danov. Je to v\u00fdsledok zlej a&nbsp;populistickej politiky Roberta Fica. A&nbsp;v&nbsp;tejto situ\u00e1cii id\u00fa prij\u00edma\u0165 do\u017eivotn\u00fa rentu pre \u017dilinku? Je to v\u00fdsmech, absol\u00fatny v\u00fdsmech ob\u010danom. Ak n\u00e1m daj\u00fa \u013eudia d\u00f4veru, jeden z&nbsp;prv\u00fdch krokov bude zru\u0161enie tejto do\u017eivotnej renty. Je to bezprecedentne zl\u00fd a&nbsp;nemor\u00e1lny krok zo strany vl\u00e1dnej koal\u00edcie.\u201c<\/em>&nbsp;hovor\u00ed Eduard Heger, podpredseda strany Demokrati.<\/p>\n\n\n<div class=\"fb-video\" data-href=\"https:\/\/fb.watch\/yAWcxKx4_U\" data-allowfullscreen=\"true\" data-autoplay=\"false\" data-width=\"\" data-show-text=\"false\" data-show-captions=\"true\"><\/div>\n","protected":false},"excerpt":{"rendered":"<p>Strana Demokrati upozor\u0148uje, \u017ee vl\u00e1dna koal\u00edcia sa prostredn\u00edctvom do\u017eivotnej renty pre Maro\u0161a \u017dilinku ide vysmia\u0165 ob\u010danom. Vyz\u00fdvame poslancov, aby tento n\u00e1vrh z\u00e1kona neschv\u00e1lili. Pripom\u00edname, \u017ee nikde v&nbsp;Eur\u00f3pskej \u00fanii neexistuje nie\u010do tak\u00e9 ako do\u017eivotn\u00e1 renta pre gener\u00e1lneho prokur\u00e1tora, a&nbsp;to po 4 rokoch funkcie. Tento n\u00e1vrh z\u00e1kona nemo\u017eno nazva\u0165 inak ako \u201eodmenu\u201c alebo \u201e\u00faplatok\u201c za slu\u017eby, ktor\u00e9 [&hellip;]<\/p>\n","protected":false},"author":13,"featured_media":2662,"comment_status":"closed","ping_status":"closed","sticky":false,"template":"","format":"standard","meta":{"_acf_changed":false,"ngg_post_thumbnail":0,"footnotes":""},"categories":[4],"tags":[],"class_list":["post-6759","post","type-post","status-publish","format-standard","has-post-thumbnail","hentry","category-tlacove-spravy"],"acf":[],"yoast_head":"<!-- This site is optimized with the Yoast SEO plugin v27.2 - https:\/\/yoast.com\/product\/yoast-seo-wordpress\/ -->\n<title>\u017dilinkova renta je v skuto\u010dnosti \u201e\u00faplatkom\u201c a pr\u00edpravou na zmenu na prokurat\u00fare<\/title>\n<meta name=\"description\" content=\"\" \/>\n<meta name=\"robots\" content=\"index, follow, max-snippet:-1, max-image-preview:large, max-video-preview:-1\" \/>\n<link rel=\"canonical\" href=\"https:\/\/www.smedemokrati.sk\/en\/zilinkova-renta-je-v-skutocnosti-uplatkom-a-pripravou-na-zmenu-na-prokurature\/\" \/>\n<meta property=\"og:locale\" content=\"en_US\" \/>\n<meta property=\"og:locale:alternate\" content=\"cs_CZ\" \/>\n<meta property=\"og:locale:alternate\" content=\"hu_HU\" \/>\n<meta property=\"og:locale:alternate\" content=\"sk_SK\" \/>\n<meta property=\"og:locale:alternate\" content=\"sv_SE\" \/>\n<meta property=\"og:type\" content=\"article\" \/>\n<meta property=\"og:title\" content=\"\u017dilinkova renta je v skuto\u010dnosti \u201e\u00faplatkom\u201c a pr\u00edpravou na zmenu na prokurat\u00fare\" \/>\n<meta property=\"og:description\" content=\"\" \/>\n<meta property=\"og:url\" content=\"https:\/\/www.smedemokrati.sk\/en\/zilinkova-renta-je-v-skutocnosti-uplatkom-a-pripravou-na-zmenu-na-prokurature\/\" \/>\n<meta property=\"og:site_name\" content=\"Smedemokrati.sk\" \/>\n<meta property=\"article:publisher\" content=\"https:\/\/www.facebook.com\/smedemokrati2023\" \/>\n<meta property=\"article:published_time\" content=\"2025-03-27T11:17:18+00:00\" \/>\n<meta property=\"article:modified_time\" content=\"2025-03-27T11:35:53+00:00\" \/>\n<meta property=\"og:image\" content=\"https:\/\/www.smedemokrati.sk\/wp-content\/uploads\/2024\/02\/28jun2022_NRSR_14882325-scaled-1.jpg\" \/>\n\t<meta property=\"og:image:width\" content=\"1080\" \/>\n\t<meta property=\"og:image:height\" content=\"725\" \/>\n\t<meta property=\"og:image:type\" content=\"image\/jpeg\" \/>\n<meta name=\"author\" content=\"miro.sopko\" \/>\n<meta name=\"twitter:card\" content=\"summary_large_image\" \/>\n<meta name=\"twitter:label1\" content=\"Written by\" \/>\n\t<meta name=\"twitter:data1\" content=\"miro.sopko\" \/>\n\t<meta name=\"twitter:label2\" content=\"Est. reading time\" \/>\n\t<meta name=\"twitter:data2\" content=\"3 minutes\" \/>\n<script type=\"application\/ld+json\" class=\"yoast-schema-graph\">{\"@context\":\"https:\/\/schema.org\",\"@graph\":[{\"@type\":\"Article\",\"@id\":\"https:\/\/www.smedemokrati.sk\/zilinkova-renta-je-v-skutocnosti-uplatkom-a-pripravou-na-zmenu-na-prokurature\/#article\",\"isPartOf\":{\"@id\":\"https:\/\/www.smedemokrati.sk\/zilinkova-renta-je-v-skutocnosti-uplatkom-a-pripravou-na-zmenu-na-prokurature\/\"},\"author\":{\"name\":\"miro.sopko\",\"@id\":\"https:\/\/www.smedemokrati.sk\/#\/schema\/person\/21f147c88d605aa7ded900e1e7c344ba\"},\"headline\":\"\u017dilinkova renta je v skuto\u010dnosti \u201e\u00faplatkom\u201c a pr\u00edpravou na zmenu na prokurat\u00fare\",\"datePublished\":\"2025-03-27T11:17:18+00:00\",\"dateModified\":\"2025-03-27T11:35:53+00:00\",\"mainEntityOfPage\":{\"@id\":\"https:\/\/www.smedemokrati.sk\/zilinkova-renta-je-v-skutocnosti-uplatkom-a-pripravou-na-zmenu-na-prokurature\/\"},\"wordCount\":1011,\"publisher\":{\"@id\":\"https:\/\/www.smedemokrati.sk\/#organization\"},\"image\":{\"@id\":\"https:\/\/www.smedemokrati.sk\/zilinkova-renta-je-v-skutocnosti-uplatkom-a-pripravou-na-zmenu-na-prokurature\/#primaryimage\"},\"thumbnailUrl\":\"https:\/\/www.smedemokrati.sk\/wp-content\/uploads\/2024\/02\/28jun2022_NRSR_14882325-scaled-1.jpg\",\"articleSection\":[\"Tla\u010dov\u00e9 spr\u00e1vy\"],\"inLanguage\":\"en-US\"},{\"@type\":\"WebPage\",\"@id\":\"https:\/\/www.smedemokrati.sk\/zilinkova-renta-je-v-skutocnosti-uplatkom-a-pripravou-na-zmenu-na-prokurature\/\",\"url\":\"https:\/\/www.smedemokrati.sk\/zilinkova-renta-je-v-skutocnosti-uplatkom-a-pripravou-na-zmenu-na-prokurature\/\",\"name\":\"\u017dilinkova renta je v skuto\u010dnosti \u201e\u00faplatkom\u201c a pr\u00edpravou na zmenu na prokurat\u00fare\",\"isPartOf\":{\"@id\":\"https:\/\/www.smedemokrati.sk\/#website\"},\"primaryImageOfPage\":{\"@id\":\"https:\/\/www.smedemokrati.sk\/zilinkova-renta-je-v-skutocnosti-uplatkom-a-pripravou-na-zmenu-na-prokurature\/#primaryimage\"},\"image\":{\"@id\":\"https:\/\/www.smedemokrati.sk\/zilinkova-renta-je-v-skutocnosti-uplatkom-a-pripravou-na-zmenu-na-prokurature\/#primaryimage\"},\"thumbnailUrl\":\"https:\/\/www.smedemokrati.sk\/wp-content\/uploads\/2024\/02\/28jun2022_NRSR_14882325-scaled-1.jpg\",\"datePublished\":\"2025-03-27T11:17:18+00:00\",\"dateModified\":\"2025-03-27T11:35:53+00:00\",\"description\":\"\",\"breadcrumb\":{\"@id\":\"https:\/\/www.smedemokrati.sk\/zilinkova-renta-je-v-skutocnosti-uplatkom-a-pripravou-na-zmenu-na-prokurature\/#breadcrumb\"},\"inLanguage\":\"en-US\",\"potentialAction\":[{\"@type\":\"ReadAction\",\"target\":[\"https:\/\/www.smedemokrati.sk\/zilinkova-renta-je-v-skutocnosti-uplatkom-a-pripravou-na-zmenu-na-prokurature\/\"]}]},{\"@type\":\"ImageObject\",\"inLanguage\":\"en-US\",\"@id\":\"https:\/\/www.smedemokrati.sk\/zilinkova-renta-je-v-skutocnosti-uplatkom-a-pripravou-na-zmenu-na-prokurature\/#primaryimage\",\"url\":\"https:\/\/www.smedemokrati.sk\/wp-content\/uploads\/2024\/02\/28jun2022_NRSR_14882325-scaled-1.jpg\",\"contentUrl\":\"https:\/\/www.smedemokrati.sk\/wp-content\/uploads\/2024\/02\/28jun2022_NRSR_14882325-scaled-1.jpg\",\"width\":1080,\"height\":725,\"caption\":\"Na sn\u00edmke gener\u00e1lny prokur\u00e1tor SR Maro\u0161 \u017dilinka po\u010das \u00dastavnopr\u00e1vneho v\u00fdboru NR SR k aktu\u00e1lnej situ\u00e1cii na Gener\u00e1lnej prokurat\u00fare Slovenskej republiky 28. j\u00fana 2022 v Bratislave. FOTO TASR - Martin Baumann\"},{\"@type\":\"BreadcrumbList\",\"@id\":\"https:\/\/www.smedemokrati.sk\/zilinkova-renta-je-v-skutocnosti-uplatkom-a-pripravou-na-zmenu-na-prokurature\/#breadcrumb\",\"itemListElement\":[{\"@type\":\"ListItem\",\"position\":1,\"name\":\"Domovsk\u00e1 str\u00e1nka\",\"item\":\"https:\/\/www.smedemokrati.sk\/\"},{\"@type\":\"ListItem\",\"position\":2,\"name\":\"\u017dilinkova renta je v skuto\u010dnosti \u201e\u00faplatkom\u201c a pr\u00edpravou na zmenu na prokurat\u00fare\"}]},{\"@type\":\"WebSite\",\"@id\":\"https:\/\/www.smedemokrati.sk\/#website\",\"url\":\"https:\/\/www.smedemokrati.sk\/\",\"name\":\"Smedemokrati.sk\",\"description\":\"Demokracia a slu\u0161nos\u0165 zv\u00ed\u0165az\u00ed\",\"publisher\":{\"@id\":\"https:\/\/www.smedemokrati.sk\/#organization\"},\"potentialAction\":[{\"@type\":\"SearchAction\",\"target\":{\"@type\":\"EntryPoint\",\"urlTemplate\":\"https:\/\/www.smedemokrati.sk\/?s={search_term_string}\"},\"query-input\":{\"@type\":\"PropertyValueSpecification\",\"valueRequired\":true,\"valueName\":\"search_term_string\"}}],\"inLanguage\":\"en-US\"},{\"@type\":\"Organization\",\"@id\":\"https:\/\/www.smedemokrati.sk\/#organization\",\"name\":\"Smedemokrati.sk\",\"url\":\"https:\/\/www.smedemokrati.sk\/\",\"logo\":{\"@type\":\"ImageObject\",\"inLanguage\":\"en-US\",\"@id\":\"https:\/\/www.smedemokrati.sk\/#\/schema\/logo\/image\/\",\"url\":\"https:\/\/www.smedemokrati.sk\/wp-content\/uploads\/2023\/04\/ff.002.jpeg\",\"contentUrl\":\"https:\/\/www.smedemokrati.sk\/wp-content\/uploads\/2023\/04\/ff.002.jpeg\",\"width\":640,\"height\":480,\"caption\":\"Smedemokrati.sk\"},\"image\":{\"@id\":\"https:\/\/www.smedemokrati.sk\/#\/schema\/logo\/image\/\"},\"sameAs\":[\"https:\/\/www.facebook.com\/smedemokrati2023\"]},{\"@type\":\"Person\",\"@id\":\"https:\/\/www.smedemokrati.sk\/#\/schema\/person\/21f147c88d605aa7ded900e1e7c344ba\",\"name\":\"miro.sopko\",\"image\":{\"@type\":\"ImageObject\",\"inLanguage\":\"en-US\",\"@id\":\"https:\/\/secure.gravatar.com\/avatar\/267e4a36f704376c109afe3a78740c1f5dd8675a2180a908699e7863c9247606?s=96&d=mm&r=g\",\"url\":\"https:\/\/secure.gravatar.com\/avatar\/267e4a36f704376c109afe3a78740c1f5dd8675a2180a908699e7863c9247606?s=96&d=mm&r=g\",\"contentUrl\":\"https:\/\/secure.gravatar.com\/avatar\/267e4a36f704376c109afe3a78740c1f5dd8675a2180a908699e7863c9247606?s=96&d=mm&r=g\",\"caption\":\"miro.sopko\"},\"url\":\"https:\/\/www.smedemokrati.sk\/en\/author\/miro-sopko\/\"}]}<\/script>\n<!-- \/ Yoast SEO plugin. -->","yoast_head_json":{"title":"\u017dilinkova renta je v skuto\u010dnosti \u201e\u00faplatkom\u201c a pr\u00edpravou na zmenu na prokurat\u00fare","description":"[:sv]Strana Demokrati upozor\u0148uje, \u017ee vl\u00e1dna koal\u00edcia sa prostredn\u00edctvom do\u017eivotnej renty pre Maro\u0161a \u017dilinku ide vysmia\u0165 ob\u010danom. Vyz\u00fdvame poslancov, aby tento n\u00e1vrh z\u00e1kona neschv\u00e1lili. Pripom\u00edname, \u017ee nikde v\u00a0Eur\u00f3pskej \u00fanii neexistuje nie\u010do tak\u00e9 ako do\u017eivotn\u00e1 renta pre gener\u00e1lneho prokur\u00e1tora, a\u00a0to po 4 rokoch funkcie. Tento n\u00e1vrh z\u00e1kona nemo\u017eno nazva\u0165 inak ako \u201eodmenu\u201c alebo \u201e\u00faplatok\u201c za slu\u017eby, ktor\u00e9 poskytuje Maro\u0161 \u017dilinka.\u00a0[:]","robots":{"index":"index","follow":"follow","max-snippet":"max-snippet:-1","max-image-preview":"max-image-preview:large","max-video-preview":"max-video-preview:-1"},"canonical":"https:\/\/www.smedemokrati.sk\/en\/zilinkova-renta-je-v-skutocnosti-uplatkom-a-pripravou-na-zmenu-na-prokurature\/","og_locale":"en_US","og_type":"article","og_title":"[:sk]\u017dilinkova renta je v skuto\u010dnosti \u201e\u00faplatkom\u201c a pr\u00edpravou na zmenu na prokurat\u00fare[:sv]\u017dilinkova renta je v skuto\u010dnosti \u201e\u00faplatkom\u201c a pr\u00edpravou na zmenu na prokurat\u00fare[:] - Smedemokrati.sk","og_description":"[:sv]Strana Demokrati upozor\u0148uje, \u017ee vl\u00e1dna koal\u00edcia sa prostredn\u00edctvom do\u017eivotnej renty pre Maro\u0161a \u017dilinku ide vysmia\u0165 ob\u010danom. Vyz\u00fdvame poslancov, aby tento n\u00e1vrh z\u00e1kona neschv\u00e1lili. Pripom\u00edname, \u017ee nikde v\u00a0Eur\u00f3pskej \u00fanii neexistuje nie\u010do tak\u00e9 ako do\u017eivotn\u00e1 renta pre gener\u00e1lneho prokur\u00e1tora, a\u00a0to po 4 rokoch funkcie. Tento n\u00e1vrh z\u00e1kona nemo\u017eno nazva\u0165 inak ako \u201eodmenu\u201c alebo \u201e\u00faplatok\u201c za slu\u017eby, ktor\u00e9 poskytuje Maro\u0161 \u017dilinka.\u00a0[:]","og_url":"https:\/\/www.smedemokrati.sk\/en\/zilinkova-renta-je-v-skutocnosti-uplatkom-a-pripravou-na-zmenu-na-prokurature\/","og_site_name":"Smedemokrati.sk","article_publisher":"https:\/\/www.facebook.com\/smedemokrati2023","article_published_time":"2025-03-27T11:17:18+00:00","article_modified_time":"2025-03-27T11:35:53+00:00","og_image":[{"width":1080,"height":725,"url":"https:\/\/www.smedemokrati.sk\/wp-content\/uploads\/2024\/02\/28jun2022_NRSR_14882325-scaled-1.jpg","type":"image\/jpeg"}],"author":"miro.sopko","twitter_card":"summary_large_image","twitter_misc":{"Written by":"miro.sopko","Est. reading time":"3 minutes"},"schema":{"@context":"https:\/\/schema.org","@graph":[{"@type":"Article","@id":"https:\/\/www.smedemokrati.sk\/zilinkova-renta-je-v-skutocnosti-uplatkom-a-pripravou-na-zmenu-na-prokurature\/#article","isPartOf":{"@id":"https:\/\/www.smedemokrati.sk\/zilinkova-renta-je-v-skutocnosti-uplatkom-a-pripravou-na-zmenu-na-prokurature\/"},"author":{"name":"miro.sopko","@id":"https:\/\/www.smedemokrati.sk\/#\/schema\/person\/21f147c88d605aa7ded900e1e7c344ba"},"headline":"\u017dilinkova renta je v skuto\u010dnosti \u201e\u00faplatkom\u201c a pr\u00edpravou na zmenu na prokurat\u00fare","datePublished":"2025-03-27T11:17:18+00:00","dateModified":"2025-03-27T11:35:53+00:00","mainEntityOfPage":{"@id":"https:\/\/www.smedemokrati.sk\/zilinkova-renta-je-v-skutocnosti-uplatkom-a-pripravou-na-zmenu-na-prokurature\/"},"wordCount":1011,"publisher":{"@id":"https:\/\/www.smedemokrati.sk\/#organization"},"image":{"@id":"https:\/\/www.smedemokrati.sk\/zilinkova-renta-je-v-skutocnosti-uplatkom-a-pripravou-na-zmenu-na-prokurature\/#primaryimage"},"thumbnailUrl":"https:\/\/www.smedemokrati.sk\/wp-content\/uploads\/2024\/02\/28jun2022_NRSR_14882325-scaled-1.jpg","articleSection":["Tla\u010dov\u00e9 spr\u00e1vy"],"inLanguage":"en-US"},{"@type":"WebPage","@id":"https:\/\/www.smedemokrati.sk\/zilinkova-renta-je-v-skutocnosti-uplatkom-a-pripravou-na-zmenu-na-prokurature\/","url":"https:\/\/www.smedemokrati.sk\/zilinkova-renta-je-v-skutocnosti-uplatkom-a-pripravou-na-zmenu-na-prokurature\/","name":"\u017dilinkova renta je v skuto\u010dnosti \u201e\u00faplatkom\u201c a pr\u00edpravou na zmenu na prokurat\u00fare","isPartOf":{"@id":"https:\/\/www.smedemokrati.sk\/#website"},"primaryImageOfPage":{"@id":"https:\/\/www.smedemokrati.sk\/zilinkova-renta-je-v-skutocnosti-uplatkom-a-pripravou-na-zmenu-na-prokurature\/#primaryimage"},"image":{"@id":"https:\/\/www.smedemokrati.sk\/zilinkova-renta-je-v-skutocnosti-uplatkom-a-pripravou-na-zmenu-na-prokurature\/#primaryimage"},"thumbnailUrl":"https:\/\/www.smedemokrati.sk\/wp-content\/uploads\/2024\/02\/28jun2022_NRSR_14882325-scaled-1.jpg","datePublished":"2025-03-27T11:17:18+00:00","dateModified":"2025-03-27T11:35:53+00:00","description":"","breadcrumb":{"@id":"https:\/\/www.smedemokrati.sk\/zilinkova-renta-je-v-skutocnosti-uplatkom-a-pripravou-na-zmenu-na-prokurature\/#breadcrumb"},"inLanguage":"en-US","potentialAction":[{"@type":"ReadAction","target":["https:\/\/www.smedemokrati.sk\/zilinkova-renta-je-v-skutocnosti-uplatkom-a-pripravou-na-zmenu-na-prokurature\/"]}]},{"@type":"ImageObject","inLanguage":"en-US","@id":"https:\/\/www.smedemokrati.sk\/zilinkova-renta-je-v-skutocnosti-uplatkom-a-pripravou-na-zmenu-na-prokurature\/#primaryimage","url":"https:\/\/www.smedemokrati.sk\/wp-content\/uploads\/2024\/02\/28jun2022_NRSR_14882325-scaled-1.jpg","contentUrl":"https:\/\/www.smedemokrati.sk\/wp-content\/uploads\/2024\/02\/28jun2022_NRSR_14882325-scaled-1.jpg","width":1080,"height":725,"caption":"Na sn\u00edmke gener\u00e1lny prokur\u00e1tor SR Maro\u0161 \u017dilinka po\u010das \u00dastavnopr\u00e1vneho v\u00fdboru NR SR k aktu\u00e1lnej situ\u00e1cii na Gener\u00e1lnej prokurat\u00fare Slovenskej republiky 28. j\u00fana 2022 v Bratislave. FOTO TASR - Martin Baumann"},{"@type":"BreadcrumbList","@id":"https:\/\/www.smedemokrati.sk\/zilinkova-renta-je-v-skutocnosti-uplatkom-a-pripravou-na-zmenu-na-prokurature\/#breadcrumb","itemListElement":[{"@type":"ListItem","position":1,"name":"Domovsk\u00e1 str\u00e1nka","item":"https:\/\/www.smedemokrati.sk\/"},{"@type":"ListItem","position":2,"name":"\u017dilinkova renta je v skuto\u010dnosti \u201e\u00faplatkom\u201c a pr\u00edpravou na zmenu na prokurat\u00fare"}]},{"@type":"WebSite","@id":"https:\/\/www.smedemokrati.sk\/#website","url":"https:\/\/www.smedemokrati.sk\/","name":"Smedemokrati.sk","description":"Demokracia a slu\u0161nos\u0165 zv\u00ed\u0165az\u00ed","publisher":{"@id":"https:\/\/www.smedemokrati.sk\/#organization"},"potentialAction":[{"@type":"SearchAction","target":{"@type":"EntryPoint","urlTemplate":"https:\/\/www.smedemokrati.sk\/?s={search_term_string}"},"query-input":{"@type":"PropertyValueSpecification","valueRequired":true,"valueName":"search_term_string"}}],"inLanguage":"en-US"},{"@type":"Organization","@id":"https:\/\/www.smedemokrati.sk\/#organization","name":"Smedemokrati.sk","url":"https:\/\/www.smedemokrati.sk\/","logo":{"@type":"ImageObject","inLanguage":"en-US","@id":"https:\/\/www.smedemokrati.sk\/#\/schema\/logo\/image\/","url":"https:\/\/www.smedemokrati.sk\/wp-content\/uploads\/2023\/04\/ff.002.jpeg","contentUrl":"https:\/\/www.smedemokrati.sk\/wp-content\/uploads\/2023\/04\/ff.002.jpeg","width":640,"height":480,"caption":"Smedemokrati.sk"},"image":{"@id":"https:\/\/www.smedemokrati.sk\/#\/schema\/logo\/image\/"},"sameAs":["https:\/\/www.facebook.com\/smedemokrati2023"]},{"@type":"Person","@id":"https:\/\/www.smedemokrati.sk\/#\/schema\/person\/21f147c88d605aa7ded900e1e7c344ba","name":"miro.sopko","image":{"@type":"ImageObject","inLanguage":"en-US","@id":"https:\/\/secure.gravatar.com\/avatar\/267e4a36f704376c109afe3a78740c1f5dd8675a2180a908699e7863c9247606?s=96&d=mm&r=g","url":"https:\/\/secure.gravatar.com\/avatar\/267e4a36f704376c109afe3a78740c1f5dd8675a2180a908699e7863c9247606?s=96&d=mm&r=g","contentUrl":"https:\/\/secure.gravatar.com\/avatar\/267e4a36f704376c109afe3a78740c1f5dd8675a2180a908699e7863c9247606?s=96&d=mm&r=g","caption":"miro.sopko"},"url":"https:\/\/www.smedemokrati.sk\/en\/author\/miro-sopko\/"}]}},"_links":{"self":[{"href":"https:\/\/www.smedemokrati.sk\/en\/wp-json\/wp\/v2\/posts\/6759","targetHints":{"allow":["GET"]}}],"collection":[{"href":"https:\/\/www.smedemokrati.sk\/en\/wp-json\/wp\/v2\/posts"}],"about":[{"href":"https:\/\/www.smedemokrati.sk\/en\/wp-json\/wp\/v2\/types\/post"}],"author":[{"embeddable":true,"href":"https:\/\/www.smedemokrati.sk\/en\/wp-json\/wp\/v2\/users\/13"}],"replies":[{"embeddable":true,"href":"https:\/\/www.smedemokrati.sk\/en\/wp-json\/wp\/v2\/comments?post=6759"}],"version-history":[{"count":3,"href":"https:\/\/www.smedemokrati.sk\/en\/wp-json\/wp\/v2\/posts\/6759\/revisions"}],"predecessor-version":[{"id":6764,"href":"https:\/\/www.smedemokrati.sk\/en\/wp-json\/wp\/v2\/posts\/6759\/revisions\/6764"}],"wp:featuredmedia":[{"embeddable":true,"href":"https:\/\/www.smedemokrati.sk\/en\/wp-json\/wp\/v2\/media\/2662"}],"wp:attachment":[{"href":"https:\/\/www.smedemokrati.sk\/en\/wp-json\/wp\/v2\/media?parent=6759"}],"wp:term":[{"taxonomy":"category","embeddable":true,"href":"https:\/\/www.smedemokrati.sk\/en\/wp-json\/wp\/v2\/categories?post=6759"},{"taxonomy":"post_tag","embeddable":true,"href":"https:\/\/www.smedemokrati.sk\/en\/wp-json\/wp\/v2\/tags?post=6759"}],"curies":[{"name":"wp","href":"https:\/\/api.w.org\/{rel}","templated":true}]}}