{"id":6756,"date":"2025-03-26T19:23:14","date_gmt":"2025-03-26T18:23:14","guid":{"rendered":"https:\/\/www.smedemokrati.sk\/?p=6756"},"modified":"2025-03-26T19:23:16","modified_gmt":"2025-03-26T18:23:16","slug":"stanovisko-k-obrannym-vydavkom","status":"publish","type":"post","link":"https:\/\/www.smedemokrati.sk\/en\/stanovisko-k-obrannym-vydavkom\/","title":{"rendered":"Stanovisko k obrann\u00fdm v\u00fddavkom"},"content":{"rendered":"<div id=\"fb-root\"><\/div>\n\n<p><em><strong>Stanovisko Jaroslava Na\u010fa, exministra obrany a predsedu strany Demokrati k potrebe zv\u00fd\u0161enia obrann\u00fdch v\u00fddavkov Slovenskej republiky v s\u00favislosti so stanoviskami prezentovan\u00fdmi po okr\u00fahlom stole u prezidenta:<\/strong><\/em><\/p>\n\n\n\n<p>\u201eAktu\u00e1lna geopolitick\u00e1 situ\u00e1cia a z toho vypl\u00fdvaj\u00face potencion\u00e1lne ohrozenie Slovenskej republiky, je v s\u00fa\u010dasnosti najvy\u0161\u0161ie v jej hist\u00f3rii. Toto ohrozenie jasne deklaruj\u00fa takmer v\u0161etky \u010dlensk\u00e9 \u0161t\u00e1ty E\u00da a NATO, pri\u010dom drviv\u00e1 v\u00e4\u010d\u0161ina z nich pr\u00e1ve v tejto s\u00favislosti ohl\u00e1sila v\u00fdrazn\u00e9 nav\u00fd\u0161enie svojich obrann\u00fdch v\u00fddavkov.\u00a0<\/p>\n\n\n\n<p>Je preto absol\u00fatne nepochopite\u013en\u00e9, \u017ee vl\u00e1da Roberta Fica a dokonca aj samotn\u00fd minister obrany Robert Kali\u0148\u00e1k s\u00fa proti zvy\u0161ovaniu obrann\u00fdch v\u00fddavkov a t\u00fdm aj zvy\u0161ovaniu obranyschopnosti Slovenskej republiky. Ide o nezodpovedn\u00e9 spr\u00e1vanie, ktor\u00e9 vystavuje Slovensk\u00fa republiku vysokej miere ohrozenia.&nbsp;<\/p>\n\n\n\n<p>Strana Demokrati jednozna\u010dne podporuje postupn\u00e9 navy\u0161ovanie obrann\u00fdch v\u00fddavkov Slovenskej republiky, a to o minim\u00e1lne 0,2% HDP ka\u017ed\u00fd rok, a\u017e po dosiahnutie \u00farovne minim\u00e1lne 3% HDP. Treba poveda\u0165, \u017ee aj po tomto nav\u00fd\u0161en\u00ed by Slovensko patrilo ku krajin\u00e1m, ktor\u00e9 bud\u00fa v invest\u00edci\u00e1ch do vlastnej obrany zna\u010dne zaost\u00e1va\u0165 oproti viacer\u00fdm in\u00fdm krajin\u00e1m na v\u00fdchodnom kr\u00eddle NATO.<\/p>\n\n\n\n<p>Je z\u00e1rove\u0148 smutn\u00fdm faktom, \u017ee rezort obrany pod s\u00fa\u010dasn\u00fdm veden\u00edm nedok\u00e1\u017ee opakovane min\u00fa\u0165 ani len deklarovan\u00e9 a pl\u00e1novan\u00e9 2% HDP v\u00fddavkov na obranu, resp. ich m\u00ed\u0148a aj na oblasti, ktor\u00e9 s obranou SR v\u00f4bec nes\u00favisia. Pravdou je tie\u017e to, \u017ee minister Kali\u0148\u00e1k kon\u00e1 netransparentne, moderniz\u00e1cia ozbrojen\u00fdch s\u00edl je pomal\u00e1 a nedostato\u010dn\u00e1 a najm\u00e4, nem\u00e1 \u017eiadnu logiku a syst\u00e9m. Obrana pod Kali\u0148\u00e1kom nakupuje aj z poh\u013eadu odpor\u00fa\u010dan\u00ed NATO zbyto\u010dnosti a nepodstatn\u00e9 veci, pri\u010dom stanoven\u00e9 priority ods\u00fava na nesk\u00f4r.&nbsp;<\/p>\n\n\n\n<p>V pr\u00edpade, \u017ee bude podp\u00edsan\u00e1 mierov\u00e1 dohoda medzi Ukrajinou a Ruskou feder\u00e1ciou, mus\u00ed medzin\u00e1rodn\u00e9 spolo\u010denstvo jasne zaisti\u0165 jej udr\u017eate\u013enos\u0165 a kredibilitu. To sa d\u00e1 realizova\u0165 iba cestou prijatia Ukrajiny do NATO alebo nasaden\u00edm medzin\u00e1rodn\u00fdch jednotiek na udr\u017eanie mieru (peace keeping) medzi znepriatelen\u00fdmi stranami. Slovensk\u00e1 republika nasadzuje svoje ozbrojen\u00e9 sily do rovnak\u00fdch oper\u00e1ci\u00ed dlhodobo, napr\u00edklad na Cypre. Strana Demokrati pova\u017euje preto za prirodzen\u00e9, aby sme v pr\u00edpade, \u017ee bude podp\u00edsan\u00e9 pr\u00edmerie alebo mierov\u00e1 dohoda a d\u00f4jde k nasadeniu medzin\u00e1rodnej misie na udr\u017eanie mieru na Ukrajine, nasadili aj na\u0161e jednotky po boku na\u0161ich spojencov z E\u00da a NATO do takejto mierovej misie. I\u0161lo by o spr\u00e1vne mor\u00e1lne, ale aj strategicky rozhodnutie, ke\u010f\u017ee je prim\u00e1rne na\u0161\u00edm bezpe\u010dnostn\u00fdm z\u00e1ujmom, aby na Ukrajine zavl\u00e1dol dlhodobo udr\u017eate\u013en\u00fd mier.&#8221;&nbsp;&nbsp;<\/p>\n","protected":false},"excerpt":{"rendered":"<p>Stanovisko Jaroslava Na\u010fa, exministra obrany a predsedu strany Demokrati k potrebe zv\u00fd\u0161enia obrann\u00fdch v\u00fddavkov Slovenskej republiky v s\u00favislosti so stanoviskami prezentovan\u00fdmi po okr\u00fahlom stole u prezidenta: \u201eAktu\u00e1lna geopolitick\u00e1 situ\u00e1cia a z toho vypl\u00fdvaj\u00face potencion\u00e1lne ohrozenie Slovenskej republiky, je v s\u00fa\u010dasnosti najvy\u0161\u0161ie v jej hist\u00f3rii. Toto ohrozenie jasne deklaruj\u00fa takmer v\u0161etky \u010dlensk\u00e9 \u0161t\u00e1ty E\u00da a NATO, [&hellip;]<\/p>\n","protected":false},"author":13,"featured_media":250,"comment_status":"closed","ping_status":"closed","sticky":false,"template":"","format":"standard","meta":{"_acf_changed":false,"ngg_post_thumbnail":0,"footnotes":""},"categories":[11],"tags":[],"class_list":["post-6756","post","type-post","status-publish","format-standard","has-post-thumbnail","hentry","category-vyhlasenia"],"acf":[],"yoast_head":"<!-- This site is optimized with the Yoast SEO plugin v27.2 - https:\/\/yoast.com\/product\/yoast-seo-wordpress\/ -->\n<title>Stanovisko k obrann\u00fdm v\u00fddavkom<\/title>\n<meta name=\"robots\" content=\"index, follow, max-snippet:-1, max-image-preview:large, max-video-preview:-1\" \/>\n<link rel=\"canonical\" href=\"https:\/\/www.smedemokrati.sk\/en\/stanovisko-k-obrannym-vydavkom\/\" \/>\n<meta property=\"og:locale\" content=\"en_US\" \/>\n<meta property=\"og:locale:alternate\" content=\"cs_CZ\" \/>\n<meta property=\"og:locale:alternate\" content=\"hu_HU\" \/>\n<meta property=\"og:locale:alternate\" content=\"sk_SK\" \/>\n<meta property=\"og:locale:alternate\" content=\"sv_SE\" \/>\n<meta property=\"og:type\" content=\"article\" \/>\n<meta property=\"og:title\" content=\"Stanovisko k obrann\u00fdm v\u00fddavkom\" \/>\n<meta property=\"og:description\" content=\"Stanovisko Jaroslava Na\u010fa, exministra obrany a predsedu strany Demokrati k potrebe zv\u00fd\u0161enia obrann\u00fdch v\u00fddavkov Slovenskej republiky v s\u00favislosti so stanoviskami prezentovan\u00fdmi po okr\u00fahlom stole u prezidenta: \u201eAktu\u00e1lna geopolitick\u00e1 situ\u00e1cia a z toho vypl\u00fdvaj\u00face potencion\u00e1lne ohrozenie Slovenskej republiky, je v s\u00fa\u010dasnosti najvy\u0161\u0161ie v jej hist\u00f3rii. Toto ohrozenie jasne deklaruj\u00fa takmer v\u0161etky \u010dlensk\u00e9 \u0161t\u00e1ty E\u00da a NATO, [&hellip;]\" \/>\n<meta property=\"og:url\" content=\"https:\/\/www.smedemokrati.sk\/en\/stanovisko-k-obrannym-vydavkom\/\" \/>\n<meta property=\"og:site_name\" content=\"Smedemokrati.sk\" \/>\n<meta property=\"article:publisher\" content=\"https:\/\/www.facebook.com\/smedemokrati2023\" \/>\n<meta property=\"article:published_time\" content=\"2025-03-26T18:23:14+00:00\" \/>\n<meta property=\"article:modified_time\" content=\"2025-03-26T18:23:16+00:00\" \/>\n<meta property=\"og:image\" content=\"https:\/\/www.smedemokrati.sk\/wp-content\/uploads\/2023\/04\/JN.jpg\" \/>\n\t<meta property=\"og:image:width\" content=\"1520\" \/>\n\t<meta property=\"og:image:height\" content=\"1080\" \/>\n\t<meta property=\"og:image:type\" content=\"image\/jpeg\" \/>\n<meta name=\"author\" content=\"miro.sopko\" \/>\n<meta name=\"twitter:card\" content=\"summary_large_image\" \/>\n<meta name=\"twitter:label1\" content=\"Written by\" \/>\n\t<meta name=\"twitter:data1\" content=\"miro.sopko\" \/>\n\t<meta name=\"twitter:label2\" content=\"Est. reading time\" \/>\n\t<meta name=\"twitter:data2\" content=\"3 minutes\" \/>\n<script type=\"application\/ld+json\" class=\"yoast-schema-graph\">{\"@context\":\"https:\/\/schema.org\",\"@graph\":[{\"@type\":\"Article\",\"@id\":\"https:\/\/www.smedemokrati.sk\/stanovisko-k-obrannym-vydavkom\/#article\",\"isPartOf\":{\"@id\":\"https:\/\/www.smedemokrati.sk\/stanovisko-k-obrannym-vydavkom\/\"},\"author\":{\"name\":\"miro.sopko\",\"@id\":\"https:\/\/www.smedemokrati.sk\/#\/schema\/person\/21f147c88d605aa7ded900e1e7c344ba\"},\"headline\":\"Stanovisko k obrann\u00fdm v\u00fddavkom\",\"datePublished\":\"2025-03-26T18:23:14+00:00\",\"dateModified\":\"2025-03-26T18:23:16+00:00\",\"mainEntityOfPage\":{\"@id\":\"https:\/\/www.smedemokrati.sk\/stanovisko-k-obrannym-vydavkom\/\"},\"wordCount\":485,\"publisher\":{\"@id\":\"https:\/\/www.smedemokrati.sk\/#organization\"},\"image\":{\"@id\":\"https:\/\/www.smedemokrati.sk\/stanovisko-k-obrannym-vydavkom\/#primaryimage\"},\"thumbnailUrl\":\"https:\/\/www.smedemokrati.sk\/wp-content\/uploads\/2023\/04\/JN.jpg\",\"articleSection\":[\"Vyhl\u00e1senia\"],\"inLanguage\":\"en-US\"},{\"@type\":\"WebPage\",\"@id\":\"https:\/\/www.smedemokrati.sk\/stanovisko-k-obrannym-vydavkom\/\",\"url\":\"https:\/\/www.smedemokrati.sk\/stanovisko-k-obrannym-vydavkom\/\",\"name\":\"Stanovisko k obrann\u00fdm v\u00fddavkom\",\"isPartOf\":{\"@id\":\"https:\/\/www.smedemokrati.sk\/#website\"},\"primaryImageOfPage\":{\"@id\":\"https:\/\/www.smedemokrati.sk\/stanovisko-k-obrannym-vydavkom\/#primaryimage\"},\"image\":{\"@id\":\"https:\/\/www.smedemokrati.sk\/stanovisko-k-obrannym-vydavkom\/#primaryimage\"},\"thumbnailUrl\":\"https:\/\/www.smedemokrati.sk\/wp-content\/uploads\/2023\/04\/JN.jpg\",\"datePublished\":\"2025-03-26T18:23:14+00:00\",\"dateModified\":\"2025-03-26T18:23:16+00:00\",\"breadcrumb\":{\"@id\":\"https:\/\/www.smedemokrati.sk\/stanovisko-k-obrannym-vydavkom\/#breadcrumb\"},\"inLanguage\":\"en-US\",\"potentialAction\":[{\"@type\":\"ReadAction\",\"target\":[\"https:\/\/www.smedemokrati.sk\/stanovisko-k-obrannym-vydavkom\/\"]}]},{\"@type\":\"ImageObject\",\"inLanguage\":\"en-US\",\"@id\":\"https:\/\/www.smedemokrati.sk\/stanovisko-k-obrannym-vydavkom\/#primaryimage\",\"url\":\"https:\/\/www.smedemokrati.sk\/wp-content\/uploads\/2023\/04\/JN.jpg\",\"contentUrl\":\"https:\/\/www.smedemokrati.sk\/wp-content\/uploads\/2023\/04\/JN.jpg\",\"width\":1520,\"height\":1080},{\"@type\":\"BreadcrumbList\",\"@id\":\"https:\/\/www.smedemokrati.sk\/stanovisko-k-obrannym-vydavkom\/#breadcrumb\",\"itemListElement\":[{\"@type\":\"ListItem\",\"position\":1,\"name\":\"Domovsk\u00e1 str\u00e1nka\",\"item\":\"https:\/\/www.smedemokrati.sk\/\"},{\"@type\":\"ListItem\",\"position\":2,\"name\":\"Stanovisko k obrann\u00fdm v\u00fddavkom\"}]},{\"@type\":\"WebSite\",\"@id\":\"https:\/\/www.smedemokrati.sk\/#website\",\"url\":\"https:\/\/www.smedemokrati.sk\/\",\"name\":\"Smedemokrati.sk\",\"description\":\"Demokracia a slu\u0161nos\u0165 zv\u00ed\u0165az\u00ed\",\"publisher\":{\"@id\":\"https:\/\/www.smedemokrati.sk\/#organization\"},\"potentialAction\":[{\"@type\":\"SearchAction\",\"target\":{\"@type\":\"EntryPoint\",\"urlTemplate\":\"https:\/\/www.smedemokrati.sk\/?s={search_term_string}\"},\"query-input\":{\"@type\":\"PropertyValueSpecification\",\"valueRequired\":true,\"valueName\":\"search_term_string\"}}],\"inLanguage\":\"en-US\"},{\"@type\":\"Organization\",\"@id\":\"https:\/\/www.smedemokrati.sk\/#organization\",\"name\":\"Smedemokrati.sk\",\"url\":\"https:\/\/www.smedemokrati.sk\/\",\"logo\":{\"@type\":\"ImageObject\",\"inLanguage\":\"en-US\",\"@id\":\"https:\/\/www.smedemokrati.sk\/#\/schema\/logo\/image\/\",\"url\":\"https:\/\/www.smedemokrati.sk\/wp-content\/uploads\/2023\/04\/ff.002.jpeg\",\"contentUrl\":\"https:\/\/www.smedemokrati.sk\/wp-content\/uploads\/2023\/04\/ff.002.jpeg\",\"width\":640,\"height\":480,\"caption\":\"Smedemokrati.sk\"},\"image\":{\"@id\":\"https:\/\/www.smedemokrati.sk\/#\/schema\/logo\/image\/\"},\"sameAs\":[\"https:\/\/www.facebook.com\/smedemokrati2023\"]},{\"@type\":\"Person\",\"@id\":\"https:\/\/www.smedemokrati.sk\/#\/schema\/person\/21f147c88d605aa7ded900e1e7c344ba\",\"name\":\"miro.sopko\",\"image\":{\"@type\":\"ImageObject\",\"inLanguage\":\"en-US\",\"@id\":\"https:\/\/secure.gravatar.com\/avatar\/267e4a36f704376c109afe3a78740c1f5dd8675a2180a908699e7863c9247606?s=96&d=mm&r=g\",\"url\":\"https:\/\/secure.gravatar.com\/avatar\/267e4a36f704376c109afe3a78740c1f5dd8675a2180a908699e7863c9247606?s=96&d=mm&r=g\",\"contentUrl\":\"https:\/\/secure.gravatar.com\/avatar\/267e4a36f704376c109afe3a78740c1f5dd8675a2180a908699e7863c9247606?s=96&d=mm&r=g\",\"caption\":\"miro.sopko\"},\"url\":\"https:\/\/www.smedemokrati.sk\/en\/author\/miro-sopko\/\"}]}<\/script>\n<!-- \/ Yoast SEO plugin. -->","yoast_head_json":{"title":"Stanovisko k obrann\u00fdm v\u00fddavkom","robots":{"index":"index","follow":"follow","max-snippet":"max-snippet:-1","max-image-preview":"max-image-preview:large","max-video-preview":"max-video-preview:-1"},"canonical":"https:\/\/www.smedemokrati.sk\/en\/stanovisko-k-obrannym-vydavkom\/","og_locale":"en_US","og_type":"article","og_title":"[:sk]Stanovisko k obrann\u00fdm v\u00fddavkom[:] - Smedemokrati.sk","og_description":"Stanovisko Jaroslava Na\u010fa, exministra obrany a predsedu strany Demokrati k potrebe zv\u00fd\u0161enia obrann\u00fdch v\u00fddavkov Slovenskej republiky v s\u00favislosti so stanoviskami prezentovan\u00fdmi po okr\u00fahlom stole u prezidenta: \u201eAktu\u00e1lna geopolitick\u00e1 situ\u00e1cia a z toho vypl\u00fdvaj\u00face potencion\u00e1lne ohrozenie Slovenskej republiky, je v s\u00fa\u010dasnosti najvy\u0161\u0161ie v jej hist\u00f3rii. Toto ohrozenie jasne deklaruj\u00fa takmer v\u0161etky \u010dlensk\u00e9 \u0161t\u00e1ty E\u00da a NATO, [&hellip;]","og_url":"https:\/\/www.smedemokrati.sk\/en\/stanovisko-k-obrannym-vydavkom\/","og_site_name":"Smedemokrati.sk","article_publisher":"https:\/\/www.facebook.com\/smedemokrati2023","article_published_time":"2025-03-26T18:23:14+00:00","article_modified_time":"2025-03-26T18:23:16+00:00","og_image":[{"width":1520,"height":1080,"url":"https:\/\/www.smedemokrati.sk\/wp-content\/uploads\/2023\/04\/JN.jpg","type":"image\/jpeg"}],"author":"miro.sopko","twitter_card":"summary_large_image","twitter_misc":{"Written by":"miro.sopko","Est. reading time":"3 minutes"},"schema":{"@context":"https:\/\/schema.org","@graph":[{"@type":"Article","@id":"https:\/\/www.smedemokrati.sk\/stanovisko-k-obrannym-vydavkom\/#article","isPartOf":{"@id":"https:\/\/www.smedemokrati.sk\/stanovisko-k-obrannym-vydavkom\/"},"author":{"name":"miro.sopko","@id":"https:\/\/www.smedemokrati.sk\/#\/schema\/person\/21f147c88d605aa7ded900e1e7c344ba"},"headline":"Stanovisko k obrann\u00fdm v\u00fddavkom","datePublished":"2025-03-26T18:23:14+00:00","dateModified":"2025-03-26T18:23:16+00:00","mainEntityOfPage":{"@id":"https:\/\/www.smedemokrati.sk\/stanovisko-k-obrannym-vydavkom\/"},"wordCount":485,"publisher":{"@id":"https:\/\/www.smedemokrati.sk\/#organization"},"image":{"@id":"https:\/\/www.smedemokrati.sk\/stanovisko-k-obrannym-vydavkom\/#primaryimage"},"thumbnailUrl":"https:\/\/www.smedemokrati.sk\/wp-content\/uploads\/2023\/04\/JN.jpg","articleSection":["Vyhl\u00e1senia"],"inLanguage":"en-US"},{"@type":"WebPage","@id":"https:\/\/www.smedemokrati.sk\/stanovisko-k-obrannym-vydavkom\/","url":"https:\/\/www.smedemokrati.sk\/stanovisko-k-obrannym-vydavkom\/","name":"Stanovisko k obrann\u00fdm v\u00fddavkom","isPartOf":{"@id":"https:\/\/www.smedemokrati.sk\/#website"},"primaryImageOfPage":{"@id":"https:\/\/www.smedemokrati.sk\/stanovisko-k-obrannym-vydavkom\/#primaryimage"},"image":{"@id":"https:\/\/www.smedemokrati.sk\/stanovisko-k-obrannym-vydavkom\/#primaryimage"},"thumbnailUrl":"https:\/\/www.smedemokrati.sk\/wp-content\/uploads\/2023\/04\/JN.jpg","datePublished":"2025-03-26T18:23:14+00:00","dateModified":"2025-03-26T18:23:16+00:00","breadcrumb":{"@id":"https:\/\/www.smedemokrati.sk\/stanovisko-k-obrannym-vydavkom\/#breadcrumb"},"inLanguage":"en-US","potentialAction":[{"@type":"ReadAction","target":["https:\/\/www.smedemokrati.sk\/stanovisko-k-obrannym-vydavkom\/"]}]},{"@type":"ImageObject","inLanguage":"en-US","@id":"https:\/\/www.smedemokrati.sk\/stanovisko-k-obrannym-vydavkom\/#primaryimage","url":"https:\/\/www.smedemokrati.sk\/wp-content\/uploads\/2023\/04\/JN.jpg","contentUrl":"https:\/\/www.smedemokrati.sk\/wp-content\/uploads\/2023\/04\/JN.jpg","width":1520,"height":1080},{"@type":"BreadcrumbList","@id":"https:\/\/www.smedemokrati.sk\/stanovisko-k-obrannym-vydavkom\/#breadcrumb","itemListElement":[{"@type":"ListItem","position":1,"name":"Domovsk\u00e1 str\u00e1nka","item":"https:\/\/www.smedemokrati.sk\/"},{"@type":"ListItem","position":2,"name":"Stanovisko k obrann\u00fdm v\u00fddavkom"}]},{"@type":"WebSite","@id":"https:\/\/www.smedemokrati.sk\/#website","url":"https:\/\/www.smedemokrati.sk\/","name":"Smedemokrati.sk","description":"Demokracia a slu\u0161nos\u0165 zv\u00ed\u0165az\u00ed","publisher":{"@id":"https:\/\/www.smedemokrati.sk\/#organization"},"potentialAction":[{"@type":"SearchAction","target":{"@type":"EntryPoint","urlTemplate":"https:\/\/www.smedemokrati.sk\/?s={search_term_string}"},"query-input":{"@type":"PropertyValueSpecification","valueRequired":true,"valueName":"search_term_string"}}],"inLanguage":"en-US"},{"@type":"Organization","@id":"https:\/\/www.smedemokrati.sk\/#organization","name":"Smedemokrati.sk","url":"https:\/\/www.smedemokrati.sk\/","logo":{"@type":"ImageObject","inLanguage":"en-US","@id":"https:\/\/www.smedemokrati.sk\/#\/schema\/logo\/image\/","url":"https:\/\/www.smedemokrati.sk\/wp-content\/uploads\/2023\/04\/ff.002.jpeg","contentUrl":"https:\/\/www.smedemokrati.sk\/wp-content\/uploads\/2023\/04\/ff.002.jpeg","width":640,"height":480,"caption":"Smedemokrati.sk"},"image":{"@id":"https:\/\/www.smedemokrati.sk\/#\/schema\/logo\/image\/"},"sameAs":["https:\/\/www.facebook.com\/smedemokrati2023"]},{"@type":"Person","@id":"https:\/\/www.smedemokrati.sk\/#\/schema\/person\/21f147c88d605aa7ded900e1e7c344ba","name":"miro.sopko","image":{"@type":"ImageObject","inLanguage":"en-US","@id":"https:\/\/secure.gravatar.com\/avatar\/267e4a36f704376c109afe3a78740c1f5dd8675a2180a908699e7863c9247606?s=96&d=mm&r=g","url":"https:\/\/secure.gravatar.com\/avatar\/267e4a36f704376c109afe3a78740c1f5dd8675a2180a908699e7863c9247606?s=96&d=mm&r=g","contentUrl":"https:\/\/secure.gravatar.com\/avatar\/267e4a36f704376c109afe3a78740c1f5dd8675a2180a908699e7863c9247606?s=96&d=mm&r=g","caption":"miro.sopko"},"url":"https:\/\/www.smedemokrati.sk\/en\/author\/miro-sopko\/"}]}},"_links":{"self":[{"href":"https:\/\/www.smedemokrati.sk\/en\/wp-json\/wp\/v2\/posts\/6756","targetHints":{"allow":["GET"]}}],"collection":[{"href":"https:\/\/www.smedemokrati.sk\/en\/wp-json\/wp\/v2\/posts"}],"about":[{"href":"https:\/\/www.smedemokrati.sk\/en\/wp-json\/wp\/v2\/types\/post"}],"author":[{"embeddable":true,"href":"https:\/\/www.smedemokrati.sk\/en\/wp-json\/wp\/v2\/users\/13"}],"replies":[{"embeddable":true,"href":"https:\/\/www.smedemokrati.sk\/en\/wp-json\/wp\/v2\/comments?post=6756"}],"version-history":[{"count":1,"href":"https:\/\/www.smedemokrati.sk\/en\/wp-json\/wp\/v2\/posts\/6756\/revisions"}],"predecessor-version":[{"id":6757,"href":"https:\/\/www.smedemokrati.sk\/en\/wp-json\/wp\/v2\/posts\/6756\/revisions\/6757"}],"wp:featuredmedia":[{"embeddable":true,"href":"https:\/\/www.smedemokrati.sk\/en\/wp-json\/wp\/v2\/media\/250"}],"wp:attachment":[{"href":"https:\/\/www.smedemokrati.sk\/en\/wp-json\/wp\/v2\/media?parent=6756"}],"wp:term":[{"taxonomy":"category","embeddable":true,"href":"https:\/\/www.smedemokrati.sk\/en\/wp-json\/wp\/v2\/categories?post=6756"},{"taxonomy":"post_tag","embeddable":true,"href":"https:\/\/www.smedemokrati.sk\/en\/wp-json\/wp\/v2\/tags?post=6756"}],"curies":[{"name":"wp","href":"https:\/\/api.w.org\/{rel}","templated":true}]}}