{"id":6742,"date":"2025-03-26T16:46:28","date_gmt":"2025-03-26T15:46:28","guid":{"rendered":"https:\/\/www.smedemokrati.sk\/?p=6742"},"modified":"2025-03-26T16:46:29","modified_gmt":"2025-03-26T15:46:29","slug":"ak-gabriela-matecna-dostane-odbornu-funkciu-tak-to-bude-dalsim-skandaloznym-pokracovanim-politickej-okupacie-rezortu-zivotneho-prostredia","status":"publish","type":"post","link":"https:\/\/www.smedemokrati.sk\/en\/ak-gabriela-matecna-dostane-odbornu-funkciu-tak-to-bude-dalsim-skandaloznym-pokracovanim-politickej-okupacie-rezortu-zivotneho-prostredia\/","title":{"rendered":"Ak Gabriela Mate\u010dn\u00e1 dostane odborn\u00fa funkciu, tak to bude \u010fal\u0161\u00edm \u0161kandal\u00f3znym pokra\u010dovan\u00edm politickej okup\u00e1cie rezortu \u017eivotn\u00e9ho prostredia"},"content":{"rendered":"<div id=\"fb-root\"><\/div>\n\n<p><strong>Vl\u00e1da SR dnes z nezn\u00e1mych d\u00f4vodov odvolala Gabrielu Mate\u010dn\u00fa z funkcie tretej \u0161t\u00e1tnej tajomn\u00ed\u010dky na rezorte \u017eivotn\u00e9ho prostredia. Minister Tom\u00e1\u0161 Taraba, ktor\u00fd n\u00e1vrh predlo\u017eil, nazna\u010dil, \u017ee by mala z\u00edska\u0165 in\u00fa odborn\u00fa funkciu na rezorte. Pova\u017eujeme to za \u010fal\u0161\u00ed d\u00f4kaz politickej okup\u00e1cie rezortu, ktor\u00fd rezignoval na odbornos\u0165 a v\u0161etky \u201ekoali\u010dn\u00e9 \u0161kriepky&#8221; sa uprac\u00fa pod\u013ea vo\u013en\u00fdch riadiacich poz\u00edci\u00ed.<\/strong><\/p>\n\n\n\n<p>U\u017e pri vymenovan\u00ed Gabriely Mate\u010dnej za \u0161t\u00e1tnu tajomn\u00ed\u010dku sme upozornili na nevhodnos\u0165 nomin\u00e1cie vzh\u013eadom na jej minulos\u0165, ke\u010f sa za jej ministrovania na agrorezorte diali najv\u00e4\u010d\u0161ie korup\u010dn\u00e9 kauzy. Rovnako ani po expertnej str\u00e1nke nemala rezortu \u017eivotn\u00e9ho prostredia \u010do pon\u00faknu\u0165. Jej agenda n\u00e1m bola dlh\u00fa dobu jej p\u00f4sobenia nezn\u00e1ma, dokonca nemala ani uveden\u00e9 telef\u00f3nne \u010d\u00edslo. Pred p\u00e1r mesiacmi dostala do kompetencie ochranu pr\u00edrody, no jej v\u00fdsledky v tejto oblasti nie s\u00fa zn\u00e1me.<\/p>\n\n\n\n<p><em>\u201eTraja \u0161t\u00e1tni tajomn\u00edci boli absurdn\u00fdm luxusom na \u00fakor ob\u010danov, hlavne vzh\u013eadom na ich pracovn\u00e9 v\u00fdkony. Ak by i\u0161lo z Tarabovej strany o vst\u00fapenie si do svedomia vzh\u013eadom na konsolid\u00e1ciu verejn\u00fdch financi\u00ed, mal by odvola\u0165 aj \u0161t\u00e1tneho tajomn\u00edka \u0160tefana Kuffu, o ktor\u00e9ho pr\u00ednose rovnako ni\u010d netu\u0161\u00edme a za papal\u00e1\u0161ske maniere a neplnenie pracovn\u00fdch \u00faloh i Filipa Kuffu. T\u00fdm by rezort u\u0161etril ako na platoch funkcion\u00e1rov, tak na vozovom parku&#8221;<\/em>, hovor\u00ed Michal Ki\u010da, enviroexpert strany Demokrati a \u010dlen predsedn\u00edctva.<\/p>\n\n\n\n<p>Ot\u00e1zkou je, \u010di odvolanie Gabriely Mate\u010dnej nazna\u010duje bu\u010f odkaz smerom k predsedovi SNS Andrejovi Dankovi, aby sa prestal stava\u0165 na hlavu pri hlasovan\u00ed o koali\u010dn\u00fdch z\u00e1konoch, alebo sa id\u00fa znova odborn\u00e9 funkcie obsadzova\u0165 politick\u00fdmi nominantmi. <em>\u201eTaraba sa vyjadril, \u017ee pani Mate\u010dn\u00e1 sa presunie na in\u00fa, odbornej\u0161iu poz\u00edciu v r\u00e1mci rezortu. Pova\u017eujem to za \u010fal\u0161ie podkop\u00e1vanie d\u00f4veryhodnosti rezortu, ktor\u00fd z odbornej in\u0161tit\u00facie st\u00e1va v\u00fdkladnou skri\u0148ou politick\u00fdch stran\u00edkov, ktor\u00fdm treba pravideln\u00fd pr\u00edjem od da\u0148ov\u00fdch poplatn\u00edkov. Hodnotu za peniaze v\u0161ak pre krajinu nemaj\u00fa \u017eiadnu,&#8221;<\/em> uzatv\u00e1ra Michal Ki\u010da.<\/p>\n\n\n\n<figure class=\"wp-block-video\"><video height=\"640\" style=\"aspect-ratio: 480 \/ 640;\" width=\"480\" controls src=\"https:\/\/www.smedemokrati.sk\/wp-content\/uploads\/2025\/03\/IMG_7241.mp4\"><\/video><\/figure>\n","protected":false},"excerpt":{"rendered":"<p>Vl\u00e1da SR dnes z nezn\u00e1mych d\u00f4vodov odvolala Gabrielu Mate\u010dn\u00fa z funkcie tretej \u0161t\u00e1tnej tajomn\u00ed\u010dky na rezorte \u017eivotn\u00e9ho prostredia. Minister Tom\u00e1\u0161 Taraba, ktor\u00fd n\u00e1vrh predlo\u017eil, nazna\u010dil, \u017ee by mala z\u00edska\u0165 in\u00fa odborn\u00fa funkciu na rezorte. Pova\u017eujeme to za \u010fal\u0161\u00ed d\u00f4kaz politickej okup\u00e1cie rezortu, ktor\u00fd rezignoval na odbornos\u0165 a v\u0161etky \u201ekoali\u010dn\u00e9 \u0161kriepky&#8221; sa uprac\u00fa pod\u013ea vo\u013en\u00fdch riadiacich [&hellip;]<\/p>\n","protected":false},"author":13,"featured_media":5304,"comment_status":"closed","ping_status":"closed","sticky":false,"template":"","format":"standard","meta":{"_acf_changed":false,"ngg_post_thumbnail":0,"footnotes":""},"categories":[4],"tags":[],"class_list":["post-6742","post","type-post","status-publish","format-standard","has-post-thumbnail","hentry","category-tlacove-spravy"],"acf":[],"yoast_head":"<!-- This site is optimized with the Yoast SEO plugin v27.2 - https:\/\/yoast.com\/product\/yoast-seo-wordpress\/ -->\n<title>Ak Gabriela Mate\u010dn\u00e1 dostane odborn\u00fa funkciu, tak to bude \u010fal\u0161\u00edm \u0161kandal\u00f3znym pokra\u010dovan\u00edm politickej okup\u00e1cie rezortu \u017eivotn\u00e9ho prostredia<\/title>\n<meta name=\"robots\" content=\"index, follow, max-snippet:-1, max-image-preview:large, max-video-preview:-1\" \/>\n<link rel=\"canonical\" href=\"https:\/\/www.smedemokrati.sk\/en\/ak-gabriela-matecna-dostane-odbornu-funkciu-tak-to-bude-dalsim-skandaloznym-pokracovanim-politickej-okupacie-rezortu-zivotneho-prostredia\/\" \/>\n<meta property=\"og:locale\" content=\"en_US\" \/>\n<meta property=\"og:locale:alternate\" content=\"cs_CZ\" \/>\n<meta property=\"og:locale:alternate\" content=\"hu_HU\" \/>\n<meta property=\"og:locale:alternate\" content=\"sk_SK\" \/>\n<meta property=\"og:locale:alternate\" content=\"sv_SE\" \/>\n<meta property=\"og:type\" content=\"article\" \/>\n<meta property=\"og:title\" content=\"Ak Gabriela Mate\u010dn\u00e1 dostane odborn\u00fa funkciu, tak to bude \u010fal\u0161\u00edm \u0161kandal\u00f3znym pokra\u010dovan\u00edm politickej okup\u00e1cie rezortu \u017eivotn\u00e9ho prostredia\" \/>\n<meta property=\"og:description\" content=\"Vl\u00e1da SR dnes z nezn\u00e1mych d\u00f4vodov odvolala Gabrielu Mate\u010dn\u00fa z funkcie tretej \u0161t\u00e1tnej tajomn\u00ed\u010dky na rezorte \u017eivotn\u00e9ho prostredia. Minister Tom\u00e1\u0161 Taraba, ktor\u00fd n\u00e1vrh predlo\u017eil, nazna\u010dil, \u017ee by mala z\u00edska\u0165 in\u00fa odborn\u00fa funkciu na rezorte. Pova\u017eujeme to za \u010fal\u0161\u00ed d\u00f4kaz politickej okup\u00e1cie rezortu, ktor\u00fd rezignoval na odbornos\u0165 a v\u0161etky \u201ekoali\u010dn\u00e9 \u0161kriepky&#8221; sa uprac\u00fa pod\u013ea vo\u013en\u00fdch riadiacich [&hellip;]\" \/>\n<meta property=\"og:url\" content=\"https:\/\/www.smedemokrati.sk\/en\/ak-gabriela-matecna-dostane-odbornu-funkciu-tak-to-bude-dalsim-skandaloznym-pokracovanim-politickej-okupacie-rezortu-zivotneho-prostredia\/\" \/>\n<meta property=\"og:site_name\" content=\"Smedemokrati.sk\" \/>\n<meta property=\"article:publisher\" content=\"https:\/\/www.facebook.com\/smedemokrati2023\" \/>\n<meta property=\"article:published_time\" content=\"2025-03-26T15:46:28+00:00\" \/>\n<meta property=\"article:modified_time\" content=\"2025-03-26T15:46:29+00:00\" \/>\n<meta property=\"og:image\" content=\"https:\/\/www.smedemokrati.sk\/wp-content\/uploads\/2024\/10\/matecna.jpg\" \/>\n\t<meta property=\"og:image:width\" content=\"990\" \/>\n\t<meta property=\"og:image:height\" content=\"660\" \/>\n\t<meta property=\"og:image:type\" content=\"image\/jpeg\" \/>\n<meta name=\"author\" content=\"miro.sopko\" \/>\n<meta name=\"twitter:card\" content=\"summary_large_image\" \/>\n<meta name=\"twitter:label1\" content=\"Written by\" \/>\n\t<meta name=\"twitter:data1\" content=\"miro.sopko\" \/>\n\t<meta name=\"twitter:label2\" content=\"Est. reading time\" \/>\n\t<meta name=\"twitter:data2\" content=\"2 minutes\" \/>\n<script type=\"application\/ld+json\" class=\"yoast-schema-graph\">{\"@context\":\"https:\/\/schema.org\",\"@graph\":[{\"@type\":\"Article\",\"@id\":\"https:\/\/www.smedemokrati.sk\/ak-gabriela-matecna-dostane-odbornu-funkciu-tak-to-bude-dalsim-skandaloznym-pokracovanim-politickej-okupacie-rezortu-zivotneho-prostredia\/#article\",\"isPartOf\":{\"@id\":\"https:\/\/www.smedemokrati.sk\/ak-gabriela-matecna-dostane-odbornu-funkciu-tak-to-bude-dalsim-skandaloznym-pokracovanim-politickej-okupacie-rezortu-zivotneho-prostredia\/\"},\"author\":{\"name\":\"miro.sopko\",\"@id\":\"https:\/\/www.smedemokrati.sk\/#\/schema\/person\/21f147c88d605aa7ded900e1e7c344ba\"},\"headline\":\"Ak Gabriela Mate\u010dn\u00e1 dostane odborn\u00fa funkciu, tak to bude \u010fal\u0161\u00edm \u0161kandal\u00f3znym pokra\u010dovan\u00edm politickej okup\u00e1cie rezortu \u017eivotn\u00e9ho prostredia\",\"datePublished\":\"2025-03-26T15:46:28+00:00\",\"dateModified\":\"2025-03-26T15:46:29+00:00\",\"mainEntityOfPage\":{\"@id\":\"https:\/\/www.smedemokrati.sk\/ak-gabriela-matecna-dostane-odbornu-funkciu-tak-to-bude-dalsim-skandaloznym-pokracovanim-politickej-okupacie-rezortu-zivotneho-prostredia\/\"},\"wordCount\":405,\"publisher\":{\"@id\":\"https:\/\/www.smedemokrati.sk\/#organization\"},\"image\":{\"@id\":\"https:\/\/www.smedemokrati.sk\/ak-gabriela-matecna-dostane-odbornu-funkciu-tak-to-bude-dalsim-skandaloznym-pokracovanim-politickej-okupacie-rezortu-zivotneho-prostredia\/#primaryimage\"},\"thumbnailUrl\":\"https:\/\/www.smedemokrati.sk\/wp-content\/uploads\/2024\/10\/matecna.jpg\",\"articleSection\":[\"Tla\u010dov\u00e9 spr\u00e1vy\"],\"inLanguage\":\"en-US\"},{\"@type\":\"WebPage\",\"@id\":\"https:\/\/www.smedemokrati.sk\/ak-gabriela-matecna-dostane-odbornu-funkciu-tak-to-bude-dalsim-skandaloznym-pokracovanim-politickej-okupacie-rezortu-zivotneho-prostredia\/\",\"url\":\"https:\/\/www.smedemokrati.sk\/ak-gabriela-matecna-dostane-odbornu-funkciu-tak-to-bude-dalsim-skandaloznym-pokracovanim-politickej-okupacie-rezortu-zivotneho-prostredia\/\",\"name\":\"Ak Gabriela Mate\u010dn\u00e1 dostane odborn\u00fa funkciu, tak to bude \u010fal\u0161\u00edm \u0161kandal\u00f3znym pokra\u010dovan\u00edm politickej okup\u00e1cie rezortu \u017eivotn\u00e9ho prostredia\",\"isPartOf\":{\"@id\":\"https:\/\/www.smedemokrati.sk\/#website\"},\"primaryImageOfPage\":{\"@id\":\"https:\/\/www.smedemokrati.sk\/ak-gabriela-matecna-dostane-odbornu-funkciu-tak-to-bude-dalsim-skandaloznym-pokracovanim-politickej-okupacie-rezortu-zivotneho-prostredia\/#primaryimage\"},\"image\":{\"@id\":\"https:\/\/www.smedemokrati.sk\/ak-gabriela-matecna-dostane-odbornu-funkciu-tak-to-bude-dalsim-skandaloznym-pokracovanim-politickej-okupacie-rezortu-zivotneho-prostredia\/#primaryimage\"},\"thumbnailUrl\":\"https:\/\/www.smedemokrati.sk\/wp-content\/uploads\/2024\/10\/matecna.jpg\",\"datePublished\":\"2025-03-26T15:46:28+00:00\",\"dateModified\":\"2025-03-26T15:46:29+00:00\",\"breadcrumb\":{\"@id\":\"https:\/\/www.smedemokrati.sk\/ak-gabriela-matecna-dostane-odbornu-funkciu-tak-to-bude-dalsim-skandaloznym-pokracovanim-politickej-okupacie-rezortu-zivotneho-prostredia\/#breadcrumb\"},\"inLanguage\":\"en-US\",\"potentialAction\":[{\"@type\":\"ReadAction\",\"target\":[\"https:\/\/www.smedemokrati.sk\/ak-gabriela-matecna-dostane-odbornu-funkciu-tak-to-bude-dalsim-skandaloznym-pokracovanim-politickej-okupacie-rezortu-zivotneho-prostredia\/\"]}]},{\"@type\":\"ImageObject\",\"inLanguage\":\"en-US\",\"@id\":\"https:\/\/www.smedemokrati.sk\/ak-gabriela-matecna-dostane-odbornu-funkciu-tak-to-bude-dalsim-skandaloznym-pokracovanim-politickej-okupacie-rezortu-zivotneho-prostredia\/#primaryimage\",\"url\":\"https:\/\/www.smedemokrati.sk\/wp-content\/uploads\/2024\/10\/matecna.jpg\",\"contentUrl\":\"https:\/\/www.smedemokrati.sk\/wp-content\/uploads\/2024\/10\/matecna.jpg\",\"width\":990,\"height\":660},{\"@type\":\"BreadcrumbList\",\"@id\":\"https:\/\/www.smedemokrati.sk\/ak-gabriela-matecna-dostane-odbornu-funkciu-tak-to-bude-dalsim-skandaloznym-pokracovanim-politickej-okupacie-rezortu-zivotneho-prostredia\/#breadcrumb\",\"itemListElement\":[{\"@type\":\"ListItem\",\"position\":1,\"name\":\"Domovsk\u00e1 str\u00e1nka\",\"item\":\"https:\/\/www.smedemokrati.sk\/\"},{\"@type\":\"ListItem\",\"position\":2,\"name\":\"Ak Gabriela Mate\u010dn\u00e1 dostane odborn\u00fa funkciu, tak to bude \u010fal\u0161\u00edm \u0161kandal\u00f3znym pokra\u010dovan\u00edm politickej okup\u00e1cie rezortu \u017eivotn\u00e9ho prostredia\"}]},{\"@type\":\"WebSite\",\"@id\":\"https:\/\/www.smedemokrati.sk\/#website\",\"url\":\"https:\/\/www.smedemokrati.sk\/\",\"name\":\"Smedemokrati.sk\",\"description\":\"Demokracia a slu\u0161nos\u0165 zv\u00ed\u0165az\u00ed\",\"publisher\":{\"@id\":\"https:\/\/www.smedemokrati.sk\/#organization\"},\"potentialAction\":[{\"@type\":\"SearchAction\",\"target\":{\"@type\":\"EntryPoint\",\"urlTemplate\":\"https:\/\/www.smedemokrati.sk\/?s={search_term_string}\"},\"query-input\":{\"@type\":\"PropertyValueSpecification\",\"valueRequired\":true,\"valueName\":\"search_term_string\"}}],\"inLanguage\":\"en-US\"},{\"@type\":\"Organization\",\"@id\":\"https:\/\/www.smedemokrati.sk\/#organization\",\"name\":\"Smedemokrati.sk\",\"url\":\"https:\/\/www.smedemokrati.sk\/\",\"logo\":{\"@type\":\"ImageObject\",\"inLanguage\":\"en-US\",\"@id\":\"https:\/\/www.smedemokrati.sk\/#\/schema\/logo\/image\/\",\"url\":\"https:\/\/www.smedemokrati.sk\/wp-content\/uploads\/2023\/04\/ff.002.jpeg\",\"contentUrl\":\"https:\/\/www.smedemokrati.sk\/wp-content\/uploads\/2023\/04\/ff.002.jpeg\",\"width\":640,\"height\":480,\"caption\":\"Smedemokrati.sk\"},\"image\":{\"@id\":\"https:\/\/www.smedemokrati.sk\/#\/schema\/logo\/image\/\"},\"sameAs\":[\"https:\/\/www.facebook.com\/smedemokrati2023\"]},{\"@type\":\"Person\",\"@id\":\"https:\/\/www.smedemokrati.sk\/#\/schema\/person\/21f147c88d605aa7ded900e1e7c344ba\",\"name\":\"miro.sopko\",\"image\":{\"@type\":\"ImageObject\",\"inLanguage\":\"en-US\",\"@id\":\"https:\/\/secure.gravatar.com\/avatar\/267e4a36f704376c109afe3a78740c1f5dd8675a2180a908699e7863c9247606?s=96&d=mm&r=g\",\"url\":\"https:\/\/secure.gravatar.com\/avatar\/267e4a36f704376c109afe3a78740c1f5dd8675a2180a908699e7863c9247606?s=96&d=mm&r=g\",\"contentUrl\":\"https:\/\/secure.gravatar.com\/avatar\/267e4a36f704376c109afe3a78740c1f5dd8675a2180a908699e7863c9247606?s=96&d=mm&r=g\",\"caption\":\"miro.sopko\"},\"url\":\"https:\/\/www.smedemokrati.sk\/en\/author\/miro-sopko\/\"}]}<\/script>\n<!-- \/ Yoast SEO plugin. -->","yoast_head_json":{"title":"Ak Gabriela Mate\u010dn\u00e1 dostane odborn\u00fa funkciu, tak to bude \u010fal\u0161\u00edm \u0161kandal\u00f3znym pokra\u010dovan\u00edm politickej okup\u00e1cie rezortu \u017eivotn\u00e9ho prostredia","robots":{"index":"index","follow":"follow","max-snippet":"max-snippet:-1","max-image-preview":"max-image-preview:large","max-video-preview":"max-video-preview:-1"},"canonical":"https:\/\/www.smedemokrati.sk\/en\/ak-gabriela-matecna-dostane-odbornu-funkciu-tak-to-bude-dalsim-skandaloznym-pokracovanim-politickej-okupacie-rezortu-zivotneho-prostredia\/","og_locale":"en_US","og_type":"article","og_title":"[:sk]Ak Gabriela Mate\u010dn\u00e1 dostane odborn\u00fa funkciu, tak to bude \u010fal\u0161\u00edm \u0161kandal\u00f3znym pokra\u010dovan\u00edm politickej okup\u00e1cie rezortu \u017eivotn\u00e9ho prostredia[:] - Smedemokrati.sk","og_description":"Vl\u00e1da SR dnes z nezn\u00e1mych d\u00f4vodov odvolala Gabrielu Mate\u010dn\u00fa z funkcie tretej \u0161t\u00e1tnej tajomn\u00ed\u010dky na rezorte \u017eivotn\u00e9ho prostredia. Minister Tom\u00e1\u0161 Taraba, ktor\u00fd n\u00e1vrh predlo\u017eil, nazna\u010dil, \u017ee by mala z\u00edska\u0165 in\u00fa odborn\u00fa funkciu na rezorte. Pova\u017eujeme to za \u010fal\u0161\u00ed d\u00f4kaz politickej okup\u00e1cie rezortu, ktor\u00fd rezignoval na odbornos\u0165 a v\u0161etky \u201ekoali\u010dn\u00e9 \u0161kriepky&#8221; sa uprac\u00fa pod\u013ea vo\u013en\u00fdch riadiacich [&hellip;]","og_url":"https:\/\/www.smedemokrati.sk\/en\/ak-gabriela-matecna-dostane-odbornu-funkciu-tak-to-bude-dalsim-skandaloznym-pokracovanim-politickej-okupacie-rezortu-zivotneho-prostredia\/","og_site_name":"Smedemokrati.sk","article_publisher":"https:\/\/www.facebook.com\/smedemokrati2023","article_published_time":"2025-03-26T15:46:28+00:00","article_modified_time":"2025-03-26T15:46:29+00:00","og_image":[{"width":990,"height":660,"url":"https:\/\/www.smedemokrati.sk\/wp-content\/uploads\/2024\/10\/matecna.jpg","type":"image\/jpeg"}],"author":"miro.sopko","twitter_card":"summary_large_image","twitter_misc":{"Written by":"miro.sopko","Est. reading time":"2 minutes"},"schema":{"@context":"https:\/\/schema.org","@graph":[{"@type":"Article","@id":"https:\/\/www.smedemokrati.sk\/ak-gabriela-matecna-dostane-odbornu-funkciu-tak-to-bude-dalsim-skandaloznym-pokracovanim-politickej-okupacie-rezortu-zivotneho-prostredia\/#article","isPartOf":{"@id":"https:\/\/www.smedemokrati.sk\/ak-gabriela-matecna-dostane-odbornu-funkciu-tak-to-bude-dalsim-skandaloznym-pokracovanim-politickej-okupacie-rezortu-zivotneho-prostredia\/"},"author":{"name":"miro.sopko","@id":"https:\/\/www.smedemokrati.sk\/#\/schema\/person\/21f147c88d605aa7ded900e1e7c344ba"},"headline":"Ak Gabriela Mate\u010dn\u00e1 dostane odborn\u00fa funkciu, tak to bude \u010fal\u0161\u00edm \u0161kandal\u00f3znym pokra\u010dovan\u00edm politickej okup\u00e1cie rezortu \u017eivotn\u00e9ho prostredia","datePublished":"2025-03-26T15:46:28+00:00","dateModified":"2025-03-26T15:46:29+00:00","mainEntityOfPage":{"@id":"https:\/\/www.smedemokrati.sk\/ak-gabriela-matecna-dostane-odbornu-funkciu-tak-to-bude-dalsim-skandaloznym-pokracovanim-politickej-okupacie-rezortu-zivotneho-prostredia\/"},"wordCount":405,"publisher":{"@id":"https:\/\/www.smedemokrati.sk\/#organization"},"image":{"@id":"https:\/\/www.smedemokrati.sk\/ak-gabriela-matecna-dostane-odbornu-funkciu-tak-to-bude-dalsim-skandaloznym-pokracovanim-politickej-okupacie-rezortu-zivotneho-prostredia\/#primaryimage"},"thumbnailUrl":"https:\/\/www.smedemokrati.sk\/wp-content\/uploads\/2024\/10\/matecna.jpg","articleSection":["Tla\u010dov\u00e9 spr\u00e1vy"],"inLanguage":"en-US"},{"@type":"WebPage","@id":"https:\/\/www.smedemokrati.sk\/ak-gabriela-matecna-dostane-odbornu-funkciu-tak-to-bude-dalsim-skandaloznym-pokracovanim-politickej-okupacie-rezortu-zivotneho-prostredia\/","url":"https:\/\/www.smedemokrati.sk\/ak-gabriela-matecna-dostane-odbornu-funkciu-tak-to-bude-dalsim-skandaloznym-pokracovanim-politickej-okupacie-rezortu-zivotneho-prostredia\/","name":"Ak Gabriela Mate\u010dn\u00e1 dostane odborn\u00fa funkciu, tak to bude \u010fal\u0161\u00edm \u0161kandal\u00f3znym pokra\u010dovan\u00edm politickej okup\u00e1cie rezortu \u017eivotn\u00e9ho prostredia","isPartOf":{"@id":"https:\/\/www.smedemokrati.sk\/#website"},"primaryImageOfPage":{"@id":"https:\/\/www.smedemokrati.sk\/ak-gabriela-matecna-dostane-odbornu-funkciu-tak-to-bude-dalsim-skandaloznym-pokracovanim-politickej-okupacie-rezortu-zivotneho-prostredia\/#primaryimage"},"image":{"@id":"https:\/\/www.smedemokrati.sk\/ak-gabriela-matecna-dostane-odbornu-funkciu-tak-to-bude-dalsim-skandaloznym-pokracovanim-politickej-okupacie-rezortu-zivotneho-prostredia\/#primaryimage"},"thumbnailUrl":"https:\/\/www.smedemokrati.sk\/wp-content\/uploads\/2024\/10\/matecna.jpg","datePublished":"2025-03-26T15:46:28+00:00","dateModified":"2025-03-26T15:46:29+00:00","breadcrumb":{"@id":"https:\/\/www.smedemokrati.sk\/ak-gabriela-matecna-dostane-odbornu-funkciu-tak-to-bude-dalsim-skandaloznym-pokracovanim-politickej-okupacie-rezortu-zivotneho-prostredia\/#breadcrumb"},"inLanguage":"en-US","potentialAction":[{"@type":"ReadAction","target":["https:\/\/www.smedemokrati.sk\/ak-gabriela-matecna-dostane-odbornu-funkciu-tak-to-bude-dalsim-skandaloznym-pokracovanim-politickej-okupacie-rezortu-zivotneho-prostredia\/"]}]},{"@type":"ImageObject","inLanguage":"en-US","@id":"https:\/\/www.smedemokrati.sk\/ak-gabriela-matecna-dostane-odbornu-funkciu-tak-to-bude-dalsim-skandaloznym-pokracovanim-politickej-okupacie-rezortu-zivotneho-prostredia\/#primaryimage","url":"https:\/\/www.smedemokrati.sk\/wp-content\/uploads\/2024\/10\/matecna.jpg","contentUrl":"https:\/\/www.smedemokrati.sk\/wp-content\/uploads\/2024\/10\/matecna.jpg","width":990,"height":660},{"@type":"BreadcrumbList","@id":"https:\/\/www.smedemokrati.sk\/ak-gabriela-matecna-dostane-odbornu-funkciu-tak-to-bude-dalsim-skandaloznym-pokracovanim-politickej-okupacie-rezortu-zivotneho-prostredia\/#breadcrumb","itemListElement":[{"@type":"ListItem","position":1,"name":"Domovsk\u00e1 str\u00e1nka","item":"https:\/\/www.smedemokrati.sk\/"},{"@type":"ListItem","position":2,"name":"Ak Gabriela Mate\u010dn\u00e1 dostane odborn\u00fa funkciu, tak to bude \u010fal\u0161\u00edm \u0161kandal\u00f3znym pokra\u010dovan\u00edm politickej okup\u00e1cie rezortu \u017eivotn\u00e9ho prostredia"}]},{"@type":"WebSite","@id":"https:\/\/www.smedemokrati.sk\/#website","url":"https:\/\/www.smedemokrati.sk\/","name":"Smedemokrati.sk","description":"Demokracia a slu\u0161nos\u0165 zv\u00ed\u0165az\u00ed","publisher":{"@id":"https:\/\/www.smedemokrati.sk\/#organization"},"potentialAction":[{"@type":"SearchAction","target":{"@type":"EntryPoint","urlTemplate":"https:\/\/www.smedemokrati.sk\/?s={search_term_string}"},"query-input":{"@type":"PropertyValueSpecification","valueRequired":true,"valueName":"search_term_string"}}],"inLanguage":"en-US"},{"@type":"Organization","@id":"https:\/\/www.smedemokrati.sk\/#organization","name":"Smedemokrati.sk","url":"https:\/\/www.smedemokrati.sk\/","logo":{"@type":"ImageObject","inLanguage":"en-US","@id":"https:\/\/www.smedemokrati.sk\/#\/schema\/logo\/image\/","url":"https:\/\/www.smedemokrati.sk\/wp-content\/uploads\/2023\/04\/ff.002.jpeg","contentUrl":"https:\/\/www.smedemokrati.sk\/wp-content\/uploads\/2023\/04\/ff.002.jpeg","width":640,"height":480,"caption":"Smedemokrati.sk"},"image":{"@id":"https:\/\/www.smedemokrati.sk\/#\/schema\/logo\/image\/"},"sameAs":["https:\/\/www.facebook.com\/smedemokrati2023"]},{"@type":"Person","@id":"https:\/\/www.smedemokrati.sk\/#\/schema\/person\/21f147c88d605aa7ded900e1e7c344ba","name":"miro.sopko","image":{"@type":"ImageObject","inLanguage":"en-US","@id":"https:\/\/secure.gravatar.com\/avatar\/267e4a36f704376c109afe3a78740c1f5dd8675a2180a908699e7863c9247606?s=96&d=mm&r=g","url":"https:\/\/secure.gravatar.com\/avatar\/267e4a36f704376c109afe3a78740c1f5dd8675a2180a908699e7863c9247606?s=96&d=mm&r=g","contentUrl":"https:\/\/secure.gravatar.com\/avatar\/267e4a36f704376c109afe3a78740c1f5dd8675a2180a908699e7863c9247606?s=96&d=mm&r=g","caption":"miro.sopko"},"url":"https:\/\/www.smedemokrati.sk\/en\/author\/miro-sopko\/"}]}},"_links":{"self":[{"href":"https:\/\/www.smedemokrati.sk\/en\/wp-json\/wp\/v2\/posts\/6742","targetHints":{"allow":["GET"]}}],"collection":[{"href":"https:\/\/www.smedemokrati.sk\/en\/wp-json\/wp\/v2\/posts"}],"about":[{"href":"https:\/\/www.smedemokrati.sk\/en\/wp-json\/wp\/v2\/types\/post"}],"author":[{"embeddable":true,"href":"https:\/\/www.smedemokrati.sk\/en\/wp-json\/wp\/v2\/users\/13"}],"replies":[{"embeddable":true,"href":"https:\/\/www.smedemokrati.sk\/en\/wp-json\/wp\/v2\/comments?post=6742"}],"version-history":[{"count":1,"href":"https:\/\/www.smedemokrati.sk\/en\/wp-json\/wp\/v2\/posts\/6742\/revisions"}],"predecessor-version":[{"id":6744,"href":"https:\/\/www.smedemokrati.sk\/en\/wp-json\/wp\/v2\/posts\/6742\/revisions\/6744"}],"wp:featuredmedia":[{"embeddable":true,"href":"https:\/\/www.smedemokrati.sk\/en\/wp-json\/wp\/v2\/media\/5304"}],"wp:attachment":[{"href":"https:\/\/www.smedemokrati.sk\/en\/wp-json\/wp\/v2\/media?parent=6742"}],"wp:term":[{"taxonomy":"category","embeddable":true,"href":"https:\/\/www.smedemokrati.sk\/en\/wp-json\/wp\/v2\/categories?post=6742"},{"taxonomy":"post_tag","embeddable":true,"href":"https:\/\/www.smedemokrati.sk\/en\/wp-json\/wp\/v2\/tags?post=6742"}],"curies":[{"name":"wp","href":"https:\/\/api.w.org\/{rel}","templated":true}]}}