{"id":6682,"date":"2025-03-19T17:39:19","date_gmt":"2025-03-19T16:39:19","guid":{"rendered":"https:\/\/www.smedemokrati.sk\/?p=6682"},"modified":"2025-03-19T17:39:21","modified_gmt":"2025-03-19T16:39:21","slug":"meskajuca-programova-vyhlaska-a-chybajuce-miliony-v-zdravotnictve-ziadame-ministra-zdravotnictva-saska-aby-konal","status":"publish","type":"post","link":"https:\/\/www.smedemokrati.sk\/en\/meskajuca-programova-vyhlaska-a-chybajuce-miliony-v-zdravotnictve-ziadame-ministra-zdravotnictva-saska-aby-konal\/","title":{"rendered":"Me\u0161kaj\u00faca programov\u00e1 vyhl\u00e1\u0161ka a ch\u00fdbaj\u00face mili\u00f3ny v zdravotn\u00edctve! \u017diadame ministra zdravotn\u00edctva \u0160a\u0161ka aby konal"},"content":{"rendered":"<div id=\"fb-root\"><\/div>\n\n<p><strong>Rezort ministra \u0160a\u0161ka me\u0161k\u00e1 s Programovou vyhl\u00e1\u0161kou o prerozdelen\u00ed pe\u0148az\u00ed na zdravotn\u00fa starostlivos\u0165. Ani v polovici marca tak poskytovatelia zdravotnej starostlivosti nevedia, s ak\u00fdmi financiami m\u00f4\u017eu na tento rok r\u00e1ta\u0165. Navy\u0161e, odborn\u00edci na zdravotn\u00edctvo za Demokratov r\u00e1taj\u00fa, \u017ee po zapo\u010d\u00edtan\u00ed zv\u00fd\u0161en\u00fdch n\u00e1kladov na mzdy a \u010fal\u0161ie polo\u017eky, ktor\u00e9 neboli zahrnut\u00e9 v rozpo\u010dte, bude v zdravotn\u00edctve ch\u00fdba\u0165 na tento rok minim\u00e1lne 350 mili\u00f3nov eur.<\/strong><\/p>\n\n\n\n<p><em>\u201eMe\u0161kanie vyhl\u00e1\u0161ky, ktor\u00fa navy\u0161e, kritizuj\u00fa poskytovatelia zdravotnej starostlivosti, sp\u00f4sobuje v\u00e1\u017ene probl\u00e9my. Ani zdravotn\u00e9 pois\u0165ovne ani nemocnice a ambulancie a tie\u017e ani ostatn\u00ed poskytovatelia nevedia, s ak\u00fdm objemom finan\u010dn\u00fdch prostriedkov m\u00f4\u017eu r\u00e1ta\u0165 na tento rok. Upozor\u0148ujem, \u017ee sme v polovici marca.&#8221;\u00a0<\/em>Otv\u00e1ra t\u00e9mu neurochirurg a krajsk\u00fd predseda Ko\u0161ick\u00e9ho kraja za Demokratov Viliam Novotn\u00fd a pribli\u017euje, \u017ee v tejto s\u00favislosti bude tento rok ch\u00fdba\u0165 v slovenskom zdravotn\u00edctve minim\u00e1lne 350 mili\u00f3nov eur.Pod\u013ea Novotn\u00e9ho je situ\u00e1cia nato\u013eko v\u00e1\u017ena, \u017ee niektor\u00e9 ambulancie zva\u017euj\u00fa, \u017ee pacienti bud\u00fa musie\u0165 hradi\u0165 v\u0161etky \u00fakony vo vlastnej r\u00e9\u017eii.\u00a0<em>\u201eZmluvy so zdravotn\u00fdmi pois\u0165ov\u0148ami nie s\u00fa pre ch\u00fdbaj\u00facu vyhl\u00e1\u0161ku dotiahnut\u00e9. Lajd\u00e1ctvo a neodbornos\u0165 na ministerstve niektor\u00fdch lek\u00e1rov v ambulanci\u00e1ch priv\u00e1dza k tomu, \u017ee uva\u017euj\u00fa aj o tak\u00fdch rie\u0161eniach, \u017ee daj\u00fa jednotliv\u00e9 \u00fakony v plnej miere hradi\u0165 pacientom. My lek\u00e1ri nechceme aby k tomu do\u0161lo.&#8221;<\/em><\/p>\n\n\n\n<p>Prim\u00e1rka ARO a podpredsedn\u00ed\u010dka strany Andrea Letanovsk\u00e1 hovor\u00ed o \u010fal\u0161\u00edch atrib\u00fatoch, na ktor\u00fdch by mal rezort zdravotn\u00edctva okam\u017eite za\u010da\u0165 pracova\u0165 aby bola zabezpe\u010den\u00e1 adekv\u00e1tna starostlivos\u0165 o pacienta:\u00a0<em>\u201ePotrebujeme dokon\u010di\u0165 optimaliz\u00e1ciu siete nemocn\u00edc, preto\u017ee pre pacienta mus\u00ed by\u0165 z\u00e1kladn\u00e1 zdravotn\u00e1 starostlivos\u0165 dostupn\u00e1 v regi\u00f3noch a poskytovan\u00e1 dobre funguj\u00facimi ambulanciami a nemocnicami. Z\u00e1rove\u0148 potrebujeme koncov\u00e9 nemocnice a \u0161pecializovan\u00e9 \u00fastavy s tak\u00fdm v\u00fdkonom, \u017ee sa tam v pr\u00edpade naj\u0165a\u017e\u0161\u00edch diagn\u00f3z dostan\u00fa pacienti z cel\u00e9ho Slovenska, bez oh\u013eadu na to, z ak\u00e9ho k\u00fata krajiny s\u00fa. Toto ale nie je mo\u017en\u00e9 bez silnej a v\u00fdkonnej siete ambulancii. U\u017e d\u00e1vno vol\u00e1me po motiva\u010dnom syst\u00e9me na pril\u00e1kanie nov\u00fdch lek\u00e1rov. U\u017e roky sme dl\u017en\u00ed pacientom jasne zadefinovan\u00fd n\u00e1rok, na poskytovan\u00e9 v\u00fdkony hraden\u00e9 z povinn\u00e9ho zdravotn\u00e9ho poistenia.&#8221;\u00a0<\/em>Hovor\u00ed Andrea Letanovsk\u00e1 a vyz\u00fdva ministra \u0160a\u0161ka aby situ\u00e1ciu s vyhl\u00e1\u0161kou a \u010fal\u0161\u00edmi syst\u00e9mov\u00fdmi opatreniami za\u010dal okam\u017eite rie\u0161i\u0165.<\/p>\n\n\n\n<p>Andrea Letanovsk\u00e1 aj Viliam Novotn\u00fd sa z\u00e1rove\u0148 jasne ohradili vo\u010di vyjadreniam splnomocnenca vl\u00e1dy v s\u00favislosti s pand\u00e9miou Covid-19 a \u017eiadaj\u00fa, aby vl\u00e1da odvolala Petra Kotl\u00e1ra zo svojho postu.<\/p>\n\n\n<div class=\"fb-video\" data-href=\"https:\/\/fb.watch\/yqy62tqjVO\" data-allowfullscreen=\"true\" data-autoplay=\"false\" data-width=\"\" data-show-text=\"false\" data-show-captions=\"true\"><\/div>\n","protected":false},"excerpt":{"rendered":"<p>Rezort ministra \u0160a\u0161ka me\u0161k\u00e1 s Programovou vyhl\u00e1\u0161kou o prerozdelen\u00ed pe\u0148az\u00ed na zdravotn\u00fa starostlivos\u0165. Ani v polovici marca tak poskytovatelia zdravotnej starostlivosti nevedia, s ak\u00fdmi financiami m\u00f4\u017eu na tento rok r\u00e1ta\u0165. Navy\u0161e, odborn\u00edci na zdravotn\u00edctvo za Demokratov r\u00e1taj\u00fa, \u017ee po zapo\u010d\u00edtan\u00ed zv\u00fd\u0161en\u00fdch n\u00e1kladov na mzdy a \u010fal\u0161ie polo\u017eky, ktor\u00e9 neboli zahrnut\u00e9 v rozpo\u010dte, bude v zdravotn\u00edctve [&hellip;]<\/p>\n","protected":false},"author":13,"featured_media":6683,"comment_status":"closed","ping_status":"closed","sticky":false,"template":"","format":"standard","meta":{"_acf_changed":false,"ngg_post_thumbnail":0,"footnotes":""},"categories":[4],"tags":[],"class_list":["post-6682","post","type-post","status-publish","format-standard","has-post-thumbnail","hentry","category-tlacove-spravy"],"acf":[],"yoast_head":"<!-- This site is optimized with the Yoast SEO plugin v27.2 - https:\/\/yoast.com\/product\/yoast-seo-wordpress\/ -->\n<title>Me\u0161kaj\u00faca programov\u00e1 vyhl\u00e1\u0161ka a ch\u00fdbaj\u00face mili\u00f3ny v zdravotn\u00edctve! \u017diadame ministra zdravotn\u00edctva \u0160a\u0161ka aby konal<\/title>\n<meta name=\"robots\" content=\"index, follow, max-snippet:-1, max-image-preview:large, max-video-preview:-1\" \/>\n<link rel=\"canonical\" href=\"https:\/\/www.smedemokrati.sk\/en\/meskajuca-programova-vyhlaska-a-chybajuce-miliony-v-zdravotnictve-ziadame-ministra-zdravotnictva-saska-aby-konal\/\" \/>\n<meta property=\"og:locale\" content=\"en_US\" \/>\n<meta property=\"og:locale:alternate\" content=\"cs_CZ\" \/>\n<meta property=\"og:locale:alternate\" content=\"hu_HU\" \/>\n<meta property=\"og:locale:alternate\" content=\"sk_SK\" \/>\n<meta property=\"og:locale:alternate\" content=\"sv_SE\" \/>\n<meta property=\"og:type\" content=\"article\" \/>\n<meta property=\"og:title\" content=\"Me\u0161kaj\u00faca programov\u00e1 vyhl\u00e1\u0161ka a ch\u00fdbaj\u00face mili\u00f3ny v zdravotn\u00edctve! \u017diadame ministra zdravotn\u00edctva \u0160a\u0161ka aby konal\" \/>\n<meta property=\"og:description\" content=\"Rezort ministra \u0160a\u0161ka me\u0161k\u00e1 s Programovou vyhl\u00e1\u0161kou o prerozdelen\u00ed pe\u0148az\u00ed na zdravotn\u00fa starostlivos\u0165. Ani v polovici marca tak poskytovatelia zdravotnej starostlivosti nevedia, s ak\u00fdmi financiami m\u00f4\u017eu na tento rok r\u00e1ta\u0165. Navy\u0161e, odborn\u00edci na zdravotn\u00edctvo za Demokratov r\u00e1taj\u00fa, \u017ee po zapo\u010d\u00edtan\u00ed zv\u00fd\u0161en\u00fdch n\u00e1kladov na mzdy a \u010fal\u0161ie polo\u017eky, ktor\u00e9 neboli zahrnut\u00e9 v rozpo\u010dte, bude v zdravotn\u00edctve [&hellip;]\" \/>\n<meta property=\"og:url\" content=\"https:\/\/www.smedemokrati.sk\/en\/meskajuca-programova-vyhlaska-a-chybajuce-miliony-v-zdravotnictve-ziadame-ministra-zdravotnictva-saska-aby-konal\/\" \/>\n<meta property=\"og:site_name\" content=\"Smedemokrati.sk\" \/>\n<meta property=\"article:publisher\" content=\"https:\/\/www.facebook.com\/smedemokrati2023\" \/>\n<meta property=\"article:published_time\" content=\"2025-03-19T16:39:19+00:00\" \/>\n<meta property=\"article:modified_time\" content=\"2025-03-19T16:39:21+00:00\" \/>\n<meta property=\"og:image\" content=\"https:\/\/www.smedemokrati.sk\/wp-content\/uploads\/2025\/03\/ohrozenie-zdravotnictva.jpg\" \/>\n\t<meta property=\"og:image:width\" content=\"1432\" \/>\n\t<meta property=\"og:image:height\" content=\"777\" \/>\n\t<meta property=\"og:image:type\" content=\"image\/jpeg\" \/>\n<meta name=\"author\" content=\"miro.sopko\" \/>\n<meta name=\"twitter:card\" content=\"summary_large_image\" \/>\n<meta name=\"twitter:label1\" content=\"Written by\" \/>\n\t<meta name=\"twitter:data1\" content=\"miro.sopko\" \/>\n\t<meta name=\"twitter:label2\" content=\"Est. reading time\" \/>\n\t<meta name=\"twitter:data2\" content=\"3 minutes\" \/>\n<script type=\"application\/ld+json\" class=\"yoast-schema-graph\">{\"@context\":\"https:\/\/schema.org\",\"@graph\":[{\"@type\":\"Article\",\"@id\":\"https:\/\/www.smedemokrati.sk\/meskajuca-programova-vyhlaska-a-chybajuce-miliony-v-zdravotnictve-ziadame-ministra-zdravotnictva-saska-aby-konal\/#article\",\"isPartOf\":{\"@id\":\"https:\/\/www.smedemokrati.sk\/meskajuca-programova-vyhlaska-a-chybajuce-miliony-v-zdravotnictve-ziadame-ministra-zdravotnictva-saska-aby-konal\/\"},\"author\":{\"name\":\"miro.sopko\",\"@id\":\"https:\/\/www.smedemokrati.sk\/#\/schema\/person\/21f147c88d605aa7ded900e1e7c344ba\"},\"headline\":\"Me\u0161kaj\u00faca programov\u00e1 vyhl\u00e1\u0161ka a ch\u00fdbaj\u00face mili\u00f3ny v zdravotn\u00edctve! \u017diadame ministra zdravotn\u00edctva \u0160a\u0161ka aby konal\",\"datePublished\":\"2025-03-19T16:39:19+00:00\",\"dateModified\":\"2025-03-19T16:39:21+00:00\",\"mainEntityOfPage\":{\"@id\":\"https:\/\/www.smedemokrati.sk\/meskajuca-programova-vyhlaska-a-chybajuce-miliony-v-zdravotnictve-ziadame-ministra-zdravotnictva-saska-aby-konal\/\"},\"wordCount\":520,\"publisher\":{\"@id\":\"https:\/\/www.smedemokrati.sk\/#organization\"},\"image\":{\"@id\":\"https:\/\/www.smedemokrati.sk\/meskajuca-programova-vyhlaska-a-chybajuce-miliony-v-zdravotnictve-ziadame-ministra-zdravotnictva-saska-aby-konal\/#primaryimage\"},\"thumbnailUrl\":\"https:\/\/www.smedemokrati.sk\/wp-content\/uploads\/2025\/03\/ohrozenie-zdravotnictva.jpg\",\"articleSection\":[\"Tla\u010dov\u00e9 spr\u00e1vy\"],\"inLanguage\":\"en-US\"},{\"@type\":\"WebPage\",\"@id\":\"https:\/\/www.smedemokrati.sk\/meskajuca-programova-vyhlaska-a-chybajuce-miliony-v-zdravotnictve-ziadame-ministra-zdravotnictva-saska-aby-konal\/\",\"url\":\"https:\/\/www.smedemokrati.sk\/meskajuca-programova-vyhlaska-a-chybajuce-miliony-v-zdravotnictve-ziadame-ministra-zdravotnictva-saska-aby-konal\/\",\"name\":\"Me\u0161kaj\u00faca programov\u00e1 vyhl\u00e1\u0161ka a ch\u00fdbaj\u00face mili\u00f3ny v zdravotn\u00edctve! \u017diadame ministra zdravotn\u00edctva \u0160a\u0161ka aby konal\",\"isPartOf\":{\"@id\":\"https:\/\/www.smedemokrati.sk\/#website\"},\"primaryImageOfPage\":{\"@id\":\"https:\/\/www.smedemokrati.sk\/meskajuca-programova-vyhlaska-a-chybajuce-miliony-v-zdravotnictve-ziadame-ministra-zdravotnictva-saska-aby-konal\/#primaryimage\"},\"image\":{\"@id\":\"https:\/\/www.smedemokrati.sk\/meskajuca-programova-vyhlaska-a-chybajuce-miliony-v-zdravotnictve-ziadame-ministra-zdravotnictva-saska-aby-konal\/#primaryimage\"},\"thumbnailUrl\":\"https:\/\/www.smedemokrati.sk\/wp-content\/uploads\/2025\/03\/ohrozenie-zdravotnictva.jpg\",\"datePublished\":\"2025-03-19T16:39:19+00:00\",\"dateModified\":\"2025-03-19T16:39:21+00:00\",\"breadcrumb\":{\"@id\":\"https:\/\/www.smedemokrati.sk\/meskajuca-programova-vyhlaska-a-chybajuce-miliony-v-zdravotnictve-ziadame-ministra-zdravotnictva-saska-aby-konal\/#breadcrumb\"},\"inLanguage\":\"en-US\",\"potentialAction\":[{\"@type\":\"ReadAction\",\"target\":[\"https:\/\/www.smedemokrati.sk\/meskajuca-programova-vyhlaska-a-chybajuce-miliony-v-zdravotnictve-ziadame-ministra-zdravotnictva-saska-aby-konal\/\"]}]},{\"@type\":\"ImageObject\",\"inLanguage\":\"en-US\",\"@id\":\"https:\/\/www.smedemokrati.sk\/meskajuca-programova-vyhlaska-a-chybajuce-miliony-v-zdravotnictve-ziadame-ministra-zdravotnictva-saska-aby-konal\/#primaryimage\",\"url\":\"https:\/\/www.smedemokrati.sk\/wp-content\/uploads\/2025\/03\/ohrozenie-zdravotnictva.jpg\",\"contentUrl\":\"https:\/\/www.smedemokrati.sk\/wp-content\/uploads\/2025\/03\/ohrozenie-zdravotnictva.jpg\",\"width\":1432,\"height\":777},{\"@type\":\"BreadcrumbList\",\"@id\":\"https:\/\/www.smedemokrati.sk\/meskajuca-programova-vyhlaska-a-chybajuce-miliony-v-zdravotnictve-ziadame-ministra-zdravotnictva-saska-aby-konal\/#breadcrumb\",\"itemListElement\":[{\"@type\":\"ListItem\",\"position\":1,\"name\":\"Domovsk\u00e1 str\u00e1nka\",\"item\":\"https:\/\/www.smedemokrati.sk\/\"},{\"@type\":\"ListItem\",\"position\":2,\"name\":\"Me\u0161kaj\u00faca programov\u00e1 vyhl\u00e1\u0161ka a ch\u00fdbaj\u00face mili\u00f3ny v zdravotn\u00edctve! \u017diadame ministra zdravotn\u00edctva \u0160a\u0161ka aby konal\"}]},{\"@type\":\"WebSite\",\"@id\":\"https:\/\/www.smedemokrati.sk\/#website\",\"url\":\"https:\/\/www.smedemokrati.sk\/\",\"name\":\"Smedemokrati.sk\",\"description\":\"Demokracia a slu\u0161nos\u0165 zv\u00ed\u0165az\u00ed\",\"publisher\":{\"@id\":\"https:\/\/www.smedemokrati.sk\/#organization\"},\"potentialAction\":[{\"@type\":\"SearchAction\",\"target\":{\"@type\":\"EntryPoint\",\"urlTemplate\":\"https:\/\/www.smedemokrati.sk\/?s={search_term_string}\"},\"query-input\":{\"@type\":\"PropertyValueSpecification\",\"valueRequired\":true,\"valueName\":\"search_term_string\"}}],\"inLanguage\":\"en-US\"},{\"@type\":\"Organization\",\"@id\":\"https:\/\/www.smedemokrati.sk\/#organization\",\"name\":\"Smedemokrati.sk\",\"url\":\"https:\/\/www.smedemokrati.sk\/\",\"logo\":{\"@type\":\"ImageObject\",\"inLanguage\":\"en-US\",\"@id\":\"https:\/\/www.smedemokrati.sk\/#\/schema\/logo\/image\/\",\"url\":\"https:\/\/www.smedemokrati.sk\/wp-content\/uploads\/2023\/04\/ff.002.jpeg\",\"contentUrl\":\"https:\/\/www.smedemokrati.sk\/wp-content\/uploads\/2023\/04\/ff.002.jpeg\",\"width\":640,\"height\":480,\"caption\":\"Smedemokrati.sk\"},\"image\":{\"@id\":\"https:\/\/www.smedemokrati.sk\/#\/schema\/logo\/image\/\"},\"sameAs\":[\"https:\/\/www.facebook.com\/smedemokrati2023\"]},{\"@type\":\"Person\",\"@id\":\"https:\/\/www.smedemokrati.sk\/#\/schema\/person\/21f147c88d605aa7ded900e1e7c344ba\",\"name\":\"miro.sopko\",\"image\":{\"@type\":\"ImageObject\",\"inLanguage\":\"en-US\",\"@id\":\"https:\/\/secure.gravatar.com\/avatar\/267e4a36f704376c109afe3a78740c1f5dd8675a2180a908699e7863c9247606?s=96&d=mm&r=g\",\"url\":\"https:\/\/secure.gravatar.com\/avatar\/267e4a36f704376c109afe3a78740c1f5dd8675a2180a908699e7863c9247606?s=96&d=mm&r=g\",\"contentUrl\":\"https:\/\/secure.gravatar.com\/avatar\/267e4a36f704376c109afe3a78740c1f5dd8675a2180a908699e7863c9247606?s=96&d=mm&r=g\",\"caption\":\"miro.sopko\"},\"url\":\"https:\/\/www.smedemokrati.sk\/en\/author\/miro-sopko\/\"}]}<\/script>\n<!-- \/ Yoast SEO plugin. -->","yoast_head_json":{"title":"Me\u0161kaj\u00faca programov\u00e1 vyhl\u00e1\u0161ka a ch\u00fdbaj\u00face mili\u00f3ny v zdravotn\u00edctve! \u017diadame ministra zdravotn\u00edctva \u0160a\u0161ka aby konal","robots":{"index":"index","follow":"follow","max-snippet":"max-snippet:-1","max-image-preview":"max-image-preview:large","max-video-preview":"max-video-preview:-1"},"canonical":"https:\/\/www.smedemokrati.sk\/en\/meskajuca-programova-vyhlaska-a-chybajuce-miliony-v-zdravotnictve-ziadame-ministra-zdravotnictva-saska-aby-konal\/","og_locale":"en_US","og_type":"article","og_title":"[:sk]Me\u0161kaj\u00faca programov\u00e1 vyhl\u00e1\u0161ka a ch\u00fdbaj\u00face mili\u00f3ny v zdravotn\u00edctve! \u017diadame ministra zdravotn\u00edctva \u0160a\u0161ka aby konal[:] - Smedemokrati.sk","og_description":"Rezort ministra \u0160a\u0161ka me\u0161k\u00e1 s Programovou vyhl\u00e1\u0161kou o prerozdelen\u00ed pe\u0148az\u00ed na zdravotn\u00fa starostlivos\u0165. Ani v polovici marca tak poskytovatelia zdravotnej starostlivosti nevedia, s ak\u00fdmi financiami m\u00f4\u017eu na tento rok r\u00e1ta\u0165. Navy\u0161e, odborn\u00edci na zdravotn\u00edctvo za Demokratov r\u00e1taj\u00fa, \u017ee po zapo\u010d\u00edtan\u00ed zv\u00fd\u0161en\u00fdch n\u00e1kladov na mzdy a \u010fal\u0161ie polo\u017eky, ktor\u00e9 neboli zahrnut\u00e9 v rozpo\u010dte, bude v zdravotn\u00edctve [&hellip;]","og_url":"https:\/\/www.smedemokrati.sk\/en\/meskajuca-programova-vyhlaska-a-chybajuce-miliony-v-zdravotnictve-ziadame-ministra-zdravotnictva-saska-aby-konal\/","og_site_name":"Smedemokrati.sk","article_publisher":"https:\/\/www.facebook.com\/smedemokrati2023","article_published_time":"2025-03-19T16:39:19+00:00","article_modified_time":"2025-03-19T16:39:21+00:00","og_image":[{"width":1432,"height":777,"url":"https:\/\/www.smedemokrati.sk\/wp-content\/uploads\/2025\/03\/ohrozenie-zdravotnictva.jpg","type":"image\/jpeg"}],"author":"miro.sopko","twitter_card":"summary_large_image","twitter_misc":{"Written by":"miro.sopko","Est. reading time":"3 minutes"},"schema":{"@context":"https:\/\/schema.org","@graph":[{"@type":"Article","@id":"https:\/\/www.smedemokrati.sk\/meskajuca-programova-vyhlaska-a-chybajuce-miliony-v-zdravotnictve-ziadame-ministra-zdravotnictva-saska-aby-konal\/#article","isPartOf":{"@id":"https:\/\/www.smedemokrati.sk\/meskajuca-programova-vyhlaska-a-chybajuce-miliony-v-zdravotnictve-ziadame-ministra-zdravotnictva-saska-aby-konal\/"},"author":{"name":"miro.sopko","@id":"https:\/\/www.smedemokrati.sk\/#\/schema\/person\/21f147c88d605aa7ded900e1e7c344ba"},"headline":"Me\u0161kaj\u00faca programov\u00e1 vyhl\u00e1\u0161ka a ch\u00fdbaj\u00face mili\u00f3ny v zdravotn\u00edctve! \u017diadame ministra zdravotn\u00edctva \u0160a\u0161ka aby konal","datePublished":"2025-03-19T16:39:19+00:00","dateModified":"2025-03-19T16:39:21+00:00","mainEntityOfPage":{"@id":"https:\/\/www.smedemokrati.sk\/meskajuca-programova-vyhlaska-a-chybajuce-miliony-v-zdravotnictve-ziadame-ministra-zdravotnictva-saska-aby-konal\/"},"wordCount":520,"publisher":{"@id":"https:\/\/www.smedemokrati.sk\/#organization"},"image":{"@id":"https:\/\/www.smedemokrati.sk\/meskajuca-programova-vyhlaska-a-chybajuce-miliony-v-zdravotnictve-ziadame-ministra-zdravotnictva-saska-aby-konal\/#primaryimage"},"thumbnailUrl":"https:\/\/www.smedemokrati.sk\/wp-content\/uploads\/2025\/03\/ohrozenie-zdravotnictva.jpg","articleSection":["Tla\u010dov\u00e9 spr\u00e1vy"],"inLanguage":"en-US"},{"@type":"WebPage","@id":"https:\/\/www.smedemokrati.sk\/meskajuca-programova-vyhlaska-a-chybajuce-miliony-v-zdravotnictve-ziadame-ministra-zdravotnictva-saska-aby-konal\/","url":"https:\/\/www.smedemokrati.sk\/meskajuca-programova-vyhlaska-a-chybajuce-miliony-v-zdravotnictve-ziadame-ministra-zdravotnictva-saska-aby-konal\/","name":"Me\u0161kaj\u00faca programov\u00e1 vyhl\u00e1\u0161ka a ch\u00fdbaj\u00face mili\u00f3ny v zdravotn\u00edctve! \u017diadame ministra zdravotn\u00edctva \u0160a\u0161ka aby konal","isPartOf":{"@id":"https:\/\/www.smedemokrati.sk\/#website"},"primaryImageOfPage":{"@id":"https:\/\/www.smedemokrati.sk\/meskajuca-programova-vyhlaska-a-chybajuce-miliony-v-zdravotnictve-ziadame-ministra-zdravotnictva-saska-aby-konal\/#primaryimage"},"image":{"@id":"https:\/\/www.smedemokrati.sk\/meskajuca-programova-vyhlaska-a-chybajuce-miliony-v-zdravotnictve-ziadame-ministra-zdravotnictva-saska-aby-konal\/#primaryimage"},"thumbnailUrl":"https:\/\/www.smedemokrati.sk\/wp-content\/uploads\/2025\/03\/ohrozenie-zdravotnictva.jpg","datePublished":"2025-03-19T16:39:19+00:00","dateModified":"2025-03-19T16:39:21+00:00","breadcrumb":{"@id":"https:\/\/www.smedemokrati.sk\/meskajuca-programova-vyhlaska-a-chybajuce-miliony-v-zdravotnictve-ziadame-ministra-zdravotnictva-saska-aby-konal\/#breadcrumb"},"inLanguage":"en-US","potentialAction":[{"@type":"ReadAction","target":["https:\/\/www.smedemokrati.sk\/meskajuca-programova-vyhlaska-a-chybajuce-miliony-v-zdravotnictve-ziadame-ministra-zdravotnictva-saska-aby-konal\/"]}]},{"@type":"ImageObject","inLanguage":"en-US","@id":"https:\/\/www.smedemokrati.sk\/meskajuca-programova-vyhlaska-a-chybajuce-miliony-v-zdravotnictve-ziadame-ministra-zdravotnictva-saska-aby-konal\/#primaryimage","url":"https:\/\/www.smedemokrati.sk\/wp-content\/uploads\/2025\/03\/ohrozenie-zdravotnictva.jpg","contentUrl":"https:\/\/www.smedemokrati.sk\/wp-content\/uploads\/2025\/03\/ohrozenie-zdravotnictva.jpg","width":1432,"height":777},{"@type":"BreadcrumbList","@id":"https:\/\/www.smedemokrati.sk\/meskajuca-programova-vyhlaska-a-chybajuce-miliony-v-zdravotnictve-ziadame-ministra-zdravotnictva-saska-aby-konal\/#breadcrumb","itemListElement":[{"@type":"ListItem","position":1,"name":"Domovsk\u00e1 str\u00e1nka","item":"https:\/\/www.smedemokrati.sk\/"},{"@type":"ListItem","position":2,"name":"Me\u0161kaj\u00faca programov\u00e1 vyhl\u00e1\u0161ka a ch\u00fdbaj\u00face mili\u00f3ny v zdravotn\u00edctve! \u017diadame ministra zdravotn\u00edctva \u0160a\u0161ka aby konal"}]},{"@type":"WebSite","@id":"https:\/\/www.smedemokrati.sk\/#website","url":"https:\/\/www.smedemokrati.sk\/","name":"Smedemokrati.sk","description":"Demokracia a slu\u0161nos\u0165 zv\u00ed\u0165az\u00ed","publisher":{"@id":"https:\/\/www.smedemokrati.sk\/#organization"},"potentialAction":[{"@type":"SearchAction","target":{"@type":"EntryPoint","urlTemplate":"https:\/\/www.smedemokrati.sk\/?s={search_term_string}"},"query-input":{"@type":"PropertyValueSpecification","valueRequired":true,"valueName":"search_term_string"}}],"inLanguage":"en-US"},{"@type":"Organization","@id":"https:\/\/www.smedemokrati.sk\/#organization","name":"Smedemokrati.sk","url":"https:\/\/www.smedemokrati.sk\/","logo":{"@type":"ImageObject","inLanguage":"en-US","@id":"https:\/\/www.smedemokrati.sk\/#\/schema\/logo\/image\/","url":"https:\/\/www.smedemokrati.sk\/wp-content\/uploads\/2023\/04\/ff.002.jpeg","contentUrl":"https:\/\/www.smedemokrati.sk\/wp-content\/uploads\/2023\/04\/ff.002.jpeg","width":640,"height":480,"caption":"Smedemokrati.sk"},"image":{"@id":"https:\/\/www.smedemokrati.sk\/#\/schema\/logo\/image\/"},"sameAs":["https:\/\/www.facebook.com\/smedemokrati2023"]},{"@type":"Person","@id":"https:\/\/www.smedemokrati.sk\/#\/schema\/person\/21f147c88d605aa7ded900e1e7c344ba","name":"miro.sopko","image":{"@type":"ImageObject","inLanguage":"en-US","@id":"https:\/\/secure.gravatar.com\/avatar\/267e4a36f704376c109afe3a78740c1f5dd8675a2180a908699e7863c9247606?s=96&d=mm&r=g","url":"https:\/\/secure.gravatar.com\/avatar\/267e4a36f704376c109afe3a78740c1f5dd8675a2180a908699e7863c9247606?s=96&d=mm&r=g","contentUrl":"https:\/\/secure.gravatar.com\/avatar\/267e4a36f704376c109afe3a78740c1f5dd8675a2180a908699e7863c9247606?s=96&d=mm&r=g","caption":"miro.sopko"},"url":"https:\/\/www.smedemokrati.sk\/en\/author\/miro-sopko\/"}]}},"_links":{"self":[{"href":"https:\/\/www.smedemokrati.sk\/en\/wp-json\/wp\/v2\/posts\/6682","targetHints":{"allow":["GET"]}}],"collection":[{"href":"https:\/\/www.smedemokrati.sk\/en\/wp-json\/wp\/v2\/posts"}],"about":[{"href":"https:\/\/www.smedemokrati.sk\/en\/wp-json\/wp\/v2\/types\/post"}],"author":[{"embeddable":true,"href":"https:\/\/www.smedemokrati.sk\/en\/wp-json\/wp\/v2\/users\/13"}],"replies":[{"embeddable":true,"href":"https:\/\/www.smedemokrati.sk\/en\/wp-json\/wp\/v2\/comments?post=6682"}],"version-history":[{"count":2,"href":"https:\/\/www.smedemokrati.sk\/en\/wp-json\/wp\/v2\/posts\/6682\/revisions"}],"predecessor-version":[{"id":6693,"href":"https:\/\/www.smedemokrati.sk\/en\/wp-json\/wp\/v2\/posts\/6682\/revisions\/6693"}],"wp:featuredmedia":[{"embeddable":true,"href":"https:\/\/www.smedemokrati.sk\/en\/wp-json\/wp\/v2\/media\/6683"}],"wp:attachment":[{"href":"https:\/\/www.smedemokrati.sk\/en\/wp-json\/wp\/v2\/media?parent=6682"}],"wp:term":[{"taxonomy":"category","embeddable":true,"href":"https:\/\/www.smedemokrati.sk\/en\/wp-json\/wp\/v2\/categories?post=6682"},{"taxonomy":"post_tag","embeddable":true,"href":"https:\/\/www.smedemokrati.sk\/en\/wp-json\/wp\/v2\/tags?post=6682"}],"curies":[{"name":"wp","href":"https:\/\/api.w.org\/{rel}","templated":true}]}}