{"id":6680,"date":"2025-03-19T17:28:02","date_gmt":"2025-03-19T16:28:02","guid":{"rendered":"https:\/\/www.smedemokrati.sk\/?p=6680"},"modified":"2025-03-19T17:28:03","modified_gmt":"2025-03-19T16:28:03","slug":"vlada-ide-z-planu-obnovy-financovat-vyruby-lesov-za-takmer-50-mil-eur","status":"publish","type":"post","link":"https:\/\/www.smedemokrati.sk\/en\/vlada-ide-z-planu-obnovy-financovat-vyruby-lesov-za-takmer-50-mil-eur\/","title":{"rendered":"Vl\u00e1da ide z pl\u00e1nu obnovy financova\u0165 v\u00fdruby lesov za takmer 50 mil. eur"},"content":{"rendered":"<div id=\"fb-root\"><\/div>\n\n<p><strong>Tom\u00e1\u0161 Taraba ako minister \u017eivotn\u00e9ho prostredia op\u00e4\u0165 uk\u00e1zal, ak\u00fd je v skuto\u010dnosti slab\u00fd mana\u017e\u00e9r. Vl\u00e1da dnes schv\u00e1lila ur\u010denie ministerstva p\u00f4dohospod\u00e1rstva za realiz\u00e1tora invest\u00edcie skoro 50 mil. eur (s DPH) na \u201ev\u00fdsadbu lesov\u201d. Opatrenie m\u00e1 nahradi\u0165 invest\u00edciu do v\u00fdkupu pozemkov v n\u00e1rodn\u00fdch parkoch z pl\u00e1nu obnovy za 68 mil. eur. V praxi sa m\u00f4\u017ee jedna\u0165 o ich v\u00fdruby. Taraba nebol schopn\u00fd za viac ako rok realizova\u0165 a ani predstavi\u0165 in\u00e9 opatrenia vo svojom rezorte. Z materi\u00e1lu navy\u0161e nie je v\u00f4bec zrejm\u00fd pr\u00ednos tohto opatrenia pre biodiverzitu. Pod\u013ea pravidiel pl\u00e1nu obnovy sa m\u00e1 (a to aj pri rev\u00edzii), minim\u00e1lne 37 % prostriedkov v \u013eubovo\u013enom pomere vy\u010dleni\u0165 na klimatick\u00e9 opatrenia a biodiverzitu. V na\u0161om pl\u00e1ne obnovy doteraz t\u00fdm jedin\u00fdm \u201cbiodiverzitn\u00fdm\u201d opatren\u00edm bolo pr\u00e1ve majetkov\u00e9 vysporiadanie s vlastn\u00edkmi v chr\u00e1nen\u00fdch \u00fazemiach.<\/strong><\/p>\n\n\n\n<p>Zo schv\u00e1len\u00e9ho materi\u00e1lu nevieme ani jasne ur\u010di\u0165, \u010di sa m\u00e1 nov\u00e9 opatrenie t\u00fdka\u0165 v\u00fdlu\u010dne \u0161t\u00e1tnych lesov a hospod\u00e1rskych \u00fazem\u00ed. Napriek ob\u0161\u00edrnemu popisu je zrejm\u00e9, \u017ee v z\u00e1sade m\u00e1 \u00eds\u0165 o be\u017en\u00e9 zales\u0148ovanie po \u0165a\u017ebe. Pod opis opatren\u00ed sa m\u00f4\u017ee skry\u0165 dokonca aj v\u00fdstavba zv\u00e1\u017enic, ktor\u00fdch sie\u0165 m\u00e1me u\u017e teraz jednu z najhustej\u0161\u00edch v Eur\u00f3pe. P\u00f4vodn\u00fd krok z pl\u00e1nu obnovy mal za cie\u013e ako f\u00e9rovo vyk\u00fapi\u0165 pozemky od vlastn\u00edkov v chr\u00e1nen\u00fdch \u00fazemiach, \u010do je nieko\u013eko desa\u0165ro\u010d\u00ed probl\u00e9m a stoj\u00ed na \u0148om napr\u00edklad aj zon\u00e1cia TANAP-u, tak aj vytv\u00e1ra\u0165 podmienky pre roz\u0161irovanie pr\u00edsne chr\u00e1nen\u00fdch \u00fazem\u00ed a t\u00fdm posil\u0148ova\u0165 biodiverzitu.&nbsp;<\/p>\n\n\n\n<p>\u201e<em>Opatrenie by aj fungovalo neby\u0165 nev\u00eddanej dezinforma\u010dnej kampane zo strany \u013eud\u00ed ako Huliak, Kuffa \u010di Taraba. No a na lep\u0161\u00ed n\u00e1vrh ako vyk\u00fapi\u0165 pozemky od vlastn\u00edkov sme \u010dakali m\u00e1rne. Potvrdili, \u017ee nie s\u00fa schopn\u00ed prin\u00e1\u0161a\u0165 rie\u0161enia pre ochranu pr\u00edrody a ani tie, ktor\u00e9 ich zav\u00e4zoval pl\u00e1n obnovy. Miesto toho id\u00fa svojvo\u013ene vys\u00e1dza\u0165 lesy za ve\u013emi zvl\u00e1\u0161tnych paradoxov. Z textu opatrenia vypl\u00fdva, \u017ee biodiverzitu mo\u017eno podpori\u0165 aj \u0165a\u017ebou lesov (!) a dokonca aj v\u00fdsadbou nep\u00f4vodn\u00fdch druhov drev\u00edn, \u010do je teda unik\u00e1t. Ob\u00e1vam sa, \u017ee v podan\u00ed Tak\u00e1\u010da p\u00f4jde o be\u017en\u00fa aktivitu bez pr\u00ednosu k podpore biodiverzity, ktor\u00fa musia naviac vykon\u00e1va\u0165 obhospodarovatelia lesov u\u017e teraz. V podan\u00ed s\u00fa\u010dasnej vl\u00e1dy ide o perpetum mobile. V obrovsk\u00fdch v\u00fdmer\u00e1ch, najm\u00e4 na Horehron\u00ed, sa hospod\u00e1rske lesy pod z\u00e1mienkou spracovania kalamity vyr\u00fabu a n\u00e1sledne ideme ako\u017ee zachra\u0148ova\u0165 pr\u00edrodu v\u00fdsadbou lesov za eur\u00f3pske peniaze,<\/em>&#8221; upozor\u0148uje Michal Ki\u010da, enviroexpert strany Demokrati a \u010dlen predsedn\u00edctva.\u00a0\u00a0<\/p>\n\n\n\n<p>Opatrenie ako tak\u00e9 smeruje len k zachovaniu ekonomickej a ekologickej stability hospod\u00e1rskych lesov, \u010do je na rozvoj ekosyst\u00e9mov a nap\u013a\u0148anie eur\u00f3pskej biodiverzitnej strat\u00e9gie celkom nedostato\u010dn\u00e9. Vl\u00e1da tak bude ma\u0165 probl\u00e9m preuk\u00e1za\u0165 s\u00falad tohto opatrenia s cie\u013emi pl\u00e1nu obnovy a presved\u010di\u0165 Eur\u00f3psku komisiu na ods\u00fahlasenie rev\u00edzie, preto\u017ee kontext s\u00fa\u010dasnej situ\u00e1cie s \u0165a\u017ebou na Slovensku je tie\u017e relevantn\u00fd a komisia je informovan\u00e1. Opatrenie sa naviac jav\u00ed ako rozporn\u00e9 s princ\u00edpom \u201cv\u00fdrazne ne\u0161kodi\u0165\u201d, (DNSH), ktor\u00fd musia v\u0161etky invest\u00edcie pl\u00e1nu obnovy re\u0161pektova\u0165.&nbsp;<\/p>\n\n\n\n<p>Nie je n\u00e1m ani jasn\u00e9 ako k tomu prist\u00fapia ne\u0161t\u00e1tni vlastn\u00edci a urb\u00e1re, ke\u010f\u017ee zatia\u013e nevieme o tom, \u017ee by sa pripravovala sch\u00e9ma \u0161t\u00e1tnej pomoci aj pre nich. V podan\u00ed Tarabu a Tak\u00e1\u010da sa tak pravdepodobne schy\u013euje k \u010fal\u0161iemu megatendru na be\u017en\u00fa pestovn\u00fa \u010dinnos\u0165 pre LESY SR, \u0161. p. za 50 mil. eur. M\u00e1me opr\u00e1vnene obavu, \u017ee len pre \u00fazky okruh uch\u00e1dza\u010dov. Pova\u017eujeme za neakceptovate\u013en\u00e9, \u017ee z\u00e1mer nebol predmetom medzirezortn\u00e9ho pripomienkov\u00e9ho konania, v ktorom by sa k nemu mohli vyjadri\u0165 ochran\u00e1rske organiz\u00e1cie a aj z\u00e1stupcovia ne\u0161t\u00e1tnych vlastn\u00edkov lesov. Pl\u00e1n obnovy v roku 2021 a jeho rev\u00edzia v roku 2023 boli predmetom riadneho medzirezortn\u00e9ho pripomienkov\u00e9ho konania s pln\u00fdm pr\u00edstupom verejnosti. Dnes sa \u201cv\u00fdsadba lesov\u201d schv\u00e1lila bez medzirezortn\u00e9ho pripomienkov\u00e9ho konania a bez \u00fa\u010dasti verejnosti.&nbsp;<\/p>\n\n\n\n<p>Je to \u010fal\u0161ie potvrdenie zlyhan\u00ed ministra Tarabu pri pl\u00e1ne obnovy. \u201e<em>Minister nebol rok schopn\u00fd vyrokova\u0165 ni\u010d konkr\u00e9tne, predstavi\u0165 ak\u00fdko\u013evek relevantn\u00fd projekt na podporu biodiverzity slovenskej pr\u00edrody, pri\u010dom sa ich pon\u00faka ne\u00farekom. Dok\u00e1zal len st\u00e1le na v\u0161etk\u00fdch kyda\u0165 a prich\u00e1dza\u0165 s bombastick\u00fdmi pl\u00e1nmi v oblasti dekarboniz\u00e1cie priemyslu, ktor\u00e9 ale boli \u010do i len trocha zorientovan\u00fdm \u013eu\u010fom na posmech. Namiesto v\u00fdkupu pozemkov rie\u0161il podporu v\u010del\u00e1rstva, vyvlast\u0148ovanie pozemkov nezn\u00e1mych vlastn\u00edkov a tak \u010falej. No relevantn\u00fa n\u00e1hradu nebol schopn\u00fd predlo\u017ei\u0165. Netreba sa \u010dudova\u0165, preto\u017ee \u013eud\u00ed, ktor\u00ed by boli schopn\u00ed \u010doko\u013evek zmyslupln\u00e9 pripravi\u0165, vyhodil,<\/em>&#8221; uzatv\u00e1ra Ki\u010da.\u00a0<\/p>\n","protected":false},"excerpt":{"rendered":"<p>Tom\u00e1\u0161 Taraba ako minister \u017eivotn\u00e9ho prostredia op\u00e4\u0165 uk\u00e1zal, ak\u00fd je v skuto\u010dnosti slab\u00fd mana\u017e\u00e9r. Vl\u00e1da dnes schv\u00e1lila ur\u010denie ministerstva p\u00f4dohospod\u00e1rstva za realiz\u00e1tora invest\u00edcie skoro 50 mil. eur (s DPH) na \u201ev\u00fdsadbu lesov\u201d. Opatrenie m\u00e1 nahradi\u0165 invest\u00edciu do v\u00fdkupu pozemkov v n\u00e1rodn\u00fdch parkoch z pl\u00e1nu obnovy za 68 mil. eur. V praxi sa m\u00f4\u017ee jedna\u0165 o [&hellip;]<\/p>\n","protected":false},"author":13,"featured_media":2931,"comment_status":"closed","ping_status":"closed","sticky":false,"template":"","format":"standard","meta":{"_acf_changed":false,"ngg_post_thumbnail":0,"footnotes":""},"categories":[4],"tags":[],"class_list":["post-6680","post","type-post","status-publish","format-standard","has-post-thumbnail","hentry","category-tlacove-spravy"],"acf":[],"yoast_head":"<!-- This site is optimized with the Yoast SEO plugin v27.2 - https:\/\/yoast.com\/product\/yoast-seo-wordpress\/ -->\n<title>Vl\u00e1da ide z pl\u00e1nu obnovy financova\u0165 v\u00fdruby lesov za takmer 50 mil. eur<\/title>\n<meta name=\"robots\" content=\"index, follow, max-snippet:-1, max-image-preview:large, max-video-preview:-1\" \/>\n<link rel=\"canonical\" href=\"https:\/\/www.smedemokrati.sk\/en\/vlada-ide-z-planu-obnovy-financovat-vyruby-lesov-za-takmer-50-mil-eur\/\" \/>\n<meta property=\"og:locale\" content=\"en_US\" \/>\n<meta property=\"og:locale:alternate\" content=\"cs_CZ\" \/>\n<meta property=\"og:locale:alternate\" content=\"hu_HU\" \/>\n<meta property=\"og:locale:alternate\" content=\"sk_SK\" \/>\n<meta property=\"og:locale:alternate\" content=\"sv_SE\" \/>\n<meta property=\"og:type\" content=\"article\" \/>\n<meta property=\"og:title\" content=\"Vl\u00e1da ide z pl\u00e1nu obnovy financova\u0165 v\u00fdruby lesov za takmer 50 mil. eur\" \/>\n<meta property=\"og:description\" content=\"Tom\u00e1\u0161 Taraba ako minister \u017eivotn\u00e9ho prostredia op\u00e4\u0165 uk\u00e1zal, ak\u00fd je v skuto\u010dnosti slab\u00fd mana\u017e\u00e9r. Vl\u00e1da dnes schv\u00e1lila ur\u010denie ministerstva p\u00f4dohospod\u00e1rstva za realiz\u00e1tora invest\u00edcie skoro 50 mil. eur (s DPH) na \u201ev\u00fdsadbu lesov\u201d. Opatrenie m\u00e1 nahradi\u0165 invest\u00edciu do v\u00fdkupu pozemkov v n\u00e1rodn\u00fdch parkoch z pl\u00e1nu obnovy za 68 mil. eur. V praxi sa m\u00f4\u017ee jedna\u0165 o [&hellip;]\" \/>\n<meta property=\"og:url\" content=\"https:\/\/www.smedemokrati.sk\/en\/vlada-ide-z-planu-obnovy-financovat-vyruby-lesov-za-takmer-50-mil-eur\/\" \/>\n<meta property=\"og:site_name\" content=\"Smedemokrati.sk\" \/>\n<meta property=\"article:publisher\" content=\"https:\/\/www.facebook.com\/smedemokrati2023\" \/>\n<meta property=\"article:published_time\" content=\"2025-03-19T16:28:02+00:00\" \/>\n<meta property=\"article:modified_time\" content=\"2025-03-19T16:28:03+00:00\" \/>\n<meta property=\"og:image\" content=\"https:\/\/www.smedemokrati.sk\/wp-content\/uploads\/2024\/03\/robert-fico-tomas-taraba-clanokW-1.jpg\" \/>\n\t<meta property=\"og:image:width\" content=\"800\" \/>\n\t<meta property=\"og:image:height\" content=\"448\" \/>\n\t<meta property=\"og:image:type\" content=\"image\/jpeg\" \/>\n<meta name=\"author\" content=\"miro.sopko\" \/>\n<meta name=\"twitter:card\" content=\"summary_large_image\" \/>\n<meta name=\"twitter:label1\" content=\"Written by\" \/>\n\t<meta name=\"twitter:data1\" content=\"miro.sopko\" \/>\n\t<meta name=\"twitter:label2\" content=\"Est. reading time\" \/>\n\t<meta name=\"twitter:data2\" content=\"4 minutes\" \/>\n<script type=\"application\/ld+json\" class=\"yoast-schema-graph\">{\"@context\":\"https:\/\/schema.org\",\"@graph\":[{\"@type\":\"Article\",\"@id\":\"https:\/\/www.smedemokrati.sk\/vlada-ide-z-planu-obnovy-financovat-vyruby-lesov-za-takmer-50-mil-eur\/#article\",\"isPartOf\":{\"@id\":\"https:\/\/www.smedemokrati.sk\/vlada-ide-z-planu-obnovy-financovat-vyruby-lesov-za-takmer-50-mil-eur\/\"},\"author\":{\"name\":\"miro.sopko\",\"@id\":\"https:\/\/www.smedemokrati.sk\/#\/schema\/person\/21f147c88d605aa7ded900e1e7c344ba\"},\"headline\":\"Vl\u00e1da ide z pl\u00e1nu obnovy financova\u0165 v\u00fdruby lesov za takmer 50 mil. eur\",\"datePublished\":\"2025-03-19T16:28:02+00:00\",\"dateModified\":\"2025-03-19T16:28:03+00:00\",\"mainEntityOfPage\":{\"@id\":\"https:\/\/www.smedemokrati.sk\/vlada-ide-z-planu-obnovy-financovat-vyruby-lesov-za-takmer-50-mil-eur\/\"},\"wordCount\":893,\"publisher\":{\"@id\":\"https:\/\/www.smedemokrati.sk\/#organization\"},\"image\":{\"@id\":\"https:\/\/www.smedemokrati.sk\/vlada-ide-z-planu-obnovy-financovat-vyruby-lesov-za-takmer-50-mil-eur\/#primaryimage\"},\"thumbnailUrl\":\"https:\/\/www.smedemokrati.sk\/wp-content\/uploads\/2024\/03\/robert-fico-tomas-taraba-clanokW-1.jpg\",\"articleSection\":[\"Tla\u010dov\u00e9 spr\u00e1vy\"],\"inLanguage\":\"en-US\"},{\"@type\":\"WebPage\",\"@id\":\"https:\/\/www.smedemokrati.sk\/vlada-ide-z-planu-obnovy-financovat-vyruby-lesov-za-takmer-50-mil-eur\/\",\"url\":\"https:\/\/www.smedemokrati.sk\/vlada-ide-z-planu-obnovy-financovat-vyruby-lesov-za-takmer-50-mil-eur\/\",\"name\":\"Vl\u00e1da ide z pl\u00e1nu obnovy financova\u0165 v\u00fdruby lesov za takmer 50 mil. eur\",\"isPartOf\":{\"@id\":\"https:\/\/www.smedemokrati.sk\/#website\"},\"primaryImageOfPage\":{\"@id\":\"https:\/\/www.smedemokrati.sk\/vlada-ide-z-planu-obnovy-financovat-vyruby-lesov-za-takmer-50-mil-eur\/#primaryimage\"},\"image\":{\"@id\":\"https:\/\/www.smedemokrati.sk\/vlada-ide-z-planu-obnovy-financovat-vyruby-lesov-za-takmer-50-mil-eur\/#primaryimage\"},\"thumbnailUrl\":\"https:\/\/www.smedemokrati.sk\/wp-content\/uploads\/2024\/03\/robert-fico-tomas-taraba-clanokW-1.jpg\",\"datePublished\":\"2025-03-19T16:28:02+00:00\",\"dateModified\":\"2025-03-19T16:28:03+00:00\",\"breadcrumb\":{\"@id\":\"https:\/\/www.smedemokrati.sk\/vlada-ide-z-planu-obnovy-financovat-vyruby-lesov-za-takmer-50-mil-eur\/#breadcrumb\"},\"inLanguage\":\"en-US\",\"potentialAction\":[{\"@type\":\"ReadAction\",\"target\":[\"https:\/\/www.smedemokrati.sk\/vlada-ide-z-planu-obnovy-financovat-vyruby-lesov-za-takmer-50-mil-eur\/\"]}]},{\"@type\":\"ImageObject\",\"inLanguage\":\"en-US\",\"@id\":\"https:\/\/www.smedemokrati.sk\/vlada-ide-z-planu-obnovy-financovat-vyruby-lesov-za-takmer-50-mil-eur\/#primaryimage\",\"url\":\"https:\/\/www.smedemokrati.sk\/wp-content\/uploads\/2024\/03\/robert-fico-tomas-taraba-clanokW-1.jpg\",\"contentUrl\":\"https:\/\/www.smedemokrati.sk\/wp-content\/uploads\/2024\/03\/robert-fico-tomas-taraba-clanokW-1.jpg\",\"width\":800,\"height\":448},{\"@type\":\"BreadcrumbList\",\"@id\":\"https:\/\/www.smedemokrati.sk\/vlada-ide-z-planu-obnovy-financovat-vyruby-lesov-za-takmer-50-mil-eur\/#breadcrumb\",\"itemListElement\":[{\"@type\":\"ListItem\",\"position\":1,\"name\":\"Domovsk\u00e1 str\u00e1nka\",\"item\":\"https:\/\/www.smedemokrati.sk\/\"},{\"@type\":\"ListItem\",\"position\":2,\"name\":\"Vl\u00e1da ide z pl\u00e1nu obnovy financova\u0165 v\u00fdruby lesov za takmer 50 mil. eur\"}]},{\"@type\":\"WebSite\",\"@id\":\"https:\/\/www.smedemokrati.sk\/#website\",\"url\":\"https:\/\/www.smedemokrati.sk\/\",\"name\":\"Smedemokrati.sk\",\"description\":\"Demokracia a slu\u0161nos\u0165 zv\u00ed\u0165az\u00ed\",\"publisher\":{\"@id\":\"https:\/\/www.smedemokrati.sk\/#organization\"},\"potentialAction\":[{\"@type\":\"SearchAction\",\"target\":{\"@type\":\"EntryPoint\",\"urlTemplate\":\"https:\/\/www.smedemokrati.sk\/?s={search_term_string}\"},\"query-input\":{\"@type\":\"PropertyValueSpecification\",\"valueRequired\":true,\"valueName\":\"search_term_string\"}}],\"inLanguage\":\"en-US\"},{\"@type\":\"Organization\",\"@id\":\"https:\/\/www.smedemokrati.sk\/#organization\",\"name\":\"Smedemokrati.sk\",\"url\":\"https:\/\/www.smedemokrati.sk\/\",\"logo\":{\"@type\":\"ImageObject\",\"inLanguage\":\"en-US\",\"@id\":\"https:\/\/www.smedemokrati.sk\/#\/schema\/logo\/image\/\",\"url\":\"https:\/\/www.smedemokrati.sk\/wp-content\/uploads\/2023\/04\/ff.002.jpeg\",\"contentUrl\":\"https:\/\/www.smedemokrati.sk\/wp-content\/uploads\/2023\/04\/ff.002.jpeg\",\"width\":640,\"height\":480,\"caption\":\"Smedemokrati.sk\"},\"image\":{\"@id\":\"https:\/\/www.smedemokrati.sk\/#\/schema\/logo\/image\/\"},\"sameAs\":[\"https:\/\/www.facebook.com\/smedemokrati2023\"]},{\"@type\":\"Person\",\"@id\":\"https:\/\/www.smedemokrati.sk\/#\/schema\/person\/21f147c88d605aa7ded900e1e7c344ba\",\"name\":\"miro.sopko\",\"image\":{\"@type\":\"ImageObject\",\"inLanguage\":\"en-US\",\"@id\":\"https:\/\/secure.gravatar.com\/avatar\/267e4a36f704376c109afe3a78740c1f5dd8675a2180a908699e7863c9247606?s=96&d=mm&r=g\",\"url\":\"https:\/\/secure.gravatar.com\/avatar\/267e4a36f704376c109afe3a78740c1f5dd8675a2180a908699e7863c9247606?s=96&d=mm&r=g\",\"contentUrl\":\"https:\/\/secure.gravatar.com\/avatar\/267e4a36f704376c109afe3a78740c1f5dd8675a2180a908699e7863c9247606?s=96&d=mm&r=g\",\"caption\":\"miro.sopko\"},\"url\":\"https:\/\/www.smedemokrati.sk\/en\/author\/miro-sopko\/\"}]}<\/script>\n<!-- \/ Yoast SEO plugin. -->","yoast_head_json":{"title":"Vl\u00e1da ide z pl\u00e1nu obnovy financova\u0165 v\u00fdruby lesov za takmer 50 mil. eur","robots":{"index":"index","follow":"follow","max-snippet":"max-snippet:-1","max-image-preview":"max-image-preview:large","max-video-preview":"max-video-preview:-1"},"canonical":"https:\/\/www.smedemokrati.sk\/en\/vlada-ide-z-planu-obnovy-financovat-vyruby-lesov-za-takmer-50-mil-eur\/","og_locale":"en_US","og_type":"article","og_title":"[:sk]Vl\u00e1da ide z pl\u00e1nu obnovy financova\u0165 v\u00fdruby lesov za takmer 50 mil. eur[:] - Smedemokrati.sk","og_description":"Tom\u00e1\u0161 Taraba ako minister \u017eivotn\u00e9ho prostredia op\u00e4\u0165 uk\u00e1zal, ak\u00fd je v skuto\u010dnosti slab\u00fd mana\u017e\u00e9r. Vl\u00e1da dnes schv\u00e1lila ur\u010denie ministerstva p\u00f4dohospod\u00e1rstva za realiz\u00e1tora invest\u00edcie skoro 50 mil. eur (s DPH) na \u201ev\u00fdsadbu lesov\u201d. Opatrenie m\u00e1 nahradi\u0165 invest\u00edciu do v\u00fdkupu pozemkov v n\u00e1rodn\u00fdch parkoch z pl\u00e1nu obnovy za 68 mil. eur. V praxi sa m\u00f4\u017ee jedna\u0165 o [&hellip;]","og_url":"https:\/\/www.smedemokrati.sk\/en\/vlada-ide-z-planu-obnovy-financovat-vyruby-lesov-za-takmer-50-mil-eur\/","og_site_name":"Smedemokrati.sk","article_publisher":"https:\/\/www.facebook.com\/smedemokrati2023","article_published_time":"2025-03-19T16:28:02+00:00","article_modified_time":"2025-03-19T16:28:03+00:00","og_image":[{"width":800,"height":448,"url":"https:\/\/www.smedemokrati.sk\/wp-content\/uploads\/2024\/03\/robert-fico-tomas-taraba-clanokW-1.jpg","type":"image\/jpeg"}],"author":"miro.sopko","twitter_card":"summary_large_image","twitter_misc":{"Written by":"miro.sopko","Est. reading time":"4 minutes"},"schema":{"@context":"https:\/\/schema.org","@graph":[{"@type":"Article","@id":"https:\/\/www.smedemokrati.sk\/vlada-ide-z-planu-obnovy-financovat-vyruby-lesov-za-takmer-50-mil-eur\/#article","isPartOf":{"@id":"https:\/\/www.smedemokrati.sk\/vlada-ide-z-planu-obnovy-financovat-vyruby-lesov-za-takmer-50-mil-eur\/"},"author":{"name":"miro.sopko","@id":"https:\/\/www.smedemokrati.sk\/#\/schema\/person\/21f147c88d605aa7ded900e1e7c344ba"},"headline":"Vl\u00e1da ide z pl\u00e1nu obnovy financova\u0165 v\u00fdruby lesov za takmer 50 mil. eur","datePublished":"2025-03-19T16:28:02+00:00","dateModified":"2025-03-19T16:28:03+00:00","mainEntityOfPage":{"@id":"https:\/\/www.smedemokrati.sk\/vlada-ide-z-planu-obnovy-financovat-vyruby-lesov-za-takmer-50-mil-eur\/"},"wordCount":893,"publisher":{"@id":"https:\/\/www.smedemokrati.sk\/#organization"},"image":{"@id":"https:\/\/www.smedemokrati.sk\/vlada-ide-z-planu-obnovy-financovat-vyruby-lesov-za-takmer-50-mil-eur\/#primaryimage"},"thumbnailUrl":"https:\/\/www.smedemokrati.sk\/wp-content\/uploads\/2024\/03\/robert-fico-tomas-taraba-clanokW-1.jpg","articleSection":["Tla\u010dov\u00e9 spr\u00e1vy"],"inLanguage":"en-US"},{"@type":"WebPage","@id":"https:\/\/www.smedemokrati.sk\/vlada-ide-z-planu-obnovy-financovat-vyruby-lesov-za-takmer-50-mil-eur\/","url":"https:\/\/www.smedemokrati.sk\/vlada-ide-z-planu-obnovy-financovat-vyruby-lesov-za-takmer-50-mil-eur\/","name":"Vl\u00e1da ide z pl\u00e1nu obnovy financova\u0165 v\u00fdruby lesov za takmer 50 mil. eur","isPartOf":{"@id":"https:\/\/www.smedemokrati.sk\/#website"},"primaryImageOfPage":{"@id":"https:\/\/www.smedemokrati.sk\/vlada-ide-z-planu-obnovy-financovat-vyruby-lesov-za-takmer-50-mil-eur\/#primaryimage"},"image":{"@id":"https:\/\/www.smedemokrati.sk\/vlada-ide-z-planu-obnovy-financovat-vyruby-lesov-za-takmer-50-mil-eur\/#primaryimage"},"thumbnailUrl":"https:\/\/www.smedemokrati.sk\/wp-content\/uploads\/2024\/03\/robert-fico-tomas-taraba-clanokW-1.jpg","datePublished":"2025-03-19T16:28:02+00:00","dateModified":"2025-03-19T16:28:03+00:00","breadcrumb":{"@id":"https:\/\/www.smedemokrati.sk\/vlada-ide-z-planu-obnovy-financovat-vyruby-lesov-za-takmer-50-mil-eur\/#breadcrumb"},"inLanguage":"en-US","potentialAction":[{"@type":"ReadAction","target":["https:\/\/www.smedemokrati.sk\/vlada-ide-z-planu-obnovy-financovat-vyruby-lesov-za-takmer-50-mil-eur\/"]}]},{"@type":"ImageObject","inLanguage":"en-US","@id":"https:\/\/www.smedemokrati.sk\/vlada-ide-z-planu-obnovy-financovat-vyruby-lesov-za-takmer-50-mil-eur\/#primaryimage","url":"https:\/\/www.smedemokrati.sk\/wp-content\/uploads\/2024\/03\/robert-fico-tomas-taraba-clanokW-1.jpg","contentUrl":"https:\/\/www.smedemokrati.sk\/wp-content\/uploads\/2024\/03\/robert-fico-tomas-taraba-clanokW-1.jpg","width":800,"height":448},{"@type":"BreadcrumbList","@id":"https:\/\/www.smedemokrati.sk\/vlada-ide-z-planu-obnovy-financovat-vyruby-lesov-za-takmer-50-mil-eur\/#breadcrumb","itemListElement":[{"@type":"ListItem","position":1,"name":"Domovsk\u00e1 str\u00e1nka","item":"https:\/\/www.smedemokrati.sk\/"},{"@type":"ListItem","position":2,"name":"Vl\u00e1da ide z pl\u00e1nu obnovy financova\u0165 v\u00fdruby lesov za takmer 50 mil. eur"}]},{"@type":"WebSite","@id":"https:\/\/www.smedemokrati.sk\/#website","url":"https:\/\/www.smedemokrati.sk\/","name":"Smedemokrati.sk","description":"Demokracia a slu\u0161nos\u0165 zv\u00ed\u0165az\u00ed","publisher":{"@id":"https:\/\/www.smedemokrati.sk\/#organization"},"potentialAction":[{"@type":"SearchAction","target":{"@type":"EntryPoint","urlTemplate":"https:\/\/www.smedemokrati.sk\/?s={search_term_string}"},"query-input":{"@type":"PropertyValueSpecification","valueRequired":true,"valueName":"search_term_string"}}],"inLanguage":"en-US"},{"@type":"Organization","@id":"https:\/\/www.smedemokrati.sk\/#organization","name":"Smedemokrati.sk","url":"https:\/\/www.smedemokrati.sk\/","logo":{"@type":"ImageObject","inLanguage":"en-US","@id":"https:\/\/www.smedemokrati.sk\/#\/schema\/logo\/image\/","url":"https:\/\/www.smedemokrati.sk\/wp-content\/uploads\/2023\/04\/ff.002.jpeg","contentUrl":"https:\/\/www.smedemokrati.sk\/wp-content\/uploads\/2023\/04\/ff.002.jpeg","width":640,"height":480,"caption":"Smedemokrati.sk"},"image":{"@id":"https:\/\/www.smedemokrati.sk\/#\/schema\/logo\/image\/"},"sameAs":["https:\/\/www.facebook.com\/smedemokrati2023"]},{"@type":"Person","@id":"https:\/\/www.smedemokrati.sk\/#\/schema\/person\/21f147c88d605aa7ded900e1e7c344ba","name":"miro.sopko","image":{"@type":"ImageObject","inLanguage":"en-US","@id":"https:\/\/secure.gravatar.com\/avatar\/267e4a36f704376c109afe3a78740c1f5dd8675a2180a908699e7863c9247606?s=96&d=mm&r=g","url":"https:\/\/secure.gravatar.com\/avatar\/267e4a36f704376c109afe3a78740c1f5dd8675a2180a908699e7863c9247606?s=96&d=mm&r=g","contentUrl":"https:\/\/secure.gravatar.com\/avatar\/267e4a36f704376c109afe3a78740c1f5dd8675a2180a908699e7863c9247606?s=96&d=mm&r=g","caption":"miro.sopko"},"url":"https:\/\/www.smedemokrati.sk\/en\/author\/miro-sopko\/"}]}},"_links":{"self":[{"href":"https:\/\/www.smedemokrati.sk\/en\/wp-json\/wp\/v2\/posts\/6680","targetHints":{"allow":["GET"]}}],"collection":[{"href":"https:\/\/www.smedemokrati.sk\/en\/wp-json\/wp\/v2\/posts"}],"about":[{"href":"https:\/\/www.smedemokrati.sk\/en\/wp-json\/wp\/v2\/types\/post"}],"author":[{"embeddable":true,"href":"https:\/\/www.smedemokrati.sk\/en\/wp-json\/wp\/v2\/users\/13"}],"replies":[{"embeddable":true,"href":"https:\/\/www.smedemokrati.sk\/en\/wp-json\/wp\/v2\/comments?post=6680"}],"version-history":[{"count":1,"href":"https:\/\/www.smedemokrati.sk\/en\/wp-json\/wp\/v2\/posts\/6680\/revisions"}],"predecessor-version":[{"id":6681,"href":"https:\/\/www.smedemokrati.sk\/en\/wp-json\/wp\/v2\/posts\/6680\/revisions\/6681"}],"wp:featuredmedia":[{"embeddable":true,"href":"https:\/\/www.smedemokrati.sk\/en\/wp-json\/wp\/v2\/media\/2931"}],"wp:attachment":[{"href":"https:\/\/www.smedemokrati.sk\/en\/wp-json\/wp\/v2\/media?parent=6680"}],"wp:term":[{"taxonomy":"category","embeddable":true,"href":"https:\/\/www.smedemokrati.sk\/en\/wp-json\/wp\/v2\/categories?post=6680"},{"taxonomy":"post_tag","embeddable":true,"href":"https:\/\/www.smedemokrati.sk\/en\/wp-json\/wp\/v2\/tags?post=6680"}],"curies":[{"name":"wp","href":"https:\/\/api.w.org\/{rel}","templated":true}]}}