{"id":6677,"date":"2025-03-19T12:18:22","date_gmt":"2025-03-19T11:18:22","guid":{"rendered":"https:\/\/www.smedemokrati.sk\/?p=6677"},"modified":"2025-03-19T12:18:23","modified_gmt":"2025-03-19T11:18:23","slug":"aj-vdaka-nasej-iniciative-orban-cuva-z-projektu-prehradenia-stareho-koryta-dunaja","status":"publish","type":"post","link":"https:\/\/www.smedemokrati.sk\/en\/aj-vdaka-nasej-iniciative-orban-cuva-z-projektu-prehradenia-stareho-koryta-dunaja\/","title":{"rendered":"Aj v\u010faka na\u0161ej iniciat\u00edve Orb\u00e1n c\u00fava z projektu prehradenia star\u00e9ho koryta Dunaja"},"content":{"rendered":"<div id=\"fb-root\"><\/div>\n\n<p><strong>Od za\u010diatku sme upozor\u0148ovali na \u0161kodliv\u00fd z\u00e1mer prehradi\u0165 star\u00e9 koryto Dunaja zn\u00e1my ako Insula Magna. Napriek v\u00fdhrad\u00e1m odborn\u00edkov v\u0161ak minister Taraba o prehraden\u00ed rokoval, hoci by t\u00fdm ohrozil z\u00e1ujmy Slovenska a expertov s kritick\u00fdm stanoviskom z rokovan\u00ed odstavil. Cel\u00e9 to p\u00f4sobilo ako keby d\u00e1va ma\u010farsk\u00e9mu premi\u00e9rovi Viktorovi Orb\u00e1novi cenn\u00e9 vodn\u00e9 zdroje na zlatej t\u00e1cke. Ten v\u0161ak pod\u013ea na\u0161ich inform\u00e1ci\u00ed u\u017e z tohto projektu c\u00fava a nem\u00e1 viac jeho podporu.<\/strong><\/p>\n\n\n\n<p>\u201e<em>Pod\u013ea zatia\u013e neofici\u00e1lnych inform\u00e1ci\u00ed, ktor\u00e9 mi potvrdili u\u017e dva od seba nez\u00e1visl\u00e9 zdroje, ma\u010farsk\u00e1 vl\u00e1da priamo po rozhodnut\u00ed premi\u00e9ra Viktora Orb\u00e1na u\u017e na\u010falej nepodporuje projekt N\u00e1rodn\u00e9ho riadite\u013estva pre vodn\u00e9 zdroje prehradi\u0165 star\u00e9 koryto Dunaja. Od jesene 2024 poukazujeme na jeho negat\u00edvne dopady na vn\u00fatrozemsk\u00fa deltu Dunaja, ako aj na \u0161kandal\u00f3zny postup ministra Tarabu, ktor\u00fd o \u0148om potichu rokoval. Dokonca vyhodil dlhoro\u010dn\u00fdch expertov upozor\u0148uj\u00facich na po\u0161kodzovanie z\u00e1ujmov Slovenska z vyjedn\u00e1vacieho t\u00edmu,<\/em>&#8221; hovor\u00ed Michal Ki\u010da, expert strany na \u017eivotn\u00e9 prostredie a \u010dlen predsedn\u00edctva.<\/p>\n\n\n\n<p>Prehradenie koryta Dunaja, ktor\u00e9 Taraba ozna\u010dil za \u201esypanie kamienkov\u201d, malo by\u0165 s\u00fa\u010das\u0165ou rie\u0161enia sporu o Gab\u010d\u00edkovo &#8211; Nagymaros, o ktorom Taraba jednal s ma\u010farsk\u00fdm ministrom aj na futbalovom z\u00e1pase v Nemecku, kam si navy\u0161e zaletel vl\u00e1dnym \u0161peci\u00e1lom. O projekte sme interpelovali aj premi\u00e9ra Fica a ministra Tarabu. Ohradili sme sa i proti neakceptovate\u013en\u00fdm v\u00fdmen\u00e1m odborn\u00edkov. Viac ako 30 expertov zo 4 kraj\u00edn projekt verejne odmietlo a upozornilo na jeho z\u00e1va\u017en\u00e9 ekologick\u00e9 dopady a po\u017eadovalo zastavenie netransparentn\u00fdch rokovan\u00ed o \u0148om.\u00a0<\/p>\n\n\n\n<p>\u201e<em>Prehradenie sa malo vykona\u0165 na 4 miestach a zni\u010dilo by prirodzen\u00fd r\u00e1z toku na skoro 40 km \u00faseku Dunaja, s\u0165a\u017eilo by protipovod\u0148ov\u00fa ochranu a ohrozilo by aj vodn\u00e9 zdroje. Taraba cel\u00fa kauzu bagatelizoval a odmietal o nej transparentne informova\u0165<\/em>&#8220;, upozor\u0148uje Ki\u010da.<\/p>\n\n\n\n<p>Nateraz sa zd\u00e1, \u017ee aj tlak strany Demokrati mal v tomto pr\u00edpade zmysel. Pod\u013ea inform\u00e1ci\u00ed Michala Ki\u010du ma\u010farsk\u00fa vl\u00e1du odradili okrem odporu slovenskej verejnosti aj vysok\u00e9 n\u00e1klady na jeho realiz\u00e1ciu a ma\u010farsk\u00fd vn\u00fatro\u0161t\u00e1tny politick\u00fd kontext, najm\u00e4 s oh\u013eadom na bl\u00ed\u017eiace sa parlamentn\u00e9 vo\u013eby. Tieto inform\u00e1cie potvrdzuje aj ma\u010farsk\u00e1 mimovl\u00e1dna organiz\u00e1cia Duna Charta.<\/p>\n\n\n\n<p>\u00daspech je st\u00e1le len \u010diasto\u010dn\u00fd. Na\u010falej m\u00e1me obavu, ako bude Taraba postupova\u0165 v pr\u00edpade rie\u0161enia sporu o Gab\u010d\u00edkovo &#8211; Nagymaros, najm\u00e4 jeho energetickej \u010dasti, na \u010do sme rovnako upozor\u0148ovali. Zelen\u00e1 energia z Gab\u010d\u00edkova je k\u013e\u00fa\u010dov\u00e1 pre na\u0161u konkurencieschopnos\u0165. V pr\u00edpade tohto ministra sa ale nevieme spo\u013eahn\u00fa\u0165, \u017ee skuto\u010dne bude obhajova\u0165 n\u00e1rodno-\u0161t\u00e1tne z\u00e1ujmy Slovenska. T\u00e9me sa preto budeme venova\u0165 \u010falej.&nbsp;<\/p>\n","protected":false},"excerpt":{"rendered":"<p>Od za\u010diatku sme upozor\u0148ovali na \u0161kodliv\u00fd z\u00e1mer prehradi\u0165 star\u00e9 koryto Dunaja zn\u00e1my ako Insula Magna. Napriek v\u00fdhrad\u00e1m odborn\u00edkov v\u0161ak minister Taraba o prehraden\u00ed rokoval, hoci by t\u00fdm ohrozil z\u00e1ujmy Slovenska a expertov s kritick\u00fdm stanoviskom z rokovan\u00ed odstavil. Cel\u00e9 to p\u00f4sobilo ako keby d\u00e1va ma\u010farsk\u00e9mu premi\u00e9rovi Viktorovi Orb\u00e1novi cenn\u00e9 vodn\u00e9 zdroje na zlatej t\u00e1cke. Ten [&hellip;]<\/p>\n","protected":false},"author":13,"featured_media":6678,"comment_status":"closed","ping_status":"closed","sticky":false,"template":"","format":"standard","meta":{"_acf_changed":false,"ngg_post_thumbnail":0,"footnotes":""},"categories":[4],"tags":[],"class_list":["post-6677","post","type-post","status-publish","format-standard","has-post-thumbnail","hentry","category-tlacove-spravy"],"acf":[],"yoast_head":"<!-- This site is optimized with the Yoast SEO plugin v27.2 - https:\/\/yoast.com\/product\/yoast-seo-wordpress\/ -->\n<title>Aj v\u010faka na\u0161ej iniciat\u00edve Orb\u00e1n c\u00fava z projektu prehradenia star\u00e9ho koryta Dunaja<\/title>\n<meta name=\"robots\" content=\"index, follow, max-snippet:-1, max-image-preview:large, max-video-preview:-1\" \/>\n<link rel=\"canonical\" href=\"https:\/\/www.smedemokrati.sk\/en\/aj-vdaka-nasej-iniciative-orban-cuva-z-projektu-prehradenia-stareho-koryta-dunaja\/\" \/>\n<meta property=\"og:locale\" content=\"en_US\" \/>\n<meta property=\"og:locale:alternate\" content=\"cs_CZ\" \/>\n<meta property=\"og:locale:alternate\" content=\"hu_HU\" \/>\n<meta property=\"og:locale:alternate\" content=\"sk_SK\" \/>\n<meta property=\"og:locale:alternate\" content=\"sv_SE\" \/>\n<meta property=\"og:type\" content=\"article\" \/>\n<meta property=\"og:title\" content=\"Aj v\u010faka na\u0161ej iniciat\u00edve Orb\u00e1n c\u00fava z projektu prehradenia star\u00e9ho koryta Dunaja\" \/>\n<meta property=\"og:description\" content=\"Od za\u010diatku sme upozor\u0148ovali na \u0161kodliv\u00fd z\u00e1mer prehradi\u0165 star\u00e9 koryto Dunaja zn\u00e1my ako Insula Magna. Napriek v\u00fdhrad\u00e1m odborn\u00edkov v\u0161ak minister Taraba o prehraden\u00ed rokoval, hoci by t\u00fdm ohrozil z\u00e1ujmy Slovenska a expertov s kritick\u00fdm stanoviskom z rokovan\u00ed odstavil. Cel\u00e9 to p\u00f4sobilo ako keby d\u00e1va ma\u010farsk\u00e9mu premi\u00e9rovi Viktorovi Orb\u00e1novi cenn\u00e9 vodn\u00e9 zdroje na zlatej t\u00e1cke. Ten [&hellip;]\" \/>\n<meta property=\"og:url\" content=\"https:\/\/www.smedemokrati.sk\/en\/aj-vdaka-nasej-iniciative-orban-cuva-z-projektu-prehradenia-stareho-koryta-dunaja\/\" \/>\n<meta property=\"og:site_name\" content=\"Smedemokrati.sk\" \/>\n<meta property=\"article:publisher\" content=\"https:\/\/www.facebook.com\/smedemokrati2023\" \/>\n<meta property=\"article:published_time\" content=\"2025-03-19T11:18:22+00:00\" \/>\n<meta property=\"article:modified_time\" content=\"2025-03-19T11:18:23+00:00\" \/>\n<meta property=\"og:image\" content=\"https:\/\/www.smedemokrati.sk\/wp-content\/uploads\/2025\/03\/485727526_624306210578246_1273795199401785130_n-e1742383089806.jpg\" \/>\n\t<meta property=\"og:image:width\" content=\"819\" \/>\n\t<meta property=\"og:image:height\" content=\"553\" \/>\n\t<meta property=\"og:image:type\" content=\"image\/jpeg\" \/>\n<meta name=\"author\" content=\"miro.sopko\" \/>\n<meta name=\"twitter:card\" content=\"summary_large_image\" \/>\n<meta name=\"twitter:label1\" content=\"Written by\" \/>\n\t<meta name=\"twitter:data1\" content=\"miro.sopko\" \/>\n\t<meta name=\"twitter:label2\" content=\"Est. reading time\" \/>\n\t<meta name=\"twitter:data2\" content=\"3 minutes\" \/>\n<script type=\"application\/ld+json\" class=\"yoast-schema-graph\">{\"@context\":\"https:\/\/schema.org\",\"@graph\":[{\"@type\":\"Article\",\"@id\":\"https:\/\/www.smedemokrati.sk\/aj-vdaka-nasej-iniciative-orban-cuva-z-projektu-prehradenia-stareho-koryta-dunaja\/#article\",\"isPartOf\":{\"@id\":\"https:\/\/www.smedemokrati.sk\/aj-vdaka-nasej-iniciative-orban-cuva-z-projektu-prehradenia-stareho-koryta-dunaja\/\"},\"author\":{\"name\":\"miro.sopko\",\"@id\":\"https:\/\/www.smedemokrati.sk\/#\/schema\/person\/21f147c88d605aa7ded900e1e7c344ba\"},\"headline\":\"Aj v\u010faka na\u0161ej iniciat\u00edve Orb\u00e1n c\u00fava z projektu prehradenia star\u00e9ho koryta Dunaja\",\"datePublished\":\"2025-03-19T11:18:22+00:00\",\"dateModified\":\"2025-03-19T11:18:23+00:00\",\"mainEntityOfPage\":{\"@id\":\"https:\/\/www.smedemokrati.sk\/aj-vdaka-nasej-iniciative-orban-cuva-z-projektu-prehradenia-stareho-koryta-dunaja\/\"},\"wordCount\":512,\"publisher\":{\"@id\":\"https:\/\/www.smedemokrati.sk\/#organization\"},\"image\":{\"@id\":\"https:\/\/www.smedemokrati.sk\/aj-vdaka-nasej-iniciative-orban-cuva-z-projektu-prehradenia-stareho-koryta-dunaja\/#primaryimage\"},\"thumbnailUrl\":\"https:\/\/www.smedemokrati.sk\/wp-content\/uploads\/2025\/03\/485727526_624306210578246_1273795199401785130_n-e1742383089806.jpg\",\"articleSection\":[\"Tla\u010dov\u00e9 spr\u00e1vy\"],\"inLanguage\":\"en-US\"},{\"@type\":\"WebPage\",\"@id\":\"https:\/\/www.smedemokrati.sk\/aj-vdaka-nasej-iniciative-orban-cuva-z-projektu-prehradenia-stareho-koryta-dunaja\/\",\"url\":\"https:\/\/www.smedemokrati.sk\/aj-vdaka-nasej-iniciative-orban-cuva-z-projektu-prehradenia-stareho-koryta-dunaja\/\",\"name\":\"Aj v\u010faka na\u0161ej iniciat\u00edve Orb\u00e1n c\u00fava z projektu prehradenia star\u00e9ho koryta Dunaja\",\"isPartOf\":{\"@id\":\"https:\/\/www.smedemokrati.sk\/#website\"},\"primaryImageOfPage\":{\"@id\":\"https:\/\/www.smedemokrati.sk\/aj-vdaka-nasej-iniciative-orban-cuva-z-projektu-prehradenia-stareho-koryta-dunaja\/#primaryimage\"},\"image\":{\"@id\":\"https:\/\/www.smedemokrati.sk\/aj-vdaka-nasej-iniciative-orban-cuva-z-projektu-prehradenia-stareho-koryta-dunaja\/#primaryimage\"},\"thumbnailUrl\":\"https:\/\/www.smedemokrati.sk\/wp-content\/uploads\/2025\/03\/485727526_624306210578246_1273795199401785130_n-e1742383089806.jpg\",\"datePublished\":\"2025-03-19T11:18:22+00:00\",\"dateModified\":\"2025-03-19T11:18:23+00:00\",\"breadcrumb\":{\"@id\":\"https:\/\/www.smedemokrati.sk\/aj-vdaka-nasej-iniciative-orban-cuva-z-projektu-prehradenia-stareho-koryta-dunaja\/#breadcrumb\"},\"inLanguage\":\"en-US\",\"potentialAction\":[{\"@type\":\"ReadAction\",\"target\":[\"https:\/\/www.smedemokrati.sk\/aj-vdaka-nasej-iniciative-orban-cuva-z-projektu-prehradenia-stareho-koryta-dunaja\/\"]}]},{\"@type\":\"ImageObject\",\"inLanguage\":\"en-US\",\"@id\":\"https:\/\/www.smedemokrati.sk\/aj-vdaka-nasej-iniciative-orban-cuva-z-projektu-prehradenia-stareho-koryta-dunaja\/#primaryimage\",\"url\":\"https:\/\/www.smedemokrati.sk\/wp-content\/uploads\/2025\/03\/485727526_624306210578246_1273795199401785130_n-e1742383089806.jpg\",\"contentUrl\":\"https:\/\/www.smedemokrati.sk\/wp-content\/uploads\/2025\/03\/485727526_624306210578246_1273795199401785130_n-e1742383089806.jpg\",\"width\":819,\"height\":553},{\"@type\":\"BreadcrumbList\",\"@id\":\"https:\/\/www.smedemokrati.sk\/aj-vdaka-nasej-iniciative-orban-cuva-z-projektu-prehradenia-stareho-koryta-dunaja\/#breadcrumb\",\"itemListElement\":[{\"@type\":\"ListItem\",\"position\":1,\"name\":\"Domovsk\u00e1 str\u00e1nka\",\"item\":\"https:\/\/www.smedemokrati.sk\/\"},{\"@type\":\"ListItem\",\"position\":2,\"name\":\"Aj v\u010faka na\u0161ej iniciat\u00edve Orb\u00e1n c\u00fava z projektu prehradenia star\u00e9ho koryta Dunaja\"}]},{\"@type\":\"WebSite\",\"@id\":\"https:\/\/www.smedemokrati.sk\/#website\",\"url\":\"https:\/\/www.smedemokrati.sk\/\",\"name\":\"Smedemokrati.sk\",\"description\":\"Demokracia a slu\u0161nos\u0165 zv\u00ed\u0165az\u00ed\",\"publisher\":{\"@id\":\"https:\/\/www.smedemokrati.sk\/#organization\"},\"potentialAction\":[{\"@type\":\"SearchAction\",\"target\":{\"@type\":\"EntryPoint\",\"urlTemplate\":\"https:\/\/www.smedemokrati.sk\/?s={search_term_string}\"},\"query-input\":{\"@type\":\"PropertyValueSpecification\",\"valueRequired\":true,\"valueName\":\"search_term_string\"}}],\"inLanguage\":\"en-US\"},{\"@type\":\"Organization\",\"@id\":\"https:\/\/www.smedemokrati.sk\/#organization\",\"name\":\"Smedemokrati.sk\",\"url\":\"https:\/\/www.smedemokrati.sk\/\",\"logo\":{\"@type\":\"ImageObject\",\"inLanguage\":\"en-US\",\"@id\":\"https:\/\/www.smedemokrati.sk\/#\/schema\/logo\/image\/\",\"url\":\"https:\/\/www.smedemokrati.sk\/wp-content\/uploads\/2023\/04\/ff.002.jpeg\",\"contentUrl\":\"https:\/\/www.smedemokrati.sk\/wp-content\/uploads\/2023\/04\/ff.002.jpeg\",\"width\":640,\"height\":480,\"caption\":\"Smedemokrati.sk\"},\"image\":{\"@id\":\"https:\/\/www.smedemokrati.sk\/#\/schema\/logo\/image\/\"},\"sameAs\":[\"https:\/\/www.facebook.com\/smedemokrati2023\"]},{\"@type\":\"Person\",\"@id\":\"https:\/\/www.smedemokrati.sk\/#\/schema\/person\/21f147c88d605aa7ded900e1e7c344ba\",\"name\":\"miro.sopko\",\"image\":{\"@type\":\"ImageObject\",\"inLanguage\":\"en-US\",\"@id\":\"https:\/\/secure.gravatar.com\/avatar\/267e4a36f704376c109afe3a78740c1f5dd8675a2180a908699e7863c9247606?s=96&d=mm&r=g\",\"url\":\"https:\/\/secure.gravatar.com\/avatar\/267e4a36f704376c109afe3a78740c1f5dd8675a2180a908699e7863c9247606?s=96&d=mm&r=g\",\"contentUrl\":\"https:\/\/secure.gravatar.com\/avatar\/267e4a36f704376c109afe3a78740c1f5dd8675a2180a908699e7863c9247606?s=96&d=mm&r=g\",\"caption\":\"miro.sopko\"},\"url\":\"https:\/\/www.smedemokrati.sk\/en\/author\/miro-sopko\/\"}]}<\/script>\n<!-- \/ Yoast SEO plugin. -->","yoast_head_json":{"title":"Aj v\u010faka na\u0161ej iniciat\u00edve Orb\u00e1n c\u00fava z projektu prehradenia star\u00e9ho koryta Dunaja","robots":{"index":"index","follow":"follow","max-snippet":"max-snippet:-1","max-image-preview":"max-image-preview:large","max-video-preview":"max-video-preview:-1"},"canonical":"https:\/\/www.smedemokrati.sk\/en\/aj-vdaka-nasej-iniciative-orban-cuva-z-projektu-prehradenia-stareho-koryta-dunaja\/","og_locale":"en_US","og_type":"article","og_title":"[:sk]Aj v\u010faka na\u0161ej iniciat\u00edve Orb\u00e1n c\u00fava z projektu prehradenia star\u00e9ho koryta Dunaja[:] - Smedemokrati.sk","og_description":"Od za\u010diatku sme upozor\u0148ovali na \u0161kodliv\u00fd z\u00e1mer prehradi\u0165 star\u00e9 koryto Dunaja zn\u00e1my ako Insula Magna. Napriek v\u00fdhrad\u00e1m odborn\u00edkov v\u0161ak minister Taraba o prehraden\u00ed rokoval, hoci by t\u00fdm ohrozil z\u00e1ujmy Slovenska a expertov s kritick\u00fdm stanoviskom z rokovan\u00ed odstavil. Cel\u00e9 to p\u00f4sobilo ako keby d\u00e1va ma\u010farsk\u00e9mu premi\u00e9rovi Viktorovi Orb\u00e1novi cenn\u00e9 vodn\u00e9 zdroje na zlatej t\u00e1cke. Ten [&hellip;]","og_url":"https:\/\/www.smedemokrati.sk\/en\/aj-vdaka-nasej-iniciative-orban-cuva-z-projektu-prehradenia-stareho-koryta-dunaja\/","og_site_name":"Smedemokrati.sk","article_publisher":"https:\/\/www.facebook.com\/smedemokrati2023","article_published_time":"2025-03-19T11:18:22+00:00","article_modified_time":"2025-03-19T11:18:23+00:00","og_image":[{"width":819,"height":553,"url":"https:\/\/www.smedemokrati.sk\/wp-content\/uploads\/2025\/03\/485727526_624306210578246_1273795199401785130_n-e1742383089806.jpg","type":"image\/jpeg"}],"author":"miro.sopko","twitter_card":"summary_large_image","twitter_misc":{"Written by":"miro.sopko","Est. reading time":"3 minutes"},"schema":{"@context":"https:\/\/schema.org","@graph":[{"@type":"Article","@id":"https:\/\/www.smedemokrati.sk\/aj-vdaka-nasej-iniciative-orban-cuva-z-projektu-prehradenia-stareho-koryta-dunaja\/#article","isPartOf":{"@id":"https:\/\/www.smedemokrati.sk\/aj-vdaka-nasej-iniciative-orban-cuva-z-projektu-prehradenia-stareho-koryta-dunaja\/"},"author":{"name":"miro.sopko","@id":"https:\/\/www.smedemokrati.sk\/#\/schema\/person\/21f147c88d605aa7ded900e1e7c344ba"},"headline":"Aj v\u010faka na\u0161ej iniciat\u00edve Orb\u00e1n c\u00fava z projektu prehradenia star\u00e9ho koryta Dunaja","datePublished":"2025-03-19T11:18:22+00:00","dateModified":"2025-03-19T11:18:23+00:00","mainEntityOfPage":{"@id":"https:\/\/www.smedemokrati.sk\/aj-vdaka-nasej-iniciative-orban-cuva-z-projektu-prehradenia-stareho-koryta-dunaja\/"},"wordCount":512,"publisher":{"@id":"https:\/\/www.smedemokrati.sk\/#organization"},"image":{"@id":"https:\/\/www.smedemokrati.sk\/aj-vdaka-nasej-iniciative-orban-cuva-z-projektu-prehradenia-stareho-koryta-dunaja\/#primaryimage"},"thumbnailUrl":"https:\/\/www.smedemokrati.sk\/wp-content\/uploads\/2025\/03\/485727526_624306210578246_1273795199401785130_n-e1742383089806.jpg","articleSection":["Tla\u010dov\u00e9 spr\u00e1vy"],"inLanguage":"en-US"},{"@type":"WebPage","@id":"https:\/\/www.smedemokrati.sk\/aj-vdaka-nasej-iniciative-orban-cuva-z-projektu-prehradenia-stareho-koryta-dunaja\/","url":"https:\/\/www.smedemokrati.sk\/aj-vdaka-nasej-iniciative-orban-cuva-z-projektu-prehradenia-stareho-koryta-dunaja\/","name":"Aj v\u010faka na\u0161ej iniciat\u00edve Orb\u00e1n c\u00fava z projektu prehradenia star\u00e9ho koryta Dunaja","isPartOf":{"@id":"https:\/\/www.smedemokrati.sk\/#website"},"primaryImageOfPage":{"@id":"https:\/\/www.smedemokrati.sk\/aj-vdaka-nasej-iniciative-orban-cuva-z-projektu-prehradenia-stareho-koryta-dunaja\/#primaryimage"},"image":{"@id":"https:\/\/www.smedemokrati.sk\/aj-vdaka-nasej-iniciative-orban-cuva-z-projektu-prehradenia-stareho-koryta-dunaja\/#primaryimage"},"thumbnailUrl":"https:\/\/www.smedemokrati.sk\/wp-content\/uploads\/2025\/03\/485727526_624306210578246_1273795199401785130_n-e1742383089806.jpg","datePublished":"2025-03-19T11:18:22+00:00","dateModified":"2025-03-19T11:18:23+00:00","breadcrumb":{"@id":"https:\/\/www.smedemokrati.sk\/aj-vdaka-nasej-iniciative-orban-cuva-z-projektu-prehradenia-stareho-koryta-dunaja\/#breadcrumb"},"inLanguage":"en-US","potentialAction":[{"@type":"ReadAction","target":["https:\/\/www.smedemokrati.sk\/aj-vdaka-nasej-iniciative-orban-cuva-z-projektu-prehradenia-stareho-koryta-dunaja\/"]}]},{"@type":"ImageObject","inLanguage":"en-US","@id":"https:\/\/www.smedemokrati.sk\/aj-vdaka-nasej-iniciative-orban-cuva-z-projektu-prehradenia-stareho-koryta-dunaja\/#primaryimage","url":"https:\/\/www.smedemokrati.sk\/wp-content\/uploads\/2025\/03\/485727526_624306210578246_1273795199401785130_n-e1742383089806.jpg","contentUrl":"https:\/\/www.smedemokrati.sk\/wp-content\/uploads\/2025\/03\/485727526_624306210578246_1273795199401785130_n-e1742383089806.jpg","width":819,"height":553},{"@type":"BreadcrumbList","@id":"https:\/\/www.smedemokrati.sk\/aj-vdaka-nasej-iniciative-orban-cuva-z-projektu-prehradenia-stareho-koryta-dunaja\/#breadcrumb","itemListElement":[{"@type":"ListItem","position":1,"name":"Domovsk\u00e1 str\u00e1nka","item":"https:\/\/www.smedemokrati.sk\/"},{"@type":"ListItem","position":2,"name":"Aj v\u010faka na\u0161ej iniciat\u00edve Orb\u00e1n c\u00fava z projektu prehradenia star\u00e9ho koryta Dunaja"}]},{"@type":"WebSite","@id":"https:\/\/www.smedemokrati.sk\/#website","url":"https:\/\/www.smedemokrati.sk\/","name":"Smedemokrati.sk","description":"Demokracia a slu\u0161nos\u0165 zv\u00ed\u0165az\u00ed","publisher":{"@id":"https:\/\/www.smedemokrati.sk\/#organization"},"potentialAction":[{"@type":"SearchAction","target":{"@type":"EntryPoint","urlTemplate":"https:\/\/www.smedemokrati.sk\/?s={search_term_string}"},"query-input":{"@type":"PropertyValueSpecification","valueRequired":true,"valueName":"search_term_string"}}],"inLanguage":"en-US"},{"@type":"Organization","@id":"https:\/\/www.smedemokrati.sk\/#organization","name":"Smedemokrati.sk","url":"https:\/\/www.smedemokrati.sk\/","logo":{"@type":"ImageObject","inLanguage":"en-US","@id":"https:\/\/www.smedemokrati.sk\/#\/schema\/logo\/image\/","url":"https:\/\/www.smedemokrati.sk\/wp-content\/uploads\/2023\/04\/ff.002.jpeg","contentUrl":"https:\/\/www.smedemokrati.sk\/wp-content\/uploads\/2023\/04\/ff.002.jpeg","width":640,"height":480,"caption":"Smedemokrati.sk"},"image":{"@id":"https:\/\/www.smedemokrati.sk\/#\/schema\/logo\/image\/"},"sameAs":["https:\/\/www.facebook.com\/smedemokrati2023"]},{"@type":"Person","@id":"https:\/\/www.smedemokrati.sk\/#\/schema\/person\/21f147c88d605aa7ded900e1e7c344ba","name":"miro.sopko","image":{"@type":"ImageObject","inLanguage":"en-US","@id":"https:\/\/secure.gravatar.com\/avatar\/267e4a36f704376c109afe3a78740c1f5dd8675a2180a908699e7863c9247606?s=96&d=mm&r=g","url":"https:\/\/secure.gravatar.com\/avatar\/267e4a36f704376c109afe3a78740c1f5dd8675a2180a908699e7863c9247606?s=96&d=mm&r=g","contentUrl":"https:\/\/secure.gravatar.com\/avatar\/267e4a36f704376c109afe3a78740c1f5dd8675a2180a908699e7863c9247606?s=96&d=mm&r=g","caption":"miro.sopko"},"url":"https:\/\/www.smedemokrati.sk\/en\/author\/miro-sopko\/"}]}},"_links":{"self":[{"href":"https:\/\/www.smedemokrati.sk\/en\/wp-json\/wp\/v2\/posts\/6677","targetHints":{"allow":["GET"]}}],"collection":[{"href":"https:\/\/www.smedemokrati.sk\/en\/wp-json\/wp\/v2\/posts"}],"about":[{"href":"https:\/\/www.smedemokrati.sk\/en\/wp-json\/wp\/v2\/types\/post"}],"author":[{"embeddable":true,"href":"https:\/\/www.smedemokrati.sk\/en\/wp-json\/wp\/v2\/users\/13"}],"replies":[{"embeddable":true,"href":"https:\/\/www.smedemokrati.sk\/en\/wp-json\/wp\/v2\/comments?post=6677"}],"version-history":[{"count":1,"href":"https:\/\/www.smedemokrati.sk\/en\/wp-json\/wp\/v2\/posts\/6677\/revisions"}],"predecessor-version":[{"id":6679,"href":"https:\/\/www.smedemokrati.sk\/en\/wp-json\/wp\/v2\/posts\/6677\/revisions\/6679"}],"wp:featuredmedia":[{"embeddable":true,"href":"https:\/\/www.smedemokrati.sk\/en\/wp-json\/wp\/v2\/media\/6678"}],"wp:attachment":[{"href":"https:\/\/www.smedemokrati.sk\/en\/wp-json\/wp\/v2\/media?parent=6677"}],"wp:term":[{"taxonomy":"category","embeddable":true,"href":"https:\/\/www.smedemokrati.sk\/en\/wp-json\/wp\/v2\/categories?post=6677"},{"taxonomy":"post_tag","embeddable":true,"href":"https:\/\/www.smedemokrati.sk\/en\/wp-json\/wp\/v2\/tags?post=6677"}],"curies":[{"name":"wp","href":"https:\/\/api.w.org\/{rel}","templated":true}]}}