{"id":6499,"date":"2025-02-28T15:09:14","date_gmt":"2025-02-28T14:09:14","guid":{"rendered":"https:\/\/www.smedemokrati.sk\/?p=6499"},"modified":"2025-02-28T15:09:15","modified_gmt":"2025-02-28T14:09:15","slug":"vyzyvame-ministra-saska-aby-vo-vyhlaske-spalovnu-pri-dudinciach-vyslovene-zakazal","status":"publish","type":"post","link":"https:\/\/www.smedemokrati.sk\/en\/vyzyvame-ministra-saska-aby-vo-vyhlaske-spalovnu-pri-dudinciach-vyslovene-zakazal\/","title":{"rendered":"Vyz\u00fdvame ministra \u0160a\u0161ka, aby vo vyhl\u00e1\u0161ke spa\u013eov\u0148u pri Dudinciach vyslovene zak\u00e1zal"},"content":{"rendered":"<div id=\"fb-root\"><\/div>\n\n<p><strong>Demokrati upozor\u0148uj\u00fa, \u017ee ani dne\u0161n\u00e9 rozhodnutie, ktor\u00fdm minister zdravotn\u00edctva Kamil \u0160a\u0161ko zru\u0161il svoju vyhl\u00e1\u0161ku spred nieko\u013ek\u00fdch dn\u00ed, nie je definit\u00edvnou bodkou za kauzou strany Hlas-SD. Tou bude a\u017e nov\u00e1 vyhl\u00e1\u0161ka s explicitn\u00fdm z\u00e1kazom v\u00fdstavby ak\u00fdchko\u013evek spa\u013eovn\u00ed v ochrannom p\u00e1sme k\u00fape\u013eov Dudince. Od ministra budeme prostredn\u00edctvom poslaneckej interpel\u00e1cie po\u017eadova\u0165 vysvetlenie jeho \u0161kandal\u00f3zneho postupu.\u00a0\u00a0<\/strong><\/p>\n\n\n\n<p>Sme radi, \u017ee kv\u00f4li n\u00e1\u0161mu tlaku sa \u0160a\u0161ko od svojich vlastn\u00fdch krokov po p\u00e1r d\u0148och di\u0161tancuje. \u201e<em>Zru\u0161enie \u0160a\u0161kovej vlastnej vyhl\u00e1\u0161ky n\u00e1s dost\u00e1va do bodu nula. Vyz\u00fdvame ho, aby v novej vyhl\u00e1\u0161ke, ktor\u00fa bude musie\u0165 tak \u010di onak vyda\u0165, explicitne zakotvil z\u00e1kaz v\u00fdstavby ak\u00fdchko\u013evek spa\u013eovn\u00ed v ochrannom p\u00e1sme. To p\u00f4vodne navrhovali ministersk\u00ed \u00faradn\u00edci u\u017e v novembri 2023, ale \u0160a\u0161ko to svojvo\u013ene v rozpore s legislat\u00edvnymi pravidla potichu zmenil a v\u00fdstavbu spa\u013eovne umo\u017enil, z \u010doho sme ho verejne usved\u010dili. Neby\u0165 verejn\u00fdch v\u00fdziev a poukazovania na ministrove kroky, umo\u017enenie v\u00fdstavby spa\u013eovne by platilo aj po dne\u0161ku. Z\u00e1rove\u0148 predklad\u00e1me v spolupr\u00e1ci s poslancom Galkom interpel\u00e1ciu, v ktorej sa ho budeme podrobne p\u00fdta\u0165 na d\u00f4vody, pre\u010do p\u00f4vodne v\u00fdstavbu spa\u013eovne umo\u017enil a pre\u010do do\u0161lo k zmene stanoviska \u0160t\u00e1tnej k\u00fape\u013enej komisie za jeho vedenia z negat\u00edvneho na kladn\u00e9,<\/em>\u201d uv\u00e1dza Michal Ki\u010da, enviroexpert a \u010dlen predsedn\u00edctva Demokratov.\u00a0\u00a0<\/p>\n\n\n\n<p>Strana Hlas-SD je od popolu spa\u013eovne za\u0161pinen\u00e1 a\u017e po u\u0161i. O\u010dividne kon\u00e1 v panike, preto\u017ee \u0160a\u0161ko ozn\u00e1mil zru\u0161enie vlastnej vyhl\u00e1\u0161ky po nami avizovanej tla\u010dovej konferencii s v\u00fdzvou, aby konal. \u201e<em>Hlas nie je stranou regi\u00f3nov, je stranou ich ni\u010denia. Bol to Hlas, ktor\u00fd umo\u017enil op\u00e4tovn\u00fd dovoz r\u00e1dioakt\u00edvneho odpadu a bol to Hlas, ktor\u00fd potichu chystal spa\u013eov\u0148u pri Dudinciach z\u00e1visl\u00fa na dovoze odpadu zo zahrani\u010dia. Vyz\u00fdvame \u0160a\u0161ka, aby objasnil, na koho pr\u00edkaz to v\u0161etko robil. Vieme, \u017ee je to ich strana, ktor\u00e1 m\u00e1 prepojenia s investorom spa\u013eovne a upozornili n\u00e1s na to miestni obyvatelia, \u010dasto b\u00fdval\u00ed voli\u010di Hlasu. Dohliadneme, aby sa z tohto minister \u0160a\u0161ko pr\u00e1zdnymi s\u013eubmi nevyvliekol. Skuto\u010dnou koncovkou tejto \u010fal\u0161ej kauzy Hlasu bude a\u017e vydanie vyhl\u00e1\u0161ky s explicitn\u00fdm z\u00e1kazom spa\u013eovne a fin\u00e1lne rozhodnutie z procesu posudzovania vplyvov na \u017eivotn\u00e9 prostredie zo strany Tarabovho ministerstva. Dovtedy sa n\u00e1s a \u013eud\u00ed v regi\u00f3noch len sna\u017eia opi\u0165 ro\u017ekom,<\/em>\u201d uzavrel Jaroslav Na\u010f, predseda strany.\u00a0<\/p>\n\n\n<div class=\"fb-video\" data-href=\"https:\/\/fb.watch\/y1mCRFjX6W\" data-allowfullscreen=\"true\" data-autoplay=\"false\" data-width=\"\" data-show-text=\"false\" data-show-captions=\"true\"><\/div>\n","protected":false},"excerpt":{"rendered":"<p>Demokrati upozor\u0148uj\u00fa, \u017ee ani dne\u0161n\u00e9 rozhodnutie, ktor\u00fdm minister zdravotn\u00edctva Kamil \u0160a\u0161ko zru\u0161il svoju vyhl\u00e1\u0161ku spred nieko\u013ek\u00fdch dn\u00ed, nie je definit\u00edvnou bodkou za kauzou strany Hlas-SD. Tou bude a\u017e nov\u00e1 vyhl\u00e1\u0161ka s explicitn\u00fdm z\u00e1kazom v\u00fdstavby ak\u00fdchko\u013evek spa\u013eovn\u00ed v ochrannom p\u00e1sme k\u00fape\u013eov Dudince. Od ministra budeme prostredn\u00edctvom poslaneckej interpel\u00e1cie po\u017eadova\u0165 vysvetlenie jeho \u0161kandal\u00f3zneho postupu.\u00a0\u00a0 Sme radi, \u017ee [&hellip;]<\/p>\n","protected":false},"author":13,"featured_media":6501,"comment_status":"closed","ping_status":"closed","sticky":false,"template":"","format":"standard","meta":{"_acf_changed":false,"ngg_post_thumbnail":0,"footnotes":""},"categories":[4],"tags":[],"class_list":["post-6499","post","type-post","status-publish","format-standard","has-post-thumbnail","hentry","category-tlacove-spravy"],"acf":[],"yoast_head":"<!-- This site is optimized with the Yoast SEO plugin v27.2 - https:\/\/yoast.com\/product\/yoast-seo-wordpress\/ -->\n<title>Vyz\u00fdvame ministra \u0160a\u0161ka, aby vo vyhl\u00e1\u0161ke spa\u013eov\u0148u pri Dudinciach vyslovene zak\u00e1zal<\/title>\n<meta name=\"robots\" content=\"index, follow, max-snippet:-1, max-image-preview:large, max-video-preview:-1\" \/>\n<link rel=\"canonical\" href=\"https:\/\/www.smedemokrati.sk\/en\/vyzyvame-ministra-saska-aby-vo-vyhlaske-spalovnu-pri-dudinciach-vyslovene-zakazal\/\" \/>\n<meta property=\"og:locale\" content=\"en_US\" \/>\n<meta property=\"og:locale:alternate\" content=\"cs_CZ\" \/>\n<meta property=\"og:locale:alternate\" content=\"hu_HU\" \/>\n<meta property=\"og:locale:alternate\" content=\"sk_SK\" \/>\n<meta property=\"og:locale:alternate\" content=\"sv_SE\" \/>\n<meta property=\"og:type\" content=\"article\" \/>\n<meta property=\"og:title\" content=\"Vyz\u00fdvame ministra \u0160a\u0161ka, aby vo vyhl\u00e1\u0161ke spa\u013eov\u0148u pri Dudinciach vyslovene zak\u00e1zal\" \/>\n<meta property=\"og:description\" content=\"Demokrati upozor\u0148uj\u00fa, \u017ee ani dne\u0161n\u00e9 rozhodnutie, ktor\u00fdm minister zdravotn\u00edctva Kamil \u0160a\u0161ko zru\u0161il svoju vyhl\u00e1\u0161ku spred nieko\u013ek\u00fdch dn\u00ed, nie je definit\u00edvnou bodkou za kauzou strany Hlas-SD. Tou bude a\u017e nov\u00e1 vyhl\u00e1\u0161ka s explicitn\u00fdm z\u00e1kazom v\u00fdstavby ak\u00fdchko\u013evek spa\u013eovn\u00ed v ochrannom p\u00e1sme k\u00fape\u013eov Dudince. Od ministra budeme prostredn\u00edctvom poslaneckej interpel\u00e1cie po\u017eadova\u0165 vysvetlenie jeho \u0161kandal\u00f3zneho postupu.\u00a0\u00a0 Sme radi, \u017ee [&hellip;]\" \/>\n<meta property=\"og:url\" content=\"https:\/\/www.smedemokrati.sk\/en\/vyzyvame-ministra-saska-aby-vo-vyhlaske-spalovnu-pri-dudinciach-vyslovene-zakazal\/\" \/>\n<meta property=\"og:site_name\" content=\"Smedemokrati.sk\" \/>\n<meta property=\"article:publisher\" content=\"https:\/\/www.facebook.com\/smedemokrati2023\" \/>\n<meta property=\"article:published_time\" content=\"2025-02-28T14:09:14+00:00\" \/>\n<meta property=\"article:modified_time\" content=\"2025-02-28T14:09:15+00:00\" \/>\n<meta property=\"og:image\" content=\"https:\/\/www.smedemokrati.sk\/wp-content\/uploads\/2025\/02\/nad-kica-sasko.jpg\" \/>\n\t<meta property=\"og:image:width\" content=\"1622\" \/>\n\t<meta property=\"og:image:height\" content=\"1052\" \/>\n\t<meta property=\"og:image:type\" content=\"image\/jpeg\" \/>\n<meta name=\"author\" content=\"miro.sopko\" \/>\n<meta name=\"twitter:card\" content=\"summary_large_image\" \/>\n<meta name=\"twitter:label1\" content=\"Written by\" \/>\n\t<meta name=\"twitter:data1\" content=\"miro.sopko\" \/>\n\t<meta name=\"twitter:label2\" content=\"Est. reading time\" \/>\n\t<meta name=\"twitter:data2\" content=\"2 minutes\" \/>\n<script type=\"application\/ld+json\" class=\"yoast-schema-graph\">{\"@context\":\"https:\/\/schema.org\",\"@graph\":[{\"@type\":\"Article\",\"@id\":\"https:\/\/www.smedemokrati.sk\/vyzyvame-ministra-saska-aby-vo-vyhlaske-spalovnu-pri-dudinciach-vyslovene-zakazal\/#article\",\"isPartOf\":{\"@id\":\"https:\/\/www.smedemokrati.sk\/vyzyvame-ministra-saska-aby-vo-vyhlaske-spalovnu-pri-dudinciach-vyslovene-zakazal\/\"},\"author\":{\"name\":\"miro.sopko\",\"@id\":\"https:\/\/www.smedemokrati.sk\/#\/schema\/person\/21f147c88d605aa7ded900e1e7c344ba\"},\"headline\":\"Vyz\u00fdvame ministra \u0160a\u0161ka, aby vo vyhl\u00e1\u0161ke spa\u013eov\u0148u pri Dudinciach vyslovene zak\u00e1zal\",\"datePublished\":\"2025-02-28T14:09:14+00:00\",\"dateModified\":\"2025-02-28T14:09:15+00:00\",\"mainEntityOfPage\":{\"@id\":\"https:\/\/www.smedemokrati.sk\/vyzyvame-ministra-saska-aby-vo-vyhlaske-spalovnu-pri-dudinciach-vyslovene-zakazal\/\"},\"wordCount\":491,\"publisher\":{\"@id\":\"https:\/\/www.smedemokrati.sk\/#organization\"},\"image\":{\"@id\":\"https:\/\/www.smedemokrati.sk\/vyzyvame-ministra-saska-aby-vo-vyhlaske-spalovnu-pri-dudinciach-vyslovene-zakazal\/#primaryimage\"},\"thumbnailUrl\":\"https:\/\/www.smedemokrati.sk\/wp-content\/uploads\/2025\/02\/nad-kica-sasko.jpg\",\"articleSection\":[\"Tla\u010dov\u00e9 spr\u00e1vy\"],\"inLanguage\":\"en-US\"},{\"@type\":\"WebPage\",\"@id\":\"https:\/\/www.smedemokrati.sk\/vyzyvame-ministra-saska-aby-vo-vyhlaske-spalovnu-pri-dudinciach-vyslovene-zakazal\/\",\"url\":\"https:\/\/www.smedemokrati.sk\/vyzyvame-ministra-saska-aby-vo-vyhlaske-spalovnu-pri-dudinciach-vyslovene-zakazal\/\",\"name\":\"Vyz\u00fdvame ministra \u0160a\u0161ka, aby vo vyhl\u00e1\u0161ke spa\u013eov\u0148u pri Dudinciach vyslovene zak\u00e1zal\",\"isPartOf\":{\"@id\":\"https:\/\/www.smedemokrati.sk\/#website\"},\"primaryImageOfPage\":{\"@id\":\"https:\/\/www.smedemokrati.sk\/vyzyvame-ministra-saska-aby-vo-vyhlaske-spalovnu-pri-dudinciach-vyslovene-zakazal\/#primaryimage\"},\"image\":{\"@id\":\"https:\/\/www.smedemokrati.sk\/vyzyvame-ministra-saska-aby-vo-vyhlaske-spalovnu-pri-dudinciach-vyslovene-zakazal\/#primaryimage\"},\"thumbnailUrl\":\"https:\/\/www.smedemokrati.sk\/wp-content\/uploads\/2025\/02\/nad-kica-sasko.jpg\",\"datePublished\":\"2025-02-28T14:09:14+00:00\",\"dateModified\":\"2025-02-28T14:09:15+00:00\",\"breadcrumb\":{\"@id\":\"https:\/\/www.smedemokrati.sk\/vyzyvame-ministra-saska-aby-vo-vyhlaske-spalovnu-pri-dudinciach-vyslovene-zakazal\/#breadcrumb\"},\"inLanguage\":\"en-US\",\"potentialAction\":[{\"@type\":\"ReadAction\",\"target\":[\"https:\/\/www.smedemokrati.sk\/vyzyvame-ministra-saska-aby-vo-vyhlaske-spalovnu-pri-dudinciach-vyslovene-zakazal\/\"]}]},{\"@type\":\"ImageObject\",\"inLanguage\":\"en-US\",\"@id\":\"https:\/\/www.smedemokrati.sk\/vyzyvame-ministra-saska-aby-vo-vyhlaske-spalovnu-pri-dudinciach-vyslovene-zakazal\/#primaryimage\",\"url\":\"https:\/\/www.smedemokrati.sk\/wp-content\/uploads\/2025\/02\/nad-kica-sasko.jpg\",\"contentUrl\":\"https:\/\/www.smedemokrati.sk\/wp-content\/uploads\/2025\/02\/nad-kica-sasko.jpg\",\"width\":1622,\"height\":1052},{\"@type\":\"BreadcrumbList\",\"@id\":\"https:\/\/www.smedemokrati.sk\/vyzyvame-ministra-saska-aby-vo-vyhlaske-spalovnu-pri-dudinciach-vyslovene-zakazal\/#breadcrumb\",\"itemListElement\":[{\"@type\":\"ListItem\",\"position\":1,\"name\":\"Domovsk\u00e1 str\u00e1nka\",\"item\":\"https:\/\/www.smedemokrati.sk\/\"},{\"@type\":\"ListItem\",\"position\":2,\"name\":\"Vyz\u00fdvame ministra \u0160a\u0161ka, aby vo vyhl\u00e1\u0161ke spa\u013eov\u0148u pri Dudinciach vyslovene zak\u00e1zal\"}]},{\"@type\":\"WebSite\",\"@id\":\"https:\/\/www.smedemokrati.sk\/#website\",\"url\":\"https:\/\/www.smedemokrati.sk\/\",\"name\":\"Smedemokrati.sk\",\"description\":\"Demokracia a slu\u0161nos\u0165 zv\u00ed\u0165az\u00ed\",\"publisher\":{\"@id\":\"https:\/\/www.smedemokrati.sk\/#organization\"},\"potentialAction\":[{\"@type\":\"SearchAction\",\"target\":{\"@type\":\"EntryPoint\",\"urlTemplate\":\"https:\/\/www.smedemokrati.sk\/?s={search_term_string}\"},\"query-input\":{\"@type\":\"PropertyValueSpecification\",\"valueRequired\":true,\"valueName\":\"search_term_string\"}}],\"inLanguage\":\"en-US\"},{\"@type\":\"Organization\",\"@id\":\"https:\/\/www.smedemokrati.sk\/#organization\",\"name\":\"Smedemokrati.sk\",\"url\":\"https:\/\/www.smedemokrati.sk\/\",\"logo\":{\"@type\":\"ImageObject\",\"inLanguage\":\"en-US\",\"@id\":\"https:\/\/www.smedemokrati.sk\/#\/schema\/logo\/image\/\",\"url\":\"https:\/\/www.smedemokrati.sk\/wp-content\/uploads\/2023\/04\/ff.002.jpeg\",\"contentUrl\":\"https:\/\/www.smedemokrati.sk\/wp-content\/uploads\/2023\/04\/ff.002.jpeg\",\"width\":640,\"height\":480,\"caption\":\"Smedemokrati.sk\"},\"image\":{\"@id\":\"https:\/\/www.smedemokrati.sk\/#\/schema\/logo\/image\/\"},\"sameAs\":[\"https:\/\/www.facebook.com\/smedemokrati2023\"]},{\"@type\":\"Person\",\"@id\":\"https:\/\/www.smedemokrati.sk\/#\/schema\/person\/21f147c88d605aa7ded900e1e7c344ba\",\"name\":\"miro.sopko\",\"image\":{\"@type\":\"ImageObject\",\"inLanguage\":\"en-US\",\"@id\":\"https:\/\/secure.gravatar.com\/avatar\/267e4a36f704376c109afe3a78740c1f5dd8675a2180a908699e7863c9247606?s=96&d=mm&r=g\",\"url\":\"https:\/\/secure.gravatar.com\/avatar\/267e4a36f704376c109afe3a78740c1f5dd8675a2180a908699e7863c9247606?s=96&d=mm&r=g\",\"contentUrl\":\"https:\/\/secure.gravatar.com\/avatar\/267e4a36f704376c109afe3a78740c1f5dd8675a2180a908699e7863c9247606?s=96&d=mm&r=g\",\"caption\":\"miro.sopko\"},\"url\":\"https:\/\/www.smedemokrati.sk\/en\/author\/miro-sopko\/\"}]}<\/script>\n<!-- \/ Yoast SEO plugin. -->","yoast_head_json":{"title":"Vyz\u00fdvame ministra \u0160a\u0161ka, aby vo vyhl\u00e1\u0161ke spa\u013eov\u0148u pri Dudinciach vyslovene zak\u00e1zal","robots":{"index":"index","follow":"follow","max-snippet":"max-snippet:-1","max-image-preview":"max-image-preview:large","max-video-preview":"max-video-preview:-1"},"canonical":"https:\/\/www.smedemokrati.sk\/en\/vyzyvame-ministra-saska-aby-vo-vyhlaske-spalovnu-pri-dudinciach-vyslovene-zakazal\/","og_locale":"en_US","og_type":"article","og_title":"[:sk]Vyz\u00fdvame ministra \u0160a\u0161ka, aby vo vyhl\u00e1\u0161ke spa\u013eov\u0148u pri Dudinciach vyslovene zak\u00e1zal[:] - Smedemokrati.sk","og_description":"Demokrati upozor\u0148uj\u00fa, \u017ee ani dne\u0161n\u00e9 rozhodnutie, ktor\u00fdm minister zdravotn\u00edctva Kamil \u0160a\u0161ko zru\u0161il svoju vyhl\u00e1\u0161ku spred nieko\u013ek\u00fdch dn\u00ed, nie je definit\u00edvnou bodkou za kauzou strany Hlas-SD. Tou bude a\u017e nov\u00e1 vyhl\u00e1\u0161ka s explicitn\u00fdm z\u00e1kazom v\u00fdstavby ak\u00fdchko\u013evek spa\u013eovn\u00ed v ochrannom p\u00e1sme k\u00fape\u013eov Dudince. Od ministra budeme prostredn\u00edctvom poslaneckej interpel\u00e1cie po\u017eadova\u0165 vysvetlenie jeho \u0161kandal\u00f3zneho postupu.\u00a0\u00a0 Sme radi, \u017ee [&hellip;]","og_url":"https:\/\/www.smedemokrati.sk\/en\/vyzyvame-ministra-saska-aby-vo-vyhlaske-spalovnu-pri-dudinciach-vyslovene-zakazal\/","og_site_name":"Smedemokrati.sk","article_publisher":"https:\/\/www.facebook.com\/smedemokrati2023","article_published_time":"2025-02-28T14:09:14+00:00","article_modified_time":"2025-02-28T14:09:15+00:00","og_image":[{"width":1622,"height":1052,"url":"https:\/\/www.smedemokrati.sk\/wp-content\/uploads\/2025\/02\/nad-kica-sasko.jpg","type":"image\/jpeg"}],"author":"miro.sopko","twitter_card":"summary_large_image","twitter_misc":{"Written by":"miro.sopko","Est. reading time":"2 minutes"},"schema":{"@context":"https:\/\/schema.org","@graph":[{"@type":"Article","@id":"https:\/\/www.smedemokrati.sk\/vyzyvame-ministra-saska-aby-vo-vyhlaske-spalovnu-pri-dudinciach-vyslovene-zakazal\/#article","isPartOf":{"@id":"https:\/\/www.smedemokrati.sk\/vyzyvame-ministra-saska-aby-vo-vyhlaske-spalovnu-pri-dudinciach-vyslovene-zakazal\/"},"author":{"name":"miro.sopko","@id":"https:\/\/www.smedemokrati.sk\/#\/schema\/person\/21f147c88d605aa7ded900e1e7c344ba"},"headline":"Vyz\u00fdvame ministra \u0160a\u0161ka, aby vo vyhl\u00e1\u0161ke spa\u013eov\u0148u pri Dudinciach vyslovene zak\u00e1zal","datePublished":"2025-02-28T14:09:14+00:00","dateModified":"2025-02-28T14:09:15+00:00","mainEntityOfPage":{"@id":"https:\/\/www.smedemokrati.sk\/vyzyvame-ministra-saska-aby-vo-vyhlaske-spalovnu-pri-dudinciach-vyslovene-zakazal\/"},"wordCount":491,"publisher":{"@id":"https:\/\/www.smedemokrati.sk\/#organization"},"image":{"@id":"https:\/\/www.smedemokrati.sk\/vyzyvame-ministra-saska-aby-vo-vyhlaske-spalovnu-pri-dudinciach-vyslovene-zakazal\/#primaryimage"},"thumbnailUrl":"https:\/\/www.smedemokrati.sk\/wp-content\/uploads\/2025\/02\/nad-kica-sasko.jpg","articleSection":["Tla\u010dov\u00e9 spr\u00e1vy"],"inLanguage":"en-US"},{"@type":"WebPage","@id":"https:\/\/www.smedemokrati.sk\/vyzyvame-ministra-saska-aby-vo-vyhlaske-spalovnu-pri-dudinciach-vyslovene-zakazal\/","url":"https:\/\/www.smedemokrati.sk\/vyzyvame-ministra-saska-aby-vo-vyhlaske-spalovnu-pri-dudinciach-vyslovene-zakazal\/","name":"Vyz\u00fdvame ministra \u0160a\u0161ka, aby vo vyhl\u00e1\u0161ke spa\u013eov\u0148u pri Dudinciach vyslovene zak\u00e1zal","isPartOf":{"@id":"https:\/\/www.smedemokrati.sk\/#website"},"primaryImageOfPage":{"@id":"https:\/\/www.smedemokrati.sk\/vyzyvame-ministra-saska-aby-vo-vyhlaske-spalovnu-pri-dudinciach-vyslovene-zakazal\/#primaryimage"},"image":{"@id":"https:\/\/www.smedemokrati.sk\/vyzyvame-ministra-saska-aby-vo-vyhlaske-spalovnu-pri-dudinciach-vyslovene-zakazal\/#primaryimage"},"thumbnailUrl":"https:\/\/www.smedemokrati.sk\/wp-content\/uploads\/2025\/02\/nad-kica-sasko.jpg","datePublished":"2025-02-28T14:09:14+00:00","dateModified":"2025-02-28T14:09:15+00:00","breadcrumb":{"@id":"https:\/\/www.smedemokrati.sk\/vyzyvame-ministra-saska-aby-vo-vyhlaske-spalovnu-pri-dudinciach-vyslovene-zakazal\/#breadcrumb"},"inLanguage":"en-US","potentialAction":[{"@type":"ReadAction","target":["https:\/\/www.smedemokrati.sk\/vyzyvame-ministra-saska-aby-vo-vyhlaske-spalovnu-pri-dudinciach-vyslovene-zakazal\/"]}]},{"@type":"ImageObject","inLanguage":"en-US","@id":"https:\/\/www.smedemokrati.sk\/vyzyvame-ministra-saska-aby-vo-vyhlaske-spalovnu-pri-dudinciach-vyslovene-zakazal\/#primaryimage","url":"https:\/\/www.smedemokrati.sk\/wp-content\/uploads\/2025\/02\/nad-kica-sasko.jpg","contentUrl":"https:\/\/www.smedemokrati.sk\/wp-content\/uploads\/2025\/02\/nad-kica-sasko.jpg","width":1622,"height":1052},{"@type":"BreadcrumbList","@id":"https:\/\/www.smedemokrati.sk\/vyzyvame-ministra-saska-aby-vo-vyhlaske-spalovnu-pri-dudinciach-vyslovene-zakazal\/#breadcrumb","itemListElement":[{"@type":"ListItem","position":1,"name":"Domovsk\u00e1 str\u00e1nka","item":"https:\/\/www.smedemokrati.sk\/"},{"@type":"ListItem","position":2,"name":"Vyz\u00fdvame ministra \u0160a\u0161ka, aby vo vyhl\u00e1\u0161ke spa\u013eov\u0148u pri Dudinciach vyslovene zak\u00e1zal"}]},{"@type":"WebSite","@id":"https:\/\/www.smedemokrati.sk\/#website","url":"https:\/\/www.smedemokrati.sk\/","name":"Smedemokrati.sk","description":"Demokracia a slu\u0161nos\u0165 zv\u00ed\u0165az\u00ed","publisher":{"@id":"https:\/\/www.smedemokrati.sk\/#organization"},"potentialAction":[{"@type":"SearchAction","target":{"@type":"EntryPoint","urlTemplate":"https:\/\/www.smedemokrati.sk\/?s={search_term_string}"},"query-input":{"@type":"PropertyValueSpecification","valueRequired":true,"valueName":"search_term_string"}}],"inLanguage":"en-US"},{"@type":"Organization","@id":"https:\/\/www.smedemokrati.sk\/#organization","name":"Smedemokrati.sk","url":"https:\/\/www.smedemokrati.sk\/","logo":{"@type":"ImageObject","inLanguage":"en-US","@id":"https:\/\/www.smedemokrati.sk\/#\/schema\/logo\/image\/","url":"https:\/\/www.smedemokrati.sk\/wp-content\/uploads\/2023\/04\/ff.002.jpeg","contentUrl":"https:\/\/www.smedemokrati.sk\/wp-content\/uploads\/2023\/04\/ff.002.jpeg","width":640,"height":480,"caption":"Smedemokrati.sk"},"image":{"@id":"https:\/\/www.smedemokrati.sk\/#\/schema\/logo\/image\/"},"sameAs":["https:\/\/www.facebook.com\/smedemokrati2023"]},{"@type":"Person","@id":"https:\/\/www.smedemokrati.sk\/#\/schema\/person\/21f147c88d605aa7ded900e1e7c344ba","name":"miro.sopko","image":{"@type":"ImageObject","inLanguage":"en-US","@id":"https:\/\/secure.gravatar.com\/avatar\/267e4a36f704376c109afe3a78740c1f5dd8675a2180a908699e7863c9247606?s=96&d=mm&r=g","url":"https:\/\/secure.gravatar.com\/avatar\/267e4a36f704376c109afe3a78740c1f5dd8675a2180a908699e7863c9247606?s=96&d=mm&r=g","contentUrl":"https:\/\/secure.gravatar.com\/avatar\/267e4a36f704376c109afe3a78740c1f5dd8675a2180a908699e7863c9247606?s=96&d=mm&r=g","caption":"miro.sopko"},"url":"https:\/\/www.smedemokrati.sk\/en\/author\/miro-sopko\/"}]}},"_links":{"self":[{"href":"https:\/\/www.smedemokrati.sk\/en\/wp-json\/wp\/v2\/posts\/6499","targetHints":{"allow":["GET"]}}],"collection":[{"href":"https:\/\/www.smedemokrati.sk\/en\/wp-json\/wp\/v2\/posts"}],"about":[{"href":"https:\/\/www.smedemokrati.sk\/en\/wp-json\/wp\/v2\/types\/post"}],"author":[{"embeddable":true,"href":"https:\/\/www.smedemokrati.sk\/en\/wp-json\/wp\/v2\/users\/13"}],"replies":[{"embeddable":true,"href":"https:\/\/www.smedemokrati.sk\/en\/wp-json\/wp\/v2\/comments?post=6499"}],"version-history":[{"count":1,"href":"https:\/\/www.smedemokrati.sk\/en\/wp-json\/wp\/v2\/posts\/6499\/revisions"}],"predecessor-version":[{"id":6502,"href":"https:\/\/www.smedemokrati.sk\/en\/wp-json\/wp\/v2\/posts\/6499\/revisions\/6502"}],"wp:featuredmedia":[{"embeddable":true,"href":"https:\/\/www.smedemokrati.sk\/en\/wp-json\/wp\/v2\/media\/6501"}],"wp:attachment":[{"href":"https:\/\/www.smedemokrati.sk\/en\/wp-json\/wp\/v2\/media?parent=6499"}],"wp:term":[{"taxonomy":"category","embeddable":true,"href":"https:\/\/www.smedemokrati.sk\/en\/wp-json\/wp\/v2\/categories?post=6499"},{"taxonomy":"post_tag","embeddable":true,"href":"https:\/\/www.smedemokrati.sk\/en\/wp-json\/wp\/v2\/tags?post=6499"}],"curies":[{"name":"wp","href":"https:\/\/api.w.org\/{rel}","templated":true}]}}