{"id":6493,"date":"2025-02-26T17:32:17","date_gmt":"2025-02-26T16:32:17","guid":{"rendered":"https:\/\/www.smedemokrati.sk\/?p=6493"},"modified":"2025-02-26T17:32:18","modified_gmt":"2025-02-26T16:32:18","slug":"vyzyvame-premiera-fica-aby-sa-zacal-vazne-zaoberat-situaciou-na-agrorezorte-ktory-zlyhava-uz-aj-pri-miestnych-akcnych-skupinach","status":"publish","type":"post","link":"https:\/\/www.smedemokrati.sk\/en\/vyzyvame-premiera-fica-aby-sa-zacal-vazne-zaoberat-situaciou-na-agrorezorte-ktory-zlyhava-uz-aj-pri-miestnych-akcnych-skupinach\/","title":{"rendered":"Vyz\u00fdvame premi\u00e9ra Fica, aby sa za\u010dal v\u00e1\u017ene zaobera\u0165 situ\u00e1ciou na agrorezorte, ktor\u00fd zlyh\u00e1va u\u017e aj pri miestnych ak\u010dn\u00fdch skupin\u00e1ch"},"content":{"rendered":"<div id=\"fb-root\"><\/div>\n\n<p><strong>Pova\u017eujeme za neuverite\u013en\u00e9, \u017ee e\u0161te aj 16 mesiacov od n\u00e1stupu s\u00fa\u010dasnej vl\u00e1dy sa minister p\u00f4dohospod\u00e1rstva Richard Tak\u00e1\u010d nevenuje ni\u010domu in\u00e9mu, len ozna\u010dovaniu imagin\u00e1rnych vinn\u00edkov za jeho ne\u010dinnos\u0165 pri rie\u0161en\u00ed probl\u00e9mov s miestnymi ak\u010dn\u00fdmi skupinami. O\u010dividne dezorientovan\u00fd minister namiesto re\u00e1lnych krokov venuje svoju energiu zav\u00e1dzaj\u00facim tla\u010dov\u00fdm konferenci\u00e1m, vytv\u00e1raniu alibi a \u00fatokom na opoz\u00edciu a m\u00e9dia. Upozor\u0148ujeme premi\u00e9ra Fica, \u017ee Tak\u00e1\u010d pred n\u00edm pravdepodobne zaml\u010diava obrovsk\u00e9 riziko \u010fal\u0161ieho prepadnutia mili\u00f3nov eur pre po\u013enohospod\u00e1rov.\u00a0<\/strong><\/p>\n\n\n\n<p>Alarmuj\u00faca situ\u00e1cia v agrosektore, osobitne s miestnymi ak\u010dn\u00fdmi skupinami, sa mus\u00ed sta\u0165 premi\u00e9rskou t\u00e9mou.\u00a0<em>\u201eAk by sa \u010dlen vl\u00e1dy skoro rok a pol po vo\u013eb\u00e1ch venoval len okyd\u00e1vaniu opoz\u00edcie a nepri\u0161iel by s jasn\u00fdmi rie\u0161eniami, pova\u017eoval by som to za z\u00e1va\u017en\u00e9 zlyhanie. Tak\u00e1\u010d zaml\u010diava podstatn\u00e9 \u010dasti spr\u00e1vy Najvy\u0161\u0161ieho kontroln\u00e9ho \u00faradu, \u017ee za v\u00e4\u010d\u0161inu programovej implement\u00e1cie, vr\u00e1tane nastavenia procesov a kontrol cez vyp\u00edsanie a vyhodnocovanie v\u00fdziev a\u017e po implement\u00e1ciu, s\u00fa zodpovedn\u00ed na\u0161i predchodcovia a s\u00fa\u010dasn\u00ed Tak\u00e1\u010dovi vl\u00e1dni kolegovia, vtedaj\u0161\u00ed ministri Ra\u0161i a Mate\u010dn\u00e1. Minister Tak\u00e1\u010d nepredstavil \u017eiaden konkr\u00e9tny pl\u00e1n, ktor\u00fdm by dok\u00e1zal zn\u00ed\u017ei\u0165 riziko 33 mili\u00f3nov\u00e9ho dekomitmentu za minul\u00fd rok. Ten m\u00f4\u017ee by\u0165 pod\u013ea na\u0161ich inform\u00e1ci\u00ed omnoho vy\u0161\u0161\u00ed, ne\u017e avizuje Tak\u00e1\u010d. Tomu ale ide iba o vytvorenie alibi, \u010domu nasved\u010duje intenzita jeho medi\u00e1lnych vyst\u00fapen\u00ed. Premi\u00e9r Fico by mal zjedna\u0165 n\u00e1pravu, ak mu nie je agrosektor \u00faplne \u013eahostajn\u00fd,\u201d<\/em>\u00a0vysvet\u013euje Eduard Heger, b\u00fdval\u00fd premi\u00e9r a podpredseda Demokratov.\u00a0<\/p>\n\n\n\n<p>Nepotrebujeme sa z ni\u010doho vyvi\u0148ova\u0165. Tak\u00e1\u010dove tvrdenia najlep\u0161ie spochybnili priamo odborn\u00edci zo sektora. Samotn\u00fd predseda N\u00e1rodnej siete miestnych ak\u010dn\u00fdch skup\u00edn \u0160tefan \u0160kult\u00e9ty v rozhovore pre Euractiv uviedol, \u017ee\u00a0<em><em>\u201e<\/em>hovor\u00edme o programovom obdob\u00ed 2014 a\u017e 2022, a to za\u010dalo v roku 2015, kedy boli vo veden\u00ed riadiaceho org\u00e1nu a PPA s\u00fa\u010dasn\u00e9 vl\u00e1dne strany. V rokoch 2015 a\u017e 2019, ktor\u00e9 ministerstvo p\u00f4dohospod\u00e1rstva na svojej tla\u010dovej konferencii nespomenulo v\u00f4bec, bolo \u010derpanie 0,0%. Miestne ak\u010dn\u00e9 skupiny boli vybran\u00e9 v roku 2017, ale v\u00fdzvy mohli vyhlasova\u0165 a\u017e v roku 2019. Za toto ur\u010dite nem\u00f4\u017eu predch\u00e1dzaj\u00face vedenia.\u201d<\/em><\/p>\n\n\n\n<p>Ministrovi Tak\u00e1\u010dovi namiesto zbyto\u010dn\u00fdch tla\u010dov\u00fdch konferenci\u00ed odpor\u00fa\u010dame kone\u010dne za\u010da\u0165 aj nie\u010do re\u00e1lne robi\u0165.\u00a0<em><em>\u201e<\/em>Minister by mal svoju energiu a \u010das venova\u0165 zr\u00fdchleniu uzatv\u00e1rania zml\u00fav, ktor\u00fdch uzavretie je podmienkou realiz\u00e1cie projektov, pred\u013a\u017eeniu term\u00ednu opr\u00e1vnenosti v\u00fddavkov po 30. j\u00fani 2025, zefekt\u00edvneniu vyhodnocovania projektov, zjednodu\u0161eniu vykazovania v\u00fddavkov a \u00fa\u010dtovn\u00fdch dokladov, odstr\u00e1neniu duplic\u00edt v predkladan\u00ed podkladov pri kontrol\u00e1ch, zlep\u0161eniu komunik\u00e1cie so \u017eiadate\u013emi a najm\u00e4 zabezpe\u010deniu metodickej podpory pre pracovn\u00edkov ak\u010dn\u00fdch skup\u00edn zo strany \u0161t\u00e1tu a kone\u010dne vybra\u0165 miestne ak\u010dn\u00e9 skupiny na bud\u00face programov\u00e9 obdobie, ktor\u00e9 za Tak\u00e1\u010da me\u0161k\u00e1 viac ako rok,\u201d<\/em>\u00a0objas\u0148uje ministrovi Tak\u00e1\u010dovi Michal Ki\u010da, enviroexpert Demokratov.\u00a0<\/p>\n\n\n\n<p>Nielen my, ale cel\u00fd agrosektor je z nev\u00eddanej miery bezradnosti ministra Tak\u00e1\u010da \u0161okovan\u00fd.\u00a0<em><em>\u201e<\/em>Keby namiesto spr\u00e1vy svojich soci\u00e1lnych siet\u00ed, zverej\u0148ovaniu vysmiatych fotiek z posil\u0148ovne a zav\u00e1dzaj\u00facich tla\u010dov\u00fdch konferenci\u00ed pln\u00fdch klamstiev venoval svoj \u010das vedeniu rezortu, mohlo by do slovensk\u00e9ho po\u013enohospod\u00e1rstva a rozvoja vidieka tiec\u0165 omnoho viacej eur\u00f3pskych prostriedkov,\u201d<\/em>\u00a0uzavrel Michal Ki\u010da.<\/p>\n","protected":false},"excerpt":{"rendered":"<p>Pova\u017eujeme za neuverite\u013en\u00e9, \u017ee e\u0161te aj 16 mesiacov od n\u00e1stupu s\u00fa\u010dasnej vl\u00e1dy sa minister p\u00f4dohospod\u00e1rstva Richard Tak\u00e1\u010d nevenuje ni\u010domu in\u00e9mu, len ozna\u010dovaniu imagin\u00e1rnych vinn\u00edkov za jeho ne\u010dinnos\u0165 pri rie\u0161en\u00ed probl\u00e9mov s miestnymi ak\u010dn\u00fdmi skupinami. O\u010dividne dezorientovan\u00fd minister namiesto re\u00e1lnych krokov venuje svoju energiu zav\u00e1dzaj\u00facim tla\u010dov\u00fdm konferenci\u00e1m, vytv\u00e1raniu alibi a \u00fatokom na opoz\u00edciu a m\u00e9dia. Upozor\u0148ujeme [&hellip;]<\/p>\n","protected":false},"author":13,"featured_media":4814,"comment_status":"closed","ping_status":"closed","sticky":false,"template":"","format":"standard","meta":{"_acf_changed":false,"ngg_post_thumbnail":0,"footnotes":""},"categories":[4],"tags":[],"class_list":["post-6493","post","type-post","status-publish","format-standard","has-post-thumbnail","hentry","category-tlacove-spravy"],"acf":[],"yoast_head":"<!-- This site is optimized with the Yoast SEO plugin v27.2 - https:\/\/yoast.com\/product\/yoast-seo-wordpress\/ -->\n<title>Vyz\u00fdvame premi\u00e9ra Fica, aby sa za\u010dal v\u00e1\u017ene zaobera\u0165 situ\u00e1ciou na agrorezorte, ktor\u00fd zlyh\u00e1va u\u017e aj pri miestnych ak\u010dn\u00fdch skupin\u00e1ch<\/title>\n<meta name=\"robots\" content=\"index, follow, max-snippet:-1, max-image-preview:large, max-video-preview:-1\" \/>\n<link rel=\"canonical\" href=\"https:\/\/www.smedemokrati.sk\/en\/vyzyvame-premiera-fica-aby-sa-zacal-vazne-zaoberat-situaciou-na-agrorezorte-ktory-zlyhava-uz-aj-pri-miestnych-akcnych-skupinach\/\" \/>\n<meta property=\"og:locale\" content=\"en_US\" \/>\n<meta property=\"og:locale:alternate\" content=\"cs_CZ\" \/>\n<meta property=\"og:locale:alternate\" content=\"hu_HU\" \/>\n<meta property=\"og:locale:alternate\" content=\"sk_SK\" \/>\n<meta property=\"og:locale:alternate\" content=\"sv_SE\" \/>\n<meta property=\"og:type\" content=\"article\" \/>\n<meta property=\"og:title\" content=\"Vyz\u00fdvame premi\u00e9ra Fica, aby sa za\u010dal v\u00e1\u017ene zaobera\u0165 situ\u00e1ciou na agrorezorte, ktor\u00fd zlyh\u00e1va u\u017e aj pri miestnych ak\u010dn\u00fdch skupin\u00e1ch\" \/>\n<meta property=\"og:description\" content=\"Pova\u017eujeme za neuverite\u013en\u00e9, \u017ee e\u0161te aj 16 mesiacov od n\u00e1stupu s\u00fa\u010dasnej vl\u00e1dy sa minister p\u00f4dohospod\u00e1rstva Richard Tak\u00e1\u010d nevenuje ni\u010domu in\u00e9mu, len ozna\u010dovaniu imagin\u00e1rnych vinn\u00edkov za jeho ne\u010dinnos\u0165 pri rie\u0161en\u00ed probl\u00e9mov s miestnymi ak\u010dn\u00fdmi skupinami. O\u010dividne dezorientovan\u00fd minister namiesto re\u00e1lnych krokov venuje svoju energiu zav\u00e1dzaj\u00facim tla\u010dov\u00fdm konferenci\u00e1m, vytv\u00e1raniu alibi a \u00fatokom na opoz\u00edciu a m\u00e9dia. Upozor\u0148ujeme [&hellip;]\" \/>\n<meta property=\"og:url\" content=\"https:\/\/www.smedemokrati.sk\/en\/vyzyvame-premiera-fica-aby-sa-zacal-vazne-zaoberat-situaciou-na-agrorezorte-ktory-zlyhava-uz-aj-pri-miestnych-akcnych-skupinach\/\" \/>\n<meta property=\"og:site_name\" content=\"Smedemokrati.sk\" \/>\n<meta property=\"article:publisher\" content=\"https:\/\/www.facebook.com\/smedemokrati2023\" \/>\n<meta property=\"article:published_time\" content=\"2025-02-26T16:32:17+00:00\" \/>\n<meta property=\"article:modified_time\" content=\"2025-02-26T16:32:18+00:00\" \/>\n<meta property=\"og:image\" content=\"https:\/\/www.smedemokrati.sk\/wp-content\/uploads\/2024\/08\/takac.jpg\" \/>\n\t<meta property=\"og:image:width\" content=\"1080\" \/>\n\t<meta property=\"og:image:height\" content=\"810\" \/>\n\t<meta property=\"og:image:type\" content=\"image\/jpeg\" \/>\n<meta name=\"author\" content=\"miro.sopko\" \/>\n<meta name=\"twitter:card\" content=\"summary_large_image\" \/>\n<meta name=\"twitter:label1\" content=\"Written by\" \/>\n\t<meta name=\"twitter:data1\" content=\"miro.sopko\" \/>\n\t<meta name=\"twitter:label2\" content=\"Est. reading time\" \/>\n\t<meta name=\"twitter:data2\" content=\"3 minutes\" \/>\n<script type=\"application\/ld+json\" class=\"yoast-schema-graph\">{\"@context\":\"https:\/\/schema.org\",\"@graph\":[{\"@type\":\"Article\",\"@id\":\"https:\/\/www.smedemokrati.sk\/vyzyvame-premiera-fica-aby-sa-zacal-vazne-zaoberat-situaciou-na-agrorezorte-ktory-zlyhava-uz-aj-pri-miestnych-akcnych-skupinach\/#article\",\"isPartOf\":{\"@id\":\"https:\/\/www.smedemokrati.sk\/vyzyvame-premiera-fica-aby-sa-zacal-vazne-zaoberat-situaciou-na-agrorezorte-ktory-zlyhava-uz-aj-pri-miestnych-akcnych-skupinach\/\"},\"author\":{\"name\":\"miro.sopko\",\"@id\":\"https:\/\/www.smedemokrati.sk\/#\/schema\/person\/21f147c88d605aa7ded900e1e7c344ba\"},\"headline\":\"Vyz\u00fdvame premi\u00e9ra Fica, aby sa za\u010dal v\u00e1\u017ene zaobera\u0165 situ\u00e1ciou na agrorezorte, ktor\u00fd zlyh\u00e1va u\u017e aj pri miestnych ak\u010dn\u00fdch skupin\u00e1ch\",\"datePublished\":\"2025-02-26T16:32:17+00:00\",\"dateModified\":\"2025-02-26T16:32:18+00:00\",\"mainEntityOfPage\":{\"@id\":\"https:\/\/www.smedemokrati.sk\/vyzyvame-premiera-fica-aby-sa-zacal-vazne-zaoberat-situaciou-na-agrorezorte-ktory-zlyhava-uz-aj-pri-miestnych-akcnych-skupinach\/\"},\"wordCount\":642,\"publisher\":{\"@id\":\"https:\/\/www.smedemokrati.sk\/#organization\"},\"image\":{\"@id\":\"https:\/\/www.smedemokrati.sk\/vyzyvame-premiera-fica-aby-sa-zacal-vazne-zaoberat-situaciou-na-agrorezorte-ktory-zlyhava-uz-aj-pri-miestnych-akcnych-skupinach\/#primaryimage\"},\"thumbnailUrl\":\"https:\/\/www.smedemokrati.sk\/wp-content\/uploads\/2024\/08\/takac.jpg\",\"articleSection\":[\"Tla\u010dov\u00e9 spr\u00e1vy\"],\"inLanguage\":\"en-US\"},{\"@type\":\"WebPage\",\"@id\":\"https:\/\/www.smedemokrati.sk\/vyzyvame-premiera-fica-aby-sa-zacal-vazne-zaoberat-situaciou-na-agrorezorte-ktory-zlyhava-uz-aj-pri-miestnych-akcnych-skupinach\/\",\"url\":\"https:\/\/www.smedemokrati.sk\/vyzyvame-premiera-fica-aby-sa-zacal-vazne-zaoberat-situaciou-na-agrorezorte-ktory-zlyhava-uz-aj-pri-miestnych-akcnych-skupinach\/\",\"name\":\"Vyz\u00fdvame premi\u00e9ra Fica, aby sa za\u010dal v\u00e1\u017ene zaobera\u0165 situ\u00e1ciou na agrorezorte, ktor\u00fd zlyh\u00e1va u\u017e aj pri miestnych ak\u010dn\u00fdch skupin\u00e1ch\",\"isPartOf\":{\"@id\":\"https:\/\/www.smedemokrati.sk\/#website\"},\"primaryImageOfPage\":{\"@id\":\"https:\/\/www.smedemokrati.sk\/vyzyvame-premiera-fica-aby-sa-zacal-vazne-zaoberat-situaciou-na-agrorezorte-ktory-zlyhava-uz-aj-pri-miestnych-akcnych-skupinach\/#primaryimage\"},\"image\":{\"@id\":\"https:\/\/www.smedemokrati.sk\/vyzyvame-premiera-fica-aby-sa-zacal-vazne-zaoberat-situaciou-na-agrorezorte-ktory-zlyhava-uz-aj-pri-miestnych-akcnych-skupinach\/#primaryimage\"},\"thumbnailUrl\":\"https:\/\/www.smedemokrati.sk\/wp-content\/uploads\/2024\/08\/takac.jpg\",\"datePublished\":\"2025-02-26T16:32:17+00:00\",\"dateModified\":\"2025-02-26T16:32:18+00:00\",\"breadcrumb\":{\"@id\":\"https:\/\/www.smedemokrati.sk\/vyzyvame-premiera-fica-aby-sa-zacal-vazne-zaoberat-situaciou-na-agrorezorte-ktory-zlyhava-uz-aj-pri-miestnych-akcnych-skupinach\/#breadcrumb\"},\"inLanguage\":\"en-US\",\"potentialAction\":[{\"@type\":\"ReadAction\",\"target\":[\"https:\/\/www.smedemokrati.sk\/vyzyvame-premiera-fica-aby-sa-zacal-vazne-zaoberat-situaciou-na-agrorezorte-ktory-zlyhava-uz-aj-pri-miestnych-akcnych-skupinach\/\"]}]},{\"@type\":\"ImageObject\",\"inLanguage\":\"en-US\",\"@id\":\"https:\/\/www.smedemokrati.sk\/vyzyvame-premiera-fica-aby-sa-zacal-vazne-zaoberat-situaciou-na-agrorezorte-ktory-zlyhava-uz-aj-pri-miestnych-akcnych-skupinach\/#primaryimage\",\"url\":\"https:\/\/www.smedemokrati.sk\/wp-content\/uploads\/2024\/08\/takac.jpg\",\"contentUrl\":\"https:\/\/www.smedemokrati.sk\/wp-content\/uploads\/2024\/08\/takac.jpg\",\"width\":1080,\"height\":810},{\"@type\":\"BreadcrumbList\",\"@id\":\"https:\/\/www.smedemokrati.sk\/vyzyvame-premiera-fica-aby-sa-zacal-vazne-zaoberat-situaciou-na-agrorezorte-ktory-zlyhava-uz-aj-pri-miestnych-akcnych-skupinach\/#breadcrumb\",\"itemListElement\":[{\"@type\":\"ListItem\",\"position\":1,\"name\":\"Domovsk\u00e1 str\u00e1nka\",\"item\":\"https:\/\/www.smedemokrati.sk\/\"},{\"@type\":\"ListItem\",\"position\":2,\"name\":\"Vyz\u00fdvame premi\u00e9ra Fica, aby sa za\u010dal v\u00e1\u017ene zaobera\u0165 situ\u00e1ciou na agrorezorte, ktor\u00fd zlyh\u00e1va u\u017e aj pri miestnych ak\u010dn\u00fdch skupin\u00e1ch\"}]},{\"@type\":\"WebSite\",\"@id\":\"https:\/\/www.smedemokrati.sk\/#website\",\"url\":\"https:\/\/www.smedemokrati.sk\/\",\"name\":\"Smedemokrati.sk\",\"description\":\"Demokracia a slu\u0161nos\u0165 zv\u00ed\u0165az\u00ed\",\"publisher\":{\"@id\":\"https:\/\/www.smedemokrati.sk\/#organization\"},\"potentialAction\":[{\"@type\":\"SearchAction\",\"target\":{\"@type\":\"EntryPoint\",\"urlTemplate\":\"https:\/\/www.smedemokrati.sk\/?s={search_term_string}\"},\"query-input\":{\"@type\":\"PropertyValueSpecification\",\"valueRequired\":true,\"valueName\":\"search_term_string\"}}],\"inLanguage\":\"en-US\"},{\"@type\":\"Organization\",\"@id\":\"https:\/\/www.smedemokrati.sk\/#organization\",\"name\":\"Smedemokrati.sk\",\"url\":\"https:\/\/www.smedemokrati.sk\/\",\"logo\":{\"@type\":\"ImageObject\",\"inLanguage\":\"en-US\",\"@id\":\"https:\/\/www.smedemokrati.sk\/#\/schema\/logo\/image\/\",\"url\":\"https:\/\/www.smedemokrati.sk\/wp-content\/uploads\/2023\/04\/ff.002.jpeg\",\"contentUrl\":\"https:\/\/www.smedemokrati.sk\/wp-content\/uploads\/2023\/04\/ff.002.jpeg\",\"width\":640,\"height\":480,\"caption\":\"Smedemokrati.sk\"},\"image\":{\"@id\":\"https:\/\/www.smedemokrati.sk\/#\/schema\/logo\/image\/\"},\"sameAs\":[\"https:\/\/www.facebook.com\/smedemokrati2023\"]},{\"@type\":\"Person\",\"@id\":\"https:\/\/www.smedemokrati.sk\/#\/schema\/person\/21f147c88d605aa7ded900e1e7c344ba\",\"name\":\"miro.sopko\",\"image\":{\"@type\":\"ImageObject\",\"inLanguage\":\"en-US\",\"@id\":\"https:\/\/secure.gravatar.com\/avatar\/267e4a36f704376c109afe3a78740c1f5dd8675a2180a908699e7863c9247606?s=96&d=mm&r=g\",\"url\":\"https:\/\/secure.gravatar.com\/avatar\/267e4a36f704376c109afe3a78740c1f5dd8675a2180a908699e7863c9247606?s=96&d=mm&r=g\",\"contentUrl\":\"https:\/\/secure.gravatar.com\/avatar\/267e4a36f704376c109afe3a78740c1f5dd8675a2180a908699e7863c9247606?s=96&d=mm&r=g\",\"caption\":\"miro.sopko\"},\"url\":\"https:\/\/www.smedemokrati.sk\/en\/author\/miro-sopko\/\"}]}<\/script>\n<!-- \/ Yoast SEO plugin. -->","yoast_head_json":{"title":"Vyz\u00fdvame premi\u00e9ra Fica, aby sa za\u010dal v\u00e1\u017ene zaobera\u0165 situ\u00e1ciou na agrorezorte, ktor\u00fd zlyh\u00e1va u\u017e aj pri miestnych ak\u010dn\u00fdch skupin\u00e1ch","robots":{"index":"index","follow":"follow","max-snippet":"max-snippet:-1","max-image-preview":"max-image-preview:large","max-video-preview":"max-video-preview:-1"},"canonical":"https:\/\/www.smedemokrati.sk\/en\/vyzyvame-premiera-fica-aby-sa-zacal-vazne-zaoberat-situaciou-na-agrorezorte-ktory-zlyhava-uz-aj-pri-miestnych-akcnych-skupinach\/","og_locale":"en_US","og_type":"article","og_title":"[:sk]Vyz\u00fdvame premi\u00e9ra Fica, aby sa za\u010dal v\u00e1\u017ene zaobera\u0165 situ\u00e1ciou na agrorezorte, ktor\u00fd zlyh\u00e1va u\u017e aj pri miestnych ak\u010dn\u00fdch skupin\u00e1ch[:] - Smedemokrati.sk","og_description":"Pova\u017eujeme za neuverite\u013en\u00e9, \u017ee e\u0161te aj 16 mesiacov od n\u00e1stupu s\u00fa\u010dasnej vl\u00e1dy sa minister p\u00f4dohospod\u00e1rstva Richard Tak\u00e1\u010d nevenuje ni\u010domu in\u00e9mu, len ozna\u010dovaniu imagin\u00e1rnych vinn\u00edkov za jeho ne\u010dinnos\u0165 pri rie\u0161en\u00ed probl\u00e9mov s miestnymi ak\u010dn\u00fdmi skupinami. O\u010dividne dezorientovan\u00fd minister namiesto re\u00e1lnych krokov venuje svoju energiu zav\u00e1dzaj\u00facim tla\u010dov\u00fdm konferenci\u00e1m, vytv\u00e1raniu alibi a \u00fatokom na opoz\u00edciu a m\u00e9dia. Upozor\u0148ujeme [&hellip;]","og_url":"https:\/\/www.smedemokrati.sk\/en\/vyzyvame-premiera-fica-aby-sa-zacal-vazne-zaoberat-situaciou-na-agrorezorte-ktory-zlyhava-uz-aj-pri-miestnych-akcnych-skupinach\/","og_site_name":"Smedemokrati.sk","article_publisher":"https:\/\/www.facebook.com\/smedemokrati2023","article_published_time":"2025-02-26T16:32:17+00:00","article_modified_time":"2025-02-26T16:32:18+00:00","og_image":[{"width":1080,"height":810,"url":"https:\/\/www.smedemokrati.sk\/wp-content\/uploads\/2024\/08\/takac.jpg","type":"image\/jpeg"}],"author":"miro.sopko","twitter_card":"summary_large_image","twitter_misc":{"Written by":"miro.sopko","Est. reading time":"3 minutes"},"schema":{"@context":"https:\/\/schema.org","@graph":[{"@type":"Article","@id":"https:\/\/www.smedemokrati.sk\/vyzyvame-premiera-fica-aby-sa-zacal-vazne-zaoberat-situaciou-na-agrorezorte-ktory-zlyhava-uz-aj-pri-miestnych-akcnych-skupinach\/#article","isPartOf":{"@id":"https:\/\/www.smedemokrati.sk\/vyzyvame-premiera-fica-aby-sa-zacal-vazne-zaoberat-situaciou-na-agrorezorte-ktory-zlyhava-uz-aj-pri-miestnych-akcnych-skupinach\/"},"author":{"name":"miro.sopko","@id":"https:\/\/www.smedemokrati.sk\/#\/schema\/person\/21f147c88d605aa7ded900e1e7c344ba"},"headline":"Vyz\u00fdvame premi\u00e9ra Fica, aby sa za\u010dal v\u00e1\u017ene zaobera\u0165 situ\u00e1ciou na agrorezorte, ktor\u00fd zlyh\u00e1va u\u017e aj pri miestnych ak\u010dn\u00fdch skupin\u00e1ch","datePublished":"2025-02-26T16:32:17+00:00","dateModified":"2025-02-26T16:32:18+00:00","mainEntityOfPage":{"@id":"https:\/\/www.smedemokrati.sk\/vyzyvame-premiera-fica-aby-sa-zacal-vazne-zaoberat-situaciou-na-agrorezorte-ktory-zlyhava-uz-aj-pri-miestnych-akcnych-skupinach\/"},"wordCount":642,"publisher":{"@id":"https:\/\/www.smedemokrati.sk\/#organization"},"image":{"@id":"https:\/\/www.smedemokrati.sk\/vyzyvame-premiera-fica-aby-sa-zacal-vazne-zaoberat-situaciou-na-agrorezorte-ktory-zlyhava-uz-aj-pri-miestnych-akcnych-skupinach\/#primaryimage"},"thumbnailUrl":"https:\/\/www.smedemokrati.sk\/wp-content\/uploads\/2024\/08\/takac.jpg","articleSection":["Tla\u010dov\u00e9 spr\u00e1vy"],"inLanguage":"en-US"},{"@type":"WebPage","@id":"https:\/\/www.smedemokrati.sk\/vyzyvame-premiera-fica-aby-sa-zacal-vazne-zaoberat-situaciou-na-agrorezorte-ktory-zlyhava-uz-aj-pri-miestnych-akcnych-skupinach\/","url":"https:\/\/www.smedemokrati.sk\/vyzyvame-premiera-fica-aby-sa-zacal-vazne-zaoberat-situaciou-na-agrorezorte-ktory-zlyhava-uz-aj-pri-miestnych-akcnych-skupinach\/","name":"Vyz\u00fdvame premi\u00e9ra Fica, aby sa za\u010dal v\u00e1\u017ene zaobera\u0165 situ\u00e1ciou na agrorezorte, ktor\u00fd zlyh\u00e1va u\u017e aj pri miestnych ak\u010dn\u00fdch skupin\u00e1ch","isPartOf":{"@id":"https:\/\/www.smedemokrati.sk\/#website"},"primaryImageOfPage":{"@id":"https:\/\/www.smedemokrati.sk\/vyzyvame-premiera-fica-aby-sa-zacal-vazne-zaoberat-situaciou-na-agrorezorte-ktory-zlyhava-uz-aj-pri-miestnych-akcnych-skupinach\/#primaryimage"},"image":{"@id":"https:\/\/www.smedemokrati.sk\/vyzyvame-premiera-fica-aby-sa-zacal-vazne-zaoberat-situaciou-na-agrorezorte-ktory-zlyhava-uz-aj-pri-miestnych-akcnych-skupinach\/#primaryimage"},"thumbnailUrl":"https:\/\/www.smedemokrati.sk\/wp-content\/uploads\/2024\/08\/takac.jpg","datePublished":"2025-02-26T16:32:17+00:00","dateModified":"2025-02-26T16:32:18+00:00","breadcrumb":{"@id":"https:\/\/www.smedemokrati.sk\/vyzyvame-premiera-fica-aby-sa-zacal-vazne-zaoberat-situaciou-na-agrorezorte-ktory-zlyhava-uz-aj-pri-miestnych-akcnych-skupinach\/#breadcrumb"},"inLanguage":"en-US","potentialAction":[{"@type":"ReadAction","target":["https:\/\/www.smedemokrati.sk\/vyzyvame-premiera-fica-aby-sa-zacal-vazne-zaoberat-situaciou-na-agrorezorte-ktory-zlyhava-uz-aj-pri-miestnych-akcnych-skupinach\/"]}]},{"@type":"ImageObject","inLanguage":"en-US","@id":"https:\/\/www.smedemokrati.sk\/vyzyvame-premiera-fica-aby-sa-zacal-vazne-zaoberat-situaciou-na-agrorezorte-ktory-zlyhava-uz-aj-pri-miestnych-akcnych-skupinach\/#primaryimage","url":"https:\/\/www.smedemokrati.sk\/wp-content\/uploads\/2024\/08\/takac.jpg","contentUrl":"https:\/\/www.smedemokrati.sk\/wp-content\/uploads\/2024\/08\/takac.jpg","width":1080,"height":810},{"@type":"BreadcrumbList","@id":"https:\/\/www.smedemokrati.sk\/vyzyvame-premiera-fica-aby-sa-zacal-vazne-zaoberat-situaciou-na-agrorezorte-ktory-zlyhava-uz-aj-pri-miestnych-akcnych-skupinach\/#breadcrumb","itemListElement":[{"@type":"ListItem","position":1,"name":"Domovsk\u00e1 str\u00e1nka","item":"https:\/\/www.smedemokrati.sk\/"},{"@type":"ListItem","position":2,"name":"Vyz\u00fdvame premi\u00e9ra Fica, aby sa za\u010dal v\u00e1\u017ene zaobera\u0165 situ\u00e1ciou na agrorezorte, ktor\u00fd zlyh\u00e1va u\u017e aj pri miestnych ak\u010dn\u00fdch skupin\u00e1ch"}]},{"@type":"WebSite","@id":"https:\/\/www.smedemokrati.sk\/#website","url":"https:\/\/www.smedemokrati.sk\/","name":"Smedemokrati.sk","description":"Demokracia a slu\u0161nos\u0165 zv\u00ed\u0165az\u00ed","publisher":{"@id":"https:\/\/www.smedemokrati.sk\/#organization"},"potentialAction":[{"@type":"SearchAction","target":{"@type":"EntryPoint","urlTemplate":"https:\/\/www.smedemokrati.sk\/?s={search_term_string}"},"query-input":{"@type":"PropertyValueSpecification","valueRequired":true,"valueName":"search_term_string"}}],"inLanguage":"en-US"},{"@type":"Organization","@id":"https:\/\/www.smedemokrati.sk\/#organization","name":"Smedemokrati.sk","url":"https:\/\/www.smedemokrati.sk\/","logo":{"@type":"ImageObject","inLanguage":"en-US","@id":"https:\/\/www.smedemokrati.sk\/#\/schema\/logo\/image\/","url":"https:\/\/www.smedemokrati.sk\/wp-content\/uploads\/2023\/04\/ff.002.jpeg","contentUrl":"https:\/\/www.smedemokrati.sk\/wp-content\/uploads\/2023\/04\/ff.002.jpeg","width":640,"height":480,"caption":"Smedemokrati.sk"},"image":{"@id":"https:\/\/www.smedemokrati.sk\/#\/schema\/logo\/image\/"},"sameAs":["https:\/\/www.facebook.com\/smedemokrati2023"]},{"@type":"Person","@id":"https:\/\/www.smedemokrati.sk\/#\/schema\/person\/21f147c88d605aa7ded900e1e7c344ba","name":"miro.sopko","image":{"@type":"ImageObject","inLanguage":"en-US","@id":"https:\/\/secure.gravatar.com\/avatar\/267e4a36f704376c109afe3a78740c1f5dd8675a2180a908699e7863c9247606?s=96&d=mm&r=g","url":"https:\/\/secure.gravatar.com\/avatar\/267e4a36f704376c109afe3a78740c1f5dd8675a2180a908699e7863c9247606?s=96&d=mm&r=g","contentUrl":"https:\/\/secure.gravatar.com\/avatar\/267e4a36f704376c109afe3a78740c1f5dd8675a2180a908699e7863c9247606?s=96&d=mm&r=g","caption":"miro.sopko"},"url":"https:\/\/www.smedemokrati.sk\/en\/author\/miro-sopko\/"}]}},"_links":{"self":[{"href":"https:\/\/www.smedemokrati.sk\/en\/wp-json\/wp\/v2\/posts\/6493","targetHints":{"allow":["GET"]}}],"collection":[{"href":"https:\/\/www.smedemokrati.sk\/en\/wp-json\/wp\/v2\/posts"}],"about":[{"href":"https:\/\/www.smedemokrati.sk\/en\/wp-json\/wp\/v2\/types\/post"}],"author":[{"embeddable":true,"href":"https:\/\/www.smedemokrati.sk\/en\/wp-json\/wp\/v2\/users\/13"}],"replies":[{"embeddable":true,"href":"https:\/\/www.smedemokrati.sk\/en\/wp-json\/wp\/v2\/comments?post=6493"}],"version-history":[{"count":1,"href":"https:\/\/www.smedemokrati.sk\/en\/wp-json\/wp\/v2\/posts\/6493\/revisions"}],"predecessor-version":[{"id":6494,"href":"https:\/\/www.smedemokrati.sk\/en\/wp-json\/wp\/v2\/posts\/6493\/revisions\/6494"}],"wp:featuredmedia":[{"embeddable":true,"href":"https:\/\/www.smedemokrati.sk\/en\/wp-json\/wp\/v2\/media\/4814"}],"wp:attachment":[{"href":"https:\/\/www.smedemokrati.sk\/en\/wp-json\/wp\/v2\/media?parent=6493"}],"wp:term":[{"taxonomy":"category","embeddable":true,"href":"https:\/\/www.smedemokrati.sk\/en\/wp-json\/wp\/v2\/categories?post=6493"},{"taxonomy":"post_tag","embeddable":true,"href":"https:\/\/www.smedemokrati.sk\/en\/wp-json\/wp\/v2\/tags?post=6493"}],"curies":[{"name":"wp","href":"https:\/\/api.w.org\/{rel}","templated":true}]}}