{"id":6484,"date":"2025-02-25T17:27:18","date_gmt":"2025-02-25T16:27:18","guid":{"rendered":"https:\/\/www.smedemokrati.sk\/?p=6484"},"modified":"2025-02-25T17:27:19","modified_gmt":"2025-02-25T16:27:19","slug":"postup-ministra-saska-ohladom-spalovne-pri-dudinciach-je-neakceptovatelny-podavame-interpelaciu","status":"publish","type":"post","link":"https:\/\/www.smedemokrati.sk\/en\/postup-ministra-saska-ohladom-spalovne-pri-dudinciach-je-neakceptovatelny-podavame-interpelaciu\/","title":{"rendered":"Postup ministra \u0160a\u0161ka oh\u013eadom spa\u013eovne pri Dudinciach je neakceptovate\u013en\u00fd, pod\u00e1vame interpel\u00e1ciu"},"content":{"rendered":"<div id=\"fb-root\"><\/div>\n\n<p><strong>Minister zdravotn\u00edctva Kamil \u0160a\u0161ko (HLAS-SD) pretl\u00e1\u010da v\u00fdstavbu spa\u013eovne pri Dudinciach na \u00fakor ochrany vz\u00e1cnych lie\u010div\u00fdch prame\u0148ov a miestnych k\u00fape\u013eov. Pri \u0161okuj\u00facej zmene vyhl\u00e1\u0161ky o ich ochrann\u00fdch p\u00e1smach dokonca poru\u0161il pravidl\u00e1 legislat\u00edvneho procesu. \u0160t\u00e1tna k\u00fape\u013en\u00e1 komisia v jeho gescii \u010falej zmenila svoje p\u00f4vodne striktne zamietav\u00e9 stanovisko, a to bez odborn\u00fdch podkladov. Svoje kroky nevysvet\u013euje, ich objasnenie preto po\u017eadujeme prostredn\u00edctvom poslaneckej interpel\u00e1cie.&nbsp;<\/strong><\/p>\n\n\n\n<p>Do p\u00f4sobnosti rezortu zdravotn\u00edctva patr\u00ed k\u00fape\u013en\u00edctvo a ochrana pr\u00edrodn\u00fdch lie\u010div\u00fdch v\u00f4d, no minister \u0160a\u0161ko kon\u00e1 v pr\u00edpade spa\u013eovni pri Dudinciach ako lobista pre v\u00fdstavbu spa\u013eovn\u00ed. Ako inak si mo\u017eno vysvetli\u0165 jeho postup pri vydan\u00ed vyhl\u00e1\u0161ky, ktorou sa ustanovuj\u00fa ochrann\u00e9 p\u00e1sma a okruh zak\u00e1zan\u00fdch \u010dinnost\u00ed pr\u00edrodn\u00fdch lie\u010div\u00fdch zdrojov v Dudinciach? Vyhl\u00e1\u0161ka, ktor\u00e1 dnes vy\u0161la v zbierke z\u00e1konov, v\u00fdstavbu spa\u013eovne umo\u017e\u0148uje, ke\u010f\u017ee v ochrannom p\u00e1sme II. stup\u0148a zakazuje spa\u013eovanie len nebezpe\u010dn\u00fdch odpadov, teda umo\u017e\u0148uje v\u00fdstavbu a spa\u013eovanie komun\u00e1lnych a priemyseln\u00fdch odpadov (\u010do je aj z\u00e1mer spa\u013eovne). Pritom, p\u00f4vodn\u00fd n\u00e1vrh z novembra 2023 predlo\u017een\u00fd do medzirezortn\u00e9ho konania, explicitne zakazoval v\u00fdstavbu, zria\u010fovanie a prev\u00e1dzkovanie nov\u00fdch (teda ak\u00fdchko\u013evek) spa\u013eovn\u00ed odpadov.&nbsp;<\/p>\n\n\n\n<p>\u201e<em>K zmene do\u0161lo zo strany ministra \u0160a\u0161ka svojvo\u013ene a v pr\u00edkrom rozpore s pravidlami legislat\u00edvneho procesu, ke\u010f\u017ee \u017eiaden subjekt v pripomienkovom konan\u00ed zvo\u013enenie pravidiel pre umiest\u0148ovanie spa\u013eovn\u00ed nepo\u017eadoval a nepripomienkoval. Nako\u013eko sa jedn\u00e1 o podstatn\u00fa zmenu materi\u00e1lu, minister bol povinn\u00fd ho predlo\u017ei\u0165 do op\u00e4tovn\u00e9ho pripomienkov\u00e9ho konania, aby sa k zmene mohli vyjadri\u0165 v\u0161etky relevantn\u00e9 subjekty, ostatn\u00e9 ministerstv\u00e1, no najm\u00e4, mest\u00e1 a obce \u010di odborn\u00e1 verejnos\u0165. Svoj\u00edm postupom mo\u017enos\u0165 pripomienkovania tejto podstatnej zmeny zmaril, vysvetlenie neposkytuje ani d\u00f4vodov\u00e1 spr\u00e1va. Pre\u010do a pre koho to spravil? Z ak\u00e9ho d\u00f4vodu ignoroval pravidl\u00e1 legislat\u00edvneho procesu?<\/em>\u201d P\u00fdta sa Michal Ki\u010da, environment\u00e1lny expert a \u010dlen predsedn\u00edctva Demokratov.<\/p>\n\n\n\n<p>Rovnako nepochopite\u013en\u00e1 je aj zar\u00e1\u017eaj\u00faca zmena stanoviska \u0160t\u00e1tnej k\u00fape\u013enej komisie, op\u00e4\u0165 spadaj\u00faca pod ministra zdravotn\u00edctva \u0160a\u0161ka, na ktor\u00fa dnes upozornili z\u00e1stupcovia samospr\u00e1v a ob\u010danov. Komisia e\u0161te v roku 2023 v stanovisku vyslovila z\u00e1sadn\u00fd nes\u00fahlas s umiestnen\u00edm spa\u013eovne a varovala pred nezvratn\u00fdm zne\u010disten\u00edm lie\u010div\u00fdch v\u00f4d a nevy\u010d\u00edslite\u013en\u00fdmi n\u00e1sledkami pre n\u00e1rodn\u00e9 bohatstvo \u0161t\u00e1tu v pr\u00edpade hav\u00e1rie. Po person\u00e1lnych zmen\u00e1ch v komisii u\u017e ale s\u00fahlas\u00ed s podmienkam. \u010co sa medzi\u010dasom zmenilo? Ak\u00e9 \u201eodborn\u00e9\u201d podklady viedli k zmene stanoviska komisie?<\/p>\n\n\n\n<p>Slovensk\u00e9 k\u00fape\u013ee a bohatstvo miner\u00e1lnych v\u00f4d s\u00fa na\u0161im n\u00e1rodn\u00fdm pokladom, ktor\u00e9 k n\u00e1m l\u00e1ka kvant\u00e1 zahrani\u010dn\u00fdch turistov. M\u00e1me povinnos\u0165 ho chr\u00e1ni\u0165. Minister \u0160a\u0161ko, ktor\u00fd by mal ich ochranu presadzova\u0165, napom\u00e1ha hrozbe ich nezvratn\u00e9ho zni\u010denia. Namiesto turistov sem chce asi vozi\u0165 zahrani\u010dn\u00fd odpad.&nbsp;<\/p>\n\n\n\n<p>\u201e<em>Nenech\u00e1me to tak. \u0160a\u0161ko svoje kroky nevysvet\u013euje. Preto v spolupr\u00e1ci s poslancom Galkom pod\u00e1me podrobn\u00fa poslaneck\u00fa interpel\u00e1ciu, kde budeme ministra konfrontova\u0165 s jeho krokmi a \u017eiada\u0165 vysvetlenie, pre\u010do a z ak\u00fdch d\u00f4vodov a na z\u00e1klade ak\u00e9ho podnetu v rozpore s legislat\u00edvnymi pravidlami zmenil potichu fin\u00e1lne znenie vyhl\u00e1\u0161ky. Tie\u017e sa budeme p\u00fdta\u0165 z ak\u00fdch odborn\u00fdch podkladov vych\u00e1dza s\u00fahlasn\u00e9 stanovisko \u0160t\u00e1tnej k\u00fape\u013enej komisie, ktor\u00e1 sa zrazu o bud\u00facnos\u0165 k\u00fape\u013eov Dudince a \u0161pi\u010dkov\u00fdch pr\u00edrodn\u00fdch lie\u010div\u00fdch v\u00f4d Slatina a Santovka neob\u00e1va. V pr\u00edpade ministra \u0160a\u0161ka sa jedn\u00e1 o \u0161kandal\u00f3zne konanie, ktor\u00e9 nesmie osta\u0165 bez na\u0161ej odpovede,<\/em>\u201d Uzatv\u00e1ra Michal Ki\u010da.\u00a0<\/p>\n","protected":false},"excerpt":{"rendered":"<p>Minister zdravotn\u00edctva Kamil \u0160a\u0161ko (HLAS-SD) pretl\u00e1\u010da v\u00fdstavbu spa\u013eovne pri Dudinciach na \u00fakor ochrany vz\u00e1cnych lie\u010div\u00fdch prame\u0148ov a miestnych k\u00fape\u013eov. Pri \u0161okuj\u00facej zmene vyhl\u00e1\u0161ky o ich ochrann\u00fdch p\u00e1smach dokonca poru\u0161il pravidl\u00e1 legislat\u00edvneho procesu. \u0160t\u00e1tna k\u00fape\u013en\u00e1 komisia v jeho gescii \u010falej zmenila svoje p\u00f4vodne striktne zamietav\u00e9 stanovisko, a to bez odborn\u00fdch podkladov. Svoje kroky nevysvet\u013euje, ich objasnenie [&hellip;]<\/p>\n","protected":false},"author":13,"featured_media":6486,"comment_status":"closed","ping_status":"closed","sticky":false,"template":"","format":"standard","meta":{"_acf_changed":false,"ngg_post_thumbnail":0,"footnotes":""},"categories":[4],"tags":[],"class_list":["post-6484","post","type-post","status-publish","format-standard","has-post-thumbnail","hentry","category-tlacove-spravy"],"acf":[],"yoast_head":"<!-- This site is optimized with the Yoast SEO plugin v27.2 - https:\/\/yoast.com\/product\/yoast-seo-wordpress\/ -->\n<title>Postup ministra \u0160a\u0161ka oh\u013eadom spa\u013eovne pri Dudinciach je neakceptovate\u013en\u00fd, pod\u00e1vame interpel\u00e1ciu<\/title>\n<meta name=\"robots\" content=\"index, follow, max-snippet:-1, max-image-preview:large, max-video-preview:-1\" \/>\n<link rel=\"canonical\" href=\"https:\/\/www.smedemokrati.sk\/en\/postup-ministra-saska-ohladom-spalovne-pri-dudinciach-je-neakceptovatelny-podavame-interpelaciu\/\" \/>\n<meta property=\"og:locale\" content=\"en_US\" \/>\n<meta property=\"og:locale:alternate\" content=\"cs_CZ\" \/>\n<meta property=\"og:locale:alternate\" content=\"hu_HU\" \/>\n<meta property=\"og:locale:alternate\" content=\"sk_SK\" \/>\n<meta property=\"og:locale:alternate\" content=\"sv_SE\" \/>\n<meta property=\"og:type\" content=\"article\" \/>\n<meta property=\"og:title\" content=\"Postup ministra \u0160a\u0161ka oh\u013eadom spa\u013eovne pri Dudinciach je neakceptovate\u013en\u00fd, pod\u00e1vame interpel\u00e1ciu\" \/>\n<meta property=\"og:description\" content=\"Minister zdravotn\u00edctva Kamil \u0160a\u0161ko (HLAS-SD) pretl\u00e1\u010da v\u00fdstavbu spa\u013eovne pri Dudinciach na \u00fakor ochrany vz\u00e1cnych lie\u010div\u00fdch prame\u0148ov a miestnych k\u00fape\u013eov. Pri \u0161okuj\u00facej zmene vyhl\u00e1\u0161ky o ich ochrann\u00fdch p\u00e1smach dokonca poru\u0161il pravidl\u00e1 legislat\u00edvneho procesu. \u0160t\u00e1tna k\u00fape\u013en\u00e1 komisia v jeho gescii \u010falej zmenila svoje p\u00f4vodne striktne zamietav\u00e9 stanovisko, a to bez odborn\u00fdch podkladov. Svoje kroky nevysvet\u013euje, ich objasnenie [&hellip;]\" \/>\n<meta property=\"og:url\" content=\"https:\/\/www.smedemokrati.sk\/en\/postup-ministra-saska-ohladom-spalovne-pri-dudinciach-je-neakceptovatelny-podavame-interpelaciu\/\" \/>\n<meta property=\"og:site_name\" content=\"Smedemokrati.sk\" \/>\n<meta property=\"article:publisher\" content=\"https:\/\/www.facebook.com\/smedemokrati2023\" \/>\n<meta property=\"article:published_time\" content=\"2025-02-25T16:27:18+00:00\" \/>\n<meta property=\"article:modified_time\" content=\"2025-02-25T16:27:19+00:00\" \/>\n<meta property=\"og:image\" content=\"https:\/\/www.smedemokrati.sk\/wp-content\/uploads\/2025\/02\/sasko.jpg\" \/>\n\t<meta property=\"og:image:width\" content=\"703\" \/>\n\t<meta property=\"og:image:height\" content=\"440\" \/>\n\t<meta property=\"og:image:type\" content=\"image\/jpeg\" \/>\n<meta name=\"author\" content=\"miro.sopko\" \/>\n<meta name=\"twitter:card\" content=\"summary_large_image\" \/>\n<meta name=\"twitter:label1\" content=\"Written by\" \/>\n\t<meta name=\"twitter:data1\" content=\"miro.sopko\" \/>\n\t<meta name=\"twitter:label2\" content=\"Est. reading time\" \/>\n\t<meta name=\"twitter:data2\" content=\"3 minutes\" \/>\n<script type=\"application\/ld+json\" class=\"yoast-schema-graph\">{\"@context\":\"https:\/\/schema.org\",\"@graph\":[{\"@type\":\"Article\",\"@id\":\"https:\/\/www.smedemokrati.sk\/postup-ministra-saska-ohladom-spalovne-pri-dudinciach-je-neakceptovatelny-podavame-interpelaciu\/#article\",\"isPartOf\":{\"@id\":\"https:\/\/www.smedemokrati.sk\/postup-ministra-saska-ohladom-spalovne-pri-dudinciach-je-neakceptovatelny-podavame-interpelaciu\/\"},\"author\":{\"name\":\"miro.sopko\",\"@id\":\"https:\/\/www.smedemokrati.sk\/#\/schema\/person\/21f147c88d605aa7ded900e1e7c344ba\"},\"headline\":\"Postup ministra \u0160a\u0161ka oh\u013eadom spa\u013eovne pri Dudinciach je neakceptovate\u013en\u00fd, pod\u00e1vame interpel\u00e1ciu\",\"datePublished\":\"2025-02-25T16:27:18+00:00\",\"dateModified\":\"2025-02-25T16:27:19+00:00\",\"mainEntityOfPage\":{\"@id\":\"https:\/\/www.smedemokrati.sk\/postup-ministra-saska-ohladom-spalovne-pri-dudinciach-je-neakceptovatelny-podavame-interpelaciu\/\"},\"wordCount\":700,\"publisher\":{\"@id\":\"https:\/\/www.smedemokrati.sk\/#organization\"},\"image\":{\"@id\":\"https:\/\/www.smedemokrati.sk\/postup-ministra-saska-ohladom-spalovne-pri-dudinciach-je-neakceptovatelny-podavame-interpelaciu\/#primaryimage\"},\"thumbnailUrl\":\"https:\/\/www.smedemokrati.sk\/wp-content\/uploads\/2025\/02\/sasko.jpg\",\"articleSection\":[\"Tla\u010dov\u00e9 spr\u00e1vy\"],\"inLanguage\":\"en-US\"},{\"@type\":\"WebPage\",\"@id\":\"https:\/\/www.smedemokrati.sk\/postup-ministra-saska-ohladom-spalovne-pri-dudinciach-je-neakceptovatelny-podavame-interpelaciu\/\",\"url\":\"https:\/\/www.smedemokrati.sk\/postup-ministra-saska-ohladom-spalovne-pri-dudinciach-je-neakceptovatelny-podavame-interpelaciu\/\",\"name\":\"Postup ministra \u0160a\u0161ka oh\u013eadom spa\u013eovne pri Dudinciach je neakceptovate\u013en\u00fd, pod\u00e1vame interpel\u00e1ciu\",\"isPartOf\":{\"@id\":\"https:\/\/www.smedemokrati.sk\/#website\"},\"primaryImageOfPage\":{\"@id\":\"https:\/\/www.smedemokrati.sk\/postup-ministra-saska-ohladom-spalovne-pri-dudinciach-je-neakceptovatelny-podavame-interpelaciu\/#primaryimage\"},\"image\":{\"@id\":\"https:\/\/www.smedemokrati.sk\/postup-ministra-saska-ohladom-spalovne-pri-dudinciach-je-neakceptovatelny-podavame-interpelaciu\/#primaryimage\"},\"thumbnailUrl\":\"https:\/\/www.smedemokrati.sk\/wp-content\/uploads\/2025\/02\/sasko.jpg\",\"datePublished\":\"2025-02-25T16:27:18+00:00\",\"dateModified\":\"2025-02-25T16:27:19+00:00\",\"breadcrumb\":{\"@id\":\"https:\/\/www.smedemokrati.sk\/postup-ministra-saska-ohladom-spalovne-pri-dudinciach-je-neakceptovatelny-podavame-interpelaciu\/#breadcrumb\"},\"inLanguage\":\"en-US\",\"potentialAction\":[{\"@type\":\"ReadAction\",\"target\":[\"https:\/\/www.smedemokrati.sk\/postup-ministra-saska-ohladom-spalovne-pri-dudinciach-je-neakceptovatelny-podavame-interpelaciu\/\"]}]},{\"@type\":\"ImageObject\",\"inLanguage\":\"en-US\",\"@id\":\"https:\/\/www.smedemokrati.sk\/postup-ministra-saska-ohladom-spalovne-pri-dudinciach-je-neakceptovatelny-podavame-interpelaciu\/#primaryimage\",\"url\":\"https:\/\/www.smedemokrati.sk\/wp-content\/uploads\/2025\/02\/sasko.jpg\",\"contentUrl\":\"https:\/\/www.smedemokrati.sk\/wp-content\/uploads\/2025\/02\/sasko.jpg\",\"width\":703,\"height\":440},{\"@type\":\"BreadcrumbList\",\"@id\":\"https:\/\/www.smedemokrati.sk\/postup-ministra-saska-ohladom-spalovne-pri-dudinciach-je-neakceptovatelny-podavame-interpelaciu\/#breadcrumb\",\"itemListElement\":[{\"@type\":\"ListItem\",\"position\":1,\"name\":\"Domovsk\u00e1 str\u00e1nka\",\"item\":\"https:\/\/www.smedemokrati.sk\/\"},{\"@type\":\"ListItem\",\"position\":2,\"name\":\"Postup ministra \u0160a\u0161ka oh\u013eadom spa\u013eovne pri Dudinciach je neakceptovate\u013en\u00fd, pod\u00e1vame interpel\u00e1ciu\"}]},{\"@type\":\"WebSite\",\"@id\":\"https:\/\/www.smedemokrati.sk\/#website\",\"url\":\"https:\/\/www.smedemokrati.sk\/\",\"name\":\"Smedemokrati.sk\",\"description\":\"Demokracia a slu\u0161nos\u0165 zv\u00ed\u0165az\u00ed\",\"publisher\":{\"@id\":\"https:\/\/www.smedemokrati.sk\/#organization\"},\"potentialAction\":[{\"@type\":\"SearchAction\",\"target\":{\"@type\":\"EntryPoint\",\"urlTemplate\":\"https:\/\/www.smedemokrati.sk\/?s={search_term_string}\"},\"query-input\":{\"@type\":\"PropertyValueSpecification\",\"valueRequired\":true,\"valueName\":\"search_term_string\"}}],\"inLanguage\":\"en-US\"},{\"@type\":\"Organization\",\"@id\":\"https:\/\/www.smedemokrati.sk\/#organization\",\"name\":\"Smedemokrati.sk\",\"url\":\"https:\/\/www.smedemokrati.sk\/\",\"logo\":{\"@type\":\"ImageObject\",\"inLanguage\":\"en-US\",\"@id\":\"https:\/\/www.smedemokrati.sk\/#\/schema\/logo\/image\/\",\"url\":\"https:\/\/www.smedemokrati.sk\/wp-content\/uploads\/2023\/04\/ff.002.jpeg\",\"contentUrl\":\"https:\/\/www.smedemokrati.sk\/wp-content\/uploads\/2023\/04\/ff.002.jpeg\",\"width\":640,\"height\":480,\"caption\":\"Smedemokrati.sk\"},\"image\":{\"@id\":\"https:\/\/www.smedemokrati.sk\/#\/schema\/logo\/image\/\"},\"sameAs\":[\"https:\/\/www.facebook.com\/smedemokrati2023\"]},{\"@type\":\"Person\",\"@id\":\"https:\/\/www.smedemokrati.sk\/#\/schema\/person\/21f147c88d605aa7ded900e1e7c344ba\",\"name\":\"miro.sopko\",\"image\":{\"@type\":\"ImageObject\",\"inLanguage\":\"en-US\",\"@id\":\"https:\/\/secure.gravatar.com\/avatar\/267e4a36f704376c109afe3a78740c1f5dd8675a2180a908699e7863c9247606?s=96&d=mm&r=g\",\"url\":\"https:\/\/secure.gravatar.com\/avatar\/267e4a36f704376c109afe3a78740c1f5dd8675a2180a908699e7863c9247606?s=96&d=mm&r=g\",\"contentUrl\":\"https:\/\/secure.gravatar.com\/avatar\/267e4a36f704376c109afe3a78740c1f5dd8675a2180a908699e7863c9247606?s=96&d=mm&r=g\",\"caption\":\"miro.sopko\"},\"url\":\"https:\/\/www.smedemokrati.sk\/en\/author\/miro-sopko\/\"}]}<\/script>\n<!-- \/ Yoast SEO plugin. -->","yoast_head_json":{"title":"Postup ministra \u0160a\u0161ka oh\u013eadom spa\u013eovne pri Dudinciach je neakceptovate\u013en\u00fd, pod\u00e1vame interpel\u00e1ciu","robots":{"index":"index","follow":"follow","max-snippet":"max-snippet:-1","max-image-preview":"max-image-preview:large","max-video-preview":"max-video-preview:-1"},"canonical":"https:\/\/www.smedemokrati.sk\/en\/postup-ministra-saska-ohladom-spalovne-pri-dudinciach-je-neakceptovatelny-podavame-interpelaciu\/","og_locale":"en_US","og_type":"article","og_title":"[:sk]Postup ministra \u0160a\u0161ka oh\u013eadom spa\u013eovne pri Dudinciach je neakceptovate\u013en\u00fd, pod\u00e1vame interpel\u00e1ciu[:] - Smedemokrati.sk","og_description":"Minister zdravotn\u00edctva Kamil \u0160a\u0161ko (HLAS-SD) pretl\u00e1\u010da v\u00fdstavbu spa\u013eovne pri Dudinciach na \u00fakor ochrany vz\u00e1cnych lie\u010div\u00fdch prame\u0148ov a miestnych k\u00fape\u013eov. Pri \u0161okuj\u00facej zmene vyhl\u00e1\u0161ky o ich ochrann\u00fdch p\u00e1smach dokonca poru\u0161il pravidl\u00e1 legislat\u00edvneho procesu. \u0160t\u00e1tna k\u00fape\u013en\u00e1 komisia v jeho gescii \u010falej zmenila svoje p\u00f4vodne striktne zamietav\u00e9 stanovisko, a to bez odborn\u00fdch podkladov. Svoje kroky nevysvet\u013euje, ich objasnenie [&hellip;]","og_url":"https:\/\/www.smedemokrati.sk\/en\/postup-ministra-saska-ohladom-spalovne-pri-dudinciach-je-neakceptovatelny-podavame-interpelaciu\/","og_site_name":"Smedemokrati.sk","article_publisher":"https:\/\/www.facebook.com\/smedemokrati2023","article_published_time":"2025-02-25T16:27:18+00:00","article_modified_time":"2025-02-25T16:27:19+00:00","og_image":[{"width":703,"height":440,"url":"https:\/\/www.smedemokrati.sk\/wp-content\/uploads\/2025\/02\/sasko.jpg","type":"image\/jpeg"}],"author":"miro.sopko","twitter_card":"summary_large_image","twitter_misc":{"Written by":"miro.sopko","Est. reading time":"3 minutes"},"schema":{"@context":"https:\/\/schema.org","@graph":[{"@type":"Article","@id":"https:\/\/www.smedemokrati.sk\/postup-ministra-saska-ohladom-spalovne-pri-dudinciach-je-neakceptovatelny-podavame-interpelaciu\/#article","isPartOf":{"@id":"https:\/\/www.smedemokrati.sk\/postup-ministra-saska-ohladom-spalovne-pri-dudinciach-je-neakceptovatelny-podavame-interpelaciu\/"},"author":{"name":"miro.sopko","@id":"https:\/\/www.smedemokrati.sk\/#\/schema\/person\/21f147c88d605aa7ded900e1e7c344ba"},"headline":"Postup ministra \u0160a\u0161ka oh\u013eadom spa\u013eovne pri Dudinciach je neakceptovate\u013en\u00fd, pod\u00e1vame interpel\u00e1ciu","datePublished":"2025-02-25T16:27:18+00:00","dateModified":"2025-02-25T16:27:19+00:00","mainEntityOfPage":{"@id":"https:\/\/www.smedemokrati.sk\/postup-ministra-saska-ohladom-spalovne-pri-dudinciach-je-neakceptovatelny-podavame-interpelaciu\/"},"wordCount":700,"publisher":{"@id":"https:\/\/www.smedemokrati.sk\/#organization"},"image":{"@id":"https:\/\/www.smedemokrati.sk\/postup-ministra-saska-ohladom-spalovne-pri-dudinciach-je-neakceptovatelny-podavame-interpelaciu\/#primaryimage"},"thumbnailUrl":"https:\/\/www.smedemokrati.sk\/wp-content\/uploads\/2025\/02\/sasko.jpg","articleSection":["Tla\u010dov\u00e9 spr\u00e1vy"],"inLanguage":"en-US"},{"@type":"WebPage","@id":"https:\/\/www.smedemokrati.sk\/postup-ministra-saska-ohladom-spalovne-pri-dudinciach-je-neakceptovatelny-podavame-interpelaciu\/","url":"https:\/\/www.smedemokrati.sk\/postup-ministra-saska-ohladom-spalovne-pri-dudinciach-je-neakceptovatelny-podavame-interpelaciu\/","name":"Postup ministra \u0160a\u0161ka oh\u013eadom spa\u013eovne pri Dudinciach je neakceptovate\u013en\u00fd, pod\u00e1vame interpel\u00e1ciu","isPartOf":{"@id":"https:\/\/www.smedemokrati.sk\/#website"},"primaryImageOfPage":{"@id":"https:\/\/www.smedemokrati.sk\/postup-ministra-saska-ohladom-spalovne-pri-dudinciach-je-neakceptovatelny-podavame-interpelaciu\/#primaryimage"},"image":{"@id":"https:\/\/www.smedemokrati.sk\/postup-ministra-saska-ohladom-spalovne-pri-dudinciach-je-neakceptovatelny-podavame-interpelaciu\/#primaryimage"},"thumbnailUrl":"https:\/\/www.smedemokrati.sk\/wp-content\/uploads\/2025\/02\/sasko.jpg","datePublished":"2025-02-25T16:27:18+00:00","dateModified":"2025-02-25T16:27:19+00:00","breadcrumb":{"@id":"https:\/\/www.smedemokrati.sk\/postup-ministra-saska-ohladom-spalovne-pri-dudinciach-je-neakceptovatelny-podavame-interpelaciu\/#breadcrumb"},"inLanguage":"en-US","potentialAction":[{"@type":"ReadAction","target":["https:\/\/www.smedemokrati.sk\/postup-ministra-saska-ohladom-spalovne-pri-dudinciach-je-neakceptovatelny-podavame-interpelaciu\/"]}]},{"@type":"ImageObject","inLanguage":"en-US","@id":"https:\/\/www.smedemokrati.sk\/postup-ministra-saska-ohladom-spalovne-pri-dudinciach-je-neakceptovatelny-podavame-interpelaciu\/#primaryimage","url":"https:\/\/www.smedemokrati.sk\/wp-content\/uploads\/2025\/02\/sasko.jpg","contentUrl":"https:\/\/www.smedemokrati.sk\/wp-content\/uploads\/2025\/02\/sasko.jpg","width":703,"height":440},{"@type":"BreadcrumbList","@id":"https:\/\/www.smedemokrati.sk\/postup-ministra-saska-ohladom-spalovne-pri-dudinciach-je-neakceptovatelny-podavame-interpelaciu\/#breadcrumb","itemListElement":[{"@type":"ListItem","position":1,"name":"Domovsk\u00e1 str\u00e1nka","item":"https:\/\/www.smedemokrati.sk\/"},{"@type":"ListItem","position":2,"name":"Postup ministra \u0160a\u0161ka oh\u013eadom spa\u013eovne pri Dudinciach je neakceptovate\u013en\u00fd, pod\u00e1vame interpel\u00e1ciu"}]},{"@type":"WebSite","@id":"https:\/\/www.smedemokrati.sk\/#website","url":"https:\/\/www.smedemokrati.sk\/","name":"Smedemokrati.sk","description":"Demokracia a slu\u0161nos\u0165 zv\u00ed\u0165az\u00ed","publisher":{"@id":"https:\/\/www.smedemokrati.sk\/#organization"},"potentialAction":[{"@type":"SearchAction","target":{"@type":"EntryPoint","urlTemplate":"https:\/\/www.smedemokrati.sk\/?s={search_term_string}"},"query-input":{"@type":"PropertyValueSpecification","valueRequired":true,"valueName":"search_term_string"}}],"inLanguage":"en-US"},{"@type":"Organization","@id":"https:\/\/www.smedemokrati.sk\/#organization","name":"Smedemokrati.sk","url":"https:\/\/www.smedemokrati.sk\/","logo":{"@type":"ImageObject","inLanguage":"en-US","@id":"https:\/\/www.smedemokrati.sk\/#\/schema\/logo\/image\/","url":"https:\/\/www.smedemokrati.sk\/wp-content\/uploads\/2023\/04\/ff.002.jpeg","contentUrl":"https:\/\/www.smedemokrati.sk\/wp-content\/uploads\/2023\/04\/ff.002.jpeg","width":640,"height":480,"caption":"Smedemokrati.sk"},"image":{"@id":"https:\/\/www.smedemokrati.sk\/#\/schema\/logo\/image\/"},"sameAs":["https:\/\/www.facebook.com\/smedemokrati2023"]},{"@type":"Person","@id":"https:\/\/www.smedemokrati.sk\/#\/schema\/person\/21f147c88d605aa7ded900e1e7c344ba","name":"miro.sopko","image":{"@type":"ImageObject","inLanguage":"en-US","@id":"https:\/\/secure.gravatar.com\/avatar\/267e4a36f704376c109afe3a78740c1f5dd8675a2180a908699e7863c9247606?s=96&d=mm&r=g","url":"https:\/\/secure.gravatar.com\/avatar\/267e4a36f704376c109afe3a78740c1f5dd8675a2180a908699e7863c9247606?s=96&d=mm&r=g","contentUrl":"https:\/\/secure.gravatar.com\/avatar\/267e4a36f704376c109afe3a78740c1f5dd8675a2180a908699e7863c9247606?s=96&d=mm&r=g","caption":"miro.sopko"},"url":"https:\/\/www.smedemokrati.sk\/en\/author\/miro-sopko\/"}]}},"_links":{"self":[{"href":"https:\/\/www.smedemokrati.sk\/en\/wp-json\/wp\/v2\/posts\/6484","targetHints":{"allow":["GET"]}}],"collection":[{"href":"https:\/\/www.smedemokrati.sk\/en\/wp-json\/wp\/v2\/posts"}],"about":[{"href":"https:\/\/www.smedemokrati.sk\/en\/wp-json\/wp\/v2\/types\/post"}],"author":[{"embeddable":true,"href":"https:\/\/www.smedemokrati.sk\/en\/wp-json\/wp\/v2\/users\/13"}],"replies":[{"embeddable":true,"href":"https:\/\/www.smedemokrati.sk\/en\/wp-json\/wp\/v2\/comments?post=6484"}],"version-history":[{"count":1,"href":"https:\/\/www.smedemokrati.sk\/en\/wp-json\/wp\/v2\/posts\/6484\/revisions"}],"predecessor-version":[{"id":6487,"href":"https:\/\/www.smedemokrati.sk\/en\/wp-json\/wp\/v2\/posts\/6484\/revisions\/6487"}],"wp:featuredmedia":[{"embeddable":true,"href":"https:\/\/www.smedemokrati.sk\/en\/wp-json\/wp\/v2\/media\/6486"}],"wp:attachment":[{"href":"https:\/\/www.smedemokrati.sk\/en\/wp-json\/wp\/v2\/media?parent=6484"}],"wp:term":[{"taxonomy":"category","embeddable":true,"href":"https:\/\/www.smedemokrati.sk\/en\/wp-json\/wp\/v2\/categories?post=6484"},{"taxonomy":"post_tag","embeddable":true,"href":"https:\/\/www.smedemokrati.sk\/en\/wp-json\/wp\/v2\/tags?post=6484"}],"curies":[{"name":"wp","href":"https:\/\/api.w.org\/{rel}","templated":true}]}}