{"id":6461,"date":"2025-02-21T12:54:08","date_gmt":"2025-02-21T11:54:08","guid":{"rendered":"https:\/\/www.smedemokrati.sk\/?p=6461"},"modified":"2025-02-21T12:54:09","modified_gmt":"2025-02-21T11:54:09","slug":"velka-maca-toto-miesto-je-obzalobou-statu","status":"publish","type":"post","link":"https:\/\/www.smedemokrati.sk\/en\/velka-maca-toto-miesto-je-obzalobou-statu\/","title":{"rendered":"Ve\u013ek\u00e1 Ma\u010da: Toto miesto je ob\u017ealobou \u0161t\u00e1tu!"},"content":{"rendered":"<div id=\"fb-root\"><\/div>\n\n<p><strong>J\u00e1na a Martinu zabil prehnit\u00fd syst\u00e9m s politick\u00fdm pozad\u00edm, ktor\u00fd sa derie sp\u00e4\u0165. Demokrati pri pr\u00edle\u017eitosti siedmeho v\u00fdro\u010dia vra\u017edy dvoch nevinn\u00fdch vyzvali Petra Pellegriniho aby ani neuva\u017eoval nad amnestiami alebo milos\u0165ou pre t\u00fdch, ktor\u00ed s\u00fa akoko\u013evek sp\u00e4t\u00ed s t\u00fdmto ohavn\u00fdm zlo\u010dinom.<\/strong><\/p>\n\n\n\n<p><em><em>\u201e<\/em>Vyjadrujeme hlbok\u00fa \u00factu a skl\u00e1\u0148ame sa pred pamiatkou J\u00e1na a Martiny. Pred siedmimi rokmi \u0161t\u00e1t absol\u00fatne zlyhal pri obhajobe a ochrane novin\u00e1rov a t\u00fdch, ktor\u00ed br\u00e1nia bytostn\u00e9 z\u00e1ujmy na\u0161ej krajiny. A tie z\u00e1ujmy s\u00fa sloboda slova, boj proti korupcii, vl\u00e1da z\u00e1kona. Preto je miesto zbabel\u00e9ho zlo\u010dinu vo Ve\u013ekej Ma\u010di miestom ob\u017ealoby \u0161t\u00e1tu. \u013dudia s ktor\u00fdmi si Ko\u010dner p\u00edsal alebo sa s n\u00edm stret\u00e1vali, s\u00fa dnes zrazu ctihodn\u00ed ob\u010dania. S\u00fa vo verejn\u00fdch funkci\u00e1ch, s\u00fadia a tv\u00e1ria sa, \u017ee sa ich minulos\u0165 net\u00fdka, ale t\u00fdka a my na nich nezab\u00fadame. Pre\u010do dnes ml\u010d\u00ed S\u00fadna rada, ke\u010f st\u00e1le nie je vyt\u00fd\u010den\u00e9 pojedn\u00e1vanie pri odvolan\u00ed proti rozhodnutiu \u0160pecializovan\u00e9ho trestn\u00e9ho s\u00fadu, pre\u010do sa st\u00e1le nerozhodlo o dovolan\u00ed Ko\u010dnera? Na \u010do sa \u010dak\u00e1? Kritika verejn\u00fdch prejavov zaznieva \u010dasto, ale absencia rozhodnut\u00ed, pri tom je ticho. Sedem rokov a vra\u017eda J\u00e1na a Martiny st\u00e1le nie je uzatvoren\u00e1.&#8221;<\/em>\u00a0Povedal podpredseda Demokratov Juraj \u0160eliga a dodal, \u017ee ako spolo\u010dnos\u0165 nesmieme rezignova\u0165 na pravdu a vzda\u0165 sa spr\u00e1vnych ide\u00e1lov a hodn\u00f4t.\u00a0<\/p>\n\n\n\n<p><em><em>\u201e<\/em>Zab\u00edjal syst\u00e9m a ten sa vr\u00e1til sp\u00e4\u0165. Zru\u0161enie \u00daradu \u0161peci\u00e1lnej prokurat\u00fary na nieko\u013eko rokov oddialilo vy\u0161etrenie vra\u017edy, ktor\u00e1 ani po siedmich rokoch nie je kompletne objasnen\u00e1. Pre\u010do Fico a Pellegrini urobili kroky, ktor\u00e9 br\u00e1nia spravodlivosti? Vyz\u00fdvam Petra Pellegriniho aby len neuva\u017eoval o tom, \u017ee udel\u00ed amnestie alebo milos\u0165 pre t\u00fdch, ktor\u00ed maj\u00fa \u010do do\u010dinenia s vra\u017edou alebo s\u00fa dnes ods\u00faden\u00ed za in\u00e9 ekonomick\u00e9 trestn\u00e9 \u010diny. Preto\u017ee tak, ako s\u013eubovali, \u017ee nezru\u0161ia \u0161peci\u00e1lnu prokurat\u00faru a spravili to, ich skutky preukazuj\u00fa, \u017ee sa im ned\u00e1 veri\u0165.&#8221;\u00a0<\/em>Povedal Jaroslav Na\u010f, predseda strany Demokrati.\u00a0<\/p>\n\n\n\n<p>Eduard Heger vyzdvihuje, \u017ee J\u00e1n Kuciak vo svojej pr\u00e1ci tvrdenia v\u017edy podkladal faktami a pr\u00e1ve na pravdu by sme pod\u013ea expremi\u00e9ra nemali rezignova\u0165:\u00a0<em>\u201eV dne\u0161nej dobe klamstiev a populistov, kedy sa pravda nahr\u00e1dza klamstvami je vytrvalos\u0165 a obhajoby pravdy, jedn\u00fdm z najd\u00f4le\u017eitej\u0161\u00edm odkazom stra\u0161n\u00e9ho \u010dinu, ktor\u00fd otriasol Slovenskom. \u0160\u00edrme tento odkaz \u010falej, bu\u010fme odv\u00e1\u017eni a nevzd\u00e1vajme sa.&#8221;<\/em><\/p>\n\n\n<div class=\"fb-video\" data-href=\"https:\/\/fb.watch\/xU148r2Hcf\" data-allowfullscreen=\"true\" data-autoplay=\"false\" data-width=\"\" data-show-text=\"false\" data-show-captions=\"true\"><\/div>\n","protected":false},"excerpt":{"rendered":"<p>J\u00e1na a Martinu zabil prehnit\u00fd syst\u00e9m s politick\u00fdm pozad\u00edm, ktor\u00fd sa derie sp\u00e4\u0165. Demokrati pri pr\u00edle\u017eitosti siedmeho v\u00fdro\u010dia vra\u017edy dvoch nevinn\u00fdch vyzvali Petra Pellegriniho aby ani neuva\u017eoval nad amnestiami alebo milos\u0165ou pre t\u00fdch, ktor\u00ed s\u00fa akoko\u013evek sp\u00e4t\u00ed s t\u00fdmto ohavn\u00fdm zlo\u010dinom. \u201eVyjadrujeme hlbok\u00fa \u00factu a skl\u00e1\u0148ame sa pred pamiatkou J\u00e1na a Martiny. Pred siedmimi rokmi [&hellip;]<\/p>\n","protected":false},"author":13,"featured_media":6463,"comment_status":"closed","ping_status":"closed","sticky":false,"template":"","format":"standard","meta":{"_acf_changed":false,"ngg_post_thumbnail":0,"footnotes":""},"categories":[4],"tags":[],"class_list":["post-6461","post","type-post","status-publish","format-standard","has-post-thumbnail","hentry","category-tlacove-spravy"],"acf":[],"yoast_head":"<!-- This site is optimized with the Yoast SEO plugin v27.2 - https:\/\/yoast.com\/product\/yoast-seo-wordpress\/ -->\n<title>Ve\u013ek\u00e1 Ma\u010da: Toto miesto je ob\u017ealobou \u0161t\u00e1tu!<\/title>\n<meta name=\"robots\" content=\"index, follow, max-snippet:-1, max-image-preview:large, max-video-preview:-1\" \/>\n<link rel=\"canonical\" href=\"https:\/\/www.smedemokrati.sk\/en\/velka-maca-toto-miesto-je-obzalobou-statu\/\" \/>\n<meta property=\"og:locale\" content=\"en_US\" \/>\n<meta property=\"og:locale:alternate\" content=\"cs_CZ\" \/>\n<meta property=\"og:locale:alternate\" content=\"hu_HU\" \/>\n<meta property=\"og:locale:alternate\" content=\"sk_SK\" \/>\n<meta property=\"og:locale:alternate\" content=\"sv_SE\" \/>\n<meta property=\"og:type\" content=\"article\" \/>\n<meta property=\"og:title\" content=\"Ve\u013ek\u00e1 Ma\u010da: Toto miesto je ob\u017ealobou \u0161t\u00e1tu!\" \/>\n<meta property=\"og:description\" content=\"J\u00e1na a Martinu zabil prehnit\u00fd syst\u00e9m s politick\u00fdm pozad\u00edm, ktor\u00fd sa derie sp\u00e4\u0165. Demokrati pri pr\u00edle\u017eitosti siedmeho v\u00fdro\u010dia vra\u017edy dvoch nevinn\u00fdch vyzvali Petra Pellegriniho aby ani neuva\u017eoval nad amnestiami alebo milos\u0165ou pre t\u00fdch, ktor\u00ed s\u00fa akoko\u013evek sp\u00e4t\u00ed s t\u00fdmto ohavn\u00fdm zlo\u010dinom. \u201eVyjadrujeme hlbok\u00fa \u00factu a skl\u00e1\u0148ame sa pred pamiatkou J\u00e1na a Martiny. Pred siedmimi rokmi [&hellip;]\" \/>\n<meta property=\"og:url\" content=\"https:\/\/www.smedemokrati.sk\/en\/velka-maca-toto-miesto-je-obzalobou-statu\/\" \/>\n<meta property=\"og:site_name\" content=\"Smedemokrati.sk\" \/>\n<meta property=\"article:publisher\" content=\"https:\/\/www.facebook.com\/smedemokrati2023\" \/>\n<meta property=\"article:published_time\" content=\"2025-02-21T11:54:08+00:00\" \/>\n<meta property=\"article:modified_time\" content=\"2025-02-21T11:54:09+00:00\" \/>\n<meta property=\"og:image\" content=\"https:\/\/www.smedemokrati.sk\/wp-content\/uploads\/2025\/02\/velka_maca.jpg\" \/>\n\t<meta property=\"og:image:width\" content=\"807\" \/>\n\t<meta property=\"og:image:height\" content=\"405\" \/>\n\t<meta property=\"og:image:type\" content=\"image\/jpeg\" \/>\n<meta name=\"author\" content=\"miro.sopko\" \/>\n<meta name=\"twitter:card\" content=\"summary_large_image\" \/>\n<meta name=\"twitter:label1\" content=\"Written by\" \/>\n\t<meta name=\"twitter:data1\" content=\"miro.sopko\" \/>\n\t<meta name=\"twitter:label2\" content=\"Est. reading time\" \/>\n\t<meta name=\"twitter:data2\" content=\"2 minutes\" \/>\n<script type=\"application\/ld+json\" class=\"yoast-schema-graph\">{\"@context\":\"https:\/\/schema.org\",\"@graph\":[{\"@type\":\"Article\",\"@id\":\"https:\/\/www.smedemokrati.sk\/velka-maca-toto-miesto-je-obzalobou-statu\/#article\",\"isPartOf\":{\"@id\":\"https:\/\/www.smedemokrati.sk\/velka-maca-toto-miesto-je-obzalobou-statu\/\"},\"author\":{\"name\":\"miro.sopko\",\"@id\":\"https:\/\/www.smedemokrati.sk\/#\/schema\/person\/21f147c88d605aa7ded900e1e7c344ba\"},\"headline\":\"Ve\u013ek\u00e1 Ma\u010da: Toto miesto je ob\u017ealobou \u0161t\u00e1tu!\",\"datePublished\":\"2025-02-21T11:54:08+00:00\",\"dateModified\":\"2025-02-21T11:54:09+00:00\",\"mainEntityOfPage\":{\"@id\":\"https:\/\/www.smedemokrati.sk\/velka-maca-toto-miesto-je-obzalobou-statu\/\"},\"wordCount\":479,\"publisher\":{\"@id\":\"https:\/\/www.smedemokrati.sk\/#organization\"},\"image\":{\"@id\":\"https:\/\/www.smedemokrati.sk\/velka-maca-toto-miesto-je-obzalobou-statu\/#primaryimage\"},\"thumbnailUrl\":\"https:\/\/www.smedemokrati.sk\/wp-content\/uploads\/2025\/02\/velka_maca.jpg\",\"articleSection\":[\"Tla\u010dov\u00e9 spr\u00e1vy\"],\"inLanguage\":\"en-US\"},{\"@type\":\"WebPage\",\"@id\":\"https:\/\/www.smedemokrati.sk\/velka-maca-toto-miesto-je-obzalobou-statu\/\",\"url\":\"https:\/\/www.smedemokrati.sk\/velka-maca-toto-miesto-je-obzalobou-statu\/\",\"name\":\"Ve\u013ek\u00e1 Ma\u010da: Toto miesto je ob\u017ealobou \u0161t\u00e1tu!\",\"isPartOf\":{\"@id\":\"https:\/\/www.smedemokrati.sk\/#website\"},\"primaryImageOfPage\":{\"@id\":\"https:\/\/www.smedemokrati.sk\/velka-maca-toto-miesto-je-obzalobou-statu\/#primaryimage\"},\"image\":{\"@id\":\"https:\/\/www.smedemokrati.sk\/velka-maca-toto-miesto-je-obzalobou-statu\/#primaryimage\"},\"thumbnailUrl\":\"https:\/\/www.smedemokrati.sk\/wp-content\/uploads\/2025\/02\/velka_maca.jpg\",\"datePublished\":\"2025-02-21T11:54:08+00:00\",\"dateModified\":\"2025-02-21T11:54:09+00:00\",\"breadcrumb\":{\"@id\":\"https:\/\/www.smedemokrati.sk\/velka-maca-toto-miesto-je-obzalobou-statu\/#breadcrumb\"},\"inLanguage\":\"en-US\",\"potentialAction\":[{\"@type\":\"ReadAction\",\"target\":[\"https:\/\/www.smedemokrati.sk\/velka-maca-toto-miesto-je-obzalobou-statu\/\"]}]},{\"@type\":\"ImageObject\",\"inLanguage\":\"en-US\",\"@id\":\"https:\/\/www.smedemokrati.sk\/velka-maca-toto-miesto-je-obzalobou-statu\/#primaryimage\",\"url\":\"https:\/\/www.smedemokrati.sk\/wp-content\/uploads\/2025\/02\/velka_maca.jpg\",\"contentUrl\":\"https:\/\/www.smedemokrati.sk\/wp-content\/uploads\/2025\/02\/velka_maca.jpg\",\"width\":807,\"height\":405},{\"@type\":\"BreadcrumbList\",\"@id\":\"https:\/\/www.smedemokrati.sk\/velka-maca-toto-miesto-je-obzalobou-statu\/#breadcrumb\",\"itemListElement\":[{\"@type\":\"ListItem\",\"position\":1,\"name\":\"Domovsk\u00e1 str\u00e1nka\",\"item\":\"https:\/\/www.smedemokrati.sk\/\"},{\"@type\":\"ListItem\",\"position\":2,\"name\":\"Ve\u013ek\u00e1 Ma\u010da: Toto miesto je ob\u017ealobou \u0161t\u00e1tu!\"}]},{\"@type\":\"WebSite\",\"@id\":\"https:\/\/www.smedemokrati.sk\/#website\",\"url\":\"https:\/\/www.smedemokrati.sk\/\",\"name\":\"Smedemokrati.sk\",\"description\":\"Demokracia a slu\u0161nos\u0165 zv\u00ed\u0165az\u00ed\",\"publisher\":{\"@id\":\"https:\/\/www.smedemokrati.sk\/#organization\"},\"potentialAction\":[{\"@type\":\"SearchAction\",\"target\":{\"@type\":\"EntryPoint\",\"urlTemplate\":\"https:\/\/www.smedemokrati.sk\/?s={search_term_string}\"},\"query-input\":{\"@type\":\"PropertyValueSpecification\",\"valueRequired\":true,\"valueName\":\"search_term_string\"}}],\"inLanguage\":\"en-US\"},{\"@type\":\"Organization\",\"@id\":\"https:\/\/www.smedemokrati.sk\/#organization\",\"name\":\"Smedemokrati.sk\",\"url\":\"https:\/\/www.smedemokrati.sk\/\",\"logo\":{\"@type\":\"ImageObject\",\"inLanguage\":\"en-US\",\"@id\":\"https:\/\/www.smedemokrati.sk\/#\/schema\/logo\/image\/\",\"url\":\"https:\/\/www.smedemokrati.sk\/wp-content\/uploads\/2023\/04\/ff.002.jpeg\",\"contentUrl\":\"https:\/\/www.smedemokrati.sk\/wp-content\/uploads\/2023\/04\/ff.002.jpeg\",\"width\":640,\"height\":480,\"caption\":\"Smedemokrati.sk\"},\"image\":{\"@id\":\"https:\/\/www.smedemokrati.sk\/#\/schema\/logo\/image\/\"},\"sameAs\":[\"https:\/\/www.facebook.com\/smedemokrati2023\"]},{\"@type\":\"Person\",\"@id\":\"https:\/\/www.smedemokrati.sk\/#\/schema\/person\/21f147c88d605aa7ded900e1e7c344ba\",\"name\":\"miro.sopko\",\"image\":{\"@type\":\"ImageObject\",\"inLanguage\":\"en-US\",\"@id\":\"https:\/\/secure.gravatar.com\/avatar\/267e4a36f704376c109afe3a78740c1f5dd8675a2180a908699e7863c9247606?s=96&d=mm&r=g\",\"url\":\"https:\/\/secure.gravatar.com\/avatar\/267e4a36f704376c109afe3a78740c1f5dd8675a2180a908699e7863c9247606?s=96&d=mm&r=g\",\"contentUrl\":\"https:\/\/secure.gravatar.com\/avatar\/267e4a36f704376c109afe3a78740c1f5dd8675a2180a908699e7863c9247606?s=96&d=mm&r=g\",\"caption\":\"miro.sopko\"},\"url\":\"https:\/\/www.smedemokrati.sk\/en\/author\/miro-sopko\/\"}]}<\/script>\n<!-- \/ Yoast SEO plugin. -->","yoast_head_json":{"title":"Ve\u013ek\u00e1 Ma\u010da: Toto miesto je ob\u017ealobou \u0161t\u00e1tu!","robots":{"index":"index","follow":"follow","max-snippet":"max-snippet:-1","max-image-preview":"max-image-preview:large","max-video-preview":"max-video-preview:-1"},"canonical":"https:\/\/www.smedemokrati.sk\/en\/velka-maca-toto-miesto-je-obzalobou-statu\/","og_locale":"en_US","og_type":"article","og_title":"[:sk]Ve\u013ek\u00e1 Ma\u010da: Toto miesto je ob\u017ealobou \u0161t\u00e1tu![:] - Smedemokrati.sk","og_description":"J\u00e1na a Martinu zabil prehnit\u00fd syst\u00e9m s politick\u00fdm pozad\u00edm, ktor\u00fd sa derie sp\u00e4\u0165. Demokrati pri pr\u00edle\u017eitosti siedmeho v\u00fdro\u010dia vra\u017edy dvoch nevinn\u00fdch vyzvali Petra Pellegriniho aby ani neuva\u017eoval nad amnestiami alebo milos\u0165ou pre t\u00fdch, ktor\u00ed s\u00fa akoko\u013evek sp\u00e4t\u00ed s t\u00fdmto ohavn\u00fdm zlo\u010dinom. \u201eVyjadrujeme hlbok\u00fa \u00factu a skl\u00e1\u0148ame sa pred pamiatkou J\u00e1na a Martiny. Pred siedmimi rokmi [&hellip;]","og_url":"https:\/\/www.smedemokrati.sk\/en\/velka-maca-toto-miesto-je-obzalobou-statu\/","og_site_name":"Smedemokrati.sk","article_publisher":"https:\/\/www.facebook.com\/smedemokrati2023","article_published_time":"2025-02-21T11:54:08+00:00","article_modified_time":"2025-02-21T11:54:09+00:00","og_image":[{"width":807,"height":405,"url":"https:\/\/www.smedemokrati.sk\/wp-content\/uploads\/2025\/02\/velka_maca.jpg","type":"image\/jpeg"}],"author":"miro.sopko","twitter_card":"summary_large_image","twitter_misc":{"Written by":"miro.sopko","Est. reading time":"2 minutes"},"schema":{"@context":"https:\/\/schema.org","@graph":[{"@type":"Article","@id":"https:\/\/www.smedemokrati.sk\/velka-maca-toto-miesto-je-obzalobou-statu\/#article","isPartOf":{"@id":"https:\/\/www.smedemokrati.sk\/velka-maca-toto-miesto-je-obzalobou-statu\/"},"author":{"name":"miro.sopko","@id":"https:\/\/www.smedemokrati.sk\/#\/schema\/person\/21f147c88d605aa7ded900e1e7c344ba"},"headline":"Ve\u013ek\u00e1 Ma\u010da: Toto miesto je ob\u017ealobou \u0161t\u00e1tu!","datePublished":"2025-02-21T11:54:08+00:00","dateModified":"2025-02-21T11:54:09+00:00","mainEntityOfPage":{"@id":"https:\/\/www.smedemokrati.sk\/velka-maca-toto-miesto-je-obzalobou-statu\/"},"wordCount":479,"publisher":{"@id":"https:\/\/www.smedemokrati.sk\/#organization"},"image":{"@id":"https:\/\/www.smedemokrati.sk\/velka-maca-toto-miesto-je-obzalobou-statu\/#primaryimage"},"thumbnailUrl":"https:\/\/www.smedemokrati.sk\/wp-content\/uploads\/2025\/02\/velka_maca.jpg","articleSection":["Tla\u010dov\u00e9 spr\u00e1vy"],"inLanguage":"en-US"},{"@type":"WebPage","@id":"https:\/\/www.smedemokrati.sk\/velka-maca-toto-miesto-je-obzalobou-statu\/","url":"https:\/\/www.smedemokrati.sk\/velka-maca-toto-miesto-je-obzalobou-statu\/","name":"Ve\u013ek\u00e1 Ma\u010da: Toto miesto je ob\u017ealobou \u0161t\u00e1tu!","isPartOf":{"@id":"https:\/\/www.smedemokrati.sk\/#website"},"primaryImageOfPage":{"@id":"https:\/\/www.smedemokrati.sk\/velka-maca-toto-miesto-je-obzalobou-statu\/#primaryimage"},"image":{"@id":"https:\/\/www.smedemokrati.sk\/velka-maca-toto-miesto-je-obzalobou-statu\/#primaryimage"},"thumbnailUrl":"https:\/\/www.smedemokrati.sk\/wp-content\/uploads\/2025\/02\/velka_maca.jpg","datePublished":"2025-02-21T11:54:08+00:00","dateModified":"2025-02-21T11:54:09+00:00","breadcrumb":{"@id":"https:\/\/www.smedemokrati.sk\/velka-maca-toto-miesto-je-obzalobou-statu\/#breadcrumb"},"inLanguage":"en-US","potentialAction":[{"@type":"ReadAction","target":["https:\/\/www.smedemokrati.sk\/velka-maca-toto-miesto-je-obzalobou-statu\/"]}]},{"@type":"ImageObject","inLanguage":"en-US","@id":"https:\/\/www.smedemokrati.sk\/velka-maca-toto-miesto-je-obzalobou-statu\/#primaryimage","url":"https:\/\/www.smedemokrati.sk\/wp-content\/uploads\/2025\/02\/velka_maca.jpg","contentUrl":"https:\/\/www.smedemokrati.sk\/wp-content\/uploads\/2025\/02\/velka_maca.jpg","width":807,"height":405},{"@type":"BreadcrumbList","@id":"https:\/\/www.smedemokrati.sk\/velka-maca-toto-miesto-je-obzalobou-statu\/#breadcrumb","itemListElement":[{"@type":"ListItem","position":1,"name":"Domovsk\u00e1 str\u00e1nka","item":"https:\/\/www.smedemokrati.sk\/"},{"@type":"ListItem","position":2,"name":"Ve\u013ek\u00e1 Ma\u010da: Toto miesto je ob\u017ealobou \u0161t\u00e1tu!"}]},{"@type":"WebSite","@id":"https:\/\/www.smedemokrati.sk\/#website","url":"https:\/\/www.smedemokrati.sk\/","name":"Smedemokrati.sk","description":"Demokracia a slu\u0161nos\u0165 zv\u00ed\u0165az\u00ed","publisher":{"@id":"https:\/\/www.smedemokrati.sk\/#organization"},"potentialAction":[{"@type":"SearchAction","target":{"@type":"EntryPoint","urlTemplate":"https:\/\/www.smedemokrati.sk\/?s={search_term_string}"},"query-input":{"@type":"PropertyValueSpecification","valueRequired":true,"valueName":"search_term_string"}}],"inLanguage":"en-US"},{"@type":"Organization","@id":"https:\/\/www.smedemokrati.sk\/#organization","name":"Smedemokrati.sk","url":"https:\/\/www.smedemokrati.sk\/","logo":{"@type":"ImageObject","inLanguage":"en-US","@id":"https:\/\/www.smedemokrati.sk\/#\/schema\/logo\/image\/","url":"https:\/\/www.smedemokrati.sk\/wp-content\/uploads\/2023\/04\/ff.002.jpeg","contentUrl":"https:\/\/www.smedemokrati.sk\/wp-content\/uploads\/2023\/04\/ff.002.jpeg","width":640,"height":480,"caption":"Smedemokrati.sk"},"image":{"@id":"https:\/\/www.smedemokrati.sk\/#\/schema\/logo\/image\/"},"sameAs":["https:\/\/www.facebook.com\/smedemokrati2023"]},{"@type":"Person","@id":"https:\/\/www.smedemokrati.sk\/#\/schema\/person\/21f147c88d605aa7ded900e1e7c344ba","name":"miro.sopko","image":{"@type":"ImageObject","inLanguage":"en-US","@id":"https:\/\/secure.gravatar.com\/avatar\/267e4a36f704376c109afe3a78740c1f5dd8675a2180a908699e7863c9247606?s=96&d=mm&r=g","url":"https:\/\/secure.gravatar.com\/avatar\/267e4a36f704376c109afe3a78740c1f5dd8675a2180a908699e7863c9247606?s=96&d=mm&r=g","contentUrl":"https:\/\/secure.gravatar.com\/avatar\/267e4a36f704376c109afe3a78740c1f5dd8675a2180a908699e7863c9247606?s=96&d=mm&r=g","caption":"miro.sopko"},"url":"https:\/\/www.smedemokrati.sk\/en\/author\/miro-sopko\/"}]}},"_links":{"self":[{"href":"https:\/\/www.smedemokrati.sk\/en\/wp-json\/wp\/v2\/posts\/6461","targetHints":{"allow":["GET"]}}],"collection":[{"href":"https:\/\/www.smedemokrati.sk\/en\/wp-json\/wp\/v2\/posts"}],"about":[{"href":"https:\/\/www.smedemokrati.sk\/en\/wp-json\/wp\/v2\/types\/post"}],"author":[{"embeddable":true,"href":"https:\/\/www.smedemokrati.sk\/en\/wp-json\/wp\/v2\/users\/13"}],"replies":[{"embeddable":true,"href":"https:\/\/www.smedemokrati.sk\/en\/wp-json\/wp\/v2\/comments?post=6461"}],"version-history":[{"count":1,"href":"https:\/\/www.smedemokrati.sk\/en\/wp-json\/wp\/v2\/posts\/6461\/revisions"}],"predecessor-version":[{"id":6464,"href":"https:\/\/www.smedemokrati.sk\/en\/wp-json\/wp\/v2\/posts\/6461\/revisions\/6464"}],"wp:featuredmedia":[{"embeddable":true,"href":"https:\/\/www.smedemokrati.sk\/en\/wp-json\/wp\/v2\/media\/6463"}],"wp:attachment":[{"href":"https:\/\/www.smedemokrati.sk\/en\/wp-json\/wp\/v2\/media?parent=6461"}],"wp:term":[{"taxonomy":"category","embeddable":true,"href":"https:\/\/www.smedemokrati.sk\/en\/wp-json\/wp\/v2\/categories?post=6461"},{"taxonomy":"post_tag","embeddable":true,"href":"https:\/\/www.smedemokrati.sk\/en\/wp-json\/wp\/v2\/tags?post=6461"}],"curies":[{"name":"wp","href":"https:\/\/api.w.org\/{rel}","templated":true}]}}