{"id":6456,"date":"2025-02-20T12:15:59","date_gmt":"2025-02-20T11:15:59","guid":{"rendered":"https:\/\/www.smedemokrati.sk\/?p=6456"},"modified":"2025-02-20T12:16:00","modified_gmt":"2025-02-20T11:16:00","slug":"fico-musi-v-amerike-riesit-tieto-tri-zivotne-dolezite-temy-pre-slovensko","status":"publish","type":"post","link":"https:\/\/www.smedemokrati.sk\/en\/fico-musi-v-amerike-riesit-tieto-tri-zivotne-dolezite-temy-pre-slovensko\/","title":{"rendered":"Fico mus\u00ed v Amerike rie\u0161i\u0165 tieto tri \u017eivotne d\u00f4le\u017eit\u00e9 t\u00e9my pre Slovensko"},"content":{"rendered":"<div id=\"fb-root\"><\/div>\n\n<p><strong>Cl\u00e1 na automobily dov\u00e1\u017ean\u00e9 do USA z E\u00da, US Steel Ko\u0161ice a ot\u00e1zky obrany a bezpe\u010dnosti. To s\u00fa pod\u013ea Demokratov tri z\u00e1sadn\u00e9 t\u00e9my, o ktor\u00fdch mus\u00ed premi\u00e9r Fico rokova\u0165 s Trumpovou administrat\u00edvou. Strana kritizuje, \u017ee do dnes nie je zn\u00e1my program ofici\u00e1lnej n\u00e1v\u0161tevy Roberta Fica, ktor\u00e1 je hraden\u00e1 z pe\u0148az\u00ed n\u00e1s v\u0161etk\u00fdch.<\/strong><\/p>\n\n\n\n<p>Jaroslav Na\u010f sa p\u00fdta, ak\u00fd je program predsedu vl\u00e1dy v USA, preto\u017ee z dostupn\u00fdch inform\u00e1ci\u00ed nie je okrem kongresu Republik\u00e1nov jasn\u00e9, na ak\u00fdch podujatiach bude Robert Fico e\u0161te participova\u0165:\u00a0<em><em>\u201e<\/em>Komunista, ktor\u00fd do prihl\u00e1\u0161ky do KS\u010c nap\u00edsal, \u017ee chce vst\u00fapi\u0165 do strany lebo sa ner\u00e1d modl\u00ed, ide vyst\u00fapi\u0165 na kongrese strany, ktor\u00e1 sa ofici\u00e1lne otv\u00e1ra modlitbou. Svet je hore nohami. P\u00fdtam sa Roberta Fica, \u010do ide rie\u0161i\u0165 do USA? Ide poveda\u0165 do o\u010d\u00ed Donaldovi Trumpovi, \u017ee obrann\u00e1 dohoda s USA, ktor\u00fa s\u013euboval okam\u017eite po n\u00e1stupe roztrha\u0165 na franforce, bude vypovedan\u00e1?&#8221;<\/em>\u00a0Otv\u00e1ra t\u00e9mu Jaroslav Na\u010f a hovor\u00ed, \u017ee premi\u00e9r mus\u00ed rie\u0161i\u0165 v USA rozvoj slovensko-americk\u00fdch vz\u0165ahov v oblasti obrany a bezpe\u010dnosti.\u00a0<\/p>\n\n\n\n<p>Karel Hirmal exminister hospod\u00e1rstva a \u010dlen predsedn\u00edctva Demokratov hovor\u00ed, \u017ee druhou t\u00e9mou je uvalenie ciel na automobily dov\u00e1\u017ean\u00e9 do USA z E\u00da:<em>\u00a0<em>\u201e<\/em>Od 2. apr\u00edla maj\u00fa by\u0165 uvalen\u00e9 cl\u00e1 na \u00farovni 25%. Slovensko je najv\u00e4\u010d\u0161\u00edm export\u00e9rom \u00e1ut na severoamerick\u00fd trh. Zavedenie takto vysok\u00fdch ciel m\u00f4\u017ee polo\u017ei\u0165 niektor\u00e9 fabriky alebo ich subdod\u00e1vate\u013eov na kolen\u00e1, nehovoriac o tom, \u017ee to priamo ohroz\u00ed tis\u00edcky pracovn\u00fdch miest. Robert Fico mus\u00ed rokova\u0165 o z\u00e1ujmoch Slovenska a slovenskej ekonomiky.&#8221;\u00a0<\/em>\u010eal\u0161ou z\u00e1sadnou t\u00e9mou je pod\u013ea exministra bud\u00facnos\u0165 ko\u0161ick\u00fdch \u017eeleziarn\u00ed US Steel Ko\u0161ice.<em>\u00a0<em>\u201e<\/em>Ak ko\u0161ick\u00e9 \u017eeleziarne nedostan\u00fa jasn\u00e9ho vlastn\u00edka, ktor\u00fd by zabezpe\u010dil potrebn\u00fa moderniz\u00e1ciu a stabilitu fabriky, \u00fapadok, ktor\u00fd zasiahne okolo 8000 pracovn\u00edkov ale aj slovensk\u00fa ekonomiku, naberie de\u0161truk\u010dn\u00e9 tempo.&#8221;<\/em><\/p>\n\n\n\n<p>Juraj \u0160eliga kritizuje, \u017ee z inform\u00e1ci\u00ed, ktor\u00e9 s\u00fa nateraz dostupn\u00e9, ide Robert Fico rie\u0161i\u0165 op\u00e4\u0165 t\u00e9my, ktor\u00e9 re\u00e1lne nepom\u00f4\u017eu Slovensku:\u00a0<em>\u201eZ konferencie s konzervat\u00edvcami v USA sa Slov\u00e1ci nenajedia. Robert Fico ide rie\u0161i\u0165 op\u00e4\u0165 nezmyseln\u00e9 t\u00e9my, od vykop\u00e1vania vojnov\u00fdch sekier s liber\u00e1lmi a\u017e po \u010fal\u0161\u00edch vymyslen\u00fdch stra\u0161iakov. Aj cez poslanca Galka sa na zahrani\u010dnom v\u00fdbore budeme p\u00fdta\u0165 detaily cesty, o ktorej nevieme takmer ni\u010d, no ist\u00e9 je, \u017ee bude hraden\u00e1 z financi\u00ed n\u00e1s da\u0148ov\u00fdch poplatn\u00edkov.&#8221;\u00a0<\/em><\/p>\n\n\n<div class=\"fb-video\" data-href=\"https:\/\/fb.watch\/xSMD2VGpjY\" data-allowfullscreen=\"true\" data-autoplay=\"false\" data-width=\"\" data-show-text=\"false\" data-show-captions=\"true\"><\/div>\n","protected":false},"excerpt":{"rendered":"<p>Cl\u00e1 na automobily dov\u00e1\u017ean\u00e9 do USA z E\u00da, US Steel Ko\u0161ice a ot\u00e1zky obrany a bezpe\u010dnosti. To s\u00fa pod\u013ea Demokratov tri z\u00e1sadn\u00e9 t\u00e9my, o ktor\u00fdch mus\u00ed premi\u00e9r Fico rokova\u0165 s Trumpovou administrat\u00edvou. Strana kritizuje, \u017ee do dnes nie je zn\u00e1my program ofici\u00e1lnej n\u00e1v\u0161tevy Roberta Fica, ktor\u00e1 je hraden\u00e1 z pe\u0148az\u00ed n\u00e1s v\u0161etk\u00fdch. Jaroslav Na\u010f sa [&hellip;]<\/p>\n","protected":false},"author":13,"featured_media":6457,"comment_status":"closed","ping_status":"closed","sticky":false,"template":"","format":"standard","meta":{"_acf_changed":false,"ngg_post_thumbnail":0,"footnotes":""},"categories":[4],"tags":[],"class_list":["post-6456","post","type-post","status-publish","format-standard","has-post-thumbnail","hentry","category-tlacove-spravy"],"acf":[],"yoast_head":"<!-- This site is optimized with the Yoast SEO plugin v27.2 - https:\/\/yoast.com\/product\/yoast-seo-wordpress\/ -->\n<title>Fico mus\u00ed v Amerike rie\u0161i\u0165 tieto tri \u017eivotne d\u00f4le\u017eit\u00e9 t\u00e9my pre Slovensko<\/title>\n<meta name=\"robots\" content=\"index, follow, max-snippet:-1, max-image-preview:large, max-video-preview:-1\" \/>\n<link rel=\"canonical\" href=\"https:\/\/www.smedemokrati.sk\/en\/fico-musi-v-amerike-riesit-tieto-tri-zivotne-dolezite-temy-pre-slovensko\/\" \/>\n<meta property=\"og:locale\" content=\"en_US\" \/>\n<meta property=\"og:locale:alternate\" content=\"cs_CZ\" \/>\n<meta property=\"og:locale:alternate\" content=\"hu_HU\" \/>\n<meta property=\"og:locale:alternate\" content=\"sk_SK\" \/>\n<meta property=\"og:locale:alternate\" content=\"sv_SE\" \/>\n<meta property=\"og:type\" content=\"article\" \/>\n<meta property=\"og:title\" content=\"Fico mus\u00ed v Amerike rie\u0161i\u0165 tieto tri \u017eivotne d\u00f4le\u017eit\u00e9 t\u00e9my pre Slovensko\" \/>\n<meta property=\"og:description\" content=\"Cl\u00e1 na automobily dov\u00e1\u017ean\u00e9 do USA z E\u00da, US Steel Ko\u0161ice a ot\u00e1zky obrany a bezpe\u010dnosti. To s\u00fa pod\u013ea Demokratov tri z\u00e1sadn\u00e9 t\u00e9my, o ktor\u00fdch mus\u00ed premi\u00e9r Fico rokova\u0165 s Trumpovou administrat\u00edvou. Strana kritizuje, \u017ee do dnes nie je zn\u00e1my program ofici\u00e1lnej n\u00e1v\u0161tevy Roberta Fica, ktor\u00e1 je hraden\u00e1 z pe\u0148az\u00ed n\u00e1s v\u0161etk\u00fdch. Jaroslav Na\u010f sa [&hellip;]\" \/>\n<meta property=\"og:url\" content=\"https:\/\/www.smedemokrati.sk\/en\/fico-musi-v-amerike-riesit-tieto-tri-zivotne-dolezite-temy-pre-slovensko\/\" \/>\n<meta property=\"og:site_name\" content=\"Smedemokrati.sk\" \/>\n<meta property=\"article:publisher\" content=\"https:\/\/www.facebook.com\/smedemokrati2023\" \/>\n<meta property=\"article:published_time\" content=\"2025-02-20T11:15:59+00:00\" \/>\n<meta property=\"article:modified_time\" content=\"2025-02-20T11:16:00+00:00\" \/>\n<meta property=\"og:image\" content=\"https:\/\/www.smedemokrati.sk\/wp-content\/uploads\/2025\/02\/fico_usa.jpg\" \/>\n\t<meta property=\"og:image:width\" content=\"814\" \/>\n\t<meta property=\"og:image:height\" content=\"418\" \/>\n\t<meta property=\"og:image:type\" content=\"image\/jpeg\" \/>\n<meta name=\"author\" content=\"miro.sopko\" \/>\n<meta name=\"twitter:card\" content=\"summary_large_image\" \/>\n<meta name=\"twitter:label1\" content=\"Written by\" \/>\n\t<meta name=\"twitter:data1\" content=\"miro.sopko\" \/>\n\t<meta name=\"twitter:label2\" content=\"Est. reading time\" \/>\n\t<meta name=\"twitter:data2\" content=\"2 minutes\" \/>\n<script type=\"application\/ld+json\" class=\"yoast-schema-graph\">{\"@context\":\"https:\/\/schema.org\",\"@graph\":[{\"@type\":\"Article\",\"@id\":\"https:\/\/www.smedemokrati.sk\/fico-musi-v-amerike-riesit-tieto-tri-zivotne-dolezite-temy-pre-slovensko\/#article\",\"isPartOf\":{\"@id\":\"https:\/\/www.smedemokrati.sk\/fico-musi-v-amerike-riesit-tieto-tri-zivotne-dolezite-temy-pre-slovensko\/\"},\"author\":{\"name\":\"miro.sopko\",\"@id\":\"https:\/\/www.smedemokrati.sk\/#\/schema\/person\/21f147c88d605aa7ded900e1e7c344ba\"},\"headline\":\"Fico mus\u00ed v Amerike rie\u0161i\u0165 tieto tri \u017eivotne d\u00f4le\u017eit\u00e9 t\u00e9my pre Slovensko\",\"datePublished\":\"2025-02-20T11:15:59+00:00\",\"dateModified\":\"2025-02-20T11:16:00+00:00\",\"mainEntityOfPage\":{\"@id\":\"https:\/\/www.smedemokrati.sk\/fico-musi-v-amerike-riesit-tieto-tri-zivotne-dolezite-temy-pre-slovensko\/\"},\"wordCount\":470,\"publisher\":{\"@id\":\"https:\/\/www.smedemokrati.sk\/#organization\"},\"image\":{\"@id\":\"https:\/\/www.smedemokrati.sk\/fico-musi-v-amerike-riesit-tieto-tri-zivotne-dolezite-temy-pre-slovensko\/#primaryimage\"},\"thumbnailUrl\":\"https:\/\/www.smedemokrati.sk\/wp-content\/uploads\/2025\/02\/fico_usa.jpg\",\"articleSection\":[\"Tla\u010dov\u00e9 spr\u00e1vy\"],\"inLanguage\":\"en-US\"},{\"@type\":\"WebPage\",\"@id\":\"https:\/\/www.smedemokrati.sk\/fico-musi-v-amerike-riesit-tieto-tri-zivotne-dolezite-temy-pre-slovensko\/\",\"url\":\"https:\/\/www.smedemokrati.sk\/fico-musi-v-amerike-riesit-tieto-tri-zivotne-dolezite-temy-pre-slovensko\/\",\"name\":\"Fico mus\u00ed v Amerike rie\u0161i\u0165 tieto tri \u017eivotne d\u00f4le\u017eit\u00e9 t\u00e9my pre Slovensko\",\"isPartOf\":{\"@id\":\"https:\/\/www.smedemokrati.sk\/#website\"},\"primaryImageOfPage\":{\"@id\":\"https:\/\/www.smedemokrati.sk\/fico-musi-v-amerike-riesit-tieto-tri-zivotne-dolezite-temy-pre-slovensko\/#primaryimage\"},\"image\":{\"@id\":\"https:\/\/www.smedemokrati.sk\/fico-musi-v-amerike-riesit-tieto-tri-zivotne-dolezite-temy-pre-slovensko\/#primaryimage\"},\"thumbnailUrl\":\"https:\/\/www.smedemokrati.sk\/wp-content\/uploads\/2025\/02\/fico_usa.jpg\",\"datePublished\":\"2025-02-20T11:15:59+00:00\",\"dateModified\":\"2025-02-20T11:16:00+00:00\",\"breadcrumb\":{\"@id\":\"https:\/\/www.smedemokrati.sk\/fico-musi-v-amerike-riesit-tieto-tri-zivotne-dolezite-temy-pre-slovensko\/#breadcrumb\"},\"inLanguage\":\"en-US\",\"potentialAction\":[{\"@type\":\"ReadAction\",\"target\":[\"https:\/\/www.smedemokrati.sk\/fico-musi-v-amerike-riesit-tieto-tri-zivotne-dolezite-temy-pre-slovensko\/\"]}]},{\"@type\":\"ImageObject\",\"inLanguage\":\"en-US\",\"@id\":\"https:\/\/www.smedemokrati.sk\/fico-musi-v-amerike-riesit-tieto-tri-zivotne-dolezite-temy-pre-slovensko\/#primaryimage\",\"url\":\"https:\/\/www.smedemokrati.sk\/wp-content\/uploads\/2025\/02\/fico_usa.jpg\",\"contentUrl\":\"https:\/\/www.smedemokrati.sk\/wp-content\/uploads\/2025\/02\/fico_usa.jpg\",\"width\":814,\"height\":418},{\"@type\":\"BreadcrumbList\",\"@id\":\"https:\/\/www.smedemokrati.sk\/fico-musi-v-amerike-riesit-tieto-tri-zivotne-dolezite-temy-pre-slovensko\/#breadcrumb\",\"itemListElement\":[{\"@type\":\"ListItem\",\"position\":1,\"name\":\"Domovsk\u00e1 str\u00e1nka\",\"item\":\"https:\/\/www.smedemokrati.sk\/\"},{\"@type\":\"ListItem\",\"position\":2,\"name\":\"Fico mus\u00ed v Amerike rie\u0161i\u0165 tieto tri \u017eivotne d\u00f4le\u017eit\u00e9 t\u00e9my pre Slovensko\"}]},{\"@type\":\"WebSite\",\"@id\":\"https:\/\/www.smedemokrati.sk\/#website\",\"url\":\"https:\/\/www.smedemokrati.sk\/\",\"name\":\"Smedemokrati.sk\",\"description\":\"Demokracia a slu\u0161nos\u0165 zv\u00ed\u0165az\u00ed\",\"publisher\":{\"@id\":\"https:\/\/www.smedemokrati.sk\/#organization\"},\"potentialAction\":[{\"@type\":\"SearchAction\",\"target\":{\"@type\":\"EntryPoint\",\"urlTemplate\":\"https:\/\/www.smedemokrati.sk\/?s={search_term_string}\"},\"query-input\":{\"@type\":\"PropertyValueSpecification\",\"valueRequired\":true,\"valueName\":\"search_term_string\"}}],\"inLanguage\":\"en-US\"},{\"@type\":\"Organization\",\"@id\":\"https:\/\/www.smedemokrati.sk\/#organization\",\"name\":\"Smedemokrati.sk\",\"url\":\"https:\/\/www.smedemokrati.sk\/\",\"logo\":{\"@type\":\"ImageObject\",\"inLanguage\":\"en-US\",\"@id\":\"https:\/\/www.smedemokrati.sk\/#\/schema\/logo\/image\/\",\"url\":\"https:\/\/www.smedemokrati.sk\/wp-content\/uploads\/2023\/04\/ff.002.jpeg\",\"contentUrl\":\"https:\/\/www.smedemokrati.sk\/wp-content\/uploads\/2023\/04\/ff.002.jpeg\",\"width\":640,\"height\":480,\"caption\":\"Smedemokrati.sk\"},\"image\":{\"@id\":\"https:\/\/www.smedemokrati.sk\/#\/schema\/logo\/image\/\"},\"sameAs\":[\"https:\/\/www.facebook.com\/smedemokrati2023\"]},{\"@type\":\"Person\",\"@id\":\"https:\/\/www.smedemokrati.sk\/#\/schema\/person\/21f147c88d605aa7ded900e1e7c344ba\",\"name\":\"miro.sopko\",\"image\":{\"@type\":\"ImageObject\",\"inLanguage\":\"en-US\",\"@id\":\"https:\/\/secure.gravatar.com\/avatar\/267e4a36f704376c109afe3a78740c1f5dd8675a2180a908699e7863c9247606?s=96&d=mm&r=g\",\"url\":\"https:\/\/secure.gravatar.com\/avatar\/267e4a36f704376c109afe3a78740c1f5dd8675a2180a908699e7863c9247606?s=96&d=mm&r=g\",\"contentUrl\":\"https:\/\/secure.gravatar.com\/avatar\/267e4a36f704376c109afe3a78740c1f5dd8675a2180a908699e7863c9247606?s=96&d=mm&r=g\",\"caption\":\"miro.sopko\"},\"url\":\"https:\/\/www.smedemokrati.sk\/en\/author\/miro-sopko\/\"}]}<\/script>\n<!-- \/ Yoast SEO plugin. -->","yoast_head_json":{"title":"Fico mus\u00ed v Amerike rie\u0161i\u0165 tieto tri \u017eivotne d\u00f4le\u017eit\u00e9 t\u00e9my pre Slovensko","robots":{"index":"index","follow":"follow","max-snippet":"max-snippet:-1","max-image-preview":"max-image-preview:large","max-video-preview":"max-video-preview:-1"},"canonical":"https:\/\/www.smedemokrati.sk\/en\/fico-musi-v-amerike-riesit-tieto-tri-zivotne-dolezite-temy-pre-slovensko\/","og_locale":"en_US","og_type":"article","og_title":"[:sk]Fico mus\u00ed v Amerike rie\u0161i\u0165 tieto tri \u017eivotne d\u00f4le\u017eit\u00e9 t\u00e9my pre Slovensko[:] - Smedemokrati.sk","og_description":"Cl\u00e1 na automobily dov\u00e1\u017ean\u00e9 do USA z E\u00da, US Steel Ko\u0161ice a ot\u00e1zky obrany a bezpe\u010dnosti. To s\u00fa pod\u013ea Demokratov tri z\u00e1sadn\u00e9 t\u00e9my, o ktor\u00fdch mus\u00ed premi\u00e9r Fico rokova\u0165 s Trumpovou administrat\u00edvou. Strana kritizuje, \u017ee do dnes nie je zn\u00e1my program ofici\u00e1lnej n\u00e1v\u0161tevy Roberta Fica, ktor\u00e1 je hraden\u00e1 z pe\u0148az\u00ed n\u00e1s v\u0161etk\u00fdch. Jaroslav Na\u010f sa [&hellip;]","og_url":"https:\/\/www.smedemokrati.sk\/en\/fico-musi-v-amerike-riesit-tieto-tri-zivotne-dolezite-temy-pre-slovensko\/","og_site_name":"Smedemokrati.sk","article_publisher":"https:\/\/www.facebook.com\/smedemokrati2023","article_published_time":"2025-02-20T11:15:59+00:00","article_modified_time":"2025-02-20T11:16:00+00:00","og_image":[{"width":814,"height":418,"url":"https:\/\/www.smedemokrati.sk\/wp-content\/uploads\/2025\/02\/fico_usa.jpg","type":"image\/jpeg"}],"author":"miro.sopko","twitter_card":"summary_large_image","twitter_misc":{"Written by":"miro.sopko","Est. reading time":"2 minutes"},"schema":{"@context":"https:\/\/schema.org","@graph":[{"@type":"Article","@id":"https:\/\/www.smedemokrati.sk\/fico-musi-v-amerike-riesit-tieto-tri-zivotne-dolezite-temy-pre-slovensko\/#article","isPartOf":{"@id":"https:\/\/www.smedemokrati.sk\/fico-musi-v-amerike-riesit-tieto-tri-zivotne-dolezite-temy-pre-slovensko\/"},"author":{"name":"miro.sopko","@id":"https:\/\/www.smedemokrati.sk\/#\/schema\/person\/21f147c88d605aa7ded900e1e7c344ba"},"headline":"Fico mus\u00ed v Amerike rie\u0161i\u0165 tieto tri \u017eivotne d\u00f4le\u017eit\u00e9 t\u00e9my pre Slovensko","datePublished":"2025-02-20T11:15:59+00:00","dateModified":"2025-02-20T11:16:00+00:00","mainEntityOfPage":{"@id":"https:\/\/www.smedemokrati.sk\/fico-musi-v-amerike-riesit-tieto-tri-zivotne-dolezite-temy-pre-slovensko\/"},"wordCount":470,"publisher":{"@id":"https:\/\/www.smedemokrati.sk\/#organization"},"image":{"@id":"https:\/\/www.smedemokrati.sk\/fico-musi-v-amerike-riesit-tieto-tri-zivotne-dolezite-temy-pre-slovensko\/#primaryimage"},"thumbnailUrl":"https:\/\/www.smedemokrati.sk\/wp-content\/uploads\/2025\/02\/fico_usa.jpg","articleSection":["Tla\u010dov\u00e9 spr\u00e1vy"],"inLanguage":"en-US"},{"@type":"WebPage","@id":"https:\/\/www.smedemokrati.sk\/fico-musi-v-amerike-riesit-tieto-tri-zivotne-dolezite-temy-pre-slovensko\/","url":"https:\/\/www.smedemokrati.sk\/fico-musi-v-amerike-riesit-tieto-tri-zivotne-dolezite-temy-pre-slovensko\/","name":"Fico mus\u00ed v Amerike rie\u0161i\u0165 tieto tri \u017eivotne d\u00f4le\u017eit\u00e9 t\u00e9my pre Slovensko","isPartOf":{"@id":"https:\/\/www.smedemokrati.sk\/#website"},"primaryImageOfPage":{"@id":"https:\/\/www.smedemokrati.sk\/fico-musi-v-amerike-riesit-tieto-tri-zivotne-dolezite-temy-pre-slovensko\/#primaryimage"},"image":{"@id":"https:\/\/www.smedemokrati.sk\/fico-musi-v-amerike-riesit-tieto-tri-zivotne-dolezite-temy-pre-slovensko\/#primaryimage"},"thumbnailUrl":"https:\/\/www.smedemokrati.sk\/wp-content\/uploads\/2025\/02\/fico_usa.jpg","datePublished":"2025-02-20T11:15:59+00:00","dateModified":"2025-02-20T11:16:00+00:00","breadcrumb":{"@id":"https:\/\/www.smedemokrati.sk\/fico-musi-v-amerike-riesit-tieto-tri-zivotne-dolezite-temy-pre-slovensko\/#breadcrumb"},"inLanguage":"en-US","potentialAction":[{"@type":"ReadAction","target":["https:\/\/www.smedemokrati.sk\/fico-musi-v-amerike-riesit-tieto-tri-zivotne-dolezite-temy-pre-slovensko\/"]}]},{"@type":"ImageObject","inLanguage":"en-US","@id":"https:\/\/www.smedemokrati.sk\/fico-musi-v-amerike-riesit-tieto-tri-zivotne-dolezite-temy-pre-slovensko\/#primaryimage","url":"https:\/\/www.smedemokrati.sk\/wp-content\/uploads\/2025\/02\/fico_usa.jpg","contentUrl":"https:\/\/www.smedemokrati.sk\/wp-content\/uploads\/2025\/02\/fico_usa.jpg","width":814,"height":418},{"@type":"BreadcrumbList","@id":"https:\/\/www.smedemokrati.sk\/fico-musi-v-amerike-riesit-tieto-tri-zivotne-dolezite-temy-pre-slovensko\/#breadcrumb","itemListElement":[{"@type":"ListItem","position":1,"name":"Domovsk\u00e1 str\u00e1nka","item":"https:\/\/www.smedemokrati.sk\/"},{"@type":"ListItem","position":2,"name":"Fico mus\u00ed v Amerike rie\u0161i\u0165 tieto tri \u017eivotne d\u00f4le\u017eit\u00e9 t\u00e9my pre Slovensko"}]},{"@type":"WebSite","@id":"https:\/\/www.smedemokrati.sk\/#website","url":"https:\/\/www.smedemokrati.sk\/","name":"Smedemokrati.sk","description":"Demokracia a slu\u0161nos\u0165 zv\u00ed\u0165az\u00ed","publisher":{"@id":"https:\/\/www.smedemokrati.sk\/#organization"},"potentialAction":[{"@type":"SearchAction","target":{"@type":"EntryPoint","urlTemplate":"https:\/\/www.smedemokrati.sk\/?s={search_term_string}"},"query-input":{"@type":"PropertyValueSpecification","valueRequired":true,"valueName":"search_term_string"}}],"inLanguage":"en-US"},{"@type":"Organization","@id":"https:\/\/www.smedemokrati.sk\/#organization","name":"Smedemokrati.sk","url":"https:\/\/www.smedemokrati.sk\/","logo":{"@type":"ImageObject","inLanguage":"en-US","@id":"https:\/\/www.smedemokrati.sk\/#\/schema\/logo\/image\/","url":"https:\/\/www.smedemokrati.sk\/wp-content\/uploads\/2023\/04\/ff.002.jpeg","contentUrl":"https:\/\/www.smedemokrati.sk\/wp-content\/uploads\/2023\/04\/ff.002.jpeg","width":640,"height":480,"caption":"Smedemokrati.sk"},"image":{"@id":"https:\/\/www.smedemokrati.sk\/#\/schema\/logo\/image\/"},"sameAs":["https:\/\/www.facebook.com\/smedemokrati2023"]},{"@type":"Person","@id":"https:\/\/www.smedemokrati.sk\/#\/schema\/person\/21f147c88d605aa7ded900e1e7c344ba","name":"miro.sopko","image":{"@type":"ImageObject","inLanguage":"en-US","@id":"https:\/\/secure.gravatar.com\/avatar\/267e4a36f704376c109afe3a78740c1f5dd8675a2180a908699e7863c9247606?s=96&d=mm&r=g","url":"https:\/\/secure.gravatar.com\/avatar\/267e4a36f704376c109afe3a78740c1f5dd8675a2180a908699e7863c9247606?s=96&d=mm&r=g","contentUrl":"https:\/\/secure.gravatar.com\/avatar\/267e4a36f704376c109afe3a78740c1f5dd8675a2180a908699e7863c9247606?s=96&d=mm&r=g","caption":"miro.sopko"},"url":"https:\/\/www.smedemokrati.sk\/en\/author\/miro-sopko\/"}]}},"_links":{"self":[{"href":"https:\/\/www.smedemokrati.sk\/en\/wp-json\/wp\/v2\/posts\/6456","targetHints":{"allow":["GET"]}}],"collection":[{"href":"https:\/\/www.smedemokrati.sk\/en\/wp-json\/wp\/v2\/posts"}],"about":[{"href":"https:\/\/www.smedemokrati.sk\/en\/wp-json\/wp\/v2\/types\/post"}],"author":[{"embeddable":true,"href":"https:\/\/www.smedemokrati.sk\/en\/wp-json\/wp\/v2\/users\/13"}],"replies":[{"embeddable":true,"href":"https:\/\/www.smedemokrati.sk\/en\/wp-json\/wp\/v2\/comments?post=6456"}],"version-history":[{"count":1,"href":"https:\/\/www.smedemokrati.sk\/en\/wp-json\/wp\/v2\/posts\/6456\/revisions"}],"predecessor-version":[{"id":6458,"href":"https:\/\/www.smedemokrati.sk\/en\/wp-json\/wp\/v2\/posts\/6456\/revisions\/6458"}],"wp:featuredmedia":[{"embeddable":true,"href":"https:\/\/www.smedemokrati.sk\/en\/wp-json\/wp\/v2\/media\/6457"}],"wp:attachment":[{"href":"https:\/\/www.smedemokrati.sk\/en\/wp-json\/wp\/v2\/media?parent=6456"}],"wp:term":[{"taxonomy":"category","embeddable":true,"href":"https:\/\/www.smedemokrati.sk\/en\/wp-json\/wp\/v2\/categories?post=6456"},{"taxonomy":"post_tag","embeddable":true,"href":"https:\/\/www.smedemokrati.sk\/en\/wp-json\/wp\/v2\/tags?post=6456"}],"curies":[{"name":"wp","href":"https:\/\/api.w.org\/{rel}","templated":true}]}}