{"id":644,"date":"2023-04-21T15:31:59","date_gmt":"2023-04-21T13:31:59","guid":{"rendered":"https:\/\/www.smedemokrati.sk\/?p=644"},"modified":"2023-04-21T15:39:56","modified_gmt":"2023-04-21T13:39:56","slug":"heger-na-hrane-chceme-zabojovat-a-mame-co-ponuknut","status":"publish","type":"post","link":"https:\/\/www.smedemokrati.sk\/en\/heger-na-hrane-chceme-zabojovat-a-mame-co-ponuknut\/","title":{"rendered":"Heger Na Hrane: Chceme zabojova\u0165 a m\u00e1me \u010do pon\u00faknu\u0165"},"content":{"rendered":"<div id=\"fb-root\"><\/div>\n","protected":false},"excerpt":{"rendered":"","protected":false},"author":3,"featured_media":645,"comment_status":"closed","ping_status":"closed","sticky":false,"template":"","format":"standard","meta":{"_acf_changed":false,"ngg_post_thumbnail":0,"footnotes":""},"categories":[6],"tags":[],"class_list":["post-644","post","type-post","status-publish","format-standard","has-post-thumbnail","hentry","category-videa"],"acf":[],"yoast_head":"<!-- This site is optimized with the Yoast SEO plugin v27.2 - https:\/\/yoast.com\/product\/yoast-seo-wordpress\/ -->\n<title>Heger Na Hrane: Chceme zabojova\u0165 a m\u00e1me \u010do pon\u00faknu\u0165 - Smedemokrati.sk<\/title>\n<meta name=\"robots\" content=\"index, follow, max-snippet:-1, max-image-preview:large, max-video-preview:-1\" \/>\n<link rel=\"canonical\" href=\"https:\/\/www.smedemokrati.sk\/en\/heger-na-hrane-chceme-zabojovat-a-mame-co-ponuknut\/\" \/>\n<meta property=\"og:locale\" content=\"en_US\" \/>\n<meta property=\"og:locale:alternate\" content=\"cs_CZ\" \/>\n<meta property=\"og:locale:alternate\" content=\"hu_HU\" \/>\n<meta property=\"og:locale:alternate\" content=\"sk_SK\" \/>\n<meta property=\"og:locale:alternate\" content=\"sv_SE\" \/>\n<meta property=\"og:type\" content=\"article\" \/>\n<meta property=\"og:title\" content=\"Heger Na Hrane: Chceme zabojova\u0165 a m\u00e1me \u010do pon\u00faknu\u0165 - Smedemokrati.sk\" \/>\n<meta property=\"og:url\" content=\"https:\/\/www.smedemokrati.sk\/en\/heger-na-hrane-chceme-zabojovat-a-mame-co-ponuknut\/\" \/>\n<meta property=\"og:site_name\" content=\"Smedemokrati.sk\" \/>\n<meta property=\"article:publisher\" content=\"https:\/\/www.facebook.com\/smedemokrati2023\" \/>\n<meta property=\"article:published_time\" content=\"2023-04-21T13:31:59+00:00\" \/>\n<meta property=\"article:modified_time\" content=\"2023-04-21T13:39:56+00:00\" \/>\n<meta property=\"og:image\" content=\"https:\/\/www.smedemokrati.sk\/wp-content\/uploads\/2023\/04\/Snimka-obrazovky-2023-04-21-o-15.23.04-e1682084009504-1024x585.png\" \/>\n\t<meta property=\"og:image:width\" content=\"1024\" \/>\n\t<meta property=\"og:image:height\" content=\"585\" \/>\n\t<meta property=\"og:image:type\" content=\"image\/png\" \/>\n<meta name=\"author\" content=\"maros\" \/>\n<meta name=\"twitter:card\" content=\"summary_large_image\" \/>\n<meta name=\"twitter:label1\" content=\"Written by\" \/>\n\t<meta name=\"twitter:data1\" content=\"maros\" \/>\n<script type=\"application\/ld+json\" class=\"yoast-schema-graph\">{\"@context\":\"https:\/\/schema.org\",\"@graph\":[{\"@type\":\"Article\",\"@id\":\"https:\/\/www.smedemokrati.sk\/heger-na-hrane-chceme-zabojovat-a-mame-co-ponuknut\/#article\",\"isPartOf\":{\"@id\":\"https:\/\/www.smedemokrati.sk\/heger-na-hrane-chceme-zabojovat-a-mame-co-ponuknut\/\"},\"author\":{\"name\":\"maros\",\"@id\":\"https:\/\/www.smedemokrati.sk\/#\/schema\/person\/bd0990e764a2ab0275700db075c868f2\"},\"headline\":\"Heger Na Hrane: Chceme zabojova\u0165 a m\u00e1me \u010do pon\u00faknu\u0165\",\"datePublished\":\"2023-04-21T13:31:59+00:00\",\"dateModified\":\"2023-04-21T13:39:56+00:00\",\"mainEntityOfPage\":{\"@id\":\"https:\/\/www.smedemokrati.sk\/heger-na-hrane-chceme-zabojovat-a-mame-co-ponuknut\/\"},\"wordCount\":11,\"publisher\":{\"@id\":\"https:\/\/www.smedemokrati.sk\/#organization\"},\"image\":{\"@id\":\"https:\/\/www.smedemokrati.sk\/heger-na-hrane-chceme-zabojovat-a-mame-co-ponuknut\/#primaryimage\"},\"thumbnailUrl\":\"https:\/\/www.smedemokrati.sk\/wp-content\/uploads\/2023\/04\/Snimka-obrazovky-2023-04-21-o-15.23.04-e1682084009504.png\",\"articleSection\":[\"Vide\u00e1\"],\"inLanguage\":\"en-US\"},{\"@type\":\"WebPage\",\"@id\":\"https:\/\/www.smedemokrati.sk\/heger-na-hrane-chceme-zabojovat-a-mame-co-ponuknut\/\",\"url\":\"https:\/\/www.smedemokrati.sk\/heger-na-hrane-chceme-zabojovat-a-mame-co-ponuknut\/\",\"name\":\"Heger Na Hrane: Chceme zabojova\u0165 a m\u00e1me \u010do pon\u00faknu\u0165 - Smedemokrati.sk\",\"isPartOf\":{\"@id\":\"https:\/\/www.smedemokrati.sk\/#website\"},\"primaryImageOfPage\":{\"@id\":\"https:\/\/www.smedemokrati.sk\/heger-na-hrane-chceme-zabojovat-a-mame-co-ponuknut\/#primaryimage\"},\"image\":{\"@id\":\"https:\/\/www.smedemokrati.sk\/heger-na-hrane-chceme-zabojovat-a-mame-co-ponuknut\/#primaryimage\"},\"thumbnailUrl\":\"https:\/\/www.smedemokrati.sk\/wp-content\/uploads\/2023\/04\/Snimka-obrazovky-2023-04-21-o-15.23.04-e1682084009504.png\",\"datePublished\":\"2023-04-21T13:31:59+00:00\",\"dateModified\":\"2023-04-21T13:39:56+00:00\",\"breadcrumb\":{\"@id\":\"https:\/\/www.smedemokrati.sk\/heger-na-hrane-chceme-zabojovat-a-mame-co-ponuknut\/#breadcrumb\"},\"inLanguage\":\"en-US\",\"potentialAction\":[{\"@type\":\"ReadAction\",\"target\":[\"https:\/\/www.smedemokrati.sk\/heger-na-hrane-chceme-zabojovat-a-mame-co-ponuknut\/\"]}]},{\"@type\":\"ImageObject\",\"inLanguage\":\"en-US\",\"@id\":\"https:\/\/www.smedemokrati.sk\/heger-na-hrane-chceme-zabojovat-a-mame-co-ponuknut\/#primaryimage\",\"url\":\"https:\/\/www.smedemokrati.sk\/wp-content\/uploads\/2023\/04\/Snimka-obrazovky-2023-04-21-o-15.23.04-e1682084009504.png\",\"contentUrl\":\"https:\/\/www.smedemokrati.sk\/wp-content\/uploads\/2023\/04\/Snimka-obrazovky-2023-04-21-o-15.23.04-e1682084009504.png\",\"width\":3234,\"height\":1848},{\"@type\":\"BreadcrumbList\",\"@id\":\"https:\/\/www.smedemokrati.sk\/heger-na-hrane-chceme-zabojovat-a-mame-co-ponuknut\/#breadcrumb\",\"itemListElement\":[{\"@type\":\"ListItem\",\"position\":1,\"name\":\"Domovsk\u00e1 str\u00e1nka\",\"item\":\"https:\/\/www.smedemokrati.sk\/\"},{\"@type\":\"ListItem\",\"position\":2,\"name\":\"Heger Na Hrane: Chceme zabojova\u0165 a m\u00e1me \u010do pon\u00faknu\u0165\"}]},{\"@type\":\"WebSite\",\"@id\":\"https:\/\/www.smedemokrati.sk\/#website\",\"url\":\"https:\/\/www.smedemokrati.sk\/\",\"name\":\"Smedemokrati.sk\",\"description\":\"Demokracia a slu\u0161nos\u0165 zv\u00ed\u0165az\u00ed\",\"publisher\":{\"@id\":\"https:\/\/www.smedemokrati.sk\/#organization\"},\"potentialAction\":[{\"@type\":\"SearchAction\",\"target\":{\"@type\":\"EntryPoint\",\"urlTemplate\":\"https:\/\/www.smedemokrati.sk\/?s={search_term_string}\"},\"query-input\":{\"@type\":\"PropertyValueSpecification\",\"valueRequired\":true,\"valueName\":\"search_term_string\"}}],\"inLanguage\":\"en-US\"},{\"@type\":\"Organization\",\"@id\":\"https:\/\/www.smedemokrati.sk\/#organization\",\"name\":\"Smedemokrati.sk\",\"url\":\"https:\/\/www.smedemokrati.sk\/\",\"logo\":{\"@type\":\"ImageObject\",\"inLanguage\":\"en-US\",\"@id\":\"https:\/\/www.smedemokrati.sk\/#\/schema\/logo\/image\/\",\"url\":\"https:\/\/www.smedemokrati.sk\/wp-content\/uploads\/2023\/04\/ff.002.jpeg\",\"contentUrl\":\"https:\/\/www.smedemokrati.sk\/wp-content\/uploads\/2023\/04\/ff.002.jpeg\",\"width\":640,\"height\":480,\"caption\":\"Smedemokrati.sk\"},\"image\":{\"@id\":\"https:\/\/www.smedemokrati.sk\/#\/schema\/logo\/image\/\"},\"sameAs\":[\"https:\/\/www.facebook.com\/smedemokrati2023\"]},{\"@type\":\"Person\",\"@id\":\"https:\/\/www.smedemokrati.sk\/#\/schema\/person\/bd0990e764a2ab0275700db075c868f2\",\"name\":\"maros\",\"image\":{\"@type\":\"ImageObject\",\"inLanguage\":\"en-US\",\"@id\":\"https:\/\/secure.gravatar.com\/avatar\/d4ec49d1719a815fbf0afdd518c9c759c1998fab3d944dc1e3be24ba4218e4ef?s=96&d=mm&r=g\",\"url\":\"https:\/\/secure.gravatar.com\/avatar\/d4ec49d1719a815fbf0afdd518c9c759c1998fab3d944dc1e3be24ba4218e4ef?s=96&d=mm&r=g\",\"contentUrl\":\"https:\/\/secure.gravatar.com\/avatar\/d4ec49d1719a815fbf0afdd518c9c759c1998fab3d944dc1e3be24ba4218e4ef?s=96&d=mm&r=g\",\"caption\":\"maros\"},\"url\":\"https:\/\/www.smedemokrati.sk\/en\/author\/maros\/\"}]}<\/script>\n<!-- \/ Yoast SEO plugin. -->","yoast_head_json":{"title":"Heger Na Hrane: Chceme zabojova\u0165 a m\u00e1me \u010do pon\u00faknu\u0165 - Smedemokrati.sk","robots":{"index":"index","follow":"follow","max-snippet":"max-snippet:-1","max-image-preview":"max-image-preview:large","max-video-preview":"max-video-preview:-1"},"canonical":"https:\/\/www.smedemokrati.sk\/en\/heger-na-hrane-chceme-zabojovat-a-mame-co-ponuknut\/","og_locale":"en_US","og_type":"article","og_title":"Heger Na Hrane: Chceme zabojova\u0165 a m\u00e1me \u010do pon\u00faknu\u0165 - Smedemokrati.sk","og_url":"https:\/\/www.smedemokrati.sk\/en\/heger-na-hrane-chceme-zabojovat-a-mame-co-ponuknut\/","og_site_name":"Smedemokrati.sk","article_publisher":"https:\/\/www.facebook.com\/smedemokrati2023","article_published_time":"2023-04-21T13:31:59+00:00","article_modified_time":"2023-04-21T13:39:56+00:00","og_image":[{"width":1024,"height":585,"url":"https:\/\/www.smedemokrati.sk\/wp-content\/uploads\/2023\/04\/Snimka-obrazovky-2023-04-21-o-15.23.04-e1682084009504-1024x585.png","type":"image\/png"}],"author":"maros","twitter_card":"summary_large_image","twitter_misc":{"Written by":"maros"},"schema":{"@context":"https:\/\/schema.org","@graph":[{"@type":"Article","@id":"https:\/\/www.smedemokrati.sk\/heger-na-hrane-chceme-zabojovat-a-mame-co-ponuknut\/#article","isPartOf":{"@id":"https:\/\/www.smedemokrati.sk\/heger-na-hrane-chceme-zabojovat-a-mame-co-ponuknut\/"},"author":{"name":"maros","@id":"https:\/\/www.smedemokrati.sk\/#\/schema\/person\/bd0990e764a2ab0275700db075c868f2"},"headline":"Heger Na Hrane: Chceme zabojova\u0165 a m\u00e1me \u010do pon\u00faknu\u0165","datePublished":"2023-04-21T13:31:59+00:00","dateModified":"2023-04-21T13:39:56+00:00","mainEntityOfPage":{"@id":"https:\/\/www.smedemokrati.sk\/heger-na-hrane-chceme-zabojovat-a-mame-co-ponuknut\/"},"wordCount":11,"publisher":{"@id":"https:\/\/www.smedemokrati.sk\/#organization"},"image":{"@id":"https:\/\/www.smedemokrati.sk\/heger-na-hrane-chceme-zabojovat-a-mame-co-ponuknut\/#primaryimage"},"thumbnailUrl":"https:\/\/www.smedemokrati.sk\/wp-content\/uploads\/2023\/04\/Snimka-obrazovky-2023-04-21-o-15.23.04-e1682084009504.png","articleSection":["Vide\u00e1"],"inLanguage":"en-US"},{"@type":"WebPage","@id":"https:\/\/www.smedemokrati.sk\/heger-na-hrane-chceme-zabojovat-a-mame-co-ponuknut\/","url":"https:\/\/www.smedemokrati.sk\/heger-na-hrane-chceme-zabojovat-a-mame-co-ponuknut\/","name":"Heger Na Hrane: Chceme zabojova\u0165 a m\u00e1me \u010do pon\u00faknu\u0165 - Smedemokrati.sk","isPartOf":{"@id":"https:\/\/www.smedemokrati.sk\/#website"},"primaryImageOfPage":{"@id":"https:\/\/www.smedemokrati.sk\/heger-na-hrane-chceme-zabojovat-a-mame-co-ponuknut\/#primaryimage"},"image":{"@id":"https:\/\/www.smedemokrati.sk\/heger-na-hrane-chceme-zabojovat-a-mame-co-ponuknut\/#primaryimage"},"thumbnailUrl":"https:\/\/www.smedemokrati.sk\/wp-content\/uploads\/2023\/04\/Snimka-obrazovky-2023-04-21-o-15.23.04-e1682084009504.png","datePublished":"2023-04-21T13:31:59+00:00","dateModified":"2023-04-21T13:39:56+00:00","breadcrumb":{"@id":"https:\/\/www.smedemokrati.sk\/heger-na-hrane-chceme-zabojovat-a-mame-co-ponuknut\/#breadcrumb"},"inLanguage":"en-US","potentialAction":[{"@type":"ReadAction","target":["https:\/\/www.smedemokrati.sk\/heger-na-hrane-chceme-zabojovat-a-mame-co-ponuknut\/"]}]},{"@type":"ImageObject","inLanguage":"en-US","@id":"https:\/\/www.smedemokrati.sk\/heger-na-hrane-chceme-zabojovat-a-mame-co-ponuknut\/#primaryimage","url":"https:\/\/www.smedemokrati.sk\/wp-content\/uploads\/2023\/04\/Snimka-obrazovky-2023-04-21-o-15.23.04-e1682084009504.png","contentUrl":"https:\/\/www.smedemokrati.sk\/wp-content\/uploads\/2023\/04\/Snimka-obrazovky-2023-04-21-o-15.23.04-e1682084009504.png","width":3234,"height":1848},{"@type":"BreadcrumbList","@id":"https:\/\/www.smedemokrati.sk\/heger-na-hrane-chceme-zabojovat-a-mame-co-ponuknut\/#breadcrumb","itemListElement":[{"@type":"ListItem","position":1,"name":"Domovsk\u00e1 str\u00e1nka","item":"https:\/\/www.smedemokrati.sk\/"},{"@type":"ListItem","position":2,"name":"Heger Na Hrane: Chceme zabojova\u0165 a m\u00e1me \u010do pon\u00faknu\u0165"}]},{"@type":"WebSite","@id":"https:\/\/www.smedemokrati.sk\/#website","url":"https:\/\/www.smedemokrati.sk\/","name":"Smedemokrati.sk","description":"Demokracia a slu\u0161nos\u0165 zv\u00ed\u0165az\u00ed","publisher":{"@id":"https:\/\/www.smedemokrati.sk\/#organization"},"potentialAction":[{"@type":"SearchAction","target":{"@type":"EntryPoint","urlTemplate":"https:\/\/www.smedemokrati.sk\/?s={search_term_string}"},"query-input":{"@type":"PropertyValueSpecification","valueRequired":true,"valueName":"search_term_string"}}],"inLanguage":"en-US"},{"@type":"Organization","@id":"https:\/\/www.smedemokrati.sk\/#organization","name":"Smedemokrati.sk","url":"https:\/\/www.smedemokrati.sk\/","logo":{"@type":"ImageObject","inLanguage":"en-US","@id":"https:\/\/www.smedemokrati.sk\/#\/schema\/logo\/image\/","url":"https:\/\/www.smedemokrati.sk\/wp-content\/uploads\/2023\/04\/ff.002.jpeg","contentUrl":"https:\/\/www.smedemokrati.sk\/wp-content\/uploads\/2023\/04\/ff.002.jpeg","width":640,"height":480,"caption":"Smedemokrati.sk"},"image":{"@id":"https:\/\/www.smedemokrati.sk\/#\/schema\/logo\/image\/"},"sameAs":["https:\/\/www.facebook.com\/smedemokrati2023"]},{"@type":"Person","@id":"https:\/\/www.smedemokrati.sk\/#\/schema\/person\/bd0990e764a2ab0275700db075c868f2","name":"maros","image":{"@type":"ImageObject","inLanguage":"en-US","@id":"https:\/\/secure.gravatar.com\/avatar\/d4ec49d1719a815fbf0afdd518c9c759c1998fab3d944dc1e3be24ba4218e4ef?s=96&d=mm&r=g","url":"https:\/\/secure.gravatar.com\/avatar\/d4ec49d1719a815fbf0afdd518c9c759c1998fab3d944dc1e3be24ba4218e4ef?s=96&d=mm&r=g","contentUrl":"https:\/\/secure.gravatar.com\/avatar\/d4ec49d1719a815fbf0afdd518c9c759c1998fab3d944dc1e3be24ba4218e4ef?s=96&d=mm&r=g","caption":"maros"},"url":"https:\/\/www.smedemokrati.sk\/en\/author\/maros\/"}]}},"_links":{"self":[{"href":"https:\/\/www.smedemokrati.sk\/en\/wp-json\/wp\/v2\/posts\/644","targetHints":{"allow":["GET"]}}],"collection":[{"href":"https:\/\/www.smedemokrati.sk\/en\/wp-json\/wp\/v2\/posts"}],"about":[{"href":"https:\/\/www.smedemokrati.sk\/en\/wp-json\/wp\/v2\/types\/post"}],"author":[{"embeddable":true,"href":"https:\/\/www.smedemokrati.sk\/en\/wp-json\/wp\/v2\/users\/3"}],"replies":[{"embeddable":true,"href":"https:\/\/www.smedemokrati.sk\/en\/wp-json\/wp\/v2\/comments?post=644"}],"version-history":[{"count":5,"href":"https:\/\/www.smedemokrati.sk\/en\/wp-json\/wp\/v2\/posts\/644\/revisions"}],"predecessor-version":[{"id":652,"href":"https:\/\/www.smedemokrati.sk\/en\/wp-json\/wp\/v2\/posts\/644\/revisions\/652"}],"wp:featuredmedia":[{"embeddable":true,"href":"https:\/\/www.smedemokrati.sk\/en\/wp-json\/wp\/v2\/media\/645"}],"wp:attachment":[{"href":"https:\/\/www.smedemokrati.sk\/en\/wp-json\/wp\/v2\/media?parent=644"}],"wp:term":[{"taxonomy":"category","embeddable":true,"href":"https:\/\/www.smedemokrati.sk\/en\/wp-json\/wp\/v2\/categories?post=644"},{"taxonomy":"post_tag","embeddable":true,"href":"https:\/\/www.smedemokrati.sk\/en\/wp-json\/wp\/v2\/tags?post=644"}],"curies":[{"name":"wp","href":"https:\/\/api.w.org\/{rel}","templated":true}]}}