{"id":6427,"date":"2025-02-17T13:04:23","date_gmt":"2025-02-17T12:04:23","guid":{"rendered":"https:\/\/www.smedemokrati.sk\/?p=6427"},"modified":"2025-02-17T13:05:56","modified_gmt":"2025-02-17T12:05:56","slug":"je-to-oficialne-toxicka-konsolidacia-drvi-slovenske-domacnosti-vlada-musi-prehodnotit-svoje-kroky-potvrdzuje-to-i-statisticky-urad","status":"publish","type":"post","link":"https:\/\/www.smedemokrati.sk\/en\/je-to-oficialne-toxicka-konsolidacia-drvi-slovenske-domacnosti-vlada-musi-prehodnotit-svoje-kroky-potvrdzuje-to-i-statisticky-urad\/","title":{"rendered":"Je to ofici\u00e1lne, toxick\u00e1 konsolid\u00e1cia drv\u00ed slovensk\u00e9 dom\u00e1cnosti, vl\u00e1da mus\u00ed prehodnoti\u0165 svoje kroky. Potvrdzuje to i \u0160tatistick\u00fd \u00farad"},"content":{"rendered":"<div id=\"fb-root\"><\/div>\n\n<p><strong>Strana Demokrati d\u00f4razne upozor\u0148uje na negat\u00edvne d\u00f4sledky nespr\u00e1vne nastavenej fi\u0161k\u00e1lnej politiky vl\u00e1dy, ktor\u00e1 priamo po\u0161kodzuje slovensk\u00e9 dom\u00e1cnosti. Toxick\u00e1 konsolid\u00e1cia, sprev\u00e1dzan\u00e1 bezprecedentn\u00fdm zvy\u0161ovan\u00edm dan\u00ed a cien, vytv\u00e1ra ne\u00fanosn\u00fa ekonomick\u00fa z\u00e1\u0165a\u017e pre ob\u010danov. Demokrati preto vyz\u00fdvaj\u00fa vl\u00e1du, aby prehodnotila svoje kroky a zastavila zhor\u0161ovanie \u017eivotnej \u00farovne obyvate\u013estva.<\/strong><\/p>\n\n\n\n<p><em>\u201eT\u00e1to vl\u00e1da vedie Slovensko na hranu ekonomick\u00e9ho pre\u017eitia. Toxick\u00e1 konsolid\u00e1cia, ktor\u00fa realizuje, v skuto\u010dnosti nie je \u017eiadna z\u00e1chrana verejn\u00fdch financi\u00ed, ale \u0161ikanovanie pracuj\u00facich \u013eud\u00ed. Zv\u00fd\u0161enie DPH na 23 %, nov\u00e9 spotrebn\u00e9 dane a \u010fal\u0161ie nezmyseln\u00e9 poplatky priamo prispievaj\u00fa k rastu cien a dusia hospod\u00e1rstvo,\u201c<\/em>&nbsp;uviedol podpredseda strany Demokrati Eduard Heger.<\/p>\n\n\n\n<p>Pod\u013ea \u00fadajov \u0160tatistick\u00e9ho \u00faradu SR spotrebite\u013esk\u00e9 ceny tovarov a slu\u017eieb v janu\u00e1ri medzimesa\u010dne vzr\u00e1stli o 1,7 %, \u010do predstavuje najvy\u0161\u0161\u00ed n\u00e1rast za posledn\u00e9 dva roky. Medziro\u010dn\u00e1 infl\u00e1cia dosiahla 3,9 %, pri\u010dom najv\u00e4\u010d\u0161\u00ed vplyv na zdra\u017eovanie maj\u00fa b\u00fdvanie, energie a potraviny. Pr\u00e1ve tieto polo\u017eky tvoria podstatn\u00fa \u010das\u0165 v\u00fddavkov slovensk\u00fdch dom\u00e1cnost\u00ed.<\/p>\n\n\n\n<p><em>\u201eEkonomick\u00e1 logika tejto vl\u00e1dy je absurdn\u00e1 \u2013 namiesto toho, aby podporovala stabilitu cien a \u017eivotnej \u00farovne, tla\u010d\u00ed ob\u010danov do e\u0161te v\u00e4\u010d\u0161ej finan\u010dnej neistoty. Zv\u00fd\u0161enie DPH v kombin\u00e1cii so spotrebn\u00fdmi da\u0148ami sp\u00f4sobilo rekordn\u00e9 zdra\u017eovanie potrav\u00edn, energi\u00ed a z\u00e1kladn\u00fdch potrieb. Je neprijate\u013en\u00e9, aby sa tak\u00e1to politika realizovala bez adekv\u00e1tnej kompenz\u00e1cie pre ob\u010danov,\u201c&nbsp;<\/em>upozornil \u010dlen expertnej skupiny pre ekonomiku strany Demokrati Dominik Sumbal.<\/p>\n\n\n\n<p>Strana Demokrati z\u00e1rove\u0148 zd\u00f4raz\u0148uje, \u017ee dlhodob\u00e9 podce\u0148ovanie dopadov t\u00fdchto opatren\u00ed m\u00f4\u017ee vies\u0165 k \u010fal\u0161iemu oslabeniu slovenskej ekonomiky. Rast cien sp\u00f4sobuje pokles dom\u00e1cej spotreby, \u010do negat\u00edvne ovplyvn\u00ed podnikate\u013esk\u00fd sektor a zamestnanos\u0165.<\/p>\n\n\n\n<p><em>\u201eAk vl\u00e1da ur\u00fdchlene nezmen\u00ed smer, Slovensko sa dostane do \u0161pir\u00e1ly recesie. Potrebujeme rozumn\u00e9 konsolida\u010dn\u00e9 opatrenia, ktor\u00e9 nebud\u00fa tresta\u0165 pracuj\u00facich \u013eud\u00ed. Demokrati preto navrhuj\u00fa rev\u00edziu v\u00fddavkov \u0161t\u00e1tu, efekt\u00edvnej\u0161\u00ed boj proti da\u0148ov\u00fdm \u00fanikom a opatrenia na podporu k\u00fapyschopnosti obyvate\u013estva. In\u00fdmi slovami, potrebujeme prirodzen\u00e9 stimuly, ktor\u00e9 ekonomiku na\u0161tartuj\u00fa a nie udusia. To je hlavn\u00e1 \u00faloha vl\u00e1dy.\u201c&nbsp;<\/em>uzavrel Heger.<\/p>\n\n\n\n<p>Strana Demokrati bude na\u010falej presadzova\u0165 opatrenia, ktor\u00e9 prines\u00fa f\u00e9rov\u00e9 a udr\u017eate\u013en\u00e9 rie\u0161enia pre slovensk\u00fa ekonomiku. Z\u00e1rove\u0148 vyz\u00fdva vl\u00e1du, aby okam\u017eite zastavila pl\u00e1novan\u00fa transak\u010dn\u00fa da\u0148, reagovala na zdra\u017eovanie a za\u010dala rie\u0161i\u0165 skuto\u010dn\u00e9 pr\u00ed\u010diny ekonomick\u00fdch probl\u00e9mov krajiny.<\/p>\n","protected":false},"excerpt":{"rendered":"<p>Strana Demokrati d\u00f4razne upozor\u0148uje na negat\u00edvne d\u00f4sledky nespr\u00e1vne nastavenej fi\u0161k\u00e1lnej politiky vl\u00e1dy, ktor\u00e1 priamo po\u0161kodzuje slovensk\u00e9 dom\u00e1cnosti. Toxick\u00e1 konsolid\u00e1cia, sprev\u00e1dzan\u00e1 bezprecedentn\u00fdm zvy\u0161ovan\u00edm dan\u00ed a cien, vytv\u00e1ra ne\u00fanosn\u00fa ekonomick\u00fa z\u00e1\u0165a\u017e pre ob\u010danov. Demokrati preto vyz\u00fdvaj\u00fa vl\u00e1du, aby prehodnotila svoje kroky a zastavila zhor\u0161ovanie \u017eivotnej \u00farovne obyvate\u013estva. \u201eT\u00e1to vl\u00e1da vedie Slovensko na hranu ekonomick\u00e9ho pre\u017eitia. Toxick\u00e1 konsolid\u00e1cia, [&hellip;]<\/p>\n","protected":false},"author":13,"featured_media":4745,"comment_status":"closed","ping_status":"closed","sticky":false,"template":"","format":"standard","meta":{"_acf_changed":false,"ngg_post_thumbnail":0,"footnotes":""},"categories":[4],"tags":[],"class_list":["post-6427","post","type-post","status-publish","format-standard","has-post-thumbnail","hentry","category-tlacove-spravy"],"acf":[],"yoast_head":"<!-- This site is optimized with the Yoast SEO plugin v27.2 - https:\/\/yoast.com\/product\/yoast-seo-wordpress\/ -->\n<title>Je to ofici\u00e1lne, toxick\u00e1 konsolid\u00e1cia drv\u00ed slovensk\u00e9 dom\u00e1cnosti, vl\u00e1da mus\u00ed prehodnoti\u0165 svoje kroky. Potvrdzuje to i \u0160tatistick\u00fd \u00farad<\/title>\n<meta name=\"robots\" content=\"index, follow, max-snippet:-1, max-image-preview:large, max-video-preview:-1\" \/>\n<link rel=\"canonical\" href=\"https:\/\/www.smedemokrati.sk\/en\/je-to-oficialne-toxicka-konsolidacia-drvi-slovenske-domacnosti-vlada-musi-prehodnotit-svoje-kroky-potvrdzuje-to-i-statisticky-urad\/\" \/>\n<meta property=\"og:locale\" content=\"en_US\" \/>\n<meta property=\"og:locale:alternate\" content=\"cs_CZ\" \/>\n<meta property=\"og:locale:alternate\" content=\"hu_HU\" \/>\n<meta property=\"og:locale:alternate\" content=\"sk_SK\" \/>\n<meta property=\"og:locale:alternate\" content=\"sv_SE\" \/>\n<meta property=\"og:type\" content=\"article\" \/>\n<meta property=\"og:title\" content=\"Je to ofici\u00e1lne, toxick\u00e1 konsolid\u00e1cia drv\u00ed slovensk\u00e9 dom\u00e1cnosti, vl\u00e1da mus\u00ed prehodnoti\u0165 svoje kroky. Potvrdzuje to i \u0160tatistick\u00fd \u00farad\" \/>\n<meta property=\"og:description\" content=\"Strana Demokrati d\u00f4razne upozor\u0148uje na negat\u00edvne d\u00f4sledky nespr\u00e1vne nastavenej fi\u0161k\u00e1lnej politiky vl\u00e1dy, ktor\u00e1 priamo po\u0161kodzuje slovensk\u00e9 dom\u00e1cnosti. Toxick\u00e1 konsolid\u00e1cia, sprev\u00e1dzan\u00e1 bezprecedentn\u00fdm zvy\u0161ovan\u00edm dan\u00ed a cien, vytv\u00e1ra ne\u00fanosn\u00fa ekonomick\u00fa z\u00e1\u0165a\u017e pre ob\u010danov. Demokrati preto vyz\u00fdvaj\u00fa vl\u00e1du, aby prehodnotila svoje kroky a zastavila zhor\u0161ovanie \u017eivotnej \u00farovne obyvate\u013estva. \u201eT\u00e1to vl\u00e1da vedie Slovensko na hranu ekonomick\u00e9ho pre\u017eitia. Toxick\u00e1 konsolid\u00e1cia, [&hellip;]\" \/>\n<meta property=\"og:url\" content=\"https:\/\/www.smedemokrati.sk\/en\/je-to-oficialne-toxicka-konsolidacia-drvi-slovenske-domacnosti-vlada-musi-prehodnotit-svoje-kroky-potvrdzuje-to-i-statisticky-urad\/\" \/>\n<meta property=\"og:site_name\" content=\"Smedemokrati.sk\" \/>\n<meta property=\"article:publisher\" content=\"https:\/\/www.facebook.com\/smedemokrati2023\" \/>\n<meta property=\"article:published_time\" content=\"2025-02-17T12:04:23+00:00\" \/>\n<meta property=\"article:modified_time\" content=\"2025-02-17T12:05:56+00:00\" \/>\n<meta property=\"og:image\" content=\"https:\/\/www.smedemokrati.sk\/wp-content\/uploads\/2024\/07\/5974.jpg\" \/>\n\t<meta property=\"og:image:width\" content=\"1000\" \/>\n\t<meta property=\"og:image:height\" content=\"667\" \/>\n\t<meta property=\"og:image:type\" content=\"image\/jpeg\" \/>\n<meta name=\"author\" content=\"miro.sopko\" \/>\n<meta name=\"twitter:card\" content=\"summary_large_image\" \/>\n<meta name=\"twitter:label1\" content=\"Written by\" \/>\n\t<meta name=\"twitter:data1\" content=\"miro.sopko\" \/>\n\t<meta name=\"twitter:label2\" content=\"Est. reading time\" \/>\n\t<meta name=\"twitter:data2\" content=\"2 minutes\" \/>\n<script type=\"application\/ld+json\" class=\"yoast-schema-graph\">{\"@context\":\"https:\/\/schema.org\",\"@graph\":[{\"@type\":\"Article\",\"@id\":\"https:\/\/www.smedemokrati.sk\/je-to-oficialne-toxicka-konsolidacia-drvi-slovenske-domacnosti-vlada-musi-prehodnotit-svoje-kroky-potvrdzuje-to-i-statisticky-urad\/#article\",\"isPartOf\":{\"@id\":\"https:\/\/www.smedemokrati.sk\/je-to-oficialne-toxicka-konsolidacia-drvi-slovenske-domacnosti-vlada-musi-prehodnotit-svoje-kroky-potvrdzuje-to-i-statisticky-urad\/\"},\"author\":{\"name\":\"miro.sopko\",\"@id\":\"https:\/\/www.smedemokrati.sk\/#\/schema\/person\/21f147c88d605aa7ded900e1e7c344ba\"},\"headline\":\"Je to ofici\u00e1lne, toxick\u00e1 konsolid\u00e1cia drv\u00ed slovensk\u00e9 dom\u00e1cnosti, vl\u00e1da mus\u00ed prehodnoti\u0165 svoje kroky. Potvrdzuje to i \u0160tatistick\u00fd \u00farad\",\"datePublished\":\"2025-02-17T12:04:23+00:00\",\"dateModified\":\"2025-02-17T12:05:56+00:00\",\"mainEntityOfPage\":{\"@id\":\"https:\/\/www.smedemokrati.sk\/je-to-oficialne-toxicka-konsolidacia-drvi-slovenske-domacnosti-vlada-musi-prehodnotit-svoje-kroky-potvrdzuje-to-i-statisticky-urad\/\"},\"wordCount\":461,\"publisher\":{\"@id\":\"https:\/\/www.smedemokrati.sk\/#organization\"},\"image\":{\"@id\":\"https:\/\/www.smedemokrati.sk\/je-to-oficialne-toxicka-konsolidacia-drvi-slovenske-domacnosti-vlada-musi-prehodnotit-svoje-kroky-potvrdzuje-to-i-statisticky-urad\/#primaryimage\"},\"thumbnailUrl\":\"https:\/\/www.smedemokrati.sk\/wp-content\/uploads\/2024\/07\/5974.jpg\",\"articleSection\":[\"Tla\u010dov\u00e9 spr\u00e1vy\"],\"inLanguage\":\"en-US\"},{\"@type\":\"WebPage\",\"@id\":\"https:\/\/www.smedemokrati.sk\/je-to-oficialne-toxicka-konsolidacia-drvi-slovenske-domacnosti-vlada-musi-prehodnotit-svoje-kroky-potvrdzuje-to-i-statisticky-urad\/\",\"url\":\"https:\/\/www.smedemokrati.sk\/je-to-oficialne-toxicka-konsolidacia-drvi-slovenske-domacnosti-vlada-musi-prehodnotit-svoje-kroky-potvrdzuje-to-i-statisticky-urad\/\",\"name\":\"Je to ofici\u00e1lne, toxick\u00e1 konsolid\u00e1cia drv\u00ed slovensk\u00e9 dom\u00e1cnosti, vl\u00e1da mus\u00ed prehodnoti\u0165 svoje kroky. Potvrdzuje to i \u0160tatistick\u00fd \u00farad\",\"isPartOf\":{\"@id\":\"https:\/\/www.smedemokrati.sk\/#website\"},\"primaryImageOfPage\":{\"@id\":\"https:\/\/www.smedemokrati.sk\/je-to-oficialne-toxicka-konsolidacia-drvi-slovenske-domacnosti-vlada-musi-prehodnotit-svoje-kroky-potvrdzuje-to-i-statisticky-urad\/#primaryimage\"},\"image\":{\"@id\":\"https:\/\/www.smedemokrati.sk\/je-to-oficialne-toxicka-konsolidacia-drvi-slovenske-domacnosti-vlada-musi-prehodnotit-svoje-kroky-potvrdzuje-to-i-statisticky-urad\/#primaryimage\"},\"thumbnailUrl\":\"https:\/\/www.smedemokrati.sk\/wp-content\/uploads\/2024\/07\/5974.jpg\",\"datePublished\":\"2025-02-17T12:04:23+00:00\",\"dateModified\":\"2025-02-17T12:05:56+00:00\",\"breadcrumb\":{\"@id\":\"https:\/\/www.smedemokrati.sk\/je-to-oficialne-toxicka-konsolidacia-drvi-slovenske-domacnosti-vlada-musi-prehodnotit-svoje-kroky-potvrdzuje-to-i-statisticky-urad\/#breadcrumb\"},\"inLanguage\":\"en-US\",\"potentialAction\":[{\"@type\":\"ReadAction\",\"target\":[\"https:\/\/www.smedemokrati.sk\/je-to-oficialne-toxicka-konsolidacia-drvi-slovenske-domacnosti-vlada-musi-prehodnotit-svoje-kroky-potvrdzuje-to-i-statisticky-urad\/\"]}]},{\"@type\":\"ImageObject\",\"inLanguage\":\"en-US\",\"@id\":\"https:\/\/www.smedemokrati.sk\/je-to-oficialne-toxicka-konsolidacia-drvi-slovenske-domacnosti-vlada-musi-prehodnotit-svoje-kroky-potvrdzuje-to-i-statisticky-urad\/#primaryimage\",\"url\":\"https:\/\/www.smedemokrati.sk\/wp-content\/uploads\/2024\/07\/5974.jpg\",\"contentUrl\":\"https:\/\/www.smedemokrati.sk\/wp-content\/uploads\/2024\/07\/5974.jpg\",\"width\":1000,\"height\":667},{\"@type\":\"BreadcrumbList\",\"@id\":\"https:\/\/www.smedemokrati.sk\/je-to-oficialne-toxicka-konsolidacia-drvi-slovenske-domacnosti-vlada-musi-prehodnotit-svoje-kroky-potvrdzuje-to-i-statisticky-urad\/#breadcrumb\",\"itemListElement\":[{\"@type\":\"ListItem\",\"position\":1,\"name\":\"Domovsk\u00e1 str\u00e1nka\",\"item\":\"https:\/\/www.smedemokrati.sk\/\"},{\"@type\":\"ListItem\",\"position\":2,\"name\":\"Je to ofici\u00e1lne, toxick\u00e1 konsolid\u00e1cia drv\u00ed slovensk\u00e9 dom\u00e1cnosti, vl\u00e1da mus\u00ed prehodnoti\u0165 svoje kroky. Potvrdzuje to i \u0160tatistick\u00fd \u00farad\"}]},{\"@type\":\"WebSite\",\"@id\":\"https:\/\/www.smedemokrati.sk\/#website\",\"url\":\"https:\/\/www.smedemokrati.sk\/\",\"name\":\"Smedemokrati.sk\",\"description\":\"Demokracia a slu\u0161nos\u0165 zv\u00ed\u0165az\u00ed\",\"publisher\":{\"@id\":\"https:\/\/www.smedemokrati.sk\/#organization\"},\"potentialAction\":[{\"@type\":\"SearchAction\",\"target\":{\"@type\":\"EntryPoint\",\"urlTemplate\":\"https:\/\/www.smedemokrati.sk\/?s={search_term_string}\"},\"query-input\":{\"@type\":\"PropertyValueSpecification\",\"valueRequired\":true,\"valueName\":\"search_term_string\"}}],\"inLanguage\":\"en-US\"},{\"@type\":\"Organization\",\"@id\":\"https:\/\/www.smedemokrati.sk\/#organization\",\"name\":\"Smedemokrati.sk\",\"url\":\"https:\/\/www.smedemokrati.sk\/\",\"logo\":{\"@type\":\"ImageObject\",\"inLanguage\":\"en-US\",\"@id\":\"https:\/\/www.smedemokrati.sk\/#\/schema\/logo\/image\/\",\"url\":\"https:\/\/www.smedemokrati.sk\/wp-content\/uploads\/2023\/04\/ff.002.jpeg\",\"contentUrl\":\"https:\/\/www.smedemokrati.sk\/wp-content\/uploads\/2023\/04\/ff.002.jpeg\",\"width\":640,\"height\":480,\"caption\":\"Smedemokrati.sk\"},\"image\":{\"@id\":\"https:\/\/www.smedemokrati.sk\/#\/schema\/logo\/image\/\"},\"sameAs\":[\"https:\/\/www.facebook.com\/smedemokrati2023\"]},{\"@type\":\"Person\",\"@id\":\"https:\/\/www.smedemokrati.sk\/#\/schema\/person\/21f147c88d605aa7ded900e1e7c344ba\",\"name\":\"miro.sopko\",\"image\":{\"@type\":\"ImageObject\",\"inLanguage\":\"en-US\",\"@id\":\"https:\/\/secure.gravatar.com\/avatar\/267e4a36f704376c109afe3a78740c1f5dd8675a2180a908699e7863c9247606?s=96&d=mm&r=g\",\"url\":\"https:\/\/secure.gravatar.com\/avatar\/267e4a36f704376c109afe3a78740c1f5dd8675a2180a908699e7863c9247606?s=96&d=mm&r=g\",\"contentUrl\":\"https:\/\/secure.gravatar.com\/avatar\/267e4a36f704376c109afe3a78740c1f5dd8675a2180a908699e7863c9247606?s=96&d=mm&r=g\",\"caption\":\"miro.sopko\"},\"url\":\"https:\/\/www.smedemokrati.sk\/en\/author\/miro-sopko\/\"}]}<\/script>\n<!-- \/ Yoast SEO plugin. -->","yoast_head_json":{"title":"Je to ofici\u00e1lne, toxick\u00e1 konsolid\u00e1cia drv\u00ed slovensk\u00e9 dom\u00e1cnosti, vl\u00e1da mus\u00ed prehodnoti\u0165 svoje kroky. Potvrdzuje to i \u0160tatistick\u00fd \u00farad","robots":{"index":"index","follow":"follow","max-snippet":"max-snippet:-1","max-image-preview":"max-image-preview:large","max-video-preview":"max-video-preview:-1"},"canonical":"https:\/\/www.smedemokrati.sk\/en\/je-to-oficialne-toxicka-konsolidacia-drvi-slovenske-domacnosti-vlada-musi-prehodnotit-svoje-kroky-potvrdzuje-to-i-statisticky-urad\/","og_locale":"en_US","og_type":"article","og_title":"[:sk]Je to ofici\u00e1lne, toxick\u00e1 konsolid\u00e1cia drv\u00ed slovensk\u00e9 dom\u00e1cnosti, vl\u00e1da mus\u00ed prehodnoti\u0165 svoje kroky. Potvrdzuje to i \u0160tatistick\u00fd \u00farad[:] - Smedemokrati.sk","og_description":"Strana Demokrati d\u00f4razne upozor\u0148uje na negat\u00edvne d\u00f4sledky nespr\u00e1vne nastavenej fi\u0161k\u00e1lnej politiky vl\u00e1dy, ktor\u00e1 priamo po\u0161kodzuje slovensk\u00e9 dom\u00e1cnosti. Toxick\u00e1 konsolid\u00e1cia, sprev\u00e1dzan\u00e1 bezprecedentn\u00fdm zvy\u0161ovan\u00edm dan\u00ed a cien, vytv\u00e1ra ne\u00fanosn\u00fa ekonomick\u00fa z\u00e1\u0165a\u017e pre ob\u010danov. Demokrati preto vyz\u00fdvaj\u00fa vl\u00e1du, aby prehodnotila svoje kroky a zastavila zhor\u0161ovanie \u017eivotnej \u00farovne obyvate\u013estva. \u201eT\u00e1to vl\u00e1da vedie Slovensko na hranu ekonomick\u00e9ho pre\u017eitia. Toxick\u00e1 konsolid\u00e1cia, [&hellip;]","og_url":"https:\/\/www.smedemokrati.sk\/en\/je-to-oficialne-toxicka-konsolidacia-drvi-slovenske-domacnosti-vlada-musi-prehodnotit-svoje-kroky-potvrdzuje-to-i-statisticky-urad\/","og_site_name":"Smedemokrati.sk","article_publisher":"https:\/\/www.facebook.com\/smedemokrati2023","article_published_time":"2025-02-17T12:04:23+00:00","article_modified_time":"2025-02-17T12:05:56+00:00","og_image":[{"width":1000,"height":667,"url":"https:\/\/www.smedemokrati.sk\/wp-content\/uploads\/2024\/07\/5974.jpg","type":"image\/jpeg"}],"author":"miro.sopko","twitter_card":"summary_large_image","twitter_misc":{"Written by":"miro.sopko","Est. reading time":"2 minutes"},"schema":{"@context":"https:\/\/schema.org","@graph":[{"@type":"Article","@id":"https:\/\/www.smedemokrati.sk\/je-to-oficialne-toxicka-konsolidacia-drvi-slovenske-domacnosti-vlada-musi-prehodnotit-svoje-kroky-potvrdzuje-to-i-statisticky-urad\/#article","isPartOf":{"@id":"https:\/\/www.smedemokrati.sk\/je-to-oficialne-toxicka-konsolidacia-drvi-slovenske-domacnosti-vlada-musi-prehodnotit-svoje-kroky-potvrdzuje-to-i-statisticky-urad\/"},"author":{"name":"miro.sopko","@id":"https:\/\/www.smedemokrati.sk\/#\/schema\/person\/21f147c88d605aa7ded900e1e7c344ba"},"headline":"Je to ofici\u00e1lne, toxick\u00e1 konsolid\u00e1cia drv\u00ed slovensk\u00e9 dom\u00e1cnosti, vl\u00e1da mus\u00ed prehodnoti\u0165 svoje kroky. Potvrdzuje to i \u0160tatistick\u00fd \u00farad","datePublished":"2025-02-17T12:04:23+00:00","dateModified":"2025-02-17T12:05:56+00:00","mainEntityOfPage":{"@id":"https:\/\/www.smedemokrati.sk\/je-to-oficialne-toxicka-konsolidacia-drvi-slovenske-domacnosti-vlada-musi-prehodnotit-svoje-kroky-potvrdzuje-to-i-statisticky-urad\/"},"wordCount":461,"publisher":{"@id":"https:\/\/www.smedemokrati.sk\/#organization"},"image":{"@id":"https:\/\/www.smedemokrati.sk\/je-to-oficialne-toxicka-konsolidacia-drvi-slovenske-domacnosti-vlada-musi-prehodnotit-svoje-kroky-potvrdzuje-to-i-statisticky-urad\/#primaryimage"},"thumbnailUrl":"https:\/\/www.smedemokrati.sk\/wp-content\/uploads\/2024\/07\/5974.jpg","articleSection":["Tla\u010dov\u00e9 spr\u00e1vy"],"inLanguage":"en-US"},{"@type":"WebPage","@id":"https:\/\/www.smedemokrati.sk\/je-to-oficialne-toxicka-konsolidacia-drvi-slovenske-domacnosti-vlada-musi-prehodnotit-svoje-kroky-potvrdzuje-to-i-statisticky-urad\/","url":"https:\/\/www.smedemokrati.sk\/je-to-oficialne-toxicka-konsolidacia-drvi-slovenske-domacnosti-vlada-musi-prehodnotit-svoje-kroky-potvrdzuje-to-i-statisticky-urad\/","name":"Je to ofici\u00e1lne, toxick\u00e1 konsolid\u00e1cia drv\u00ed slovensk\u00e9 dom\u00e1cnosti, vl\u00e1da mus\u00ed prehodnoti\u0165 svoje kroky. Potvrdzuje to i \u0160tatistick\u00fd \u00farad","isPartOf":{"@id":"https:\/\/www.smedemokrati.sk\/#website"},"primaryImageOfPage":{"@id":"https:\/\/www.smedemokrati.sk\/je-to-oficialne-toxicka-konsolidacia-drvi-slovenske-domacnosti-vlada-musi-prehodnotit-svoje-kroky-potvrdzuje-to-i-statisticky-urad\/#primaryimage"},"image":{"@id":"https:\/\/www.smedemokrati.sk\/je-to-oficialne-toxicka-konsolidacia-drvi-slovenske-domacnosti-vlada-musi-prehodnotit-svoje-kroky-potvrdzuje-to-i-statisticky-urad\/#primaryimage"},"thumbnailUrl":"https:\/\/www.smedemokrati.sk\/wp-content\/uploads\/2024\/07\/5974.jpg","datePublished":"2025-02-17T12:04:23+00:00","dateModified":"2025-02-17T12:05:56+00:00","breadcrumb":{"@id":"https:\/\/www.smedemokrati.sk\/je-to-oficialne-toxicka-konsolidacia-drvi-slovenske-domacnosti-vlada-musi-prehodnotit-svoje-kroky-potvrdzuje-to-i-statisticky-urad\/#breadcrumb"},"inLanguage":"en-US","potentialAction":[{"@type":"ReadAction","target":["https:\/\/www.smedemokrati.sk\/je-to-oficialne-toxicka-konsolidacia-drvi-slovenske-domacnosti-vlada-musi-prehodnotit-svoje-kroky-potvrdzuje-to-i-statisticky-urad\/"]}]},{"@type":"ImageObject","inLanguage":"en-US","@id":"https:\/\/www.smedemokrati.sk\/je-to-oficialne-toxicka-konsolidacia-drvi-slovenske-domacnosti-vlada-musi-prehodnotit-svoje-kroky-potvrdzuje-to-i-statisticky-urad\/#primaryimage","url":"https:\/\/www.smedemokrati.sk\/wp-content\/uploads\/2024\/07\/5974.jpg","contentUrl":"https:\/\/www.smedemokrati.sk\/wp-content\/uploads\/2024\/07\/5974.jpg","width":1000,"height":667},{"@type":"BreadcrumbList","@id":"https:\/\/www.smedemokrati.sk\/je-to-oficialne-toxicka-konsolidacia-drvi-slovenske-domacnosti-vlada-musi-prehodnotit-svoje-kroky-potvrdzuje-to-i-statisticky-urad\/#breadcrumb","itemListElement":[{"@type":"ListItem","position":1,"name":"Domovsk\u00e1 str\u00e1nka","item":"https:\/\/www.smedemokrati.sk\/"},{"@type":"ListItem","position":2,"name":"Je to ofici\u00e1lne, toxick\u00e1 konsolid\u00e1cia drv\u00ed slovensk\u00e9 dom\u00e1cnosti, vl\u00e1da mus\u00ed prehodnoti\u0165 svoje kroky. Potvrdzuje to i \u0160tatistick\u00fd \u00farad"}]},{"@type":"WebSite","@id":"https:\/\/www.smedemokrati.sk\/#website","url":"https:\/\/www.smedemokrati.sk\/","name":"Smedemokrati.sk","description":"Demokracia a slu\u0161nos\u0165 zv\u00ed\u0165az\u00ed","publisher":{"@id":"https:\/\/www.smedemokrati.sk\/#organization"},"potentialAction":[{"@type":"SearchAction","target":{"@type":"EntryPoint","urlTemplate":"https:\/\/www.smedemokrati.sk\/?s={search_term_string}"},"query-input":{"@type":"PropertyValueSpecification","valueRequired":true,"valueName":"search_term_string"}}],"inLanguage":"en-US"},{"@type":"Organization","@id":"https:\/\/www.smedemokrati.sk\/#organization","name":"Smedemokrati.sk","url":"https:\/\/www.smedemokrati.sk\/","logo":{"@type":"ImageObject","inLanguage":"en-US","@id":"https:\/\/www.smedemokrati.sk\/#\/schema\/logo\/image\/","url":"https:\/\/www.smedemokrati.sk\/wp-content\/uploads\/2023\/04\/ff.002.jpeg","contentUrl":"https:\/\/www.smedemokrati.sk\/wp-content\/uploads\/2023\/04\/ff.002.jpeg","width":640,"height":480,"caption":"Smedemokrati.sk"},"image":{"@id":"https:\/\/www.smedemokrati.sk\/#\/schema\/logo\/image\/"},"sameAs":["https:\/\/www.facebook.com\/smedemokrati2023"]},{"@type":"Person","@id":"https:\/\/www.smedemokrati.sk\/#\/schema\/person\/21f147c88d605aa7ded900e1e7c344ba","name":"miro.sopko","image":{"@type":"ImageObject","inLanguage":"en-US","@id":"https:\/\/secure.gravatar.com\/avatar\/267e4a36f704376c109afe3a78740c1f5dd8675a2180a908699e7863c9247606?s=96&d=mm&r=g","url":"https:\/\/secure.gravatar.com\/avatar\/267e4a36f704376c109afe3a78740c1f5dd8675a2180a908699e7863c9247606?s=96&d=mm&r=g","contentUrl":"https:\/\/secure.gravatar.com\/avatar\/267e4a36f704376c109afe3a78740c1f5dd8675a2180a908699e7863c9247606?s=96&d=mm&r=g","caption":"miro.sopko"},"url":"https:\/\/www.smedemokrati.sk\/en\/author\/miro-sopko\/"}]}},"_links":{"self":[{"href":"https:\/\/www.smedemokrati.sk\/en\/wp-json\/wp\/v2\/posts\/6427","targetHints":{"allow":["GET"]}}],"collection":[{"href":"https:\/\/www.smedemokrati.sk\/en\/wp-json\/wp\/v2\/posts"}],"about":[{"href":"https:\/\/www.smedemokrati.sk\/en\/wp-json\/wp\/v2\/types\/post"}],"author":[{"embeddable":true,"href":"https:\/\/www.smedemokrati.sk\/en\/wp-json\/wp\/v2\/users\/13"}],"replies":[{"embeddable":true,"href":"https:\/\/www.smedemokrati.sk\/en\/wp-json\/wp\/v2\/comments?post=6427"}],"version-history":[{"count":1,"href":"https:\/\/www.smedemokrati.sk\/en\/wp-json\/wp\/v2\/posts\/6427\/revisions"}],"predecessor-version":[{"id":6428,"href":"https:\/\/www.smedemokrati.sk\/en\/wp-json\/wp\/v2\/posts\/6427\/revisions\/6428"}],"wp:featuredmedia":[{"embeddable":true,"href":"https:\/\/www.smedemokrati.sk\/en\/wp-json\/wp\/v2\/media\/4745"}],"wp:attachment":[{"href":"https:\/\/www.smedemokrati.sk\/en\/wp-json\/wp\/v2\/media?parent=6427"}],"wp:term":[{"taxonomy":"category","embeddable":true,"href":"https:\/\/www.smedemokrati.sk\/en\/wp-json\/wp\/v2\/categories?post=6427"},{"taxonomy":"post_tag","embeddable":true,"href":"https:\/\/www.smedemokrati.sk\/en\/wp-json\/wp\/v2\/tags?post=6427"}],"curies":[{"name":"wp","href":"https:\/\/api.w.org\/{rel}","templated":true}]}}