{"id":639,"date":"2023-04-21T15:10:19","date_gmt":"2023-04-21T13:10:19","guid":{"rendered":"https:\/\/www.smedemokrati.sk\/?p=639"},"modified":"2023-04-26T09:03:39","modified_gmt":"2023-04-26T07:03:39","slug":"demokratov-nikdy-nie-je-dost","status":"publish","type":"post","link":"https:\/\/www.smedemokrati.sk\/en\/demokratov-nikdy-nie-je-dost\/","title":{"rendered":"Demokratov nikdy nie je dos\u0165. Vitajte Janka a Juraj!"},"content":{"rendered":"<div id=\"fb-root\"><\/div>\n\n<p>Stranu Demokrati posil\u0148uj\u00fa Juraj \u0160eliga a Jana \u017dit\u0148ansk\u00e1. Do z\u00e1sadn\u00e9ho boja o bud\u00facnos\u0165 demokracie na Slovensku ideme s posilami v k\u013e\u00fa\u010dov\u00fdch oblastiach.&nbsp;<\/p>\n\n\n\n<p>\u201cDnes posil\u0148ujeme na\u0161e rady o dvoch kvalitn\u00fdch odborn\u00edkov. Garantov t\u00e9m, ktor\u00e9 s\u00fa pre ob\u010danov d\u00f4le\u017eit\u00e9 a bud\u00fa podrobne rozpracovan\u00e9 v na\u0161om programe. Posil\u0148ujeme pilier spravodlivosti, ochrany pr\u00e1vneho \u0161t\u00e1tu a s\u00fa\u010dasne pomoci znev\u00fdhodnen\u00fdm. Janka a Juraj, vitajte v strane Demokrati,\u201d povedal predseda strany Eduard Heger.<\/p>\n\n\n\n<p>\u201cNedovol\u00edme, aby n\u00e1m uniesli krajinu. Som za to, aby na Slovensku vl\u00e1dla spravodlivos\u0165, aby z\u00e1kon platil pre v\u0161etk\u00fdch, aby prokurat\u00fara bola norm\u00e1lna. Zabojujem, aby sme sa nepoddali Ficovi. Ak prevezme moc, tak hroz\u00ed ma\u010farsk\u00e1 cesta a normaliz\u00e1cia. Budem hovori\u0165 o tom, ako je Slovensko ohrozen\u00e9, ako chystaj\u00fa zru\u0161enie \u00daradu \u0161peci\u00e1lnej prokurat\u00fary, \u0160pecializovan\u00e9ho trestn\u00e9ho s\u00fadu, ak\u00e9 nebezpe\u010denstvo hroz\u00ed slobodn\u00fdm m\u00e9di\u00e1m.<\/p>\n\n\n\n<p>Nesmieme sa v\u0161ak z\u013eakn\u00fa\u0165. Pr\u00e1ve preto som prijal ponuku Eduarda Hegera, ke\u010f ma oslovil s t\u00fdm, aby sme zabojovali spolu. Stredoprav\u00ed politici sa dok\u00e1\u017eu hr\u00fdz\u0165 medzi sebou. Pr\u00e1ve preto vstupujem do Demokratom. K\u013e\u00fa\u010dov\u00e1 hodnota strany Demokrati je spolupr\u00e1ca. Len spolupr\u00e1cou sa d\u00e1 porazi\u0165 hrozba, ktorej Slovensko \u010del\u00ed. \u010eakujem preto za mo\u017enos\u0165 prida\u0165 sa k Demokratom. Demokratov nikdy nie je dos\u0165,\u201d povedal Juraj \u0160eliga.<\/p>\n\n\n\n<p>\u201cBudem aj na\u010falej bojova\u0165 za rodiny, za \u013eud\u00ed so zdravotn\u00fdm znev\u00fdhodnen\u00edm a za t\u00fdch, ktor\u00ed potrebuj\u00fa pomoc. Je d\u00f4le\u017eit\u00e9, aby sme o t\u00fdchto t\u00e9mach hovorili a aby sme \u010falej pokra\u010dovali v ich presadzovan\u00ed. Pre stranu Demokrati je jednou z k\u013e\u00fa\u010dov\u00fdch hodn\u00f4t pomoc \u013eu\u010fom v \u0165a\u017ekej situ\u00e1cii, ktor\u00ed s\u00fa zranite\u013en\u00ed, ktor\u00ed s\u00fa aj so zdravotn\u00fdm znev\u00fdhodnen\u00edm,\u201d povedala Jana \u017dit\u0148ansk\u00e1.&nbsp;<\/p>\n","protected":false},"excerpt":{"rendered":"<p>Stranu Demokrati posil\u0148uj\u00fa Juraj \u0160eliga a Jana \u017dit\u0148ansk\u00e1. Do z\u00e1sadn\u00e9ho boja o bud\u00facnos\u0165 demokracie na Slovensku ideme s posilami v k\u013e\u00fa\u010dov\u00fdch oblastiach.&nbsp; \u201cDnes posil\u0148ujeme na\u0161e rady o dvoch kvalitn\u00fdch odborn\u00edkov. Garantov t\u00e9m, ktor\u00e9 s\u00fa pre ob\u010danov d\u00f4le\u017eit\u00e9 a bud\u00fa podrobne rozpracovan\u00e9 v na\u0161om programe. Posil\u0148ujeme pilier spravodlivosti, ochrany pr\u00e1vneho \u0161t\u00e1tu a s\u00fa\u010dasne pomoci znev\u00fdhodnen\u00fdm. Janka [&hellip;]<\/p>\n","protected":false},"author":3,"featured_media":640,"comment_status":"closed","ping_status":"closed","sticky":false,"template":"","format":"standard","meta":{"_acf_changed":false,"ngg_post_thumbnail":0,"footnotes":""},"categories":[4],"tags":[],"class_list":["post-639","post","type-post","status-publish","format-standard","has-post-thumbnail","hentry","category-tlacove-spravy"],"acf":[],"yoast_head":"<!-- This site is optimized with the Yoast SEO plugin v27.2 - https:\/\/yoast.com\/product\/yoast-seo-wordpress\/ -->\n<title>Demokratov nikdy nie je dos\u0165. Vitajte Janka a Juraj! - Smedemokrati.sk<\/title>\n<meta name=\"robots\" content=\"index, follow, max-snippet:-1, max-image-preview:large, max-video-preview:-1\" \/>\n<link rel=\"canonical\" href=\"https:\/\/www.smedemokrati.sk\/en\/demokratov-nikdy-nie-je-dost\/\" \/>\n<meta property=\"og:locale\" content=\"en_US\" \/>\n<meta property=\"og:locale:alternate\" content=\"cs_CZ\" \/>\n<meta property=\"og:locale:alternate\" content=\"hu_HU\" \/>\n<meta property=\"og:locale:alternate\" content=\"sk_SK\" \/>\n<meta property=\"og:locale:alternate\" content=\"sv_SE\" \/>\n<meta property=\"og:type\" content=\"article\" \/>\n<meta property=\"og:title\" content=\"Demokratov nikdy nie je dos\u0165. Vitajte Janka a Juraj! - Smedemokrati.sk\" \/>\n<meta property=\"og:description\" content=\"Stranu Demokrati posil\u0148uj\u00fa Juraj \u0160eliga a Jana \u017dit\u0148ansk\u00e1. Do z\u00e1sadn\u00e9ho boja o bud\u00facnos\u0165 demokracie na Slovensku ideme s posilami v k\u013e\u00fa\u010dov\u00fdch oblastiach.&nbsp; \u201cDnes posil\u0148ujeme na\u0161e rady o dvoch kvalitn\u00fdch odborn\u00edkov. Garantov t\u00e9m, ktor\u00e9 s\u00fa pre ob\u010danov d\u00f4le\u017eit\u00e9 a bud\u00fa podrobne rozpracovan\u00e9 v na\u0161om programe. Posil\u0148ujeme pilier spravodlivosti, ochrany pr\u00e1vneho \u0161t\u00e1tu a s\u00fa\u010dasne pomoci znev\u00fdhodnen\u00fdm. Janka [&hellip;]\" \/>\n<meta property=\"og:url\" content=\"https:\/\/www.smedemokrati.sk\/en\/demokratov-nikdy-nie-je-dost\/\" \/>\n<meta property=\"og:site_name\" content=\"Smedemokrati.sk\" \/>\n<meta property=\"article:publisher\" content=\"https:\/\/www.facebook.com\/smedemokrati2023\" \/>\n<meta property=\"article:published_time\" content=\"2023-04-21T13:10:19+00:00\" \/>\n<meta property=\"article:modified_time\" content=\"2023-04-26T07:03:39+00:00\" \/>\n<meta property=\"og:image\" content=\"https:\/\/www.smedemokrati.sk\/wp-content\/uploads\/2023\/04\/Demokrati-tlacovka-21.-4.-2023-Jakub-Kovalik-071-scaled.jpg\" \/>\n\t<meta property=\"og:image:width\" content=\"2560\" \/>\n\t<meta property=\"og:image:height\" content=\"1704\" \/>\n\t<meta property=\"og:image:type\" content=\"image\/jpeg\" \/>\n<meta name=\"author\" content=\"maros\" \/>\n<meta name=\"twitter:card\" content=\"summary_large_image\" \/>\n<meta name=\"twitter:label1\" content=\"Written by\" \/>\n\t<meta name=\"twitter:data1\" content=\"maros\" \/>\n\t<meta name=\"twitter:label2\" content=\"Est. reading time\" \/>\n\t<meta name=\"twitter:data2\" content=\"2 minutes\" \/>\n<script type=\"application\/ld+json\" class=\"yoast-schema-graph\">{\"@context\":\"https:\/\/schema.org\",\"@graph\":[{\"@type\":\"Article\",\"@id\":\"https:\/\/www.smedemokrati.sk\/demokratov-nikdy-nie-je-dost\/#article\",\"isPartOf\":{\"@id\":\"https:\/\/www.smedemokrati.sk\/demokratov-nikdy-nie-je-dost\/\"},\"author\":{\"name\":\"maros\",\"@id\":\"https:\/\/www.smedemokrati.sk\/#\/schema\/person\/bd0990e764a2ab0275700db075c868f2\"},\"headline\":\"Demokratov nikdy nie je dos\u0165. Vitajte Janka a Juraj!\",\"datePublished\":\"2023-04-21T13:10:19+00:00\",\"dateModified\":\"2023-04-26T07:03:39+00:00\",\"mainEntityOfPage\":{\"@id\":\"https:\/\/www.smedemokrati.sk\/demokratov-nikdy-nie-je-dost\/\"},\"wordCount\":331,\"publisher\":{\"@id\":\"https:\/\/www.smedemokrati.sk\/#organization\"},\"image\":{\"@id\":\"https:\/\/www.smedemokrati.sk\/demokratov-nikdy-nie-je-dost\/#primaryimage\"},\"thumbnailUrl\":\"https:\/\/www.smedemokrati.sk\/wp-content\/uploads\/2023\/04\/Demokrati-tlacovka-21.-4.-2023-Jakub-Kovalik-071-scaled.jpg\",\"articleSection\":[\"Tla\u010dov\u00e9 spr\u00e1vy\"],\"inLanguage\":\"en-US\"},{\"@type\":\"WebPage\",\"@id\":\"https:\/\/www.smedemokrati.sk\/demokratov-nikdy-nie-je-dost\/\",\"url\":\"https:\/\/www.smedemokrati.sk\/demokratov-nikdy-nie-je-dost\/\",\"name\":\"Demokratov nikdy nie je dos\u0165. Vitajte Janka a Juraj! - Smedemokrati.sk\",\"isPartOf\":{\"@id\":\"https:\/\/www.smedemokrati.sk\/#website\"},\"primaryImageOfPage\":{\"@id\":\"https:\/\/www.smedemokrati.sk\/demokratov-nikdy-nie-je-dost\/#primaryimage\"},\"image\":{\"@id\":\"https:\/\/www.smedemokrati.sk\/demokratov-nikdy-nie-je-dost\/#primaryimage\"},\"thumbnailUrl\":\"https:\/\/www.smedemokrati.sk\/wp-content\/uploads\/2023\/04\/Demokrati-tlacovka-21.-4.-2023-Jakub-Kovalik-071-scaled.jpg\",\"datePublished\":\"2023-04-21T13:10:19+00:00\",\"dateModified\":\"2023-04-26T07:03:39+00:00\",\"breadcrumb\":{\"@id\":\"https:\/\/www.smedemokrati.sk\/demokratov-nikdy-nie-je-dost\/#breadcrumb\"},\"inLanguage\":\"en-US\",\"potentialAction\":[{\"@type\":\"ReadAction\",\"target\":[\"https:\/\/www.smedemokrati.sk\/demokratov-nikdy-nie-je-dost\/\"]}]},{\"@type\":\"ImageObject\",\"inLanguage\":\"en-US\",\"@id\":\"https:\/\/www.smedemokrati.sk\/demokratov-nikdy-nie-je-dost\/#primaryimage\",\"url\":\"https:\/\/www.smedemokrati.sk\/wp-content\/uploads\/2023\/04\/Demokrati-tlacovka-21.-4.-2023-Jakub-Kovalik-071-scaled.jpg\",\"contentUrl\":\"https:\/\/www.smedemokrati.sk\/wp-content\/uploads\/2023\/04\/Demokrati-tlacovka-21.-4.-2023-Jakub-Kovalik-071-scaled.jpg\",\"width\":2560,\"height\":1704},{\"@type\":\"BreadcrumbList\",\"@id\":\"https:\/\/www.smedemokrati.sk\/demokratov-nikdy-nie-je-dost\/#breadcrumb\",\"itemListElement\":[{\"@type\":\"ListItem\",\"position\":1,\"name\":\"Domovsk\u00e1 str\u00e1nka\",\"item\":\"https:\/\/www.smedemokrati.sk\/\"},{\"@type\":\"ListItem\",\"position\":2,\"name\":\"Demokratov nikdy nie je dos\u0165. Vitajte Janka a Juraj!\"}]},{\"@type\":\"WebSite\",\"@id\":\"https:\/\/www.smedemokrati.sk\/#website\",\"url\":\"https:\/\/www.smedemokrati.sk\/\",\"name\":\"Smedemokrati.sk\",\"description\":\"Demokracia a slu\u0161nos\u0165 zv\u00ed\u0165az\u00ed\",\"publisher\":{\"@id\":\"https:\/\/www.smedemokrati.sk\/#organization\"},\"potentialAction\":[{\"@type\":\"SearchAction\",\"target\":{\"@type\":\"EntryPoint\",\"urlTemplate\":\"https:\/\/www.smedemokrati.sk\/?s={search_term_string}\"},\"query-input\":{\"@type\":\"PropertyValueSpecification\",\"valueRequired\":true,\"valueName\":\"search_term_string\"}}],\"inLanguage\":\"en-US\"},{\"@type\":\"Organization\",\"@id\":\"https:\/\/www.smedemokrati.sk\/#organization\",\"name\":\"Smedemokrati.sk\",\"url\":\"https:\/\/www.smedemokrati.sk\/\",\"logo\":{\"@type\":\"ImageObject\",\"inLanguage\":\"en-US\",\"@id\":\"https:\/\/www.smedemokrati.sk\/#\/schema\/logo\/image\/\",\"url\":\"https:\/\/www.smedemokrati.sk\/wp-content\/uploads\/2023\/04\/ff.002.jpeg\",\"contentUrl\":\"https:\/\/www.smedemokrati.sk\/wp-content\/uploads\/2023\/04\/ff.002.jpeg\",\"width\":640,\"height\":480,\"caption\":\"Smedemokrati.sk\"},\"image\":{\"@id\":\"https:\/\/www.smedemokrati.sk\/#\/schema\/logo\/image\/\"},\"sameAs\":[\"https:\/\/www.facebook.com\/smedemokrati2023\"]},{\"@type\":\"Person\",\"@id\":\"https:\/\/www.smedemokrati.sk\/#\/schema\/person\/bd0990e764a2ab0275700db075c868f2\",\"name\":\"maros\",\"image\":{\"@type\":\"ImageObject\",\"inLanguage\":\"en-US\",\"@id\":\"https:\/\/secure.gravatar.com\/avatar\/d4ec49d1719a815fbf0afdd518c9c759c1998fab3d944dc1e3be24ba4218e4ef?s=96&d=mm&r=g\",\"url\":\"https:\/\/secure.gravatar.com\/avatar\/d4ec49d1719a815fbf0afdd518c9c759c1998fab3d944dc1e3be24ba4218e4ef?s=96&d=mm&r=g\",\"contentUrl\":\"https:\/\/secure.gravatar.com\/avatar\/d4ec49d1719a815fbf0afdd518c9c759c1998fab3d944dc1e3be24ba4218e4ef?s=96&d=mm&r=g\",\"caption\":\"maros\"},\"url\":\"https:\/\/www.smedemokrati.sk\/en\/author\/maros\/\"}]}<\/script>\n<!-- \/ Yoast SEO plugin. -->","yoast_head_json":{"title":"Demokratov nikdy nie je dos\u0165. Vitajte Janka a Juraj! - Smedemokrati.sk","robots":{"index":"index","follow":"follow","max-snippet":"max-snippet:-1","max-image-preview":"max-image-preview:large","max-video-preview":"max-video-preview:-1"},"canonical":"https:\/\/www.smedemokrati.sk\/en\/demokratov-nikdy-nie-je-dost\/","og_locale":"en_US","og_type":"article","og_title":"Demokratov nikdy nie je dos\u0165. Vitajte Janka a Juraj! - Smedemokrati.sk","og_description":"Stranu Demokrati posil\u0148uj\u00fa Juraj \u0160eliga a Jana \u017dit\u0148ansk\u00e1. Do z\u00e1sadn\u00e9ho boja o bud\u00facnos\u0165 demokracie na Slovensku ideme s posilami v k\u013e\u00fa\u010dov\u00fdch oblastiach.&nbsp; \u201cDnes posil\u0148ujeme na\u0161e rady o dvoch kvalitn\u00fdch odborn\u00edkov. Garantov t\u00e9m, ktor\u00e9 s\u00fa pre ob\u010danov d\u00f4le\u017eit\u00e9 a bud\u00fa podrobne rozpracovan\u00e9 v na\u0161om programe. Posil\u0148ujeme pilier spravodlivosti, ochrany pr\u00e1vneho \u0161t\u00e1tu a s\u00fa\u010dasne pomoci znev\u00fdhodnen\u00fdm. Janka [&hellip;]","og_url":"https:\/\/www.smedemokrati.sk\/en\/demokratov-nikdy-nie-je-dost\/","og_site_name":"Smedemokrati.sk","article_publisher":"https:\/\/www.facebook.com\/smedemokrati2023","article_published_time":"2023-04-21T13:10:19+00:00","article_modified_time":"2023-04-26T07:03:39+00:00","og_image":[{"width":2560,"height":1704,"url":"https:\/\/www.smedemokrati.sk\/wp-content\/uploads\/2023\/04\/Demokrati-tlacovka-21.-4.-2023-Jakub-Kovalik-071-scaled.jpg","type":"image\/jpeg"}],"author":"maros","twitter_card":"summary_large_image","twitter_misc":{"Written by":"maros","Est. reading time":"2 minutes"},"schema":{"@context":"https:\/\/schema.org","@graph":[{"@type":"Article","@id":"https:\/\/www.smedemokrati.sk\/demokratov-nikdy-nie-je-dost\/#article","isPartOf":{"@id":"https:\/\/www.smedemokrati.sk\/demokratov-nikdy-nie-je-dost\/"},"author":{"name":"maros","@id":"https:\/\/www.smedemokrati.sk\/#\/schema\/person\/bd0990e764a2ab0275700db075c868f2"},"headline":"Demokratov nikdy nie je dos\u0165. Vitajte Janka a Juraj!","datePublished":"2023-04-21T13:10:19+00:00","dateModified":"2023-04-26T07:03:39+00:00","mainEntityOfPage":{"@id":"https:\/\/www.smedemokrati.sk\/demokratov-nikdy-nie-je-dost\/"},"wordCount":331,"publisher":{"@id":"https:\/\/www.smedemokrati.sk\/#organization"},"image":{"@id":"https:\/\/www.smedemokrati.sk\/demokratov-nikdy-nie-je-dost\/#primaryimage"},"thumbnailUrl":"https:\/\/www.smedemokrati.sk\/wp-content\/uploads\/2023\/04\/Demokrati-tlacovka-21.-4.-2023-Jakub-Kovalik-071-scaled.jpg","articleSection":["Tla\u010dov\u00e9 spr\u00e1vy"],"inLanguage":"en-US"},{"@type":"WebPage","@id":"https:\/\/www.smedemokrati.sk\/demokratov-nikdy-nie-je-dost\/","url":"https:\/\/www.smedemokrati.sk\/demokratov-nikdy-nie-je-dost\/","name":"Demokratov nikdy nie je dos\u0165. Vitajte Janka a Juraj! - Smedemokrati.sk","isPartOf":{"@id":"https:\/\/www.smedemokrati.sk\/#website"},"primaryImageOfPage":{"@id":"https:\/\/www.smedemokrati.sk\/demokratov-nikdy-nie-je-dost\/#primaryimage"},"image":{"@id":"https:\/\/www.smedemokrati.sk\/demokratov-nikdy-nie-je-dost\/#primaryimage"},"thumbnailUrl":"https:\/\/www.smedemokrati.sk\/wp-content\/uploads\/2023\/04\/Demokrati-tlacovka-21.-4.-2023-Jakub-Kovalik-071-scaled.jpg","datePublished":"2023-04-21T13:10:19+00:00","dateModified":"2023-04-26T07:03:39+00:00","breadcrumb":{"@id":"https:\/\/www.smedemokrati.sk\/demokratov-nikdy-nie-je-dost\/#breadcrumb"},"inLanguage":"en-US","potentialAction":[{"@type":"ReadAction","target":["https:\/\/www.smedemokrati.sk\/demokratov-nikdy-nie-je-dost\/"]}]},{"@type":"ImageObject","inLanguage":"en-US","@id":"https:\/\/www.smedemokrati.sk\/demokratov-nikdy-nie-je-dost\/#primaryimage","url":"https:\/\/www.smedemokrati.sk\/wp-content\/uploads\/2023\/04\/Demokrati-tlacovka-21.-4.-2023-Jakub-Kovalik-071-scaled.jpg","contentUrl":"https:\/\/www.smedemokrati.sk\/wp-content\/uploads\/2023\/04\/Demokrati-tlacovka-21.-4.-2023-Jakub-Kovalik-071-scaled.jpg","width":2560,"height":1704},{"@type":"BreadcrumbList","@id":"https:\/\/www.smedemokrati.sk\/demokratov-nikdy-nie-je-dost\/#breadcrumb","itemListElement":[{"@type":"ListItem","position":1,"name":"Domovsk\u00e1 str\u00e1nka","item":"https:\/\/www.smedemokrati.sk\/"},{"@type":"ListItem","position":2,"name":"Demokratov nikdy nie je dos\u0165. Vitajte Janka a Juraj!"}]},{"@type":"WebSite","@id":"https:\/\/www.smedemokrati.sk\/#website","url":"https:\/\/www.smedemokrati.sk\/","name":"Smedemokrati.sk","description":"Demokracia a slu\u0161nos\u0165 zv\u00ed\u0165az\u00ed","publisher":{"@id":"https:\/\/www.smedemokrati.sk\/#organization"},"potentialAction":[{"@type":"SearchAction","target":{"@type":"EntryPoint","urlTemplate":"https:\/\/www.smedemokrati.sk\/?s={search_term_string}"},"query-input":{"@type":"PropertyValueSpecification","valueRequired":true,"valueName":"search_term_string"}}],"inLanguage":"en-US"},{"@type":"Organization","@id":"https:\/\/www.smedemokrati.sk\/#organization","name":"Smedemokrati.sk","url":"https:\/\/www.smedemokrati.sk\/","logo":{"@type":"ImageObject","inLanguage":"en-US","@id":"https:\/\/www.smedemokrati.sk\/#\/schema\/logo\/image\/","url":"https:\/\/www.smedemokrati.sk\/wp-content\/uploads\/2023\/04\/ff.002.jpeg","contentUrl":"https:\/\/www.smedemokrati.sk\/wp-content\/uploads\/2023\/04\/ff.002.jpeg","width":640,"height":480,"caption":"Smedemokrati.sk"},"image":{"@id":"https:\/\/www.smedemokrati.sk\/#\/schema\/logo\/image\/"},"sameAs":["https:\/\/www.facebook.com\/smedemokrati2023"]},{"@type":"Person","@id":"https:\/\/www.smedemokrati.sk\/#\/schema\/person\/bd0990e764a2ab0275700db075c868f2","name":"maros","image":{"@type":"ImageObject","inLanguage":"en-US","@id":"https:\/\/secure.gravatar.com\/avatar\/d4ec49d1719a815fbf0afdd518c9c759c1998fab3d944dc1e3be24ba4218e4ef?s=96&d=mm&r=g","url":"https:\/\/secure.gravatar.com\/avatar\/d4ec49d1719a815fbf0afdd518c9c759c1998fab3d944dc1e3be24ba4218e4ef?s=96&d=mm&r=g","contentUrl":"https:\/\/secure.gravatar.com\/avatar\/d4ec49d1719a815fbf0afdd518c9c759c1998fab3d944dc1e3be24ba4218e4ef?s=96&d=mm&r=g","caption":"maros"},"url":"https:\/\/www.smedemokrati.sk\/en\/author\/maros\/"}]}},"_links":{"self":[{"href":"https:\/\/www.smedemokrati.sk\/en\/wp-json\/wp\/v2\/posts\/639","targetHints":{"allow":["GET"]}}],"collection":[{"href":"https:\/\/www.smedemokrati.sk\/en\/wp-json\/wp\/v2\/posts"}],"about":[{"href":"https:\/\/www.smedemokrati.sk\/en\/wp-json\/wp\/v2\/types\/post"}],"author":[{"embeddable":true,"href":"https:\/\/www.smedemokrati.sk\/en\/wp-json\/wp\/v2\/users\/3"}],"replies":[{"embeddable":true,"href":"https:\/\/www.smedemokrati.sk\/en\/wp-json\/wp\/v2\/comments?post=639"}],"version-history":[{"count":2,"href":"https:\/\/www.smedemokrati.sk\/en\/wp-json\/wp\/v2\/posts\/639\/revisions"}],"predecessor-version":[{"id":643,"href":"https:\/\/www.smedemokrati.sk\/en\/wp-json\/wp\/v2\/posts\/639\/revisions\/643"}],"wp:featuredmedia":[{"embeddable":true,"href":"https:\/\/www.smedemokrati.sk\/en\/wp-json\/wp\/v2\/media\/640"}],"wp:attachment":[{"href":"https:\/\/www.smedemokrati.sk\/en\/wp-json\/wp\/v2\/media?parent=639"}],"wp:term":[{"taxonomy":"category","embeddable":true,"href":"https:\/\/www.smedemokrati.sk\/en\/wp-json\/wp\/v2\/categories?post=639"},{"taxonomy":"post_tag","embeddable":true,"href":"https:\/\/www.smedemokrati.sk\/en\/wp-json\/wp\/v2\/tags?post=639"}],"curies":[{"name":"wp","href":"https:\/\/api.w.org\/{rel}","templated":true}]}}