{"id":6372,"date":"2025-02-12T10:18:50","date_gmt":"2025-02-12T09:18:50","guid":{"rendered":"https:\/\/www.smedemokrati.sk\/?p=6372"},"modified":"2025-02-12T10:18:52","modified_gmt":"2025-02-12T09:18:52","slug":"tarabova-elektraren-je-v-rozpore-s-uzemnym-planom-podavame-podnet-na-generalnu-prokuraturu","status":"publish","type":"post","link":"https:\/\/www.smedemokrati.sk\/en\/tarabova-elektraren-je-v-rozpore-s-uzemnym-planom-podavame-podnet-na-generalnu-prokuraturu\/","title":{"rendered":"Tarabova elektr\u00e1re\u0148 je v rozpore s \u00fazemn\u00fdm pl\u00e1nom, pod\u00e1vame podnet na gener\u00e1lnu prokurat\u00faru"},"content":{"rendered":"<div id=\"fb-root\"><\/div>\n\n<p><strong>Pod\u013ea Demokratov je pl\u00e1novan\u00e1 pre\u010derp\u00e1vacia vodn\u00e1 elektr\u00e1re\u0148 v rozpore s \u00fazemn\u00fdm pl\u00e1nom Banskobystrick\u00e9ho kraja, preto by bola jej v\u00fdstavba v rozpore so z\u00e1konom. Strana podala podnet na Gener\u00e1lnu prokurat\u00faru SR, aby pre\u0161etrila z\u00e1konnos\u0165 postupu ministerstva \u017eivotn\u00e9ho prostredia. Demokrati tie\u017e \u017eiadaj\u00fa, aby ako premi\u00e9r tak minister \u017eivotn\u00e9ho prostredia vycestovali do regi\u00f3nu a stretli sa s dotknut\u00fdmi ob\u010danmi a predstavite\u013emi samospr\u00e1v. V liste, ktor\u00fd odovzdali do podate\u013ene \u00faradu vl\u00e1dy tie\u017e po\u017eiadaj\u00fa, aby&nbsp;vl\u00e1da SR o spornom materi\u00e1li nerokovala.&nbsp;<\/strong><\/p>\n\n\n\n<p><em>\u201ePremi\u00e9r p\u00ed\u0161e listy Elonovi Muskovi, kore\u0161ponduje si s Andrejom Dankom aby zabavil verejnos\u0165, no k v\u00fdstavbe elektr\u00e1rne za vy\u0161e 2 miliardy nepovedal ani slovo. Odniesli sme preto na \u00farad vl\u00e1dy list, v ktorom \u017eiadame v \u00favodzovk\u00e1ch zanepr\u00e1zdnen\u00e9ho premi\u00e9ra, aby sa kone\u010dne venoval ob\u010danom Slovenskej republiky a za\u010dal rie\u0161i\u0165 veci, ktor\u00e9 sa bytostne a \u017eia\u013e, negat\u00edvne maj\u00fa dotkn\u00fa\u0165 \u013eud\u00ed na Podpo\u013ean\u00ed. P\u00fdtam sa, pre\u010do premi\u00e9r nejde za ob\u010danmi na Podpo\u013eanie a pre\u010do sa s nimi neporozpr\u00e1va, ke\u010f sa to\u013eko hrd\u00ed, ako jeho vl\u00e1da nerozhoduje z Bratislavy od zelen\u00e9ho stola.&#8221;\u00a0<\/em>Hovor\u00ed Jaroslav Na\u010f, predseda Demokratov.<\/p>\n\n\n\n<p>Enviroexpert strany Michal Ki\u010da, ktor\u00fd na Tarabov z\u00e1mer upozornil kritizuje, \u017ee je v rozpore s \u00fazemn\u00fdm pl\u00e1nom Banskobystrick\u00e9ho samospr\u00e1vneho kraja:\u00a0<em>\u201eJe vysoko ne\u0161tandardn\u00e9, aby lehota na posielanie pripomienok k\u00a0tak z\u00e1va\u017en\u00e9mu materi\u00e1lu s\u00a0takou ve\u013ekou invest\u00edciou bola len 5 dn\u00ed. Do dne\u0161n\u00e9ho d\u0148a bolo predlo\u017een\u00fdch viacero hromadn\u00fdch pripomienok. Len na\u0161ej strane sa podarilo vyzbiera\u0165 cez 21\u00a0000 podpisov. V liste tie\u017e upozor\u0148ujeme premi\u00e9ra, \u017ee postup ministra \u017eivotn\u00e9ho prostredia Tarabu je v\u00a0rozpore so z\u00e1konom, preto\u017ee pl\u00e1novan\u00e1 v\u00fdstavba je v\u00a0rozpore s\u00a0\u00fazemn\u00fdm pl\u00e1nom Banskobystrick\u00e9ho samospr\u00e1vneho kraja. In\u00fdmi slovami, nem\u00f4\u017ee by\u0165 pos\u00faden\u00e1 ako strategick\u00e1 invest\u00edcia v\u00a0zmysle pr\u00edslu\u0161n\u00fdch pr\u00e1vnych predpisov.&#8221;\u00a0<\/em>Michal Ki\u010da dod\u00e1va, \u017ee ke\u010f\u017ee neboli splnen\u00e9 podmienky pre ur\u010denie z\u00e1meru za strategick\u00fa invest\u00edciu, M\u017dP bolo povinn\u00e9 zamietnu\u0165 \u017eiados\u0165 zo strany vodohospod\u00e1rskej v\u00fdstavby a nie predlo\u017ei\u0165 ju do \u010fal\u0161ieho schva\u013eovacieho procesu a na rokovanie vl\u00e1dy.<\/p>\n\n\n\n<p>Juraj \u0160eliga, podpredseda Demokratov \u017eiada, aby sa o materi\u00e1li nerokovalo na zasadnut\u00ed vl\u00e1dy:\u00a0<em>\u201ePostup, ktor\u00fd presadzuje minister \u017eivotn\u00e9ho prostredia Taraba je v\u00fdsmechom legislat\u00edvneho konania a\u00a0najm\u00e4 p\u013euvancom do o\u010d\u00ed \u013eud\u00ed po celom Slovensku, najm\u00e4 v\u00a0tomto pr\u00edpade na Podpo\u013ean\u00ed. Tak v\u00fdznamn\u00e1 invest\u00edcia, s\u00a0tak\u00fdm dopadom na \u017eivoty \u013eud\u00ed a\u00a0rovnako ochranu pr\u00edrody sa nepripomienkuje 5 dn\u00ed a\u00a0bez verejnej diskusie, nie je to k\u00fapa pomaran\u010dov na trhovisku, aby vl\u00e1da o\u00a0tom ml\u010dala a\u00a0neumo\u017enila \u0161tandardn\u00e9 konania s\u00a0poctivou verejnou diskusiou. Vl\u00e1da za t\u00fdchto okolnost\u00ed nem\u00f4\u017ee rokova\u0165 o v\u00fdstavbe elektr\u00e1rne. Nehovoriac o fakte, \u017ee tento materi\u00e1l je v rozpore so z\u00e1konom o strategick\u00fdch invest\u00edci\u00e1ch a teda nem\u00f4\u017ee by\u0165 zaraden\u00fd na vl\u00e1du. Ak to Fico a Taraba urobia m\u00f4\u017ee to zaklada\u0165 aj trestnopr\u00e1vnu zodpovednos\u0165 pre zneu\u017eitie pr\u00e1vomoci verejn\u00e9ho \u010dinite\u013ea.&#8221;<\/em><\/p>\n\n\n\n<p><strong>List premi\u00e9rovi:<\/strong><\/p>\n\n\n\n<div class=\"wp-block-file\"><a id=\"wp-block-file--media-5b8621ff-2397-4c1f-b98f-b3ad79484d19\" href=\"https:\/\/www.smedemokrati.sk\/wp-content\/uploads\/2025\/02\/2K25-02-12-list_Fico_Malinec.pdf\" target=\"_blank\" rel=\"noreferrer noopener\">2K25-02-12 list_Fico_Malinec<\/a><a href=\"https:\/\/www.smedemokrati.sk\/wp-content\/uploads\/2025\/02\/2K25-02-12-list_Fico_Malinec.pdf\" class=\"wp-block-file__button wp-element-button\" download aria-describedby=\"wp-block-file--media-5b8621ff-2397-4c1f-b98f-b3ad79484d19\">Stiahnu\u0165<\/a><\/div>\n\n\n<div class=\"fb-video\" data-href=\"https:\/\/fb.watch\/xI6OPfxukS\" data-allowfullscreen=\"true\" data-autoplay=\"false\" data-width=\"\" data-show-text=\"false\" data-show-captions=\"true\"><\/div>\n","protected":false},"excerpt":{"rendered":"<p>Pod\u013ea Demokratov je pl\u00e1novan\u00e1 pre\u010derp\u00e1vacia vodn\u00e1 elektr\u00e1re\u0148 v rozpore s \u00fazemn\u00fdm pl\u00e1nom Banskobystrick\u00e9ho kraja, preto by bola jej v\u00fdstavba v rozpore so z\u00e1konom. Strana podala podnet na Gener\u00e1lnu prokurat\u00faru SR, aby pre\u0161etrila z\u00e1konnos\u0165 postupu ministerstva \u017eivotn\u00e9ho prostredia. Demokrati tie\u017e \u017eiadaj\u00fa, aby ako premi\u00e9r tak minister \u017eivotn\u00e9ho prostredia vycestovali do regi\u00f3nu a stretli sa s dotknut\u00fdmi [&hellip;]<\/p>\n","protected":false},"author":13,"featured_media":6374,"comment_status":"closed","ping_status":"closed","sticky":false,"template":"","format":"standard","meta":{"_acf_changed":false,"ngg_post_thumbnail":0,"footnotes":""},"categories":[4],"tags":[],"class_list":["post-6372","post","type-post","status-publish","format-standard","has-post-thumbnail","hentry","category-tlacove-spravy"],"acf":[],"yoast_head":"<!-- This site is optimized with the Yoast SEO plugin v27.2 - https:\/\/yoast.com\/product\/yoast-seo-wordpress\/ -->\n<title>Tarabova elektr\u00e1re\u0148 je v rozpore s \u00fazemn\u00fdm pl\u00e1nom, pod\u00e1vame podnet na gener\u00e1lnu prokurat\u00faru<\/title>\n<meta name=\"robots\" content=\"index, follow, max-snippet:-1, max-image-preview:large, max-video-preview:-1\" \/>\n<link rel=\"canonical\" href=\"https:\/\/www.smedemokrati.sk\/en\/tarabova-elektraren-je-v-rozpore-s-uzemnym-planom-podavame-podnet-na-generalnu-prokuraturu\/\" \/>\n<meta property=\"og:locale\" content=\"en_US\" \/>\n<meta property=\"og:locale:alternate\" content=\"cs_CZ\" \/>\n<meta property=\"og:locale:alternate\" content=\"hu_HU\" \/>\n<meta property=\"og:locale:alternate\" content=\"sk_SK\" \/>\n<meta property=\"og:locale:alternate\" content=\"sv_SE\" \/>\n<meta property=\"og:type\" content=\"article\" \/>\n<meta property=\"og:title\" content=\"Tarabova elektr\u00e1re\u0148 je v rozpore s \u00fazemn\u00fdm pl\u00e1nom, pod\u00e1vame podnet na gener\u00e1lnu prokurat\u00faru\" \/>\n<meta property=\"og:description\" content=\"Pod\u013ea Demokratov je pl\u00e1novan\u00e1 pre\u010derp\u00e1vacia vodn\u00e1 elektr\u00e1re\u0148 v rozpore s \u00fazemn\u00fdm pl\u00e1nom Banskobystrick\u00e9ho kraja, preto by bola jej v\u00fdstavba v rozpore so z\u00e1konom. Strana podala podnet na Gener\u00e1lnu prokurat\u00faru SR, aby pre\u0161etrila z\u00e1konnos\u0165 postupu ministerstva \u017eivotn\u00e9ho prostredia. Demokrati tie\u017e \u017eiadaj\u00fa, aby ako premi\u00e9r tak minister \u017eivotn\u00e9ho prostredia vycestovali do regi\u00f3nu a stretli sa s dotknut\u00fdmi [&hellip;]\" \/>\n<meta property=\"og:url\" content=\"https:\/\/www.smedemokrati.sk\/en\/tarabova-elektraren-je-v-rozpore-s-uzemnym-planom-podavame-podnet-na-generalnu-prokuraturu\/\" \/>\n<meta property=\"og:site_name\" content=\"Smedemokrati.sk\" \/>\n<meta property=\"article:publisher\" content=\"https:\/\/www.facebook.com\/smedemokrati2023\" \/>\n<meta property=\"article:published_time\" content=\"2025-02-12T09:18:50+00:00\" \/>\n<meta property=\"article:modified_time\" content=\"2025-02-12T09:18:52+00:00\" \/>\n<meta property=\"og:image\" content=\"https:\/\/www.smedemokrati.sk\/wp-content\/uploads\/2025\/02\/list-premierovi.jpg\" \/>\n\t<meta property=\"og:image:width\" content=\"766\" \/>\n\t<meta property=\"og:image:height\" content=\"419\" \/>\n\t<meta property=\"og:image:type\" content=\"image\/jpeg\" \/>\n<meta name=\"author\" content=\"miro.sopko\" \/>\n<meta name=\"twitter:card\" content=\"summary_large_image\" \/>\n<meta name=\"twitter:label1\" content=\"Written by\" \/>\n\t<meta name=\"twitter:data1\" content=\"miro.sopko\" \/>\n\t<meta name=\"twitter:label2\" content=\"Est. reading time\" \/>\n\t<meta name=\"twitter:data2\" content=\"3 minutes\" \/>\n<script type=\"application\/ld+json\" class=\"yoast-schema-graph\">{\"@context\":\"https:\/\/schema.org\",\"@graph\":[{\"@type\":\"Article\",\"@id\":\"https:\/\/www.smedemokrati.sk\/tarabova-elektraren-je-v-rozpore-s-uzemnym-planom-podavame-podnet-na-generalnu-prokuraturu\/#article\",\"isPartOf\":{\"@id\":\"https:\/\/www.smedemokrati.sk\/tarabova-elektraren-je-v-rozpore-s-uzemnym-planom-podavame-podnet-na-generalnu-prokuraturu\/\"},\"author\":{\"name\":\"miro.sopko\",\"@id\":\"https:\/\/www.smedemokrati.sk\/#\/schema\/person\/21f147c88d605aa7ded900e1e7c344ba\"},\"headline\":\"Tarabova elektr\u00e1re\u0148 je v rozpore s \u00fazemn\u00fdm pl\u00e1nom, pod\u00e1vame podnet na gener\u00e1lnu prokurat\u00faru\",\"datePublished\":\"2025-02-12T09:18:50+00:00\",\"dateModified\":\"2025-02-12T09:18:52+00:00\",\"mainEntityOfPage\":{\"@id\":\"https:\/\/www.smedemokrati.sk\/tarabova-elektraren-je-v-rozpore-s-uzemnym-planom-podavame-podnet-na-generalnu-prokuraturu\/\"},\"wordCount\":608,\"publisher\":{\"@id\":\"https:\/\/www.smedemokrati.sk\/#organization\"},\"image\":{\"@id\":\"https:\/\/www.smedemokrati.sk\/tarabova-elektraren-je-v-rozpore-s-uzemnym-planom-podavame-podnet-na-generalnu-prokuraturu\/#primaryimage\"},\"thumbnailUrl\":\"https:\/\/www.smedemokrati.sk\/wp-content\/uploads\/2025\/02\/list-premierovi.jpg\",\"articleSection\":[\"Tla\u010dov\u00e9 spr\u00e1vy\"],\"inLanguage\":\"en-US\"},{\"@type\":\"WebPage\",\"@id\":\"https:\/\/www.smedemokrati.sk\/tarabova-elektraren-je-v-rozpore-s-uzemnym-planom-podavame-podnet-na-generalnu-prokuraturu\/\",\"url\":\"https:\/\/www.smedemokrati.sk\/tarabova-elektraren-je-v-rozpore-s-uzemnym-planom-podavame-podnet-na-generalnu-prokuraturu\/\",\"name\":\"Tarabova elektr\u00e1re\u0148 je v rozpore s \u00fazemn\u00fdm pl\u00e1nom, pod\u00e1vame podnet na gener\u00e1lnu prokurat\u00faru\",\"isPartOf\":{\"@id\":\"https:\/\/www.smedemokrati.sk\/#website\"},\"primaryImageOfPage\":{\"@id\":\"https:\/\/www.smedemokrati.sk\/tarabova-elektraren-je-v-rozpore-s-uzemnym-planom-podavame-podnet-na-generalnu-prokuraturu\/#primaryimage\"},\"image\":{\"@id\":\"https:\/\/www.smedemokrati.sk\/tarabova-elektraren-je-v-rozpore-s-uzemnym-planom-podavame-podnet-na-generalnu-prokuraturu\/#primaryimage\"},\"thumbnailUrl\":\"https:\/\/www.smedemokrati.sk\/wp-content\/uploads\/2025\/02\/list-premierovi.jpg\",\"datePublished\":\"2025-02-12T09:18:50+00:00\",\"dateModified\":\"2025-02-12T09:18:52+00:00\",\"breadcrumb\":{\"@id\":\"https:\/\/www.smedemokrati.sk\/tarabova-elektraren-je-v-rozpore-s-uzemnym-planom-podavame-podnet-na-generalnu-prokuraturu\/#breadcrumb\"},\"inLanguage\":\"en-US\",\"potentialAction\":[{\"@type\":\"ReadAction\",\"target\":[\"https:\/\/www.smedemokrati.sk\/tarabova-elektraren-je-v-rozpore-s-uzemnym-planom-podavame-podnet-na-generalnu-prokuraturu\/\"]}]},{\"@type\":\"ImageObject\",\"inLanguage\":\"en-US\",\"@id\":\"https:\/\/www.smedemokrati.sk\/tarabova-elektraren-je-v-rozpore-s-uzemnym-planom-podavame-podnet-na-generalnu-prokuraturu\/#primaryimage\",\"url\":\"https:\/\/www.smedemokrati.sk\/wp-content\/uploads\/2025\/02\/list-premierovi.jpg\",\"contentUrl\":\"https:\/\/www.smedemokrati.sk\/wp-content\/uploads\/2025\/02\/list-premierovi.jpg\",\"width\":766,\"height\":419},{\"@type\":\"BreadcrumbList\",\"@id\":\"https:\/\/www.smedemokrati.sk\/tarabova-elektraren-je-v-rozpore-s-uzemnym-planom-podavame-podnet-na-generalnu-prokuraturu\/#breadcrumb\",\"itemListElement\":[{\"@type\":\"ListItem\",\"position\":1,\"name\":\"Domovsk\u00e1 str\u00e1nka\",\"item\":\"https:\/\/www.smedemokrati.sk\/\"},{\"@type\":\"ListItem\",\"position\":2,\"name\":\"Tarabova elektr\u00e1re\u0148 je v rozpore s \u00fazemn\u00fdm pl\u00e1nom, pod\u00e1vame podnet na gener\u00e1lnu prokurat\u00faru\"}]},{\"@type\":\"WebSite\",\"@id\":\"https:\/\/www.smedemokrati.sk\/#website\",\"url\":\"https:\/\/www.smedemokrati.sk\/\",\"name\":\"Smedemokrati.sk\",\"description\":\"Demokracia a slu\u0161nos\u0165 zv\u00ed\u0165az\u00ed\",\"publisher\":{\"@id\":\"https:\/\/www.smedemokrati.sk\/#organization\"},\"potentialAction\":[{\"@type\":\"SearchAction\",\"target\":{\"@type\":\"EntryPoint\",\"urlTemplate\":\"https:\/\/www.smedemokrati.sk\/?s={search_term_string}\"},\"query-input\":{\"@type\":\"PropertyValueSpecification\",\"valueRequired\":true,\"valueName\":\"search_term_string\"}}],\"inLanguage\":\"en-US\"},{\"@type\":\"Organization\",\"@id\":\"https:\/\/www.smedemokrati.sk\/#organization\",\"name\":\"Smedemokrati.sk\",\"url\":\"https:\/\/www.smedemokrati.sk\/\",\"logo\":{\"@type\":\"ImageObject\",\"inLanguage\":\"en-US\",\"@id\":\"https:\/\/www.smedemokrati.sk\/#\/schema\/logo\/image\/\",\"url\":\"https:\/\/www.smedemokrati.sk\/wp-content\/uploads\/2023\/04\/ff.002.jpeg\",\"contentUrl\":\"https:\/\/www.smedemokrati.sk\/wp-content\/uploads\/2023\/04\/ff.002.jpeg\",\"width\":640,\"height\":480,\"caption\":\"Smedemokrati.sk\"},\"image\":{\"@id\":\"https:\/\/www.smedemokrati.sk\/#\/schema\/logo\/image\/\"},\"sameAs\":[\"https:\/\/www.facebook.com\/smedemokrati2023\"]},{\"@type\":\"Person\",\"@id\":\"https:\/\/www.smedemokrati.sk\/#\/schema\/person\/21f147c88d605aa7ded900e1e7c344ba\",\"name\":\"miro.sopko\",\"image\":{\"@type\":\"ImageObject\",\"inLanguage\":\"en-US\",\"@id\":\"https:\/\/secure.gravatar.com\/avatar\/267e4a36f704376c109afe3a78740c1f5dd8675a2180a908699e7863c9247606?s=96&d=mm&r=g\",\"url\":\"https:\/\/secure.gravatar.com\/avatar\/267e4a36f704376c109afe3a78740c1f5dd8675a2180a908699e7863c9247606?s=96&d=mm&r=g\",\"contentUrl\":\"https:\/\/secure.gravatar.com\/avatar\/267e4a36f704376c109afe3a78740c1f5dd8675a2180a908699e7863c9247606?s=96&d=mm&r=g\",\"caption\":\"miro.sopko\"},\"url\":\"https:\/\/www.smedemokrati.sk\/en\/author\/miro-sopko\/\"}]}<\/script>\n<!-- \/ Yoast SEO plugin. -->","yoast_head_json":{"title":"Tarabova elektr\u00e1re\u0148 je v rozpore s \u00fazemn\u00fdm pl\u00e1nom, pod\u00e1vame podnet na gener\u00e1lnu prokurat\u00faru","robots":{"index":"index","follow":"follow","max-snippet":"max-snippet:-1","max-image-preview":"max-image-preview:large","max-video-preview":"max-video-preview:-1"},"canonical":"https:\/\/www.smedemokrati.sk\/en\/tarabova-elektraren-je-v-rozpore-s-uzemnym-planom-podavame-podnet-na-generalnu-prokuraturu\/","og_locale":"en_US","og_type":"article","og_title":"[:sk]Tarabova elektr\u00e1re\u0148 je v rozpore s \u00fazemn\u00fdm pl\u00e1nom, pod\u00e1vame podnet na gener\u00e1lnu prokurat\u00faru[:] - Smedemokrati.sk","og_description":"Pod\u013ea Demokratov je pl\u00e1novan\u00e1 pre\u010derp\u00e1vacia vodn\u00e1 elektr\u00e1re\u0148 v rozpore s \u00fazemn\u00fdm pl\u00e1nom Banskobystrick\u00e9ho kraja, preto by bola jej v\u00fdstavba v rozpore so z\u00e1konom. Strana podala podnet na Gener\u00e1lnu prokurat\u00faru SR, aby pre\u0161etrila z\u00e1konnos\u0165 postupu ministerstva \u017eivotn\u00e9ho prostredia. Demokrati tie\u017e \u017eiadaj\u00fa, aby ako premi\u00e9r tak minister \u017eivotn\u00e9ho prostredia vycestovali do regi\u00f3nu a stretli sa s dotknut\u00fdmi [&hellip;]","og_url":"https:\/\/www.smedemokrati.sk\/en\/tarabova-elektraren-je-v-rozpore-s-uzemnym-planom-podavame-podnet-na-generalnu-prokuraturu\/","og_site_name":"Smedemokrati.sk","article_publisher":"https:\/\/www.facebook.com\/smedemokrati2023","article_published_time":"2025-02-12T09:18:50+00:00","article_modified_time":"2025-02-12T09:18:52+00:00","og_image":[{"width":766,"height":419,"url":"https:\/\/www.smedemokrati.sk\/wp-content\/uploads\/2025\/02\/list-premierovi.jpg","type":"image\/jpeg"}],"author":"miro.sopko","twitter_card":"summary_large_image","twitter_misc":{"Written by":"miro.sopko","Est. reading time":"3 minutes"},"schema":{"@context":"https:\/\/schema.org","@graph":[{"@type":"Article","@id":"https:\/\/www.smedemokrati.sk\/tarabova-elektraren-je-v-rozpore-s-uzemnym-planom-podavame-podnet-na-generalnu-prokuraturu\/#article","isPartOf":{"@id":"https:\/\/www.smedemokrati.sk\/tarabova-elektraren-je-v-rozpore-s-uzemnym-planom-podavame-podnet-na-generalnu-prokuraturu\/"},"author":{"name":"miro.sopko","@id":"https:\/\/www.smedemokrati.sk\/#\/schema\/person\/21f147c88d605aa7ded900e1e7c344ba"},"headline":"Tarabova elektr\u00e1re\u0148 je v rozpore s \u00fazemn\u00fdm pl\u00e1nom, pod\u00e1vame podnet na gener\u00e1lnu prokurat\u00faru","datePublished":"2025-02-12T09:18:50+00:00","dateModified":"2025-02-12T09:18:52+00:00","mainEntityOfPage":{"@id":"https:\/\/www.smedemokrati.sk\/tarabova-elektraren-je-v-rozpore-s-uzemnym-planom-podavame-podnet-na-generalnu-prokuraturu\/"},"wordCount":608,"publisher":{"@id":"https:\/\/www.smedemokrati.sk\/#organization"},"image":{"@id":"https:\/\/www.smedemokrati.sk\/tarabova-elektraren-je-v-rozpore-s-uzemnym-planom-podavame-podnet-na-generalnu-prokuraturu\/#primaryimage"},"thumbnailUrl":"https:\/\/www.smedemokrati.sk\/wp-content\/uploads\/2025\/02\/list-premierovi.jpg","articleSection":["Tla\u010dov\u00e9 spr\u00e1vy"],"inLanguage":"en-US"},{"@type":"WebPage","@id":"https:\/\/www.smedemokrati.sk\/tarabova-elektraren-je-v-rozpore-s-uzemnym-planom-podavame-podnet-na-generalnu-prokuraturu\/","url":"https:\/\/www.smedemokrati.sk\/tarabova-elektraren-je-v-rozpore-s-uzemnym-planom-podavame-podnet-na-generalnu-prokuraturu\/","name":"Tarabova elektr\u00e1re\u0148 je v rozpore s \u00fazemn\u00fdm pl\u00e1nom, pod\u00e1vame podnet na gener\u00e1lnu prokurat\u00faru","isPartOf":{"@id":"https:\/\/www.smedemokrati.sk\/#website"},"primaryImageOfPage":{"@id":"https:\/\/www.smedemokrati.sk\/tarabova-elektraren-je-v-rozpore-s-uzemnym-planom-podavame-podnet-na-generalnu-prokuraturu\/#primaryimage"},"image":{"@id":"https:\/\/www.smedemokrati.sk\/tarabova-elektraren-je-v-rozpore-s-uzemnym-planom-podavame-podnet-na-generalnu-prokuraturu\/#primaryimage"},"thumbnailUrl":"https:\/\/www.smedemokrati.sk\/wp-content\/uploads\/2025\/02\/list-premierovi.jpg","datePublished":"2025-02-12T09:18:50+00:00","dateModified":"2025-02-12T09:18:52+00:00","breadcrumb":{"@id":"https:\/\/www.smedemokrati.sk\/tarabova-elektraren-je-v-rozpore-s-uzemnym-planom-podavame-podnet-na-generalnu-prokuraturu\/#breadcrumb"},"inLanguage":"en-US","potentialAction":[{"@type":"ReadAction","target":["https:\/\/www.smedemokrati.sk\/tarabova-elektraren-je-v-rozpore-s-uzemnym-planom-podavame-podnet-na-generalnu-prokuraturu\/"]}]},{"@type":"ImageObject","inLanguage":"en-US","@id":"https:\/\/www.smedemokrati.sk\/tarabova-elektraren-je-v-rozpore-s-uzemnym-planom-podavame-podnet-na-generalnu-prokuraturu\/#primaryimage","url":"https:\/\/www.smedemokrati.sk\/wp-content\/uploads\/2025\/02\/list-premierovi.jpg","contentUrl":"https:\/\/www.smedemokrati.sk\/wp-content\/uploads\/2025\/02\/list-premierovi.jpg","width":766,"height":419},{"@type":"BreadcrumbList","@id":"https:\/\/www.smedemokrati.sk\/tarabova-elektraren-je-v-rozpore-s-uzemnym-planom-podavame-podnet-na-generalnu-prokuraturu\/#breadcrumb","itemListElement":[{"@type":"ListItem","position":1,"name":"Domovsk\u00e1 str\u00e1nka","item":"https:\/\/www.smedemokrati.sk\/"},{"@type":"ListItem","position":2,"name":"Tarabova elektr\u00e1re\u0148 je v rozpore s \u00fazemn\u00fdm pl\u00e1nom, pod\u00e1vame podnet na gener\u00e1lnu prokurat\u00faru"}]},{"@type":"WebSite","@id":"https:\/\/www.smedemokrati.sk\/#website","url":"https:\/\/www.smedemokrati.sk\/","name":"Smedemokrati.sk","description":"Demokracia a slu\u0161nos\u0165 zv\u00ed\u0165az\u00ed","publisher":{"@id":"https:\/\/www.smedemokrati.sk\/#organization"},"potentialAction":[{"@type":"SearchAction","target":{"@type":"EntryPoint","urlTemplate":"https:\/\/www.smedemokrati.sk\/?s={search_term_string}"},"query-input":{"@type":"PropertyValueSpecification","valueRequired":true,"valueName":"search_term_string"}}],"inLanguage":"en-US"},{"@type":"Organization","@id":"https:\/\/www.smedemokrati.sk\/#organization","name":"Smedemokrati.sk","url":"https:\/\/www.smedemokrati.sk\/","logo":{"@type":"ImageObject","inLanguage":"en-US","@id":"https:\/\/www.smedemokrati.sk\/#\/schema\/logo\/image\/","url":"https:\/\/www.smedemokrati.sk\/wp-content\/uploads\/2023\/04\/ff.002.jpeg","contentUrl":"https:\/\/www.smedemokrati.sk\/wp-content\/uploads\/2023\/04\/ff.002.jpeg","width":640,"height":480,"caption":"Smedemokrati.sk"},"image":{"@id":"https:\/\/www.smedemokrati.sk\/#\/schema\/logo\/image\/"},"sameAs":["https:\/\/www.facebook.com\/smedemokrati2023"]},{"@type":"Person","@id":"https:\/\/www.smedemokrati.sk\/#\/schema\/person\/21f147c88d605aa7ded900e1e7c344ba","name":"miro.sopko","image":{"@type":"ImageObject","inLanguage":"en-US","@id":"https:\/\/secure.gravatar.com\/avatar\/267e4a36f704376c109afe3a78740c1f5dd8675a2180a908699e7863c9247606?s=96&d=mm&r=g","url":"https:\/\/secure.gravatar.com\/avatar\/267e4a36f704376c109afe3a78740c1f5dd8675a2180a908699e7863c9247606?s=96&d=mm&r=g","contentUrl":"https:\/\/secure.gravatar.com\/avatar\/267e4a36f704376c109afe3a78740c1f5dd8675a2180a908699e7863c9247606?s=96&d=mm&r=g","caption":"miro.sopko"},"url":"https:\/\/www.smedemokrati.sk\/en\/author\/miro-sopko\/"}]}},"_links":{"self":[{"href":"https:\/\/www.smedemokrati.sk\/en\/wp-json\/wp\/v2\/posts\/6372","targetHints":{"allow":["GET"]}}],"collection":[{"href":"https:\/\/www.smedemokrati.sk\/en\/wp-json\/wp\/v2\/posts"}],"about":[{"href":"https:\/\/www.smedemokrati.sk\/en\/wp-json\/wp\/v2\/types\/post"}],"author":[{"embeddable":true,"href":"https:\/\/www.smedemokrati.sk\/en\/wp-json\/wp\/v2\/users\/13"}],"replies":[{"embeddable":true,"href":"https:\/\/www.smedemokrati.sk\/en\/wp-json\/wp\/v2\/comments?post=6372"}],"version-history":[{"count":1,"href":"https:\/\/www.smedemokrati.sk\/en\/wp-json\/wp\/v2\/posts\/6372\/revisions"}],"predecessor-version":[{"id":6375,"href":"https:\/\/www.smedemokrati.sk\/en\/wp-json\/wp\/v2\/posts\/6372\/revisions\/6375"}],"wp:featuredmedia":[{"embeddable":true,"href":"https:\/\/www.smedemokrati.sk\/en\/wp-json\/wp\/v2\/media\/6374"}],"wp:attachment":[{"href":"https:\/\/www.smedemokrati.sk\/en\/wp-json\/wp\/v2\/media?parent=6372"}],"wp:term":[{"taxonomy":"category","embeddable":true,"href":"https:\/\/www.smedemokrati.sk\/en\/wp-json\/wp\/v2\/categories?post=6372"},{"taxonomy":"post_tag","embeddable":true,"href":"https:\/\/www.smedemokrati.sk\/en\/wp-json\/wp\/v2\/tags?post=6372"}],"curies":[{"name":"wp","href":"https:\/\/api.w.org\/{rel}","templated":true}]}}