{"id":6352,"date":"2025-02-10T16:32:44","date_gmt":"2025-02-10T15:32:44","guid":{"rendered":"https:\/\/www.smedemokrati.sk\/?p=6352"},"modified":"2025-02-10T16:32:45","modified_gmt":"2025-02-10T15:32:45","slug":"proti-vystavbe-priehrady-za-24-miliardy-sa-podpisalo-vyse-20-tisic-ludi","status":"publish","type":"post","link":"https:\/\/www.smedemokrati.sk\/en\/proti-vystavbe-priehrady-za-24-miliardy-sa-podpisalo-vyse-20-tisic-ludi\/","title":{"rendered":"Proti v\u00fdstavbe priehrady za 2,4 miliardy sa podp\u00edsalo vy\u0161e 20 tis\u00edc \u013eud\u00ed"},"content":{"rendered":"<div id=\"fb-root\"><\/div>\n\n<p><strong>Demokrati odovzdali na ministerstve \u017eivotn\u00e9ho prostredia hromadn\u00fa pripomienku, pod ktor\u00fa sa od piatka podp\u00edsalo 20 551 ob\u010danov. Nes\u00fahlasia s v\u00fdstavbou vodnej pre\u010derp\u00e1vacej elektr\u00e1rne, pre ktor\u00fa by viacer\u00ed pri\u0161li o svoje nehnute\u013enosti a pozemky na Podpo\u013ean\u00ed. Predkladatelia hromadnej pripomienky bud\u00fa musie\u0165 by\u0165 prizvan\u00ed na rokovanie k z\u00e1meru. Bez prerokovania pripomienok nem\u00f4\u017ee legislat\u00edvny proces pokra\u010dova\u0165. Ak by sa to aj napriek tomu vl\u00e1da rozhodla schv\u00e1li\u0165, Demokrati sa obratia na \u00fastavn\u00fd s\u00fad.<\/strong><\/p>\n\n\n\n<p><em>\u201ePre stovky \u013eud\u00ed, ktor\u00ed by boli t\u00fdmto projektom zasiahnut\u00ed ide doslova o existen\u010dn\u00fa vec. Chceme aby Taraba stiahol tento n\u00e1vrh, ktor\u00fd chcel doslova ututla\u0165 a aby \u010falej o tomto vl\u00e1da nerokovala. Tento z\u00e1mer nem\u00e1 ekonomick\u00e9 opodstatnenie, ohrozuje zdroj pitnej vody &#8211; M\u00e1linec a nem\u00e1me \u017eiadne relevantn\u00e9 podklady, ktor\u00e9 by hovorili o n\u00e1vratnosti projektu. Nehovoriac o tom, \u017ee na cel\u00fd pripomienkovac\u00ed proces bolo len 5 dn\u00ed, \u010do je absol\u00fatne \u0161kandal\u00f3zne.&#8221; H<\/em>ovor\u00ed Michal Ki\u010da a \u010fakuje v\u0161etk\u00fdm, ktor\u00ed sa do hromadnej pripomienky zapojili. Z\u00e1rove\u0148 tvrd\u00ed, \u017ee pod\u013ea starostov dotknut\u00fdch obc\u00ed sa Taraba &#8220;vyhr\u00e1\u017ea&#8221;, \u017ee bu\u010f bud\u00fa s\u00fahlasi\u0165 s vybudovan\u00edm priehrady, alebo na mieste vznikne \u00falo\u017eisko jadrov\u00e9ho odpadu.\u00a0<\/p>\n\n\n\n<p><em>\u201eV\u0161imli ste si, \u017ee minister \u017eivotn\u00e9ho prostredia na svojej tla\u010dovke k priehrade ani raz nespomenul \u017eivotn\u00e9 prostredie? Ve\u010f je to absurd, \u017ea cel\u00fd \u010das len rie\u0161il k\u0161efty, biznis a ani raz nepovedal ak\u00fd dopad bude ma\u0165 mega projekt na podpo\u013eansk\u00fa pr\u00edrodu.\u00a0Pre\u010do p\u00e1n minister zaml\u010dal, \u017ee projekt je v rozpore s \u00fazemn\u00fdm pl\u00e1nom Banskobystrick\u00e9ho samospr\u00e1vneho kraja a dotknut\u00fdch obc\u00ed?&#8221;<\/em>\u00a0Hovor\u00ed Jaroslav Na\u010f, predseda Demokratov, ktor\u00fd sa spolu s Michalom Ki\u010dom, enviroexpertom strany z\u00fa\u010dastnil stretnutia s verejnos\u0165ou z dotknut\u00fdch obc\u00ed, kde v\u0161ak \u017eiaden z\u00e1stupca rezortu \u017eivotn\u00e9ho prostredia nepri\u0161iel.\u00a0<\/p>\n\n\n\n<p><em>\u201eHromadn\u00e1 pripomienka znamen\u00e1, \u017ee jej predkladatelia bud\u00fa musie\u0165 by\u0165 prizvan\u00ed na odborn\u00e9 rokovanie. Sme pripraven\u00ed r\u00e1zne argumentova\u0165 a bojova\u0165 za z\u00e1ujmy nielen slovenskej pr\u00edrody, ale aj tamoj\u0161\u00edch obyvate\u013eov. Je to mega projekt za 2,4 miliardy, podot\u00fdkam, v \u010dase konsolid\u00e1cie. P\u00fdtam sa, kde je t\u00e1 hranica, \u017ee sa premi\u00e9r Fico za\u010dne zauj\u00edma\u0165 o nejak\u00fa t\u00e9mu? Je 2,4 e\u0161te m\u00e1lo aby tomu nevenoval svoju pozornos\u0165? Taraba je zbabelec, ktor\u00fd sa boj\u00ed uk\u00e1za\u0165 medzi \u013eu\u010fmi.&#8221;\u00a0<\/em>Uzatv\u00e1ra Juraj \u0160eliga, podpredseda Demokratov a vyz\u00fdva predsedu vl\u00e1dy a ministra Tarabu, aby i\u0161li osobne do regi\u00f3nu \u013eu\u010fom vysvetli\u0165 svoje z\u00e1ujmy.\u00a0<\/p>\n\n\n<div class=\"fb-video\" data-href=\"https:\/\/fb.watch\/xFNPV8Kxir\" data-allowfullscreen=\"true\" data-autoplay=\"false\" data-width=\"\" data-show-text=\"false\" data-show-captions=\"true\"><\/div>\n","protected":false},"excerpt":{"rendered":"<p>Demokrati odovzdali na ministerstve \u017eivotn\u00e9ho prostredia hromadn\u00fa pripomienku, pod ktor\u00fa sa od piatka podp\u00edsalo 20 551 ob\u010danov. Nes\u00fahlasia s v\u00fdstavbou vodnej pre\u010derp\u00e1vacej elektr\u00e1rne, pre ktor\u00fa by viacer\u00ed pri\u0161li o svoje nehnute\u013enosti a pozemky na Podpo\u013ean\u00ed. Predkladatelia hromadnej pripomienky bud\u00fa musie\u0165 by\u0165 prizvan\u00ed na rokovanie k z\u00e1meru. Bez prerokovania pripomienok nem\u00f4\u017ee legislat\u00edvny proces pokra\u010dova\u0165. Ak by [&hellip;]<\/p>\n","protected":false},"author":13,"featured_media":6353,"comment_status":"closed","ping_status":"closed","sticky":false,"template":"","format":"standard","meta":{"_acf_changed":false,"ngg_post_thumbnail":0,"footnotes":""},"categories":[4],"tags":[],"class_list":["post-6352","post","type-post","status-publish","format-standard","has-post-thumbnail","hentry","category-tlacove-spravy"],"acf":[],"yoast_head":"<!-- This site is optimized with the Yoast SEO plugin v27.2 - https:\/\/yoast.com\/product\/yoast-seo-wordpress\/ -->\n<title>Proti v\u00fdstavbe priehrady za 2,4 miliardy sa podp\u00edsalo vy\u0161e 20 tis\u00edc \u013eud\u00ed<\/title>\n<meta name=\"robots\" content=\"index, follow, max-snippet:-1, max-image-preview:large, max-video-preview:-1\" \/>\n<link rel=\"canonical\" href=\"https:\/\/www.smedemokrati.sk\/en\/proti-vystavbe-priehrady-za-24-miliardy-sa-podpisalo-vyse-20-tisic-ludi\/\" \/>\n<meta property=\"og:locale\" content=\"en_US\" \/>\n<meta property=\"og:locale:alternate\" content=\"cs_CZ\" \/>\n<meta property=\"og:locale:alternate\" content=\"hu_HU\" \/>\n<meta property=\"og:locale:alternate\" content=\"sk_SK\" \/>\n<meta property=\"og:locale:alternate\" content=\"sv_SE\" \/>\n<meta property=\"og:type\" content=\"article\" \/>\n<meta property=\"og:title\" content=\"Proti v\u00fdstavbe priehrady za 2,4 miliardy sa podp\u00edsalo vy\u0161e 20 tis\u00edc \u013eud\u00ed\" \/>\n<meta property=\"og:description\" content=\"Demokrati odovzdali na ministerstve \u017eivotn\u00e9ho prostredia hromadn\u00fa pripomienku, pod ktor\u00fa sa od piatka podp\u00edsalo 20 551 ob\u010danov. Nes\u00fahlasia s v\u00fdstavbou vodnej pre\u010derp\u00e1vacej elektr\u00e1rne, pre ktor\u00fa by viacer\u00ed pri\u0161li o svoje nehnute\u013enosti a pozemky na Podpo\u013ean\u00ed. Predkladatelia hromadnej pripomienky bud\u00fa musie\u0165 by\u0165 prizvan\u00ed na rokovanie k z\u00e1meru. Bez prerokovania pripomienok nem\u00f4\u017ee legislat\u00edvny proces pokra\u010dova\u0165. Ak by [&hellip;]\" \/>\n<meta property=\"og:url\" content=\"https:\/\/www.smedemokrati.sk\/en\/proti-vystavbe-priehrady-za-24-miliardy-sa-podpisalo-vyse-20-tisic-ludi\/\" \/>\n<meta property=\"og:site_name\" content=\"Smedemokrati.sk\" \/>\n<meta property=\"article:publisher\" content=\"https:\/\/www.facebook.com\/smedemokrati2023\" \/>\n<meta property=\"article:published_time\" content=\"2025-02-10T15:32:44+00:00\" \/>\n<meta property=\"article:modified_time\" content=\"2025-02-10T15:32:45+00:00\" \/>\n<meta property=\"og:image\" content=\"https:\/\/www.smedemokrati.sk\/wp-content\/uploads\/2025\/02\/HP_20tisic_Demokrati.jpg\" \/>\n\t<meta property=\"og:image:width\" content=\"1925\" \/>\n\t<meta property=\"og:image:height\" content=\"1097\" \/>\n\t<meta property=\"og:image:type\" content=\"image\/jpeg\" \/>\n<meta name=\"author\" content=\"miro.sopko\" \/>\n<meta name=\"twitter:card\" content=\"summary_large_image\" \/>\n<meta name=\"twitter:label1\" content=\"Written by\" \/>\n\t<meta name=\"twitter:data1\" content=\"miro.sopko\" \/>\n\t<meta name=\"twitter:label2\" content=\"Est. reading time\" \/>\n\t<meta name=\"twitter:data2\" content=\"2 minutes\" \/>\n<script type=\"application\/ld+json\" class=\"yoast-schema-graph\">{\"@context\":\"https:\/\/schema.org\",\"@graph\":[{\"@type\":\"Article\",\"@id\":\"https:\/\/www.smedemokrati.sk\/proti-vystavbe-priehrady-za-24-miliardy-sa-podpisalo-vyse-20-tisic-ludi\/#article\",\"isPartOf\":{\"@id\":\"https:\/\/www.smedemokrati.sk\/proti-vystavbe-priehrady-za-24-miliardy-sa-podpisalo-vyse-20-tisic-ludi\/\"},\"author\":{\"name\":\"miro.sopko\",\"@id\":\"https:\/\/www.smedemokrati.sk\/#\/schema\/person\/21f147c88d605aa7ded900e1e7c344ba\"},\"headline\":\"Proti v\u00fdstavbe priehrady za 2,4 miliardy sa podp\u00edsalo vy\u0161e 20 tis\u00edc \u013eud\u00ed\",\"datePublished\":\"2025-02-10T15:32:44+00:00\",\"dateModified\":\"2025-02-10T15:32:45+00:00\",\"mainEntityOfPage\":{\"@id\":\"https:\/\/www.smedemokrati.sk\/proti-vystavbe-priehrady-za-24-miliardy-sa-podpisalo-vyse-20-tisic-ludi\/\"},\"wordCount\":459,\"publisher\":{\"@id\":\"https:\/\/www.smedemokrati.sk\/#organization\"},\"image\":{\"@id\":\"https:\/\/www.smedemokrati.sk\/proti-vystavbe-priehrady-za-24-miliardy-sa-podpisalo-vyse-20-tisic-ludi\/#primaryimage\"},\"thumbnailUrl\":\"https:\/\/www.smedemokrati.sk\/wp-content\/uploads\/2025\/02\/HP_20tisic_Demokrati.jpg\",\"articleSection\":[\"Tla\u010dov\u00e9 spr\u00e1vy\"],\"inLanguage\":\"en-US\"},{\"@type\":\"WebPage\",\"@id\":\"https:\/\/www.smedemokrati.sk\/proti-vystavbe-priehrady-za-24-miliardy-sa-podpisalo-vyse-20-tisic-ludi\/\",\"url\":\"https:\/\/www.smedemokrati.sk\/proti-vystavbe-priehrady-za-24-miliardy-sa-podpisalo-vyse-20-tisic-ludi\/\",\"name\":\"Proti v\u00fdstavbe priehrady za 2,4 miliardy sa podp\u00edsalo vy\u0161e 20 tis\u00edc \u013eud\u00ed\",\"isPartOf\":{\"@id\":\"https:\/\/www.smedemokrati.sk\/#website\"},\"primaryImageOfPage\":{\"@id\":\"https:\/\/www.smedemokrati.sk\/proti-vystavbe-priehrady-za-24-miliardy-sa-podpisalo-vyse-20-tisic-ludi\/#primaryimage\"},\"image\":{\"@id\":\"https:\/\/www.smedemokrati.sk\/proti-vystavbe-priehrady-za-24-miliardy-sa-podpisalo-vyse-20-tisic-ludi\/#primaryimage\"},\"thumbnailUrl\":\"https:\/\/www.smedemokrati.sk\/wp-content\/uploads\/2025\/02\/HP_20tisic_Demokrati.jpg\",\"datePublished\":\"2025-02-10T15:32:44+00:00\",\"dateModified\":\"2025-02-10T15:32:45+00:00\",\"breadcrumb\":{\"@id\":\"https:\/\/www.smedemokrati.sk\/proti-vystavbe-priehrady-za-24-miliardy-sa-podpisalo-vyse-20-tisic-ludi\/#breadcrumb\"},\"inLanguage\":\"en-US\",\"potentialAction\":[{\"@type\":\"ReadAction\",\"target\":[\"https:\/\/www.smedemokrati.sk\/proti-vystavbe-priehrady-za-24-miliardy-sa-podpisalo-vyse-20-tisic-ludi\/\"]}]},{\"@type\":\"ImageObject\",\"inLanguage\":\"en-US\",\"@id\":\"https:\/\/www.smedemokrati.sk\/proti-vystavbe-priehrady-za-24-miliardy-sa-podpisalo-vyse-20-tisic-ludi\/#primaryimage\",\"url\":\"https:\/\/www.smedemokrati.sk\/wp-content\/uploads\/2025\/02\/HP_20tisic_Demokrati.jpg\",\"contentUrl\":\"https:\/\/www.smedemokrati.sk\/wp-content\/uploads\/2025\/02\/HP_20tisic_Demokrati.jpg\",\"width\":1925,\"height\":1097},{\"@type\":\"BreadcrumbList\",\"@id\":\"https:\/\/www.smedemokrati.sk\/proti-vystavbe-priehrady-za-24-miliardy-sa-podpisalo-vyse-20-tisic-ludi\/#breadcrumb\",\"itemListElement\":[{\"@type\":\"ListItem\",\"position\":1,\"name\":\"Domovsk\u00e1 str\u00e1nka\",\"item\":\"https:\/\/www.smedemokrati.sk\/\"},{\"@type\":\"ListItem\",\"position\":2,\"name\":\"Proti v\u00fdstavbe priehrady za 2,4 miliardy sa podp\u00edsalo vy\u0161e 20 tis\u00edc \u013eud\u00ed\"}]},{\"@type\":\"WebSite\",\"@id\":\"https:\/\/www.smedemokrati.sk\/#website\",\"url\":\"https:\/\/www.smedemokrati.sk\/\",\"name\":\"Smedemokrati.sk\",\"description\":\"Demokracia a slu\u0161nos\u0165 zv\u00ed\u0165az\u00ed\",\"publisher\":{\"@id\":\"https:\/\/www.smedemokrati.sk\/#organization\"},\"potentialAction\":[{\"@type\":\"SearchAction\",\"target\":{\"@type\":\"EntryPoint\",\"urlTemplate\":\"https:\/\/www.smedemokrati.sk\/?s={search_term_string}\"},\"query-input\":{\"@type\":\"PropertyValueSpecification\",\"valueRequired\":true,\"valueName\":\"search_term_string\"}}],\"inLanguage\":\"en-US\"},{\"@type\":\"Organization\",\"@id\":\"https:\/\/www.smedemokrati.sk\/#organization\",\"name\":\"Smedemokrati.sk\",\"url\":\"https:\/\/www.smedemokrati.sk\/\",\"logo\":{\"@type\":\"ImageObject\",\"inLanguage\":\"en-US\",\"@id\":\"https:\/\/www.smedemokrati.sk\/#\/schema\/logo\/image\/\",\"url\":\"https:\/\/www.smedemokrati.sk\/wp-content\/uploads\/2023\/04\/ff.002.jpeg\",\"contentUrl\":\"https:\/\/www.smedemokrati.sk\/wp-content\/uploads\/2023\/04\/ff.002.jpeg\",\"width\":640,\"height\":480,\"caption\":\"Smedemokrati.sk\"},\"image\":{\"@id\":\"https:\/\/www.smedemokrati.sk\/#\/schema\/logo\/image\/\"},\"sameAs\":[\"https:\/\/www.facebook.com\/smedemokrati2023\"]},{\"@type\":\"Person\",\"@id\":\"https:\/\/www.smedemokrati.sk\/#\/schema\/person\/21f147c88d605aa7ded900e1e7c344ba\",\"name\":\"miro.sopko\",\"image\":{\"@type\":\"ImageObject\",\"inLanguage\":\"en-US\",\"@id\":\"https:\/\/secure.gravatar.com\/avatar\/267e4a36f704376c109afe3a78740c1f5dd8675a2180a908699e7863c9247606?s=96&d=mm&r=g\",\"url\":\"https:\/\/secure.gravatar.com\/avatar\/267e4a36f704376c109afe3a78740c1f5dd8675a2180a908699e7863c9247606?s=96&d=mm&r=g\",\"contentUrl\":\"https:\/\/secure.gravatar.com\/avatar\/267e4a36f704376c109afe3a78740c1f5dd8675a2180a908699e7863c9247606?s=96&d=mm&r=g\",\"caption\":\"miro.sopko\"},\"url\":\"https:\/\/www.smedemokrati.sk\/en\/author\/miro-sopko\/\"}]}<\/script>\n<!-- \/ Yoast SEO plugin. -->","yoast_head_json":{"title":"Proti v\u00fdstavbe priehrady za 2,4 miliardy sa podp\u00edsalo vy\u0161e 20 tis\u00edc \u013eud\u00ed","robots":{"index":"index","follow":"follow","max-snippet":"max-snippet:-1","max-image-preview":"max-image-preview:large","max-video-preview":"max-video-preview:-1"},"canonical":"https:\/\/www.smedemokrati.sk\/en\/proti-vystavbe-priehrady-za-24-miliardy-sa-podpisalo-vyse-20-tisic-ludi\/","og_locale":"en_US","og_type":"article","og_title":"[:sk]Proti v\u00fdstavbe priehrady za 2,4 miliardy sa podp\u00edsalo vy\u0161e 20 tis\u00edc \u013eud\u00ed[:] - Smedemokrati.sk","og_description":"Demokrati odovzdali na ministerstve \u017eivotn\u00e9ho prostredia hromadn\u00fa pripomienku, pod ktor\u00fa sa od piatka podp\u00edsalo 20 551 ob\u010danov. Nes\u00fahlasia s v\u00fdstavbou vodnej pre\u010derp\u00e1vacej elektr\u00e1rne, pre ktor\u00fa by viacer\u00ed pri\u0161li o svoje nehnute\u013enosti a pozemky na Podpo\u013ean\u00ed. Predkladatelia hromadnej pripomienky bud\u00fa musie\u0165 by\u0165 prizvan\u00ed na rokovanie k z\u00e1meru. Bez prerokovania pripomienok nem\u00f4\u017ee legislat\u00edvny proces pokra\u010dova\u0165. Ak by [&hellip;]","og_url":"https:\/\/www.smedemokrati.sk\/en\/proti-vystavbe-priehrady-za-24-miliardy-sa-podpisalo-vyse-20-tisic-ludi\/","og_site_name":"Smedemokrati.sk","article_publisher":"https:\/\/www.facebook.com\/smedemokrati2023","article_published_time":"2025-02-10T15:32:44+00:00","article_modified_time":"2025-02-10T15:32:45+00:00","og_image":[{"width":1925,"height":1097,"url":"https:\/\/www.smedemokrati.sk\/wp-content\/uploads\/2025\/02\/HP_20tisic_Demokrati.jpg","type":"image\/jpeg"}],"author":"miro.sopko","twitter_card":"summary_large_image","twitter_misc":{"Written by":"miro.sopko","Est. reading time":"2 minutes"},"schema":{"@context":"https:\/\/schema.org","@graph":[{"@type":"Article","@id":"https:\/\/www.smedemokrati.sk\/proti-vystavbe-priehrady-za-24-miliardy-sa-podpisalo-vyse-20-tisic-ludi\/#article","isPartOf":{"@id":"https:\/\/www.smedemokrati.sk\/proti-vystavbe-priehrady-za-24-miliardy-sa-podpisalo-vyse-20-tisic-ludi\/"},"author":{"name":"miro.sopko","@id":"https:\/\/www.smedemokrati.sk\/#\/schema\/person\/21f147c88d605aa7ded900e1e7c344ba"},"headline":"Proti v\u00fdstavbe priehrady za 2,4 miliardy sa podp\u00edsalo vy\u0161e 20 tis\u00edc \u013eud\u00ed","datePublished":"2025-02-10T15:32:44+00:00","dateModified":"2025-02-10T15:32:45+00:00","mainEntityOfPage":{"@id":"https:\/\/www.smedemokrati.sk\/proti-vystavbe-priehrady-za-24-miliardy-sa-podpisalo-vyse-20-tisic-ludi\/"},"wordCount":459,"publisher":{"@id":"https:\/\/www.smedemokrati.sk\/#organization"},"image":{"@id":"https:\/\/www.smedemokrati.sk\/proti-vystavbe-priehrady-za-24-miliardy-sa-podpisalo-vyse-20-tisic-ludi\/#primaryimage"},"thumbnailUrl":"https:\/\/www.smedemokrati.sk\/wp-content\/uploads\/2025\/02\/HP_20tisic_Demokrati.jpg","articleSection":["Tla\u010dov\u00e9 spr\u00e1vy"],"inLanguage":"en-US"},{"@type":"WebPage","@id":"https:\/\/www.smedemokrati.sk\/proti-vystavbe-priehrady-za-24-miliardy-sa-podpisalo-vyse-20-tisic-ludi\/","url":"https:\/\/www.smedemokrati.sk\/proti-vystavbe-priehrady-za-24-miliardy-sa-podpisalo-vyse-20-tisic-ludi\/","name":"Proti v\u00fdstavbe priehrady za 2,4 miliardy sa podp\u00edsalo vy\u0161e 20 tis\u00edc \u013eud\u00ed","isPartOf":{"@id":"https:\/\/www.smedemokrati.sk\/#website"},"primaryImageOfPage":{"@id":"https:\/\/www.smedemokrati.sk\/proti-vystavbe-priehrady-za-24-miliardy-sa-podpisalo-vyse-20-tisic-ludi\/#primaryimage"},"image":{"@id":"https:\/\/www.smedemokrati.sk\/proti-vystavbe-priehrady-za-24-miliardy-sa-podpisalo-vyse-20-tisic-ludi\/#primaryimage"},"thumbnailUrl":"https:\/\/www.smedemokrati.sk\/wp-content\/uploads\/2025\/02\/HP_20tisic_Demokrati.jpg","datePublished":"2025-02-10T15:32:44+00:00","dateModified":"2025-02-10T15:32:45+00:00","breadcrumb":{"@id":"https:\/\/www.smedemokrati.sk\/proti-vystavbe-priehrady-za-24-miliardy-sa-podpisalo-vyse-20-tisic-ludi\/#breadcrumb"},"inLanguage":"en-US","potentialAction":[{"@type":"ReadAction","target":["https:\/\/www.smedemokrati.sk\/proti-vystavbe-priehrady-za-24-miliardy-sa-podpisalo-vyse-20-tisic-ludi\/"]}]},{"@type":"ImageObject","inLanguage":"en-US","@id":"https:\/\/www.smedemokrati.sk\/proti-vystavbe-priehrady-za-24-miliardy-sa-podpisalo-vyse-20-tisic-ludi\/#primaryimage","url":"https:\/\/www.smedemokrati.sk\/wp-content\/uploads\/2025\/02\/HP_20tisic_Demokrati.jpg","contentUrl":"https:\/\/www.smedemokrati.sk\/wp-content\/uploads\/2025\/02\/HP_20tisic_Demokrati.jpg","width":1925,"height":1097},{"@type":"BreadcrumbList","@id":"https:\/\/www.smedemokrati.sk\/proti-vystavbe-priehrady-za-24-miliardy-sa-podpisalo-vyse-20-tisic-ludi\/#breadcrumb","itemListElement":[{"@type":"ListItem","position":1,"name":"Domovsk\u00e1 str\u00e1nka","item":"https:\/\/www.smedemokrati.sk\/"},{"@type":"ListItem","position":2,"name":"Proti v\u00fdstavbe priehrady za 2,4 miliardy sa podp\u00edsalo vy\u0161e 20 tis\u00edc \u013eud\u00ed"}]},{"@type":"WebSite","@id":"https:\/\/www.smedemokrati.sk\/#website","url":"https:\/\/www.smedemokrati.sk\/","name":"Smedemokrati.sk","description":"Demokracia a slu\u0161nos\u0165 zv\u00ed\u0165az\u00ed","publisher":{"@id":"https:\/\/www.smedemokrati.sk\/#organization"},"potentialAction":[{"@type":"SearchAction","target":{"@type":"EntryPoint","urlTemplate":"https:\/\/www.smedemokrati.sk\/?s={search_term_string}"},"query-input":{"@type":"PropertyValueSpecification","valueRequired":true,"valueName":"search_term_string"}}],"inLanguage":"en-US"},{"@type":"Organization","@id":"https:\/\/www.smedemokrati.sk\/#organization","name":"Smedemokrati.sk","url":"https:\/\/www.smedemokrati.sk\/","logo":{"@type":"ImageObject","inLanguage":"en-US","@id":"https:\/\/www.smedemokrati.sk\/#\/schema\/logo\/image\/","url":"https:\/\/www.smedemokrati.sk\/wp-content\/uploads\/2023\/04\/ff.002.jpeg","contentUrl":"https:\/\/www.smedemokrati.sk\/wp-content\/uploads\/2023\/04\/ff.002.jpeg","width":640,"height":480,"caption":"Smedemokrati.sk"},"image":{"@id":"https:\/\/www.smedemokrati.sk\/#\/schema\/logo\/image\/"},"sameAs":["https:\/\/www.facebook.com\/smedemokrati2023"]},{"@type":"Person","@id":"https:\/\/www.smedemokrati.sk\/#\/schema\/person\/21f147c88d605aa7ded900e1e7c344ba","name":"miro.sopko","image":{"@type":"ImageObject","inLanguage":"en-US","@id":"https:\/\/secure.gravatar.com\/avatar\/267e4a36f704376c109afe3a78740c1f5dd8675a2180a908699e7863c9247606?s=96&d=mm&r=g","url":"https:\/\/secure.gravatar.com\/avatar\/267e4a36f704376c109afe3a78740c1f5dd8675a2180a908699e7863c9247606?s=96&d=mm&r=g","contentUrl":"https:\/\/secure.gravatar.com\/avatar\/267e4a36f704376c109afe3a78740c1f5dd8675a2180a908699e7863c9247606?s=96&d=mm&r=g","caption":"miro.sopko"},"url":"https:\/\/www.smedemokrati.sk\/en\/author\/miro-sopko\/"}]}},"_links":{"self":[{"href":"https:\/\/www.smedemokrati.sk\/en\/wp-json\/wp\/v2\/posts\/6352","targetHints":{"allow":["GET"]}}],"collection":[{"href":"https:\/\/www.smedemokrati.sk\/en\/wp-json\/wp\/v2\/posts"}],"about":[{"href":"https:\/\/www.smedemokrati.sk\/en\/wp-json\/wp\/v2\/types\/post"}],"author":[{"embeddable":true,"href":"https:\/\/www.smedemokrati.sk\/en\/wp-json\/wp\/v2\/users\/13"}],"replies":[{"embeddable":true,"href":"https:\/\/www.smedemokrati.sk\/en\/wp-json\/wp\/v2\/comments?post=6352"}],"version-history":[{"count":1,"href":"https:\/\/www.smedemokrati.sk\/en\/wp-json\/wp\/v2\/posts\/6352\/revisions"}],"predecessor-version":[{"id":6355,"href":"https:\/\/www.smedemokrati.sk\/en\/wp-json\/wp\/v2\/posts\/6352\/revisions\/6355"}],"wp:featuredmedia":[{"embeddable":true,"href":"https:\/\/www.smedemokrati.sk\/en\/wp-json\/wp\/v2\/media\/6353"}],"wp:attachment":[{"href":"https:\/\/www.smedemokrati.sk\/en\/wp-json\/wp\/v2\/media?parent=6352"}],"wp:term":[{"taxonomy":"category","embeddable":true,"href":"https:\/\/www.smedemokrati.sk\/en\/wp-json\/wp\/v2\/categories?post=6352"},{"taxonomy":"post_tag","embeddable":true,"href":"https:\/\/www.smedemokrati.sk\/en\/wp-json\/wp\/v2\/tags?post=6352"}],"curies":[{"name":"wp","href":"https:\/\/api.w.org\/{rel}","templated":true}]}}