{"id":6308,"date":"2025-02-06T17:01:33","date_gmt":"2025-02-06T16:01:33","guid":{"rendered":"https:\/\/www.smedemokrati.sk\/?p=6308"},"modified":"2025-02-06T17:01:34","modified_gmt":"2025-02-06T16:01:34","slug":"takacovo-babractvo-moze-konkretnym-farmarom-sposobit-existencne-problemy","status":"publish","type":"post","link":"https:\/\/www.smedemokrati.sk\/en\/takacovo-babractvo-moze-konkretnym-farmarom-sposobit-existencne-problemy\/","title":{"rendered":"Tak\u00e1\u010dovo babr\u00e1ctvo m\u00f4\u017ee konkr\u00e9tnym farm\u00e1rom sp\u00f4sobi\u0165 existen\u010dn\u00e9 probl\u00e9my"},"content":{"rendered":"<div id=\"fb-root\"><\/div>\n\n<p><strong>\u0160okuj\u00face rozhodnutie ministra p\u00f4dohospod\u00e1rstva Richarda Tak\u00e1\u010da zru\u0161i\u0165 v\u00fdzvu na podporu invest\u00edci\u00ed do po\u013enohospod\u00e1rskych podnikov s finan\u010dnou alok\u00e1ciou 50 mili\u00f3nov eur m\u00f4\u017ee slovensk\u00fdch farm\u00e1rov dosta\u0165 do va\u017enych existen\u010dn\u00fdch probl\u00e9mov. Okrem negat\u00edvnych dopadov na sektor ako celok, Tak\u00e1\u010d mohol po\u0161kodi\u0165 aj individu\u00e1lnych farm\u00e1rov, ktor\u00ed u\u017e nakupovali po\u013enohospod\u00e1rske stroje v n\u00e1deji, \u017ee splnia podmienky vyp\u00edsanej v\u00fdzvy a podstatn\u00e1 \u010das\u0165 n\u00e1kladov im bude refundovan\u00e1. To sa ale v d\u00f4sledku Tak\u00e1\u010dovho rozhodnutia neudeje. Viacer\u00ed farm\u00e1ri sa Demokratom s t\u00fdmto probl\u00e9mom pod podmienkou zachovania anonymity ozvali. Strana vyz\u00fdva ministra Tak\u00e1\u010da na prijatie opatren\u00ed, ktor\u00e9 by po\u0161koden\u00fdch farm\u00e1rov od\u0161kodnili.&nbsp;<\/strong><\/p>\n\n\n\n<p>\u201e<em>V pr\u00edpade agropodniku, ktor\u00fd mohol na podklade v\u00fdzvy investova\u0165 napr\u00edklad do reza\u010dky z \u00faveru pribli\u017ene 600 tis. eur s t\u00fdm, \u017ee 400 tis. eur mu m\u00f4\u017ee by\u0165 refundovan\u00fdch, sa m\u00f4\u017ee pre nepredv\u00eddate\u013en\u00e9 zru\u0161enie v\u00fdzvy sta\u0165 doslova existen\u010dnou ot\u00e1zkou a ohrozen\u00edm jeho likvidity. Nehovoriac o desiatkach tis\u00edc eur, ktor\u00e9 farm\u00e1ri preuk\u00e1zate\u013ene investovali na to, aby sa do v\u00fdzvy mohli v\u00f4bec zapoji\u0165. V predv\u00eddate\u013enom podnikate\u013eskom prostred\u00ed je obdobn\u00e9 spr\u00e1vanie \u0161t\u00e1tu neakceptovate\u013en\u00e9. Vyz\u00fdvame ministra Tak\u00e1\u010da, aby jednozna\u010dne predstavil mechanizmus, ktor\u00fdm \u0161t\u00e1t takto vzniknut\u00e9 \u0161kody v d\u00f4sledku Tak\u00e1\u010dov\u00fdch ch\u00fdb bude kompenzova\u0165. Farm\u00e1rom, ktor\u00ed sa n\u00e1m ozvali alebo sa s podobn\u00fdm probl\u00e9mom ozv\u00fa, pon\u00fakame pomocn\u00fa ruku a aj pr\u00e1vnu pomoc,<\/em>\u201d uviedol Michal Ki\u010da, \u010dlen predsedn\u00edctva strany.<\/p>\n\n\n\n<p>V\u00fdzva bola od za\u010diatku opr\u00e1vnene kritizovan\u00e1 pre nevhodn\u00e9 nastavenie jej podmienok. Tie zv\u00fdhod\u0148ovali ve\u013ek\u00fdch producentov a in\u00fdch, napr\u00edklad hydin\u00e1rov a mal\u00fdch a mlad\u00fdch farm\u00e1rov, diskriminovala. Naviac, hoci bola avizovan\u00e1 u\u017e v roku 2023, bola vyp\u00edsan\u00e1 a\u017e v okt\u00f3bri minul\u00e9ho roku. Tak\u00e1\u010d neposkytol presved\u010div\u00e9 d\u00f4vody, pre\u010do prist\u00fapil k bezprecedentn\u00e9mu kroku zru\u0161eniu vlastnej v\u00fdzvy. Jeho \u00fatoky na opoz\u00edciu a z\u00e1stupcov farm\u00e1rov pova\u017eujeme za zastierac\u00ed man\u00e9ver skuto\u010dn\u00e9ho stavu P\u00f4dohospod\u00e1rskej platobnej agent\u00fary, ktor\u00e1 vyhodnotenie v\u00fdzvy nemusela kapacitne zvl\u00e1dnu\u0165. V situ\u00e1cii, kedy na jednej strane Slovensku hroz\u00ed st\u00e1mili\u00f3nov\u00fd dekomitment po\u013enohospod\u00e1rskych dot\u00e1ci\u00ed, no na druhej strane bol medzi farm\u00e1rmi o tento typ dot\u00e1cie zna\u010dn\u00fd z\u00e1ujem, je postup ministra z\u00e1va\u017en\u00fdm mana\u017e\u00e9rskym zlyhan\u00edm a neuverite\u013enou neschopnos\u0165ou.&nbsp;<\/p>\n\n\n\n<p>Nedok\u00e1\u017eeme sa u\u017e pozera\u0165 na Tak\u00e1\u010dovu absol\u00fatnu bezradnos\u0165. \u201e<em>Ako najr\u00fdchlej\u0161ie a najrealistickej\u0161ie rie\u0161enie navrhujeme aktualiz\u00e1ciu v\u00fdziev 65 a 52, o ktor\u00e9 bol medzi farm\u00e1rmi ve\u013ek\u00fd z\u00e1ujem spolu s nav\u00fd\u0161en\u00edm alok\u00e1ci\u00ed v nich. Pon\u00fakaj\u00fa v\u00e4\u010d\u0161ie investi\u010dn\u00e9 mo\u017enosti a vedia sa v nich n\u00e1js\u0165 aj mal\u00ed po\u013enohospod\u00e1ri. Z\u00e1rove\u0148 ho vyz\u00fdvame, aby zverejnil sumu prepadnut\u00fdch prostriedkov, tzv. dekomitment, ktor\u00e9 mohli by\u0165 vy\u010derpan\u00e9 do konca roka 2024, ale rovnako jeho ne\u010dinnos\u0165ou s vysokou pravdepodobnos\u0165ou neboli. S touto, ale aj \u010fal\u0161\u00edmi ot\u00e1zkami oh\u013eadom d\u00f4vodov zru\u0161enia v\u00fdzvy budeme prostredn\u00edctvom poslanca \u013dubom\u00edra Galka ministra konfrontova\u0165 aj v poslaneckej interpel\u00e1cii,<\/em>\u201d predstavil Ki\u010da \u010fal\u0161ie kroky.<\/p>\n\n\n\n<p><em>\u201eTak\u00e1\u010d dok\u00e1\u017ee prekvapi\u0165 u\u017e iba narastaj\u00facou z\u00e1va\u017enos\u0165ou jeho zlyhan\u00ed. Farm\u00e1ri potrebuj\u00fa najm\u00e4 predv\u00eddate\u013enos\u0165. No do\u010dkali sa iba chaosu, ome\u0161kan\u00e9ho vypl\u00e1cania priamych platieb za rok 2023, nefunk\u010dn\u00e9ho informa\u010dn\u00e9ho syst\u00e9mu, zd\u013ahav\u00e9ho procesu vyhlasovania a spracovania v\u00fdziev, ich n\u00e1sledn\u00e9ho svojvo\u013en\u00e9ho ru\u0161enia, \u010di nenaplnen\u00e9ho s\u013eubu vyu\u017e\u00edva\u0165 finan\u010dn\u00e9 n\u00e1stroje. V \u010dom ale Tak\u00e1\u010d mak\u00e1 na jednotku, s\u00fa jeho soci\u00e1lne siete. Odpor\u00fa\u010dame mu, aby sa im venoval e\u0161te viac, ale u\u017e nie ako minister. P\u00e1n Tak\u00e1\u010d, skon\u010dite!\u201d<\/em>\u00a0uzavrel Michal Ki\u010da.\u00a0<\/p>\n","protected":false},"excerpt":{"rendered":"<p>\u0160okuj\u00face rozhodnutie ministra p\u00f4dohospod\u00e1rstva Richarda Tak\u00e1\u010da zru\u0161i\u0165 v\u00fdzvu na podporu invest\u00edci\u00ed do po\u013enohospod\u00e1rskych podnikov s finan\u010dnou alok\u00e1ciou 50 mili\u00f3nov eur m\u00f4\u017ee slovensk\u00fdch farm\u00e1rov dosta\u0165 do va\u017enych existen\u010dn\u00fdch probl\u00e9mov. Okrem negat\u00edvnych dopadov na sektor ako celok, Tak\u00e1\u010d mohol po\u0161kodi\u0165 aj individu\u00e1lnych farm\u00e1rov, ktor\u00ed u\u017e nakupovali po\u013enohospod\u00e1rske stroje v n\u00e1deji, \u017ee splnia podmienky vyp\u00edsanej v\u00fdzvy a podstatn\u00e1 [&hellip;]<\/p>\n","protected":false},"author":13,"featured_media":4814,"comment_status":"closed","ping_status":"closed","sticky":false,"template":"","format":"standard","meta":{"_acf_changed":false,"ngg_post_thumbnail":0,"footnotes":""},"categories":[4],"tags":[],"class_list":["post-6308","post","type-post","status-publish","format-standard","has-post-thumbnail","hentry","category-tlacove-spravy"],"acf":[],"yoast_head":"<!-- This site is optimized with the Yoast SEO plugin v27.2 - https:\/\/yoast.com\/product\/yoast-seo-wordpress\/ -->\n<title>Tak\u00e1\u010dovo babr\u00e1ctvo m\u00f4\u017ee konkr\u00e9tnym farm\u00e1rom sp\u00f4sobi\u0165 existen\u010dn\u00e9 probl\u00e9my<\/title>\n<meta name=\"robots\" content=\"index, follow, max-snippet:-1, max-image-preview:large, max-video-preview:-1\" \/>\n<link rel=\"canonical\" href=\"https:\/\/www.smedemokrati.sk\/en\/takacovo-babractvo-moze-konkretnym-farmarom-sposobit-existencne-problemy\/\" \/>\n<meta property=\"og:locale\" content=\"en_US\" \/>\n<meta property=\"og:locale:alternate\" content=\"cs_CZ\" \/>\n<meta property=\"og:locale:alternate\" content=\"hu_HU\" \/>\n<meta property=\"og:locale:alternate\" content=\"sk_SK\" \/>\n<meta property=\"og:locale:alternate\" content=\"sv_SE\" \/>\n<meta property=\"og:type\" content=\"article\" \/>\n<meta property=\"og:title\" content=\"Tak\u00e1\u010dovo babr\u00e1ctvo m\u00f4\u017ee konkr\u00e9tnym farm\u00e1rom sp\u00f4sobi\u0165 existen\u010dn\u00e9 probl\u00e9my\" \/>\n<meta property=\"og:description\" content=\"\u0160okuj\u00face rozhodnutie ministra p\u00f4dohospod\u00e1rstva Richarda Tak\u00e1\u010da zru\u0161i\u0165 v\u00fdzvu na podporu invest\u00edci\u00ed do po\u013enohospod\u00e1rskych podnikov s finan\u010dnou alok\u00e1ciou 50 mili\u00f3nov eur m\u00f4\u017ee slovensk\u00fdch farm\u00e1rov dosta\u0165 do va\u017enych existen\u010dn\u00fdch probl\u00e9mov. Okrem negat\u00edvnych dopadov na sektor ako celok, Tak\u00e1\u010d mohol po\u0161kodi\u0165 aj individu\u00e1lnych farm\u00e1rov, ktor\u00ed u\u017e nakupovali po\u013enohospod\u00e1rske stroje v n\u00e1deji, \u017ee splnia podmienky vyp\u00edsanej v\u00fdzvy a podstatn\u00e1 [&hellip;]\" \/>\n<meta property=\"og:url\" content=\"https:\/\/www.smedemokrati.sk\/en\/takacovo-babractvo-moze-konkretnym-farmarom-sposobit-existencne-problemy\/\" \/>\n<meta property=\"og:site_name\" content=\"Smedemokrati.sk\" \/>\n<meta property=\"article:publisher\" content=\"https:\/\/www.facebook.com\/smedemokrati2023\" \/>\n<meta property=\"article:published_time\" content=\"2025-02-06T16:01:33+00:00\" \/>\n<meta property=\"article:modified_time\" content=\"2025-02-06T16:01:34+00:00\" \/>\n<meta property=\"og:image\" content=\"https:\/\/www.smedemokrati.sk\/wp-content\/uploads\/2024\/08\/takac.jpg\" \/>\n\t<meta property=\"og:image:width\" content=\"1080\" \/>\n\t<meta property=\"og:image:height\" content=\"810\" \/>\n\t<meta property=\"og:image:type\" content=\"image\/jpeg\" \/>\n<meta name=\"author\" content=\"miro.sopko\" \/>\n<meta name=\"twitter:card\" content=\"summary_large_image\" \/>\n<meta name=\"twitter:label1\" content=\"Written by\" \/>\n\t<meta name=\"twitter:data1\" content=\"miro.sopko\" \/>\n\t<meta name=\"twitter:label2\" content=\"Est. reading time\" \/>\n\t<meta name=\"twitter:data2\" content=\"3 minutes\" \/>\n<script type=\"application\/ld+json\" class=\"yoast-schema-graph\">{\"@context\":\"https:\/\/schema.org\",\"@graph\":[{\"@type\":\"Article\",\"@id\":\"https:\/\/www.smedemokrati.sk\/takacovo-babractvo-moze-konkretnym-farmarom-sposobit-existencne-problemy\/#article\",\"isPartOf\":{\"@id\":\"https:\/\/www.smedemokrati.sk\/takacovo-babractvo-moze-konkretnym-farmarom-sposobit-existencne-problemy\/\"},\"author\":{\"name\":\"miro.sopko\",\"@id\":\"https:\/\/www.smedemokrati.sk\/#\/schema\/person\/21f147c88d605aa7ded900e1e7c344ba\"},\"headline\":\"Tak\u00e1\u010dovo babr\u00e1ctvo m\u00f4\u017ee konkr\u00e9tnym farm\u00e1rom sp\u00f4sobi\u0165 existen\u010dn\u00e9 probl\u00e9my\",\"datePublished\":\"2025-02-06T16:01:33+00:00\",\"dateModified\":\"2025-02-06T16:01:34+00:00\",\"mainEntityOfPage\":{\"@id\":\"https:\/\/www.smedemokrati.sk\/takacovo-babractvo-moze-konkretnym-farmarom-sposobit-existencne-problemy\/\"},\"wordCount\":706,\"publisher\":{\"@id\":\"https:\/\/www.smedemokrati.sk\/#organization\"},\"image\":{\"@id\":\"https:\/\/www.smedemokrati.sk\/takacovo-babractvo-moze-konkretnym-farmarom-sposobit-existencne-problemy\/#primaryimage\"},\"thumbnailUrl\":\"https:\/\/www.smedemokrati.sk\/wp-content\/uploads\/2024\/08\/takac.jpg\",\"articleSection\":[\"Tla\u010dov\u00e9 spr\u00e1vy\"],\"inLanguage\":\"en-US\"},{\"@type\":\"WebPage\",\"@id\":\"https:\/\/www.smedemokrati.sk\/takacovo-babractvo-moze-konkretnym-farmarom-sposobit-existencne-problemy\/\",\"url\":\"https:\/\/www.smedemokrati.sk\/takacovo-babractvo-moze-konkretnym-farmarom-sposobit-existencne-problemy\/\",\"name\":\"Tak\u00e1\u010dovo babr\u00e1ctvo m\u00f4\u017ee konkr\u00e9tnym farm\u00e1rom sp\u00f4sobi\u0165 existen\u010dn\u00e9 probl\u00e9my\",\"isPartOf\":{\"@id\":\"https:\/\/www.smedemokrati.sk\/#website\"},\"primaryImageOfPage\":{\"@id\":\"https:\/\/www.smedemokrati.sk\/takacovo-babractvo-moze-konkretnym-farmarom-sposobit-existencne-problemy\/#primaryimage\"},\"image\":{\"@id\":\"https:\/\/www.smedemokrati.sk\/takacovo-babractvo-moze-konkretnym-farmarom-sposobit-existencne-problemy\/#primaryimage\"},\"thumbnailUrl\":\"https:\/\/www.smedemokrati.sk\/wp-content\/uploads\/2024\/08\/takac.jpg\",\"datePublished\":\"2025-02-06T16:01:33+00:00\",\"dateModified\":\"2025-02-06T16:01:34+00:00\",\"breadcrumb\":{\"@id\":\"https:\/\/www.smedemokrati.sk\/takacovo-babractvo-moze-konkretnym-farmarom-sposobit-existencne-problemy\/#breadcrumb\"},\"inLanguage\":\"en-US\",\"potentialAction\":[{\"@type\":\"ReadAction\",\"target\":[\"https:\/\/www.smedemokrati.sk\/takacovo-babractvo-moze-konkretnym-farmarom-sposobit-existencne-problemy\/\"]}]},{\"@type\":\"ImageObject\",\"inLanguage\":\"en-US\",\"@id\":\"https:\/\/www.smedemokrati.sk\/takacovo-babractvo-moze-konkretnym-farmarom-sposobit-existencne-problemy\/#primaryimage\",\"url\":\"https:\/\/www.smedemokrati.sk\/wp-content\/uploads\/2024\/08\/takac.jpg\",\"contentUrl\":\"https:\/\/www.smedemokrati.sk\/wp-content\/uploads\/2024\/08\/takac.jpg\",\"width\":1080,\"height\":810},{\"@type\":\"BreadcrumbList\",\"@id\":\"https:\/\/www.smedemokrati.sk\/takacovo-babractvo-moze-konkretnym-farmarom-sposobit-existencne-problemy\/#breadcrumb\",\"itemListElement\":[{\"@type\":\"ListItem\",\"position\":1,\"name\":\"Domovsk\u00e1 str\u00e1nka\",\"item\":\"https:\/\/www.smedemokrati.sk\/\"},{\"@type\":\"ListItem\",\"position\":2,\"name\":\"Tak\u00e1\u010dovo babr\u00e1ctvo m\u00f4\u017ee konkr\u00e9tnym farm\u00e1rom sp\u00f4sobi\u0165 existen\u010dn\u00e9 probl\u00e9my\"}]},{\"@type\":\"WebSite\",\"@id\":\"https:\/\/www.smedemokrati.sk\/#website\",\"url\":\"https:\/\/www.smedemokrati.sk\/\",\"name\":\"Smedemokrati.sk\",\"description\":\"Demokracia a slu\u0161nos\u0165 zv\u00ed\u0165az\u00ed\",\"publisher\":{\"@id\":\"https:\/\/www.smedemokrati.sk\/#organization\"},\"potentialAction\":[{\"@type\":\"SearchAction\",\"target\":{\"@type\":\"EntryPoint\",\"urlTemplate\":\"https:\/\/www.smedemokrati.sk\/?s={search_term_string}\"},\"query-input\":{\"@type\":\"PropertyValueSpecification\",\"valueRequired\":true,\"valueName\":\"search_term_string\"}}],\"inLanguage\":\"en-US\"},{\"@type\":\"Organization\",\"@id\":\"https:\/\/www.smedemokrati.sk\/#organization\",\"name\":\"Smedemokrati.sk\",\"url\":\"https:\/\/www.smedemokrati.sk\/\",\"logo\":{\"@type\":\"ImageObject\",\"inLanguage\":\"en-US\",\"@id\":\"https:\/\/www.smedemokrati.sk\/#\/schema\/logo\/image\/\",\"url\":\"https:\/\/www.smedemokrati.sk\/wp-content\/uploads\/2023\/04\/ff.002.jpeg\",\"contentUrl\":\"https:\/\/www.smedemokrati.sk\/wp-content\/uploads\/2023\/04\/ff.002.jpeg\",\"width\":640,\"height\":480,\"caption\":\"Smedemokrati.sk\"},\"image\":{\"@id\":\"https:\/\/www.smedemokrati.sk\/#\/schema\/logo\/image\/\"},\"sameAs\":[\"https:\/\/www.facebook.com\/smedemokrati2023\"]},{\"@type\":\"Person\",\"@id\":\"https:\/\/www.smedemokrati.sk\/#\/schema\/person\/21f147c88d605aa7ded900e1e7c344ba\",\"name\":\"miro.sopko\",\"image\":{\"@type\":\"ImageObject\",\"inLanguage\":\"en-US\",\"@id\":\"https:\/\/secure.gravatar.com\/avatar\/267e4a36f704376c109afe3a78740c1f5dd8675a2180a908699e7863c9247606?s=96&d=mm&r=g\",\"url\":\"https:\/\/secure.gravatar.com\/avatar\/267e4a36f704376c109afe3a78740c1f5dd8675a2180a908699e7863c9247606?s=96&d=mm&r=g\",\"contentUrl\":\"https:\/\/secure.gravatar.com\/avatar\/267e4a36f704376c109afe3a78740c1f5dd8675a2180a908699e7863c9247606?s=96&d=mm&r=g\",\"caption\":\"miro.sopko\"},\"url\":\"https:\/\/www.smedemokrati.sk\/en\/author\/miro-sopko\/\"}]}<\/script>\n<!-- \/ Yoast SEO plugin. -->","yoast_head_json":{"title":"Tak\u00e1\u010dovo babr\u00e1ctvo m\u00f4\u017ee konkr\u00e9tnym farm\u00e1rom sp\u00f4sobi\u0165 existen\u010dn\u00e9 probl\u00e9my","robots":{"index":"index","follow":"follow","max-snippet":"max-snippet:-1","max-image-preview":"max-image-preview:large","max-video-preview":"max-video-preview:-1"},"canonical":"https:\/\/www.smedemokrati.sk\/en\/takacovo-babractvo-moze-konkretnym-farmarom-sposobit-existencne-problemy\/","og_locale":"en_US","og_type":"article","og_title":"[:sk]Tak\u00e1\u010dovo babr\u00e1ctvo m\u00f4\u017ee konkr\u00e9tnym farm\u00e1rom sp\u00f4sobi\u0165 existen\u010dn\u00e9 probl\u00e9my[:] - Smedemokrati.sk","og_description":"\u0160okuj\u00face rozhodnutie ministra p\u00f4dohospod\u00e1rstva Richarda Tak\u00e1\u010da zru\u0161i\u0165 v\u00fdzvu na podporu invest\u00edci\u00ed do po\u013enohospod\u00e1rskych podnikov s finan\u010dnou alok\u00e1ciou 50 mili\u00f3nov eur m\u00f4\u017ee slovensk\u00fdch farm\u00e1rov dosta\u0165 do va\u017enych existen\u010dn\u00fdch probl\u00e9mov. Okrem negat\u00edvnych dopadov na sektor ako celok, Tak\u00e1\u010d mohol po\u0161kodi\u0165 aj individu\u00e1lnych farm\u00e1rov, ktor\u00ed u\u017e nakupovali po\u013enohospod\u00e1rske stroje v n\u00e1deji, \u017ee splnia podmienky vyp\u00edsanej v\u00fdzvy a podstatn\u00e1 [&hellip;]","og_url":"https:\/\/www.smedemokrati.sk\/en\/takacovo-babractvo-moze-konkretnym-farmarom-sposobit-existencne-problemy\/","og_site_name":"Smedemokrati.sk","article_publisher":"https:\/\/www.facebook.com\/smedemokrati2023","article_published_time":"2025-02-06T16:01:33+00:00","article_modified_time":"2025-02-06T16:01:34+00:00","og_image":[{"width":1080,"height":810,"url":"https:\/\/www.smedemokrati.sk\/wp-content\/uploads\/2024\/08\/takac.jpg","type":"image\/jpeg"}],"author":"miro.sopko","twitter_card":"summary_large_image","twitter_misc":{"Written by":"miro.sopko","Est. reading time":"3 minutes"},"schema":{"@context":"https:\/\/schema.org","@graph":[{"@type":"Article","@id":"https:\/\/www.smedemokrati.sk\/takacovo-babractvo-moze-konkretnym-farmarom-sposobit-existencne-problemy\/#article","isPartOf":{"@id":"https:\/\/www.smedemokrati.sk\/takacovo-babractvo-moze-konkretnym-farmarom-sposobit-existencne-problemy\/"},"author":{"name":"miro.sopko","@id":"https:\/\/www.smedemokrati.sk\/#\/schema\/person\/21f147c88d605aa7ded900e1e7c344ba"},"headline":"Tak\u00e1\u010dovo babr\u00e1ctvo m\u00f4\u017ee konkr\u00e9tnym farm\u00e1rom sp\u00f4sobi\u0165 existen\u010dn\u00e9 probl\u00e9my","datePublished":"2025-02-06T16:01:33+00:00","dateModified":"2025-02-06T16:01:34+00:00","mainEntityOfPage":{"@id":"https:\/\/www.smedemokrati.sk\/takacovo-babractvo-moze-konkretnym-farmarom-sposobit-existencne-problemy\/"},"wordCount":706,"publisher":{"@id":"https:\/\/www.smedemokrati.sk\/#organization"},"image":{"@id":"https:\/\/www.smedemokrati.sk\/takacovo-babractvo-moze-konkretnym-farmarom-sposobit-existencne-problemy\/#primaryimage"},"thumbnailUrl":"https:\/\/www.smedemokrati.sk\/wp-content\/uploads\/2024\/08\/takac.jpg","articleSection":["Tla\u010dov\u00e9 spr\u00e1vy"],"inLanguage":"en-US"},{"@type":"WebPage","@id":"https:\/\/www.smedemokrati.sk\/takacovo-babractvo-moze-konkretnym-farmarom-sposobit-existencne-problemy\/","url":"https:\/\/www.smedemokrati.sk\/takacovo-babractvo-moze-konkretnym-farmarom-sposobit-existencne-problemy\/","name":"Tak\u00e1\u010dovo babr\u00e1ctvo m\u00f4\u017ee konkr\u00e9tnym farm\u00e1rom sp\u00f4sobi\u0165 existen\u010dn\u00e9 probl\u00e9my","isPartOf":{"@id":"https:\/\/www.smedemokrati.sk\/#website"},"primaryImageOfPage":{"@id":"https:\/\/www.smedemokrati.sk\/takacovo-babractvo-moze-konkretnym-farmarom-sposobit-existencne-problemy\/#primaryimage"},"image":{"@id":"https:\/\/www.smedemokrati.sk\/takacovo-babractvo-moze-konkretnym-farmarom-sposobit-existencne-problemy\/#primaryimage"},"thumbnailUrl":"https:\/\/www.smedemokrati.sk\/wp-content\/uploads\/2024\/08\/takac.jpg","datePublished":"2025-02-06T16:01:33+00:00","dateModified":"2025-02-06T16:01:34+00:00","breadcrumb":{"@id":"https:\/\/www.smedemokrati.sk\/takacovo-babractvo-moze-konkretnym-farmarom-sposobit-existencne-problemy\/#breadcrumb"},"inLanguage":"en-US","potentialAction":[{"@type":"ReadAction","target":["https:\/\/www.smedemokrati.sk\/takacovo-babractvo-moze-konkretnym-farmarom-sposobit-existencne-problemy\/"]}]},{"@type":"ImageObject","inLanguage":"en-US","@id":"https:\/\/www.smedemokrati.sk\/takacovo-babractvo-moze-konkretnym-farmarom-sposobit-existencne-problemy\/#primaryimage","url":"https:\/\/www.smedemokrati.sk\/wp-content\/uploads\/2024\/08\/takac.jpg","contentUrl":"https:\/\/www.smedemokrati.sk\/wp-content\/uploads\/2024\/08\/takac.jpg","width":1080,"height":810},{"@type":"BreadcrumbList","@id":"https:\/\/www.smedemokrati.sk\/takacovo-babractvo-moze-konkretnym-farmarom-sposobit-existencne-problemy\/#breadcrumb","itemListElement":[{"@type":"ListItem","position":1,"name":"Domovsk\u00e1 str\u00e1nka","item":"https:\/\/www.smedemokrati.sk\/"},{"@type":"ListItem","position":2,"name":"Tak\u00e1\u010dovo babr\u00e1ctvo m\u00f4\u017ee konkr\u00e9tnym farm\u00e1rom sp\u00f4sobi\u0165 existen\u010dn\u00e9 probl\u00e9my"}]},{"@type":"WebSite","@id":"https:\/\/www.smedemokrati.sk\/#website","url":"https:\/\/www.smedemokrati.sk\/","name":"Smedemokrati.sk","description":"Demokracia a slu\u0161nos\u0165 zv\u00ed\u0165az\u00ed","publisher":{"@id":"https:\/\/www.smedemokrati.sk\/#organization"},"potentialAction":[{"@type":"SearchAction","target":{"@type":"EntryPoint","urlTemplate":"https:\/\/www.smedemokrati.sk\/?s={search_term_string}"},"query-input":{"@type":"PropertyValueSpecification","valueRequired":true,"valueName":"search_term_string"}}],"inLanguage":"en-US"},{"@type":"Organization","@id":"https:\/\/www.smedemokrati.sk\/#organization","name":"Smedemokrati.sk","url":"https:\/\/www.smedemokrati.sk\/","logo":{"@type":"ImageObject","inLanguage":"en-US","@id":"https:\/\/www.smedemokrati.sk\/#\/schema\/logo\/image\/","url":"https:\/\/www.smedemokrati.sk\/wp-content\/uploads\/2023\/04\/ff.002.jpeg","contentUrl":"https:\/\/www.smedemokrati.sk\/wp-content\/uploads\/2023\/04\/ff.002.jpeg","width":640,"height":480,"caption":"Smedemokrati.sk"},"image":{"@id":"https:\/\/www.smedemokrati.sk\/#\/schema\/logo\/image\/"},"sameAs":["https:\/\/www.facebook.com\/smedemokrati2023"]},{"@type":"Person","@id":"https:\/\/www.smedemokrati.sk\/#\/schema\/person\/21f147c88d605aa7ded900e1e7c344ba","name":"miro.sopko","image":{"@type":"ImageObject","inLanguage":"en-US","@id":"https:\/\/secure.gravatar.com\/avatar\/267e4a36f704376c109afe3a78740c1f5dd8675a2180a908699e7863c9247606?s=96&d=mm&r=g","url":"https:\/\/secure.gravatar.com\/avatar\/267e4a36f704376c109afe3a78740c1f5dd8675a2180a908699e7863c9247606?s=96&d=mm&r=g","contentUrl":"https:\/\/secure.gravatar.com\/avatar\/267e4a36f704376c109afe3a78740c1f5dd8675a2180a908699e7863c9247606?s=96&d=mm&r=g","caption":"miro.sopko"},"url":"https:\/\/www.smedemokrati.sk\/en\/author\/miro-sopko\/"}]}},"_links":{"self":[{"href":"https:\/\/www.smedemokrati.sk\/en\/wp-json\/wp\/v2\/posts\/6308","targetHints":{"allow":["GET"]}}],"collection":[{"href":"https:\/\/www.smedemokrati.sk\/en\/wp-json\/wp\/v2\/posts"}],"about":[{"href":"https:\/\/www.smedemokrati.sk\/en\/wp-json\/wp\/v2\/types\/post"}],"author":[{"embeddable":true,"href":"https:\/\/www.smedemokrati.sk\/en\/wp-json\/wp\/v2\/users\/13"}],"replies":[{"embeddable":true,"href":"https:\/\/www.smedemokrati.sk\/en\/wp-json\/wp\/v2\/comments?post=6308"}],"version-history":[{"count":1,"href":"https:\/\/www.smedemokrati.sk\/en\/wp-json\/wp\/v2\/posts\/6308\/revisions"}],"predecessor-version":[{"id":6309,"href":"https:\/\/www.smedemokrati.sk\/en\/wp-json\/wp\/v2\/posts\/6308\/revisions\/6309"}],"wp:featuredmedia":[{"embeddable":true,"href":"https:\/\/www.smedemokrati.sk\/en\/wp-json\/wp\/v2\/media\/4814"}],"wp:attachment":[{"href":"https:\/\/www.smedemokrati.sk\/en\/wp-json\/wp\/v2\/media?parent=6308"}],"wp:term":[{"taxonomy":"category","embeddable":true,"href":"https:\/\/www.smedemokrati.sk\/en\/wp-json\/wp\/v2\/categories?post=6308"},{"taxonomy":"post_tag","embeddable":true,"href":"https:\/\/www.smedemokrati.sk\/en\/wp-json\/wp\/v2\/tags?post=6308"}],"curies":[{"name":"wp","href":"https:\/\/api.w.org\/{rel}","templated":true}]}}