{"id":6298,"date":"2025-02-04T15:38:13","date_gmt":"2025-02-04T14:38:13","guid":{"rendered":"https:\/\/www.smedemokrati.sk\/?p=6298"},"modified":"2025-02-04T15:38:15","modified_gmt":"2025-02-04T14:38:15","slug":"na-slovensku-je-ohrozenych-minimalne-20-tisic-pracovnych-miest-a-fico-zatial-sniva-o-puci-vyzva-aby-vlada-okamzite-konala","status":"publish","type":"post","link":"https:\/\/www.smedemokrati.sk\/en\/na-slovensku-je-ohrozenych-minimalne-20-tisic-pracovnych-miest-a-fico-zatial-sniva-o-puci-vyzva-aby-vlada-okamzite-konala\/","title":{"rendered":"Na Slovensku je ohrozen\u00fdch minim\u00e1lne 20-tis\u00edc pracovn\u00fdch miest a Fico zatia\u013e sn\u00edva o pu\u010di. V\u00fdzva, aby vl\u00e1da okam\u017eite konala!"},"content":{"rendered":"<div id=\"fb-root\"><\/div>\n\n<p><strong>Demokrati upozor\u0148uj\u00fa, \u017ee ak sa stane realitou tzv. obchodn\u00e1 vojna medzi USA a Eur\u00f3pou a Trumpova administrat\u00edva uval\u00ed 10% cl\u00e1 na dovoz automobilov, na Slovensku bude ohrozen\u00fdch 20-tis\u00edc pracovn\u00fdch miest. Strana vyz\u00fdva ako premi\u00e9ra, rovnako tak aj ministerku hospod\u00e1rstva a \u010fal\u0161ie zodpovedn\u00e9 rezorty, aby akt\u00edvne rokovali s Eur\u00f3pskou komisiou a partnermi v USA.<\/strong><\/p>\n\n\n\n<p><em>\u201eRobert Fico r\u00e1d stra\u0161\u00ed \u013eud\u00ed, no ukazuje sa aj ako premi\u00e9r, ktor\u00fd nepon\u00faka \u017eiadne rie\u0161enia. Pri\u0161li sme symbolicky pred Volkswagen, ktor\u00fd zamestn\u00e1va tis\u00edcky \u013eud\u00ed na Slovensku. Dnes nie je t\u00e9mou \u010d\u00edslo jeden imagin\u00e1rny pu\u010d, majdan a gruz\u00ednske l\u00e9gie, ale to, aby Slovensk\u00e1 republika garantovala pracovn\u00e9 miesta v\u0161etk\u00fdm, ktor\u00ed pracuj\u00fa v automobilovom priemysle,&#8221;<\/em>\u00a0otv\u00e1ra t\u00e9mu predseda Demokratov Jaroslav Na\u010f a hovor\u00ed, \u017ee ak Trumpova administrat\u00edva uval\u00ed 10% cl\u00e1 na dovoz automobilov z Eur\u00f3py, m\u00f4\u017ee to znamena\u0165 v\u00fdpadok pr\u00edjmov v \u0161t\u00e1tnej kase na \u00farovni mili\u00e1rd a m\u00f4\u017ee sa dotkn\u00fa\u0165 pribli\u017ene 20-tis\u00edcov zamestnancov, ktor\u00ed v automotive pracuj\u00fa.\u00a0<\/p>\n\n\n\n<p><em>\u201eJe sp\u00f4sob ako tomu zabr\u00e1ni\u0165. Robert Fico v\u0161ak mus\u00ed presta\u0165 ohrozova\u0165 na\u0161e zahrani\u010dn\u00e9 vz\u0165ahy a stra\u0161i\u0165 vlastn\u00fdch ob\u010danov, nech sadne do vl\u00e1dneho \u0161peci\u00e1lu a okam\u017eite ide rokova\u0165 so \u0161\u00e9fmi zodpovedn\u00fdch ministerstiev s Eur\u00f3pskou komisiou, s predstavite\u013emi Washingtonu a nech kone\u010dne br\u00e1ni ozajstn\u00e9 slovensk\u00e9 z\u00e1ujmy,&#8221;\u00a0<\/em>hovor\u00ed Jaroslav Na\u010f a dod\u00e1va, \u017ee Robert Fico v\u010dera premrhal mo\u017enos\u0165 rokova\u0165 o veci na neform\u00e1lnom zasadnut\u00ed predsedov vl\u00e1d, z ktor\u00e9ho &#8220;zdupkal&#8221;.<\/p>\n\n\n\n<p>Juraj \u0160eliga hovor\u00ed, \u017ee je povinnos\u0165ou vl\u00e1dy rie\u0161i\u0165 ohrozenie pracovn\u00fdch miest:<em>\u00a0\u201eZ vymyslen\u00e9ho majdanu sa \u013eudia nenajedia. Ak\u00e1 je strat\u00e9gia tejto vl\u00e1dy? \u010co konkr\u00e9tne vl\u00e1da rob\u00ed, aby ochr\u00e1nila pracovn\u00e9 miesta? \u013dudia sa nenajedia z tla\u010doviek o prevrate. Fico by sa mal vzchopi\u0165 a za\u010dal rie\u0161i\u0165 to, \u010do re\u00e1lne \u017eiv\u00ed \u013eud\u00ed. Automobilov\u00fd priemysel, fabriky s\u00fa po celom Slovensku, s\u00fa to tis\u00edce rod\u00edn, ktor\u00fdch \u017eivobytie m\u00f4\u017ee by\u0165 ohrozen\u00e9. Namiesto toho \u010do id\u00fa robi\u0165 na mimoriadnej sch\u00f4dzi? Schva\u013eova\u0165\u00a0 fleky pre svojich nominantov. A \u010do pr\u00e1ca a stabilita pre be\u017en\u00fdch \u013eud\u00ed?&#8221;<\/em><\/p>\n\n\n\n<p>Demokrati sa opakovane p\u00fdtaj\u00fa, kde je teraz minister zahrani\u010dn\u00fdch vec\u00ed Blan\u00e1r, kde je ministerka Sakov\u00e1, pre\u010do nerokuj\u00fa s americk\u00fdmi partnermi? Teraz je \u010das, aby vl\u00e1da bola akt\u00edvna a uk\u00e1zala chu\u0165 br\u00e1ni\u0165 slovensk\u00e9 z\u00e1ujmy. To je skuto\u010dn\u00e1 suver\u00e9nna politika, strach nem\u00e1 hodnotu pre ka\u017edodenn\u00fd \u017eivot \u013eud\u00ed na Slovensku. Naopak kon\u0161trukt\u00edvna, suver\u00e9nna politika je to, \u010do m\u00e1 \u00fa\u017eitok pre \u013eud\u00ed na Slovensku, a to je \u00faloha vl\u00e1dy.&nbsp;<\/p>\n\n\n<div class=\"fb-video\" data-href=\"https:\/\/fb.watch\/xxKIzEIcde\" data-allowfullscreen=\"true\" data-autoplay=\"false\" data-width=\"\" data-show-text=\"false\" data-show-captions=\"true\"><\/div>\n","protected":false},"excerpt":{"rendered":"<p>Demokrati upozor\u0148uj\u00fa, \u017ee ak sa stane realitou tzv. obchodn\u00e1 vojna medzi USA a Eur\u00f3pou a Trumpova administrat\u00edva uval\u00ed 10% cl\u00e1 na dovoz automobilov, na Slovensku bude ohrozen\u00fdch 20-tis\u00edc pracovn\u00fdch miest. Strana vyz\u00fdva ako premi\u00e9ra, rovnako tak aj ministerku hospod\u00e1rstva a \u010fal\u0161ie zodpovedn\u00e9 rezorty, aby akt\u00edvne rokovali s Eur\u00f3pskou komisiou a partnermi v USA. \u201eRobert Fico [&hellip;]<\/p>\n","protected":false},"author":13,"featured_media":6299,"comment_status":"closed","ping_status":"closed","sticky":false,"template":"","format":"standard","meta":{"_acf_changed":false,"ngg_post_thumbnail":0,"footnotes":""},"categories":[4],"tags":[],"class_list":["post-6298","post","type-post","status-publish","format-standard","has-post-thumbnail","hentry","category-tlacove-spravy"],"acf":[],"yoast_head":"<!-- This site is optimized with the Yoast SEO plugin v27.2 - https:\/\/yoast.com\/product\/yoast-seo-wordpress\/ -->\n<title>Na Slovensku je ohrozen\u00fdch minim\u00e1lne 20-tis\u00edc pracovn\u00fdch miest a Fico zatia\u013e sn\u00edva o pu\u010di. V\u00fdzva, aby vl\u00e1da okam\u017eite konala!<\/title>\n<meta name=\"robots\" content=\"index, follow, max-snippet:-1, max-image-preview:large, max-video-preview:-1\" \/>\n<link rel=\"canonical\" href=\"https:\/\/www.smedemokrati.sk\/en\/na-slovensku-je-ohrozenych-minimalne-20-tisic-pracovnych-miest-a-fico-zatial-sniva-o-puci-vyzva-aby-vlada-okamzite-konala\/\" \/>\n<meta property=\"og:locale\" content=\"en_US\" \/>\n<meta property=\"og:locale:alternate\" content=\"cs_CZ\" \/>\n<meta property=\"og:locale:alternate\" content=\"hu_HU\" \/>\n<meta property=\"og:locale:alternate\" content=\"sk_SK\" \/>\n<meta property=\"og:locale:alternate\" content=\"sv_SE\" \/>\n<meta property=\"og:type\" content=\"article\" \/>\n<meta property=\"og:title\" content=\"Na Slovensku je ohrozen\u00fdch minim\u00e1lne 20-tis\u00edc pracovn\u00fdch miest a Fico zatia\u013e sn\u00edva o pu\u010di. V\u00fdzva, aby vl\u00e1da okam\u017eite konala!\" \/>\n<meta property=\"og:description\" content=\"Demokrati upozor\u0148uj\u00fa, \u017ee ak sa stane realitou tzv. obchodn\u00e1 vojna medzi USA a Eur\u00f3pou a Trumpova administrat\u00edva uval\u00ed 10% cl\u00e1 na dovoz automobilov, na Slovensku bude ohrozen\u00fdch 20-tis\u00edc pracovn\u00fdch miest. Strana vyz\u00fdva ako premi\u00e9ra, rovnako tak aj ministerku hospod\u00e1rstva a \u010fal\u0161ie zodpovedn\u00e9 rezorty, aby akt\u00edvne rokovali s Eur\u00f3pskou komisiou a partnermi v USA. \u201eRobert Fico [&hellip;]\" \/>\n<meta property=\"og:url\" content=\"https:\/\/www.smedemokrati.sk\/en\/na-slovensku-je-ohrozenych-minimalne-20-tisic-pracovnych-miest-a-fico-zatial-sniva-o-puci-vyzva-aby-vlada-okamzite-konala\/\" \/>\n<meta property=\"og:site_name\" content=\"Smedemokrati.sk\" \/>\n<meta property=\"article:publisher\" content=\"https:\/\/www.facebook.com\/smedemokrati2023\" \/>\n<meta property=\"article:published_time\" content=\"2025-02-04T14:38:13+00:00\" \/>\n<meta property=\"article:modified_time\" content=\"2025-02-04T14:38:15+00:00\" \/>\n<meta property=\"og:image\" content=\"https:\/\/www.smedemokrati.sk\/wp-content\/uploads\/2025\/02\/Demokrati_VW.jpg\" \/>\n\t<meta property=\"og:image:width\" content=\"918\" \/>\n\t<meta property=\"og:image:height\" content=\"507\" \/>\n\t<meta property=\"og:image:type\" content=\"image\/jpeg\" \/>\n<meta name=\"author\" content=\"miro.sopko\" \/>\n<meta name=\"twitter:card\" content=\"summary_large_image\" \/>\n<meta name=\"twitter:label1\" content=\"Written by\" \/>\n\t<meta name=\"twitter:data1\" content=\"miro.sopko\" \/>\n\t<meta name=\"twitter:label2\" content=\"Est. reading time\" \/>\n\t<meta name=\"twitter:data2\" content=\"3 minutes\" \/>\n<script type=\"application\/ld+json\" class=\"yoast-schema-graph\">{\"@context\":\"https:\/\/schema.org\",\"@graph\":[{\"@type\":\"Article\",\"@id\":\"https:\/\/www.smedemokrati.sk\/na-slovensku-je-ohrozenych-minimalne-20-tisic-pracovnych-miest-a-fico-zatial-sniva-o-puci-vyzva-aby-vlada-okamzite-konala\/#article\",\"isPartOf\":{\"@id\":\"https:\/\/www.smedemokrati.sk\/na-slovensku-je-ohrozenych-minimalne-20-tisic-pracovnych-miest-a-fico-zatial-sniva-o-puci-vyzva-aby-vlada-okamzite-konala\/\"},\"author\":{\"name\":\"miro.sopko\",\"@id\":\"https:\/\/www.smedemokrati.sk\/#\/schema\/person\/21f147c88d605aa7ded900e1e7c344ba\"},\"headline\":\"Na Slovensku je ohrozen\u00fdch minim\u00e1lne 20-tis\u00edc pracovn\u00fdch miest a Fico zatia\u013e sn\u00edva o pu\u010di. V\u00fdzva, aby vl\u00e1da okam\u017eite konala!\",\"datePublished\":\"2025-02-04T14:38:13+00:00\",\"dateModified\":\"2025-02-04T14:38:15+00:00\",\"mainEntityOfPage\":{\"@id\":\"https:\/\/www.smedemokrati.sk\/na-slovensku-je-ohrozenych-minimalne-20-tisic-pracovnych-miest-a-fico-zatial-sniva-o-puci-vyzva-aby-vlada-okamzite-konala\/\"},\"wordCount\":504,\"publisher\":{\"@id\":\"https:\/\/www.smedemokrati.sk\/#organization\"},\"image\":{\"@id\":\"https:\/\/www.smedemokrati.sk\/na-slovensku-je-ohrozenych-minimalne-20-tisic-pracovnych-miest-a-fico-zatial-sniva-o-puci-vyzva-aby-vlada-okamzite-konala\/#primaryimage\"},\"thumbnailUrl\":\"https:\/\/www.smedemokrati.sk\/wp-content\/uploads\/2025\/02\/Demokrati_VW.jpg\",\"articleSection\":[\"Tla\u010dov\u00e9 spr\u00e1vy\"],\"inLanguage\":\"en-US\"},{\"@type\":\"WebPage\",\"@id\":\"https:\/\/www.smedemokrati.sk\/na-slovensku-je-ohrozenych-minimalne-20-tisic-pracovnych-miest-a-fico-zatial-sniva-o-puci-vyzva-aby-vlada-okamzite-konala\/\",\"url\":\"https:\/\/www.smedemokrati.sk\/na-slovensku-je-ohrozenych-minimalne-20-tisic-pracovnych-miest-a-fico-zatial-sniva-o-puci-vyzva-aby-vlada-okamzite-konala\/\",\"name\":\"Na Slovensku je ohrozen\u00fdch minim\u00e1lne 20-tis\u00edc pracovn\u00fdch miest a Fico zatia\u013e sn\u00edva o pu\u010di. V\u00fdzva, aby vl\u00e1da okam\u017eite konala!\",\"isPartOf\":{\"@id\":\"https:\/\/www.smedemokrati.sk\/#website\"},\"primaryImageOfPage\":{\"@id\":\"https:\/\/www.smedemokrati.sk\/na-slovensku-je-ohrozenych-minimalne-20-tisic-pracovnych-miest-a-fico-zatial-sniva-o-puci-vyzva-aby-vlada-okamzite-konala\/#primaryimage\"},\"image\":{\"@id\":\"https:\/\/www.smedemokrati.sk\/na-slovensku-je-ohrozenych-minimalne-20-tisic-pracovnych-miest-a-fico-zatial-sniva-o-puci-vyzva-aby-vlada-okamzite-konala\/#primaryimage\"},\"thumbnailUrl\":\"https:\/\/www.smedemokrati.sk\/wp-content\/uploads\/2025\/02\/Demokrati_VW.jpg\",\"datePublished\":\"2025-02-04T14:38:13+00:00\",\"dateModified\":\"2025-02-04T14:38:15+00:00\",\"breadcrumb\":{\"@id\":\"https:\/\/www.smedemokrati.sk\/na-slovensku-je-ohrozenych-minimalne-20-tisic-pracovnych-miest-a-fico-zatial-sniva-o-puci-vyzva-aby-vlada-okamzite-konala\/#breadcrumb\"},\"inLanguage\":\"en-US\",\"potentialAction\":[{\"@type\":\"ReadAction\",\"target\":[\"https:\/\/www.smedemokrati.sk\/na-slovensku-je-ohrozenych-minimalne-20-tisic-pracovnych-miest-a-fico-zatial-sniva-o-puci-vyzva-aby-vlada-okamzite-konala\/\"]}]},{\"@type\":\"ImageObject\",\"inLanguage\":\"en-US\",\"@id\":\"https:\/\/www.smedemokrati.sk\/na-slovensku-je-ohrozenych-minimalne-20-tisic-pracovnych-miest-a-fico-zatial-sniva-o-puci-vyzva-aby-vlada-okamzite-konala\/#primaryimage\",\"url\":\"https:\/\/www.smedemokrati.sk\/wp-content\/uploads\/2025\/02\/Demokrati_VW.jpg\",\"contentUrl\":\"https:\/\/www.smedemokrati.sk\/wp-content\/uploads\/2025\/02\/Demokrati_VW.jpg\",\"width\":918,\"height\":507},{\"@type\":\"BreadcrumbList\",\"@id\":\"https:\/\/www.smedemokrati.sk\/na-slovensku-je-ohrozenych-minimalne-20-tisic-pracovnych-miest-a-fico-zatial-sniva-o-puci-vyzva-aby-vlada-okamzite-konala\/#breadcrumb\",\"itemListElement\":[{\"@type\":\"ListItem\",\"position\":1,\"name\":\"Domovsk\u00e1 str\u00e1nka\",\"item\":\"https:\/\/www.smedemokrati.sk\/\"},{\"@type\":\"ListItem\",\"position\":2,\"name\":\"Na Slovensku je ohrozen\u00fdch minim\u00e1lne 20-tis\u00edc pracovn\u00fdch miest a Fico zatia\u013e sn\u00edva o pu\u010di. V\u00fdzva, aby vl\u00e1da okam\u017eite konala!\"}]},{\"@type\":\"WebSite\",\"@id\":\"https:\/\/www.smedemokrati.sk\/#website\",\"url\":\"https:\/\/www.smedemokrati.sk\/\",\"name\":\"Smedemokrati.sk\",\"description\":\"Demokracia a slu\u0161nos\u0165 zv\u00ed\u0165az\u00ed\",\"publisher\":{\"@id\":\"https:\/\/www.smedemokrati.sk\/#organization\"},\"potentialAction\":[{\"@type\":\"SearchAction\",\"target\":{\"@type\":\"EntryPoint\",\"urlTemplate\":\"https:\/\/www.smedemokrati.sk\/?s={search_term_string}\"},\"query-input\":{\"@type\":\"PropertyValueSpecification\",\"valueRequired\":true,\"valueName\":\"search_term_string\"}}],\"inLanguage\":\"en-US\"},{\"@type\":\"Organization\",\"@id\":\"https:\/\/www.smedemokrati.sk\/#organization\",\"name\":\"Smedemokrati.sk\",\"url\":\"https:\/\/www.smedemokrati.sk\/\",\"logo\":{\"@type\":\"ImageObject\",\"inLanguage\":\"en-US\",\"@id\":\"https:\/\/www.smedemokrati.sk\/#\/schema\/logo\/image\/\",\"url\":\"https:\/\/www.smedemokrati.sk\/wp-content\/uploads\/2023\/04\/ff.002.jpeg\",\"contentUrl\":\"https:\/\/www.smedemokrati.sk\/wp-content\/uploads\/2023\/04\/ff.002.jpeg\",\"width\":640,\"height\":480,\"caption\":\"Smedemokrati.sk\"},\"image\":{\"@id\":\"https:\/\/www.smedemokrati.sk\/#\/schema\/logo\/image\/\"},\"sameAs\":[\"https:\/\/www.facebook.com\/smedemokrati2023\"]},{\"@type\":\"Person\",\"@id\":\"https:\/\/www.smedemokrati.sk\/#\/schema\/person\/21f147c88d605aa7ded900e1e7c344ba\",\"name\":\"miro.sopko\",\"image\":{\"@type\":\"ImageObject\",\"inLanguage\":\"en-US\",\"@id\":\"https:\/\/secure.gravatar.com\/avatar\/267e4a36f704376c109afe3a78740c1f5dd8675a2180a908699e7863c9247606?s=96&d=mm&r=g\",\"url\":\"https:\/\/secure.gravatar.com\/avatar\/267e4a36f704376c109afe3a78740c1f5dd8675a2180a908699e7863c9247606?s=96&d=mm&r=g\",\"contentUrl\":\"https:\/\/secure.gravatar.com\/avatar\/267e4a36f704376c109afe3a78740c1f5dd8675a2180a908699e7863c9247606?s=96&d=mm&r=g\",\"caption\":\"miro.sopko\"},\"url\":\"https:\/\/www.smedemokrati.sk\/en\/author\/miro-sopko\/\"}]}<\/script>\n<!-- \/ Yoast SEO plugin. -->","yoast_head_json":{"title":"Na Slovensku je ohrozen\u00fdch minim\u00e1lne 20-tis\u00edc pracovn\u00fdch miest a Fico zatia\u013e sn\u00edva o pu\u010di. V\u00fdzva, aby vl\u00e1da okam\u017eite konala!","robots":{"index":"index","follow":"follow","max-snippet":"max-snippet:-1","max-image-preview":"max-image-preview:large","max-video-preview":"max-video-preview:-1"},"canonical":"https:\/\/www.smedemokrati.sk\/en\/na-slovensku-je-ohrozenych-minimalne-20-tisic-pracovnych-miest-a-fico-zatial-sniva-o-puci-vyzva-aby-vlada-okamzite-konala\/","og_locale":"en_US","og_type":"article","og_title":"[:sk]Na Slovensku je ohrozen\u00fdch minim\u00e1lne 20-tis\u00edc pracovn\u00fdch miest a Fico zatia\u013e sn\u00edva o pu\u010di. V\u00fdzva, aby vl\u00e1da okam\u017eite konala![:] - Smedemokrati.sk","og_description":"Demokrati upozor\u0148uj\u00fa, \u017ee ak sa stane realitou tzv. obchodn\u00e1 vojna medzi USA a Eur\u00f3pou a Trumpova administrat\u00edva uval\u00ed 10% cl\u00e1 na dovoz automobilov, na Slovensku bude ohrozen\u00fdch 20-tis\u00edc pracovn\u00fdch miest. Strana vyz\u00fdva ako premi\u00e9ra, rovnako tak aj ministerku hospod\u00e1rstva a \u010fal\u0161ie zodpovedn\u00e9 rezorty, aby akt\u00edvne rokovali s Eur\u00f3pskou komisiou a partnermi v USA. \u201eRobert Fico [&hellip;]","og_url":"https:\/\/www.smedemokrati.sk\/en\/na-slovensku-je-ohrozenych-minimalne-20-tisic-pracovnych-miest-a-fico-zatial-sniva-o-puci-vyzva-aby-vlada-okamzite-konala\/","og_site_name":"Smedemokrati.sk","article_publisher":"https:\/\/www.facebook.com\/smedemokrati2023","article_published_time":"2025-02-04T14:38:13+00:00","article_modified_time":"2025-02-04T14:38:15+00:00","og_image":[{"width":918,"height":507,"url":"https:\/\/www.smedemokrati.sk\/wp-content\/uploads\/2025\/02\/Demokrati_VW.jpg","type":"image\/jpeg"}],"author":"miro.sopko","twitter_card":"summary_large_image","twitter_misc":{"Written by":"miro.sopko","Est. reading time":"3 minutes"},"schema":{"@context":"https:\/\/schema.org","@graph":[{"@type":"Article","@id":"https:\/\/www.smedemokrati.sk\/na-slovensku-je-ohrozenych-minimalne-20-tisic-pracovnych-miest-a-fico-zatial-sniva-o-puci-vyzva-aby-vlada-okamzite-konala\/#article","isPartOf":{"@id":"https:\/\/www.smedemokrati.sk\/na-slovensku-je-ohrozenych-minimalne-20-tisic-pracovnych-miest-a-fico-zatial-sniva-o-puci-vyzva-aby-vlada-okamzite-konala\/"},"author":{"name":"miro.sopko","@id":"https:\/\/www.smedemokrati.sk\/#\/schema\/person\/21f147c88d605aa7ded900e1e7c344ba"},"headline":"Na Slovensku je ohrozen\u00fdch minim\u00e1lne 20-tis\u00edc pracovn\u00fdch miest a Fico zatia\u013e sn\u00edva o pu\u010di. V\u00fdzva, aby vl\u00e1da okam\u017eite konala!","datePublished":"2025-02-04T14:38:13+00:00","dateModified":"2025-02-04T14:38:15+00:00","mainEntityOfPage":{"@id":"https:\/\/www.smedemokrati.sk\/na-slovensku-je-ohrozenych-minimalne-20-tisic-pracovnych-miest-a-fico-zatial-sniva-o-puci-vyzva-aby-vlada-okamzite-konala\/"},"wordCount":504,"publisher":{"@id":"https:\/\/www.smedemokrati.sk\/#organization"},"image":{"@id":"https:\/\/www.smedemokrati.sk\/na-slovensku-je-ohrozenych-minimalne-20-tisic-pracovnych-miest-a-fico-zatial-sniva-o-puci-vyzva-aby-vlada-okamzite-konala\/#primaryimage"},"thumbnailUrl":"https:\/\/www.smedemokrati.sk\/wp-content\/uploads\/2025\/02\/Demokrati_VW.jpg","articleSection":["Tla\u010dov\u00e9 spr\u00e1vy"],"inLanguage":"en-US"},{"@type":"WebPage","@id":"https:\/\/www.smedemokrati.sk\/na-slovensku-je-ohrozenych-minimalne-20-tisic-pracovnych-miest-a-fico-zatial-sniva-o-puci-vyzva-aby-vlada-okamzite-konala\/","url":"https:\/\/www.smedemokrati.sk\/na-slovensku-je-ohrozenych-minimalne-20-tisic-pracovnych-miest-a-fico-zatial-sniva-o-puci-vyzva-aby-vlada-okamzite-konala\/","name":"Na Slovensku je ohrozen\u00fdch minim\u00e1lne 20-tis\u00edc pracovn\u00fdch miest a Fico zatia\u013e sn\u00edva o pu\u010di. V\u00fdzva, aby vl\u00e1da okam\u017eite konala!","isPartOf":{"@id":"https:\/\/www.smedemokrati.sk\/#website"},"primaryImageOfPage":{"@id":"https:\/\/www.smedemokrati.sk\/na-slovensku-je-ohrozenych-minimalne-20-tisic-pracovnych-miest-a-fico-zatial-sniva-o-puci-vyzva-aby-vlada-okamzite-konala\/#primaryimage"},"image":{"@id":"https:\/\/www.smedemokrati.sk\/na-slovensku-je-ohrozenych-minimalne-20-tisic-pracovnych-miest-a-fico-zatial-sniva-o-puci-vyzva-aby-vlada-okamzite-konala\/#primaryimage"},"thumbnailUrl":"https:\/\/www.smedemokrati.sk\/wp-content\/uploads\/2025\/02\/Demokrati_VW.jpg","datePublished":"2025-02-04T14:38:13+00:00","dateModified":"2025-02-04T14:38:15+00:00","breadcrumb":{"@id":"https:\/\/www.smedemokrati.sk\/na-slovensku-je-ohrozenych-minimalne-20-tisic-pracovnych-miest-a-fico-zatial-sniva-o-puci-vyzva-aby-vlada-okamzite-konala\/#breadcrumb"},"inLanguage":"en-US","potentialAction":[{"@type":"ReadAction","target":["https:\/\/www.smedemokrati.sk\/na-slovensku-je-ohrozenych-minimalne-20-tisic-pracovnych-miest-a-fico-zatial-sniva-o-puci-vyzva-aby-vlada-okamzite-konala\/"]}]},{"@type":"ImageObject","inLanguage":"en-US","@id":"https:\/\/www.smedemokrati.sk\/na-slovensku-je-ohrozenych-minimalne-20-tisic-pracovnych-miest-a-fico-zatial-sniva-o-puci-vyzva-aby-vlada-okamzite-konala\/#primaryimage","url":"https:\/\/www.smedemokrati.sk\/wp-content\/uploads\/2025\/02\/Demokrati_VW.jpg","contentUrl":"https:\/\/www.smedemokrati.sk\/wp-content\/uploads\/2025\/02\/Demokrati_VW.jpg","width":918,"height":507},{"@type":"BreadcrumbList","@id":"https:\/\/www.smedemokrati.sk\/na-slovensku-je-ohrozenych-minimalne-20-tisic-pracovnych-miest-a-fico-zatial-sniva-o-puci-vyzva-aby-vlada-okamzite-konala\/#breadcrumb","itemListElement":[{"@type":"ListItem","position":1,"name":"Domovsk\u00e1 str\u00e1nka","item":"https:\/\/www.smedemokrati.sk\/"},{"@type":"ListItem","position":2,"name":"Na Slovensku je ohrozen\u00fdch minim\u00e1lne 20-tis\u00edc pracovn\u00fdch miest a Fico zatia\u013e sn\u00edva o pu\u010di. V\u00fdzva, aby vl\u00e1da okam\u017eite konala!"}]},{"@type":"WebSite","@id":"https:\/\/www.smedemokrati.sk\/#website","url":"https:\/\/www.smedemokrati.sk\/","name":"Smedemokrati.sk","description":"Demokracia a slu\u0161nos\u0165 zv\u00ed\u0165az\u00ed","publisher":{"@id":"https:\/\/www.smedemokrati.sk\/#organization"},"potentialAction":[{"@type":"SearchAction","target":{"@type":"EntryPoint","urlTemplate":"https:\/\/www.smedemokrati.sk\/?s={search_term_string}"},"query-input":{"@type":"PropertyValueSpecification","valueRequired":true,"valueName":"search_term_string"}}],"inLanguage":"en-US"},{"@type":"Organization","@id":"https:\/\/www.smedemokrati.sk\/#organization","name":"Smedemokrati.sk","url":"https:\/\/www.smedemokrati.sk\/","logo":{"@type":"ImageObject","inLanguage":"en-US","@id":"https:\/\/www.smedemokrati.sk\/#\/schema\/logo\/image\/","url":"https:\/\/www.smedemokrati.sk\/wp-content\/uploads\/2023\/04\/ff.002.jpeg","contentUrl":"https:\/\/www.smedemokrati.sk\/wp-content\/uploads\/2023\/04\/ff.002.jpeg","width":640,"height":480,"caption":"Smedemokrati.sk"},"image":{"@id":"https:\/\/www.smedemokrati.sk\/#\/schema\/logo\/image\/"},"sameAs":["https:\/\/www.facebook.com\/smedemokrati2023"]},{"@type":"Person","@id":"https:\/\/www.smedemokrati.sk\/#\/schema\/person\/21f147c88d605aa7ded900e1e7c344ba","name":"miro.sopko","image":{"@type":"ImageObject","inLanguage":"en-US","@id":"https:\/\/secure.gravatar.com\/avatar\/267e4a36f704376c109afe3a78740c1f5dd8675a2180a908699e7863c9247606?s=96&d=mm&r=g","url":"https:\/\/secure.gravatar.com\/avatar\/267e4a36f704376c109afe3a78740c1f5dd8675a2180a908699e7863c9247606?s=96&d=mm&r=g","contentUrl":"https:\/\/secure.gravatar.com\/avatar\/267e4a36f704376c109afe3a78740c1f5dd8675a2180a908699e7863c9247606?s=96&d=mm&r=g","caption":"miro.sopko"},"url":"https:\/\/www.smedemokrati.sk\/en\/author\/miro-sopko\/"}]}},"_links":{"self":[{"href":"https:\/\/www.smedemokrati.sk\/en\/wp-json\/wp\/v2\/posts\/6298","targetHints":{"allow":["GET"]}}],"collection":[{"href":"https:\/\/www.smedemokrati.sk\/en\/wp-json\/wp\/v2\/posts"}],"about":[{"href":"https:\/\/www.smedemokrati.sk\/en\/wp-json\/wp\/v2\/types\/post"}],"author":[{"embeddable":true,"href":"https:\/\/www.smedemokrati.sk\/en\/wp-json\/wp\/v2\/users\/13"}],"replies":[{"embeddable":true,"href":"https:\/\/www.smedemokrati.sk\/en\/wp-json\/wp\/v2\/comments?post=6298"}],"version-history":[{"count":1,"href":"https:\/\/www.smedemokrati.sk\/en\/wp-json\/wp\/v2\/posts\/6298\/revisions"}],"predecessor-version":[{"id":6300,"href":"https:\/\/www.smedemokrati.sk\/en\/wp-json\/wp\/v2\/posts\/6298\/revisions\/6300"}],"wp:featuredmedia":[{"embeddable":true,"href":"https:\/\/www.smedemokrati.sk\/en\/wp-json\/wp\/v2\/media\/6299"}],"wp:attachment":[{"href":"https:\/\/www.smedemokrati.sk\/en\/wp-json\/wp\/v2\/media?parent=6298"}],"wp:term":[{"taxonomy":"category","embeddable":true,"href":"https:\/\/www.smedemokrati.sk\/en\/wp-json\/wp\/v2\/categories?post=6298"},{"taxonomy":"post_tag","embeddable":true,"href":"https:\/\/www.smedemokrati.sk\/en\/wp-json\/wp\/v2\/tags?post=6298"}],"curies":[{"name":"wp","href":"https:\/\/api.w.org\/{rel}","templated":true}]}}