{"id":6283,"date":"2025-02-03T16:26:23","date_gmt":"2025-02-03T15:26:23","guid":{"rendered":"https:\/\/www.smedemokrati.sk\/?p=6283"},"modified":"2025-02-03T16:26:23","modified_gmt":"2025-02-03T15:26:23","slug":"bol-si-michelko-vybavit-podporu-osobne-fpu-rozhodol-inak-ako-odporucali-odbornici","status":"publish","type":"post","link":"https:\/\/www.smedemokrati.sk\/en\/bol-si-michelko-vybavit-podporu-osobne-fpu-rozhodol-inak-ako-odporucali-odbornici\/","title":{"rendered":"Bol si Michelko vybavi\u0165 podporu osobne? FPU rozhodol inak ako odpor\u00fa\u010dali odborn\u00edci"},"content":{"rendered":"<div id=\"fb-root\"><\/div>\n\n<p><strong>Aj napriek odpor\u00fa\u010daniam komisie oh\u013eadom projektov, v ktor\u00fdch figuruje poslanec Roman Michelko, rozhodla Rada FPU inak. Na distrib\u00faciu \u010dasopisu Matice Slovenskej, v ktorej je Michelko \u010dlen, p\u00f4jde 15 000 eur a na Liter\u00e1rny t\u00fd\u017edenn\u00edk Spolku slovensk\u00fdch spisovate\u013eov, v ktor\u00e9ho predstavenstve sed\u00ed poslanec, ide 57 000 eur. Rada dokonca odobrila podporu tohto \u010dasopisu na nasleduj\u00face tri roky, \u010do je tie\u017e v rozpore s odpor\u00fa\u010dan\u00edm komisie. Demokrati vyz\u00fdvaj\u00fa Romana Michelka, aby vysvetlil svoju n\u00e1v\u0161tevu budovy FPU kr\u00e1tko pred rozhodovan\u00edm rady aj o t\u00fdchto projektov.<\/strong><\/p>\n\n\n\n<p>Pod\u013ea Doroty Nvotovej, ktor\u00e1 je \u010dlenkou predsedn\u00edctva Demokratov, rozhodla Rada FPU proti odpor\u00fa\u010daniam odbornej komisie:\u00a0<em>\u201eKomisia neodporu\u010dila podpori\u0165 projekt Slovensk\u00e9 n\u00e1rodn\u00e1 noviny, a to pre nedostato\u010dne vypracovan\u00fa \u017eiados\u0165 a citujem, absenciu reflexie umenia a kult\u00fary v obsahu periodika. V druhom pr\u00edpade, Michelkov \u010dasopis &#8211; Liter\u00e1rny t\u00fd\u017edenn\u00edk odporu\u010dili podpori\u0165 zn\u00ed\u017eenou \u010diastkou na jeden rok a tie\u017e chceli, aby autor zlep\u0161il propag\u00e1ciu projektu, grafiku a aktivitu na soci\u00e1lnych sie\u0165ach,&#8221;\u00a0<\/em>otv\u00e1ra t\u00e9mu Dorota Nvotov\u00e1.<\/p>\n\n\n\n<p>Pokra\u010duje, \u017ee aj napriek odpor\u00fa\u010daniam, rozhodla Rada FPU podpori\u0165 projekt Slovensk\u00e9 n\u00e1rodn\u00e9 noviny a tie\u017e Liter\u00e1rny t\u00fd\u017edenn\u00edk, a to v plnom rozsahu a rovno na tri roky. <em>\u201ePod\u013ea mojich inform\u00e1ci\u00ed bol poslanec Michelko v budove FPU tesne pred rozhodovan\u00edm rady. P\u00fdtam sa \u010do tam robil, s k\u00fdm mal rokovania a \u010di toto mo\u017eno pova\u017eova\u0165 za z\u00e1ver stretnutia-podpora jeho vlastn\u00fdch projektov.&#8221;\u00a0<\/em><\/p>\n","protected":false},"excerpt":{"rendered":"<p>Aj napriek odpor\u00fa\u010daniam komisie oh\u013eadom projektov, v ktor\u00fdch figuruje poslanec Roman Michelko, rozhodla Rada FPU inak. Na distrib\u00faciu \u010dasopisu Matice Slovenskej, v ktorej je Michelko \u010dlen, p\u00f4jde 15 000 eur a na Liter\u00e1rny t\u00fd\u017edenn\u00edk Spolku slovensk\u00fdch spisovate\u013eov, v ktor\u00e9ho predstavenstve sed\u00ed poslanec, ide 57 000 eur. Rada dokonca odobrila podporu tohto \u010dasopisu na nasleduj\u00face tri [&hellip;]<\/p>\n","protected":false},"author":13,"featured_media":6288,"comment_status":"closed","ping_status":"closed","sticky":false,"template":"","format":"standard","meta":{"_acf_changed":false,"ngg_post_thumbnail":0,"footnotes":""},"categories":[4],"tags":[],"class_list":["post-6283","post","type-post","status-publish","format-standard","has-post-thumbnail","hentry","category-tlacove-spravy"],"acf":[],"yoast_head":"<!-- This site is optimized with the Yoast SEO plugin v27.2 - https:\/\/yoast.com\/product\/yoast-seo-wordpress\/ -->\n<title>Bol si Michelko vybavi\u0165 podporu osobne? FPU rozhodol inak ako odpor\u00fa\u010dali odborn\u00edci<\/title>\n<meta name=\"robots\" content=\"index, follow, max-snippet:-1, max-image-preview:large, max-video-preview:-1\" \/>\n<link rel=\"canonical\" href=\"https:\/\/www.smedemokrati.sk\/en\/bol-si-michelko-vybavit-podporu-osobne-fpu-rozhodol-inak-ako-odporucali-odbornici\/\" \/>\n<meta property=\"og:locale\" content=\"en_US\" \/>\n<meta property=\"og:locale:alternate\" content=\"cs_CZ\" \/>\n<meta property=\"og:locale:alternate\" content=\"hu_HU\" \/>\n<meta property=\"og:locale:alternate\" content=\"sk_SK\" \/>\n<meta property=\"og:locale:alternate\" content=\"sv_SE\" \/>\n<meta property=\"og:type\" content=\"article\" \/>\n<meta property=\"og:title\" content=\"Bol si Michelko vybavi\u0165 podporu osobne? FPU rozhodol inak ako odpor\u00fa\u010dali odborn\u00edci\" \/>\n<meta property=\"og:description\" content=\"Aj napriek odpor\u00fa\u010daniam komisie oh\u013eadom projektov, v ktor\u00fdch figuruje poslanec Roman Michelko, rozhodla Rada FPU inak. Na distrib\u00faciu \u010dasopisu Matice Slovenskej, v ktorej je Michelko \u010dlen, p\u00f4jde 15 000 eur a na Liter\u00e1rny t\u00fd\u017edenn\u00edk Spolku slovensk\u00fdch spisovate\u013eov, v ktor\u00e9ho predstavenstve sed\u00ed poslanec, ide 57 000 eur. Rada dokonca odobrila podporu tohto \u010dasopisu na nasleduj\u00face tri [&hellip;]\" \/>\n<meta property=\"og:url\" content=\"https:\/\/www.smedemokrati.sk\/en\/bol-si-michelko-vybavit-podporu-osobne-fpu-rozhodol-inak-ako-odporucali-odbornici\/\" \/>\n<meta property=\"og:site_name\" content=\"Smedemokrati.sk\" \/>\n<meta property=\"article:publisher\" content=\"https:\/\/www.facebook.com\/smedemokrati2023\" \/>\n<meta property=\"article:published_time\" content=\"2025-02-03T15:26:23+00:00\" \/>\n<meta property=\"og:image\" content=\"https:\/\/www.smedemokrati.sk\/wp-content\/uploads\/2025\/02\/FB_IMG_1738596320360.jpg\" \/>\n\t<meta property=\"og:image:width\" content=\"676\" \/>\n\t<meta property=\"og:image:height\" content=\"451\" \/>\n\t<meta property=\"og:image:type\" content=\"image\/jpeg\" \/>\n<meta name=\"author\" content=\"miro.sopko\" \/>\n<meta name=\"twitter:card\" content=\"summary_large_image\" \/>\n<meta name=\"twitter:label1\" content=\"Written by\" \/>\n\t<meta name=\"twitter:data1\" content=\"miro.sopko\" \/>\n\t<meta name=\"twitter:label2\" content=\"Est. reading time\" \/>\n\t<meta name=\"twitter:data2\" content=\"2 minutes\" \/>\n<script type=\"application\/ld+json\" class=\"yoast-schema-graph\">{\"@context\":\"https:\/\/schema.org\",\"@graph\":[{\"@type\":\"Article\",\"@id\":\"https:\/\/www.smedemokrati.sk\/bol-si-michelko-vybavit-podporu-osobne-fpu-rozhodol-inak-ako-odporucali-odbornici\/#article\",\"isPartOf\":{\"@id\":\"https:\/\/www.smedemokrati.sk\/bol-si-michelko-vybavit-podporu-osobne-fpu-rozhodol-inak-ako-odporucali-odbornici\/\"},\"author\":{\"name\":\"miro.sopko\",\"@id\":\"https:\/\/www.smedemokrati.sk\/#\/schema\/person\/21f147c88d605aa7ded900e1e7c344ba\"},\"headline\":\"Bol si Michelko vybavi\u0165 podporu osobne? FPU rozhodol inak ako odpor\u00fa\u010dali odborn\u00edci\",\"datePublished\":\"2025-02-03T15:26:23+00:00\",\"mainEntityOfPage\":{\"@id\":\"https:\/\/www.smedemokrati.sk\/bol-si-michelko-vybavit-podporu-osobne-fpu-rozhodol-inak-ako-odporucali-odbornici\/\"},\"wordCount\":279,\"publisher\":{\"@id\":\"https:\/\/www.smedemokrati.sk\/#organization\"},\"image\":{\"@id\":\"https:\/\/www.smedemokrati.sk\/bol-si-michelko-vybavit-podporu-osobne-fpu-rozhodol-inak-ako-odporucali-odbornici\/#primaryimage\"},\"thumbnailUrl\":\"https:\/\/www.smedemokrati.sk\/wp-content\/uploads\/2025\/02\/FB_IMG_1738596320360.jpg\",\"articleSection\":[\"Tla\u010dov\u00e9 spr\u00e1vy\"],\"inLanguage\":\"en-US\"},{\"@type\":\"WebPage\",\"@id\":\"https:\/\/www.smedemokrati.sk\/bol-si-michelko-vybavit-podporu-osobne-fpu-rozhodol-inak-ako-odporucali-odbornici\/\",\"url\":\"https:\/\/www.smedemokrati.sk\/bol-si-michelko-vybavit-podporu-osobne-fpu-rozhodol-inak-ako-odporucali-odbornici\/\",\"name\":\"Bol si Michelko vybavi\u0165 podporu osobne? FPU rozhodol inak ako odpor\u00fa\u010dali odborn\u00edci\",\"isPartOf\":{\"@id\":\"https:\/\/www.smedemokrati.sk\/#website\"},\"primaryImageOfPage\":{\"@id\":\"https:\/\/www.smedemokrati.sk\/bol-si-michelko-vybavit-podporu-osobne-fpu-rozhodol-inak-ako-odporucali-odbornici\/#primaryimage\"},\"image\":{\"@id\":\"https:\/\/www.smedemokrati.sk\/bol-si-michelko-vybavit-podporu-osobne-fpu-rozhodol-inak-ako-odporucali-odbornici\/#primaryimage\"},\"thumbnailUrl\":\"https:\/\/www.smedemokrati.sk\/wp-content\/uploads\/2025\/02\/FB_IMG_1738596320360.jpg\",\"datePublished\":\"2025-02-03T15:26:23+00:00\",\"breadcrumb\":{\"@id\":\"https:\/\/www.smedemokrati.sk\/bol-si-michelko-vybavit-podporu-osobne-fpu-rozhodol-inak-ako-odporucali-odbornici\/#breadcrumb\"},\"inLanguage\":\"en-US\",\"potentialAction\":[{\"@type\":\"ReadAction\",\"target\":[\"https:\/\/www.smedemokrati.sk\/bol-si-michelko-vybavit-podporu-osobne-fpu-rozhodol-inak-ako-odporucali-odbornici\/\"]}]},{\"@type\":\"ImageObject\",\"inLanguage\":\"en-US\",\"@id\":\"https:\/\/www.smedemokrati.sk\/bol-si-michelko-vybavit-podporu-osobne-fpu-rozhodol-inak-ako-odporucali-odbornici\/#primaryimage\",\"url\":\"https:\/\/www.smedemokrati.sk\/wp-content\/uploads\/2025\/02\/FB_IMG_1738596320360.jpg\",\"contentUrl\":\"https:\/\/www.smedemokrati.sk\/wp-content\/uploads\/2025\/02\/FB_IMG_1738596320360.jpg\",\"width\":676,\"height\":451},{\"@type\":\"BreadcrumbList\",\"@id\":\"https:\/\/www.smedemokrati.sk\/bol-si-michelko-vybavit-podporu-osobne-fpu-rozhodol-inak-ako-odporucali-odbornici\/#breadcrumb\",\"itemListElement\":[{\"@type\":\"ListItem\",\"position\":1,\"name\":\"Domovsk\u00e1 str\u00e1nka\",\"item\":\"https:\/\/www.smedemokrati.sk\/\"},{\"@type\":\"ListItem\",\"position\":2,\"name\":\"Bol si Michelko vybavi\u0165 podporu osobne? FPU rozhodol inak ako odpor\u00fa\u010dali odborn\u00edci\"}]},{\"@type\":\"WebSite\",\"@id\":\"https:\/\/www.smedemokrati.sk\/#website\",\"url\":\"https:\/\/www.smedemokrati.sk\/\",\"name\":\"Smedemokrati.sk\",\"description\":\"Demokracia a slu\u0161nos\u0165 zv\u00ed\u0165az\u00ed\",\"publisher\":{\"@id\":\"https:\/\/www.smedemokrati.sk\/#organization\"},\"potentialAction\":[{\"@type\":\"SearchAction\",\"target\":{\"@type\":\"EntryPoint\",\"urlTemplate\":\"https:\/\/www.smedemokrati.sk\/?s={search_term_string}\"},\"query-input\":{\"@type\":\"PropertyValueSpecification\",\"valueRequired\":true,\"valueName\":\"search_term_string\"}}],\"inLanguage\":\"en-US\"},{\"@type\":\"Organization\",\"@id\":\"https:\/\/www.smedemokrati.sk\/#organization\",\"name\":\"Smedemokrati.sk\",\"url\":\"https:\/\/www.smedemokrati.sk\/\",\"logo\":{\"@type\":\"ImageObject\",\"inLanguage\":\"en-US\",\"@id\":\"https:\/\/www.smedemokrati.sk\/#\/schema\/logo\/image\/\",\"url\":\"https:\/\/www.smedemokrati.sk\/wp-content\/uploads\/2023\/04\/ff.002.jpeg\",\"contentUrl\":\"https:\/\/www.smedemokrati.sk\/wp-content\/uploads\/2023\/04\/ff.002.jpeg\",\"width\":640,\"height\":480,\"caption\":\"Smedemokrati.sk\"},\"image\":{\"@id\":\"https:\/\/www.smedemokrati.sk\/#\/schema\/logo\/image\/\"},\"sameAs\":[\"https:\/\/www.facebook.com\/smedemokrati2023\"]},{\"@type\":\"Person\",\"@id\":\"https:\/\/www.smedemokrati.sk\/#\/schema\/person\/21f147c88d605aa7ded900e1e7c344ba\",\"name\":\"miro.sopko\",\"image\":{\"@type\":\"ImageObject\",\"inLanguage\":\"en-US\",\"@id\":\"https:\/\/secure.gravatar.com\/avatar\/267e4a36f704376c109afe3a78740c1f5dd8675a2180a908699e7863c9247606?s=96&d=mm&r=g\",\"url\":\"https:\/\/secure.gravatar.com\/avatar\/267e4a36f704376c109afe3a78740c1f5dd8675a2180a908699e7863c9247606?s=96&d=mm&r=g\",\"contentUrl\":\"https:\/\/secure.gravatar.com\/avatar\/267e4a36f704376c109afe3a78740c1f5dd8675a2180a908699e7863c9247606?s=96&d=mm&r=g\",\"caption\":\"miro.sopko\"},\"url\":\"https:\/\/www.smedemokrati.sk\/en\/author\/miro-sopko\/\"}]}<\/script>\n<!-- \/ Yoast SEO plugin. -->","yoast_head_json":{"title":"Bol si Michelko vybavi\u0165 podporu osobne? FPU rozhodol inak ako odpor\u00fa\u010dali odborn\u00edci","robots":{"index":"index","follow":"follow","max-snippet":"max-snippet:-1","max-image-preview":"max-image-preview:large","max-video-preview":"max-video-preview:-1"},"canonical":"https:\/\/www.smedemokrati.sk\/en\/bol-si-michelko-vybavit-podporu-osobne-fpu-rozhodol-inak-ako-odporucali-odbornici\/","og_locale":"en_US","og_type":"article","og_title":"[:sk]Bol si Michelko vybavi\u0165 podporu osobne? FPU rozhodol inak ako odpor\u00fa\u010dali odborn\u00edci[:] - Smedemokrati.sk","og_description":"Aj napriek odpor\u00fa\u010daniam komisie oh\u013eadom projektov, v ktor\u00fdch figuruje poslanec Roman Michelko, rozhodla Rada FPU inak. Na distrib\u00faciu \u010dasopisu Matice Slovenskej, v ktorej je Michelko \u010dlen, p\u00f4jde 15 000 eur a na Liter\u00e1rny t\u00fd\u017edenn\u00edk Spolku slovensk\u00fdch spisovate\u013eov, v ktor\u00e9ho predstavenstve sed\u00ed poslanec, ide 57 000 eur. Rada dokonca odobrila podporu tohto \u010dasopisu na nasleduj\u00face tri [&hellip;]","og_url":"https:\/\/www.smedemokrati.sk\/en\/bol-si-michelko-vybavit-podporu-osobne-fpu-rozhodol-inak-ako-odporucali-odbornici\/","og_site_name":"Smedemokrati.sk","article_publisher":"https:\/\/www.facebook.com\/smedemokrati2023","article_published_time":"2025-02-03T15:26:23+00:00","og_image":[{"width":676,"height":451,"url":"https:\/\/www.smedemokrati.sk\/wp-content\/uploads\/2025\/02\/FB_IMG_1738596320360.jpg","type":"image\/jpeg"}],"author":"miro.sopko","twitter_card":"summary_large_image","twitter_misc":{"Written by":"miro.sopko","Est. reading time":"2 minutes"},"schema":{"@context":"https:\/\/schema.org","@graph":[{"@type":"Article","@id":"https:\/\/www.smedemokrati.sk\/bol-si-michelko-vybavit-podporu-osobne-fpu-rozhodol-inak-ako-odporucali-odbornici\/#article","isPartOf":{"@id":"https:\/\/www.smedemokrati.sk\/bol-si-michelko-vybavit-podporu-osobne-fpu-rozhodol-inak-ako-odporucali-odbornici\/"},"author":{"name":"miro.sopko","@id":"https:\/\/www.smedemokrati.sk\/#\/schema\/person\/21f147c88d605aa7ded900e1e7c344ba"},"headline":"Bol si Michelko vybavi\u0165 podporu osobne? FPU rozhodol inak ako odpor\u00fa\u010dali odborn\u00edci","datePublished":"2025-02-03T15:26:23+00:00","mainEntityOfPage":{"@id":"https:\/\/www.smedemokrati.sk\/bol-si-michelko-vybavit-podporu-osobne-fpu-rozhodol-inak-ako-odporucali-odbornici\/"},"wordCount":279,"publisher":{"@id":"https:\/\/www.smedemokrati.sk\/#organization"},"image":{"@id":"https:\/\/www.smedemokrati.sk\/bol-si-michelko-vybavit-podporu-osobne-fpu-rozhodol-inak-ako-odporucali-odbornici\/#primaryimage"},"thumbnailUrl":"https:\/\/www.smedemokrati.sk\/wp-content\/uploads\/2025\/02\/FB_IMG_1738596320360.jpg","articleSection":["Tla\u010dov\u00e9 spr\u00e1vy"],"inLanguage":"en-US"},{"@type":"WebPage","@id":"https:\/\/www.smedemokrati.sk\/bol-si-michelko-vybavit-podporu-osobne-fpu-rozhodol-inak-ako-odporucali-odbornici\/","url":"https:\/\/www.smedemokrati.sk\/bol-si-michelko-vybavit-podporu-osobne-fpu-rozhodol-inak-ako-odporucali-odbornici\/","name":"Bol si Michelko vybavi\u0165 podporu osobne? FPU rozhodol inak ako odpor\u00fa\u010dali odborn\u00edci","isPartOf":{"@id":"https:\/\/www.smedemokrati.sk\/#website"},"primaryImageOfPage":{"@id":"https:\/\/www.smedemokrati.sk\/bol-si-michelko-vybavit-podporu-osobne-fpu-rozhodol-inak-ako-odporucali-odbornici\/#primaryimage"},"image":{"@id":"https:\/\/www.smedemokrati.sk\/bol-si-michelko-vybavit-podporu-osobne-fpu-rozhodol-inak-ako-odporucali-odbornici\/#primaryimage"},"thumbnailUrl":"https:\/\/www.smedemokrati.sk\/wp-content\/uploads\/2025\/02\/FB_IMG_1738596320360.jpg","datePublished":"2025-02-03T15:26:23+00:00","breadcrumb":{"@id":"https:\/\/www.smedemokrati.sk\/bol-si-michelko-vybavit-podporu-osobne-fpu-rozhodol-inak-ako-odporucali-odbornici\/#breadcrumb"},"inLanguage":"en-US","potentialAction":[{"@type":"ReadAction","target":["https:\/\/www.smedemokrati.sk\/bol-si-michelko-vybavit-podporu-osobne-fpu-rozhodol-inak-ako-odporucali-odbornici\/"]}]},{"@type":"ImageObject","inLanguage":"en-US","@id":"https:\/\/www.smedemokrati.sk\/bol-si-michelko-vybavit-podporu-osobne-fpu-rozhodol-inak-ako-odporucali-odbornici\/#primaryimage","url":"https:\/\/www.smedemokrati.sk\/wp-content\/uploads\/2025\/02\/FB_IMG_1738596320360.jpg","contentUrl":"https:\/\/www.smedemokrati.sk\/wp-content\/uploads\/2025\/02\/FB_IMG_1738596320360.jpg","width":676,"height":451},{"@type":"BreadcrumbList","@id":"https:\/\/www.smedemokrati.sk\/bol-si-michelko-vybavit-podporu-osobne-fpu-rozhodol-inak-ako-odporucali-odbornici\/#breadcrumb","itemListElement":[{"@type":"ListItem","position":1,"name":"Domovsk\u00e1 str\u00e1nka","item":"https:\/\/www.smedemokrati.sk\/"},{"@type":"ListItem","position":2,"name":"Bol si Michelko vybavi\u0165 podporu osobne? FPU rozhodol inak ako odpor\u00fa\u010dali odborn\u00edci"}]},{"@type":"WebSite","@id":"https:\/\/www.smedemokrati.sk\/#website","url":"https:\/\/www.smedemokrati.sk\/","name":"Smedemokrati.sk","description":"Demokracia a slu\u0161nos\u0165 zv\u00ed\u0165az\u00ed","publisher":{"@id":"https:\/\/www.smedemokrati.sk\/#organization"},"potentialAction":[{"@type":"SearchAction","target":{"@type":"EntryPoint","urlTemplate":"https:\/\/www.smedemokrati.sk\/?s={search_term_string}"},"query-input":{"@type":"PropertyValueSpecification","valueRequired":true,"valueName":"search_term_string"}}],"inLanguage":"en-US"},{"@type":"Organization","@id":"https:\/\/www.smedemokrati.sk\/#organization","name":"Smedemokrati.sk","url":"https:\/\/www.smedemokrati.sk\/","logo":{"@type":"ImageObject","inLanguage":"en-US","@id":"https:\/\/www.smedemokrati.sk\/#\/schema\/logo\/image\/","url":"https:\/\/www.smedemokrati.sk\/wp-content\/uploads\/2023\/04\/ff.002.jpeg","contentUrl":"https:\/\/www.smedemokrati.sk\/wp-content\/uploads\/2023\/04\/ff.002.jpeg","width":640,"height":480,"caption":"Smedemokrati.sk"},"image":{"@id":"https:\/\/www.smedemokrati.sk\/#\/schema\/logo\/image\/"},"sameAs":["https:\/\/www.facebook.com\/smedemokrati2023"]},{"@type":"Person","@id":"https:\/\/www.smedemokrati.sk\/#\/schema\/person\/21f147c88d605aa7ded900e1e7c344ba","name":"miro.sopko","image":{"@type":"ImageObject","inLanguage":"en-US","@id":"https:\/\/secure.gravatar.com\/avatar\/267e4a36f704376c109afe3a78740c1f5dd8675a2180a908699e7863c9247606?s=96&d=mm&r=g","url":"https:\/\/secure.gravatar.com\/avatar\/267e4a36f704376c109afe3a78740c1f5dd8675a2180a908699e7863c9247606?s=96&d=mm&r=g","contentUrl":"https:\/\/secure.gravatar.com\/avatar\/267e4a36f704376c109afe3a78740c1f5dd8675a2180a908699e7863c9247606?s=96&d=mm&r=g","caption":"miro.sopko"},"url":"https:\/\/www.smedemokrati.sk\/en\/author\/miro-sopko\/"}]}},"_links":{"self":[{"href":"https:\/\/www.smedemokrati.sk\/en\/wp-json\/wp\/v2\/posts\/6283","targetHints":{"allow":["GET"]}}],"collection":[{"href":"https:\/\/www.smedemokrati.sk\/en\/wp-json\/wp\/v2\/posts"}],"about":[{"href":"https:\/\/www.smedemokrati.sk\/en\/wp-json\/wp\/v2\/types\/post"}],"author":[{"embeddable":true,"href":"https:\/\/www.smedemokrati.sk\/en\/wp-json\/wp\/v2\/users\/13"}],"replies":[{"embeddable":true,"href":"https:\/\/www.smedemokrati.sk\/en\/wp-json\/wp\/v2\/comments?post=6283"}],"version-history":[{"count":1,"href":"https:\/\/www.smedemokrati.sk\/en\/wp-json\/wp\/v2\/posts\/6283\/revisions"}],"predecessor-version":[{"id":6289,"href":"https:\/\/www.smedemokrati.sk\/en\/wp-json\/wp\/v2\/posts\/6283\/revisions\/6289"}],"wp:featuredmedia":[{"embeddable":true,"href":"https:\/\/www.smedemokrati.sk\/en\/wp-json\/wp\/v2\/media\/6288"}],"wp:attachment":[{"href":"https:\/\/www.smedemokrati.sk\/en\/wp-json\/wp\/v2\/media?parent=6283"}],"wp:term":[{"taxonomy":"category","embeddable":true,"href":"https:\/\/www.smedemokrati.sk\/en\/wp-json\/wp\/v2\/categories?post=6283"},{"taxonomy":"post_tag","embeddable":true,"href":"https:\/\/www.smedemokrati.sk\/en\/wp-json\/wp\/v2\/tags?post=6283"}],"curies":[{"name":"wp","href":"https:\/\/api.w.org\/{rel}","templated":true}]}}