{"id":6281,"date":"2025-02-03T14:16:52","date_gmt":"2025-02-03T13:16:52","guid":{"rendered":"https:\/\/www.smedemokrati.sk\/?p=6281"},"modified":"2025-02-03T14:16:53","modified_gmt":"2025-02-03T13:16:53","slug":"kto-zaplati-za-zvysovanie-miezd-lekarov-urobila-vlada-v-navrhu-zakona-chybu-alebo-podrazila-nemocnice","status":"publish","type":"post","link":"https:\/\/www.smedemokrati.sk\/en\/kto-zaplati-za-zvysovanie-miezd-lekarov-urobila-vlada-v-navrhu-zakona-chybu-alebo-podrazila-nemocnice\/","title":{"rendered":"Kto zaplat\u00ed za zvy\u0161ovanie miezd lek\u00e1rov? Urobila vl\u00e1da v n\u00e1vrhu z\u00e1kona chybu alebo podrazila nemocnice?"},"content":{"rendered":"<div id=\"fb-root\"><\/div>\n\n<p><strong>Vl\u00e1da nevie, ko\u013eko bude st\u00e1\u0165 zv\u00fd\u0161enie platov lek\u00e1rov. Vypl\u00fdva to z n\u00e1vrhu z\u00e1kona, o ktorom sa m\u00e1 rozhodova\u0165 na najbli\u017e\u0161ej sch\u00f4dzi parlamentu, ktor\u00e1 za\u010d\u00edna u\u017e zajtra 4. febru\u00e1ra 2025.<\/strong><\/p>\n\n\n\n<p>Vl\u00e1da na sklonku roka 2024 podp\u00edsala s Lek\u00e1rskym odborov\u00fdm zdru\u017een\u00edm Zmluvu o soci\u00e1lnom zmieri, pod\u013ea ktorej sa maj\u00fa splni\u0165 po\u017eiadavky nemocni\u010dn\u00fdch lek\u00e1rov, vr\u00e1tane zv\u00fd\u0161enia ich miezd o 9,7% a skr\u00e1tenia pracovn\u00e9ho \u010dasu o 0,5 hodiny denne. 3300 nemocni\u010dn\u00fdch lek\u00e1rov na z\u00e1klade tejto dohody stiahlo podmiene\u010dne svoje v\u00fdpovede.<\/p>\n\n\n\n<p>K\u00fdm bol z\u00e1kon schva\u013eovan\u00fd na vl\u00e1de, po\u010d\u00edtal s dopadom na \u0161t\u00e1tny rozpo\u010det vo v\u00fd\u0161ke 38,6 mil. eur. Ministerstvo zdravotn\u00edctva pritom malo h\u013eada\u0165 tieto prostriedky vo svojom rozpo\u010dte \u0161etren\u00edm n\u00e1kladov na lieky a zdravotn\u00edcke pom\u00f4cky. Do parlamentu sa ale z\u00e1kon dostal u\u017e s dopadom 0 eur na \u0161t\u00e1tny rozpo\u010det.<\/p>\n\n\n\n<p><em>\u201eNemysl\u00edm si, \u017ee je to len administrat\u00edvna chyba\u201c<\/em>, hovor\u00ed expert Demokratov pre zdravotn\u00edctvo Viliam Novotn\u00fd.\u00a0<em>\u201eExistuj\u00fa dve mo\u017enosti, bu\u010f jednoducho nevedia vypo\u010d\u00edta\u0165 re\u00e1lny dopad pre nemocnice, alebo ho nechc\u00fa vypo\u010d\u00edta\u0165, aby \u0165archu vl\u00e1dnej dohody preniesli na nemocnice. Ak nemocniciam st\u00fapnu n\u00e1klady na platy, bude to extr\u00e9mna z\u00e1\u0165a\u017e pre dnes u\u017e zadl\u017een\u00e9 nemocnice a podraz zo strany vl\u00e1dy\u201c,<\/em>\u00a0vysvet\u013euje Viliam Novotn\u00fd.<\/p>\n\n\n\n<p>Andrea Letanovsk\u00e1, lek\u00e1rka a podpredsedn\u00ed\u010dka strany kritizuje, \u017ee postup vl\u00e1dy nie je syst\u00e9mov\u00fd:&nbsp;<em>&#8220;Je to vl\u00e1dna koal\u00edcia, ktor\u00e1 sp\u00f4sobila tento chaos a neistotu u pacientov, \u017ee ich nebude ma\u0165 kto lie\u010di\u0165 a pritom sta\u010dilo dodr\u017ea\u0165 memorandum, ktor\u00e9 bolo podp\u00edsan\u00e9 za vl\u00e1dy Eduarda Hegera. T\u00e1 ist\u00e1 vl\u00e1da teraz rob\u00ed opatrenia, ktor\u00e9 s\u00edce zabezpe\u010dia, \u017ee lek\u00e1ri ostan\u00fa, no ekonomick\u00fa \u0165archu pren\u00e1\u0161aj\u00fa na vedenie nemocn\u00edc, a to absol\u00fatne nesyst\u00e9mov\u00fdmi krokmi.&#8221;<\/em><\/p>\n\n\n\n<p>Rie\u0161en\u00edm by pod\u013ea Novotn\u00e9ho malo by\u0165 nav\u00fd\u0161enie platieb cez zdravotn\u00e9 pois\u0165ovne pre nemocnice, aby dok\u00e1zali zvl\u00e1dnu\u0165 vl\u00e1dou s\u013e\u00faben\u00e9 zvy\u0161ovanie miezd, in\u00e1\u010d to len preh\u013abi ich zadl\u017eenie.\u00a0<em>\u201eVl\u00e1da chce zvy\u0161ova\u0165 platy lek\u00e1rov na \u201ehulv\u00e1ta\u201c, zv\u00fd\u0161i ich bez krytia re\u00e1lnymi peniazmi\u201c,<\/em>\u00a0dod\u00e1va Viliam Novotn\u00fd.<\/p>\n","protected":false},"excerpt":{"rendered":"<p>Vl\u00e1da nevie, ko\u013eko bude st\u00e1\u0165 zv\u00fd\u0161enie platov lek\u00e1rov. Vypl\u00fdva to z n\u00e1vrhu z\u00e1kona, o ktorom sa m\u00e1 rozhodova\u0165 na najbli\u017e\u0161ej sch\u00f4dzi parlamentu, ktor\u00e1 za\u010d\u00edna u\u017e zajtra 4. febru\u00e1ra 2025. Vl\u00e1da na sklonku roka 2024 podp\u00edsala s Lek\u00e1rskym odborov\u00fdm zdru\u017een\u00edm Zmluvu o soci\u00e1lnom zmieri, pod\u013ea ktorej sa maj\u00fa splni\u0165 po\u017eiadavky nemocni\u010dn\u00fdch lek\u00e1rov, vr\u00e1tane zv\u00fd\u0161enia ich miezd [&hellip;]<\/p>\n","protected":false},"author":13,"featured_media":5138,"comment_status":"closed","ping_status":"closed","sticky":false,"template":"","format":"standard","meta":{"_acf_changed":false,"ngg_post_thumbnail":0,"footnotes":""},"categories":[4],"tags":[],"class_list":["post-6281","post","type-post","status-publish","format-standard","has-post-thumbnail","hentry","category-tlacove-spravy"],"acf":[],"yoast_head":"<!-- This site is optimized with the Yoast SEO plugin v27.2 - https:\/\/yoast.com\/product\/yoast-seo-wordpress\/ -->\n<title>Kto zaplat\u00ed za zvy\u0161ovanie miezd lek\u00e1rov? Urobila vl\u00e1da v n\u00e1vrhu z\u00e1kona chybu alebo podrazila nemocnice?<\/title>\n<meta name=\"robots\" content=\"index, follow, max-snippet:-1, max-image-preview:large, max-video-preview:-1\" \/>\n<link rel=\"canonical\" href=\"https:\/\/www.smedemokrati.sk\/en\/kto-zaplati-za-zvysovanie-miezd-lekarov-urobila-vlada-v-navrhu-zakona-chybu-alebo-podrazila-nemocnice\/\" \/>\n<meta property=\"og:locale\" content=\"en_US\" \/>\n<meta property=\"og:locale:alternate\" content=\"cs_CZ\" \/>\n<meta property=\"og:locale:alternate\" content=\"hu_HU\" \/>\n<meta property=\"og:locale:alternate\" content=\"sk_SK\" \/>\n<meta property=\"og:locale:alternate\" content=\"sv_SE\" \/>\n<meta property=\"og:type\" content=\"article\" \/>\n<meta property=\"og:title\" content=\"Kto zaplat\u00ed za zvy\u0161ovanie miezd lek\u00e1rov? Urobila vl\u00e1da v n\u00e1vrhu z\u00e1kona chybu alebo podrazila nemocnice?\" \/>\n<meta property=\"og:description\" content=\"Vl\u00e1da nevie, ko\u013eko bude st\u00e1\u0165 zv\u00fd\u0161enie platov lek\u00e1rov. Vypl\u00fdva to z n\u00e1vrhu z\u00e1kona, o ktorom sa m\u00e1 rozhodova\u0165 na najbli\u017e\u0161ej sch\u00f4dzi parlamentu, ktor\u00e1 za\u010d\u00edna u\u017e zajtra 4. febru\u00e1ra 2025. Vl\u00e1da na sklonku roka 2024 podp\u00edsala s Lek\u00e1rskym odborov\u00fdm zdru\u017een\u00edm Zmluvu o soci\u00e1lnom zmieri, pod\u013ea ktorej sa maj\u00fa splni\u0165 po\u017eiadavky nemocni\u010dn\u00fdch lek\u00e1rov, vr\u00e1tane zv\u00fd\u0161enia ich miezd [&hellip;]\" \/>\n<meta property=\"og:url\" content=\"https:\/\/www.smedemokrati.sk\/en\/kto-zaplati-za-zvysovanie-miezd-lekarov-urobila-vlada-v-navrhu-zakona-chybu-alebo-podrazila-nemocnice\/\" \/>\n<meta property=\"og:site_name\" content=\"Smedemokrati.sk\" \/>\n<meta property=\"article:publisher\" content=\"https:\/\/www.facebook.com\/smedemokrati2023\" \/>\n<meta property=\"article:published_time\" content=\"2025-02-03T13:16:52+00:00\" \/>\n<meta property=\"article:modified_time\" content=\"2025-02-03T13:16:53+00:00\" \/>\n<meta property=\"og:image\" content=\"https:\/\/www.smedemokrati.sk\/wp-content\/uploads\/2024\/09\/2149191356.jpg\" \/>\n\t<meta property=\"og:image:width\" content=\"1000\" \/>\n\t<meta property=\"og:image:height\" content=\"667\" \/>\n\t<meta property=\"og:image:type\" content=\"image\/jpeg\" \/>\n<meta name=\"author\" content=\"miro.sopko\" \/>\n<meta name=\"twitter:card\" content=\"summary_large_image\" \/>\n<meta name=\"twitter:label1\" content=\"Written by\" \/>\n\t<meta name=\"twitter:data1\" content=\"miro.sopko\" \/>\n\t<meta name=\"twitter:label2\" content=\"Est. reading time\" \/>\n\t<meta name=\"twitter:data2\" content=\"2 minutes\" \/>\n<script type=\"application\/ld+json\" class=\"yoast-schema-graph\">{\"@context\":\"https:\/\/schema.org\",\"@graph\":[{\"@type\":\"Article\",\"@id\":\"https:\/\/www.smedemokrati.sk\/kto-zaplati-za-zvysovanie-miezd-lekarov-urobila-vlada-v-navrhu-zakona-chybu-alebo-podrazila-nemocnice\/#article\",\"isPartOf\":{\"@id\":\"https:\/\/www.smedemokrati.sk\/kto-zaplati-za-zvysovanie-miezd-lekarov-urobila-vlada-v-navrhu-zakona-chybu-alebo-podrazila-nemocnice\/\"},\"author\":{\"name\":\"miro.sopko\",\"@id\":\"https:\/\/www.smedemokrati.sk\/#\/schema\/person\/21f147c88d605aa7ded900e1e7c344ba\"},\"headline\":\"Kto zaplat\u00ed za zvy\u0161ovanie miezd lek\u00e1rov? Urobila vl\u00e1da v n\u00e1vrhu z\u00e1kona chybu alebo podrazila nemocnice?\",\"datePublished\":\"2025-02-03T13:16:52+00:00\",\"dateModified\":\"2025-02-03T13:16:53+00:00\",\"mainEntityOfPage\":{\"@id\":\"https:\/\/www.smedemokrati.sk\/kto-zaplati-za-zvysovanie-miezd-lekarov-urobila-vlada-v-navrhu-zakona-chybu-alebo-podrazila-nemocnice\/\"},\"wordCount\":415,\"publisher\":{\"@id\":\"https:\/\/www.smedemokrati.sk\/#organization\"},\"image\":{\"@id\":\"https:\/\/www.smedemokrati.sk\/kto-zaplati-za-zvysovanie-miezd-lekarov-urobila-vlada-v-navrhu-zakona-chybu-alebo-podrazila-nemocnice\/#primaryimage\"},\"thumbnailUrl\":\"https:\/\/www.smedemokrati.sk\/wp-content\/uploads\/2024\/09\/2149191356.jpg\",\"articleSection\":[\"Tla\u010dov\u00e9 spr\u00e1vy\"],\"inLanguage\":\"en-US\"},{\"@type\":\"WebPage\",\"@id\":\"https:\/\/www.smedemokrati.sk\/kto-zaplati-za-zvysovanie-miezd-lekarov-urobila-vlada-v-navrhu-zakona-chybu-alebo-podrazila-nemocnice\/\",\"url\":\"https:\/\/www.smedemokrati.sk\/kto-zaplati-za-zvysovanie-miezd-lekarov-urobila-vlada-v-navrhu-zakona-chybu-alebo-podrazila-nemocnice\/\",\"name\":\"Kto zaplat\u00ed za zvy\u0161ovanie miezd lek\u00e1rov? Urobila vl\u00e1da v n\u00e1vrhu z\u00e1kona chybu alebo podrazila nemocnice?\",\"isPartOf\":{\"@id\":\"https:\/\/www.smedemokrati.sk\/#website\"},\"primaryImageOfPage\":{\"@id\":\"https:\/\/www.smedemokrati.sk\/kto-zaplati-za-zvysovanie-miezd-lekarov-urobila-vlada-v-navrhu-zakona-chybu-alebo-podrazila-nemocnice\/#primaryimage\"},\"image\":{\"@id\":\"https:\/\/www.smedemokrati.sk\/kto-zaplati-za-zvysovanie-miezd-lekarov-urobila-vlada-v-navrhu-zakona-chybu-alebo-podrazila-nemocnice\/#primaryimage\"},\"thumbnailUrl\":\"https:\/\/www.smedemokrati.sk\/wp-content\/uploads\/2024\/09\/2149191356.jpg\",\"datePublished\":\"2025-02-03T13:16:52+00:00\",\"dateModified\":\"2025-02-03T13:16:53+00:00\",\"breadcrumb\":{\"@id\":\"https:\/\/www.smedemokrati.sk\/kto-zaplati-za-zvysovanie-miezd-lekarov-urobila-vlada-v-navrhu-zakona-chybu-alebo-podrazila-nemocnice\/#breadcrumb\"},\"inLanguage\":\"en-US\",\"potentialAction\":[{\"@type\":\"ReadAction\",\"target\":[\"https:\/\/www.smedemokrati.sk\/kto-zaplati-za-zvysovanie-miezd-lekarov-urobila-vlada-v-navrhu-zakona-chybu-alebo-podrazila-nemocnice\/\"]}]},{\"@type\":\"ImageObject\",\"inLanguage\":\"en-US\",\"@id\":\"https:\/\/www.smedemokrati.sk\/kto-zaplati-za-zvysovanie-miezd-lekarov-urobila-vlada-v-navrhu-zakona-chybu-alebo-podrazila-nemocnice\/#primaryimage\",\"url\":\"https:\/\/www.smedemokrati.sk\/wp-content\/uploads\/2024\/09\/2149191356.jpg\",\"contentUrl\":\"https:\/\/www.smedemokrati.sk\/wp-content\/uploads\/2024\/09\/2149191356.jpg\",\"width\":1000,\"height\":667},{\"@type\":\"BreadcrumbList\",\"@id\":\"https:\/\/www.smedemokrati.sk\/kto-zaplati-za-zvysovanie-miezd-lekarov-urobila-vlada-v-navrhu-zakona-chybu-alebo-podrazila-nemocnice\/#breadcrumb\",\"itemListElement\":[{\"@type\":\"ListItem\",\"position\":1,\"name\":\"Domovsk\u00e1 str\u00e1nka\",\"item\":\"https:\/\/www.smedemokrati.sk\/\"},{\"@type\":\"ListItem\",\"position\":2,\"name\":\"Kto zaplat\u00ed za zvy\u0161ovanie miezd lek\u00e1rov? Urobila vl\u00e1da v n\u00e1vrhu z\u00e1kona chybu alebo podrazila nemocnice?\"}]},{\"@type\":\"WebSite\",\"@id\":\"https:\/\/www.smedemokrati.sk\/#website\",\"url\":\"https:\/\/www.smedemokrati.sk\/\",\"name\":\"Smedemokrati.sk\",\"description\":\"Demokracia a slu\u0161nos\u0165 zv\u00ed\u0165az\u00ed\",\"publisher\":{\"@id\":\"https:\/\/www.smedemokrati.sk\/#organization\"},\"potentialAction\":[{\"@type\":\"SearchAction\",\"target\":{\"@type\":\"EntryPoint\",\"urlTemplate\":\"https:\/\/www.smedemokrati.sk\/?s={search_term_string}\"},\"query-input\":{\"@type\":\"PropertyValueSpecification\",\"valueRequired\":true,\"valueName\":\"search_term_string\"}}],\"inLanguage\":\"en-US\"},{\"@type\":\"Organization\",\"@id\":\"https:\/\/www.smedemokrati.sk\/#organization\",\"name\":\"Smedemokrati.sk\",\"url\":\"https:\/\/www.smedemokrati.sk\/\",\"logo\":{\"@type\":\"ImageObject\",\"inLanguage\":\"en-US\",\"@id\":\"https:\/\/www.smedemokrati.sk\/#\/schema\/logo\/image\/\",\"url\":\"https:\/\/www.smedemokrati.sk\/wp-content\/uploads\/2023\/04\/ff.002.jpeg\",\"contentUrl\":\"https:\/\/www.smedemokrati.sk\/wp-content\/uploads\/2023\/04\/ff.002.jpeg\",\"width\":640,\"height\":480,\"caption\":\"Smedemokrati.sk\"},\"image\":{\"@id\":\"https:\/\/www.smedemokrati.sk\/#\/schema\/logo\/image\/\"},\"sameAs\":[\"https:\/\/www.facebook.com\/smedemokrati2023\"]},{\"@type\":\"Person\",\"@id\":\"https:\/\/www.smedemokrati.sk\/#\/schema\/person\/21f147c88d605aa7ded900e1e7c344ba\",\"name\":\"miro.sopko\",\"image\":{\"@type\":\"ImageObject\",\"inLanguage\":\"en-US\",\"@id\":\"https:\/\/secure.gravatar.com\/avatar\/267e4a36f704376c109afe3a78740c1f5dd8675a2180a908699e7863c9247606?s=96&d=mm&r=g\",\"url\":\"https:\/\/secure.gravatar.com\/avatar\/267e4a36f704376c109afe3a78740c1f5dd8675a2180a908699e7863c9247606?s=96&d=mm&r=g\",\"contentUrl\":\"https:\/\/secure.gravatar.com\/avatar\/267e4a36f704376c109afe3a78740c1f5dd8675a2180a908699e7863c9247606?s=96&d=mm&r=g\",\"caption\":\"miro.sopko\"},\"url\":\"https:\/\/www.smedemokrati.sk\/en\/author\/miro-sopko\/\"}]}<\/script>\n<!-- \/ Yoast SEO plugin. -->","yoast_head_json":{"title":"Kto zaplat\u00ed za zvy\u0161ovanie miezd lek\u00e1rov? Urobila vl\u00e1da v n\u00e1vrhu z\u00e1kona chybu alebo podrazila nemocnice?","robots":{"index":"index","follow":"follow","max-snippet":"max-snippet:-1","max-image-preview":"max-image-preview:large","max-video-preview":"max-video-preview:-1"},"canonical":"https:\/\/www.smedemokrati.sk\/en\/kto-zaplati-za-zvysovanie-miezd-lekarov-urobila-vlada-v-navrhu-zakona-chybu-alebo-podrazila-nemocnice\/","og_locale":"en_US","og_type":"article","og_title":"[:sk]Kto zaplat\u00ed za zvy\u0161ovanie miezd lek\u00e1rov? Urobila vl\u00e1da v n\u00e1vrhu z\u00e1kona chybu alebo podrazila nemocnice?[:] - Smedemokrati.sk","og_description":"Vl\u00e1da nevie, ko\u013eko bude st\u00e1\u0165 zv\u00fd\u0161enie platov lek\u00e1rov. Vypl\u00fdva to z n\u00e1vrhu z\u00e1kona, o ktorom sa m\u00e1 rozhodova\u0165 na najbli\u017e\u0161ej sch\u00f4dzi parlamentu, ktor\u00e1 za\u010d\u00edna u\u017e zajtra 4. febru\u00e1ra 2025. Vl\u00e1da na sklonku roka 2024 podp\u00edsala s Lek\u00e1rskym odborov\u00fdm zdru\u017een\u00edm Zmluvu o soci\u00e1lnom zmieri, pod\u013ea ktorej sa maj\u00fa splni\u0165 po\u017eiadavky nemocni\u010dn\u00fdch lek\u00e1rov, vr\u00e1tane zv\u00fd\u0161enia ich miezd [&hellip;]","og_url":"https:\/\/www.smedemokrati.sk\/en\/kto-zaplati-za-zvysovanie-miezd-lekarov-urobila-vlada-v-navrhu-zakona-chybu-alebo-podrazila-nemocnice\/","og_site_name":"Smedemokrati.sk","article_publisher":"https:\/\/www.facebook.com\/smedemokrati2023","article_published_time":"2025-02-03T13:16:52+00:00","article_modified_time":"2025-02-03T13:16:53+00:00","og_image":[{"width":1000,"height":667,"url":"https:\/\/www.smedemokrati.sk\/wp-content\/uploads\/2024\/09\/2149191356.jpg","type":"image\/jpeg"}],"author":"miro.sopko","twitter_card":"summary_large_image","twitter_misc":{"Written by":"miro.sopko","Est. reading time":"2 minutes"},"schema":{"@context":"https:\/\/schema.org","@graph":[{"@type":"Article","@id":"https:\/\/www.smedemokrati.sk\/kto-zaplati-za-zvysovanie-miezd-lekarov-urobila-vlada-v-navrhu-zakona-chybu-alebo-podrazila-nemocnice\/#article","isPartOf":{"@id":"https:\/\/www.smedemokrati.sk\/kto-zaplati-za-zvysovanie-miezd-lekarov-urobila-vlada-v-navrhu-zakona-chybu-alebo-podrazila-nemocnice\/"},"author":{"name":"miro.sopko","@id":"https:\/\/www.smedemokrati.sk\/#\/schema\/person\/21f147c88d605aa7ded900e1e7c344ba"},"headline":"Kto zaplat\u00ed za zvy\u0161ovanie miezd lek\u00e1rov? Urobila vl\u00e1da v n\u00e1vrhu z\u00e1kona chybu alebo podrazila nemocnice?","datePublished":"2025-02-03T13:16:52+00:00","dateModified":"2025-02-03T13:16:53+00:00","mainEntityOfPage":{"@id":"https:\/\/www.smedemokrati.sk\/kto-zaplati-za-zvysovanie-miezd-lekarov-urobila-vlada-v-navrhu-zakona-chybu-alebo-podrazila-nemocnice\/"},"wordCount":415,"publisher":{"@id":"https:\/\/www.smedemokrati.sk\/#organization"},"image":{"@id":"https:\/\/www.smedemokrati.sk\/kto-zaplati-za-zvysovanie-miezd-lekarov-urobila-vlada-v-navrhu-zakona-chybu-alebo-podrazila-nemocnice\/#primaryimage"},"thumbnailUrl":"https:\/\/www.smedemokrati.sk\/wp-content\/uploads\/2024\/09\/2149191356.jpg","articleSection":["Tla\u010dov\u00e9 spr\u00e1vy"],"inLanguage":"en-US"},{"@type":"WebPage","@id":"https:\/\/www.smedemokrati.sk\/kto-zaplati-za-zvysovanie-miezd-lekarov-urobila-vlada-v-navrhu-zakona-chybu-alebo-podrazila-nemocnice\/","url":"https:\/\/www.smedemokrati.sk\/kto-zaplati-za-zvysovanie-miezd-lekarov-urobila-vlada-v-navrhu-zakona-chybu-alebo-podrazila-nemocnice\/","name":"Kto zaplat\u00ed za zvy\u0161ovanie miezd lek\u00e1rov? Urobila vl\u00e1da v n\u00e1vrhu z\u00e1kona chybu alebo podrazila nemocnice?","isPartOf":{"@id":"https:\/\/www.smedemokrati.sk\/#website"},"primaryImageOfPage":{"@id":"https:\/\/www.smedemokrati.sk\/kto-zaplati-za-zvysovanie-miezd-lekarov-urobila-vlada-v-navrhu-zakona-chybu-alebo-podrazila-nemocnice\/#primaryimage"},"image":{"@id":"https:\/\/www.smedemokrati.sk\/kto-zaplati-za-zvysovanie-miezd-lekarov-urobila-vlada-v-navrhu-zakona-chybu-alebo-podrazila-nemocnice\/#primaryimage"},"thumbnailUrl":"https:\/\/www.smedemokrati.sk\/wp-content\/uploads\/2024\/09\/2149191356.jpg","datePublished":"2025-02-03T13:16:52+00:00","dateModified":"2025-02-03T13:16:53+00:00","breadcrumb":{"@id":"https:\/\/www.smedemokrati.sk\/kto-zaplati-za-zvysovanie-miezd-lekarov-urobila-vlada-v-navrhu-zakona-chybu-alebo-podrazila-nemocnice\/#breadcrumb"},"inLanguage":"en-US","potentialAction":[{"@type":"ReadAction","target":["https:\/\/www.smedemokrati.sk\/kto-zaplati-za-zvysovanie-miezd-lekarov-urobila-vlada-v-navrhu-zakona-chybu-alebo-podrazila-nemocnice\/"]}]},{"@type":"ImageObject","inLanguage":"en-US","@id":"https:\/\/www.smedemokrati.sk\/kto-zaplati-za-zvysovanie-miezd-lekarov-urobila-vlada-v-navrhu-zakona-chybu-alebo-podrazila-nemocnice\/#primaryimage","url":"https:\/\/www.smedemokrati.sk\/wp-content\/uploads\/2024\/09\/2149191356.jpg","contentUrl":"https:\/\/www.smedemokrati.sk\/wp-content\/uploads\/2024\/09\/2149191356.jpg","width":1000,"height":667},{"@type":"BreadcrumbList","@id":"https:\/\/www.smedemokrati.sk\/kto-zaplati-za-zvysovanie-miezd-lekarov-urobila-vlada-v-navrhu-zakona-chybu-alebo-podrazila-nemocnice\/#breadcrumb","itemListElement":[{"@type":"ListItem","position":1,"name":"Domovsk\u00e1 str\u00e1nka","item":"https:\/\/www.smedemokrati.sk\/"},{"@type":"ListItem","position":2,"name":"Kto zaplat\u00ed za zvy\u0161ovanie miezd lek\u00e1rov? Urobila vl\u00e1da v n\u00e1vrhu z\u00e1kona chybu alebo podrazila nemocnice?"}]},{"@type":"WebSite","@id":"https:\/\/www.smedemokrati.sk\/#website","url":"https:\/\/www.smedemokrati.sk\/","name":"Smedemokrati.sk","description":"Demokracia a slu\u0161nos\u0165 zv\u00ed\u0165az\u00ed","publisher":{"@id":"https:\/\/www.smedemokrati.sk\/#organization"},"potentialAction":[{"@type":"SearchAction","target":{"@type":"EntryPoint","urlTemplate":"https:\/\/www.smedemokrati.sk\/?s={search_term_string}"},"query-input":{"@type":"PropertyValueSpecification","valueRequired":true,"valueName":"search_term_string"}}],"inLanguage":"en-US"},{"@type":"Organization","@id":"https:\/\/www.smedemokrati.sk\/#organization","name":"Smedemokrati.sk","url":"https:\/\/www.smedemokrati.sk\/","logo":{"@type":"ImageObject","inLanguage":"en-US","@id":"https:\/\/www.smedemokrati.sk\/#\/schema\/logo\/image\/","url":"https:\/\/www.smedemokrati.sk\/wp-content\/uploads\/2023\/04\/ff.002.jpeg","contentUrl":"https:\/\/www.smedemokrati.sk\/wp-content\/uploads\/2023\/04\/ff.002.jpeg","width":640,"height":480,"caption":"Smedemokrati.sk"},"image":{"@id":"https:\/\/www.smedemokrati.sk\/#\/schema\/logo\/image\/"},"sameAs":["https:\/\/www.facebook.com\/smedemokrati2023"]},{"@type":"Person","@id":"https:\/\/www.smedemokrati.sk\/#\/schema\/person\/21f147c88d605aa7ded900e1e7c344ba","name":"miro.sopko","image":{"@type":"ImageObject","inLanguage":"en-US","@id":"https:\/\/secure.gravatar.com\/avatar\/267e4a36f704376c109afe3a78740c1f5dd8675a2180a908699e7863c9247606?s=96&d=mm&r=g","url":"https:\/\/secure.gravatar.com\/avatar\/267e4a36f704376c109afe3a78740c1f5dd8675a2180a908699e7863c9247606?s=96&d=mm&r=g","contentUrl":"https:\/\/secure.gravatar.com\/avatar\/267e4a36f704376c109afe3a78740c1f5dd8675a2180a908699e7863c9247606?s=96&d=mm&r=g","caption":"miro.sopko"},"url":"https:\/\/www.smedemokrati.sk\/en\/author\/miro-sopko\/"}]}},"_links":{"self":[{"href":"https:\/\/www.smedemokrati.sk\/en\/wp-json\/wp\/v2\/posts\/6281","targetHints":{"allow":["GET"]}}],"collection":[{"href":"https:\/\/www.smedemokrati.sk\/en\/wp-json\/wp\/v2\/posts"}],"about":[{"href":"https:\/\/www.smedemokrati.sk\/en\/wp-json\/wp\/v2\/types\/post"}],"author":[{"embeddable":true,"href":"https:\/\/www.smedemokrati.sk\/en\/wp-json\/wp\/v2\/users\/13"}],"replies":[{"embeddable":true,"href":"https:\/\/www.smedemokrati.sk\/en\/wp-json\/wp\/v2\/comments?post=6281"}],"version-history":[{"count":1,"href":"https:\/\/www.smedemokrati.sk\/en\/wp-json\/wp\/v2\/posts\/6281\/revisions"}],"predecessor-version":[{"id":6282,"href":"https:\/\/www.smedemokrati.sk\/en\/wp-json\/wp\/v2\/posts\/6281\/revisions\/6282"}],"wp:featuredmedia":[{"embeddable":true,"href":"https:\/\/www.smedemokrati.sk\/en\/wp-json\/wp\/v2\/media\/5138"}],"wp:attachment":[{"href":"https:\/\/www.smedemokrati.sk\/en\/wp-json\/wp\/v2\/media?parent=6281"}],"wp:term":[{"taxonomy":"category","embeddable":true,"href":"https:\/\/www.smedemokrati.sk\/en\/wp-json\/wp\/v2\/categories?post=6281"},{"taxonomy":"post_tag","embeddable":true,"href":"https:\/\/www.smedemokrati.sk\/en\/wp-json\/wp\/v2\/tags?post=6281"}],"curies":[{"name":"wp","href":"https:\/\/api.w.org\/{rel}","templated":true}]}}