{"id":6240,"date":"2025-01-31T12:41:10","date_gmt":"2025-01-31T11:41:10","guid":{"rendered":"https:\/\/www.smedemokrati.sk\/?p=6240"},"modified":"2025-01-31T12:41:11","modified_gmt":"2025-01-31T11:41:11","slug":"zrieknutim-sa-dph-zo-strany-statu-pri-kupe-prvej-nehnutelnosti-by-usetrili-slovaci-tisice","status":"publish","type":"post","link":"https:\/\/www.smedemokrati.sk\/en\/zrieknutim-sa-dph-zo-strany-statu-pri-kupe-prvej-nehnutelnosti-by-usetrili-slovaci-tisice\/","title":{"rendered":"Zrieknut\u00edm sa DPH zo strany \u0161t\u00e1tu pri k\u00fape prvej nehnute\u013enosti by u\u0161etrili Slov\u00e1ci tis\u00edce"},"content":{"rendered":"<div id=\"fb-root\"><\/div>\n\n<p><strong>Pod\u013ea Demokratov je jedn\u00fdm z rie\u0161en\u00ed pre ob\u010danov, ktor\u00ed si chc\u00fa k\u00fapi\u0165 svoju prv\u00fa nehnute\u013enos\u0165, odpustenie DPH zo strany \u0161t\u00e1tu. Odr\u00e1tan\u00edm DPH sa zn\u00ed\u017ei cena a z\u00e1ujemca o nehnute\u013enos\u0165 nebude musie\u0165 ma\u0165 tak ve\u013ek\u00fd objem hotovosti, ktor\u00fd po\u017eaduje banka pri poberan\u00ed hypot\u00e9ky.&nbsp;<\/strong><\/p>\n\n\n\n<p><em>\u201eCeny nehnute\u013enost\u00ed rast\u00fa, mlad\u00ed si nem\u00f4\u017eu dovoli\u0165 vlastn\u00e9 b\u00fdvanie a dlh\u0161ie b\u00fdvaj\u00fa u rodi\u010dov. Priemern\u00e1 cena bytu na Slovensku je dnes okolo 184 500 eur. DPH z toho predstavuje 34 500, ak by sa \u0161t\u00e1t zriekol tejto \u010diastky, cena nehnute\u013enosti by klesla na 150 000 eur a pre, najm\u00e4 mlad\u00e9 rodiny, by bolo b\u00fdvanie hne\u010f dostupnej\u0161ie,&#8221;\u00a0<\/em>hovor\u00ed Eduard Heger podpredseda Demokratov a b\u00fdval\u00fd premi\u00e9r a dod\u00e1va, \u017ee toto rie\u0161enie pom\u00e1ha zv\u00fd\u0161i\u0165 dostupnos\u0165 hypot\u00e9k.<\/p>\n\n\n\n<p>Pod\u013ea \u010dlena expertnej skupiny pre ekonomiku Dominika Sumbala toto rie\u0161enie pom\u00f4\u017ee nielen ob\u010danom ale aj stavebn\u00edkom a na\u0161tartuje cel\u00fa ekonomiku:\u00a0<em>\u201e\u0160t\u00e1t by sa pod\u013ea n\u00e1\u0161ho n\u00e1vrhu zriekol DPH, ktor\u00fa by ak by sa byt nepostavil, aj tak nemal. DPH by vlastn\u00edk zaplatil iba v pr\u00edpade, \u017ee by byt predal, previedol alebo by ju hradil ten, ktor\u00fd by nehnute\u013enos\u0165 zdedil. Je to v\u00fdhodn\u00e9 pre obe strany, \u0161t\u00e1t ni\u010d nestrat\u00ed a vlastn\u00edk bude ma\u0165 dostatok \u010dasu zabezpe\u010di\u0165 si dostato\u010dn\u00e9 zdroje v pr\u00edpade, \u017ee sa n\u00e1sledne rozhodne byt preda\u0165.&#8221;\u00a0<\/em>Uzatv\u00e1ra Dominik Sumbal.\u00a0<\/p>\n\n\n<div class=\"fb-video\" data-href=\"https:\/\/fb.watch\/xsncb1NrLA\" data-allowfullscreen=\"true\" data-autoplay=\"false\" data-width=\"\" data-show-text=\"false\" data-show-captions=\"true\"><\/div>\n","protected":false},"excerpt":{"rendered":"<p>Pod\u013ea Demokratov je jedn\u00fdm z rie\u0161en\u00ed pre ob\u010danov, ktor\u00ed si chc\u00fa k\u00fapi\u0165 svoju prv\u00fa nehnute\u013enos\u0165, odpustenie DPH zo strany \u0161t\u00e1tu. Odr\u00e1tan\u00edm DPH sa zn\u00ed\u017ei cena a z\u00e1ujemca o nehnute\u013enos\u0165 nebude musie\u0165 ma\u0165 tak ve\u013ek\u00fd objem hotovosti, ktor\u00fd po\u017eaduje banka pri poberan\u00ed hypot\u00e9ky.&nbsp; \u201eCeny nehnute\u013enost\u00ed rast\u00fa, mlad\u00ed si nem\u00f4\u017eu dovoli\u0165 vlastn\u00e9 b\u00fdvanie a dlh\u0161ie b\u00fdvaj\u00fa u [&hellip;]<\/p>\n","protected":false},"author":13,"featured_media":6241,"comment_status":"closed","ping_status":"closed","sticky":false,"template":"","format":"standard","meta":{"_acf_changed":false,"ngg_post_thumbnail":0,"footnotes":""},"categories":[4],"tags":[],"class_list":["post-6240","post","type-post","status-publish","format-standard","has-post-thumbnail","hentry","category-tlacove-spravy"],"acf":[],"yoast_head":"<!-- This site is optimized with the Yoast SEO plugin v27.2 - https:\/\/yoast.com\/product\/yoast-seo-wordpress\/ -->\n<title>Zrieknut\u00edm sa DPH zo strany \u0161t\u00e1tu pri k\u00fape prvej nehnute\u013enosti by u\u0161etrili Slov\u00e1ci tis\u00edce<\/title>\n<meta name=\"robots\" content=\"index, follow, max-snippet:-1, max-image-preview:large, max-video-preview:-1\" \/>\n<link rel=\"canonical\" href=\"https:\/\/www.smedemokrati.sk\/en\/zrieknutim-sa-dph-zo-strany-statu-pri-kupe-prvej-nehnutelnosti-by-usetrili-slovaci-tisice\/\" \/>\n<meta property=\"og:locale\" content=\"en_US\" \/>\n<meta property=\"og:locale:alternate\" content=\"cs_CZ\" \/>\n<meta property=\"og:locale:alternate\" content=\"hu_HU\" \/>\n<meta property=\"og:locale:alternate\" content=\"sk_SK\" \/>\n<meta property=\"og:locale:alternate\" content=\"sv_SE\" \/>\n<meta property=\"og:type\" content=\"article\" \/>\n<meta property=\"og:title\" content=\"Zrieknut\u00edm sa DPH zo strany \u0161t\u00e1tu pri k\u00fape prvej nehnute\u013enosti by u\u0161etrili Slov\u00e1ci tis\u00edce\" \/>\n<meta property=\"og:description\" content=\"Pod\u013ea Demokratov je jedn\u00fdm z rie\u0161en\u00ed pre ob\u010danov, ktor\u00ed si chc\u00fa k\u00fapi\u0165 svoju prv\u00fa nehnute\u013enos\u0165, odpustenie DPH zo strany \u0161t\u00e1tu. Odr\u00e1tan\u00edm DPH sa zn\u00ed\u017ei cena a z\u00e1ujemca o nehnute\u013enos\u0165 nebude musie\u0165 ma\u0165 tak ve\u013ek\u00fd objem hotovosti, ktor\u00fd po\u017eaduje banka pri poberan\u00ed hypot\u00e9ky.&nbsp; \u201eCeny nehnute\u013enost\u00ed rast\u00fa, mlad\u00ed si nem\u00f4\u017eu dovoli\u0165 vlastn\u00e9 b\u00fdvanie a dlh\u0161ie b\u00fdvaj\u00fa u [&hellip;]\" \/>\n<meta property=\"og:url\" content=\"https:\/\/www.smedemokrati.sk\/en\/zrieknutim-sa-dph-zo-strany-statu-pri-kupe-prvej-nehnutelnosti-by-usetrili-slovaci-tisice\/\" \/>\n<meta property=\"og:site_name\" content=\"Smedemokrati.sk\" \/>\n<meta property=\"article:publisher\" content=\"https:\/\/www.facebook.com\/smedemokrati2023\" \/>\n<meta property=\"article:published_time\" content=\"2025-01-31T11:41:10+00:00\" \/>\n<meta property=\"article:modified_time\" content=\"2025-01-31T11:41:11+00:00\" \/>\n<meta property=\"og:image\" content=\"https:\/\/www.smedemokrati.sk\/wp-content\/uploads\/2025\/01\/12601.jpg\" \/>\n\t<meta property=\"og:image:width\" content=\"667\" \/>\n\t<meta property=\"og:image:height\" content=\"1000\" \/>\n\t<meta property=\"og:image:type\" content=\"image\/jpeg\" \/>\n<meta name=\"author\" content=\"miro.sopko\" \/>\n<meta name=\"twitter:card\" content=\"summary_large_image\" \/>\n<meta name=\"twitter:label1\" content=\"Written by\" \/>\n\t<meta name=\"twitter:data1\" content=\"miro.sopko\" \/>\n\t<meta name=\"twitter:label2\" content=\"Est. reading time\" \/>\n\t<meta name=\"twitter:data2\" content=\"2 minutes\" \/>\n<script type=\"application\/ld+json\" class=\"yoast-schema-graph\">{\"@context\":\"https:\/\/schema.org\",\"@graph\":[{\"@type\":\"Article\",\"@id\":\"https:\/\/www.smedemokrati.sk\/zrieknutim-sa-dph-zo-strany-statu-pri-kupe-prvej-nehnutelnosti-by-usetrili-slovaci-tisice\/#article\",\"isPartOf\":{\"@id\":\"https:\/\/www.smedemokrati.sk\/zrieknutim-sa-dph-zo-strany-statu-pri-kupe-prvej-nehnutelnosti-by-usetrili-slovaci-tisice\/\"},\"author\":{\"name\":\"miro.sopko\",\"@id\":\"https:\/\/www.smedemokrati.sk\/#\/schema\/person\/21f147c88d605aa7ded900e1e7c344ba\"},\"headline\":\"Zrieknut\u00edm sa DPH zo strany \u0161t\u00e1tu pri k\u00fape prvej nehnute\u013enosti by u\u0161etrili Slov\u00e1ci tis\u00edce\",\"datePublished\":\"2025-01-31T11:41:10+00:00\",\"dateModified\":\"2025-01-31T11:41:11+00:00\",\"mainEntityOfPage\":{\"@id\":\"https:\/\/www.smedemokrati.sk\/zrieknutim-sa-dph-zo-strany-statu-pri-kupe-prvej-nehnutelnosti-by-usetrili-slovaci-tisice\/\"},\"wordCount\":284,\"publisher\":{\"@id\":\"https:\/\/www.smedemokrati.sk\/#organization\"},\"image\":{\"@id\":\"https:\/\/www.smedemokrati.sk\/zrieknutim-sa-dph-zo-strany-statu-pri-kupe-prvej-nehnutelnosti-by-usetrili-slovaci-tisice\/#primaryimage\"},\"thumbnailUrl\":\"https:\/\/www.smedemokrati.sk\/wp-content\/uploads\/2025\/01\/12601.jpg\",\"articleSection\":[\"Tla\u010dov\u00e9 spr\u00e1vy\"],\"inLanguage\":\"en-US\"},{\"@type\":\"WebPage\",\"@id\":\"https:\/\/www.smedemokrati.sk\/zrieknutim-sa-dph-zo-strany-statu-pri-kupe-prvej-nehnutelnosti-by-usetrili-slovaci-tisice\/\",\"url\":\"https:\/\/www.smedemokrati.sk\/zrieknutim-sa-dph-zo-strany-statu-pri-kupe-prvej-nehnutelnosti-by-usetrili-slovaci-tisice\/\",\"name\":\"Zrieknut\u00edm sa DPH zo strany \u0161t\u00e1tu pri k\u00fape prvej nehnute\u013enosti by u\u0161etrili Slov\u00e1ci tis\u00edce\",\"isPartOf\":{\"@id\":\"https:\/\/www.smedemokrati.sk\/#website\"},\"primaryImageOfPage\":{\"@id\":\"https:\/\/www.smedemokrati.sk\/zrieknutim-sa-dph-zo-strany-statu-pri-kupe-prvej-nehnutelnosti-by-usetrili-slovaci-tisice\/#primaryimage\"},\"image\":{\"@id\":\"https:\/\/www.smedemokrati.sk\/zrieknutim-sa-dph-zo-strany-statu-pri-kupe-prvej-nehnutelnosti-by-usetrili-slovaci-tisice\/#primaryimage\"},\"thumbnailUrl\":\"https:\/\/www.smedemokrati.sk\/wp-content\/uploads\/2025\/01\/12601.jpg\",\"datePublished\":\"2025-01-31T11:41:10+00:00\",\"dateModified\":\"2025-01-31T11:41:11+00:00\",\"breadcrumb\":{\"@id\":\"https:\/\/www.smedemokrati.sk\/zrieknutim-sa-dph-zo-strany-statu-pri-kupe-prvej-nehnutelnosti-by-usetrili-slovaci-tisice\/#breadcrumb\"},\"inLanguage\":\"en-US\",\"potentialAction\":[{\"@type\":\"ReadAction\",\"target\":[\"https:\/\/www.smedemokrati.sk\/zrieknutim-sa-dph-zo-strany-statu-pri-kupe-prvej-nehnutelnosti-by-usetrili-slovaci-tisice\/\"]}]},{\"@type\":\"ImageObject\",\"inLanguage\":\"en-US\",\"@id\":\"https:\/\/www.smedemokrati.sk\/zrieknutim-sa-dph-zo-strany-statu-pri-kupe-prvej-nehnutelnosti-by-usetrili-slovaci-tisice\/#primaryimage\",\"url\":\"https:\/\/www.smedemokrati.sk\/wp-content\/uploads\/2025\/01\/12601.jpg\",\"contentUrl\":\"https:\/\/www.smedemokrati.sk\/wp-content\/uploads\/2025\/01\/12601.jpg\",\"width\":667,\"height\":1000},{\"@type\":\"BreadcrumbList\",\"@id\":\"https:\/\/www.smedemokrati.sk\/zrieknutim-sa-dph-zo-strany-statu-pri-kupe-prvej-nehnutelnosti-by-usetrili-slovaci-tisice\/#breadcrumb\",\"itemListElement\":[{\"@type\":\"ListItem\",\"position\":1,\"name\":\"Domovsk\u00e1 str\u00e1nka\",\"item\":\"https:\/\/www.smedemokrati.sk\/\"},{\"@type\":\"ListItem\",\"position\":2,\"name\":\"Zrieknut\u00edm sa DPH zo strany \u0161t\u00e1tu pri k\u00fape prvej nehnute\u013enosti by u\u0161etrili Slov\u00e1ci tis\u00edce\"}]},{\"@type\":\"WebSite\",\"@id\":\"https:\/\/www.smedemokrati.sk\/#website\",\"url\":\"https:\/\/www.smedemokrati.sk\/\",\"name\":\"Smedemokrati.sk\",\"description\":\"Demokracia a slu\u0161nos\u0165 zv\u00ed\u0165az\u00ed\",\"publisher\":{\"@id\":\"https:\/\/www.smedemokrati.sk\/#organization\"},\"potentialAction\":[{\"@type\":\"SearchAction\",\"target\":{\"@type\":\"EntryPoint\",\"urlTemplate\":\"https:\/\/www.smedemokrati.sk\/?s={search_term_string}\"},\"query-input\":{\"@type\":\"PropertyValueSpecification\",\"valueRequired\":true,\"valueName\":\"search_term_string\"}}],\"inLanguage\":\"en-US\"},{\"@type\":\"Organization\",\"@id\":\"https:\/\/www.smedemokrati.sk\/#organization\",\"name\":\"Smedemokrati.sk\",\"url\":\"https:\/\/www.smedemokrati.sk\/\",\"logo\":{\"@type\":\"ImageObject\",\"inLanguage\":\"en-US\",\"@id\":\"https:\/\/www.smedemokrati.sk\/#\/schema\/logo\/image\/\",\"url\":\"https:\/\/www.smedemokrati.sk\/wp-content\/uploads\/2023\/04\/ff.002.jpeg\",\"contentUrl\":\"https:\/\/www.smedemokrati.sk\/wp-content\/uploads\/2023\/04\/ff.002.jpeg\",\"width\":640,\"height\":480,\"caption\":\"Smedemokrati.sk\"},\"image\":{\"@id\":\"https:\/\/www.smedemokrati.sk\/#\/schema\/logo\/image\/\"},\"sameAs\":[\"https:\/\/www.facebook.com\/smedemokrati2023\"]},{\"@type\":\"Person\",\"@id\":\"https:\/\/www.smedemokrati.sk\/#\/schema\/person\/21f147c88d605aa7ded900e1e7c344ba\",\"name\":\"miro.sopko\",\"image\":{\"@type\":\"ImageObject\",\"inLanguage\":\"en-US\",\"@id\":\"https:\/\/secure.gravatar.com\/avatar\/267e4a36f704376c109afe3a78740c1f5dd8675a2180a908699e7863c9247606?s=96&d=mm&r=g\",\"url\":\"https:\/\/secure.gravatar.com\/avatar\/267e4a36f704376c109afe3a78740c1f5dd8675a2180a908699e7863c9247606?s=96&d=mm&r=g\",\"contentUrl\":\"https:\/\/secure.gravatar.com\/avatar\/267e4a36f704376c109afe3a78740c1f5dd8675a2180a908699e7863c9247606?s=96&d=mm&r=g\",\"caption\":\"miro.sopko\"},\"url\":\"https:\/\/www.smedemokrati.sk\/en\/author\/miro-sopko\/\"}]}<\/script>\n<!-- \/ Yoast SEO plugin. -->","yoast_head_json":{"title":"Zrieknut\u00edm sa DPH zo strany \u0161t\u00e1tu pri k\u00fape prvej nehnute\u013enosti by u\u0161etrili Slov\u00e1ci tis\u00edce","robots":{"index":"index","follow":"follow","max-snippet":"max-snippet:-1","max-image-preview":"max-image-preview:large","max-video-preview":"max-video-preview:-1"},"canonical":"https:\/\/www.smedemokrati.sk\/en\/zrieknutim-sa-dph-zo-strany-statu-pri-kupe-prvej-nehnutelnosti-by-usetrili-slovaci-tisice\/","og_locale":"en_US","og_type":"article","og_title":"[:sk]Zrieknut\u00edm sa DPH zo strany \u0161t\u00e1tu pri k\u00fape prvej nehnute\u013enosti by u\u0161etrili Slov\u00e1ci tis\u00edce[:] - Smedemokrati.sk","og_description":"Pod\u013ea Demokratov je jedn\u00fdm z rie\u0161en\u00ed pre ob\u010danov, ktor\u00ed si chc\u00fa k\u00fapi\u0165 svoju prv\u00fa nehnute\u013enos\u0165, odpustenie DPH zo strany \u0161t\u00e1tu. Odr\u00e1tan\u00edm DPH sa zn\u00ed\u017ei cena a z\u00e1ujemca o nehnute\u013enos\u0165 nebude musie\u0165 ma\u0165 tak ve\u013ek\u00fd objem hotovosti, ktor\u00fd po\u017eaduje banka pri poberan\u00ed hypot\u00e9ky.&nbsp; \u201eCeny nehnute\u013enost\u00ed rast\u00fa, mlad\u00ed si nem\u00f4\u017eu dovoli\u0165 vlastn\u00e9 b\u00fdvanie a dlh\u0161ie b\u00fdvaj\u00fa u [&hellip;]","og_url":"https:\/\/www.smedemokrati.sk\/en\/zrieknutim-sa-dph-zo-strany-statu-pri-kupe-prvej-nehnutelnosti-by-usetrili-slovaci-tisice\/","og_site_name":"Smedemokrati.sk","article_publisher":"https:\/\/www.facebook.com\/smedemokrati2023","article_published_time":"2025-01-31T11:41:10+00:00","article_modified_time":"2025-01-31T11:41:11+00:00","og_image":[{"width":667,"height":1000,"url":"https:\/\/www.smedemokrati.sk\/wp-content\/uploads\/2025\/01\/12601.jpg","type":"image\/jpeg"}],"author":"miro.sopko","twitter_card":"summary_large_image","twitter_misc":{"Written by":"miro.sopko","Est. reading time":"2 minutes"},"schema":{"@context":"https:\/\/schema.org","@graph":[{"@type":"Article","@id":"https:\/\/www.smedemokrati.sk\/zrieknutim-sa-dph-zo-strany-statu-pri-kupe-prvej-nehnutelnosti-by-usetrili-slovaci-tisice\/#article","isPartOf":{"@id":"https:\/\/www.smedemokrati.sk\/zrieknutim-sa-dph-zo-strany-statu-pri-kupe-prvej-nehnutelnosti-by-usetrili-slovaci-tisice\/"},"author":{"name":"miro.sopko","@id":"https:\/\/www.smedemokrati.sk\/#\/schema\/person\/21f147c88d605aa7ded900e1e7c344ba"},"headline":"Zrieknut\u00edm sa DPH zo strany \u0161t\u00e1tu pri k\u00fape prvej nehnute\u013enosti by u\u0161etrili Slov\u00e1ci tis\u00edce","datePublished":"2025-01-31T11:41:10+00:00","dateModified":"2025-01-31T11:41:11+00:00","mainEntityOfPage":{"@id":"https:\/\/www.smedemokrati.sk\/zrieknutim-sa-dph-zo-strany-statu-pri-kupe-prvej-nehnutelnosti-by-usetrili-slovaci-tisice\/"},"wordCount":284,"publisher":{"@id":"https:\/\/www.smedemokrati.sk\/#organization"},"image":{"@id":"https:\/\/www.smedemokrati.sk\/zrieknutim-sa-dph-zo-strany-statu-pri-kupe-prvej-nehnutelnosti-by-usetrili-slovaci-tisice\/#primaryimage"},"thumbnailUrl":"https:\/\/www.smedemokrati.sk\/wp-content\/uploads\/2025\/01\/12601.jpg","articleSection":["Tla\u010dov\u00e9 spr\u00e1vy"],"inLanguage":"en-US"},{"@type":"WebPage","@id":"https:\/\/www.smedemokrati.sk\/zrieknutim-sa-dph-zo-strany-statu-pri-kupe-prvej-nehnutelnosti-by-usetrili-slovaci-tisice\/","url":"https:\/\/www.smedemokrati.sk\/zrieknutim-sa-dph-zo-strany-statu-pri-kupe-prvej-nehnutelnosti-by-usetrili-slovaci-tisice\/","name":"Zrieknut\u00edm sa DPH zo strany \u0161t\u00e1tu pri k\u00fape prvej nehnute\u013enosti by u\u0161etrili Slov\u00e1ci tis\u00edce","isPartOf":{"@id":"https:\/\/www.smedemokrati.sk\/#website"},"primaryImageOfPage":{"@id":"https:\/\/www.smedemokrati.sk\/zrieknutim-sa-dph-zo-strany-statu-pri-kupe-prvej-nehnutelnosti-by-usetrili-slovaci-tisice\/#primaryimage"},"image":{"@id":"https:\/\/www.smedemokrati.sk\/zrieknutim-sa-dph-zo-strany-statu-pri-kupe-prvej-nehnutelnosti-by-usetrili-slovaci-tisice\/#primaryimage"},"thumbnailUrl":"https:\/\/www.smedemokrati.sk\/wp-content\/uploads\/2025\/01\/12601.jpg","datePublished":"2025-01-31T11:41:10+00:00","dateModified":"2025-01-31T11:41:11+00:00","breadcrumb":{"@id":"https:\/\/www.smedemokrati.sk\/zrieknutim-sa-dph-zo-strany-statu-pri-kupe-prvej-nehnutelnosti-by-usetrili-slovaci-tisice\/#breadcrumb"},"inLanguage":"en-US","potentialAction":[{"@type":"ReadAction","target":["https:\/\/www.smedemokrati.sk\/zrieknutim-sa-dph-zo-strany-statu-pri-kupe-prvej-nehnutelnosti-by-usetrili-slovaci-tisice\/"]}]},{"@type":"ImageObject","inLanguage":"en-US","@id":"https:\/\/www.smedemokrati.sk\/zrieknutim-sa-dph-zo-strany-statu-pri-kupe-prvej-nehnutelnosti-by-usetrili-slovaci-tisice\/#primaryimage","url":"https:\/\/www.smedemokrati.sk\/wp-content\/uploads\/2025\/01\/12601.jpg","contentUrl":"https:\/\/www.smedemokrati.sk\/wp-content\/uploads\/2025\/01\/12601.jpg","width":667,"height":1000},{"@type":"BreadcrumbList","@id":"https:\/\/www.smedemokrati.sk\/zrieknutim-sa-dph-zo-strany-statu-pri-kupe-prvej-nehnutelnosti-by-usetrili-slovaci-tisice\/#breadcrumb","itemListElement":[{"@type":"ListItem","position":1,"name":"Domovsk\u00e1 str\u00e1nka","item":"https:\/\/www.smedemokrati.sk\/"},{"@type":"ListItem","position":2,"name":"Zrieknut\u00edm sa DPH zo strany \u0161t\u00e1tu pri k\u00fape prvej nehnute\u013enosti by u\u0161etrili Slov\u00e1ci tis\u00edce"}]},{"@type":"WebSite","@id":"https:\/\/www.smedemokrati.sk\/#website","url":"https:\/\/www.smedemokrati.sk\/","name":"Smedemokrati.sk","description":"Demokracia a slu\u0161nos\u0165 zv\u00ed\u0165az\u00ed","publisher":{"@id":"https:\/\/www.smedemokrati.sk\/#organization"},"potentialAction":[{"@type":"SearchAction","target":{"@type":"EntryPoint","urlTemplate":"https:\/\/www.smedemokrati.sk\/?s={search_term_string}"},"query-input":{"@type":"PropertyValueSpecification","valueRequired":true,"valueName":"search_term_string"}}],"inLanguage":"en-US"},{"@type":"Organization","@id":"https:\/\/www.smedemokrati.sk\/#organization","name":"Smedemokrati.sk","url":"https:\/\/www.smedemokrati.sk\/","logo":{"@type":"ImageObject","inLanguage":"en-US","@id":"https:\/\/www.smedemokrati.sk\/#\/schema\/logo\/image\/","url":"https:\/\/www.smedemokrati.sk\/wp-content\/uploads\/2023\/04\/ff.002.jpeg","contentUrl":"https:\/\/www.smedemokrati.sk\/wp-content\/uploads\/2023\/04\/ff.002.jpeg","width":640,"height":480,"caption":"Smedemokrati.sk"},"image":{"@id":"https:\/\/www.smedemokrati.sk\/#\/schema\/logo\/image\/"},"sameAs":["https:\/\/www.facebook.com\/smedemokrati2023"]},{"@type":"Person","@id":"https:\/\/www.smedemokrati.sk\/#\/schema\/person\/21f147c88d605aa7ded900e1e7c344ba","name":"miro.sopko","image":{"@type":"ImageObject","inLanguage":"en-US","@id":"https:\/\/secure.gravatar.com\/avatar\/267e4a36f704376c109afe3a78740c1f5dd8675a2180a908699e7863c9247606?s=96&d=mm&r=g","url":"https:\/\/secure.gravatar.com\/avatar\/267e4a36f704376c109afe3a78740c1f5dd8675a2180a908699e7863c9247606?s=96&d=mm&r=g","contentUrl":"https:\/\/secure.gravatar.com\/avatar\/267e4a36f704376c109afe3a78740c1f5dd8675a2180a908699e7863c9247606?s=96&d=mm&r=g","caption":"miro.sopko"},"url":"https:\/\/www.smedemokrati.sk\/en\/author\/miro-sopko\/"}]}},"_links":{"self":[{"href":"https:\/\/www.smedemokrati.sk\/en\/wp-json\/wp\/v2\/posts\/6240","targetHints":{"allow":["GET"]}}],"collection":[{"href":"https:\/\/www.smedemokrati.sk\/en\/wp-json\/wp\/v2\/posts"}],"about":[{"href":"https:\/\/www.smedemokrati.sk\/en\/wp-json\/wp\/v2\/types\/post"}],"author":[{"embeddable":true,"href":"https:\/\/www.smedemokrati.sk\/en\/wp-json\/wp\/v2\/users\/13"}],"replies":[{"embeddable":true,"href":"https:\/\/www.smedemokrati.sk\/en\/wp-json\/wp\/v2\/comments?post=6240"}],"version-history":[{"count":1,"href":"https:\/\/www.smedemokrati.sk\/en\/wp-json\/wp\/v2\/posts\/6240\/revisions"}],"predecessor-version":[{"id":6242,"href":"https:\/\/www.smedemokrati.sk\/en\/wp-json\/wp\/v2\/posts\/6240\/revisions\/6242"}],"wp:featuredmedia":[{"embeddable":true,"href":"https:\/\/www.smedemokrati.sk\/en\/wp-json\/wp\/v2\/media\/6241"}],"wp:attachment":[{"href":"https:\/\/www.smedemokrati.sk\/en\/wp-json\/wp\/v2\/media?parent=6240"}],"wp:term":[{"taxonomy":"category","embeddable":true,"href":"https:\/\/www.smedemokrati.sk\/en\/wp-json\/wp\/v2\/categories?post=6240"},{"taxonomy":"post_tag","embeddable":true,"href":"https:\/\/www.smedemokrati.sk\/en\/wp-json\/wp\/v2\/tags?post=6240"}],"curies":[{"name":"wp","href":"https:\/\/api.w.org\/{rel}","templated":true}]}}