{"id":6175,"date":"2025-01-21T17:49:23","date_gmt":"2025-01-21T16:49:23","guid":{"rendered":"https:\/\/www.smedemokrati.sk\/?p=6175"},"modified":"2025-01-28T15:16:29","modified_gmt":"2025-01-28T14:16:29","slug":"vlada-moze-v-spore-o-gabcikovo-ohrozit-aj-energeticke-zaujmy-slovenska","status":"publish","type":"post","link":"https:\/\/www.smedemokrati.sk\/en\/vlada-moze-v-spore-o-gabcikovo-ohrozit-aj-energeticke-zaujmy-slovenska\/","title":{"rendered":"Vl\u00e1da m\u00f4\u017ee v spore o Gab\u010d\u00edkovo ohrozi\u0165 aj energetick\u00e9 z\u00e1ujmy Slovenska"},"content":{"rendered":"<div id=\"fb-root\"><\/div>\n\n<p><strong>Prehradenie star\u00e9ho koryta Dunaja, ktor\u00e9 by malo fat\u00e1lne dopady na \u017eivotn\u00e9 prostredie, na ktor\u00e9 upozornili Demokrati, nie je jedin\u00fdm rizikom snahy slovenskej vl\u00e1dy o vyrie\u0161enie sporu s Ma\u010farskom o Gab\u010d\u00edkovo. Rovnako z\u00e1va\u017en\u00fdm je aj energetick\u00fd rozmer mo\u017enej dohody, ktor\u00fa netransparentne dojedn\u00e1va minister \u017eivotn\u00e9ho prostredia Tom\u00e1\u0161 Taraba. Pod\u013ea inform\u00e1ci\u00ed strany s\u00fa v hre aj tak\u00e9 parametre dohody o prerozde\u013eovan\u00ed produkcie zelenej elektrickej energie, ktor\u00e9 by mohli po\u0161kodi\u0165 slovensk\u00fd priemysel. Z doteraj\u0161\u00edch krokov je na mieste obava, \u017ee vl\u00e1da je pripraven\u00e1 vyjs\u0165 plne v \u00fastrety Orb\u00e1novej vl\u00e1de.&nbsp;<\/strong><\/p>\n\n\n\n<p>Vodn\u00e1 elektr\u00e1re\u0148 Gab\u010d\u00edkovo pokr\u00fdva skoro desatinu slovenskej spotreby elektrickej energie. Len v roku 2023 dosiahla tr\u017eby viac ako 438 mil. eur. \u201e<em>Pre slovensk\u00fd priemysel je k\u013e\u00fa\u010dov\u00e1 aj z in\u00e9ho d\u00f4vodu. Elektrick\u00e1 energia, ktor\u00fa vodn\u00e1 elektr\u00e1re\u0148 produkuje, sa toti\u017e pova\u017euje za vyroben\u00fa z obnovite\u013en\u00fdch zdrojov energie, \u010do garantuje ekologick\u00fd rozmer slovenskej priemyselnej produkcie a poskytuje mu v\u00fdrazn\u00fa konkuren\u010dn\u00fa v\u00fdhodu. Za predaj tzv. z\u00e1ruk p\u00f4vodu naviac \u0161t\u00e1t inkasuje mili\u00f3ny eur. Dostatok zelenej energie je absol\u00fatne k\u013e\u00fa\u010dov\u00fd aj pri l\u00e1kan\u00ed nov\u00fdch invest\u00edci\u00ed na Slovensko. Pod\u013ea na\u0161ich inform\u00e1ci\u00ed m\u00f4\u017ee slovensk\u00e9 hospod\u00e1rstvo v d\u00f4sledku dohody s Ma\u010farskom t\u00fato v\u00fdhodu v\u00fdrazne strati\u0165, \u010do by zn\u00ed\u017eilo na\u0161u konkurencieschopnos\u0165, ohrozilo na\u0161u atraktivitu pre zahrani\u010dn\u00e9 invest\u00edcie a spomalilo napredovanie ekologickej transform\u00e1cie slovensk\u00e9ho priemyslu,<\/em>\u201d vysvet\u013euje Michal Ki\u010da, environment\u00e1lny expert a \u010dlen predsedn\u00edctva Demokratov.\u00a0<\/p>\n\n\n\n<p>Ind\u00edci\u00ed, \u017ee slovensk\u00e1 vl\u00e1da rezignuje na obhajobu slovensk\u00fdch z\u00e1ujmov, je viacero. \u201e<em>E\u0161te ako minister hospod\u00e1rstva som upozornil, \u017ee Ma\u010farsko u\u017e vtedy pon\u00fakalo zelen\u00fa elektrinu z Gab\u010d\u00edkova investorom, vr\u00e1tane obrovsk\u00e9ho z\u00e1vodu na v\u00fdrobu bat\u00e9riov\u00fdch \u010dl\u00e1nkov v Debrec\u00edne, kv\u00f4li \u010domu som sa dostal do konfliktu s ma\u010farsk\u00fdm ministrom zahrani\u010dn\u00fdch vec\u00ed P\u00e9trom Szijj\u00e1rt\u00f3m. Ob\u00e1vam sa, \u017ee pri celkovej \u00fastretovosti Fica a Tarabu k Orb\u00e1novej vl\u00e1de v Budape\u0161ti bud\u00fa slovensk\u00e9 energetick\u00e9 z\u00e1ujmy ignorova\u0165. Lacn\u00e1 zelen\u00e1 elektrina je ale pre slovensk\u00fd priemysel a atraktivitu n\u00e1\u0161ho investi\u010dn\u00e9ho prostredia k\u013e\u00fa\u010dov\u00e1,<\/em>\u201d upozor\u0148uje Karel Hirman, expert na energetiku, b\u00fdval\u00fd minister hospod\u00e1rstva a \u010dlen predsedn\u00edctva strany Demokrati.<\/p>\n\n\n\n<p>Taraba u\u017e preuk\u00e1zal nev\u00eddan\u00fa mieru pokrytectva, kedy na jednej strane kritizuje konanie Ukrajiny v hospod\u00e1rskych ot\u00e1zkach, no na druhej strane jej umo\u017e\u0148uje prostredn\u00edctvom schr\u00e1nkovej firmy nakupova\u0165 zelen\u00fa energiu aj z gab\u010d\u00edkovskej elektr\u00e1rne. Kroky Tom\u00e1\u0161a Tarabu pripom\u00ednaj\u00fa sk\u00f4r ako ministra slovenskej vl\u00e1dy kroky ma\u010farsk\u00e9ho lobistu, ktor\u00fd je pripraven\u00fd uprednostni\u0165 z\u00e1ujem Budape\u0161ti pred z\u00e1ujmami Slovenskej republiky, n\u00e1\u0161ho hospod\u00e1rstva nevyn\u00edmaj\u00fac. Pripustia relevantn\u00e9 podnikate\u013esk\u00e9 a priemyseln\u00e9 zv\u00e4zy zradenie na\u0161ich ekonomick\u00fdch z\u00e1ujmov a v\u00fdrazn\u00e9 oslabenie atraktivity Slovenska pre investorov v prospech Ma\u010farska a vl\u00e1dy Viktora Orb\u00e1na?<\/p>\n\n\n\n<p>2. \u010das\u0165 TK:<\/p>\n\n\n<div class=\"fb-video\" data-href=\"https:\/\/fb.watch\/xfnXj1zUvd\" data-allowfullscreen=\"true\" data-autoplay=\"false\" data-width=\"\" data-show-text=\"false\" data-show-captions=\"true\"><\/div>\n","protected":false},"excerpt":{"rendered":"<p>Prehradenie star\u00e9ho koryta Dunaja, ktor\u00e9 by malo fat\u00e1lne dopady na \u017eivotn\u00e9 prostredie, na ktor\u00e9 upozornili Demokrati, nie je jedin\u00fdm rizikom snahy slovenskej vl\u00e1dy o vyrie\u0161enie sporu s Ma\u010farskom o Gab\u010d\u00edkovo. Rovnako z\u00e1va\u017en\u00fdm je aj energetick\u00fd rozmer mo\u017enej dohody, ktor\u00fa netransparentne dojedn\u00e1va minister \u017eivotn\u00e9ho prostredia Tom\u00e1\u0161 Taraba. Pod\u013ea inform\u00e1ci\u00ed strany s\u00fa v hre aj tak\u00e9 parametre [&hellip;]<\/p>\n","protected":false},"author":13,"featured_media":4207,"comment_status":"closed","ping_status":"closed","sticky":false,"template":"","format":"standard","meta":{"_acf_changed":false,"ngg_post_thumbnail":0,"footnotes":""},"categories":[4],"tags":[],"class_list":["post-6175","post","type-post","status-publish","format-standard","has-post-thumbnail","hentry","category-tlacove-spravy"],"acf":[],"yoast_head":"<!-- This site is optimized with the Yoast SEO plugin v27.2 - https:\/\/yoast.com\/product\/yoast-seo-wordpress\/ -->\n<title>Vl\u00e1da m\u00f4\u017ee v spore o Gab\u010d\u00edkovo ohrozi\u0165 aj energetick\u00e9 z\u00e1ujmy Slovenska<\/title>\n<meta name=\"robots\" content=\"index, follow, max-snippet:-1, max-image-preview:large, max-video-preview:-1\" \/>\n<link rel=\"canonical\" href=\"https:\/\/www.smedemokrati.sk\/en\/vlada-moze-v-spore-o-gabcikovo-ohrozit-aj-energeticke-zaujmy-slovenska\/\" \/>\n<meta property=\"og:locale\" content=\"en_US\" \/>\n<meta property=\"og:locale:alternate\" content=\"cs_CZ\" \/>\n<meta property=\"og:locale:alternate\" content=\"hu_HU\" \/>\n<meta property=\"og:locale:alternate\" content=\"sk_SK\" \/>\n<meta property=\"og:locale:alternate\" content=\"sv_SE\" \/>\n<meta property=\"og:type\" content=\"article\" \/>\n<meta property=\"og:title\" content=\"Vl\u00e1da m\u00f4\u017ee v spore o Gab\u010d\u00edkovo ohrozi\u0165 aj energetick\u00e9 z\u00e1ujmy Slovenska\" \/>\n<meta property=\"og:description\" content=\"Prehradenie star\u00e9ho koryta Dunaja, ktor\u00e9 by malo fat\u00e1lne dopady na \u017eivotn\u00e9 prostredie, na ktor\u00e9 upozornili Demokrati, nie je jedin\u00fdm rizikom snahy slovenskej vl\u00e1dy o vyrie\u0161enie sporu s Ma\u010farskom o Gab\u010d\u00edkovo. Rovnako z\u00e1va\u017en\u00fdm je aj energetick\u00fd rozmer mo\u017enej dohody, ktor\u00fa netransparentne dojedn\u00e1va minister \u017eivotn\u00e9ho prostredia Tom\u00e1\u0161 Taraba. Pod\u013ea inform\u00e1ci\u00ed strany s\u00fa v hre aj tak\u00e9 parametre [&hellip;]\" \/>\n<meta property=\"og:url\" content=\"https:\/\/www.smedemokrati.sk\/en\/vlada-moze-v-spore-o-gabcikovo-ohrozit-aj-energeticke-zaujmy-slovenska\/\" \/>\n<meta property=\"og:site_name\" content=\"Smedemokrati.sk\" \/>\n<meta property=\"article:publisher\" content=\"https:\/\/www.facebook.com\/smedemokrati2023\" \/>\n<meta property=\"article:published_time\" content=\"2025-01-21T16:49:23+00:00\" \/>\n<meta property=\"article:modified_time\" content=\"2025-01-28T14:16:29+00:00\" \/>\n<meta property=\"og:image\" content=\"https:\/\/www.smedemokrati.sk\/wp-content\/uploads\/2024\/05\/taraba-amnestia-vyrub.jpg\" \/>\n\t<meta property=\"og:image:width\" content=\"1920\" \/>\n\t<meta property=\"og:image:height\" content=\"1271\" \/>\n\t<meta property=\"og:image:type\" content=\"image\/jpeg\" \/>\n<meta name=\"author\" content=\"miro.sopko\" \/>\n<meta name=\"twitter:card\" content=\"summary_large_image\" \/>\n<meta name=\"twitter:label1\" content=\"Written by\" \/>\n\t<meta name=\"twitter:data1\" content=\"miro.sopko\" \/>\n\t<meta name=\"twitter:label2\" content=\"Est. reading time\" \/>\n\t<meta name=\"twitter:data2\" content=\"3 minutes\" \/>\n<script type=\"application\/ld+json\" class=\"yoast-schema-graph\">{\"@context\":\"https:\/\/schema.org\",\"@graph\":[{\"@type\":\"Article\",\"@id\":\"https:\/\/www.smedemokrati.sk\/vlada-moze-v-spore-o-gabcikovo-ohrozit-aj-energeticke-zaujmy-slovenska\/#article\",\"isPartOf\":{\"@id\":\"https:\/\/www.smedemokrati.sk\/vlada-moze-v-spore-o-gabcikovo-ohrozit-aj-energeticke-zaujmy-slovenska\/\"},\"author\":{\"name\":\"miro.sopko\",\"@id\":\"https:\/\/www.smedemokrati.sk\/#\/schema\/person\/21f147c88d605aa7ded900e1e7c344ba\"},\"headline\":\"Vl\u00e1da m\u00f4\u017ee v spore o Gab\u010d\u00edkovo ohrozi\u0165 aj energetick\u00e9 z\u00e1ujmy Slovenska\",\"datePublished\":\"2025-01-21T16:49:23+00:00\",\"dateModified\":\"2025-01-28T14:16:29+00:00\",\"mainEntityOfPage\":{\"@id\":\"https:\/\/www.smedemokrati.sk\/vlada-moze-v-spore-o-gabcikovo-ohrozit-aj-energeticke-zaujmy-slovenska\/\"},\"wordCount\":547,\"publisher\":{\"@id\":\"https:\/\/www.smedemokrati.sk\/#organization\"},\"image\":{\"@id\":\"https:\/\/www.smedemokrati.sk\/vlada-moze-v-spore-o-gabcikovo-ohrozit-aj-energeticke-zaujmy-slovenska\/#primaryimage\"},\"thumbnailUrl\":\"https:\/\/www.smedemokrati.sk\/wp-content\/uploads\/2024\/05\/taraba-amnestia-vyrub.jpg\",\"articleSection\":[\"Tla\u010dov\u00e9 spr\u00e1vy\"],\"inLanguage\":\"en-US\"},{\"@type\":\"WebPage\",\"@id\":\"https:\/\/www.smedemokrati.sk\/vlada-moze-v-spore-o-gabcikovo-ohrozit-aj-energeticke-zaujmy-slovenska\/\",\"url\":\"https:\/\/www.smedemokrati.sk\/vlada-moze-v-spore-o-gabcikovo-ohrozit-aj-energeticke-zaujmy-slovenska\/\",\"name\":\"Vl\u00e1da m\u00f4\u017ee v spore o Gab\u010d\u00edkovo ohrozi\u0165 aj energetick\u00e9 z\u00e1ujmy Slovenska\",\"isPartOf\":{\"@id\":\"https:\/\/www.smedemokrati.sk\/#website\"},\"primaryImageOfPage\":{\"@id\":\"https:\/\/www.smedemokrati.sk\/vlada-moze-v-spore-o-gabcikovo-ohrozit-aj-energeticke-zaujmy-slovenska\/#primaryimage\"},\"image\":{\"@id\":\"https:\/\/www.smedemokrati.sk\/vlada-moze-v-spore-o-gabcikovo-ohrozit-aj-energeticke-zaujmy-slovenska\/#primaryimage\"},\"thumbnailUrl\":\"https:\/\/www.smedemokrati.sk\/wp-content\/uploads\/2024\/05\/taraba-amnestia-vyrub.jpg\",\"datePublished\":\"2025-01-21T16:49:23+00:00\",\"dateModified\":\"2025-01-28T14:16:29+00:00\",\"breadcrumb\":{\"@id\":\"https:\/\/www.smedemokrati.sk\/vlada-moze-v-spore-o-gabcikovo-ohrozit-aj-energeticke-zaujmy-slovenska\/#breadcrumb\"},\"inLanguage\":\"en-US\",\"potentialAction\":[{\"@type\":\"ReadAction\",\"target\":[\"https:\/\/www.smedemokrati.sk\/vlada-moze-v-spore-o-gabcikovo-ohrozit-aj-energeticke-zaujmy-slovenska\/\"]}]},{\"@type\":\"ImageObject\",\"inLanguage\":\"en-US\",\"@id\":\"https:\/\/www.smedemokrati.sk\/vlada-moze-v-spore-o-gabcikovo-ohrozit-aj-energeticke-zaujmy-slovenska\/#primaryimage\",\"url\":\"https:\/\/www.smedemokrati.sk\/wp-content\/uploads\/2024\/05\/taraba-amnestia-vyrub.jpg\",\"contentUrl\":\"https:\/\/www.smedemokrati.sk\/wp-content\/uploads\/2024\/05\/taraba-amnestia-vyrub.jpg\",\"width\":1920,\"height\":1271},{\"@type\":\"BreadcrumbList\",\"@id\":\"https:\/\/www.smedemokrati.sk\/vlada-moze-v-spore-o-gabcikovo-ohrozit-aj-energeticke-zaujmy-slovenska\/#breadcrumb\",\"itemListElement\":[{\"@type\":\"ListItem\",\"position\":1,\"name\":\"Domovsk\u00e1 str\u00e1nka\",\"item\":\"https:\/\/www.smedemokrati.sk\/\"},{\"@type\":\"ListItem\",\"position\":2,\"name\":\"Vl\u00e1da m\u00f4\u017ee v spore o Gab\u010d\u00edkovo ohrozi\u0165 aj energetick\u00e9 z\u00e1ujmy Slovenska\"}]},{\"@type\":\"WebSite\",\"@id\":\"https:\/\/www.smedemokrati.sk\/#website\",\"url\":\"https:\/\/www.smedemokrati.sk\/\",\"name\":\"Smedemokrati.sk\",\"description\":\"Demokracia a slu\u0161nos\u0165 zv\u00ed\u0165az\u00ed\",\"publisher\":{\"@id\":\"https:\/\/www.smedemokrati.sk\/#organization\"},\"potentialAction\":[{\"@type\":\"SearchAction\",\"target\":{\"@type\":\"EntryPoint\",\"urlTemplate\":\"https:\/\/www.smedemokrati.sk\/?s={search_term_string}\"},\"query-input\":{\"@type\":\"PropertyValueSpecification\",\"valueRequired\":true,\"valueName\":\"search_term_string\"}}],\"inLanguage\":\"en-US\"},{\"@type\":\"Organization\",\"@id\":\"https:\/\/www.smedemokrati.sk\/#organization\",\"name\":\"Smedemokrati.sk\",\"url\":\"https:\/\/www.smedemokrati.sk\/\",\"logo\":{\"@type\":\"ImageObject\",\"inLanguage\":\"en-US\",\"@id\":\"https:\/\/www.smedemokrati.sk\/#\/schema\/logo\/image\/\",\"url\":\"https:\/\/www.smedemokrati.sk\/wp-content\/uploads\/2023\/04\/ff.002.jpeg\",\"contentUrl\":\"https:\/\/www.smedemokrati.sk\/wp-content\/uploads\/2023\/04\/ff.002.jpeg\",\"width\":640,\"height\":480,\"caption\":\"Smedemokrati.sk\"},\"image\":{\"@id\":\"https:\/\/www.smedemokrati.sk\/#\/schema\/logo\/image\/\"},\"sameAs\":[\"https:\/\/www.facebook.com\/smedemokrati2023\"]},{\"@type\":\"Person\",\"@id\":\"https:\/\/www.smedemokrati.sk\/#\/schema\/person\/21f147c88d605aa7ded900e1e7c344ba\",\"name\":\"miro.sopko\",\"image\":{\"@type\":\"ImageObject\",\"inLanguage\":\"en-US\",\"@id\":\"https:\/\/secure.gravatar.com\/avatar\/267e4a36f704376c109afe3a78740c1f5dd8675a2180a908699e7863c9247606?s=96&d=mm&r=g\",\"url\":\"https:\/\/secure.gravatar.com\/avatar\/267e4a36f704376c109afe3a78740c1f5dd8675a2180a908699e7863c9247606?s=96&d=mm&r=g\",\"contentUrl\":\"https:\/\/secure.gravatar.com\/avatar\/267e4a36f704376c109afe3a78740c1f5dd8675a2180a908699e7863c9247606?s=96&d=mm&r=g\",\"caption\":\"miro.sopko\"},\"url\":\"https:\/\/www.smedemokrati.sk\/en\/author\/miro-sopko\/\"}]}<\/script>\n<!-- \/ Yoast SEO plugin. -->","yoast_head_json":{"title":"Vl\u00e1da m\u00f4\u017ee v spore o Gab\u010d\u00edkovo ohrozi\u0165 aj energetick\u00e9 z\u00e1ujmy Slovenska","robots":{"index":"index","follow":"follow","max-snippet":"max-snippet:-1","max-image-preview":"max-image-preview:large","max-video-preview":"max-video-preview:-1"},"canonical":"https:\/\/www.smedemokrati.sk\/en\/vlada-moze-v-spore-o-gabcikovo-ohrozit-aj-energeticke-zaujmy-slovenska\/","og_locale":"en_US","og_type":"article","og_title":"[:sk]Vl\u00e1da m\u00f4\u017ee v spore o Gab\u010d\u00edkovo ohrozi\u0165 aj energetick\u00e9 z\u00e1ujmy Slovenska[:] - Smedemokrati.sk","og_description":"Prehradenie star\u00e9ho koryta Dunaja, ktor\u00e9 by malo fat\u00e1lne dopady na \u017eivotn\u00e9 prostredie, na ktor\u00e9 upozornili Demokrati, nie je jedin\u00fdm rizikom snahy slovenskej vl\u00e1dy o vyrie\u0161enie sporu s Ma\u010farskom o Gab\u010d\u00edkovo. Rovnako z\u00e1va\u017en\u00fdm je aj energetick\u00fd rozmer mo\u017enej dohody, ktor\u00fa netransparentne dojedn\u00e1va minister \u017eivotn\u00e9ho prostredia Tom\u00e1\u0161 Taraba. Pod\u013ea inform\u00e1ci\u00ed strany s\u00fa v hre aj tak\u00e9 parametre [&hellip;]","og_url":"https:\/\/www.smedemokrati.sk\/en\/vlada-moze-v-spore-o-gabcikovo-ohrozit-aj-energeticke-zaujmy-slovenska\/","og_site_name":"Smedemokrati.sk","article_publisher":"https:\/\/www.facebook.com\/smedemokrati2023","article_published_time":"2025-01-21T16:49:23+00:00","article_modified_time":"2025-01-28T14:16:29+00:00","og_image":[{"width":1920,"height":1271,"url":"https:\/\/www.smedemokrati.sk\/wp-content\/uploads\/2024\/05\/taraba-amnestia-vyrub.jpg","type":"image\/jpeg"}],"author":"miro.sopko","twitter_card":"summary_large_image","twitter_misc":{"Written by":"miro.sopko","Est. reading time":"3 minutes"},"schema":{"@context":"https:\/\/schema.org","@graph":[{"@type":"Article","@id":"https:\/\/www.smedemokrati.sk\/vlada-moze-v-spore-o-gabcikovo-ohrozit-aj-energeticke-zaujmy-slovenska\/#article","isPartOf":{"@id":"https:\/\/www.smedemokrati.sk\/vlada-moze-v-spore-o-gabcikovo-ohrozit-aj-energeticke-zaujmy-slovenska\/"},"author":{"name":"miro.sopko","@id":"https:\/\/www.smedemokrati.sk\/#\/schema\/person\/21f147c88d605aa7ded900e1e7c344ba"},"headline":"Vl\u00e1da m\u00f4\u017ee v spore o Gab\u010d\u00edkovo ohrozi\u0165 aj energetick\u00e9 z\u00e1ujmy Slovenska","datePublished":"2025-01-21T16:49:23+00:00","dateModified":"2025-01-28T14:16:29+00:00","mainEntityOfPage":{"@id":"https:\/\/www.smedemokrati.sk\/vlada-moze-v-spore-o-gabcikovo-ohrozit-aj-energeticke-zaujmy-slovenska\/"},"wordCount":547,"publisher":{"@id":"https:\/\/www.smedemokrati.sk\/#organization"},"image":{"@id":"https:\/\/www.smedemokrati.sk\/vlada-moze-v-spore-o-gabcikovo-ohrozit-aj-energeticke-zaujmy-slovenska\/#primaryimage"},"thumbnailUrl":"https:\/\/www.smedemokrati.sk\/wp-content\/uploads\/2024\/05\/taraba-amnestia-vyrub.jpg","articleSection":["Tla\u010dov\u00e9 spr\u00e1vy"],"inLanguage":"en-US"},{"@type":"WebPage","@id":"https:\/\/www.smedemokrati.sk\/vlada-moze-v-spore-o-gabcikovo-ohrozit-aj-energeticke-zaujmy-slovenska\/","url":"https:\/\/www.smedemokrati.sk\/vlada-moze-v-spore-o-gabcikovo-ohrozit-aj-energeticke-zaujmy-slovenska\/","name":"Vl\u00e1da m\u00f4\u017ee v spore o Gab\u010d\u00edkovo ohrozi\u0165 aj energetick\u00e9 z\u00e1ujmy Slovenska","isPartOf":{"@id":"https:\/\/www.smedemokrati.sk\/#website"},"primaryImageOfPage":{"@id":"https:\/\/www.smedemokrati.sk\/vlada-moze-v-spore-o-gabcikovo-ohrozit-aj-energeticke-zaujmy-slovenska\/#primaryimage"},"image":{"@id":"https:\/\/www.smedemokrati.sk\/vlada-moze-v-spore-o-gabcikovo-ohrozit-aj-energeticke-zaujmy-slovenska\/#primaryimage"},"thumbnailUrl":"https:\/\/www.smedemokrati.sk\/wp-content\/uploads\/2024\/05\/taraba-amnestia-vyrub.jpg","datePublished":"2025-01-21T16:49:23+00:00","dateModified":"2025-01-28T14:16:29+00:00","breadcrumb":{"@id":"https:\/\/www.smedemokrati.sk\/vlada-moze-v-spore-o-gabcikovo-ohrozit-aj-energeticke-zaujmy-slovenska\/#breadcrumb"},"inLanguage":"en-US","potentialAction":[{"@type":"ReadAction","target":["https:\/\/www.smedemokrati.sk\/vlada-moze-v-spore-o-gabcikovo-ohrozit-aj-energeticke-zaujmy-slovenska\/"]}]},{"@type":"ImageObject","inLanguage":"en-US","@id":"https:\/\/www.smedemokrati.sk\/vlada-moze-v-spore-o-gabcikovo-ohrozit-aj-energeticke-zaujmy-slovenska\/#primaryimage","url":"https:\/\/www.smedemokrati.sk\/wp-content\/uploads\/2024\/05\/taraba-amnestia-vyrub.jpg","contentUrl":"https:\/\/www.smedemokrati.sk\/wp-content\/uploads\/2024\/05\/taraba-amnestia-vyrub.jpg","width":1920,"height":1271},{"@type":"BreadcrumbList","@id":"https:\/\/www.smedemokrati.sk\/vlada-moze-v-spore-o-gabcikovo-ohrozit-aj-energeticke-zaujmy-slovenska\/#breadcrumb","itemListElement":[{"@type":"ListItem","position":1,"name":"Domovsk\u00e1 str\u00e1nka","item":"https:\/\/www.smedemokrati.sk\/"},{"@type":"ListItem","position":2,"name":"Vl\u00e1da m\u00f4\u017ee v spore o Gab\u010d\u00edkovo ohrozi\u0165 aj energetick\u00e9 z\u00e1ujmy Slovenska"}]},{"@type":"WebSite","@id":"https:\/\/www.smedemokrati.sk\/#website","url":"https:\/\/www.smedemokrati.sk\/","name":"Smedemokrati.sk","description":"Demokracia a slu\u0161nos\u0165 zv\u00ed\u0165az\u00ed","publisher":{"@id":"https:\/\/www.smedemokrati.sk\/#organization"},"potentialAction":[{"@type":"SearchAction","target":{"@type":"EntryPoint","urlTemplate":"https:\/\/www.smedemokrati.sk\/?s={search_term_string}"},"query-input":{"@type":"PropertyValueSpecification","valueRequired":true,"valueName":"search_term_string"}}],"inLanguage":"en-US"},{"@type":"Organization","@id":"https:\/\/www.smedemokrati.sk\/#organization","name":"Smedemokrati.sk","url":"https:\/\/www.smedemokrati.sk\/","logo":{"@type":"ImageObject","inLanguage":"en-US","@id":"https:\/\/www.smedemokrati.sk\/#\/schema\/logo\/image\/","url":"https:\/\/www.smedemokrati.sk\/wp-content\/uploads\/2023\/04\/ff.002.jpeg","contentUrl":"https:\/\/www.smedemokrati.sk\/wp-content\/uploads\/2023\/04\/ff.002.jpeg","width":640,"height":480,"caption":"Smedemokrati.sk"},"image":{"@id":"https:\/\/www.smedemokrati.sk\/#\/schema\/logo\/image\/"},"sameAs":["https:\/\/www.facebook.com\/smedemokrati2023"]},{"@type":"Person","@id":"https:\/\/www.smedemokrati.sk\/#\/schema\/person\/21f147c88d605aa7ded900e1e7c344ba","name":"miro.sopko","image":{"@type":"ImageObject","inLanguage":"en-US","@id":"https:\/\/secure.gravatar.com\/avatar\/267e4a36f704376c109afe3a78740c1f5dd8675a2180a908699e7863c9247606?s=96&d=mm&r=g","url":"https:\/\/secure.gravatar.com\/avatar\/267e4a36f704376c109afe3a78740c1f5dd8675a2180a908699e7863c9247606?s=96&d=mm&r=g","contentUrl":"https:\/\/secure.gravatar.com\/avatar\/267e4a36f704376c109afe3a78740c1f5dd8675a2180a908699e7863c9247606?s=96&d=mm&r=g","caption":"miro.sopko"},"url":"https:\/\/www.smedemokrati.sk\/en\/author\/miro-sopko\/"}]}},"_links":{"self":[{"href":"https:\/\/www.smedemokrati.sk\/en\/wp-json\/wp\/v2\/posts\/6175","targetHints":{"allow":["GET"]}}],"collection":[{"href":"https:\/\/www.smedemokrati.sk\/en\/wp-json\/wp\/v2\/posts"}],"about":[{"href":"https:\/\/www.smedemokrati.sk\/en\/wp-json\/wp\/v2\/types\/post"}],"author":[{"embeddable":true,"href":"https:\/\/www.smedemokrati.sk\/en\/wp-json\/wp\/v2\/users\/13"}],"replies":[{"embeddable":true,"href":"https:\/\/www.smedemokrati.sk\/en\/wp-json\/wp\/v2\/comments?post=6175"}],"version-history":[{"count":2,"href":"https:\/\/www.smedemokrati.sk\/en\/wp-json\/wp\/v2\/posts\/6175\/revisions"}],"predecessor-version":[{"id":6177,"href":"https:\/\/www.smedemokrati.sk\/en\/wp-json\/wp\/v2\/posts\/6175\/revisions\/6177"}],"wp:featuredmedia":[{"embeddable":true,"href":"https:\/\/www.smedemokrati.sk\/en\/wp-json\/wp\/v2\/media\/4207"}],"wp:attachment":[{"href":"https:\/\/www.smedemokrati.sk\/en\/wp-json\/wp\/v2\/media?parent=6175"}],"wp:term":[{"taxonomy":"category","embeddable":true,"href":"https:\/\/www.smedemokrati.sk\/en\/wp-json\/wp\/v2\/categories?post=6175"},{"taxonomy":"post_tag","embeddable":true,"href":"https:\/\/www.smedemokrati.sk\/en\/wp-json\/wp\/v2\/tags?post=6175"}],"curies":[{"name":"wp","href":"https:\/\/api.w.org\/{rel}","templated":true}]}}