{"id":6149,"date":"2025-01-17T15:55:30","date_gmt":"2025-01-17T14:55:30","guid":{"rendered":"https:\/\/www.smedemokrati.sk\/?p=6149"},"modified":"2025-01-20T21:52:37","modified_gmt":"2025-01-20T20:52:37","slug":"huliakovci-s-hlasom-chcu-zrusit-reformu-narodnych-parkov","status":"publish","type":"post","link":"https:\/\/www.smedemokrati.sk\/en\/huliakovci-s-hlasom-chcu-zrusit-reformu-narodnych-parkov\/","title":{"rendered":"Huliakovci s Hlasom chc\u00fa zru\u0161i\u0165 reformu n\u00e1rodn\u00fdch parkov"},"content":{"rendered":"<div id=\"fb-root\"><\/div>\n\n<p><strong>Rebeluj\u00faci poslanci okolo Rudolfa Huliaka a Romana Malatinca (Hlas-SD) predlo\u017eili na febru\u00e1rov\u00fa sch\u00f4dzu n\u00e1vrh z\u00e1kona, ktor\u00fd by znamenal de\u0161trukciu reformy n\u00e1rodn\u00fdch parkov. Okrem toho by viedlo k pr\u00e1vnemu chaosu, poru\u0161ilo by programov\u00e9 vyhl\u00e1senie vl\u00e1dy a ohrozilo \u010derpanie 3,397 mld. eur z pl\u00e1nu obnovy. Vyz\u00fdvame ministra Tarabu a vl\u00e1dne strany na jednozna\u010dn\u00e9 di\u0161tancovanie sa od poslaneck\u00e9ho n\u00e1vrhu. O jeho \u0161kodliv\u00fdch dopadoch a obsahu budeme podrobne informova\u0165 Eur\u00f3psku komisiu. <\/strong><\/p>\n\n\n\n<p>V novele z\u00e1kona o ochrane pr\u00edrody a krajiny poslanci navrhuj\u00fa, aby do\u0161lo k sp\u00e4tn\u00e9mu prevodu spr\u00e1vy pozemkov v n\u00e1rodn\u00fdch parkoch op\u00e4tovne pod LESY Slovenskej republiky, \u0161. p. a Slovensk\u00fd pozemkov\u00fd fond, a to pre N\u00e1rodn\u00e9 parky Ve\u013eka Fatra, Mur\u00e1nska planina a Slovensk\u00fd kras. Rovnako navrhuj\u00fa, aby ani u\u017e v bud\u00facnosti v pr\u00edpade schv\u00e1lenia zon\u00e1cie v \u010fal\u0161\u00edch n\u00e1rodn\u00fdch parkoch nepre\u0161li pod spr\u00e1vy n\u00e1rodn\u00fdch parkov \u017eiadne \u010fal\u0161ie pozemky. <\/p>\n\n\n\n<p><em>\u201eJednalo by sa o explicitn\u00e9 zni\u010denie reformy n\u00e1rodn\u00fdch parkov. Poprel by sa \u0148ou jej \u0165a\u017eiskov\u00fd princ\u00edp jednotnej spr\u00e1vy \u00fazemia. Obnovila by sa aj \u201cdvojko\u013eajnos\u0165\u201d v spr\u00e1ve pozemkov, ktor\u00e1 historicky prehlbovala konflikty a umo\u017e\u0148ovala drancovanie n\u00e1rodn\u00fdch parkov,\u201d<\/em> vysvet\u013euje Michal Ki\u010da, environment\u00e1lny expert Demokratov. <\/p>\n\n\n\n<p>V spr\u00e1ve \u0161t\u00e1tnych pozemkov v n\u00e1rodn\u00fdch parkoch by v d\u00f4sledku schv\u00e1lenia n\u00e1vrhu nastal hlbok\u00fd pr\u00e1vny chaos, novela, ako je predlo\u017een\u00e1, je nevykonate\u013en\u00e1. Naviac, ner\u00e1ta okrem sp\u00e4tn\u00e9ho prechodu pozemkov s rie\u0161en\u00edm zlo\u017eit\u00fdch pr\u00e1vnych vz\u0165ahov v s\u00favislosti s pracovnopr\u00e1vnymi vz\u0165ahmi, budov, hnute\u013en\u00fdch vec\u00ed a povinnost\u00ed vypl\u00fdvaj\u00facich z desiatok r\u00f4znych pr\u00e1vnych predpisov. Dotknut\u00ed zamestnanci spr\u00e1v n\u00e1rodn\u00fdch parkov a \u0161t\u00e1tnych lesov sa tak dost\u00e1vaj\u00fa do obrovskej neistoty. Naviac, nie je zrejm\u00e9, ktor\u00fdch pozemkov explicitne sa prechod spr\u00e1vy m\u00e1 t\u00fdka\u0165. N\u00e1vrh je pripraven\u00fd neuverite\u013ene amat\u00e9rsky a jeho schv\u00e1lenie by sp\u00f4sobilo aj obrovsk\u00fd pr\u00e1vny a organiza\u010dn\u00fd chaos. <\/p>\n\n\n\n<p><em>\u201eObsah n\u00e1vrhu je v priamom rozpore s programov\u00fdm vyhl\u00e1sen\u00edm vl\u00e1dy, ktor\u00e1 sa zaviazala re\u0161pektova\u0165 schv\u00e1len\u00e9 reformy v pl\u00e1ne obnovy. Vyz\u00fdvam preto ministra Tarabu a predstavite\u013eov vl\u00e1dnych str\u00e1n na jednozna\u010dn\u00e9 di\u0161tancovanie sa od tohto poslaneck\u00e9ho n\u00e1vrhu. V pr\u00edpade schv\u00e1lenia novely sa toti\u017e jedn\u00e1 aj o zvrat v reforme n\u00e1rodn\u00fdch parkov, ktor\u00e1 bola odpo\u010dtovan\u00e1 v r\u00e1mci 3. \u017eiadosti o platbu z pl\u00e1nu obnovy a odolnosti. D\u00f4sledkom by bolo okrem finan\u010dn\u00fdch sankci\u00ed pozastavenie \u010fal\u0161\u00edch \u017eiadost\u00ed o platby a\u017e do obnovenia stavu pred zvratom reformy. Nateraz sa jedn\u00e1 o ohrozenie 3,397 mld. eur zo zvy\u0161n\u00fdch 5 \u017eiadost\u00ed o platbu. Rovnako o\u010dak\u00e1vam, \u017ee v pr\u00edpade schv\u00e1lenia sa enormne zv\u00fd\u0161i riziko mas\u00edvnej prehry v otvoren\u00fdch konaniach na S\u00fadnom dvore Eur\u00f3pskej \u00fanie,\u201d <\/em>upozor\u0148uje Michal Ki\u010da.<\/p>\n\n\n\n<p>O obsahu n\u00e1vrhu a dopadoch jeho schv\u00e1lenia budeme okam\u017eite informova\u0165 Eur\u00f3psku komisiu. <em>\u201eOsobne sa domnievam, \u017ee to je \u010fal\u0161ia s\u00fa\u010das\u0165 tvrd\u00fdch politick\u00fdch hier medzi Huliakom a SNS a vl\u00e1dnou koal\u00edciou, ktor\u00e1 prebieha v t\u00fdchto d\u0148och na pozad\u00ed. \u0160koda, \u017ee na to ako v\u017edy m\u00e1 doplati\u0165 slovensk\u00e1 pr\u00edroda a be\u017en\u00ed \u013eudia v regi\u00f3noch,\u201d<\/em> uzavrel Michal Ki\u010da. <\/p>\n","protected":false},"excerpt":{"rendered":"<p>Rebeluj\u00faci poslanci okolo Rudolfa Huliaka a Romana Malatinca (Hlas-SD) predlo\u017eili na febru\u00e1rov\u00fa sch\u00f4dzu n\u00e1vrh z\u00e1kona, ktor\u00fd by znamenal de\u0161trukciu reformy n\u00e1rodn\u00fdch parkov. Okrem toho by viedlo k pr\u00e1vnemu chaosu, poru\u0161ilo by programov\u00e9 vyhl\u00e1senie vl\u00e1dy a ohrozilo \u010derpanie 3,397 mld. eur z pl\u00e1nu obnovy. Vyz\u00fdvame ministra Tarabu a vl\u00e1dne strany na jednozna\u010dn\u00e9 di\u0161tancovanie sa od poslaneck\u00e9ho [&hellip;]<\/p>\n","protected":false},"author":13,"featured_media":2526,"comment_status":"closed","ping_status":"closed","sticky":false,"template":"","format":"standard","meta":{"_acf_changed":false,"ngg_post_thumbnail":0,"footnotes":""},"categories":[4],"tags":[],"class_list":["post-6149","post","type-post","status-publish","format-standard","has-post-thumbnail","hentry","category-tlacove-spravy"],"acf":[],"yoast_head":"<!-- This site is optimized with the Yoast SEO plugin v27.2 - https:\/\/yoast.com\/product\/yoast-seo-wordpress\/ -->\n<title>Huliakovci s Hlasom chc\u00fa zru\u0161i\u0165 reformu n\u00e1rodn\u00fdch parkov<\/title>\n<meta name=\"robots\" content=\"index, follow, max-snippet:-1, max-image-preview:large, max-video-preview:-1\" \/>\n<link rel=\"canonical\" href=\"https:\/\/www.smedemokrati.sk\/en\/huliakovci-s-hlasom-chcu-zrusit-reformu-narodnych-parkov\/\" \/>\n<meta property=\"og:locale\" content=\"en_US\" \/>\n<meta property=\"og:locale:alternate\" content=\"cs_CZ\" \/>\n<meta property=\"og:locale:alternate\" content=\"hu_HU\" \/>\n<meta property=\"og:locale:alternate\" content=\"sk_SK\" \/>\n<meta property=\"og:locale:alternate\" content=\"sv_SE\" \/>\n<meta property=\"og:type\" content=\"article\" \/>\n<meta property=\"og:title\" content=\"Huliakovci s Hlasom chc\u00fa zru\u0161i\u0165 reformu n\u00e1rodn\u00fdch parkov\" \/>\n<meta property=\"og:description\" content=\"Rebeluj\u00faci poslanci okolo Rudolfa Huliaka a Romana Malatinca (Hlas-SD) predlo\u017eili na febru\u00e1rov\u00fa sch\u00f4dzu n\u00e1vrh z\u00e1kona, ktor\u00fd by znamenal de\u0161trukciu reformy n\u00e1rodn\u00fdch parkov. Okrem toho by viedlo k pr\u00e1vnemu chaosu, poru\u0161ilo by programov\u00e9 vyhl\u00e1senie vl\u00e1dy a ohrozilo \u010derpanie 3,397 mld. eur z pl\u00e1nu obnovy. Vyz\u00fdvame ministra Tarabu a vl\u00e1dne strany na jednozna\u010dn\u00e9 di\u0161tancovanie sa od poslaneck\u00e9ho [&hellip;]\" \/>\n<meta property=\"og:url\" content=\"https:\/\/www.smedemokrati.sk\/en\/huliakovci-s-hlasom-chcu-zrusit-reformu-narodnych-parkov\/\" \/>\n<meta property=\"og:site_name\" content=\"Smedemokrati.sk\" \/>\n<meta property=\"article:publisher\" content=\"https:\/\/www.facebook.com\/smedemokrati2023\" \/>\n<meta property=\"article:published_time\" content=\"2025-01-17T14:55:30+00:00\" \/>\n<meta property=\"article:modified_time\" content=\"2025-01-20T20:52:37+00:00\" \/>\n<meta property=\"og:image\" content=\"https:\/\/www.smedemokrati.sk\/wp-content\/uploads\/2024\/01\/kica-1.jpg\" \/>\n\t<meta property=\"og:image:width\" content=\"1897\" \/>\n\t<meta property=\"og:image:height\" content=\"1057\" \/>\n\t<meta property=\"og:image:type\" content=\"image\/jpeg\" \/>\n<meta name=\"author\" content=\"miro.sopko\" \/>\n<meta name=\"twitter:card\" content=\"summary_large_image\" \/>\n<meta name=\"twitter:label1\" content=\"Written by\" \/>\n\t<meta name=\"twitter:data1\" content=\"miro.sopko\" \/>\n\t<meta name=\"twitter:label2\" content=\"Est. reading time\" \/>\n\t<meta name=\"twitter:data2\" content=\"3 minutes\" \/>\n<script type=\"application\/ld+json\" class=\"yoast-schema-graph\">{\"@context\":\"https:\/\/schema.org\",\"@graph\":[{\"@type\":\"Article\",\"@id\":\"https:\/\/www.smedemokrati.sk\/huliakovci-s-hlasom-chcu-zrusit-reformu-narodnych-parkov\/#article\",\"isPartOf\":{\"@id\":\"https:\/\/www.smedemokrati.sk\/huliakovci-s-hlasom-chcu-zrusit-reformu-narodnych-parkov\/\"},\"author\":{\"name\":\"miro.sopko\",\"@id\":\"https:\/\/www.smedemokrati.sk\/#\/schema\/person\/21f147c88d605aa7ded900e1e7c344ba\"},\"headline\":\"Huliakovci s Hlasom chc\u00fa zru\u0161i\u0165 reformu n\u00e1rodn\u00fdch parkov\",\"datePublished\":\"2025-01-17T14:55:30+00:00\",\"dateModified\":\"2025-01-20T20:52:37+00:00\",\"mainEntityOfPage\":{\"@id\":\"https:\/\/www.smedemokrati.sk\/huliakovci-s-hlasom-chcu-zrusit-reformu-narodnych-parkov\/\"},\"wordCount\":607,\"publisher\":{\"@id\":\"https:\/\/www.smedemokrati.sk\/#organization\"},\"image\":{\"@id\":\"https:\/\/www.smedemokrati.sk\/huliakovci-s-hlasom-chcu-zrusit-reformu-narodnych-parkov\/#primaryimage\"},\"thumbnailUrl\":\"https:\/\/www.smedemokrati.sk\/wp-content\/uploads\/2024\/01\/kica-1.jpg\",\"articleSection\":[\"Tla\u010dov\u00e9 spr\u00e1vy\"],\"inLanguage\":\"en-US\"},{\"@type\":\"WebPage\",\"@id\":\"https:\/\/www.smedemokrati.sk\/huliakovci-s-hlasom-chcu-zrusit-reformu-narodnych-parkov\/\",\"url\":\"https:\/\/www.smedemokrati.sk\/huliakovci-s-hlasom-chcu-zrusit-reformu-narodnych-parkov\/\",\"name\":\"Huliakovci s Hlasom chc\u00fa zru\u0161i\u0165 reformu n\u00e1rodn\u00fdch parkov\",\"isPartOf\":{\"@id\":\"https:\/\/www.smedemokrati.sk\/#website\"},\"primaryImageOfPage\":{\"@id\":\"https:\/\/www.smedemokrati.sk\/huliakovci-s-hlasom-chcu-zrusit-reformu-narodnych-parkov\/#primaryimage\"},\"image\":{\"@id\":\"https:\/\/www.smedemokrati.sk\/huliakovci-s-hlasom-chcu-zrusit-reformu-narodnych-parkov\/#primaryimage\"},\"thumbnailUrl\":\"https:\/\/www.smedemokrati.sk\/wp-content\/uploads\/2024\/01\/kica-1.jpg\",\"datePublished\":\"2025-01-17T14:55:30+00:00\",\"dateModified\":\"2025-01-20T20:52:37+00:00\",\"breadcrumb\":{\"@id\":\"https:\/\/www.smedemokrati.sk\/huliakovci-s-hlasom-chcu-zrusit-reformu-narodnych-parkov\/#breadcrumb\"},\"inLanguage\":\"en-US\",\"potentialAction\":[{\"@type\":\"ReadAction\",\"target\":[\"https:\/\/www.smedemokrati.sk\/huliakovci-s-hlasom-chcu-zrusit-reformu-narodnych-parkov\/\"]}]},{\"@type\":\"ImageObject\",\"inLanguage\":\"en-US\",\"@id\":\"https:\/\/www.smedemokrati.sk\/huliakovci-s-hlasom-chcu-zrusit-reformu-narodnych-parkov\/#primaryimage\",\"url\":\"https:\/\/www.smedemokrati.sk\/wp-content\/uploads\/2024\/01\/kica-1.jpg\",\"contentUrl\":\"https:\/\/www.smedemokrati.sk\/wp-content\/uploads\/2024\/01\/kica-1.jpg\",\"width\":1897,\"height\":1057},{\"@type\":\"BreadcrumbList\",\"@id\":\"https:\/\/www.smedemokrati.sk\/huliakovci-s-hlasom-chcu-zrusit-reformu-narodnych-parkov\/#breadcrumb\",\"itemListElement\":[{\"@type\":\"ListItem\",\"position\":1,\"name\":\"Domovsk\u00e1 str\u00e1nka\",\"item\":\"https:\/\/www.smedemokrati.sk\/\"},{\"@type\":\"ListItem\",\"position\":2,\"name\":\"Huliakovci s Hlasom chc\u00fa zru\u0161i\u0165 reformu n\u00e1rodn\u00fdch parkov\"}]},{\"@type\":\"WebSite\",\"@id\":\"https:\/\/www.smedemokrati.sk\/#website\",\"url\":\"https:\/\/www.smedemokrati.sk\/\",\"name\":\"Smedemokrati.sk\",\"description\":\"Demokracia a slu\u0161nos\u0165 zv\u00ed\u0165az\u00ed\",\"publisher\":{\"@id\":\"https:\/\/www.smedemokrati.sk\/#organization\"},\"potentialAction\":[{\"@type\":\"SearchAction\",\"target\":{\"@type\":\"EntryPoint\",\"urlTemplate\":\"https:\/\/www.smedemokrati.sk\/?s={search_term_string}\"},\"query-input\":{\"@type\":\"PropertyValueSpecification\",\"valueRequired\":true,\"valueName\":\"search_term_string\"}}],\"inLanguage\":\"en-US\"},{\"@type\":\"Organization\",\"@id\":\"https:\/\/www.smedemokrati.sk\/#organization\",\"name\":\"Smedemokrati.sk\",\"url\":\"https:\/\/www.smedemokrati.sk\/\",\"logo\":{\"@type\":\"ImageObject\",\"inLanguage\":\"en-US\",\"@id\":\"https:\/\/www.smedemokrati.sk\/#\/schema\/logo\/image\/\",\"url\":\"https:\/\/www.smedemokrati.sk\/wp-content\/uploads\/2023\/04\/ff.002.jpeg\",\"contentUrl\":\"https:\/\/www.smedemokrati.sk\/wp-content\/uploads\/2023\/04\/ff.002.jpeg\",\"width\":640,\"height\":480,\"caption\":\"Smedemokrati.sk\"},\"image\":{\"@id\":\"https:\/\/www.smedemokrati.sk\/#\/schema\/logo\/image\/\"},\"sameAs\":[\"https:\/\/www.facebook.com\/smedemokrati2023\"]},{\"@type\":\"Person\",\"@id\":\"https:\/\/www.smedemokrati.sk\/#\/schema\/person\/21f147c88d605aa7ded900e1e7c344ba\",\"name\":\"miro.sopko\",\"image\":{\"@type\":\"ImageObject\",\"inLanguage\":\"en-US\",\"@id\":\"https:\/\/secure.gravatar.com\/avatar\/267e4a36f704376c109afe3a78740c1f5dd8675a2180a908699e7863c9247606?s=96&d=mm&r=g\",\"url\":\"https:\/\/secure.gravatar.com\/avatar\/267e4a36f704376c109afe3a78740c1f5dd8675a2180a908699e7863c9247606?s=96&d=mm&r=g\",\"contentUrl\":\"https:\/\/secure.gravatar.com\/avatar\/267e4a36f704376c109afe3a78740c1f5dd8675a2180a908699e7863c9247606?s=96&d=mm&r=g\",\"caption\":\"miro.sopko\"},\"url\":\"https:\/\/www.smedemokrati.sk\/en\/author\/miro-sopko\/\"}]}<\/script>\n<!-- \/ Yoast SEO plugin. -->","yoast_head_json":{"title":"Huliakovci s Hlasom chc\u00fa zru\u0161i\u0165 reformu n\u00e1rodn\u00fdch parkov","robots":{"index":"index","follow":"follow","max-snippet":"max-snippet:-1","max-image-preview":"max-image-preview:large","max-video-preview":"max-video-preview:-1"},"canonical":"https:\/\/www.smedemokrati.sk\/en\/huliakovci-s-hlasom-chcu-zrusit-reformu-narodnych-parkov\/","og_locale":"en_US","og_type":"article","og_title":"[:sk]Huliakovci s Hlasom chc\u00fa zru\u0161i\u0165 reformu n\u00e1rodn\u00fdch parkov[:] - Smedemokrati.sk","og_description":"Rebeluj\u00faci poslanci okolo Rudolfa Huliaka a Romana Malatinca (Hlas-SD) predlo\u017eili na febru\u00e1rov\u00fa sch\u00f4dzu n\u00e1vrh z\u00e1kona, ktor\u00fd by znamenal de\u0161trukciu reformy n\u00e1rodn\u00fdch parkov. Okrem toho by viedlo k pr\u00e1vnemu chaosu, poru\u0161ilo by programov\u00e9 vyhl\u00e1senie vl\u00e1dy a ohrozilo \u010derpanie 3,397 mld. eur z pl\u00e1nu obnovy. Vyz\u00fdvame ministra Tarabu a vl\u00e1dne strany na jednozna\u010dn\u00e9 di\u0161tancovanie sa od poslaneck\u00e9ho [&hellip;]","og_url":"https:\/\/www.smedemokrati.sk\/en\/huliakovci-s-hlasom-chcu-zrusit-reformu-narodnych-parkov\/","og_site_name":"Smedemokrati.sk","article_publisher":"https:\/\/www.facebook.com\/smedemokrati2023","article_published_time":"2025-01-17T14:55:30+00:00","article_modified_time":"2025-01-20T20:52:37+00:00","og_image":[{"width":1897,"height":1057,"url":"https:\/\/www.smedemokrati.sk\/wp-content\/uploads\/2024\/01\/kica-1.jpg","type":"image\/jpeg"}],"author":"miro.sopko","twitter_card":"summary_large_image","twitter_misc":{"Written by":"miro.sopko","Est. reading time":"3 minutes"},"schema":{"@context":"https:\/\/schema.org","@graph":[{"@type":"Article","@id":"https:\/\/www.smedemokrati.sk\/huliakovci-s-hlasom-chcu-zrusit-reformu-narodnych-parkov\/#article","isPartOf":{"@id":"https:\/\/www.smedemokrati.sk\/huliakovci-s-hlasom-chcu-zrusit-reformu-narodnych-parkov\/"},"author":{"name":"miro.sopko","@id":"https:\/\/www.smedemokrati.sk\/#\/schema\/person\/21f147c88d605aa7ded900e1e7c344ba"},"headline":"Huliakovci s Hlasom chc\u00fa zru\u0161i\u0165 reformu n\u00e1rodn\u00fdch parkov","datePublished":"2025-01-17T14:55:30+00:00","dateModified":"2025-01-20T20:52:37+00:00","mainEntityOfPage":{"@id":"https:\/\/www.smedemokrati.sk\/huliakovci-s-hlasom-chcu-zrusit-reformu-narodnych-parkov\/"},"wordCount":607,"publisher":{"@id":"https:\/\/www.smedemokrati.sk\/#organization"},"image":{"@id":"https:\/\/www.smedemokrati.sk\/huliakovci-s-hlasom-chcu-zrusit-reformu-narodnych-parkov\/#primaryimage"},"thumbnailUrl":"https:\/\/www.smedemokrati.sk\/wp-content\/uploads\/2024\/01\/kica-1.jpg","articleSection":["Tla\u010dov\u00e9 spr\u00e1vy"],"inLanguage":"en-US"},{"@type":"WebPage","@id":"https:\/\/www.smedemokrati.sk\/huliakovci-s-hlasom-chcu-zrusit-reformu-narodnych-parkov\/","url":"https:\/\/www.smedemokrati.sk\/huliakovci-s-hlasom-chcu-zrusit-reformu-narodnych-parkov\/","name":"Huliakovci s Hlasom chc\u00fa zru\u0161i\u0165 reformu n\u00e1rodn\u00fdch parkov","isPartOf":{"@id":"https:\/\/www.smedemokrati.sk\/#website"},"primaryImageOfPage":{"@id":"https:\/\/www.smedemokrati.sk\/huliakovci-s-hlasom-chcu-zrusit-reformu-narodnych-parkov\/#primaryimage"},"image":{"@id":"https:\/\/www.smedemokrati.sk\/huliakovci-s-hlasom-chcu-zrusit-reformu-narodnych-parkov\/#primaryimage"},"thumbnailUrl":"https:\/\/www.smedemokrati.sk\/wp-content\/uploads\/2024\/01\/kica-1.jpg","datePublished":"2025-01-17T14:55:30+00:00","dateModified":"2025-01-20T20:52:37+00:00","breadcrumb":{"@id":"https:\/\/www.smedemokrati.sk\/huliakovci-s-hlasom-chcu-zrusit-reformu-narodnych-parkov\/#breadcrumb"},"inLanguage":"en-US","potentialAction":[{"@type":"ReadAction","target":["https:\/\/www.smedemokrati.sk\/huliakovci-s-hlasom-chcu-zrusit-reformu-narodnych-parkov\/"]}]},{"@type":"ImageObject","inLanguage":"en-US","@id":"https:\/\/www.smedemokrati.sk\/huliakovci-s-hlasom-chcu-zrusit-reformu-narodnych-parkov\/#primaryimage","url":"https:\/\/www.smedemokrati.sk\/wp-content\/uploads\/2024\/01\/kica-1.jpg","contentUrl":"https:\/\/www.smedemokrati.sk\/wp-content\/uploads\/2024\/01\/kica-1.jpg","width":1897,"height":1057},{"@type":"BreadcrumbList","@id":"https:\/\/www.smedemokrati.sk\/huliakovci-s-hlasom-chcu-zrusit-reformu-narodnych-parkov\/#breadcrumb","itemListElement":[{"@type":"ListItem","position":1,"name":"Domovsk\u00e1 str\u00e1nka","item":"https:\/\/www.smedemokrati.sk\/"},{"@type":"ListItem","position":2,"name":"Huliakovci s Hlasom chc\u00fa zru\u0161i\u0165 reformu n\u00e1rodn\u00fdch parkov"}]},{"@type":"WebSite","@id":"https:\/\/www.smedemokrati.sk\/#website","url":"https:\/\/www.smedemokrati.sk\/","name":"Smedemokrati.sk","description":"Demokracia a slu\u0161nos\u0165 zv\u00ed\u0165az\u00ed","publisher":{"@id":"https:\/\/www.smedemokrati.sk\/#organization"},"potentialAction":[{"@type":"SearchAction","target":{"@type":"EntryPoint","urlTemplate":"https:\/\/www.smedemokrati.sk\/?s={search_term_string}"},"query-input":{"@type":"PropertyValueSpecification","valueRequired":true,"valueName":"search_term_string"}}],"inLanguage":"en-US"},{"@type":"Organization","@id":"https:\/\/www.smedemokrati.sk\/#organization","name":"Smedemokrati.sk","url":"https:\/\/www.smedemokrati.sk\/","logo":{"@type":"ImageObject","inLanguage":"en-US","@id":"https:\/\/www.smedemokrati.sk\/#\/schema\/logo\/image\/","url":"https:\/\/www.smedemokrati.sk\/wp-content\/uploads\/2023\/04\/ff.002.jpeg","contentUrl":"https:\/\/www.smedemokrati.sk\/wp-content\/uploads\/2023\/04\/ff.002.jpeg","width":640,"height":480,"caption":"Smedemokrati.sk"},"image":{"@id":"https:\/\/www.smedemokrati.sk\/#\/schema\/logo\/image\/"},"sameAs":["https:\/\/www.facebook.com\/smedemokrati2023"]},{"@type":"Person","@id":"https:\/\/www.smedemokrati.sk\/#\/schema\/person\/21f147c88d605aa7ded900e1e7c344ba","name":"miro.sopko","image":{"@type":"ImageObject","inLanguage":"en-US","@id":"https:\/\/secure.gravatar.com\/avatar\/267e4a36f704376c109afe3a78740c1f5dd8675a2180a908699e7863c9247606?s=96&d=mm&r=g","url":"https:\/\/secure.gravatar.com\/avatar\/267e4a36f704376c109afe3a78740c1f5dd8675a2180a908699e7863c9247606?s=96&d=mm&r=g","contentUrl":"https:\/\/secure.gravatar.com\/avatar\/267e4a36f704376c109afe3a78740c1f5dd8675a2180a908699e7863c9247606?s=96&d=mm&r=g","caption":"miro.sopko"},"url":"https:\/\/www.smedemokrati.sk\/en\/author\/miro-sopko\/"}]}},"_links":{"self":[{"href":"https:\/\/www.smedemokrati.sk\/en\/wp-json\/wp\/v2\/posts\/6149","targetHints":{"allow":["GET"]}}],"collection":[{"href":"https:\/\/www.smedemokrati.sk\/en\/wp-json\/wp\/v2\/posts"}],"about":[{"href":"https:\/\/www.smedemokrati.sk\/en\/wp-json\/wp\/v2\/types\/post"}],"author":[{"embeddable":true,"href":"https:\/\/www.smedemokrati.sk\/en\/wp-json\/wp\/v2\/users\/13"}],"replies":[{"embeddable":true,"href":"https:\/\/www.smedemokrati.sk\/en\/wp-json\/wp\/v2\/comments?post=6149"}],"version-history":[{"count":1,"href":"https:\/\/www.smedemokrati.sk\/en\/wp-json\/wp\/v2\/posts\/6149\/revisions"}],"predecessor-version":[{"id":6150,"href":"https:\/\/www.smedemokrati.sk\/en\/wp-json\/wp\/v2\/posts\/6149\/revisions\/6150"}],"wp:featuredmedia":[{"embeddable":true,"href":"https:\/\/www.smedemokrati.sk\/en\/wp-json\/wp\/v2\/media\/2526"}],"wp:attachment":[{"href":"https:\/\/www.smedemokrati.sk\/en\/wp-json\/wp\/v2\/media?parent=6149"}],"wp:term":[{"taxonomy":"category","embeddable":true,"href":"https:\/\/www.smedemokrati.sk\/en\/wp-json\/wp\/v2\/categories?post=6149"},{"taxonomy":"post_tag","embeddable":true,"href":"https:\/\/www.smedemokrati.sk\/en\/wp-json\/wp\/v2\/tags?post=6149"}],"curies":[{"name":"wp","href":"https:\/\/api.w.org\/{rel}","templated":true}]}}