{"id":6127,"date":"2025-01-15T13:13:17","date_gmt":"2025-01-15T12:13:17","guid":{"rendered":"https:\/\/www.smedemokrati.sk\/?p=6127"},"modified":"2025-01-17T10:20:54","modified_gmt":"2025-01-17T09:20:54","slug":"predlozili-sme-navrh-zakona-na-obnovu-zakazu-dovozu-radioaktivneho-odpadu-na-slovensko","status":"publish","type":"post","link":"https:\/\/www.smedemokrati.sk\/en\/predlozili-sme-navrh-zakona-na-obnovu-zakazu-dovozu-radioaktivneho-odpadu-na-slovensko\/","title":{"rendered":"Predlo\u017eili sme n\u00e1vrh z\u00e1kona na obnovu z\u00e1kazu dovozu r\u00e1dioakt\u00edvneho odpadu na Slovensko"},"content":{"rendered":"<div id=\"fb-root\"><\/div>\n\n<p><strong>U\u017e 15 dn\u00ed sa m\u00f4\u017ee na Slovensko dov\u00e1\u017ea\u0165 cudz\u00ed r\u00e1dioakt\u00edvny odpad za \u00fa\u010delom jeho spa\u013eovania. Udialo sa tak v\u010faka \u0161kandal\u00f3znemu rozhodnutiu parlamentu z novembra minul\u00e9ho roku, ktor\u00e9 s pln\u00fdm vedom\u00edm odobril prezident Pellegrini. Poslanec NR SR \u013dubom\u00edr Galko v spolupr\u00e1ci s Demokratmi dnes predlo\u017eil n\u00e1vrh z\u00e1kona, ktor\u00fdm sa z\u00e1kaz dovozu r\u00e1dioakt\u00edvneho odpadu m\u00e1 obnovi\u0165.<\/strong><\/p>\n\n\n\n<p>Nem\u00f4\u017eeme sa zmieri\u0165 s hanebn\u00fdm rozhodnut\u00edm vl\u00e1dnej koal\u00edcie. \u201e<em>Urobili tak toti\u017e nen\u00e1padne, pozme\u0148uj\u00facim n\u00e1vrhom HLAS-u od poslanca Bec\u00edka cez pr\u00edlepok do z\u00e1kona o kritickej infra\u0161trukt\u00fare, \u010do je flagrantn\u00e9 poru\u0161enie legislat\u00edvneho procesu. HLAS cez ministerku Sakov\u00fa kontroluje aj spolo\u010dnos\u0165, ktor\u00e1 zo zru\u0161enia z\u00e1kazu bude benefitova\u0165. V parlamente pri rokovan\u00ed ani raz nepadlo slovo \u201cr\u00e1dioakt\u00edvny\u201d, schv\u00e1lilo sa to bez akejko\u013evek diskusie o obsahu. Takto vznik\u00e1 iba lobistick\u00e1 legislat\u00edva, \u010do je neprijate\u013en\u00e9,<\/em>\u201d vyhl\u00e1sil Michal Ki\u010da, environment\u00e1lny expert strany. V\u0161etko prikryl svojim podpisom aj prezident Pellegrini, ktor\u00fd ignoroval poru\u0161enie legislat\u00edvnych pravidiel, v\u00fdzvy mimovl\u00e1dnych organiz\u00e1ci\u00ed ako aj peti\u010dn\u00e9ho v\u00fdboru obyvate\u013eov z okolia Jaslovsk\u00fdch Bohun\u00edc, kde sa m\u00e1 odpad spa\u013eova\u0165.\u00a0<\/p>\n\n\n\n<p>N\u00e1vrh z\u00e1kona zav\u00e1dza v\u00fdslovn\u00fd z\u00e1kaz dovozu r\u00e1dioakt\u00edvneho odpadu ako z\u00e1kladn\u00fd princ\u00edp v z\u00e1kone o \u017eivotnom prostred\u00ed. V z\u00e1kone o radia\u010dnej ochrane \u010falej navrhujeme, aby sa odpad dovezen\u00fd po 1. janu\u00e1ri vr\u00e1til bezodkladne do krajiny p\u00f4vodu bez jeho spa\u013eovania na Slovensku. \u201e<em>Sna\u017e\u00edme sa tak zvr\u00e1ti\u0165 \u0161kodliv\u00e9 d\u00f4sledky \u0161kandal\u00f3zneho postupu vl\u00e1dnej koal\u00edcie. Pod\u013ea na\u0161ich inform\u00e1ci\u00ed m\u00f4\u017ee by\u0165 v hre dovoz a spa\u013eovanie stoviek ak nie tis\u00edcov ton r\u00e1dioakt\u00edvneho odpadu, napr\u00edklad z \u010ciech, Talianska, Nemecka alebo Chorv\u00e1tska. Podrobnosti s\u00fa ale opraden\u00e9 r\u00fa\u0161kom tajomstva, \u010do je neakceptovate\u013en\u00e9.<\/em> <em>Z\u00e1konom by sa zabezpe\u010dil jeho n\u00e1vrat do krajiny p\u00f4vodu.\u00a0Predlo\u017een\u00edm z\u00e1kona chceme dosiahnu\u0165 aj pln\u00fa parlamentn\u00fa debatu o takomto z\u00e1va\u017enom opatren\u00ed zasahuj\u00facom kvalitu \u017eivota obyvate\u013eov Slovenska. Mnoh\u00ed koali\u010dn\u00ed poslanci sa toti\u017e vyjadrili, \u017ee netu\u0161ili, o \u010dom hlasuj\u00fa,\u201d<\/em>\u00a0dop\u013a\u0148a Michal Ki\u010da.\u00a0<\/p>\n\n\n\n<p>\u201e<em>Nechceme \u017ei\u0165 v Ceausescovom Rumunsku, ktor\u00e9 sa presl\u00e1vilo ako odpadov\u00e1 diera Eur\u00f3py. Dovoz r\u00e1dioakt\u00edvneho odpadu je ekonomick\u00fd nezmysel, ktor\u00fd sl\u00fa\u017ei len \u00fazkym lobistick\u00fdm z\u00e1ujmom a zvy\u0161uje mnoh\u00e9 rizik\u00e1 pre obyvate\u013eov Slovenska. Demokrati bud\u00fa tento n\u00e1vrh z\u00e1kona vytrvale predklada\u0165 a v bud\u00facnosti sa plne zasad\u00edme za obnovenie dovozu r\u00e1dioakt\u00edvneho odpadu na Slovensko,<\/em>\u201d uzavrel Jaroslav Na\u010f, predseda strany.\u00a0<\/p>\n\n\n<div class=\"fb-video\" data-href=\"https:\/\/fb.watch\/x7lMPSG9dw\" data-allowfullscreen=\"true\" data-autoplay=\"false\" data-width=\"\" data-show-text=\"false\" data-show-captions=\"true\"><\/div>\n","protected":false},"excerpt":{"rendered":"<p>U\u017e 15 dn\u00ed sa m\u00f4\u017ee na Slovensko dov\u00e1\u017ea\u0165 cudz\u00ed r\u00e1dioakt\u00edvny odpad za \u00fa\u010delom jeho spa\u013eovania. Udialo sa tak v\u010faka \u0161kandal\u00f3znemu rozhodnutiu parlamentu z novembra minul\u00e9ho roku, ktor\u00e9 s pln\u00fdm vedom\u00edm odobril prezident Pellegrini. Poslanec NR SR \u013dubom\u00edr Galko v spolupr\u00e1ci s Demokratmi dnes predlo\u017eil n\u00e1vrh z\u00e1kona, ktor\u00fdm sa z\u00e1kaz dovozu r\u00e1dioakt\u00edvneho odpadu m\u00e1 obnovi\u0165. Nem\u00f4\u017eeme [&hellip;]<\/p>\n","protected":false},"author":13,"featured_media":6128,"comment_status":"closed","ping_status":"closed","sticky":false,"template":"","format":"standard","meta":{"_acf_changed":false,"ngg_post_thumbnail":0,"footnotes":""},"categories":[4],"tags":[],"class_list":["post-6127","post","type-post","status-publish","format-standard","has-post-thumbnail","hentry","category-tlacove-spravy"],"acf":[],"yoast_head":"<!-- This site is optimized with the Yoast SEO plugin v27.2 - https:\/\/yoast.com\/product\/yoast-seo-wordpress\/ -->\n<title>Predlo\u017eili sme n\u00e1vrh z\u00e1kona na obnovu z\u00e1kazu dovozu r\u00e1dioakt\u00edvneho odpadu na Slovensko<\/title>\n<meta name=\"robots\" content=\"index, follow, max-snippet:-1, max-image-preview:large, max-video-preview:-1\" \/>\n<link rel=\"canonical\" href=\"https:\/\/www.smedemokrati.sk\/en\/predlozili-sme-navrh-zakona-na-obnovu-zakazu-dovozu-radioaktivneho-odpadu-na-slovensko\/\" \/>\n<meta property=\"og:locale\" content=\"en_US\" \/>\n<meta property=\"og:locale:alternate\" content=\"cs_CZ\" \/>\n<meta property=\"og:locale:alternate\" content=\"hu_HU\" \/>\n<meta property=\"og:locale:alternate\" content=\"sk_SK\" \/>\n<meta property=\"og:locale:alternate\" content=\"sv_SE\" \/>\n<meta property=\"og:type\" content=\"article\" \/>\n<meta property=\"og:title\" content=\"Predlo\u017eili sme n\u00e1vrh z\u00e1kona na obnovu z\u00e1kazu dovozu r\u00e1dioakt\u00edvneho odpadu na Slovensko\" \/>\n<meta property=\"og:description\" content=\"U\u017e 15 dn\u00ed sa m\u00f4\u017ee na Slovensko dov\u00e1\u017ea\u0165 cudz\u00ed r\u00e1dioakt\u00edvny odpad za \u00fa\u010delom jeho spa\u013eovania. Udialo sa tak v\u010faka \u0161kandal\u00f3znemu rozhodnutiu parlamentu z novembra minul\u00e9ho roku, ktor\u00e9 s pln\u00fdm vedom\u00edm odobril prezident Pellegrini. Poslanec NR SR \u013dubom\u00edr Galko v spolupr\u00e1ci s Demokratmi dnes predlo\u017eil n\u00e1vrh z\u00e1kona, ktor\u00fdm sa z\u00e1kaz dovozu r\u00e1dioakt\u00edvneho odpadu m\u00e1 obnovi\u0165. Nem\u00f4\u017eeme [&hellip;]\" \/>\n<meta property=\"og:url\" content=\"https:\/\/www.smedemokrati.sk\/en\/predlozili-sme-navrh-zakona-na-obnovu-zakazu-dovozu-radioaktivneho-odpadu-na-slovensko\/\" \/>\n<meta property=\"og:site_name\" content=\"Smedemokrati.sk\" \/>\n<meta property=\"article:publisher\" content=\"https:\/\/www.facebook.com\/smedemokrati2023\" \/>\n<meta property=\"article:published_time\" content=\"2025-01-15T12:13:17+00:00\" \/>\n<meta property=\"article:modified_time\" content=\"2025-01-17T09:20:54+00:00\" \/>\n<meta property=\"og:image\" content=\"https:\/\/www.smedemokrati.sk\/wp-content\/uploads\/2025\/01\/zakon_radioaktivny_odpad.jpg\" \/>\n\t<meta property=\"og:image:width\" content=\"767\" \/>\n\t<meta property=\"og:image:height\" content=\"410\" \/>\n\t<meta property=\"og:image:type\" content=\"image\/jpeg\" \/>\n<meta name=\"author\" content=\"miro.sopko\" \/>\n<meta name=\"twitter:card\" content=\"summary_large_image\" \/>\n<meta name=\"twitter:label1\" content=\"Written by\" \/>\n\t<meta name=\"twitter:data1\" content=\"miro.sopko\" \/>\n\t<meta name=\"twitter:label2\" content=\"Est. reading time\" \/>\n\t<meta name=\"twitter:data2\" content=\"2 minutes\" \/>\n<script type=\"application\/ld+json\" class=\"yoast-schema-graph\">{\"@context\":\"https:\/\/schema.org\",\"@graph\":[{\"@type\":\"Article\",\"@id\":\"https:\/\/www.smedemokrati.sk\/predlozili-sme-navrh-zakona-na-obnovu-zakazu-dovozu-radioaktivneho-odpadu-na-slovensko\/#article\",\"isPartOf\":{\"@id\":\"https:\/\/www.smedemokrati.sk\/predlozili-sme-navrh-zakona-na-obnovu-zakazu-dovozu-radioaktivneho-odpadu-na-slovensko\/\"},\"author\":{\"name\":\"miro.sopko\",\"@id\":\"https:\/\/www.smedemokrati.sk\/#\/schema\/person\/21f147c88d605aa7ded900e1e7c344ba\"},\"headline\":\"Predlo\u017eili sme n\u00e1vrh z\u00e1kona na obnovu z\u00e1kazu dovozu r\u00e1dioakt\u00edvneho odpadu na Slovensko\",\"datePublished\":\"2025-01-15T12:13:17+00:00\",\"dateModified\":\"2025-01-17T09:20:54+00:00\",\"mainEntityOfPage\":{\"@id\":\"https:\/\/www.smedemokrati.sk\/predlozili-sme-navrh-zakona-na-obnovu-zakazu-dovozu-radioaktivneho-odpadu-na-slovensko\/\"},\"wordCount\":489,\"publisher\":{\"@id\":\"https:\/\/www.smedemokrati.sk\/#organization\"},\"image\":{\"@id\":\"https:\/\/www.smedemokrati.sk\/predlozili-sme-navrh-zakona-na-obnovu-zakazu-dovozu-radioaktivneho-odpadu-na-slovensko\/#primaryimage\"},\"thumbnailUrl\":\"https:\/\/www.smedemokrati.sk\/wp-content\/uploads\/2025\/01\/zakon_radioaktivny_odpad.jpg\",\"articleSection\":[\"Tla\u010dov\u00e9 spr\u00e1vy\"],\"inLanguage\":\"en-US\"},{\"@type\":\"WebPage\",\"@id\":\"https:\/\/www.smedemokrati.sk\/predlozili-sme-navrh-zakona-na-obnovu-zakazu-dovozu-radioaktivneho-odpadu-na-slovensko\/\",\"url\":\"https:\/\/www.smedemokrati.sk\/predlozili-sme-navrh-zakona-na-obnovu-zakazu-dovozu-radioaktivneho-odpadu-na-slovensko\/\",\"name\":\"Predlo\u017eili sme n\u00e1vrh z\u00e1kona na obnovu z\u00e1kazu dovozu r\u00e1dioakt\u00edvneho odpadu na Slovensko\",\"isPartOf\":{\"@id\":\"https:\/\/www.smedemokrati.sk\/#website\"},\"primaryImageOfPage\":{\"@id\":\"https:\/\/www.smedemokrati.sk\/predlozili-sme-navrh-zakona-na-obnovu-zakazu-dovozu-radioaktivneho-odpadu-na-slovensko\/#primaryimage\"},\"image\":{\"@id\":\"https:\/\/www.smedemokrati.sk\/predlozili-sme-navrh-zakona-na-obnovu-zakazu-dovozu-radioaktivneho-odpadu-na-slovensko\/#primaryimage\"},\"thumbnailUrl\":\"https:\/\/www.smedemokrati.sk\/wp-content\/uploads\/2025\/01\/zakon_radioaktivny_odpad.jpg\",\"datePublished\":\"2025-01-15T12:13:17+00:00\",\"dateModified\":\"2025-01-17T09:20:54+00:00\",\"breadcrumb\":{\"@id\":\"https:\/\/www.smedemokrati.sk\/predlozili-sme-navrh-zakona-na-obnovu-zakazu-dovozu-radioaktivneho-odpadu-na-slovensko\/#breadcrumb\"},\"inLanguage\":\"en-US\",\"potentialAction\":[{\"@type\":\"ReadAction\",\"target\":[\"https:\/\/www.smedemokrati.sk\/predlozili-sme-navrh-zakona-na-obnovu-zakazu-dovozu-radioaktivneho-odpadu-na-slovensko\/\"]}]},{\"@type\":\"ImageObject\",\"inLanguage\":\"en-US\",\"@id\":\"https:\/\/www.smedemokrati.sk\/predlozili-sme-navrh-zakona-na-obnovu-zakazu-dovozu-radioaktivneho-odpadu-na-slovensko\/#primaryimage\",\"url\":\"https:\/\/www.smedemokrati.sk\/wp-content\/uploads\/2025\/01\/zakon_radioaktivny_odpad.jpg\",\"contentUrl\":\"https:\/\/www.smedemokrati.sk\/wp-content\/uploads\/2025\/01\/zakon_radioaktivny_odpad.jpg\",\"width\":767,\"height\":410},{\"@type\":\"BreadcrumbList\",\"@id\":\"https:\/\/www.smedemokrati.sk\/predlozili-sme-navrh-zakona-na-obnovu-zakazu-dovozu-radioaktivneho-odpadu-na-slovensko\/#breadcrumb\",\"itemListElement\":[{\"@type\":\"ListItem\",\"position\":1,\"name\":\"Domovsk\u00e1 str\u00e1nka\",\"item\":\"https:\/\/www.smedemokrati.sk\/\"},{\"@type\":\"ListItem\",\"position\":2,\"name\":\"Predlo\u017eili sme n\u00e1vrh z\u00e1kona na obnovu z\u00e1kazu dovozu r\u00e1dioakt\u00edvneho odpadu na Slovensko\"}]},{\"@type\":\"WebSite\",\"@id\":\"https:\/\/www.smedemokrati.sk\/#website\",\"url\":\"https:\/\/www.smedemokrati.sk\/\",\"name\":\"Smedemokrati.sk\",\"description\":\"Demokracia a slu\u0161nos\u0165 zv\u00ed\u0165az\u00ed\",\"publisher\":{\"@id\":\"https:\/\/www.smedemokrati.sk\/#organization\"},\"potentialAction\":[{\"@type\":\"SearchAction\",\"target\":{\"@type\":\"EntryPoint\",\"urlTemplate\":\"https:\/\/www.smedemokrati.sk\/?s={search_term_string}\"},\"query-input\":{\"@type\":\"PropertyValueSpecification\",\"valueRequired\":true,\"valueName\":\"search_term_string\"}}],\"inLanguage\":\"en-US\"},{\"@type\":\"Organization\",\"@id\":\"https:\/\/www.smedemokrati.sk\/#organization\",\"name\":\"Smedemokrati.sk\",\"url\":\"https:\/\/www.smedemokrati.sk\/\",\"logo\":{\"@type\":\"ImageObject\",\"inLanguage\":\"en-US\",\"@id\":\"https:\/\/www.smedemokrati.sk\/#\/schema\/logo\/image\/\",\"url\":\"https:\/\/www.smedemokrati.sk\/wp-content\/uploads\/2023\/04\/ff.002.jpeg\",\"contentUrl\":\"https:\/\/www.smedemokrati.sk\/wp-content\/uploads\/2023\/04\/ff.002.jpeg\",\"width\":640,\"height\":480,\"caption\":\"Smedemokrati.sk\"},\"image\":{\"@id\":\"https:\/\/www.smedemokrati.sk\/#\/schema\/logo\/image\/\"},\"sameAs\":[\"https:\/\/www.facebook.com\/smedemokrati2023\"]},{\"@type\":\"Person\",\"@id\":\"https:\/\/www.smedemokrati.sk\/#\/schema\/person\/21f147c88d605aa7ded900e1e7c344ba\",\"name\":\"miro.sopko\",\"image\":{\"@type\":\"ImageObject\",\"inLanguage\":\"en-US\",\"@id\":\"https:\/\/secure.gravatar.com\/avatar\/267e4a36f704376c109afe3a78740c1f5dd8675a2180a908699e7863c9247606?s=96&d=mm&r=g\",\"url\":\"https:\/\/secure.gravatar.com\/avatar\/267e4a36f704376c109afe3a78740c1f5dd8675a2180a908699e7863c9247606?s=96&d=mm&r=g\",\"contentUrl\":\"https:\/\/secure.gravatar.com\/avatar\/267e4a36f704376c109afe3a78740c1f5dd8675a2180a908699e7863c9247606?s=96&d=mm&r=g\",\"caption\":\"miro.sopko\"},\"url\":\"https:\/\/www.smedemokrati.sk\/en\/author\/miro-sopko\/\"}]}<\/script>\n<!-- \/ Yoast SEO plugin. -->","yoast_head_json":{"title":"Predlo\u017eili sme n\u00e1vrh z\u00e1kona na obnovu z\u00e1kazu dovozu r\u00e1dioakt\u00edvneho odpadu na Slovensko","robots":{"index":"index","follow":"follow","max-snippet":"max-snippet:-1","max-image-preview":"max-image-preview:large","max-video-preview":"max-video-preview:-1"},"canonical":"https:\/\/www.smedemokrati.sk\/en\/predlozili-sme-navrh-zakona-na-obnovu-zakazu-dovozu-radioaktivneho-odpadu-na-slovensko\/","og_locale":"en_US","og_type":"article","og_title":"[:sk]Predlo\u017eili sme n\u00e1vrh z\u00e1kona na obnovu z\u00e1kazu dovozu r\u00e1dioakt\u00edvneho odpadu na Slovensko[:] - Smedemokrati.sk","og_description":"U\u017e 15 dn\u00ed sa m\u00f4\u017ee na Slovensko dov\u00e1\u017ea\u0165 cudz\u00ed r\u00e1dioakt\u00edvny odpad za \u00fa\u010delom jeho spa\u013eovania. Udialo sa tak v\u010faka \u0161kandal\u00f3znemu rozhodnutiu parlamentu z novembra minul\u00e9ho roku, ktor\u00e9 s pln\u00fdm vedom\u00edm odobril prezident Pellegrini. Poslanec NR SR \u013dubom\u00edr Galko v spolupr\u00e1ci s Demokratmi dnes predlo\u017eil n\u00e1vrh z\u00e1kona, ktor\u00fdm sa z\u00e1kaz dovozu r\u00e1dioakt\u00edvneho odpadu m\u00e1 obnovi\u0165. Nem\u00f4\u017eeme [&hellip;]","og_url":"https:\/\/www.smedemokrati.sk\/en\/predlozili-sme-navrh-zakona-na-obnovu-zakazu-dovozu-radioaktivneho-odpadu-na-slovensko\/","og_site_name":"Smedemokrati.sk","article_publisher":"https:\/\/www.facebook.com\/smedemokrati2023","article_published_time":"2025-01-15T12:13:17+00:00","article_modified_time":"2025-01-17T09:20:54+00:00","og_image":[{"width":767,"height":410,"url":"https:\/\/www.smedemokrati.sk\/wp-content\/uploads\/2025\/01\/zakon_radioaktivny_odpad.jpg","type":"image\/jpeg"}],"author":"miro.sopko","twitter_card":"summary_large_image","twitter_misc":{"Written by":"miro.sopko","Est. reading time":"2 minutes"},"schema":{"@context":"https:\/\/schema.org","@graph":[{"@type":"Article","@id":"https:\/\/www.smedemokrati.sk\/predlozili-sme-navrh-zakona-na-obnovu-zakazu-dovozu-radioaktivneho-odpadu-na-slovensko\/#article","isPartOf":{"@id":"https:\/\/www.smedemokrati.sk\/predlozili-sme-navrh-zakona-na-obnovu-zakazu-dovozu-radioaktivneho-odpadu-na-slovensko\/"},"author":{"name":"miro.sopko","@id":"https:\/\/www.smedemokrati.sk\/#\/schema\/person\/21f147c88d605aa7ded900e1e7c344ba"},"headline":"Predlo\u017eili sme n\u00e1vrh z\u00e1kona na obnovu z\u00e1kazu dovozu r\u00e1dioakt\u00edvneho odpadu na Slovensko","datePublished":"2025-01-15T12:13:17+00:00","dateModified":"2025-01-17T09:20:54+00:00","mainEntityOfPage":{"@id":"https:\/\/www.smedemokrati.sk\/predlozili-sme-navrh-zakona-na-obnovu-zakazu-dovozu-radioaktivneho-odpadu-na-slovensko\/"},"wordCount":489,"publisher":{"@id":"https:\/\/www.smedemokrati.sk\/#organization"},"image":{"@id":"https:\/\/www.smedemokrati.sk\/predlozili-sme-navrh-zakona-na-obnovu-zakazu-dovozu-radioaktivneho-odpadu-na-slovensko\/#primaryimage"},"thumbnailUrl":"https:\/\/www.smedemokrati.sk\/wp-content\/uploads\/2025\/01\/zakon_radioaktivny_odpad.jpg","articleSection":["Tla\u010dov\u00e9 spr\u00e1vy"],"inLanguage":"en-US"},{"@type":"WebPage","@id":"https:\/\/www.smedemokrati.sk\/predlozili-sme-navrh-zakona-na-obnovu-zakazu-dovozu-radioaktivneho-odpadu-na-slovensko\/","url":"https:\/\/www.smedemokrati.sk\/predlozili-sme-navrh-zakona-na-obnovu-zakazu-dovozu-radioaktivneho-odpadu-na-slovensko\/","name":"Predlo\u017eili sme n\u00e1vrh z\u00e1kona na obnovu z\u00e1kazu dovozu r\u00e1dioakt\u00edvneho odpadu na Slovensko","isPartOf":{"@id":"https:\/\/www.smedemokrati.sk\/#website"},"primaryImageOfPage":{"@id":"https:\/\/www.smedemokrati.sk\/predlozili-sme-navrh-zakona-na-obnovu-zakazu-dovozu-radioaktivneho-odpadu-na-slovensko\/#primaryimage"},"image":{"@id":"https:\/\/www.smedemokrati.sk\/predlozili-sme-navrh-zakona-na-obnovu-zakazu-dovozu-radioaktivneho-odpadu-na-slovensko\/#primaryimage"},"thumbnailUrl":"https:\/\/www.smedemokrati.sk\/wp-content\/uploads\/2025\/01\/zakon_radioaktivny_odpad.jpg","datePublished":"2025-01-15T12:13:17+00:00","dateModified":"2025-01-17T09:20:54+00:00","breadcrumb":{"@id":"https:\/\/www.smedemokrati.sk\/predlozili-sme-navrh-zakona-na-obnovu-zakazu-dovozu-radioaktivneho-odpadu-na-slovensko\/#breadcrumb"},"inLanguage":"en-US","potentialAction":[{"@type":"ReadAction","target":["https:\/\/www.smedemokrati.sk\/predlozili-sme-navrh-zakona-na-obnovu-zakazu-dovozu-radioaktivneho-odpadu-na-slovensko\/"]}]},{"@type":"ImageObject","inLanguage":"en-US","@id":"https:\/\/www.smedemokrati.sk\/predlozili-sme-navrh-zakona-na-obnovu-zakazu-dovozu-radioaktivneho-odpadu-na-slovensko\/#primaryimage","url":"https:\/\/www.smedemokrati.sk\/wp-content\/uploads\/2025\/01\/zakon_radioaktivny_odpad.jpg","contentUrl":"https:\/\/www.smedemokrati.sk\/wp-content\/uploads\/2025\/01\/zakon_radioaktivny_odpad.jpg","width":767,"height":410},{"@type":"BreadcrumbList","@id":"https:\/\/www.smedemokrati.sk\/predlozili-sme-navrh-zakona-na-obnovu-zakazu-dovozu-radioaktivneho-odpadu-na-slovensko\/#breadcrumb","itemListElement":[{"@type":"ListItem","position":1,"name":"Domovsk\u00e1 str\u00e1nka","item":"https:\/\/www.smedemokrati.sk\/"},{"@type":"ListItem","position":2,"name":"Predlo\u017eili sme n\u00e1vrh z\u00e1kona na obnovu z\u00e1kazu dovozu r\u00e1dioakt\u00edvneho odpadu na Slovensko"}]},{"@type":"WebSite","@id":"https:\/\/www.smedemokrati.sk\/#website","url":"https:\/\/www.smedemokrati.sk\/","name":"Smedemokrati.sk","description":"Demokracia a slu\u0161nos\u0165 zv\u00ed\u0165az\u00ed","publisher":{"@id":"https:\/\/www.smedemokrati.sk\/#organization"},"potentialAction":[{"@type":"SearchAction","target":{"@type":"EntryPoint","urlTemplate":"https:\/\/www.smedemokrati.sk\/?s={search_term_string}"},"query-input":{"@type":"PropertyValueSpecification","valueRequired":true,"valueName":"search_term_string"}}],"inLanguage":"en-US"},{"@type":"Organization","@id":"https:\/\/www.smedemokrati.sk\/#organization","name":"Smedemokrati.sk","url":"https:\/\/www.smedemokrati.sk\/","logo":{"@type":"ImageObject","inLanguage":"en-US","@id":"https:\/\/www.smedemokrati.sk\/#\/schema\/logo\/image\/","url":"https:\/\/www.smedemokrati.sk\/wp-content\/uploads\/2023\/04\/ff.002.jpeg","contentUrl":"https:\/\/www.smedemokrati.sk\/wp-content\/uploads\/2023\/04\/ff.002.jpeg","width":640,"height":480,"caption":"Smedemokrati.sk"},"image":{"@id":"https:\/\/www.smedemokrati.sk\/#\/schema\/logo\/image\/"},"sameAs":["https:\/\/www.facebook.com\/smedemokrati2023"]},{"@type":"Person","@id":"https:\/\/www.smedemokrati.sk\/#\/schema\/person\/21f147c88d605aa7ded900e1e7c344ba","name":"miro.sopko","image":{"@type":"ImageObject","inLanguage":"en-US","@id":"https:\/\/secure.gravatar.com\/avatar\/267e4a36f704376c109afe3a78740c1f5dd8675a2180a908699e7863c9247606?s=96&d=mm&r=g","url":"https:\/\/secure.gravatar.com\/avatar\/267e4a36f704376c109afe3a78740c1f5dd8675a2180a908699e7863c9247606?s=96&d=mm&r=g","contentUrl":"https:\/\/secure.gravatar.com\/avatar\/267e4a36f704376c109afe3a78740c1f5dd8675a2180a908699e7863c9247606?s=96&d=mm&r=g","caption":"miro.sopko"},"url":"https:\/\/www.smedemokrati.sk\/en\/author\/miro-sopko\/"}]}},"_links":{"self":[{"href":"https:\/\/www.smedemokrati.sk\/en\/wp-json\/wp\/v2\/posts\/6127","targetHints":{"allow":["GET"]}}],"collection":[{"href":"https:\/\/www.smedemokrati.sk\/en\/wp-json\/wp\/v2\/posts"}],"about":[{"href":"https:\/\/www.smedemokrati.sk\/en\/wp-json\/wp\/v2\/types\/post"}],"author":[{"embeddable":true,"href":"https:\/\/www.smedemokrati.sk\/en\/wp-json\/wp\/v2\/users\/13"}],"replies":[{"embeddable":true,"href":"https:\/\/www.smedemokrati.sk\/en\/wp-json\/wp\/v2\/comments?post=6127"}],"version-history":[{"count":1,"href":"https:\/\/www.smedemokrati.sk\/en\/wp-json\/wp\/v2\/posts\/6127\/revisions"}],"predecessor-version":[{"id":6129,"href":"https:\/\/www.smedemokrati.sk\/en\/wp-json\/wp\/v2\/posts\/6127\/revisions\/6129"}],"wp:featuredmedia":[{"embeddable":true,"href":"https:\/\/www.smedemokrati.sk\/en\/wp-json\/wp\/v2\/media\/6128"}],"wp:attachment":[{"href":"https:\/\/www.smedemokrati.sk\/en\/wp-json\/wp\/v2\/media?parent=6127"}],"wp:term":[{"taxonomy":"category","embeddable":true,"href":"https:\/\/www.smedemokrati.sk\/en\/wp-json\/wp\/v2\/categories?post=6127"},{"taxonomy":"post_tag","embeddable":true,"href":"https:\/\/www.smedemokrati.sk\/en\/wp-json\/wp\/v2\/tags?post=6127"}],"curies":[{"name":"wp","href":"https:\/\/api.w.org\/{rel}","templated":true}]}}