{"id":6110,"date":"2025-01-13T12:25:07","date_gmt":"2025-01-13T11:25:07","guid":{"rendered":"https:\/\/www.smedemokrati.sk\/?p=6110"},"modified":"2025-01-15T13:13:51","modified_gmt":"2025-01-15T12:13:51","slug":"rozhodnutie-o-love-vlka-preskuma-spravny-sud","status":"publish","type":"post","link":"https:\/\/www.smedemokrati.sk\/en\/rozhodnutie-o-love-vlka-preskuma-spravny-sud\/","title":{"rendered":"Rozhodnutie o love vlka presk\u00fama Spr\u00e1vny s\u00fad"},"content":{"rendered":"<div id=\"fb-root\"><\/div>\n\n<p><strong>Lov vlka drav\u00e9ho a z\u00e1konnos\u0165 rozhodnutia Ministerstva p\u00f4dohospod\u00e1rstva a rozvoja vidieka SR o kv\u00f3te lovu vlka presk\u00fama Spr\u00e1vny s\u00fad v Bratislave. 30. decembra podal spr\u00e1vnu \u017ealobu v tejto veci environment\u00e1lny expert strany Demokrati Michal ki\u010da v spolupr\u00e1ci s mimovl\u00e1dnou organiz\u00e1ciou Ursia. Rozhodnutie bude d\u00f4le\u017eit\u00e9 aj pre bud\u00face po\u013eovn\u00e9 sez\u00f3ny.&nbsp;<\/strong><\/p>\n\n\n\n<p>Rozhodnutie ministerstva p\u00f4dohospod\u00e1rstva o kv\u00f3te je toti\u017e v rozpore so z\u00e1konom o ochrane pr\u00edrody a aj vyhl\u00e1\u0161kou obnovuj\u00facou lov vlka, ignoruje princ\u00edp predbe\u017enej opatrnosti, je \u010falej zm\u00e4to\u010dn\u00e9 a nevykonate\u013en\u00e9, objas\u0148uje d\u00f4vody \u017ealoby Michal Ki\u010da. \u201e<em>Do dne\u0161n\u00e9ho d\u0148a si ministerstvo nesplnilo povinnos\u0165 vyda\u0165 zoznam, kde je lov vlka drav\u00e9ho vyl\u00fa\u010den\u00fd, hoci ho rozhodnutie o kv\u00f3te po\u017eaduje. Sp\u00f4sob ur\u010denia kv\u00f3ty nere\u0161pektuje vedeck\u00e9 poznatky. Odlov 74 jedincov m\u00f4\u017ee ma\u0165 z\u00e1sadne negat\u00edvny vplyv na karpatsk\u00fa popul\u00e1ciu vlka drav\u00e9ho a jej \u017eivotaschopnos\u0165 a nenapln\u00ed cie\u013e stanoven\u00fd oboma ministerstvami, a to zn\u00ed\u017ei\u0165 \u0161kody na hospod\u00e1rskych zvierat\u00e1ch, lebo je neadresn\u00fd. Vydaniu rozhodnutia \u010falej nepredch\u00e1dzalo pos\u00fadenie jeho vplyvu na \u00fazemia eur\u00f3pskeho v\u00fdznamu, pri\u010dom k usmrteniu doch\u00e1dza \u010dasto v bezprostrednej bl\u00edzkosti \u00fazem\u00ed, kde je vlk predmetom ochrany. Okrem n\u00e1rodnej legislat\u00edvy tak doch\u00e1dza k poru\u0161eniu aj tej eur\u00f3pskej,<\/em>\u201d uv\u00e1dza Michal Ki\u010da.\u00a0<\/p>\n\n\n\n<p>Ministerstv\u00e1 \u017eivotn\u00e9ho prostredia a p\u00f4dohospod\u00e1rstva argumentuj\u00fa pri love vlka \u0161kodami, ktor\u00e9 vlk sp\u00f4sobuje na hospod\u00e1rskych zvierat\u00e1ch. Na druhej strane v\u0161ak doteraz nevyu\u017eili ani v jedinom pr\u00edpade mo\u017enos\u0165 eliminova\u0165 skuto\u010dne probl\u00e9mov\u00e9 jedince na z\u00e1klade individualizovanej v\u00fdnimky. Tak\u00fa nevydali ani jednu. Kv\u00f3tov\u00fd lov tak zasahuje najm\u00e4 tie jedince, ktor\u00e9 \u017eiadne \u0161kody nemuseli sp\u00f4sobi\u0165, preto je neadresn\u00fd a ne\u00fa\u010dinn\u00fd. Ministerstv\u00e1 z\u00e1rove\u0148 rezignovali na skuto\u010dne efekt\u00edvnu pomoc chovate\u013eom pri podpore a financovan\u00ed prevent\u00edvnych opatren\u00ed a zabezpe\u010den\u00ed st\u00e1d, \u010do by mohlo \u0161kody \u00faplne eliminova\u0165.&nbsp;<\/p>\n\n\n\n<p>\u201e<em>Zo strany Tarabu, Tak\u00e1\u010da a Kuffu ide o\u00a0\u010disto politick\u00e9 rozhodnutie, ktor\u00e9 e\u0161te aj \u00faplne domrvili. V bud\u00facnosti sa plne zasad\u00edm za skuto\u010dne efekt\u00edvnu pomoc slovensk\u00e9mu ov\u010diarstvu a z\u00e1rove\u0148 aj za obnovu ochrany vlka, ktor\u00fd je k\u013e\u00fa\u010dov\u00fdm druhom udr\u017eiavaj\u00facim ekologick\u00fa rovnov\u00e1hu v slovenskej pr\u00edrode,<\/em>\u201d uzavrel Michal Ki\u010da.<\/p>\n","protected":false},"excerpt":{"rendered":"<p>Lov vlka drav\u00e9ho a z\u00e1konnos\u0165 rozhodnutia Ministerstva p\u00f4dohospod\u00e1rstva a rozvoja vidieka SR o kv\u00f3te lovu vlka presk\u00fama Spr\u00e1vny s\u00fad v Bratislave. 30. decembra podal spr\u00e1vnu \u017ealobu v tejto veci environment\u00e1lny expert strany Demokrati Michal ki\u010da v spolupr\u00e1ci s mimovl\u00e1dnou organiz\u00e1ciou Ursia. Rozhodnutie bude d\u00f4le\u017eit\u00e9 aj pre bud\u00face po\u013eovn\u00e9 sez\u00f3ny.&nbsp; Rozhodnutie ministerstva p\u00f4dohospod\u00e1rstva o kv\u00f3te je [&hellip;]<\/p>\n","protected":false},"author":13,"featured_media":6111,"comment_status":"closed","ping_status":"closed","sticky":false,"template":"","format":"standard","meta":{"_acf_changed":false,"ngg_post_thumbnail":0,"footnotes":""},"categories":[4],"tags":[],"class_list":["post-6110","post","type-post","status-publish","format-standard","has-post-thumbnail","hentry","category-tlacove-spravy"],"acf":[],"yoast_head":"<!-- This site is optimized with the Yoast SEO plugin v27.2 - https:\/\/yoast.com\/product\/yoast-seo-wordpress\/ -->\n<title>Rozhodnutie o love vlka presk\u00fama Spr\u00e1vny s\u00fad<\/title>\n<meta name=\"robots\" content=\"index, follow, max-snippet:-1, max-image-preview:large, max-video-preview:-1\" \/>\n<link rel=\"canonical\" href=\"https:\/\/www.smedemokrati.sk\/en\/rozhodnutie-o-love-vlka-preskuma-spravny-sud\/\" \/>\n<meta property=\"og:locale\" content=\"en_US\" \/>\n<meta property=\"og:locale:alternate\" content=\"cs_CZ\" \/>\n<meta property=\"og:locale:alternate\" content=\"hu_HU\" \/>\n<meta property=\"og:locale:alternate\" content=\"sk_SK\" \/>\n<meta property=\"og:locale:alternate\" content=\"sv_SE\" \/>\n<meta property=\"og:type\" content=\"article\" \/>\n<meta property=\"og:title\" content=\"Rozhodnutie o love vlka presk\u00fama Spr\u00e1vny s\u00fad\" \/>\n<meta property=\"og:description\" content=\"Lov vlka drav\u00e9ho a z\u00e1konnos\u0165 rozhodnutia Ministerstva p\u00f4dohospod\u00e1rstva a rozvoja vidieka SR o kv\u00f3te lovu vlka presk\u00fama Spr\u00e1vny s\u00fad v Bratislave. 30. decembra podal spr\u00e1vnu \u017ealobu v tejto veci environment\u00e1lny expert strany Demokrati Michal ki\u010da v spolupr\u00e1ci s mimovl\u00e1dnou organiz\u00e1ciou Ursia. Rozhodnutie bude d\u00f4le\u017eit\u00e9 aj pre bud\u00face po\u013eovn\u00e9 sez\u00f3ny.&nbsp; Rozhodnutie ministerstva p\u00f4dohospod\u00e1rstva o kv\u00f3te je [&hellip;]\" \/>\n<meta property=\"og:url\" content=\"https:\/\/www.smedemokrati.sk\/en\/rozhodnutie-o-love-vlka-preskuma-spravny-sud\/\" \/>\n<meta property=\"og:site_name\" content=\"Smedemokrati.sk\" \/>\n<meta property=\"article:publisher\" content=\"https:\/\/www.facebook.com\/smedemokrati2023\" \/>\n<meta property=\"article:published_time\" content=\"2025-01-13T11:25:07+00:00\" \/>\n<meta property=\"article:modified_time\" content=\"2025-01-15T12:13:51+00:00\" \/>\n<meta property=\"og:image\" content=\"https:\/\/www.smedemokrati.sk\/wp-content\/uploads\/2025\/01\/472316562_567554146253453_3562680591205920612_n.jpg\" \/>\n\t<meta property=\"og:image:width\" content=\"826\" \/>\n\t<meta property=\"og:image:height\" content=\"515\" \/>\n\t<meta property=\"og:image:type\" content=\"image\/jpeg\" \/>\n<meta name=\"author\" content=\"miro.sopko\" \/>\n<meta name=\"twitter:card\" content=\"summary_large_image\" \/>\n<meta name=\"twitter:label1\" content=\"Written by\" \/>\n\t<meta name=\"twitter:data1\" content=\"miro.sopko\" \/>\n\t<meta name=\"twitter:label2\" content=\"Est. reading time\" \/>\n\t<meta name=\"twitter:data2\" content=\"2 minutes\" \/>\n<script type=\"application\/ld+json\" class=\"yoast-schema-graph\">{\"@context\":\"https:\/\/schema.org\",\"@graph\":[{\"@type\":\"Article\",\"@id\":\"https:\/\/www.smedemokrati.sk\/rozhodnutie-o-love-vlka-preskuma-spravny-sud\/#article\",\"isPartOf\":{\"@id\":\"https:\/\/www.smedemokrati.sk\/rozhodnutie-o-love-vlka-preskuma-spravny-sud\/\"},\"author\":{\"name\":\"miro.sopko\",\"@id\":\"https:\/\/www.smedemokrati.sk\/#\/schema\/person\/21f147c88d605aa7ded900e1e7c344ba\"},\"headline\":\"Rozhodnutie o love vlka presk\u00fama Spr\u00e1vny s\u00fad\",\"datePublished\":\"2025-01-13T11:25:07+00:00\",\"dateModified\":\"2025-01-15T12:13:51+00:00\",\"mainEntityOfPage\":{\"@id\":\"https:\/\/www.smedemokrati.sk\/rozhodnutie-o-love-vlka-preskuma-spravny-sud\/\"},\"wordCount\":425,\"publisher\":{\"@id\":\"https:\/\/www.smedemokrati.sk\/#organization\"},\"image\":{\"@id\":\"https:\/\/www.smedemokrati.sk\/rozhodnutie-o-love-vlka-preskuma-spravny-sud\/#primaryimage\"},\"thumbnailUrl\":\"https:\/\/www.smedemokrati.sk\/wp-content\/uploads\/2025\/01\/472316562_567554146253453_3562680591205920612_n.jpg\",\"articleSection\":[\"Tla\u010dov\u00e9 spr\u00e1vy\"],\"inLanguage\":\"en-US\"},{\"@type\":\"WebPage\",\"@id\":\"https:\/\/www.smedemokrati.sk\/rozhodnutie-o-love-vlka-preskuma-spravny-sud\/\",\"url\":\"https:\/\/www.smedemokrati.sk\/rozhodnutie-o-love-vlka-preskuma-spravny-sud\/\",\"name\":\"Rozhodnutie o love vlka presk\u00fama Spr\u00e1vny s\u00fad\",\"isPartOf\":{\"@id\":\"https:\/\/www.smedemokrati.sk\/#website\"},\"primaryImageOfPage\":{\"@id\":\"https:\/\/www.smedemokrati.sk\/rozhodnutie-o-love-vlka-preskuma-spravny-sud\/#primaryimage\"},\"image\":{\"@id\":\"https:\/\/www.smedemokrati.sk\/rozhodnutie-o-love-vlka-preskuma-spravny-sud\/#primaryimage\"},\"thumbnailUrl\":\"https:\/\/www.smedemokrati.sk\/wp-content\/uploads\/2025\/01\/472316562_567554146253453_3562680591205920612_n.jpg\",\"datePublished\":\"2025-01-13T11:25:07+00:00\",\"dateModified\":\"2025-01-15T12:13:51+00:00\",\"breadcrumb\":{\"@id\":\"https:\/\/www.smedemokrati.sk\/rozhodnutie-o-love-vlka-preskuma-spravny-sud\/#breadcrumb\"},\"inLanguage\":\"en-US\",\"potentialAction\":[{\"@type\":\"ReadAction\",\"target\":[\"https:\/\/www.smedemokrati.sk\/rozhodnutie-o-love-vlka-preskuma-spravny-sud\/\"]}]},{\"@type\":\"ImageObject\",\"inLanguage\":\"en-US\",\"@id\":\"https:\/\/www.smedemokrati.sk\/rozhodnutie-o-love-vlka-preskuma-spravny-sud\/#primaryimage\",\"url\":\"https:\/\/www.smedemokrati.sk\/wp-content\/uploads\/2025\/01\/472316562_567554146253453_3562680591205920612_n.jpg\",\"contentUrl\":\"https:\/\/www.smedemokrati.sk\/wp-content\/uploads\/2025\/01\/472316562_567554146253453_3562680591205920612_n.jpg\",\"width\":826,\"height\":515},{\"@type\":\"BreadcrumbList\",\"@id\":\"https:\/\/www.smedemokrati.sk\/rozhodnutie-o-love-vlka-preskuma-spravny-sud\/#breadcrumb\",\"itemListElement\":[{\"@type\":\"ListItem\",\"position\":1,\"name\":\"Domovsk\u00e1 str\u00e1nka\",\"item\":\"https:\/\/www.smedemokrati.sk\/\"},{\"@type\":\"ListItem\",\"position\":2,\"name\":\"Rozhodnutie o love vlka presk\u00fama Spr\u00e1vny s\u00fad\"}]},{\"@type\":\"WebSite\",\"@id\":\"https:\/\/www.smedemokrati.sk\/#website\",\"url\":\"https:\/\/www.smedemokrati.sk\/\",\"name\":\"Smedemokrati.sk\",\"description\":\"Demokracia a slu\u0161nos\u0165 zv\u00ed\u0165az\u00ed\",\"publisher\":{\"@id\":\"https:\/\/www.smedemokrati.sk\/#organization\"},\"potentialAction\":[{\"@type\":\"SearchAction\",\"target\":{\"@type\":\"EntryPoint\",\"urlTemplate\":\"https:\/\/www.smedemokrati.sk\/?s={search_term_string}\"},\"query-input\":{\"@type\":\"PropertyValueSpecification\",\"valueRequired\":true,\"valueName\":\"search_term_string\"}}],\"inLanguage\":\"en-US\"},{\"@type\":\"Organization\",\"@id\":\"https:\/\/www.smedemokrati.sk\/#organization\",\"name\":\"Smedemokrati.sk\",\"url\":\"https:\/\/www.smedemokrati.sk\/\",\"logo\":{\"@type\":\"ImageObject\",\"inLanguage\":\"en-US\",\"@id\":\"https:\/\/www.smedemokrati.sk\/#\/schema\/logo\/image\/\",\"url\":\"https:\/\/www.smedemokrati.sk\/wp-content\/uploads\/2023\/04\/ff.002.jpeg\",\"contentUrl\":\"https:\/\/www.smedemokrati.sk\/wp-content\/uploads\/2023\/04\/ff.002.jpeg\",\"width\":640,\"height\":480,\"caption\":\"Smedemokrati.sk\"},\"image\":{\"@id\":\"https:\/\/www.smedemokrati.sk\/#\/schema\/logo\/image\/\"},\"sameAs\":[\"https:\/\/www.facebook.com\/smedemokrati2023\"]},{\"@type\":\"Person\",\"@id\":\"https:\/\/www.smedemokrati.sk\/#\/schema\/person\/21f147c88d605aa7ded900e1e7c344ba\",\"name\":\"miro.sopko\",\"image\":{\"@type\":\"ImageObject\",\"inLanguage\":\"en-US\",\"@id\":\"https:\/\/secure.gravatar.com\/avatar\/267e4a36f704376c109afe3a78740c1f5dd8675a2180a908699e7863c9247606?s=96&d=mm&r=g\",\"url\":\"https:\/\/secure.gravatar.com\/avatar\/267e4a36f704376c109afe3a78740c1f5dd8675a2180a908699e7863c9247606?s=96&d=mm&r=g\",\"contentUrl\":\"https:\/\/secure.gravatar.com\/avatar\/267e4a36f704376c109afe3a78740c1f5dd8675a2180a908699e7863c9247606?s=96&d=mm&r=g\",\"caption\":\"miro.sopko\"},\"url\":\"https:\/\/www.smedemokrati.sk\/en\/author\/miro-sopko\/\"}]}<\/script>\n<!-- \/ Yoast SEO plugin. -->","yoast_head_json":{"title":"Rozhodnutie o love vlka presk\u00fama Spr\u00e1vny s\u00fad","robots":{"index":"index","follow":"follow","max-snippet":"max-snippet:-1","max-image-preview":"max-image-preview:large","max-video-preview":"max-video-preview:-1"},"canonical":"https:\/\/www.smedemokrati.sk\/en\/rozhodnutie-o-love-vlka-preskuma-spravny-sud\/","og_locale":"en_US","og_type":"article","og_title":"[:sk]Rozhodnutie o love vlka presk\u00fama Spr\u00e1vny s\u00fad[:] - Smedemokrati.sk","og_description":"Lov vlka drav\u00e9ho a z\u00e1konnos\u0165 rozhodnutia Ministerstva p\u00f4dohospod\u00e1rstva a rozvoja vidieka SR o kv\u00f3te lovu vlka presk\u00fama Spr\u00e1vny s\u00fad v Bratislave. 30. decembra podal spr\u00e1vnu \u017ealobu v tejto veci environment\u00e1lny expert strany Demokrati Michal ki\u010da v spolupr\u00e1ci s mimovl\u00e1dnou organiz\u00e1ciou Ursia. Rozhodnutie bude d\u00f4le\u017eit\u00e9 aj pre bud\u00face po\u013eovn\u00e9 sez\u00f3ny.&nbsp; Rozhodnutie ministerstva p\u00f4dohospod\u00e1rstva o kv\u00f3te je [&hellip;]","og_url":"https:\/\/www.smedemokrati.sk\/en\/rozhodnutie-o-love-vlka-preskuma-spravny-sud\/","og_site_name":"Smedemokrati.sk","article_publisher":"https:\/\/www.facebook.com\/smedemokrati2023","article_published_time":"2025-01-13T11:25:07+00:00","article_modified_time":"2025-01-15T12:13:51+00:00","og_image":[{"width":826,"height":515,"url":"https:\/\/www.smedemokrati.sk\/wp-content\/uploads\/2025\/01\/472316562_567554146253453_3562680591205920612_n.jpg","type":"image\/jpeg"}],"author":"miro.sopko","twitter_card":"summary_large_image","twitter_misc":{"Written by":"miro.sopko","Est. reading time":"2 minutes"},"schema":{"@context":"https:\/\/schema.org","@graph":[{"@type":"Article","@id":"https:\/\/www.smedemokrati.sk\/rozhodnutie-o-love-vlka-preskuma-spravny-sud\/#article","isPartOf":{"@id":"https:\/\/www.smedemokrati.sk\/rozhodnutie-o-love-vlka-preskuma-spravny-sud\/"},"author":{"name":"miro.sopko","@id":"https:\/\/www.smedemokrati.sk\/#\/schema\/person\/21f147c88d605aa7ded900e1e7c344ba"},"headline":"Rozhodnutie o love vlka presk\u00fama Spr\u00e1vny s\u00fad","datePublished":"2025-01-13T11:25:07+00:00","dateModified":"2025-01-15T12:13:51+00:00","mainEntityOfPage":{"@id":"https:\/\/www.smedemokrati.sk\/rozhodnutie-o-love-vlka-preskuma-spravny-sud\/"},"wordCount":425,"publisher":{"@id":"https:\/\/www.smedemokrati.sk\/#organization"},"image":{"@id":"https:\/\/www.smedemokrati.sk\/rozhodnutie-o-love-vlka-preskuma-spravny-sud\/#primaryimage"},"thumbnailUrl":"https:\/\/www.smedemokrati.sk\/wp-content\/uploads\/2025\/01\/472316562_567554146253453_3562680591205920612_n.jpg","articleSection":["Tla\u010dov\u00e9 spr\u00e1vy"],"inLanguage":"en-US"},{"@type":"WebPage","@id":"https:\/\/www.smedemokrati.sk\/rozhodnutie-o-love-vlka-preskuma-spravny-sud\/","url":"https:\/\/www.smedemokrati.sk\/rozhodnutie-o-love-vlka-preskuma-spravny-sud\/","name":"Rozhodnutie o love vlka presk\u00fama Spr\u00e1vny s\u00fad","isPartOf":{"@id":"https:\/\/www.smedemokrati.sk\/#website"},"primaryImageOfPage":{"@id":"https:\/\/www.smedemokrati.sk\/rozhodnutie-o-love-vlka-preskuma-spravny-sud\/#primaryimage"},"image":{"@id":"https:\/\/www.smedemokrati.sk\/rozhodnutie-o-love-vlka-preskuma-spravny-sud\/#primaryimage"},"thumbnailUrl":"https:\/\/www.smedemokrati.sk\/wp-content\/uploads\/2025\/01\/472316562_567554146253453_3562680591205920612_n.jpg","datePublished":"2025-01-13T11:25:07+00:00","dateModified":"2025-01-15T12:13:51+00:00","breadcrumb":{"@id":"https:\/\/www.smedemokrati.sk\/rozhodnutie-o-love-vlka-preskuma-spravny-sud\/#breadcrumb"},"inLanguage":"en-US","potentialAction":[{"@type":"ReadAction","target":["https:\/\/www.smedemokrati.sk\/rozhodnutie-o-love-vlka-preskuma-spravny-sud\/"]}]},{"@type":"ImageObject","inLanguage":"en-US","@id":"https:\/\/www.smedemokrati.sk\/rozhodnutie-o-love-vlka-preskuma-spravny-sud\/#primaryimage","url":"https:\/\/www.smedemokrati.sk\/wp-content\/uploads\/2025\/01\/472316562_567554146253453_3562680591205920612_n.jpg","contentUrl":"https:\/\/www.smedemokrati.sk\/wp-content\/uploads\/2025\/01\/472316562_567554146253453_3562680591205920612_n.jpg","width":826,"height":515},{"@type":"BreadcrumbList","@id":"https:\/\/www.smedemokrati.sk\/rozhodnutie-o-love-vlka-preskuma-spravny-sud\/#breadcrumb","itemListElement":[{"@type":"ListItem","position":1,"name":"Domovsk\u00e1 str\u00e1nka","item":"https:\/\/www.smedemokrati.sk\/"},{"@type":"ListItem","position":2,"name":"Rozhodnutie o love vlka presk\u00fama Spr\u00e1vny s\u00fad"}]},{"@type":"WebSite","@id":"https:\/\/www.smedemokrati.sk\/#website","url":"https:\/\/www.smedemokrati.sk\/","name":"Smedemokrati.sk","description":"Demokracia a slu\u0161nos\u0165 zv\u00ed\u0165az\u00ed","publisher":{"@id":"https:\/\/www.smedemokrati.sk\/#organization"},"potentialAction":[{"@type":"SearchAction","target":{"@type":"EntryPoint","urlTemplate":"https:\/\/www.smedemokrati.sk\/?s={search_term_string}"},"query-input":{"@type":"PropertyValueSpecification","valueRequired":true,"valueName":"search_term_string"}}],"inLanguage":"en-US"},{"@type":"Organization","@id":"https:\/\/www.smedemokrati.sk\/#organization","name":"Smedemokrati.sk","url":"https:\/\/www.smedemokrati.sk\/","logo":{"@type":"ImageObject","inLanguage":"en-US","@id":"https:\/\/www.smedemokrati.sk\/#\/schema\/logo\/image\/","url":"https:\/\/www.smedemokrati.sk\/wp-content\/uploads\/2023\/04\/ff.002.jpeg","contentUrl":"https:\/\/www.smedemokrati.sk\/wp-content\/uploads\/2023\/04\/ff.002.jpeg","width":640,"height":480,"caption":"Smedemokrati.sk"},"image":{"@id":"https:\/\/www.smedemokrati.sk\/#\/schema\/logo\/image\/"},"sameAs":["https:\/\/www.facebook.com\/smedemokrati2023"]},{"@type":"Person","@id":"https:\/\/www.smedemokrati.sk\/#\/schema\/person\/21f147c88d605aa7ded900e1e7c344ba","name":"miro.sopko","image":{"@type":"ImageObject","inLanguage":"en-US","@id":"https:\/\/secure.gravatar.com\/avatar\/267e4a36f704376c109afe3a78740c1f5dd8675a2180a908699e7863c9247606?s=96&d=mm&r=g","url":"https:\/\/secure.gravatar.com\/avatar\/267e4a36f704376c109afe3a78740c1f5dd8675a2180a908699e7863c9247606?s=96&d=mm&r=g","contentUrl":"https:\/\/secure.gravatar.com\/avatar\/267e4a36f704376c109afe3a78740c1f5dd8675a2180a908699e7863c9247606?s=96&d=mm&r=g","caption":"miro.sopko"},"url":"https:\/\/www.smedemokrati.sk\/en\/author\/miro-sopko\/"}]}},"_links":{"self":[{"href":"https:\/\/www.smedemokrati.sk\/en\/wp-json\/wp\/v2\/posts\/6110","targetHints":{"allow":["GET"]}}],"collection":[{"href":"https:\/\/www.smedemokrati.sk\/en\/wp-json\/wp\/v2\/posts"}],"about":[{"href":"https:\/\/www.smedemokrati.sk\/en\/wp-json\/wp\/v2\/types\/post"}],"author":[{"embeddable":true,"href":"https:\/\/www.smedemokrati.sk\/en\/wp-json\/wp\/v2\/users\/13"}],"replies":[{"embeddable":true,"href":"https:\/\/www.smedemokrati.sk\/en\/wp-json\/wp\/v2\/comments?post=6110"}],"version-history":[{"count":1,"href":"https:\/\/www.smedemokrati.sk\/en\/wp-json\/wp\/v2\/posts\/6110\/revisions"}],"predecessor-version":[{"id":6112,"href":"https:\/\/www.smedemokrati.sk\/en\/wp-json\/wp\/v2\/posts\/6110\/revisions\/6112"}],"wp:featuredmedia":[{"embeddable":true,"href":"https:\/\/www.smedemokrati.sk\/en\/wp-json\/wp\/v2\/media\/6111"}],"wp:attachment":[{"href":"https:\/\/www.smedemokrati.sk\/en\/wp-json\/wp\/v2\/media?parent=6110"}],"wp:term":[{"taxonomy":"category","embeddable":true,"href":"https:\/\/www.smedemokrati.sk\/en\/wp-json\/wp\/v2\/categories?post=6110"},{"taxonomy":"post_tag","embeddable":true,"href":"https:\/\/www.smedemokrati.sk\/en\/wp-json\/wp\/v2\/tags?post=6110"}],"curies":[{"name":"wp","href":"https:\/\/api.w.org\/{rel}","templated":true}]}}