{"id":6077,"date":"2025-01-08T14:18:03","date_gmt":"2025-01-08T13:18:03","guid":{"rendered":"https:\/\/www.smedemokrati.sk\/?p=6077"},"modified":"2025-01-08T14:18:04","modified_gmt":"2025-01-08T13:18:04","slug":"lubomir-galko-sa-stal-clenom-predsednictva-strany-pribudli-aj-novi-krajski-predsedovia-a-strana-organizuje-dve-protestne-zhromazdenia","status":"publish","type":"post","link":"https:\/\/www.smedemokrati.sk\/en\/lubomir-galko-sa-stal-clenom-predsednictva-strany-pribudli-aj-novi-krajski-predsedovia-a-strana-organizuje-dve-protestne-zhromazdenia\/","title":{"rendered":"\u013dubom\u00edr Galko sa stal \u010dlenom predsedn\u00edctva strany, pribudli aj nov\u00ed krajsk\u00ed predsedovia a strana organizuje dve protestn\u00e9 zhroma\u017edenia"},"content":{"rendered":"<div id=\"fb-root\"><\/div>\n\n<p><strong>Predsedn\u00edctvo strany Demokrati sa roz\u0161\u00edrilo o nov\u00e9ho \u010dlena, jednohlasne sa n\u00edm stal poslanec NR SR \u013dubom\u00edr Galko, s ktor\u00fdm strana spolupracuje. Strana m\u00e1 schv\u00e1len\u00fdch aj v\u0161etk\u00fdch krajsk\u00fdch predsedov a je pripraven\u00e1 organiza\u010dne sa podie\u013ea\u0165 na organiz\u00e1ci\u00ed protestn\u00fdch podujat\u00ed, prv\u00e9 dve iniciuje u\u017e tento piatok.  <\/strong><\/p>\n\n\n\n<p>\u201eTe\u0161\u00ed ma, \u017ee sme posunuli spolupr\u00e1cu s \u013dubom\u00edrom Galkom o level vy\u0161\u0161ie. V n\u00e1rodnej rade je akt\u00edvny, nepochybujem, \u017ee bude posilnen\u00edm aj vn\u00fatorn\u00fdch stran\u00edckych \u0161trukt\u00far,&#8221; hovor\u00ed predseda Demokratov Jaroslav Na\u010f, ktor\u00fd hodnot\u00ed, \u017ee moment\u00e1lne m\u00e1 strana 840 \u010dlenov a v ka\u017edom jednom okrese Slovenska m\u00e1 svoje zast\u00fapenie.<\/p>\n\n\n\n<p><em>\u201e\u010clensk\u00e1 z\u00e1klad\u0148a n\u00e1m postupne rastie a dnes nen\u00e1jdete okres, v ktorom by sme nemali n\u00e1\u0161ho z\u00e1stupcu. Aj preto sme pripraven\u00ed pom\u00f4c\u0165 s organiz\u00e1ciou protestn\u00fdch podujat\u00ed po celom Slovensku. Priklad\u00e1me ruku k dielu a u\u017e tento piatok organizujeme dve podujatia, a to v Pre\u0161ove a Tren\u010d\u00edne,&#8221;<\/em>  hovor\u00ed predseda Demokratov a upres\u0148uje, \u017ee ide o protesty koordinovan\u00e9 s iniciat\u00edvou Mier Ukrajine (v mest\u00e1ch, kde nem\u00e1 zast\u00fapenie Mier Ukrajine, organizuj\u00fa protestn\u00e9 podujatia po dohode Demokrati). V Pre\u0161ove za\u010d\u00edna zhroma\u017edenie o 16:00 pred mestsk\u00fdm \u00faradom, v Tren\u010d\u00edne o 17:00 na Mierovom n\u00e1mest\u00ed.<\/p>\n\n\n\n<p>Demokrati tie\u017e schv\u00e1lili krajsk\u00fdch predsedov, v Bratislave to je Dominik Sumbal, v Pre\u0161ove Richard J\u00e1no\u0161, Ko\u0161ice zastupuje Viliam Novotn\u00fd a Bansk\u00fa Bystricu Martin \u010c\u00e1kovsk\u00fd. Za Nitriansky kraj to je Kristi\u00e1n \u010cechm\u00e1nek, Tren\u010d\u00edn Nat\u00e1lia Sv\u00edtkov\u00e1, Trnavu Marek Polonec a \u017dilinu Anton Pit\u00e1k. <\/p>\n\n\n\n<p>Linky na podujatia v Pre\u0161ove a Tren\u010d\u00edne:<\/p>\n\n\n\n<p><p><a href=\"https:\/\/www.facebook.com\/events\/1148496006851753?acontext=%7B%22event_action_history%22%3A[%7B%22mechanism%22%3A%22attachment%22%2C%22surface%22%3A%22newsfeed%22%7D]%2C%22ref_notif_type%22%3Anull%7D\" target=\"_blank\" rel=\"nofollow\">https:\/\/www.facebook.com\/events\/1148496006851753?acontext=%7B%22event_action_history%22%3A[%7B%22mechanism%22%3A%22attachment%22%2C%22surface%22%3A%22newsfeed%22%7D]%2C%22ref_notif_type%22%3Anull%7D<\/a><\/p><\/p>\n\n\n\n<p><p><a href=\"https:\/\/www.facebook.com\/events\/1612442752695665?acontext=%7B%22event_action_history%22%3A[%7B%22mechanism%22%3A%22attachment%22%2C%22surface%22%3A%22newsfeed%22%7D]%2C%22ref_notif_type%22%3Anull%7D\" target=\"_blank\" rel=\"nofollow\">https:\/\/www.facebook.com\/events\/1612442752695665?acontext=%7B%22event_action_history%22%3A[%7B%22mechanism%22%3A%22attachment%22%2C%22surface%22%3A%22newsfeed%22%7D]%2C%22ref_notif_type%22%3Anull%7D<\/a><\/p><\/p>\n","protected":false},"excerpt":{"rendered":"<p>Predsedn\u00edctvo strany Demokrati sa roz\u0161\u00edrilo o nov\u00e9ho \u010dlena, jednohlasne sa n\u00edm stal poslanec NR SR \u013dubom\u00edr Galko, s ktor\u00fdm strana spolupracuje. Strana m\u00e1 schv\u00e1len\u00fdch aj v\u0161etk\u00fdch krajsk\u00fdch predsedov a je pripraven\u00e1 organiza\u010dne sa podie\u013ea\u0165 na organiz\u00e1ci\u00ed protestn\u00fdch podujat\u00ed, prv\u00e9 dve iniciuje u\u017e tento piatok. \u201eTe\u0161\u00ed ma, \u017ee sme posunuli spolupr\u00e1cu s \u013dubom\u00edrom Galkom o level [&hellip;]<\/p>\n","protected":false},"author":13,"featured_media":5076,"comment_status":"closed","ping_status":"closed","sticky":false,"template":"","format":"standard","meta":{"_acf_changed":false,"ngg_post_thumbnail":0,"footnotes":""},"categories":[4],"tags":[],"class_list":["post-6077","post","type-post","status-publish","format-standard","has-post-thumbnail","hentry","category-tlacove-spravy"],"acf":[],"yoast_head":"<!-- This site is optimized with the Yoast SEO plugin v27.2 - https:\/\/yoast.com\/product\/yoast-seo-wordpress\/ -->\n<title>\u013dubom\u00edr Galko sa stal \u010dlenom predsedn\u00edctva strany, pribudli aj nov\u00ed krajsk\u00ed predsedovia a strana organizuje dve protestn\u00e9 zhroma\u017edenia<\/title>\n<meta name=\"robots\" content=\"index, follow, max-snippet:-1, max-image-preview:large, max-video-preview:-1\" \/>\n<link rel=\"canonical\" href=\"https:\/\/www.smedemokrati.sk\/en\/lubomir-galko-sa-stal-clenom-predsednictva-strany-pribudli-aj-novi-krajski-predsedovia-a-strana-organizuje-dve-protestne-zhromazdenia\/\" \/>\n<meta property=\"og:locale\" content=\"en_US\" \/>\n<meta property=\"og:locale:alternate\" content=\"cs_CZ\" \/>\n<meta property=\"og:locale:alternate\" content=\"hu_HU\" \/>\n<meta property=\"og:locale:alternate\" content=\"sk_SK\" \/>\n<meta property=\"og:locale:alternate\" content=\"sv_SE\" \/>\n<meta property=\"og:type\" content=\"article\" \/>\n<meta property=\"og:title\" content=\"\u013dubom\u00edr Galko sa stal \u010dlenom predsedn\u00edctva strany, pribudli aj nov\u00ed krajsk\u00ed predsedovia a strana organizuje dve protestn\u00e9 zhroma\u017edenia\" \/>\n<meta property=\"og:description\" content=\"Predsedn\u00edctvo strany Demokrati sa roz\u0161\u00edrilo o nov\u00e9ho \u010dlena, jednohlasne sa n\u00edm stal poslanec NR SR \u013dubom\u00edr Galko, s ktor\u00fdm strana spolupracuje. Strana m\u00e1 schv\u00e1len\u00fdch aj v\u0161etk\u00fdch krajsk\u00fdch predsedov a je pripraven\u00e1 organiza\u010dne sa podie\u013ea\u0165 na organiz\u00e1ci\u00ed protestn\u00fdch podujat\u00ed, prv\u00e9 dve iniciuje u\u017e tento piatok. \u201eTe\u0161\u00ed ma, \u017ee sme posunuli spolupr\u00e1cu s \u013dubom\u00edrom Galkom o level [&hellip;]\" \/>\n<meta property=\"og:url\" content=\"https:\/\/www.smedemokrati.sk\/en\/lubomir-galko-sa-stal-clenom-predsednictva-strany-pribudli-aj-novi-krajski-predsedovia-a-strana-organizuje-dve-protestne-zhromazdenia\/\" \/>\n<meta property=\"og:site_name\" content=\"Smedemokrati.sk\" \/>\n<meta property=\"article:publisher\" content=\"https:\/\/www.facebook.com\/smedemokrati2023\" \/>\n<meta property=\"article:published_time\" content=\"2025-01-08T13:18:03+00:00\" \/>\n<meta property=\"article:modified_time\" content=\"2025-01-08T13:18:04+00:00\" \/>\n<meta property=\"og:image\" content=\"https:\/\/www.smedemokrati.sk\/wp-content\/uploads\/2024\/09\/01_galko.jpg\" \/>\n\t<meta property=\"og:image:width\" content=\"900\" \/>\n\t<meta property=\"og:image:height\" content=\"600\" \/>\n\t<meta property=\"og:image:type\" content=\"image\/jpeg\" \/>\n<meta name=\"author\" content=\"miro.sopko\" \/>\n<meta name=\"twitter:card\" content=\"summary_large_image\" \/>\n<meta name=\"twitter:label1\" content=\"Written by\" \/>\n\t<meta name=\"twitter:data1\" content=\"miro.sopko\" \/>\n\t<meta name=\"twitter:label2\" content=\"Est. reading time\" \/>\n\t<meta name=\"twitter:data2\" content=\"2 minutes\" \/>\n<script type=\"application\/ld+json\" class=\"yoast-schema-graph\">{\"@context\":\"https:\/\/schema.org\",\"@graph\":[{\"@type\":\"Article\",\"@id\":\"https:\/\/www.smedemokrati.sk\/lubomir-galko-sa-stal-clenom-predsednictva-strany-pribudli-aj-novi-krajski-predsedovia-a-strana-organizuje-dve-protestne-zhromazdenia\/#article\",\"isPartOf\":{\"@id\":\"https:\/\/www.smedemokrati.sk\/lubomir-galko-sa-stal-clenom-predsednictva-strany-pribudli-aj-novi-krajski-predsedovia-a-strana-organizuje-dve-protestne-zhromazdenia\/\"},\"author\":{\"name\":\"miro.sopko\",\"@id\":\"https:\/\/www.smedemokrati.sk\/#\/schema\/person\/21f147c88d605aa7ded900e1e7c344ba\"},\"headline\":\"\u013dubom\u00edr Galko sa stal \u010dlenom predsedn\u00edctva strany, pribudli aj nov\u00ed krajsk\u00ed predsedovia a strana organizuje dve protestn\u00e9 zhroma\u017edenia\",\"datePublished\":\"2025-01-08T13:18:03+00:00\",\"dateModified\":\"2025-01-08T13:18:04+00:00\",\"mainEntityOfPage\":{\"@id\":\"https:\/\/www.smedemokrati.sk\/lubomir-galko-sa-stal-clenom-predsednictva-strany-pribudli-aj-novi-krajski-predsedovia-a-strana-organizuje-dve-protestne-zhromazdenia\/\"},\"wordCount\":362,\"publisher\":{\"@id\":\"https:\/\/www.smedemokrati.sk\/#organization\"},\"image\":{\"@id\":\"https:\/\/www.smedemokrati.sk\/lubomir-galko-sa-stal-clenom-predsednictva-strany-pribudli-aj-novi-krajski-predsedovia-a-strana-organizuje-dve-protestne-zhromazdenia\/#primaryimage\"},\"thumbnailUrl\":\"https:\/\/www.smedemokrati.sk\/wp-content\/uploads\/2024\/09\/01_galko.jpg\",\"articleSection\":[\"Tla\u010dov\u00e9 spr\u00e1vy\"],\"inLanguage\":\"en-US\"},{\"@type\":\"WebPage\",\"@id\":\"https:\/\/www.smedemokrati.sk\/lubomir-galko-sa-stal-clenom-predsednictva-strany-pribudli-aj-novi-krajski-predsedovia-a-strana-organizuje-dve-protestne-zhromazdenia\/\",\"url\":\"https:\/\/www.smedemokrati.sk\/lubomir-galko-sa-stal-clenom-predsednictva-strany-pribudli-aj-novi-krajski-predsedovia-a-strana-organizuje-dve-protestne-zhromazdenia\/\",\"name\":\"\u013dubom\u00edr Galko sa stal \u010dlenom predsedn\u00edctva strany, pribudli aj nov\u00ed krajsk\u00ed predsedovia a strana organizuje dve protestn\u00e9 zhroma\u017edenia\",\"isPartOf\":{\"@id\":\"https:\/\/www.smedemokrati.sk\/#website\"},\"primaryImageOfPage\":{\"@id\":\"https:\/\/www.smedemokrati.sk\/lubomir-galko-sa-stal-clenom-predsednictva-strany-pribudli-aj-novi-krajski-predsedovia-a-strana-organizuje-dve-protestne-zhromazdenia\/#primaryimage\"},\"image\":{\"@id\":\"https:\/\/www.smedemokrati.sk\/lubomir-galko-sa-stal-clenom-predsednictva-strany-pribudli-aj-novi-krajski-predsedovia-a-strana-organizuje-dve-protestne-zhromazdenia\/#primaryimage\"},\"thumbnailUrl\":\"https:\/\/www.smedemokrati.sk\/wp-content\/uploads\/2024\/09\/01_galko.jpg\",\"datePublished\":\"2025-01-08T13:18:03+00:00\",\"dateModified\":\"2025-01-08T13:18:04+00:00\",\"breadcrumb\":{\"@id\":\"https:\/\/www.smedemokrati.sk\/lubomir-galko-sa-stal-clenom-predsednictva-strany-pribudli-aj-novi-krajski-predsedovia-a-strana-organizuje-dve-protestne-zhromazdenia\/#breadcrumb\"},\"inLanguage\":\"en-US\",\"potentialAction\":[{\"@type\":\"ReadAction\",\"target\":[\"https:\/\/www.smedemokrati.sk\/lubomir-galko-sa-stal-clenom-predsednictva-strany-pribudli-aj-novi-krajski-predsedovia-a-strana-organizuje-dve-protestne-zhromazdenia\/\"]}]},{\"@type\":\"ImageObject\",\"inLanguage\":\"en-US\",\"@id\":\"https:\/\/www.smedemokrati.sk\/lubomir-galko-sa-stal-clenom-predsednictva-strany-pribudli-aj-novi-krajski-predsedovia-a-strana-organizuje-dve-protestne-zhromazdenia\/#primaryimage\",\"url\":\"https:\/\/www.smedemokrati.sk\/wp-content\/uploads\/2024\/09\/01_galko.jpg\",\"contentUrl\":\"https:\/\/www.smedemokrati.sk\/wp-content\/uploads\/2024\/09\/01_galko.jpg\",\"width\":900,\"height\":600},{\"@type\":\"BreadcrumbList\",\"@id\":\"https:\/\/www.smedemokrati.sk\/lubomir-galko-sa-stal-clenom-predsednictva-strany-pribudli-aj-novi-krajski-predsedovia-a-strana-organizuje-dve-protestne-zhromazdenia\/#breadcrumb\",\"itemListElement\":[{\"@type\":\"ListItem\",\"position\":1,\"name\":\"Domovsk\u00e1 str\u00e1nka\",\"item\":\"https:\/\/www.smedemokrati.sk\/\"},{\"@type\":\"ListItem\",\"position\":2,\"name\":\"\u013dubom\u00edr Galko sa stal \u010dlenom predsedn\u00edctva strany, pribudli aj nov\u00ed krajsk\u00ed predsedovia a strana organizuje dve protestn\u00e9 zhroma\u017edenia\"}]},{\"@type\":\"WebSite\",\"@id\":\"https:\/\/www.smedemokrati.sk\/#website\",\"url\":\"https:\/\/www.smedemokrati.sk\/\",\"name\":\"Smedemokrati.sk\",\"description\":\"Demokracia a slu\u0161nos\u0165 zv\u00ed\u0165az\u00ed\",\"publisher\":{\"@id\":\"https:\/\/www.smedemokrati.sk\/#organization\"},\"potentialAction\":[{\"@type\":\"SearchAction\",\"target\":{\"@type\":\"EntryPoint\",\"urlTemplate\":\"https:\/\/www.smedemokrati.sk\/?s={search_term_string}\"},\"query-input\":{\"@type\":\"PropertyValueSpecification\",\"valueRequired\":true,\"valueName\":\"search_term_string\"}}],\"inLanguage\":\"en-US\"},{\"@type\":\"Organization\",\"@id\":\"https:\/\/www.smedemokrati.sk\/#organization\",\"name\":\"Smedemokrati.sk\",\"url\":\"https:\/\/www.smedemokrati.sk\/\",\"logo\":{\"@type\":\"ImageObject\",\"inLanguage\":\"en-US\",\"@id\":\"https:\/\/www.smedemokrati.sk\/#\/schema\/logo\/image\/\",\"url\":\"https:\/\/www.smedemokrati.sk\/wp-content\/uploads\/2023\/04\/ff.002.jpeg\",\"contentUrl\":\"https:\/\/www.smedemokrati.sk\/wp-content\/uploads\/2023\/04\/ff.002.jpeg\",\"width\":640,\"height\":480,\"caption\":\"Smedemokrati.sk\"},\"image\":{\"@id\":\"https:\/\/www.smedemokrati.sk\/#\/schema\/logo\/image\/\"},\"sameAs\":[\"https:\/\/www.facebook.com\/smedemokrati2023\"]},{\"@type\":\"Person\",\"@id\":\"https:\/\/www.smedemokrati.sk\/#\/schema\/person\/21f147c88d605aa7ded900e1e7c344ba\",\"name\":\"miro.sopko\",\"image\":{\"@type\":\"ImageObject\",\"inLanguage\":\"en-US\",\"@id\":\"https:\/\/secure.gravatar.com\/avatar\/267e4a36f704376c109afe3a78740c1f5dd8675a2180a908699e7863c9247606?s=96&d=mm&r=g\",\"url\":\"https:\/\/secure.gravatar.com\/avatar\/267e4a36f704376c109afe3a78740c1f5dd8675a2180a908699e7863c9247606?s=96&d=mm&r=g\",\"contentUrl\":\"https:\/\/secure.gravatar.com\/avatar\/267e4a36f704376c109afe3a78740c1f5dd8675a2180a908699e7863c9247606?s=96&d=mm&r=g\",\"caption\":\"miro.sopko\"},\"url\":\"https:\/\/www.smedemokrati.sk\/en\/author\/miro-sopko\/\"}]}<\/script>\n<!-- \/ Yoast SEO plugin. -->","yoast_head_json":{"title":"\u013dubom\u00edr Galko sa stal \u010dlenom predsedn\u00edctva strany, pribudli aj nov\u00ed krajsk\u00ed predsedovia a strana organizuje dve protestn\u00e9 zhroma\u017edenia","robots":{"index":"index","follow":"follow","max-snippet":"max-snippet:-1","max-image-preview":"max-image-preview:large","max-video-preview":"max-video-preview:-1"},"canonical":"https:\/\/www.smedemokrati.sk\/en\/lubomir-galko-sa-stal-clenom-predsednictva-strany-pribudli-aj-novi-krajski-predsedovia-a-strana-organizuje-dve-protestne-zhromazdenia\/","og_locale":"en_US","og_type":"article","og_title":"[:sk]\u013dubom\u00edr Galko sa stal \u010dlenom predsedn\u00edctva strany, pribudli aj nov\u00ed krajsk\u00ed predsedovia a strana organizuje dve protestn\u00e9 zhroma\u017edenia[:] - Smedemokrati.sk","og_description":"Predsedn\u00edctvo strany Demokrati sa roz\u0161\u00edrilo o nov\u00e9ho \u010dlena, jednohlasne sa n\u00edm stal poslanec NR SR \u013dubom\u00edr Galko, s ktor\u00fdm strana spolupracuje. Strana m\u00e1 schv\u00e1len\u00fdch aj v\u0161etk\u00fdch krajsk\u00fdch predsedov a je pripraven\u00e1 organiza\u010dne sa podie\u013ea\u0165 na organiz\u00e1ci\u00ed protestn\u00fdch podujat\u00ed, prv\u00e9 dve iniciuje u\u017e tento piatok. \u201eTe\u0161\u00ed ma, \u017ee sme posunuli spolupr\u00e1cu s \u013dubom\u00edrom Galkom o level [&hellip;]","og_url":"https:\/\/www.smedemokrati.sk\/en\/lubomir-galko-sa-stal-clenom-predsednictva-strany-pribudli-aj-novi-krajski-predsedovia-a-strana-organizuje-dve-protestne-zhromazdenia\/","og_site_name":"Smedemokrati.sk","article_publisher":"https:\/\/www.facebook.com\/smedemokrati2023","article_published_time":"2025-01-08T13:18:03+00:00","article_modified_time":"2025-01-08T13:18:04+00:00","og_image":[{"width":900,"height":600,"url":"https:\/\/www.smedemokrati.sk\/wp-content\/uploads\/2024\/09\/01_galko.jpg","type":"image\/jpeg"}],"author":"miro.sopko","twitter_card":"summary_large_image","twitter_misc":{"Written by":"miro.sopko","Est. reading time":"2 minutes"},"schema":{"@context":"https:\/\/schema.org","@graph":[{"@type":"Article","@id":"https:\/\/www.smedemokrati.sk\/lubomir-galko-sa-stal-clenom-predsednictva-strany-pribudli-aj-novi-krajski-predsedovia-a-strana-organizuje-dve-protestne-zhromazdenia\/#article","isPartOf":{"@id":"https:\/\/www.smedemokrati.sk\/lubomir-galko-sa-stal-clenom-predsednictva-strany-pribudli-aj-novi-krajski-predsedovia-a-strana-organizuje-dve-protestne-zhromazdenia\/"},"author":{"name":"miro.sopko","@id":"https:\/\/www.smedemokrati.sk\/#\/schema\/person\/21f147c88d605aa7ded900e1e7c344ba"},"headline":"\u013dubom\u00edr Galko sa stal \u010dlenom predsedn\u00edctva strany, pribudli aj nov\u00ed krajsk\u00ed predsedovia a strana organizuje dve protestn\u00e9 zhroma\u017edenia","datePublished":"2025-01-08T13:18:03+00:00","dateModified":"2025-01-08T13:18:04+00:00","mainEntityOfPage":{"@id":"https:\/\/www.smedemokrati.sk\/lubomir-galko-sa-stal-clenom-predsednictva-strany-pribudli-aj-novi-krajski-predsedovia-a-strana-organizuje-dve-protestne-zhromazdenia\/"},"wordCount":362,"publisher":{"@id":"https:\/\/www.smedemokrati.sk\/#organization"},"image":{"@id":"https:\/\/www.smedemokrati.sk\/lubomir-galko-sa-stal-clenom-predsednictva-strany-pribudli-aj-novi-krajski-predsedovia-a-strana-organizuje-dve-protestne-zhromazdenia\/#primaryimage"},"thumbnailUrl":"https:\/\/www.smedemokrati.sk\/wp-content\/uploads\/2024\/09\/01_galko.jpg","articleSection":["Tla\u010dov\u00e9 spr\u00e1vy"],"inLanguage":"en-US"},{"@type":"WebPage","@id":"https:\/\/www.smedemokrati.sk\/lubomir-galko-sa-stal-clenom-predsednictva-strany-pribudli-aj-novi-krajski-predsedovia-a-strana-organizuje-dve-protestne-zhromazdenia\/","url":"https:\/\/www.smedemokrati.sk\/lubomir-galko-sa-stal-clenom-predsednictva-strany-pribudli-aj-novi-krajski-predsedovia-a-strana-organizuje-dve-protestne-zhromazdenia\/","name":"\u013dubom\u00edr Galko sa stal \u010dlenom predsedn\u00edctva strany, pribudli aj nov\u00ed krajsk\u00ed predsedovia a strana organizuje dve protestn\u00e9 zhroma\u017edenia","isPartOf":{"@id":"https:\/\/www.smedemokrati.sk\/#website"},"primaryImageOfPage":{"@id":"https:\/\/www.smedemokrati.sk\/lubomir-galko-sa-stal-clenom-predsednictva-strany-pribudli-aj-novi-krajski-predsedovia-a-strana-organizuje-dve-protestne-zhromazdenia\/#primaryimage"},"image":{"@id":"https:\/\/www.smedemokrati.sk\/lubomir-galko-sa-stal-clenom-predsednictva-strany-pribudli-aj-novi-krajski-predsedovia-a-strana-organizuje-dve-protestne-zhromazdenia\/#primaryimage"},"thumbnailUrl":"https:\/\/www.smedemokrati.sk\/wp-content\/uploads\/2024\/09\/01_galko.jpg","datePublished":"2025-01-08T13:18:03+00:00","dateModified":"2025-01-08T13:18:04+00:00","breadcrumb":{"@id":"https:\/\/www.smedemokrati.sk\/lubomir-galko-sa-stal-clenom-predsednictva-strany-pribudli-aj-novi-krajski-predsedovia-a-strana-organizuje-dve-protestne-zhromazdenia\/#breadcrumb"},"inLanguage":"en-US","potentialAction":[{"@type":"ReadAction","target":["https:\/\/www.smedemokrati.sk\/lubomir-galko-sa-stal-clenom-predsednictva-strany-pribudli-aj-novi-krajski-predsedovia-a-strana-organizuje-dve-protestne-zhromazdenia\/"]}]},{"@type":"ImageObject","inLanguage":"en-US","@id":"https:\/\/www.smedemokrati.sk\/lubomir-galko-sa-stal-clenom-predsednictva-strany-pribudli-aj-novi-krajski-predsedovia-a-strana-organizuje-dve-protestne-zhromazdenia\/#primaryimage","url":"https:\/\/www.smedemokrati.sk\/wp-content\/uploads\/2024\/09\/01_galko.jpg","contentUrl":"https:\/\/www.smedemokrati.sk\/wp-content\/uploads\/2024\/09\/01_galko.jpg","width":900,"height":600},{"@type":"BreadcrumbList","@id":"https:\/\/www.smedemokrati.sk\/lubomir-galko-sa-stal-clenom-predsednictva-strany-pribudli-aj-novi-krajski-predsedovia-a-strana-organizuje-dve-protestne-zhromazdenia\/#breadcrumb","itemListElement":[{"@type":"ListItem","position":1,"name":"Domovsk\u00e1 str\u00e1nka","item":"https:\/\/www.smedemokrati.sk\/"},{"@type":"ListItem","position":2,"name":"\u013dubom\u00edr Galko sa stal \u010dlenom predsedn\u00edctva strany, pribudli aj nov\u00ed krajsk\u00ed predsedovia a strana organizuje dve protestn\u00e9 zhroma\u017edenia"}]},{"@type":"WebSite","@id":"https:\/\/www.smedemokrati.sk\/#website","url":"https:\/\/www.smedemokrati.sk\/","name":"Smedemokrati.sk","description":"Demokracia a slu\u0161nos\u0165 zv\u00ed\u0165az\u00ed","publisher":{"@id":"https:\/\/www.smedemokrati.sk\/#organization"},"potentialAction":[{"@type":"SearchAction","target":{"@type":"EntryPoint","urlTemplate":"https:\/\/www.smedemokrati.sk\/?s={search_term_string}"},"query-input":{"@type":"PropertyValueSpecification","valueRequired":true,"valueName":"search_term_string"}}],"inLanguage":"en-US"},{"@type":"Organization","@id":"https:\/\/www.smedemokrati.sk\/#organization","name":"Smedemokrati.sk","url":"https:\/\/www.smedemokrati.sk\/","logo":{"@type":"ImageObject","inLanguage":"en-US","@id":"https:\/\/www.smedemokrati.sk\/#\/schema\/logo\/image\/","url":"https:\/\/www.smedemokrati.sk\/wp-content\/uploads\/2023\/04\/ff.002.jpeg","contentUrl":"https:\/\/www.smedemokrati.sk\/wp-content\/uploads\/2023\/04\/ff.002.jpeg","width":640,"height":480,"caption":"Smedemokrati.sk"},"image":{"@id":"https:\/\/www.smedemokrati.sk\/#\/schema\/logo\/image\/"},"sameAs":["https:\/\/www.facebook.com\/smedemokrati2023"]},{"@type":"Person","@id":"https:\/\/www.smedemokrati.sk\/#\/schema\/person\/21f147c88d605aa7ded900e1e7c344ba","name":"miro.sopko","image":{"@type":"ImageObject","inLanguage":"en-US","@id":"https:\/\/secure.gravatar.com\/avatar\/267e4a36f704376c109afe3a78740c1f5dd8675a2180a908699e7863c9247606?s=96&d=mm&r=g","url":"https:\/\/secure.gravatar.com\/avatar\/267e4a36f704376c109afe3a78740c1f5dd8675a2180a908699e7863c9247606?s=96&d=mm&r=g","contentUrl":"https:\/\/secure.gravatar.com\/avatar\/267e4a36f704376c109afe3a78740c1f5dd8675a2180a908699e7863c9247606?s=96&d=mm&r=g","caption":"miro.sopko"},"url":"https:\/\/www.smedemokrati.sk\/en\/author\/miro-sopko\/"}]}},"_links":{"self":[{"href":"https:\/\/www.smedemokrati.sk\/en\/wp-json\/wp\/v2\/posts\/6077","targetHints":{"allow":["GET"]}}],"collection":[{"href":"https:\/\/www.smedemokrati.sk\/en\/wp-json\/wp\/v2\/posts"}],"about":[{"href":"https:\/\/www.smedemokrati.sk\/en\/wp-json\/wp\/v2\/types\/post"}],"author":[{"embeddable":true,"href":"https:\/\/www.smedemokrati.sk\/en\/wp-json\/wp\/v2\/users\/13"}],"replies":[{"embeddable":true,"href":"https:\/\/www.smedemokrati.sk\/en\/wp-json\/wp\/v2\/comments?post=6077"}],"version-history":[{"count":1,"href":"https:\/\/www.smedemokrati.sk\/en\/wp-json\/wp\/v2\/posts\/6077\/revisions"}],"predecessor-version":[{"id":6078,"href":"https:\/\/www.smedemokrati.sk\/en\/wp-json\/wp\/v2\/posts\/6077\/revisions\/6078"}],"wp:featuredmedia":[{"embeddable":true,"href":"https:\/\/www.smedemokrati.sk\/en\/wp-json\/wp\/v2\/media\/5076"}],"wp:attachment":[{"href":"https:\/\/www.smedemokrati.sk\/en\/wp-json\/wp\/v2\/media?parent=6077"}],"wp:term":[{"taxonomy":"category","embeddable":true,"href":"https:\/\/www.smedemokrati.sk\/en\/wp-json\/wp\/v2\/categories?post=6077"},{"taxonomy":"post_tag","embeddable":true,"href":"https:\/\/www.smedemokrati.sk\/en\/wp-json\/wp\/v2\/tags?post=6077"}],"curies":[{"name":"wp","href":"https:\/\/api.w.org\/{rel}","templated":true}]}}