{"id":6058,"date":"2025-01-05T14:40:08","date_gmt":"2025-01-05T13:40:08","guid":{"rendered":"https:\/\/www.smedemokrati.sk\/?p=6058"},"modified":"2025-01-08T14:18:25","modified_gmt":"2025-01-08T13:18:25","slug":"ziadam-poslancov-europskeho-parlamentu-aby-vystupili-v-plene-narodnej-rady","status":"publish","type":"post","link":"https:\/\/www.smedemokrati.sk\/en\/ziadam-poslancov-europskeho-parlamentu-aby-vystupili-v-plene-narodnej-rady\/","title":{"rendered":"\u017diadam poslancov Eur\u00f3pskeho parlamentu, aby vyst\u00fapili v pl\u00e9ne n\u00e1rodnej rady"},"content":{"rendered":"<div id=\"fb-root\"><\/div>\n\n<p>Slovensko potrebuje viac hovori\u0165 o eur\u00f3pskych t\u00e9mach, rie\u0161eniach a v\u00fdsledkoch spolo\u010dn\u00e9ho \u00fasilia, ktor\u00e9 sa pozit\u00edvne premieta do n\u00e1\u0161ho be\u017en\u00e9ho \u017eivota.<\/p>\n\n\n\n<p>Potrebujeme, aby ka\u017ed\u00fd na Slovensku vedel, \u017ee a\u017e viac ako 80% verejn\u00fdch financi\u00ed poch\u00e1dza pr\u00e1ve zo zdrojov Eur\u00f3pskej \u00fanie. Potrebujeme, aby nikto nepochyboval o na\u0161om ukotven\u00ed a aby ke\u010f o sebe povieme, \u017ee sme Slov\u00e1ci, prajem si, aby sme prirodzene <a><\/a>dodali, \u017ee sme aj Eur\u00f3pania.<\/p>\n\n\n\n<p>Chcem preto apelova\u0165 na poslancov Eur\u00f3pskeho parlamentu za Slovensko (t\u00fdch demokratick\u00fdch), aby vyst\u00fapili v n\u00e1rodnom parlamente a boli doslova ambas\u00e1dormi posolstiev Eur\u00f3pskej \u00fanie. Zaberme pros\u00edm v\u0161etci, ka\u017ed\u00fd svojou trochou a ka\u017ed\u00fd na svojom fronte, no so spolo\u010dn\u00fdm cie\u013eom.<\/p>\n\n\n\n<p>Preto\u017ee, kto si e\u0161te mysl\u00ed, \u017ee s\u00fa\u010dasn\u00e1 vl\u00e1da bude bra\u0165 na nie\u010do a niekoho oh\u013ead je na omyle. Jej kroky diktuje Putin a je na\u0161ou spolo\u010dnou \u00falohou urobi\u0165 v\u0161etko pre to, aby sme v E\u00da a NATO aj zotrvali.<\/p>\n\n\n\n<p><strong>Jaroslav Na\u010f, predseda Demokratov<\/strong><\/p>\n","protected":false},"excerpt":{"rendered":"<p>Slovensko potrebuje viac hovori\u0165 o eur\u00f3pskych t\u00e9mach, rie\u0161eniach a v\u00fdsledkoch spolo\u010dn\u00e9ho \u00fasilia, ktor\u00e9 sa pozit\u00edvne premieta do n\u00e1\u0161ho be\u017en\u00e9ho \u017eivota. Potrebujeme, aby ka\u017ed\u00fd na Slovensku vedel, \u017ee a\u017e viac ako 80% verejn\u00fdch financi\u00ed poch\u00e1dza pr\u00e1ve zo zdrojov Eur\u00f3pskej \u00fanie. Potrebujeme, aby nikto nepochyboval o na\u0161om ukotven\u00ed a aby ke\u010f o sebe povieme, \u017ee sme Slov\u00e1ci, [&hellip;]<\/p>\n","protected":false},"author":13,"featured_media":2993,"comment_status":"closed","ping_status":"closed","sticky":false,"template":"","format":"standard","meta":{"_acf_changed":false,"ngg_post_thumbnail":0,"footnotes":""},"categories":[11],"tags":[],"class_list":["post-6058","post","type-post","status-publish","format-standard","has-post-thumbnail","hentry","category-vyhlasenia"],"acf":[],"yoast_head":"<!-- This site is optimized with the Yoast SEO plugin v27.2 - https:\/\/yoast.com\/product\/yoast-seo-wordpress\/ -->\n<title>\u017diadam poslancov Eur\u00f3pskeho parlamentu, aby vyst\u00fapili v pl\u00e9ne n\u00e1rodnej rady<\/title>\n<meta name=\"robots\" content=\"index, follow, max-snippet:-1, max-image-preview:large, max-video-preview:-1\" \/>\n<link rel=\"canonical\" href=\"https:\/\/www.smedemokrati.sk\/en\/ziadam-poslancov-europskeho-parlamentu-aby-vystupili-v-plene-narodnej-rady\/\" \/>\n<meta property=\"og:locale\" content=\"en_US\" \/>\n<meta property=\"og:locale:alternate\" content=\"cs_CZ\" \/>\n<meta property=\"og:locale:alternate\" content=\"hu_HU\" \/>\n<meta property=\"og:locale:alternate\" content=\"sk_SK\" \/>\n<meta property=\"og:locale:alternate\" content=\"sv_SE\" \/>\n<meta property=\"og:type\" content=\"article\" \/>\n<meta property=\"og:title\" content=\"\u017diadam poslancov Eur\u00f3pskeho parlamentu, aby vyst\u00fapili v pl\u00e9ne n\u00e1rodnej rady\" \/>\n<meta property=\"og:description\" content=\"Slovensko potrebuje viac hovori\u0165 o eur\u00f3pskych t\u00e9mach, rie\u0161eniach a v\u00fdsledkoch spolo\u010dn\u00e9ho \u00fasilia, ktor\u00e9 sa pozit\u00edvne premieta do n\u00e1\u0161ho be\u017en\u00e9ho \u017eivota. Potrebujeme, aby ka\u017ed\u00fd na Slovensku vedel, \u017ee a\u017e viac ako 80% verejn\u00fdch financi\u00ed poch\u00e1dza pr\u00e1ve zo zdrojov Eur\u00f3pskej \u00fanie. Potrebujeme, aby nikto nepochyboval o na\u0161om ukotven\u00ed a aby ke\u010f o sebe povieme, \u017ee sme Slov\u00e1ci, [&hellip;]\" \/>\n<meta property=\"og:url\" content=\"https:\/\/www.smedemokrati.sk\/en\/ziadam-poslancov-europskeho-parlamentu-aby-vystupili-v-plene-narodnej-rady\/\" \/>\n<meta property=\"og:site_name\" content=\"Smedemokrati.sk\" \/>\n<meta property=\"article:publisher\" content=\"https:\/\/www.facebook.com\/smedemokrati2023\" \/>\n<meta property=\"article:published_time\" content=\"2025-01-05T13:40:08+00:00\" \/>\n<meta property=\"article:modified_time\" content=\"2025-01-08T13:18:25+00:00\" \/>\n<meta property=\"og:image\" content=\"https:\/\/www.smedemokrati.sk\/wp-content\/uploads\/2024\/03\/JN_kandidat.jpg\" \/>\n\t<meta property=\"og:image:width\" content=\"1365\" \/>\n\t<meta property=\"og:image:height\" content=\"1365\" \/>\n\t<meta property=\"og:image:type\" content=\"image\/jpeg\" \/>\n<meta name=\"author\" content=\"miro.sopko\" \/>\n<meta name=\"twitter:card\" content=\"summary_large_image\" \/>\n<meta name=\"twitter:label1\" content=\"Written by\" \/>\n\t<meta name=\"twitter:data1\" content=\"miro.sopko\" \/>\n\t<meta name=\"twitter:label2\" content=\"Est. reading time\" \/>\n\t<meta name=\"twitter:data2\" content=\"1 minute\" \/>\n<script type=\"application\/ld+json\" class=\"yoast-schema-graph\">{\"@context\":\"https:\/\/schema.org\",\"@graph\":[{\"@type\":\"Article\",\"@id\":\"https:\/\/www.smedemokrati.sk\/ziadam-poslancov-europskeho-parlamentu-aby-vystupili-v-plene-narodnej-rady\/#article\",\"isPartOf\":{\"@id\":\"https:\/\/www.smedemokrati.sk\/ziadam-poslancov-europskeho-parlamentu-aby-vystupili-v-plene-narodnej-rady\/\"},\"author\":{\"name\":\"miro.sopko\",\"@id\":\"https:\/\/www.smedemokrati.sk\/#\/schema\/person\/21f147c88d605aa7ded900e1e7c344ba\"},\"headline\":\"\u017diadam poslancov Eur\u00f3pskeho parlamentu, aby vyst\u00fapili v pl\u00e9ne n\u00e1rodnej rady\",\"datePublished\":\"2025-01-05T13:40:08+00:00\",\"dateModified\":\"2025-01-08T13:18:25+00:00\",\"mainEntityOfPage\":{\"@id\":\"https:\/\/www.smedemokrati.sk\/ziadam-poslancov-europskeho-parlamentu-aby-vystupili-v-plene-narodnej-rady\/\"},\"wordCount\":202,\"publisher\":{\"@id\":\"https:\/\/www.smedemokrati.sk\/#organization\"},\"image\":{\"@id\":\"https:\/\/www.smedemokrati.sk\/ziadam-poslancov-europskeho-parlamentu-aby-vystupili-v-plene-narodnej-rady\/#primaryimage\"},\"thumbnailUrl\":\"https:\/\/www.smedemokrati.sk\/wp-content\/uploads\/2024\/03\/JN_kandidat.jpg\",\"articleSection\":[\"Vyhl\u00e1senia\"],\"inLanguage\":\"en-US\"},{\"@type\":\"WebPage\",\"@id\":\"https:\/\/www.smedemokrati.sk\/ziadam-poslancov-europskeho-parlamentu-aby-vystupili-v-plene-narodnej-rady\/\",\"url\":\"https:\/\/www.smedemokrati.sk\/ziadam-poslancov-europskeho-parlamentu-aby-vystupili-v-plene-narodnej-rady\/\",\"name\":\"\u017diadam poslancov Eur\u00f3pskeho parlamentu, aby vyst\u00fapili v pl\u00e9ne n\u00e1rodnej rady\",\"isPartOf\":{\"@id\":\"https:\/\/www.smedemokrati.sk\/#website\"},\"primaryImageOfPage\":{\"@id\":\"https:\/\/www.smedemokrati.sk\/ziadam-poslancov-europskeho-parlamentu-aby-vystupili-v-plene-narodnej-rady\/#primaryimage\"},\"image\":{\"@id\":\"https:\/\/www.smedemokrati.sk\/ziadam-poslancov-europskeho-parlamentu-aby-vystupili-v-plene-narodnej-rady\/#primaryimage\"},\"thumbnailUrl\":\"https:\/\/www.smedemokrati.sk\/wp-content\/uploads\/2024\/03\/JN_kandidat.jpg\",\"datePublished\":\"2025-01-05T13:40:08+00:00\",\"dateModified\":\"2025-01-08T13:18:25+00:00\",\"breadcrumb\":{\"@id\":\"https:\/\/www.smedemokrati.sk\/ziadam-poslancov-europskeho-parlamentu-aby-vystupili-v-plene-narodnej-rady\/#breadcrumb\"},\"inLanguage\":\"en-US\",\"potentialAction\":[{\"@type\":\"ReadAction\",\"target\":[\"https:\/\/www.smedemokrati.sk\/ziadam-poslancov-europskeho-parlamentu-aby-vystupili-v-plene-narodnej-rady\/\"]}]},{\"@type\":\"ImageObject\",\"inLanguage\":\"en-US\",\"@id\":\"https:\/\/www.smedemokrati.sk\/ziadam-poslancov-europskeho-parlamentu-aby-vystupili-v-plene-narodnej-rady\/#primaryimage\",\"url\":\"https:\/\/www.smedemokrati.sk\/wp-content\/uploads\/2024\/03\/JN_kandidat.jpg\",\"contentUrl\":\"https:\/\/www.smedemokrati.sk\/wp-content\/uploads\/2024\/03\/JN_kandidat.jpg\",\"width\":1365,\"height\":1365},{\"@type\":\"BreadcrumbList\",\"@id\":\"https:\/\/www.smedemokrati.sk\/ziadam-poslancov-europskeho-parlamentu-aby-vystupili-v-plene-narodnej-rady\/#breadcrumb\",\"itemListElement\":[{\"@type\":\"ListItem\",\"position\":1,\"name\":\"Domovsk\u00e1 str\u00e1nka\",\"item\":\"https:\/\/www.smedemokrati.sk\/\"},{\"@type\":\"ListItem\",\"position\":2,\"name\":\"\u017diadam poslancov Eur\u00f3pskeho parlamentu, aby vyst\u00fapili v pl\u00e9ne n\u00e1rodnej rady\"}]},{\"@type\":\"WebSite\",\"@id\":\"https:\/\/www.smedemokrati.sk\/#website\",\"url\":\"https:\/\/www.smedemokrati.sk\/\",\"name\":\"Smedemokrati.sk\",\"description\":\"Demokracia a slu\u0161nos\u0165 zv\u00ed\u0165az\u00ed\",\"publisher\":{\"@id\":\"https:\/\/www.smedemokrati.sk\/#organization\"},\"potentialAction\":[{\"@type\":\"SearchAction\",\"target\":{\"@type\":\"EntryPoint\",\"urlTemplate\":\"https:\/\/www.smedemokrati.sk\/?s={search_term_string}\"},\"query-input\":{\"@type\":\"PropertyValueSpecification\",\"valueRequired\":true,\"valueName\":\"search_term_string\"}}],\"inLanguage\":\"en-US\"},{\"@type\":\"Organization\",\"@id\":\"https:\/\/www.smedemokrati.sk\/#organization\",\"name\":\"Smedemokrati.sk\",\"url\":\"https:\/\/www.smedemokrati.sk\/\",\"logo\":{\"@type\":\"ImageObject\",\"inLanguage\":\"en-US\",\"@id\":\"https:\/\/www.smedemokrati.sk\/#\/schema\/logo\/image\/\",\"url\":\"https:\/\/www.smedemokrati.sk\/wp-content\/uploads\/2023\/04\/ff.002.jpeg\",\"contentUrl\":\"https:\/\/www.smedemokrati.sk\/wp-content\/uploads\/2023\/04\/ff.002.jpeg\",\"width\":640,\"height\":480,\"caption\":\"Smedemokrati.sk\"},\"image\":{\"@id\":\"https:\/\/www.smedemokrati.sk\/#\/schema\/logo\/image\/\"},\"sameAs\":[\"https:\/\/www.facebook.com\/smedemokrati2023\"]},{\"@type\":\"Person\",\"@id\":\"https:\/\/www.smedemokrati.sk\/#\/schema\/person\/21f147c88d605aa7ded900e1e7c344ba\",\"name\":\"miro.sopko\",\"image\":{\"@type\":\"ImageObject\",\"inLanguage\":\"en-US\",\"@id\":\"https:\/\/secure.gravatar.com\/avatar\/267e4a36f704376c109afe3a78740c1f5dd8675a2180a908699e7863c9247606?s=96&d=mm&r=g\",\"url\":\"https:\/\/secure.gravatar.com\/avatar\/267e4a36f704376c109afe3a78740c1f5dd8675a2180a908699e7863c9247606?s=96&d=mm&r=g\",\"contentUrl\":\"https:\/\/secure.gravatar.com\/avatar\/267e4a36f704376c109afe3a78740c1f5dd8675a2180a908699e7863c9247606?s=96&d=mm&r=g\",\"caption\":\"miro.sopko\"},\"url\":\"https:\/\/www.smedemokrati.sk\/en\/author\/miro-sopko\/\"}]}<\/script>\n<!-- \/ Yoast SEO plugin. -->","yoast_head_json":{"title":"\u017diadam poslancov Eur\u00f3pskeho parlamentu, aby vyst\u00fapili v pl\u00e9ne n\u00e1rodnej rady","robots":{"index":"index","follow":"follow","max-snippet":"max-snippet:-1","max-image-preview":"max-image-preview:large","max-video-preview":"max-video-preview:-1"},"canonical":"https:\/\/www.smedemokrati.sk\/en\/ziadam-poslancov-europskeho-parlamentu-aby-vystupili-v-plene-narodnej-rady\/","og_locale":"en_US","og_type":"article","og_title":"[:sk]\u017diadam poslancov Eur\u00f3pskeho parlamentu, aby vyst\u00fapili v pl\u00e9ne n\u00e1rodnej rady[:] - Smedemokrati.sk","og_description":"Slovensko potrebuje viac hovori\u0165 o eur\u00f3pskych t\u00e9mach, rie\u0161eniach a v\u00fdsledkoch spolo\u010dn\u00e9ho \u00fasilia, ktor\u00e9 sa pozit\u00edvne premieta do n\u00e1\u0161ho be\u017en\u00e9ho \u017eivota. Potrebujeme, aby ka\u017ed\u00fd na Slovensku vedel, \u017ee a\u017e viac ako 80% verejn\u00fdch financi\u00ed poch\u00e1dza pr\u00e1ve zo zdrojov Eur\u00f3pskej \u00fanie. Potrebujeme, aby nikto nepochyboval o na\u0161om ukotven\u00ed a aby ke\u010f o sebe povieme, \u017ee sme Slov\u00e1ci, [&hellip;]","og_url":"https:\/\/www.smedemokrati.sk\/en\/ziadam-poslancov-europskeho-parlamentu-aby-vystupili-v-plene-narodnej-rady\/","og_site_name":"Smedemokrati.sk","article_publisher":"https:\/\/www.facebook.com\/smedemokrati2023","article_published_time":"2025-01-05T13:40:08+00:00","article_modified_time":"2025-01-08T13:18:25+00:00","og_image":[{"width":1365,"height":1365,"url":"https:\/\/www.smedemokrati.sk\/wp-content\/uploads\/2024\/03\/JN_kandidat.jpg","type":"image\/jpeg"}],"author":"miro.sopko","twitter_card":"summary_large_image","twitter_misc":{"Written by":"miro.sopko","Est. reading time":"1 minute"},"schema":{"@context":"https:\/\/schema.org","@graph":[{"@type":"Article","@id":"https:\/\/www.smedemokrati.sk\/ziadam-poslancov-europskeho-parlamentu-aby-vystupili-v-plene-narodnej-rady\/#article","isPartOf":{"@id":"https:\/\/www.smedemokrati.sk\/ziadam-poslancov-europskeho-parlamentu-aby-vystupili-v-plene-narodnej-rady\/"},"author":{"name":"miro.sopko","@id":"https:\/\/www.smedemokrati.sk\/#\/schema\/person\/21f147c88d605aa7ded900e1e7c344ba"},"headline":"\u017diadam poslancov Eur\u00f3pskeho parlamentu, aby vyst\u00fapili v pl\u00e9ne n\u00e1rodnej rady","datePublished":"2025-01-05T13:40:08+00:00","dateModified":"2025-01-08T13:18:25+00:00","mainEntityOfPage":{"@id":"https:\/\/www.smedemokrati.sk\/ziadam-poslancov-europskeho-parlamentu-aby-vystupili-v-plene-narodnej-rady\/"},"wordCount":202,"publisher":{"@id":"https:\/\/www.smedemokrati.sk\/#organization"},"image":{"@id":"https:\/\/www.smedemokrati.sk\/ziadam-poslancov-europskeho-parlamentu-aby-vystupili-v-plene-narodnej-rady\/#primaryimage"},"thumbnailUrl":"https:\/\/www.smedemokrati.sk\/wp-content\/uploads\/2024\/03\/JN_kandidat.jpg","articleSection":["Vyhl\u00e1senia"],"inLanguage":"en-US"},{"@type":"WebPage","@id":"https:\/\/www.smedemokrati.sk\/ziadam-poslancov-europskeho-parlamentu-aby-vystupili-v-plene-narodnej-rady\/","url":"https:\/\/www.smedemokrati.sk\/ziadam-poslancov-europskeho-parlamentu-aby-vystupili-v-plene-narodnej-rady\/","name":"\u017diadam poslancov Eur\u00f3pskeho parlamentu, aby vyst\u00fapili v pl\u00e9ne n\u00e1rodnej rady","isPartOf":{"@id":"https:\/\/www.smedemokrati.sk\/#website"},"primaryImageOfPage":{"@id":"https:\/\/www.smedemokrati.sk\/ziadam-poslancov-europskeho-parlamentu-aby-vystupili-v-plene-narodnej-rady\/#primaryimage"},"image":{"@id":"https:\/\/www.smedemokrati.sk\/ziadam-poslancov-europskeho-parlamentu-aby-vystupili-v-plene-narodnej-rady\/#primaryimage"},"thumbnailUrl":"https:\/\/www.smedemokrati.sk\/wp-content\/uploads\/2024\/03\/JN_kandidat.jpg","datePublished":"2025-01-05T13:40:08+00:00","dateModified":"2025-01-08T13:18:25+00:00","breadcrumb":{"@id":"https:\/\/www.smedemokrati.sk\/ziadam-poslancov-europskeho-parlamentu-aby-vystupili-v-plene-narodnej-rady\/#breadcrumb"},"inLanguage":"en-US","potentialAction":[{"@type":"ReadAction","target":["https:\/\/www.smedemokrati.sk\/ziadam-poslancov-europskeho-parlamentu-aby-vystupili-v-plene-narodnej-rady\/"]}]},{"@type":"ImageObject","inLanguage":"en-US","@id":"https:\/\/www.smedemokrati.sk\/ziadam-poslancov-europskeho-parlamentu-aby-vystupili-v-plene-narodnej-rady\/#primaryimage","url":"https:\/\/www.smedemokrati.sk\/wp-content\/uploads\/2024\/03\/JN_kandidat.jpg","contentUrl":"https:\/\/www.smedemokrati.sk\/wp-content\/uploads\/2024\/03\/JN_kandidat.jpg","width":1365,"height":1365},{"@type":"BreadcrumbList","@id":"https:\/\/www.smedemokrati.sk\/ziadam-poslancov-europskeho-parlamentu-aby-vystupili-v-plene-narodnej-rady\/#breadcrumb","itemListElement":[{"@type":"ListItem","position":1,"name":"Domovsk\u00e1 str\u00e1nka","item":"https:\/\/www.smedemokrati.sk\/"},{"@type":"ListItem","position":2,"name":"\u017diadam poslancov Eur\u00f3pskeho parlamentu, aby vyst\u00fapili v pl\u00e9ne n\u00e1rodnej rady"}]},{"@type":"WebSite","@id":"https:\/\/www.smedemokrati.sk\/#website","url":"https:\/\/www.smedemokrati.sk\/","name":"Smedemokrati.sk","description":"Demokracia a slu\u0161nos\u0165 zv\u00ed\u0165az\u00ed","publisher":{"@id":"https:\/\/www.smedemokrati.sk\/#organization"},"potentialAction":[{"@type":"SearchAction","target":{"@type":"EntryPoint","urlTemplate":"https:\/\/www.smedemokrati.sk\/?s={search_term_string}"},"query-input":{"@type":"PropertyValueSpecification","valueRequired":true,"valueName":"search_term_string"}}],"inLanguage":"en-US"},{"@type":"Organization","@id":"https:\/\/www.smedemokrati.sk\/#organization","name":"Smedemokrati.sk","url":"https:\/\/www.smedemokrati.sk\/","logo":{"@type":"ImageObject","inLanguage":"en-US","@id":"https:\/\/www.smedemokrati.sk\/#\/schema\/logo\/image\/","url":"https:\/\/www.smedemokrati.sk\/wp-content\/uploads\/2023\/04\/ff.002.jpeg","contentUrl":"https:\/\/www.smedemokrati.sk\/wp-content\/uploads\/2023\/04\/ff.002.jpeg","width":640,"height":480,"caption":"Smedemokrati.sk"},"image":{"@id":"https:\/\/www.smedemokrati.sk\/#\/schema\/logo\/image\/"},"sameAs":["https:\/\/www.facebook.com\/smedemokrati2023"]},{"@type":"Person","@id":"https:\/\/www.smedemokrati.sk\/#\/schema\/person\/21f147c88d605aa7ded900e1e7c344ba","name":"miro.sopko","image":{"@type":"ImageObject","inLanguage":"en-US","@id":"https:\/\/secure.gravatar.com\/avatar\/267e4a36f704376c109afe3a78740c1f5dd8675a2180a908699e7863c9247606?s=96&d=mm&r=g","url":"https:\/\/secure.gravatar.com\/avatar\/267e4a36f704376c109afe3a78740c1f5dd8675a2180a908699e7863c9247606?s=96&d=mm&r=g","contentUrl":"https:\/\/secure.gravatar.com\/avatar\/267e4a36f704376c109afe3a78740c1f5dd8675a2180a908699e7863c9247606?s=96&d=mm&r=g","caption":"miro.sopko"},"url":"https:\/\/www.smedemokrati.sk\/en\/author\/miro-sopko\/"}]}},"_links":{"self":[{"href":"https:\/\/www.smedemokrati.sk\/en\/wp-json\/wp\/v2\/posts\/6058","targetHints":{"allow":["GET"]}}],"collection":[{"href":"https:\/\/www.smedemokrati.sk\/en\/wp-json\/wp\/v2\/posts"}],"about":[{"href":"https:\/\/www.smedemokrati.sk\/en\/wp-json\/wp\/v2\/types\/post"}],"author":[{"embeddable":true,"href":"https:\/\/www.smedemokrati.sk\/en\/wp-json\/wp\/v2\/users\/13"}],"replies":[{"embeddable":true,"href":"https:\/\/www.smedemokrati.sk\/en\/wp-json\/wp\/v2\/comments?post=6058"}],"version-history":[{"count":2,"href":"https:\/\/www.smedemokrati.sk\/en\/wp-json\/wp\/v2\/posts\/6058\/revisions"}],"predecessor-version":[{"id":6060,"href":"https:\/\/www.smedemokrati.sk\/en\/wp-json\/wp\/v2\/posts\/6058\/revisions\/6060"}],"wp:featuredmedia":[{"embeddable":true,"href":"https:\/\/www.smedemokrati.sk\/en\/wp-json\/wp\/v2\/media\/2993"}],"wp:attachment":[{"href":"https:\/\/www.smedemokrati.sk\/en\/wp-json\/wp\/v2\/media?parent=6058"}],"wp:term":[{"taxonomy":"category","embeddable":true,"href":"https:\/\/www.smedemokrati.sk\/en\/wp-json\/wp\/v2\/categories?post=6058"},{"taxonomy":"post_tag","embeddable":true,"href":"https:\/\/www.smedemokrati.sk\/en\/wp-json\/wp\/v2\/tags?post=6058"}],"curies":[{"name":"wp","href":"https:\/\/api.w.org\/{rel}","templated":true}]}}