{"id":6032,"date":"2024-12-30T13:00:37","date_gmt":"2024-12-30T12:00:37","guid":{"rendered":"https:\/\/www.smedemokrati.sk\/?p=6032"},"modified":"2025-01-03T17:10:46","modified_gmt":"2025-01-03T16:10:46","slug":"predcasne-volby-nemusia-byt-v-rukach-koalicie-musime-konat","status":"publish","type":"post","link":"https:\/\/www.smedemokrati.sk\/en\/predcasne-volby-nemusia-byt-v-rukach-koalicie-musime-konat\/","title":{"rendered":"Pred\u010dasn\u00e9 vo\u013eby nemusia by\u0165 v ruk\u00e1ch koal\u00edcie, mus\u00edme kona\u0165"},"content":{"rendered":"<div id=\"fb-root\"><\/div>\n\n<p><strong>Demokrati pripravili\u00a0<em>n\u00e1vrh na vyslovenie ned\u00f4very<\/em>\u00a0vl\u00e1de Roberta Fica, vyz\u00fdvaj\u00fa k\u00a0<em>spolo\u010dn\u00e9mu postupu opoz\u00edcie ale aj ob\u010dianskej spolo\u010dnosti<\/em>\u00a0a op\u00e4tovne\u00a0<em>pon\u00fakaj\u00fa spolupr\u00e1cu pri zbere podpisov<\/em>\u00a0za pred\u010dasn\u00e9 vo\u013eby v r\u00e1mci pet\u00edcie <a href=\"http:\/\/www.stacilofica.sk\" target=\"_blank\" rel=\"noreferrer noopener\">Sta\u010dilo Fica<\/a>. Strana tak reaguje na kroky s\u00fa\u010dasnej vl\u00e1dy, ktor\u00e1 pod\u013ea Demokratov kon\u00e1 v rozpore so \u0161t\u00e1tnymi z\u00e1ujmami a predstavuje ohrozenie slovenskej ekonomiky a bezpe\u010dnosti.<\/strong><\/p>\n\n\n\n<p>Predseda Demokratov Jaroslav Na\u010f kritizuje R\u00f3berta Fica za jeho cestu do Moskvy:\u00a0<em>\u201eSom presved\u010den\u00fd, \u017ee R\u00f3bert Fico nebol rokova\u0165 o plyne, preto\u017ee ten na bud\u00faci rok vyrokoval Karel Hirman za na\u0161ej vl\u00e1dy. Nepochybujem, \u017ee si bol pre pokyny \u010do robi\u0165 pre to, aby sa Slovensko stalo Putinov\u00fdm partnerom vo vojne proti Ukrajine. A to, \u017ee sa premi\u00e9r Slovenska vyhr\u00e1\u017ea n\u00e1\u0161mu susedovi, \u017ee mu vypne elektrinu, je najpodlej\u0161ia \u010dere\u0161ni\u010dka na torte,&#8221;\u00a0<\/em>hovor\u00ed Jaroslav Na\u010f a pripom\u00edna, \u017ee pred ostatn\u00fdmi parlamentn\u00fdmi vo\u013ebami hovoril o mo\u017en\u00fdch z\u00e1sahoch Ruska do kampane a predpoklad\u00e1, \u017ee konanie s\u00fa\u010dasnej vl\u00e1dy v prospech Putina m\u00f4\u017ee s t\u00fdmto \u00fazko s\u00favisie\u0165.<\/p>\n\n\n\n<p><em>\u201ePred\u010dasn\u00e9 vo\u013eby nemusia by\u0165 v ruk\u00e1ch koal\u00edcie. Potrebujeme vytvori\u0165 spolo\u010dn\u00fd tlak. Pros\u00edm, aby sme si kone\u010dne sadli za jeden st\u00f4l a nehovor\u00edm teraz len o opoz\u00edcii. Situ\u00e1cia je tak v\u00e1\u017ena, \u017ee sa potrebujeme spoji\u0165 naprie\u010d cel\u00fdm demokratick\u00fdm spektrom ob\u010dianskej, kult\u00farnej a politickej spolo\u010dnosti.&#8221;\u00a0<\/em>Povedal Jaroslav Na\u010f a uzavrel, \u017ee pod\u013ea jeho domnienky, sa R\u00f3bert Fico m\u00f4\u017ee pok\u00fa\u0161a\u0165 dosta\u0165 Slovensko z E\u00da a NATO. Nazna\u010duje, \u017ee kroky s\u00fa\u010dasn\u00e9ho premi\u00e9ra s\u00fa tak z\u00e1sadn\u00e9, \u017ee n\u00e1s m\u00f4\u017eu \u0165aha\u0165 do vojny, preto\u017ee otvoria energetick\u00fd front na strane Putina. Preto u\u017e nie je \u010das vajata\u0165.<\/p>\n\n\n\n<p>Juraj \u0160eliga, podpredseda strany hovor\u00ed o troch konkr\u00e9tnych krokoch, ktor\u00fdmi m\u00f4\u017eeme ako spolo\u010dnos\u0165 demokraticky a v r\u00e1mci z\u00e1konnosti da\u0165 najavo nes\u00fahlas s krokmi s\u00fa\u010dasnej politiky R\u00f3berta Fica.\u00a0<em>\u201ePripravili sme n\u00e1vrh na vyslovenie ned\u00f4very vl\u00e1de. U\u017e nie je \u010das rozm\u00fd\u0161\u013ea\u0165 a filizofova\u0165, ve\u010f vid\u00edme rozklad \u0161t\u00e1tu v priamom prenose. Potrebujeme 30 podpisov, \u013dubom\u00edr Galko svoj podpis samozrejme odovzd\u00e1. Vyz\u00fdvame na spolo\u010dn\u00fd postup a mas\u00edvne protesty celej demokratickej \u010di politickej alebo apolitickej spolo\u010dnosti. A neposledne, st\u00e1le je k dispoz\u00edcii pet\u00edcia Sta\u010dilo Fica, ktor\u00fa na\u010falej zbierame, no viac r\u00fak dok\u00e1\u017ee viac.&#8221;<\/em><\/p>\n\n\n\n<p>Pod\u013ea expremi\u00e9ra Eduarda Hegera ide o bezprecedentn\u00fa situ\u00e1ciu, najm\u00e4 s oh\u013eadom na zahrani\u010dno-politick\u00fd kontext:\u00a0<em>\u201eR\u00f3bert Fico roztrhal na\u0161u zahrani\u010dn\u00fa politiku na franforce. Od ukrajinsk\u00e9ho prezidenta odmietol stovky mili\u00f3nov ako kompenz\u00e1ciu za to, \u017ee nebudeme odobera\u0165 od Ruska plyn. Na druhej strane chce Ukrajine vypn\u00fa\u0165 dod\u00e1vky elektriny zo Slovenska, za ktor\u00e9 n\u00e1m Ukrajinci riadne platia a predstavuje to mili\u00f3ny v na\u0161om \u0161t\u00e1tnom rozpo\u010dte. Ak k tomu d\u00f4jde, zomr\u00fa \u013eudia na Ukrajine a Slovensko rozhodnut\u00edm premi\u00e9ra, bude za to zodpovedn\u00e9. Toto chceme? Ve\u010f to je zrada slovensk\u00fdch z\u00e1ujmov, n\u00e1s ob\u010danov a ohrozenie na\u0161ej ekonomiky a bezpe\u010dnostn\u00fdch princ\u00edpov.&#8221;\u00a0<\/em><\/p>\n\n\n<div class=\"fb-video\" data-href=\"https:\/\/fb.watch\/wOeKaRb3TW\" data-allowfullscreen=\"true\" data-autoplay=\"false\" data-width=\"\" data-show-text=\"false\" data-show-captions=\"true\"><\/div>\n","protected":false},"excerpt":{"rendered":"<p>Demokrati pripravili\u00a0n\u00e1vrh na vyslovenie ned\u00f4very\u00a0vl\u00e1de Roberta Fica, vyz\u00fdvaj\u00fa k\u00a0spolo\u010dn\u00e9mu postupu opoz\u00edcie ale aj ob\u010dianskej spolo\u010dnosti\u00a0a op\u00e4tovne\u00a0pon\u00fakaj\u00fa spolupr\u00e1cu pri zbere podpisov\u00a0za pred\u010dasn\u00e9 vo\u013eby v r\u00e1mci pet\u00edcie Sta\u010dilo Fica. Strana tak reaguje na kroky s\u00fa\u010dasnej vl\u00e1dy, ktor\u00e1 pod\u013ea Demokratov kon\u00e1 v rozpore so \u0161t\u00e1tnymi z\u00e1ujmami a predstavuje ohrozenie slovenskej ekonomiky a bezpe\u010dnosti. Predseda Demokratov Jaroslav Na\u010f kritizuje [&hellip;]<\/p>\n","protected":false},"author":13,"featured_media":6033,"comment_status":"closed","ping_status":"closed","sticky":false,"template":"","format":"standard","meta":{"_acf_changed":false,"ngg_post_thumbnail":0,"footnotes":""},"categories":[4],"tags":[],"class_list":["post-6032","post","type-post","status-publish","format-standard","has-post-thumbnail","hentry","category-tlacove-spravy"],"acf":[],"yoast_head":"<!-- This site is optimized with the Yoast SEO plugin v27.2 - https:\/\/yoast.com\/product\/yoast-seo-wordpress\/ -->\n<title>Pred\u010dasn\u00e9 vo\u013eby nemusia by\u0165 v ruk\u00e1ch koal\u00edcie, mus\u00edme kona\u0165<\/title>\n<meta name=\"robots\" content=\"index, follow, max-snippet:-1, max-image-preview:large, max-video-preview:-1\" \/>\n<link rel=\"canonical\" href=\"https:\/\/www.smedemokrati.sk\/en\/predcasne-volby-nemusia-byt-v-rukach-koalicie-musime-konat\/\" \/>\n<meta property=\"og:locale\" content=\"en_US\" \/>\n<meta property=\"og:locale:alternate\" content=\"cs_CZ\" \/>\n<meta property=\"og:locale:alternate\" content=\"hu_HU\" \/>\n<meta property=\"og:locale:alternate\" content=\"sk_SK\" \/>\n<meta property=\"og:locale:alternate\" content=\"sv_SE\" \/>\n<meta property=\"og:type\" content=\"article\" \/>\n<meta property=\"og:title\" content=\"Pred\u010dasn\u00e9 vo\u013eby nemusia by\u0165 v ruk\u00e1ch koal\u00edcie, mus\u00edme kona\u0165\" \/>\n<meta property=\"og:description\" content=\"Demokrati pripravili\u00a0n\u00e1vrh na vyslovenie ned\u00f4very\u00a0vl\u00e1de Roberta Fica, vyz\u00fdvaj\u00fa k\u00a0spolo\u010dn\u00e9mu postupu opoz\u00edcie ale aj ob\u010dianskej spolo\u010dnosti\u00a0a op\u00e4tovne\u00a0pon\u00fakaj\u00fa spolupr\u00e1cu pri zbere podpisov\u00a0za pred\u010dasn\u00e9 vo\u013eby v r\u00e1mci pet\u00edcie Sta\u010dilo Fica. Strana tak reaguje na kroky s\u00fa\u010dasnej vl\u00e1dy, ktor\u00e1 pod\u013ea Demokratov kon\u00e1 v rozpore so \u0161t\u00e1tnymi z\u00e1ujmami a predstavuje ohrozenie slovenskej ekonomiky a bezpe\u010dnosti. Predseda Demokratov Jaroslav Na\u010f kritizuje [&hellip;]\" \/>\n<meta property=\"og:url\" content=\"https:\/\/www.smedemokrati.sk\/en\/predcasne-volby-nemusia-byt-v-rukach-koalicie-musime-konat\/\" \/>\n<meta property=\"og:site_name\" content=\"Smedemokrati.sk\" \/>\n<meta property=\"article:publisher\" content=\"https:\/\/www.facebook.com\/smedemokrati2023\" \/>\n<meta property=\"article:published_time\" content=\"2024-12-30T12:00:37+00:00\" \/>\n<meta property=\"article:modified_time\" content=\"2025-01-03T16:10:46+00:00\" \/>\n<meta property=\"og:image\" content=\"https:\/\/www.smedemokrati.sk\/wp-content\/uploads\/2024\/12\/vyzva-opozicii.jpg\" \/>\n\t<meta property=\"og:image:width\" content=\"1251\" \/>\n\t<meta property=\"og:image:height\" content=\"705\" \/>\n\t<meta property=\"og:image:type\" content=\"image\/jpeg\" \/>\n<meta name=\"author\" content=\"miro.sopko\" \/>\n<meta name=\"twitter:card\" content=\"summary_large_image\" \/>\n<meta name=\"twitter:label1\" content=\"Written by\" \/>\n\t<meta name=\"twitter:data1\" content=\"miro.sopko\" \/>\n\t<meta name=\"twitter:label2\" content=\"Est. reading time\" \/>\n\t<meta name=\"twitter:data2\" content=\"3 minutes\" \/>\n<script type=\"application\/ld+json\" class=\"yoast-schema-graph\">{\"@context\":\"https:\/\/schema.org\",\"@graph\":[{\"@type\":\"Article\",\"@id\":\"https:\/\/www.smedemokrati.sk\/predcasne-volby-nemusia-byt-v-rukach-koalicie-musime-konat\/#article\",\"isPartOf\":{\"@id\":\"https:\/\/www.smedemokrati.sk\/predcasne-volby-nemusia-byt-v-rukach-koalicie-musime-konat\/\"},\"author\":{\"name\":\"miro.sopko\",\"@id\":\"https:\/\/www.smedemokrati.sk\/#\/schema\/person\/21f147c88d605aa7ded900e1e7c344ba\"},\"headline\":\"Pred\u010dasn\u00e9 vo\u013eby nemusia by\u0165 v ruk\u00e1ch koal\u00edcie, mus\u00edme kona\u0165\",\"datePublished\":\"2024-12-30T12:00:37+00:00\",\"dateModified\":\"2025-01-03T16:10:46+00:00\",\"mainEntityOfPage\":{\"@id\":\"https:\/\/www.smedemokrati.sk\/predcasne-volby-nemusia-byt-v-rukach-koalicie-musime-konat\/\"},\"wordCount\":587,\"publisher\":{\"@id\":\"https:\/\/www.smedemokrati.sk\/#organization\"},\"image\":{\"@id\":\"https:\/\/www.smedemokrati.sk\/predcasne-volby-nemusia-byt-v-rukach-koalicie-musime-konat\/#primaryimage\"},\"thumbnailUrl\":\"https:\/\/www.smedemokrati.sk\/wp-content\/uploads\/2024\/12\/vyzva-opozicii.jpg\",\"articleSection\":[\"Tla\u010dov\u00e9 spr\u00e1vy\"],\"inLanguage\":\"en-US\"},{\"@type\":\"WebPage\",\"@id\":\"https:\/\/www.smedemokrati.sk\/predcasne-volby-nemusia-byt-v-rukach-koalicie-musime-konat\/\",\"url\":\"https:\/\/www.smedemokrati.sk\/predcasne-volby-nemusia-byt-v-rukach-koalicie-musime-konat\/\",\"name\":\"Pred\u010dasn\u00e9 vo\u013eby nemusia by\u0165 v ruk\u00e1ch koal\u00edcie, mus\u00edme kona\u0165\",\"isPartOf\":{\"@id\":\"https:\/\/www.smedemokrati.sk\/#website\"},\"primaryImageOfPage\":{\"@id\":\"https:\/\/www.smedemokrati.sk\/predcasne-volby-nemusia-byt-v-rukach-koalicie-musime-konat\/#primaryimage\"},\"image\":{\"@id\":\"https:\/\/www.smedemokrati.sk\/predcasne-volby-nemusia-byt-v-rukach-koalicie-musime-konat\/#primaryimage\"},\"thumbnailUrl\":\"https:\/\/www.smedemokrati.sk\/wp-content\/uploads\/2024\/12\/vyzva-opozicii.jpg\",\"datePublished\":\"2024-12-30T12:00:37+00:00\",\"dateModified\":\"2025-01-03T16:10:46+00:00\",\"breadcrumb\":{\"@id\":\"https:\/\/www.smedemokrati.sk\/predcasne-volby-nemusia-byt-v-rukach-koalicie-musime-konat\/#breadcrumb\"},\"inLanguage\":\"en-US\",\"potentialAction\":[{\"@type\":\"ReadAction\",\"target\":[\"https:\/\/www.smedemokrati.sk\/predcasne-volby-nemusia-byt-v-rukach-koalicie-musime-konat\/\"]}]},{\"@type\":\"ImageObject\",\"inLanguage\":\"en-US\",\"@id\":\"https:\/\/www.smedemokrati.sk\/predcasne-volby-nemusia-byt-v-rukach-koalicie-musime-konat\/#primaryimage\",\"url\":\"https:\/\/www.smedemokrati.sk\/wp-content\/uploads\/2024\/12\/vyzva-opozicii.jpg\",\"contentUrl\":\"https:\/\/www.smedemokrati.sk\/wp-content\/uploads\/2024\/12\/vyzva-opozicii.jpg\",\"width\":1251,\"height\":705},{\"@type\":\"BreadcrumbList\",\"@id\":\"https:\/\/www.smedemokrati.sk\/predcasne-volby-nemusia-byt-v-rukach-koalicie-musime-konat\/#breadcrumb\",\"itemListElement\":[{\"@type\":\"ListItem\",\"position\":1,\"name\":\"Domovsk\u00e1 str\u00e1nka\",\"item\":\"https:\/\/www.smedemokrati.sk\/\"},{\"@type\":\"ListItem\",\"position\":2,\"name\":\"Pred\u010dasn\u00e9 vo\u013eby nemusia by\u0165 v ruk\u00e1ch koal\u00edcie, mus\u00edme kona\u0165\"}]},{\"@type\":\"WebSite\",\"@id\":\"https:\/\/www.smedemokrati.sk\/#website\",\"url\":\"https:\/\/www.smedemokrati.sk\/\",\"name\":\"Smedemokrati.sk\",\"description\":\"Demokracia a slu\u0161nos\u0165 zv\u00ed\u0165az\u00ed\",\"publisher\":{\"@id\":\"https:\/\/www.smedemokrati.sk\/#organization\"},\"potentialAction\":[{\"@type\":\"SearchAction\",\"target\":{\"@type\":\"EntryPoint\",\"urlTemplate\":\"https:\/\/www.smedemokrati.sk\/?s={search_term_string}\"},\"query-input\":{\"@type\":\"PropertyValueSpecification\",\"valueRequired\":true,\"valueName\":\"search_term_string\"}}],\"inLanguage\":\"en-US\"},{\"@type\":\"Organization\",\"@id\":\"https:\/\/www.smedemokrati.sk\/#organization\",\"name\":\"Smedemokrati.sk\",\"url\":\"https:\/\/www.smedemokrati.sk\/\",\"logo\":{\"@type\":\"ImageObject\",\"inLanguage\":\"en-US\",\"@id\":\"https:\/\/www.smedemokrati.sk\/#\/schema\/logo\/image\/\",\"url\":\"https:\/\/www.smedemokrati.sk\/wp-content\/uploads\/2023\/04\/ff.002.jpeg\",\"contentUrl\":\"https:\/\/www.smedemokrati.sk\/wp-content\/uploads\/2023\/04\/ff.002.jpeg\",\"width\":640,\"height\":480,\"caption\":\"Smedemokrati.sk\"},\"image\":{\"@id\":\"https:\/\/www.smedemokrati.sk\/#\/schema\/logo\/image\/\"},\"sameAs\":[\"https:\/\/www.facebook.com\/smedemokrati2023\"]},{\"@type\":\"Person\",\"@id\":\"https:\/\/www.smedemokrati.sk\/#\/schema\/person\/21f147c88d605aa7ded900e1e7c344ba\",\"name\":\"miro.sopko\",\"image\":{\"@type\":\"ImageObject\",\"inLanguage\":\"en-US\",\"@id\":\"https:\/\/secure.gravatar.com\/avatar\/267e4a36f704376c109afe3a78740c1f5dd8675a2180a908699e7863c9247606?s=96&d=mm&r=g\",\"url\":\"https:\/\/secure.gravatar.com\/avatar\/267e4a36f704376c109afe3a78740c1f5dd8675a2180a908699e7863c9247606?s=96&d=mm&r=g\",\"contentUrl\":\"https:\/\/secure.gravatar.com\/avatar\/267e4a36f704376c109afe3a78740c1f5dd8675a2180a908699e7863c9247606?s=96&d=mm&r=g\",\"caption\":\"miro.sopko\"},\"url\":\"https:\/\/www.smedemokrati.sk\/en\/author\/miro-sopko\/\"}]}<\/script>\n<!-- \/ Yoast SEO plugin. -->","yoast_head_json":{"title":"Pred\u010dasn\u00e9 vo\u013eby nemusia by\u0165 v ruk\u00e1ch koal\u00edcie, mus\u00edme kona\u0165","robots":{"index":"index","follow":"follow","max-snippet":"max-snippet:-1","max-image-preview":"max-image-preview:large","max-video-preview":"max-video-preview:-1"},"canonical":"https:\/\/www.smedemokrati.sk\/en\/predcasne-volby-nemusia-byt-v-rukach-koalicie-musime-konat\/","og_locale":"en_US","og_type":"article","og_title":"[:sk]Pred\u010dasn\u00e9 vo\u013eby nemusia by\u0165 v ruk\u00e1ch koal\u00edcie, mus\u00edme kona\u0165[:] - Smedemokrati.sk","og_description":"Demokrati pripravili\u00a0n\u00e1vrh na vyslovenie ned\u00f4very\u00a0vl\u00e1de Roberta Fica, vyz\u00fdvaj\u00fa k\u00a0spolo\u010dn\u00e9mu postupu opoz\u00edcie ale aj ob\u010dianskej spolo\u010dnosti\u00a0a op\u00e4tovne\u00a0pon\u00fakaj\u00fa spolupr\u00e1cu pri zbere podpisov\u00a0za pred\u010dasn\u00e9 vo\u013eby v r\u00e1mci pet\u00edcie Sta\u010dilo Fica. Strana tak reaguje na kroky s\u00fa\u010dasnej vl\u00e1dy, ktor\u00e1 pod\u013ea Demokratov kon\u00e1 v rozpore so \u0161t\u00e1tnymi z\u00e1ujmami a predstavuje ohrozenie slovenskej ekonomiky a bezpe\u010dnosti. Predseda Demokratov Jaroslav Na\u010f kritizuje [&hellip;]","og_url":"https:\/\/www.smedemokrati.sk\/en\/predcasne-volby-nemusia-byt-v-rukach-koalicie-musime-konat\/","og_site_name":"Smedemokrati.sk","article_publisher":"https:\/\/www.facebook.com\/smedemokrati2023","article_published_time":"2024-12-30T12:00:37+00:00","article_modified_time":"2025-01-03T16:10:46+00:00","og_image":[{"width":1251,"height":705,"url":"https:\/\/www.smedemokrati.sk\/wp-content\/uploads\/2024\/12\/vyzva-opozicii.jpg","type":"image\/jpeg"}],"author":"miro.sopko","twitter_card":"summary_large_image","twitter_misc":{"Written by":"miro.sopko","Est. reading time":"3 minutes"},"schema":{"@context":"https:\/\/schema.org","@graph":[{"@type":"Article","@id":"https:\/\/www.smedemokrati.sk\/predcasne-volby-nemusia-byt-v-rukach-koalicie-musime-konat\/#article","isPartOf":{"@id":"https:\/\/www.smedemokrati.sk\/predcasne-volby-nemusia-byt-v-rukach-koalicie-musime-konat\/"},"author":{"name":"miro.sopko","@id":"https:\/\/www.smedemokrati.sk\/#\/schema\/person\/21f147c88d605aa7ded900e1e7c344ba"},"headline":"Pred\u010dasn\u00e9 vo\u013eby nemusia by\u0165 v ruk\u00e1ch koal\u00edcie, mus\u00edme kona\u0165","datePublished":"2024-12-30T12:00:37+00:00","dateModified":"2025-01-03T16:10:46+00:00","mainEntityOfPage":{"@id":"https:\/\/www.smedemokrati.sk\/predcasne-volby-nemusia-byt-v-rukach-koalicie-musime-konat\/"},"wordCount":587,"publisher":{"@id":"https:\/\/www.smedemokrati.sk\/#organization"},"image":{"@id":"https:\/\/www.smedemokrati.sk\/predcasne-volby-nemusia-byt-v-rukach-koalicie-musime-konat\/#primaryimage"},"thumbnailUrl":"https:\/\/www.smedemokrati.sk\/wp-content\/uploads\/2024\/12\/vyzva-opozicii.jpg","articleSection":["Tla\u010dov\u00e9 spr\u00e1vy"],"inLanguage":"en-US"},{"@type":"WebPage","@id":"https:\/\/www.smedemokrati.sk\/predcasne-volby-nemusia-byt-v-rukach-koalicie-musime-konat\/","url":"https:\/\/www.smedemokrati.sk\/predcasne-volby-nemusia-byt-v-rukach-koalicie-musime-konat\/","name":"Pred\u010dasn\u00e9 vo\u013eby nemusia by\u0165 v ruk\u00e1ch koal\u00edcie, mus\u00edme kona\u0165","isPartOf":{"@id":"https:\/\/www.smedemokrati.sk\/#website"},"primaryImageOfPage":{"@id":"https:\/\/www.smedemokrati.sk\/predcasne-volby-nemusia-byt-v-rukach-koalicie-musime-konat\/#primaryimage"},"image":{"@id":"https:\/\/www.smedemokrati.sk\/predcasne-volby-nemusia-byt-v-rukach-koalicie-musime-konat\/#primaryimage"},"thumbnailUrl":"https:\/\/www.smedemokrati.sk\/wp-content\/uploads\/2024\/12\/vyzva-opozicii.jpg","datePublished":"2024-12-30T12:00:37+00:00","dateModified":"2025-01-03T16:10:46+00:00","breadcrumb":{"@id":"https:\/\/www.smedemokrati.sk\/predcasne-volby-nemusia-byt-v-rukach-koalicie-musime-konat\/#breadcrumb"},"inLanguage":"en-US","potentialAction":[{"@type":"ReadAction","target":["https:\/\/www.smedemokrati.sk\/predcasne-volby-nemusia-byt-v-rukach-koalicie-musime-konat\/"]}]},{"@type":"ImageObject","inLanguage":"en-US","@id":"https:\/\/www.smedemokrati.sk\/predcasne-volby-nemusia-byt-v-rukach-koalicie-musime-konat\/#primaryimage","url":"https:\/\/www.smedemokrati.sk\/wp-content\/uploads\/2024\/12\/vyzva-opozicii.jpg","contentUrl":"https:\/\/www.smedemokrati.sk\/wp-content\/uploads\/2024\/12\/vyzva-opozicii.jpg","width":1251,"height":705},{"@type":"BreadcrumbList","@id":"https:\/\/www.smedemokrati.sk\/predcasne-volby-nemusia-byt-v-rukach-koalicie-musime-konat\/#breadcrumb","itemListElement":[{"@type":"ListItem","position":1,"name":"Domovsk\u00e1 str\u00e1nka","item":"https:\/\/www.smedemokrati.sk\/"},{"@type":"ListItem","position":2,"name":"Pred\u010dasn\u00e9 vo\u013eby nemusia by\u0165 v ruk\u00e1ch koal\u00edcie, mus\u00edme kona\u0165"}]},{"@type":"WebSite","@id":"https:\/\/www.smedemokrati.sk\/#website","url":"https:\/\/www.smedemokrati.sk\/","name":"Smedemokrati.sk","description":"Demokracia a slu\u0161nos\u0165 zv\u00ed\u0165az\u00ed","publisher":{"@id":"https:\/\/www.smedemokrati.sk\/#organization"},"potentialAction":[{"@type":"SearchAction","target":{"@type":"EntryPoint","urlTemplate":"https:\/\/www.smedemokrati.sk\/?s={search_term_string}"},"query-input":{"@type":"PropertyValueSpecification","valueRequired":true,"valueName":"search_term_string"}}],"inLanguage":"en-US"},{"@type":"Organization","@id":"https:\/\/www.smedemokrati.sk\/#organization","name":"Smedemokrati.sk","url":"https:\/\/www.smedemokrati.sk\/","logo":{"@type":"ImageObject","inLanguage":"en-US","@id":"https:\/\/www.smedemokrati.sk\/#\/schema\/logo\/image\/","url":"https:\/\/www.smedemokrati.sk\/wp-content\/uploads\/2023\/04\/ff.002.jpeg","contentUrl":"https:\/\/www.smedemokrati.sk\/wp-content\/uploads\/2023\/04\/ff.002.jpeg","width":640,"height":480,"caption":"Smedemokrati.sk"},"image":{"@id":"https:\/\/www.smedemokrati.sk\/#\/schema\/logo\/image\/"},"sameAs":["https:\/\/www.facebook.com\/smedemokrati2023"]},{"@type":"Person","@id":"https:\/\/www.smedemokrati.sk\/#\/schema\/person\/21f147c88d605aa7ded900e1e7c344ba","name":"miro.sopko","image":{"@type":"ImageObject","inLanguage":"en-US","@id":"https:\/\/secure.gravatar.com\/avatar\/267e4a36f704376c109afe3a78740c1f5dd8675a2180a908699e7863c9247606?s=96&d=mm&r=g","url":"https:\/\/secure.gravatar.com\/avatar\/267e4a36f704376c109afe3a78740c1f5dd8675a2180a908699e7863c9247606?s=96&d=mm&r=g","contentUrl":"https:\/\/secure.gravatar.com\/avatar\/267e4a36f704376c109afe3a78740c1f5dd8675a2180a908699e7863c9247606?s=96&d=mm&r=g","caption":"miro.sopko"},"url":"https:\/\/www.smedemokrati.sk\/en\/author\/miro-sopko\/"}]}},"_links":{"self":[{"href":"https:\/\/www.smedemokrati.sk\/en\/wp-json\/wp\/v2\/posts\/6032","targetHints":{"allow":["GET"]}}],"collection":[{"href":"https:\/\/www.smedemokrati.sk\/en\/wp-json\/wp\/v2\/posts"}],"about":[{"href":"https:\/\/www.smedemokrati.sk\/en\/wp-json\/wp\/v2\/types\/post"}],"author":[{"embeddable":true,"href":"https:\/\/www.smedemokrati.sk\/en\/wp-json\/wp\/v2\/users\/13"}],"replies":[{"embeddable":true,"href":"https:\/\/www.smedemokrati.sk\/en\/wp-json\/wp\/v2\/comments?post=6032"}],"version-history":[{"count":2,"href":"https:\/\/www.smedemokrati.sk\/en\/wp-json\/wp\/v2\/posts\/6032\/revisions"}],"predecessor-version":[{"id":6035,"href":"https:\/\/www.smedemokrati.sk\/en\/wp-json\/wp\/v2\/posts\/6032\/revisions\/6035"}],"wp:featuredmedia":[{"embeddable":true,"href":"https:\/\/www.smedemokrati.sk\/en\/wp-json\/wp\/v2\/media\/6033"}],"wp:attachment":[{"href":"https:\/\/www.smedemokrati.sk\/en\/wp-json\/wp\/v2\/media?parent=6032"}],"wp:term":[{"taxonomy":"category","embeddable":true,"href":"https:\/\/www.smedemokrati.sk\/en\/wp-json\/wp\/v2\/categories?post=6032"},{"taxonomy":"post_tag","embeddable":true,"href":"https:\/\/www.smedemokrati.sk\/en\/wp-json\/wp\/v2\/tags?post=6032"}],"curies":[{"name":"wp","href":"https:\/\/api.w.org\/{rel}","templated":true}]}}