{"id":6011,"date":"2024-12-17T11:44:04","date_gmt":"2024-12-17T10:44:04","guid":{"rendered":"https:\/\/www.smedemokrati.sk\/?p=6011"},"modified":"2025-01-03T17:11:08","modified_gmt":"2025-01-03T16:11:08","slug":"kalinak-sabotuje-kupu-viperov-od-zaciatku-vojakom-tvrdil-ze-nie-su-politicky-priechodne","status":"publish","type":"post","link":"https:\/\/www.smedemokrati.sk\/en\/kalinak-sabotuje-kupu-viperov-od-zaciatku-vojakom-tvrdil-ze-nie-su-politicky-priechodne\/","title":{"rendered":"Kali\u0148\u00e1k sabotuje k\u00fapu Viperov, od za\u010diatku vojakom tvrdil, \u017ee nie s\u00fa politicky priechodn\u00e9"},"content":{"rendered":"<div id=\"fb-root\"><\/div>\n\n<p><strong>B\u00fdval\u00fd minister obrany Jaroslav Na\u010f hovor\u00ed o n\u00e1kupe dvan\u00e1stich vrtu\u013en\u00edkov Black Hawk UH-60L ako o ekonomickej a bezpe\u010dnostnej sabot\u00e1\u017ei. Vysvet\u013euje, \u017ee R\u00f3bert Kali\u0148\u00e1k uprednostnil 15-20 ro\u010dn\u00e9 vrtu\u013en\u00edky, s tis\u00edckami nalietan\u00fdch hod\u00edn, ktor\u00e9 navy\u0161e pl\u00e1nuje obstara\u0165 na z\u00e1klade sprostredkovania s\u00fakromn\u00fdmi zbroj\u00e1rmi. Zar\u00e1\u017eaj\u00face je, \u017ee s\u00fa\u010dasn\u00e9 vedenie sa pod\u013ea v\u0161etk\u00fdch ind\u00edci\u00ed rozhodlo pre vrtu\u013en\u00edky Black Hawk aj napriek tomu, \u017ee cena za nov\u00e9 nepou\u017e\u00edvan\u00e9 a modern\u00e9 Vipery by bola porovnate\u013en\u00e1.<\/strong><\/p>\n\n\n\n<p><em>\u201ePod\u013ea mojich inform\u00e1ci\u00ed minister Kali\u0148\u00e1k na neform\u00e1lnej \u00farovni opakovane \u017eiadal americk\u00fa stranu o odklad ofici\u00e1lnej ponuky na Vipery. Predpoklad\u00e1m, \u017ee tak chcel z\u00edska\u0165 \u010das na oslovenie svojich kontaktov, ktor\u00e9 vedeli sprostredkova\u0165 vrtu\u013en\u00edky Black Hawk. To, \u010di je to v s\u00falade so z\u00e1konom, nech\u00e1m na zodpovedn\u00e9 org\u00e1ny,&#8221;<\/em>\u00a0otv\u00e1ra t\u00e9mu Jaroslav Na\u010f a hovor\u00ed, \u017ee minister Kali\u0148\u00e1k od svojho n\u00e1stupu na rezort opakovane vojakom komunikoval, \u017ee vrtu\u013en\u00edky Viper nem\u00f4\u017ee obstara\u0165 z politick\u00fdch d\u00f4vodov, ke\u010f\u017ee strana Smer t\u00fato ponuku od za\u010diatku politicky a vyslovene neodborne kritizovala.\u00a0<\/p>\n\n\n\n<p><em>\u201ePova\u017eujem za maxim\u00e1lne nezodpovedn\u00e9, \u017ee sa R\u00f3bert Kali\u0148\u00e1k rozhodol nak\u00fapi\u0165 rad\u0161ej star\u00e9 vrtu\u013en\u00edky od jemu bl\u00edzkeho sprostredkovate\u013ea, s mno\u017estvom nalietan\u00fdch hod\u00edn, ako za mimoriadne v\u00fdhodn\u00fa cenu nov\u00e9 a nepou\u017e\u00edvan\u00e9 vrtu\u013en\u00edky od americkej vl\u00e1dy. Ukazuje to najm\u00e4 to, \u017ee jemu nejde o zv\u00fd\u0161enie obranyschopnosti SR, ale o \u00faplne in\u00e9 a najm\u00e4, mimoriadne plytk\u00e9 z\u00e1ujmy. Sedem ro\u010dn\u00e9 lietadl\u00e1 Spartan vymie\u0148a ako zastaran\u00e9, ale dvadsa\u0165ro\u010dn\u00e9 vrtu\u013en\u00edky UH-60L mu z nejak\u00e9ho d\u00f4vodu vyhovuj\u00fa.&#8221;\u00a0<\/em><\/p>\n\n\n\n<p>Jaroslav Na\u010f vysvet\u013euje, \u017ee Slovensko dostalo z\u013eavu za poskytnutie uzemnen\u00fdch lietadiel MiG-29 Ukrajine, v podobe ofici\u00e1lnej ponuky od americkej vl\u00e1dy, na 12 nepou\u017e\u00edvan\u00fdch vrtu\u013en\u00edkov Viper, ktor\u00e9 maj\u00fa nalietan\u00fdch nula hod\u00edn za pribli\u017ene 340 mili\u00f3nov USD. K tomu, si mohli vojaci \u201evysklada\u0165&#8221; \u010fal\u0161ie pr\u00edslu\u0161enstvo, ktor\u00e9 reflektuje na potreby slovensk\u00fdch ozbrojen\u00fdch s\u00edl. V\u00fdsledn\u00e1 suma za vrtu\u013en\u00edky Viper AH-1Z je 525 883 345 USD, \u010do predstavuje 43,8 mil. USD za jeden nov\u00fd, komplet vybaven\u00fd modern\u00fd bojov\u00fd vrtu\u013en\u00edk.<\/p>\n\n\n\n<p><em>\u201eKali\u0148\u00e1k je \u010dlovek z biznisu, o ktorom je zn\u00e1me, \u017ee d\u00e1va prednos\u0165 obchodn\u00fdm z\u00e1ujmom a nepozer\u00e1 sa na potreby vojakov \u010di obrany Slovenska. Namiesto 12 nov\u00fdch Viperov sa rozhodol k\u00fapi\u0165 12 star\u00fdch Black Hawkov za 150 mili\u00f3nov, pri\u010dom dodato\u010dn\u00e1 v\u00fdbava, ktor\u00fa je potrebn\u00e9 dok\u00fapi\u0165, bude st\u00e1\u0165 \u010fal\u0161\u00edch minim\u00e1lne 330 mili\u00f3nov dol\u00e1rov.&#8221;\u00a0<\/em>Jaroslav Na\u010f hovor\u00ed, \u017ee v\u00fdsledn\u00e1 suma za vrtu\u013en\u00edky Black Hawk, ktor\u00e9 presadzuje Kali\u0148\u00e1k, bude teda minim\u00e1lne 480 mili\u00f3nov USD a jeden Black Hawk bude st\u00e1\u0165 minim\u00e1lne 40 mili\u00f3nov dol\u00e1rov, \u010do je vzh\u013eadom na vek strojov, ich v\u00fdbavu a po\u010det nalietan\u00fdch hod\u00edn absurdn\u00e1 invest\u00edcia.<\/p>\n\n\n\n<p><em>\u201ePod\u013ea mojich inform\u00e1ci\u00ed sa ministerstvo mus\u00ed rozhodn\u00fa\u0165, ako nalo\u017e\u00ed s americkou ponukou na Vipery do 15. febru\u00e1ra. Vyz\u00fdvam R\u00f3berta Kali\u0148\u00e1ka, aby neobchodoval s bezpe\u010dnos\u0165ou ob\u010danov a aby dobre zv\u00e1\u017eil v\u0161etky aspekty n\u00e1kupu, pre ktor\u00fd sa pod\u013ea v\u0161etk\u00e9ho, u\u017e d\u00e1vno rozhodol. Preto\u017ee bud\u00facnos\u0165 bude tento n\u00e1kup ve\u013emi d\u00f4kladne preverova\u0165.&#8221;<\/em><\/p>\n\n\n\n<p>Pod\u013ea exministra s\u00fa vrtu\u013en\u00edky Viper AH-1Z navrhnut\u00e9 na intenz\u00edvne bojov\u00e9 oper\u00e1cie, s\u00fa odoln\u00e9 a aj pod\u013ea odborn\u00edkov maj\u00fa v sebe zabudovan\u00e9 najmodernej\u0161ie syst\u00e9my. Naproti tomu, je Black Hawk vo verzii L z h\u013eadiska bojov\u00e9ho nasadenia zna\u010dne limitovan\u00fd, pre n\u00e1ro\u010dnej\u0161iu man\u00e9vrovate\u013enos\u0165 najm\u00e4 kv\u00f4li v\u00e4\u010d\u0161ej hmotnosti a jeho prim\u00e1rnym \u00fa\u010delom je transport, nie bojov\u00e9 nasadenie. Na transportn\u00e9 \u00falohy v\u0161ak Slovensko u\u017e m\u00e1 zak\u00fapen\u00fdch 9 vrtu\u013en\u00edkov UH-60M Black Hawk v najnov\u0161ej verzii.&nbsp;<\/p>\n","protected":false},"excerpt":{"rendered":"<p>B\u00fdval\u00fd minister obrany Jaroslav Na\u010f hovor\u00ed o n\u00e1kupe dvan\u00e1stich vrtu\u013en\u00edkov Black Hawk UH-60L ako o ekonomickej a bezpe\u010dnostnej sabot\u00e1\u017ei. Vysvet\u013euje, \u017ee R\u00f3bert Kali\u0148\u00e1k uprednostnil 15-20 ro\u010dn\u00e9 vrtu\u013en\u00edky, s tis\u00edckami nalietan\u00fdch hod\u00edn, ktor\u00e9 navy\u0161e pl\u00e1nuje obstara\u0165 na z\u00e1klade sprostredkovania s\u00fakromn\u00fdmi zbroj\u00e1rmi. Zar\u00e1\u017eaj\u00face je, \u017ee s\u00fa\u010dasn\u00e9 vedenie sa pod\u013ea v\u0161etk\u00fdch ind\u00edci\u00ed rozhodlo pre vrtu\u013en\u00edky Black Hawk aj [&hellip;]<\/p>\n","protected":false},"author":13,"featured_media":6012,"comment_status":"closed","ping_status":"closed","sticky":false,"template":"","format":"standard","meta":{"_acf_changed":false,"ngg_post_thumbnail":0,"footnotes":""},"categories":[4],"tags":[],"class_list":["post-6011","post","type-post","status-publish","format-standard","has-post-thumbnail","hentry","category-tlacove-spravy"],"acf":[],"yoast_head":"<!-- This site is optimized with the Yoast SEO plugin v27.2 - https:\/\/yoast.com\/product\/yoast-seo-wordpress\/ -->\n<title>Kali\u0148\u00e1k sabotuje k\u00fapu Viperov, od za\u010diatku vojakom tvrdil, \u017ee nie s\u00fa politicky priechodn\u00e9<\/title>\n<meta name=\"robots\" content=\"index, follow, max-snippet:-1, max-image-preview:large, max-video-preview:-1\" \/>\n<link rel=\"canonical\" href=\"https:\/\/www.smedemokrati.sk\/en\/kalinak-sabotuje-kupu-viperov-od-zaciatku-vojakom-tvrdil-ze-nie-su-politicky-priechodne\/\" \/>\n<meta property=\"og:locale\" content=\"en_US\" \/>\n<meta property=\"og:locale:alternate\" content=\"cs_CZ\" \/>\n<meta property=\"og:locale:alternate\" content=\"hu_HU\" \/>\n<meta property=\"og:locale:alternate\" content=\"sk_SK\" \/>\n<meta property=\"og:locale:alternate\" content=\"sv_SE\" \/>\n<meta property=\"og:type\" content=\"article\" \/>\n<meta property=\"og:title\" content=\"Kali\u0148\u00e1k sabotuje k\u00fapu Viperov, od za\u010diatku vojakom tvrdil, \u017ee nie s\u00fa politicky priechodn\u00e9\" \/>\n<meta property=\"og:description\" content=\"B\u00fdval\u00fd minister obrany Jaroslav Na\u010f hovor\u00ed o n\u00e1kupe dvan\u00e1stich vrtu\u013en\u00edkov Black Hawk UH-60L ako o ekonomickej a bezpe\u010dnostnej sabot\u00e1\u017ei. Vysvet\u013euje, \u017ee R\u00f3bert Kali\u0148\u00e1k uprednostnil 15-20 ro\u010dn\u00e9 vrtu\u013en\u00edky, s tis\u00edckami nalietan\u00fdch hod\u00edn, ktor\u00e9 navy\u0161e pl\u00e1nuje obstara\u0165 na z\u00e1klade sprostredkovania s\u00fakromn\u00fdmi zbroj\u00e1rmi. Zar\u00e1\u017eaj\u00face je, \u017ee s\u00fa\u010dasn\u00e9 vedenie sa pod\u013ea v\u0161etk\u00fdch ind\u00edci\u00ed rozhodlo pre vrtu\u013en\u00edky Black Hawk aj [&hellip;]\" \/>\n<meta property=\"og:url\" content=\"https:\/\/www.smedemokrati.sk\/en\/kalinak-sabotuje-kupu-viperov-od-zaciatku-vojakom-tvrdil-ze-nie-su-politicky-priechodne\/\" \/>\n<meta property=\"og:site_name\" content=\"Smedemokrati.sk\" \/>\n<meta property=\"article:publisher\" content=\"https:\/\/www.facebook.com\/smedemokrati2023\" \/>\n<meta property=\"article:published_time\" content=\"2024-12-17T10:44:04+00:00\" \/>\n<meta property=\"article:modified_time\" content=\"2025-01-03T16:11:08+00:00\" \/>\n<meta property=\"og:image\" content=\"https:\/\/www.smedemokrati.sk\/wp-content\/uploads\/2024\/12\/UH-60L-Blackhawk.jpg\" \/>\n\t<meta property=\"og:image:width\" content=\"600\" \/>\n\t<meta property=\"og:image:height\" content=\"450\" \/>\n\t<meta property=\"og:image:type\" content=\"image\/jpeg\" \/>\n<meta name=\"author\" content=\"miro.sopko\" \/>\n<meta name=\"twitter:card\" content=\"summary_large_image\" \/>\n<meta name=\"twitter:label1\" content=\"Written by\" \/>\n\t<meta name=\"twitter:data1\" content=\"miro.sopko\" \/>\n\t<meta name=\"twitter:label2\" content=\"Est. reading time\" \/>\n\t<meta name=\"twitter:data2\" content=\"3 minutes\" \/>\n<script type=\"application\/ld+json\" class=\"yoast-schema-graph\">{\"@context\":\"https:\/\/schema.org\",\"@graph\":[{\"@type\":\"Article\",\"@id\":\"https:\/\/www.smedemokrati.sk\/kalinak-sabotuje-kupu-viperov-od-zaciatku-vojakom-tvrdil-ze-nie-su-politicky-priechodne\/#article\",\"isPartOf\":{\"@id\":\"https:\/\/www.smedemokrati.sk\/kalinak-sabotuje-kupu-viperov-od-zaciatku-vojakom-tvrdil-ze-nie-su-politicky-priechodne\/\"},\"author\":{\"name\":\"miro.sopko\",\"@id\":\"https:\/\/www.smedemokrati.sk\/#\/schema\/person\/21f147c88d605aa7ded900e1e7c344ba\"},\"headline\":\"Kali\u0148\u00e1k sabotuje k\u00fapu Viperov, od za\u010diatku vojakom tvrdil, \u017ee nie s\u00fa politicky priechodn\u00e9\",\"datePublished\":\"2024-12-17T10:44:04+00:00\",\"dateModified\":\"2025-01-03T16:11:08+00:00\",\"mainEntityOfPage\":{\"@id\":\"https:\/\/www.smedemokrati.sk\/kalinak-sabotuje-kupu-viperov-od-zaciatku-vojakom-tvrdil-ze-nie-su-politicky-priechodne\/\"},\"wordCount\":704,\"publisher\":{\"@id\":\"https:\/\/www.smedemokrati.sk\/#organization\"},\"image\":{\"@id\":\"https:\/\/www.smedemokrati.sk\/kalinak-sabotuje-kupu-viperov-od-zaciatku-vojakom-tvrdil-ze-nie-su-politicky-priechodne\/#primaryimage\"},\"thumbnailUrl\":\"https:\/\/www.smedemokrati.sk\/wp-content\/uploads\/2024\/12\/UH-60L-Blackhawk.jpg\",\"articleSection\":[\"Tla\u010dov\u00e9 spr\u00e1vy\"],\"inLanguage\":\"en-US\"},{\"@type\":\"WebPage\",\"@id\":\"https:\/\/www.smedemokrati.sk\/kalinak-sabotuje-kupu-viperov-od-zaciatku-vojakom-tvrdil-ze-nie-su-politicky-priechodne\/\",\"url\":\"https:\/\/www.smedemokrati.sk\/kalinak-sabotuje-kupu-viperov-od-zaciatku-vojakom-tvrdil-ze-nie-su-politicky-priechodne\/\",\"name\":\"Kali\u0148\u00e1k sabotuje k\u00fapu Viperov, od za\u010diatku vojakom tvrdil, \u017ee nie s\u00fa politicky priechodn\u00e9\",\"isPartOf\":{\"@id\":\"https:\/\/www.smedemokrati.sk\/#website\"},\"primaryImageOfPage\":{\"@id\":\"https:\/\/www.smedemokrati.sk\/kalinak-sabotuje-kupu-viperov-od-zaciatku-vojakom-tvrdil-ze-nie-su-politicky-priechodne\/#primaryimage\"},\"image\":{\"@id\":\"https:\/\/www.smedemokrati.sk\/kalinak-sabotuje-kupu-viperov-od-zaciatku-vojakom-tvrdil-ze-nie-su-politicky-priechodne\/#primaryimage\"},\"thumbnailUrl\":\"https:\/\/www.smedemokrati.sk\/wp-content\/uploads\/2024\/12\/UH-60L-Blackhawk.jpg\",\"datePublished\":\"2024-12-17T10:44:04+00:00\",\"dateModified\":\"2025-01-03T16:11:08+00:00\",\"breadcrumb\":{\"@id\":\"https:\/\/www.smedemokrati.sk\/kalinak-sabotuje-kupu-viperov-od-zaciatku-vojakom-tvrdil-ze-nie-su-politicky-priechodne\/#breadcrumb\"},\"inLanguage\":\"en-US\",\"potentialAction\":[{\"@type\":\"ReadAction\",\"target\":[\"https:\/\/www.smedemokrati.sk\/kalinak-sabotuje-kupu-viperov-od-zaciatku-vojakom-tvrdil-ze-nie-su-politicky-priechodne\/\"]}]},{\"@type\":\"ImageObject\",\"inLanguage\":\"en-US\",\"@id\":\"https:\/\/www.smedemokrati.sk\/kalinak-sabotuje-kupu-viperov-od-zaciatku-vojakom-tvrdil-ze-nie-su-politicky-priechodne\/#primaryimage\",\"url\":\"https:\/\/www.smedemokrati.sk\/wp-content\/uploads\/2024\/12\/UH-60L-Blackhawk.jpg\",\"contentUrl\":\"https:\/\/www.smedemokrati.sk\/wp-content\/uploads\/2024\/12\/UH-60L-Blackhawk.jpg\",\"width\":600,\"height\":450},{\"@type\":\"BreadcrumbList\",\"@id\":\"https:\/\/www.smedemokrati.sk\/kalinak-sabotuje-kupu-viperov-od-zaciatku-vojakom-tvrdil-ze-nie-su-politicky-priechodne\/#breadcrumb\",\"itemListElement\":[{\"@type\":\"ListItem\",\"position\":1,\"name\":\"Domovsk\u00e1 str\u00e1nka\",\"item\":\"https:\/\/www.smedemokrati.sk\/\"},{\"@type\":\"ListItem\",\"position\":2,\"name\":\"Kali\u0148\u00e1k sabotuje k\u00fapu Viperov, od za\u010diatku vojakom tvrdil, \u017ee nie s\u00fa politicky priechodn\u00e9\"}]},{\"@type\":\"WebSite\",\"@id\":\"https:\/\/www.smedemokrati.sk\/#website\",\"url\":\"https:\/\/www.smedemokrati.sk\/\",\"name\":\"Smedemokrati.sk\",\"description\":\"Demokracia a slu\u0161nos\u0165 zv\u00ed\u0165az\u00ed\",\"publisher\":{\"@id\":\"https:\/\/www.smedemokrati.sk\/#organization\"},\"potentialAction\":[{\"@type\":\"SearchAction\",\"target\":{\"@type\":\"EntryPoint\",\"urlTemplate\":\"https:\/\/www.smedemokrati.sk\/?s={search_term_string}\"},\"query-input\":{\"@type\":\"PropertyValueSpecification\",\"valueRequired\":true,\"valueName\":\"search_term_string\"}}],\"inLanguage\":\"en-US\"},{\"@type\":\"Organization\",\"@id\":\"https:\/\/www.smedemokrati.sk\/#organization\",\"name\":\"Smedemokrati.sk\",\"url\":\"https:\/\/www.smedemokrati.sk\/\",\"logo\":{\"@type\":\"ImageObject\",\"inLanguage\":\"en-US\",\"@id\":\"https:\/\/www.smedemokrati.sk\/#\/schema\/logo\/image\/\",\"url\":\"https:\/\/www.smedemokrati.sk\/wp-content\/uploads\/2023\/04\/ff.002.jpeg\",\"contentUrl\":\"https:\/\/www.smedemokrati.sk\/wp-content\/uploads\/2023\/04\/ff.002.jpeg\",\"width\":640,\"height\":480,\"caption\":\"Smedemokrati.sk\"},\"image\":{\"@id\":\"https:\/\/www.smedemokrati.sk\/#\/schema\/logo\/image\/\"},\"sameAs\":[\"https:\/\/www.facebook.com\/smedemokrati2023\"]},{\"@type\":\"Person\",\"@id\":\"https:\/\/www.smedemokrati.sk\/#\/schema\/person\/21f147c88d605aa7ded900e1e7c344ba\",\"name\":\"miro.sopko\",\"image\":{\"@type\":\"ImageObject\",\"inLanguage\":\"en-US\",\"@id\":\"https:\/\/secure.gravatar.com\/avatar\/267e4a36f704376c109afe3a78740c1f5dd8675a2180a908699e7863c9247606?s=96&d=mm&r=g\",\"url\":\"https:\/\/secure.gravatar.com\/avatar\/267e4a36f704376c109afe3a78740c1f5dd8675a2180a908699e7863c9247606?s=96&d=mm&r=g\",\"contentUrl\":\"https:\/\/secure.gravatar.com\/avatar\/267e4a36f704376c109afe3a78740c1f5dd8675a2180a908699e7863c9247606?s=96&d=mm&r=g\",\"caption\":\"miro.sopko\"},\"url\":\"https:\/\/www.smedemokrati.sk\/en\/author\/miro-sopko\/\"}]}<\/script>\n<!-- \/ Yoast SEO plugin. -->","yoast_head_json":{"title":"Kali\u0148\u00e1k sabotuje k\u00fapu Viperov, od za\u010diatku vojakom tvrdil, \u017ee nie s\u00fa politicky priechodn\u00e9","robots":{"index":"index","follow":"follow","max-snippet":"max-snippet:-1","max-image-preview":"max-image-preview:large","max-video-preview":"max-video-preview:-1"},"canonical":"https:\/\/www.smedemokrati.sk\/en\/kalinak-sabotuje-kupu-viperov-od-zaciatku-vojakom-tvrdil-ze-nie-su-politicky-priechodne\/","og_locale":"en_US","og_type":"article","og_title":"[:sk]Kali\u0148\u00e1k sabotuje k\u00fapu Viperov, od za\u010diatku vojakom tvrdil, \u017ee nie s\u00fa politicky priechodn\u00e9[:] - Smedemokrati.sk","og_description":"B\u00fdval\u00fd minister obrany Jaroslav Na\u010f hovor\u00ed o n\u00e1kupe dvan\u00e1stich vrtu\u013en\u00edkov Black Hawk UH-60L ako o ekonomickej a bezpe\u010dnostnej sabot\u00e1\u017ei. Vysvet\u013euje, \u017ee R\u00f3bert Kali\u0148\u00e1k uprednostnil 15-20 ro\u010dn\u00e9 vrtu\u013en\u00edky, s tis\u00edckami nalietan\u00fdch hod\u00edn, ktor\u00e9 navy\u0161e pl\u00e1nuje obstara\u0165 na z\u00e1klade sprostredkovania s\u00fakromn\u00fdmi zbroj\u00e1rmi. Zar\u00e1\u017eaj\u00face je, \u017ee s\u00fa\u010dasn\u00e9 vedenie sa pod\u013ea v\u0161etk\u00fdch ind\u00edci\u00ed rozhodlo pre vrtu\u013en\u00edky Black Hawk aj [&hellip;]","og_url":"https:\/\/www.smedemokrati.sk\/en\/kalinak-sabotuje-kupu-viperov-od-zaciatku-vojakom-tvrdil-ze-nie-su-politicky-priechodne\/","og_site_name":"Smedemokrati.sk","article_publisher":"https:\/\/www.facebook.com\/smedemokrati2023","article_published_time":"2024-12-17T10:44:04+00:00","article_modified_time":"2025-01-03T16:11:08+00:00","og_image":[{"width":600,"height":450,"url":"https:\/\/www.smedemokrati.sk\/wp-content\/uploads\/2024\/12\/UH-60L-Blackhawk.jpg","type":"image\/jpeg"}],"author":"miro.sopko","twitter_card":"summary_large_image","twitter_misc":{"Written by":"miro.sopko","Est. reading time":"3 minutes"},"schema":{"@context":"https:\/\/schema.org","@graph":[{"@type":"Article","@id":"https:\/\/www.smedemokrati.sk\/kalinak-sabotuje-kupu-viperov-od-zaciatku-vojakom-tvrdil-ze-nie-su-politicky-priechodne\/#article","isPartOf":{"@id":"https:\/\/www.smedemokrati.sk\/kalinak-sabotuje-kupu-viperov-od-zaciatku-vojakom-tvrdil-ze-nie-su-politicky-priechodne\/"},"author":{"name":"miro.sopko","@id":"https:\/\/www.smedemokrati.sk\/#\/schema\/person\/21f147c88d605aa7ded900e1e7c344ba"},"headline":"Kali\u0148\u00e1k sabotuje k\u00fapu Viperov, od za\u010diatku vojakom tvrdil, \u017ee nie s\u00fa politicky priechodn\u00e9","datePublished":"2024-12-17T10:44:04+00:00","dateModified":"2025-01-03T16:11:08+00:00","mainEntityOfPage":{"@id":"https:\/\/www.smedemokrati.sk\/kalinak-sabotuje-kupu-viperov-od-zaciatku-vojakom-tvrdil-ze-nie-su-politicky-priechodne\/"},"wordCount":704,"publisher":{"@id":"https:\/\/www.smedemokrati.sk\/#organization"},"image":{"@id":"https:\/\/www.smedemokrati.sk\/kalinak-sabotuje-kupu-viperov-od-zaciatku-vojakom-tvrdil-ze-nie-su-politicky-priechodne\/#primaryimage"},"thumbnailUrl":"https:\/\/www.smedemokrati.sk\/wp-content\/uploads\/2024\/12\/UH-60L-Blackhawk.jpg","articleSection":["Tla\u010dov\u00e9 spr\u00e1vy"],"inLanguage":"en-US"},{"@type":"WebPage","@id":"https:\/\/www.smedemokrati.sk\/kalinak-sabotuje-kupu-viperov-od-zaciatku-vojakom-tvrdil-ze-nie-su-politicky-priechodne\/","url":"https:\/\/www.smedemokrati.sk\/kalinak-sabotuje-kupu-viperov-od-zaciatku-vojakom-tvrdil-ze-nie-su-politicky-priechodne\/","name":"Kali\u0148\u00e1k sabotuje k\u00fapu Viperov, od za\u010diatku vojakom tvrdil, \u017ee nie s\u00fa politicky priechodn\u00e9","isPartOf":{"@id":"https:\/\/www.smedemokrati.sk\/#website"},"primaryImageOfPage":{"@id":"https:\/\/www.smedemokrati.sk\/kalinak-sabotuje-kupu-viperov-od-zaciatku-vojakom-tvrdil-ze-nie-su-politicky-priechodne\/#primaryimage"},"image":{"@id":"https:\/\/www.smedemokrati.sk\/kalinak-sabotuje-kupu-viperov-od-zaciatku-vojakom-tvrdil-ze-nie-su-politicky-priechodne\/#primaryimage"},"thumbnailUrl":"https:\/\/www.smedemokrati.sk\/wp-content\/uploads\/2024\/12\/UH-60L-Blackhawk.jpg","datePublished":"2024-12-17T10:44:04+00:00","dateModified":"2025-01-03T16:11:08+00:00","breadcrumb":{"@id":"https:\/\/www.smedemokrati.sk\/kalinak-sabotuje-kupu-viperov-od-zaciatku-vojakom-tvrdil-ze-nie-su-politicky-priechodne\/#breadcrumb"},"inLanguage":"en-US","potentialAction":[{"@type":"ReadAction","target":["https:\/\/www.smedemokrati.sk\/kalinak-sabotuje-kupu-viperov-od-zaciatku-vojakom-tvrdil-ze-nie-su-politicky-priechodne\/"]}]},{"@type":"ImageObject","inLanguage":"en-US","@id":"https:\/\/www.smedemokrati.sk\/kalinak-sabotuje-kupu-viperov-od-zaciatku-vojakom-tvrdil-ze-nie-su-politicky-priechodne\/#primaryimage","url":"https:\/\/www.smedemokrati.sk\/wp-content\/uploads\/2024\/12\/UH-60L-Blackhawk.jpg","contentUrl":"https:\/\/www.smedemokrati.sk\/wp-content\/uploads\/2024\/12\/UH-60L-Blackhawk.jpg","width":600,"height":450},{"@type":"BreadcrumbList","@id":"https:\/\/www.smedemokrati.sk\/kalinak-sabotuje-kupu-viperov-od-zaciatku-vojakom-tvrdil-ze-nie-su-politicky-priechodne\/#breadcrumb","itemListElement":[{"@type":"ListItem","position":1,"name":"Domovsk\u00e1 str\u00e1nka","item":"https:\/\/www.smedemokrati.sk\/"},{"@type":"ListItem","position":2,"name":"Kali\u0148\u00e1k sabotuje k\u00fapu Viperov, od za\u010diatku vojakom tvrdil, \u017ee nie s\u00fa politicky priechodn\u00e9"}]},{"@type":"WebSite","@id":"https:\/\/www.smedemokrati.sk\/#website","url":"https:\/\/www.smedemokrati.sk\/","name":"Smedemokrati.sk","description":"Demokracia a slu\u0161nos\u0165 zv\u00ed\u0165az\u00ed","publisher":{"@id":"https:\/\/www.smedemokrati.sk\/#organization"},"potentialAction":[{"@type":"SearchAction","target":{"@type":"EntryPoint","urlTemplate":"https:\/\/www.smedemokrati.sk\/?s={search_term_string}"},"query-input":{"@type":"PropertyValueSpecification","valueRequired":true,"valueName":"search_term_string"}}],"inLanguage":"en-US"},{"@type":"Organization","@id":"https:\/\/www.smedemokrati.sk\/#organization","name":"Smedemokrati.sk","url":"https:\/\/www.smedemokrati.sk\/","logo":{"@type":"ImageObject","inLanguage":"en-US","@id":"https:\/\/www.smedemokrati.sk\/#\/schema\/logo\/image\/","url":"https:\/\/www.smedemokrati.sk\/wp-content\/uploads\/2023\/04\/ff.002.jpeg","contentUrl":"https:\/\/www.smedemokrati.sk\/wp-content\/uploads\/2023\/04\/ff.002.jpeg","width":640,"height":480,"caption":"Smedemokrati.sk"},"image":{"@id":"https:\/\/www.smedemokrati.sk\/#\/schema\/logo\/image\/"},"sameAs":["https:\/\/www.facebook.com\/smedemokrati2023"]},{"@type":"Person","@id":"https:\/\/www.smedemokrati.sk\/#\/schema\/person\/21f147c88d605aa7ded900e1e7c344ba","name":"miro.sopko","image":{"@type":"ImageObject","inLanguage":"en-US","@id":"https:\/\/secure.gravatar.com\/avatar\/267e4a36f704376c109afe3a78740c1f5dd8675a2180a908699e7863c9247606?s=96&d=mm&r=g","url":"https:\/\/secure.gravatar.com\/avatar\/267e4a36f704376c109afe3a78740c1f5dd8675a2180a908699e7863c9247606?s=96&d=mm&r=g","contentUrl":"https:\/\/secure.gravatar.com\/avatar\/267e4a36f704376c109afe3a78740c1f5dd8675a2180a908699e7863c9247606?s=96&d=mm&r=g","caption":"miro.sopko"},"url":"https:\/\/www.smedemokrati.sk\/en\/author\/miro-sopko\/"}]}},"_links":{"self":[{"href":"https:\/\/www.smedemokrati.sk\/en\/wp-json\/wp\/v2\/posts\/6011","targetHints":{"allow":["GET"]}}],"collection":[{"href":"https:\/\/www.smedemokrati.sk\/en\/wp-json\/wp\/v2\/posts"}],"about":[{"href":"https:\/\/www.smedemokrati.sk\/en\/wp-json\/wp\/v2\/types\/post"}],"author":[{"embeddable":true,"href":"https:\/\/www.smedemokrati.sk\/en\/wp-json\/wp\/v2\/users\/13"}],"replies":[{"embeddable":true,"href":"https:\/\/www.smedemokrati.sk\/en\/wp-json\/wp\/v2\/comments?post=6011"}],"version-history":[{"count":1,"href":"https:\/\/www.smedemokrati.sk\/en\/wp-json\/wp\/v2\/posts\/6011\/revisions"}],"predecessor-version":[{"id":6013,"href":"https:\/\/www.smedemokrati.sk\/en\/wp-json\/wp\/v2\/posts\/6011\/revisions\/6013"}],"wp:featuredmedia":[{"embeddable":true,"href":"https:\/\/www.smedemokrati.sk\/en\/wp-json\/wp\/v2\/media\/6012"}],"wp:attachment":[{"href":"https:\/\/www.smedemokrati.sk\/en\/wp-json\/wp\/v2\/media?parent=6011"}],"wp:term":[{"taxonomy":"category","embeddable":true,"href":"https:\/\/www.smedemokrati.sk\/en\/wp-json\/wp\/v2\/categories?post=6011"},{"taxonomy":"post_tag","embeddable":true,"href":"https:\/\/www.smedemokrati.sk\/en\/wp-json\/wp\/v2\/tags?post=6011"}],"curies":[{"name":"wp","href":"https:\/\/api.w.org\/{rel}","templated":true}]}}