{"id":5874,"date":"2024-12-05T14:04:00","date_gmt":"2024-12-05T13:04:00","guid":{"rendered":"https:\/\/www.smedemokrati.sk\/?p=5874"},"modified":"2024-12-10T13:16:05","modified_gmt":"2024-12-10T12:16:05","slug":"je-piaty-december-a-ministerstvo-hospodarstva-netusi-co-bude-po-novom-roku-s-plynom","status":"publish","type":"post","link":"https:\/\/www.smedemokrati.sk\/en\/je-piaty-december-a-ministerstvo-hospodarstva-netusi-co-bude-po-novom-roku-s-plynom\/","title":{"rendered":"Je piaty december a ministerstvo hospod\u00e1rstva netu\u0161\u00ed, \u010do bude po novom roku s plynom"},"content":{"rendered":"<div id=\"fb-root\"><\/div>\n\n<p><strong>Je komedi\u00e1lne, \u017ee ministerka Sakov\u00e1 i\u0161la do Petrohradu rie\u0161i\u0165 ot\u00e1zku s plynom na bud\u00faci rok 5. decembra. B\u00fdval\u00fd minister hospod\u00e1rstva hovor\u00ed, \u017ee je to Gazprom, ktor\u00fd by mal svojmu z\u00e1kazn\u00edkovi SPP pr\u00eds\u0165 vysvetli\u0165, ako chce situ\u00e1ciu na \u010fal\u0161ie obdobie rie\u0161i\u0165.<\/strong><\/p>\n\n\n\n<p><em>\u201eJe to element\u00e1rny obchodn\u00fd princ\u00edp, \u017ee dod\u00e1vate\u013e m\u00e1 pr\u00eds\u0165 k z\u00e1kazn\u00edkovi a navrhn\u00fa\u0165 rie\u0161enie. Ne\u010dinnos\u0165 ministerstva hospod\u00e1rstva je v tejto oblasti\u00a0zar\u00e1\u017eaj\u00faca a robia jedine to, \u017ee sa takpovediac vez\u00fa na vlne. S\u00fa\u010dasn\u00e1 vl\u00e1da toti\u017e vyu\u017e\u00edva v\u0161etky sch\u00e9my pomoci, ktor\u00e9 sme zaviedli my. Ni\u010d nezlep\u0161ili, nepri\u0161li s ni\u010d\u00edm nov\u00fdm a o \u010fal\u0161om obdob\u00ed je ticho. Slovensko na \u010dele s vl\u00e1dou Roberta Fica jednoducho netu\u0161\u00ed, ako to bude s plynom vyzera\u0165,&#8221;<\/em>\u00a0hovor\u00ed b\u00fdval\u00fd minister hospod\u00e1rstva Karel Hirman a dod\u00e1va, \u017ee okrem zabezpe\u010denia dod\u00e1vok zemn\u00e9ho plynu je rovnako d\u00f4le\u017eit\u00e9, pom\u00f4c\u0165 slovensk\u00e9mu priemyslu ale tie\u017e dom\u00e1cnostiam s \u00fasporami energi\u00ed.\u00a0<\/p>\n\n\n\n<p><em>\u201eMinister Taraba m\u00e1 k dispoz\u00edcii 4 miliardy eur z Moderniza\u010dn\u00e9ho fondu, ktor\u00fd sa m\u00f4\u017ee vyu\u017ei\u0165 aj na \u00fasporu energi\u00ed v priemyseln\u00fdch podnikoch. Z Pl\u00e1nu obnovy hovor\u00edme a\u017e o 350 mili\u00f3noch a tu tie\u017e\u00a0nepo\u010dujeme, \u010do t\u00e1to vl\u00e1da ide robi\u0165 a \u010di ich ide vyu\u017ei\u0165,&#8221;\u00a0<\/em>hovor\u00ed enviroexpert\u00a0Michal Ki\u010da a dod\u00e1va, \u017ee efekt\u00edvne \u0161etri\u0165 vedia s pomocou \u0161t\u00e1tu aj dom\u00e1cnosti, a to napr\u00edklad v r\u00e1mci projektu Obnov dom.<\/p>\n\n\n\n<p><em>\u201eAk by t\u00e1to vl\u00e1da chcela pom\u00f4c\u0165 \u013eudom a nie len sebe, tie rie\u0161enia na stole s\u00fa a m\u00f4\u017eu kona\u0165. Nie je hanbou po\u017eiada\u0165 o pomoc ak nevedia, \u010do treba a ako treba robi\u0165, no nem\u00f4\u017ee v ka\u017edej oblasti na ich neschopnos\u0165 dopl\u00e1ca\u0165 ob\u010dan,&#8221;\u00a0<\/em>uzatv\u00e1ra poslanec NR SR \u013dubom\u00edr Galko.\u00a0<\/p>\n\n\n<div class=\"fb-video\" data-href=\"https:\/\/fb.watch\/whcIY7Ck2w\" data-allowfullscreen=\"true\" data-autoplay=\"false\" data-width=\"\" data-show-text=\"false\" data-show-captions=\"true\"><\/div>\n","protected":false},"excerpt":{"rendered":"<p>Je komedi\u00e1lne, \u017ee ministerka Sakov\u00e1 i\u0161la do Petrohradu rie\u0161i\u0165 ot\u00e1zku s plynom na bud\u00faci rok 5. decembra. B\u00fdval\u00fd minister hospod\u00e1rstva hovor\u00ed, \u017ee je to Gazprom, ktor\u00fd by mal svojmu z\u00e1kazn\u00edkovi SPP pr\u00eds\u0165 vysvetli\u0165, ako chce situ\u00e1ciu na \u010fal\u0161ie obdobie rie\u0161i\u0165. \u201eJe to element\u00e1rny obchodn\u00fd princ\u00edp, \u017ee dod\u00e1vate\u013e m\u00e1 pr\u00eds\u0165 k z\u00e1kazn\u00edkovi a navrhn\u00fa\u0165 rie\u0161enie. Ne\u010dinnos\u0165 [&hellip;]<\/p>\n","protected":false},"author":13,"featured_media":5875,"comment_status":"closed","ping_status":"closed","sticky":false,"template":"","format":"standard","meta":{"_acf_changed":false,"ngg_post_thumbnail":0,"footnotes":""},"categories":[4],"tags":[],"class_list":["post-5874","post","type-post","status-publish","format-standard","has-post-thumbnail","hentry","category-tlacove-spravy"],"acf":[],"yoast_head":"<!-- This site is optimized with the Yoast SEO plugin v27.2 - https:\/\/yoast.com\/product\/yoast-seo-wordpress\/ -->\n<title>Je piaty december a ministerstvo hospod\u00e1rstva netu\u0161\u00ed, \u010do bude po novom roku s plynom<\/title>\n<meta name=\"robots\" content=\"index, follow, max-snippet:-1, max-image-preview:large, max-video-preview:-1\" \/>\n<link rel=\"canonical\" href=\"https:\/\/www.smedemokrati.sk\/en\/je-piaty-december-a-ministerstvo-hospodarstva-netusi-co-bude-po-novom-roku-s-plynom\/\" \/>\n<meta property=\"og:locale\" content=\"en_US\" \/>\n<meta property=\"og:locale:alternate\" content=\"cs_CZ\" \/>\n<meta property=\"og:locale:alternate\" content=\"hu_HU\" \/>\n<meta property=\"og:locale:alternate\" content=\"sk_SK\" \/>\n<meta property=\"og:locale:alternate\" content=\"sv_SE\" \/>\n<meta property=\"og:type\" content=\"article\" \/>\n<meta property=\"og:title\" content=\"Je piaty december a ministerstvo hospod\u00e1rstva netu\u0161\u00ed, \u010do bude po novom roku s plynom\" \/>\n<meta property=\"og:description\" content=\"Je komedi\u00e1lne, \u017ee ministerka Sakov\u00e1 i\u0161la do Petrohradu rie\u0161i\u0165 ot\u00e1zku s plynom na bud\u00faci rok 5. decembra. B\u00fdval\u00fd minister hospod\u00e1rstva hovor\u00ed, \u017ee je to Gazprom, ktor\u00fd by mal svojmu z\u00e1kazn\u00edkovi SPP pr\u00eds\u0165 vysvetli\u0165, ako chce situ\u00e1ciu na \u010fal\u0161ie obdobie rie\u0161i\u0165. \u201eJe to element\u00e1rny obchodn\u00fd princ\u00edp, \u017ee dod\u00e1vate\u013e m\u00e1 pr\u00eds\u0165 k z\u00e1kazn\u00edkovi a navrhn\u00fa\u0165 rie\u0161enie. Ne\u010dinnos\u0165 [&hellip;]\" \/>\n<meta property=\"og:url\" content=\"https:\/\/www.smedemokrati.sk\/en\/je-piaty-december-a-ministerstvo-hospodarstva-netusi-co-bude-po-novom-roku-s-plynom\/\" \/>\n<meta property=\"og:site_name\" content=\"Smedemokrati.sk\" \/>\n<meta property=\"article:publisher\" content=\"https:\/\/www.facebook.com\/smedemokrati2023\" \/>\n<meta property=\"article:published_time\" content=\"2024-12-05T13:04:00+00:00\" \/>\n<meta property=\"article:modified_time\" content=\"2024-12-10T12:16:05+00:00\" \/>\n<meta property=\"og:image\" content=\"https:\/\/www.smedemokrati.sk\/wp-content\/uploads\/2024\/12\/hirman-galko.jpg\" \/>\n\t<meta property=\"og:image:width\" content=\"1006\" \/>\n\t<meta property=\"og:image:height\" content=\"634\" \/>\n\t<meta property=\"og:image:type\" content=\"image\/jpeg\" \/>\n<meta name=\"author\" content=\"miro.sopko\" \/>\n<meta name=\"twitter:card\" content=\"summary_large_image\" \/>\n<meta name=\"twitter:label1\" content=\"Written by\" \/>\n\t<meta name=\"twitter:data1\" content=\"miro.sopko\" \/>\n\t<meta name=\"twitter:label2\" content=\"Est. reading time\" \/>\n\t<meta name=\"twitter:data2\" content=\"2 minutes\" \/>\n<script type=\"application\/ld+json\" class=\"yoast-schema-graph\">{\"@context\":\"https:\/\/schema.org\",\"@graph\":[{\"@type\":\"Article\",\"@id\":\"https:\/\/www.smedemokrati.sk\/je-piaty-december-a-ministerstvo-hospodarstva-netusi-co-bude-po-novom-roku-s-plynom\/#article\",\"isPartOf\":{\"@id\":\"https:\/\/www.smedemokrati.sk\/je-piaty-december-a-ministerstvo-hospodarstva-netusi-co-bude-po-novom-roku-s-plynom\/\"},\"author\":{\"name\":\"miro.sopko\",\"@id\":\"https:\/\/www.smedemokrati.sk\/#\/schema\/person\/21f147c88d605aa7ded900e1e7c344ba\"},\"headline\":\"Je piaty december a ministerstvo hospod\u00e1rstva netu\u0161\u00ed, \u010do bude po novom roku s plynom\",\"datePublished\":\"2024-12-05T13:04:00+00:00\",\"dateModified\":\"2024-12-10T12:16:05+00:00\",\"mainEntityOfPage\":{\"@id\":\"https:\/\/www.smedemokrati.sk\/je-piaty-december-a-ministerstvo-hospodarstva-netusi-co-bude-po-novom-roku-s-plynom\/\"},\"wordCount\":354,\"publisher\":{\"@id\":\"https:\/\/www.smedemokrati.sk\/#organization\"},\"image\":{\"@id\":\"https:\/\/www.smedemokrati.sk\/je-piaty-december-a-ministerstvo-hospodarstva-netusi-co-bude-po-novom-roku-s-plynom\/#primaryimage\"},\"thumbnailUrl\":\"https:\/\/www.smedemokrati.sk\/wp-content\/uploads\/2024\/12\/hirman-galko.jpg\",\"articleSection\":[\"Tla\u010dov\u00e9 spr\u00e1vy\"],\"inLanguage\":\"en-US\"},{\"@type\":\"WebPage\",\"@id\":\"https:\/\/www.smedemokrati.sk\/je-piaty-december-a-ministerstvo-hospodarstva-netusi-co-bude-po-novom-roku-s-plynom\/\",\"url\":\"https:\/\/www.smedemokrati.sk\/je-piaty-december-a-ministerstvo-hospodarstva-netusi-co-bude-po-novom-roku-s-plynom\/\",\"name\":\"Je piaty december a ministerstvo hospod\u00e1rstva netu\u0161\u00ed, \u010do bude po novom roku s plynom\",\"isPartOf\":{\"@id\":\"https:\/\/www.smedemokrati.sk\/#website\"},\"primaryImageOfPage\":{\"@id\":\"https:\/\/www.smedemokrati.sk\/je-piaty-december-a-ministerstvo-hospodarstva-netusi-co-bude-po-novom-roku-s-plynom\/#primaryimage\"},\"image\":{\"@id\":\"https:\/\/www.smedemokrati.sk\/je-piaty-december-a-ministerstvo-hospodarstva-netusi-co-bude-po-novom-roku-s-plynom\/#primaryimage\"},\"thumbnailUrl\":\"https:\/\/www.smedemokrati.sk\/wp-content\/uploads\/2024\/12\/hirman-galko.jpg\",\"datePublished\":\"2024-12-05T13:04:00+00:00\",\"dateModified\":\"2024-12-10T12:16:05+00:00\",\"breadcrumb\":{\"@id\":\"https:\/\/www.smedemokrati.sk\/je-piaty-december-a-ministerstvo-hospodarstva-netusi-co-bude-po-novom-roku-s-plynom\/#breadcrumb\"},\"inLanguage\":\"en-US\",\"potentialAction\":[{\"@type\":\"ReadAction\",\"target\":[\"https:\/\/www.smedemokrati.sk\/je-piaty-december-a-ministerstvo-hospodarstva-netusi-co-bude-po-novom-roku-s-plynom\/\"]}]},{\"@type\":\"ImageObject\",\"inLanguage\":\"en-US\",\"@id\":\"https:\/\/www.smedemokrati.sk\/je-piaty-december-a-ministerstvo-hospodarstva-netusi-co-bude-po-novom-roku-s-plynom\/#primaryimage\",\"url\":\"https:\/\/www.smedemokrati.sk\/wp-content\/uploads\/2024\/12\/hirman-galko.jpg\",\"contentUrl\":\"https:\/\/www.smedemokrati.sk\/wp-content\/uploads\/2024\/12\/hirman-galko.jpg\",\"width\":1006,\"height\":634},{\"@type\":\"BreadcrumbList\",\"@id\":\"https:\/\/www.smedemokrati.sk\/je-piaty-december-a-ministerstvo-hospodarstva-netusi-co-bude-po-novom-roku-s-plynom\/#breadcrumb\",\"itemListElement\":[{\"@type\":\"ListItem\",\"position\":1,\"name\":\"Domovsk\u00e1 str\u00e1nka\",\"item\":\"https:\/\/www.smedemokrati.sk\/\"},{\"@type\":\"ListItem\",\"position\":2,\"name\":\"Je piaty december a ministerstvo hospod\u00e1rstva netu\u0161\u00ed, \u010do bude po novom roku s plynom\"}]},{\"@type\":\"WebSite\",\"@id\":\"https:\/\/www.smedemokrati.sk\/#website\",\"url\":\"https:\/\/www.smedemokrati.sk\/\",\"name\":\"Smedemokrati.sk\",\"description\":\"Demokracia a slu\u0161nos\u0165 zv\u00ed\u0165az\u00ed\",\"publisher\":{\"@id\":\"https:\/\/www.smedemokrati.sk\/#organization\"},\"potentialAction\":[{\"@type\":\"SearchAction\",\"target\":{\"@type\":\"EntryPoint\",\"urlTemplate\":\"https:\/\/www.smedemokrati.sk\/?s={search_term_string}\"},\"query-input\":{\"@type\":\"PropertyValueSpecification\",\"valueRequired\":true,\"valueName\":\"search_term_string\"}}],\"inLanguage\":\"en-US\"},{\"@type\":\"Organization\",\"@id\":\"https:\/\/www.smedemokrati.sk\/#organization\",\"name\":\"Smedemokrati.sk\",\"url\":\"https:\/\/www.smedemokrati.sk\/\",\"logo\":{\"@type\":\"ImageObject\",\"inLanguage\":\"en-US\",\"@id\":\"https:\/\/www.smedemokrati.sk\/#\/schema\/logo\/image\/\",\"url\":\"https:\/\/www.smedemokrati.sk\/wp-content\/uploads\/2023\/04\/ff.002.jpeg\",\"contentUrl\":\"https:\/\/www.smedemokrati.sk\/wp-content\/uploads\/2023\/04\/ff.002.jpeg\",\"width\":640,\"height\":480,\"caption\":\"Smedemokrati.sk\"},\"image\":{\"@id\":\"https:\/\/www.smedemokrati.sk\/#\/schema\/logo\/image\/\"},\"sameAs\":[\"https:\/\/www.facebook.com\/smedemokrati2023\"]},{\"@type\":\"Person\",\"@id\":\"https:\/\/www.smedemokrati.sk\/#\/schema\/person\/21f147c88d605aa7ded900e1e7c344ba\",\"name\":\"miro.sopko\",\"image\":{\"@type\":\"ImageObject\",\"inLanguage\":\"en-US\",\"@id\":\"https:\/\/secure.gravatar.com\/avatar\/267e4a36f704376c109afe3a78740c1f5dd8675a2180a908699e7863c9247606?s=96&d=mm&r=g\",\"url\":\"https:\/\/secure.gravatar.com\/avatar\/267e4a36f704376c109afe3a78740c1f5dd8675a2180a908699e7863c9247606?s=96&d=mm&r=g\",\"contentUrl\":\"https:\/\/secure.gravatar.com\/avatar\/267e4a36f704376c109afe3a78740c1f5dd8675a2180a908699e7863c9247606?s=96&d=mm&r=g\",\"caption\":\"miro.sopko\"},\"url\":\"https:\/\/www.smedemokrati.sk\/en\/author\/miro-sopko\/\"}]}<\/script>\n<!-- \/ Yoast SEO plugin. -->","yoast_head_json":{"title":"Je piaty december a ministerstvo hospod\u00e1rstva netu\u0161\u00ed, \u010do bude po novom roku s plynom","robots":{"index":"index","follow":"follow","max-snippet":"max-snippet:-1","max-image-preview":"max-image-preview:large","max-video-preview":"max-video-preview:-1"},"canonical":"https:\/\/www.smedemokrati.sk\/en\/je-piaty-december-a-ministerstvo-hospodarstva-netusi-co-bude-po-novom-roku-s-plynom\/","og_locale":"en_US","og_type":"article","og_title":"[:sk]Je piaty december a ministerstvo hospod\u00e1rstva netu\u0161\u00ed, \u010do bude po novom roku s plynom[:] - Smedemokrati.sk","og_description":"Je komedi\u00e1lne, \u017ee ministerka Sakov\u00e1 i\u0161la do Petrohradu rie\u0161i\u0165 ot\u00e1zku s plynom na bud\u00faci rok 5. decembra. B\u00fdval\u00fd minister hospod\u00e1rstva hovor\u00ed, \u017ee je to Gazprom, ktor\u00fd by mal svojmu z\u00e1kazn\u00edkovi SPP pr\u00eds\u0165 vysvetli\u0165, ako chce situ\u00e1ciu na \u010fal\u0161ie obdobie rie\u0161i\u0165. \u201eJe to element\u00e1rny obchodn\u00fd princ\u00edp, \u017ee dod\u00e1vate\u013e m\u00e1 pr\u00eds\u0165 k z\u00e1kazn\u00edkovi a navrhn\u00fa\u0165 rie\u0161enie. Ne\u010dinnos\u0165 [&hellip;]","og_url":"https:\/\/www.smedemokrati.sk\/en\/je-piaty-december-a-ministerstvo-hospodarstva-netusi-co-bude-po-novom-roku-s-plynom\/","og_site_name":"Smedemokrati.sk","article_publisher":"https:\/\/www.facebook.com\/smedemokrati2023","article_published_time":"2024-12-05T13:04:00+00:00","article_modified_time":"2024-12-10T12:16:05+00:00","og_image":[{"width":1006,"height":634,"url":"https:\/\/www.smedemokrati.sk\/wp-content\/uploads\/2024\/12\/hirman-galko.jpg","type":"image\/jpeg"}],"author":"miro.sopko","twitter_card":"summary_large_image","twitter_misc":{"Written by":"miro.sopko","Est. reading time":"2 minutes"},"schema":{"@context":"https:\/\/schema.org","@graph":[{"@type":"Article","@id":"https:\/\/www.smedemokrati.sk\/je-piaty-december-a-ministerstvo-hospodarstva-netusi-co-bude-po-novom-roku-s-plynom\/#article","isPartOf":{"@id":"https:\/\/www.smedemokrati.sk\/je-piaty-december-a-ministerstvo-hospodarstva-netusi-co-bude-po-novom-roku-s-plynom\/"},"author":{"name":"miro.sopko","@id":"https:\/\/www.smedemokrati.sk\/#\/schema\/person\/21f147c88d605aa7ded900e1e7c344ba"},"headline":"Je piaty december a ministerstvo hospod\u00e1rstva netu\u0161\u00ed, \u010do bude po novom roku s plynom","datePublished":"2024-12-05T13:04:00+00:00","dateModified":"2024-12-10T12:16:05+00:00","mainEntityOfPage":{"@id":"https:\/\/www.smedemokrati.sk\/je-piaty-december-a-ministerstvo-hospodarstva-netusi-co-bude-po-novom-roku-s-plynom\/"},"wordCount":354,"publisher":{"@id":"https:\/\/www.smedemokrati.sk\/#organization"},"image":{"@id":"https:\/\/www.smedemokrati.sk\/je-piaty-december-a-ministerstvo-hospodarstva-netusi-co-bude-po-novom-roku-s-plynom\/#primaryimage"},"thumbnailUrl":"https:\/\/www.smedemokrati.sk\/wp-content\/uploads\/2024\/12\/hirman-galko.jpg","articleSection":["Tla\u010dov\u00e9 spr\u00e1vy"],"inLanguage":"en-US"},{"@type":"WebPage","@id":"https:\/\/www.smedemokrati.sk\/je-piaty-december-a-ministerstvo-hospodarstva-netusi-co-bude-po-novom-roku-s-plynom\/","url":"https:\/\/www.smedemokrati.sk\/je-piaty-december-a-ministerstvo-hospodarstva-netusi-co-bude-po-novom-roku-s-plynom\/","name":"Je piaty december a ministerstvo hospod\u00e1rstva netu\u0161\u00ed, \u010do bude po novom roku s plynom","isPartOf":{"@id":"https:\/\/www.smedemokrati.sk\/#website"},"primaryImageOfPage":{"@id":"https:\/\/www.smedemokrati.sk\/je-piaty-december-a-ministerstvo-hospodarstva-netusi-co-bude-po-novom-roku-s-plynom\/#primaryimage"},"image":{"@id":"https:\/\/www.smedemokrati.sk\/je-piaty-december-a-ministerstvo-hospodarstva-netusi-co-bude-po-novom-roku-s-plynom\/#primaryimage"},"thumbnailUrl":"https:\/\/www.smedemokrati.sk\/wp-content\/uploads\/2024\/12\/hirman-galko.jpg","datePublished":"2024-12-05T13:04:00+00:00","dateModified":"2024-12-10T12:16:05+00:00","breadcrumb":{"@id":"https:\/\/www.smedemokrati.sk\/je-piaty-december-a-ministerstvo-hospodarstva-netusi-co-bude-po-novom-roku-s-plynom\/#breadcrumb"},"inLanguage":"en-US","potentialAction":[{"@type":"ReadAction","target":["https:\/\/www.smedemokrati.sk\/je-piaty-december-a-ministerstvo-hospodarstva-netusi-co-bude-po-novom-roku-s-plynom\/"]}]},{"@type":"ImageObject","inLanguage":"en-US","@id":"https:\/\/www.smedemokrati.sk\/je-piaty-december-a-ministerstvo-hospodarstva-netusi-co-bude-po-novom-roku-s-plynom\/#primaryimage","url":"https:\/\/www.smedemokrati.sk\/wp-content\/uploads\/2024\/12\/hirman-galko.jpg","contentUrl":"https:\/\/www.smedemokrati.sk\/wp-content\/uploads\/2024\/12\/hirman-galko.jpg","width":1006,"height":634},{"@type":"BreadcrumbList","@id":"https:\/\/www.smedemokrati.sk\/je-piaty-december-a-ministerstvo-hospodarstva-netusi-co-bude-po-novom-roku-s-plynom\/#breadcrumb","itemListElement":[{"@type":"ListItem","position":1,"name":"Domovsk\u00e1 str\u00e1nka","item":"https:\/\/www.smedemokrati.sk\/"},{"@type":"ListItem","position":2,"name":"Je piaty december a ministerstvo hospod\u00e1rstva netu\u0161\u00ed, \u010do bude po novom roku s plynom"}]},{"@type":"WebSite","@id":"https:\/\/www.smedemokrati.sk\/#website","url":"https:\/\/www.smedemokrati.sk\/","name":"Smedemokrati.sk","description":"Demokracia a slu\u0161nos\u0165 zv\u00ed\u0165az\u00ed","publisher":{"@id":"https:\/\/www.smedemokrati.sk\/#organization"},"potentialAction":[{"@type":"SearchAction","target":{"@type":"EntryPoint","urlTemplate":"https:\/\/www.smedemokrati.sk\/?s={search_term_string}"},"query-input":{"@type":"PropertyValueSpecification","valueRequired":true,"valueName":"search_term_string"}}],"inLanguage":"en-US"},{"@type":"Organization","@id":"https:\/\/www.smedemokrati.sk\/#organization","name":"Smedemokrati.sk","url":"https:\/\/www.smedemokrati.sk\/","logo":{"@type":"ImageObject","inLanguage":"en-US","@id":"https:\/\/www.smedemokrati.sk\/#\/schema\/logo\/image\/","url":"https:\/\/www.smedemokrati.sk\/wp-content\/uploads\/2023\/04\/ff.002.jpeg","contentUrl":"https:\/\/www.smedemokrati.sk\/wp-content\/uploads\/2023\/04\/ff.002.jpeg","width":640,"height":480,"caption":"Smedemokrati.sk"},"image":{"@id":"https:\/\/www.smedemokrati.sk\/#\/schema\/logo\/image\/"},"sameAs":["https:\/\/www.facebook.com\/smedemokrati2023"]},{"@type":"Person","@id":"https:\/\/www.smedemokrati.sk\/#\/schema\/person\/21f147c88d605aa7ded900e1e7c344ba","name":"miro.sopko","image":{"@type":"ImageObject","inLanguage":"en-US","@id":"https:\/\/secure.gravatar.com\/avatar\/267e4a36f704376c109afe3a78740c1f5dd8675a2180a908699e7863c9247606?s=96&d=mm&r=g","url":"https:\/\/secure.gravatar.com\/avatar\/267e4a36f704376c109afe3a78740c1f5dd8675a2180a908699e7863c9247606?s=96&d=mm&r=g","contentUrl":"https:\/\/secure.gravatar.com\/avatar\/267e4a36f704376c109afe3a78740c1f5dd8675a2180a908699e7863c9247606?s=96&d=mm&r=g","caption":"miro.sopko"},"url":"https:\/\/www.smedemokrati.sk\/en\/author\/miro-sopko\/"}]}},"_links":{"self":[{"href":"https:\/\/www.smedemokrati.sk\/en\/wp-json\/wp\/v2\/posts\/5874","targetHints":{"allow":["GET"]}}],"collection":[{"href":"https:\/\/www.smedemokrati.sk\/en\/wp-json\/wp\/v2\/posts"}],"about":[{"href":"https:\/\/www.smedemokrati.sk\/en\/wp-json\/wp\/v2\/types\/post"}],"author":[{"embeddable":true,"href":"https:\/\/www.smedemokrati.sk\/en\/wp-json\/wp\/v2\/users\/13"}],"replies":[{"embeddable":true,"href":"https:\/\/www.smedemokrati.sk\/en\/wp-json\/wp\/v2\/comments?post=5874"}],"version-history":[{"count":1,"href":"https:\/\/www.smedemokrati.sk\/en\/wp-json\/wp\/v2\/posts\/5874\/revisions"}],"predecessor-version":[{"id":5876,"href":"https:\/\/www.smedemokrati.sk\/en\/wp-json\/wp\/v2\/posts\/5874\/revisions\/5876"}],"wp:featuredmedia":[{"embeddable":true,"href":"https:\/\/www.smedemokrati.sk\/en\/wp-json\/wp\/v2\/media\/5875"}],"wp:attachment":[{"href":"https:\/\/www.smedemokrati.sk\/en\/wp-json\/wp\/v2\/media?parent=5874"}],"wp:term":[{"taxonomy":"category","embeddable":true,"href":"https:\/\/www.smedemokrati.sk\/en\/wp-json\/wp\/v2\/categories?post=5874"},{"taxonomy":"post_tag","embeddable":true,"href":"https:\/\/www.smedemokrati.sk\/en\/wp-json\/wp\/v2\/tags?post=5874"}],"curies":[{"name":"wp","href":"https:\/\/api.w.org\/{rel}","templated":true}]}}