{"id":5870,"date":"2024-12-04T13:14:55","date_gmt":"2024-12-04T12:14:55","guid":{"rendered":"https:\/\/www.smedemokrati.sk\/?p=5870"},"modified":"2024-12-10T13:15:57","modified_gmt":"2024-12-10T12:15:57","slug":"co-nesedi-na-pripade-odtrhnuteho-ucha-v-trencine-a-ako-policajna-inspekcie-nevysetruje","status":"publish","type":"post","link":"https:\/\/www.smedemokrati.sk\/en\/co-nesedi-na-pripade-odtrhnuteho-ucha-v-trencine-a-ako-policajna-inspekcie-nevysetruje\/","title":{"rendered":"\u010co nesed\u00ed na pr\u00edpade odtrhnut\u00e9ho ucha v Tren\u010d\u00edne? A ako policajn\u00e1 in\u0161pekcie (ne)vy\u0161etruje"},"content":{"rendered":"<div id=\"fb-root\"><\/div>\n\n<p><strong>Denn\u00e1 situa\u010dn\u00e1 spr\u00e1va obvodn\u00e9ho oddelenia Tren\u010d\u00edn kon\u0161tatuje, \u017ee nedo\u0161lo ku \u017eiadnemu vyhr\u00e1\u017eaniu ani napadnutiu, ktor\u00e9 by si vy\u017eadovalo lek\u00e1rske o\u0161etrenie. V ofici\u00e1lnom stanovisku v\u0161ak pol\u00edcia uv\u00e1dza opak a lek\u00e1rska spr\u00e1va z traumatologick\u00e9ho vy\u0161etrenia potvrdzuje, \u017ee zranenie, o ktorom Demokrati informovali, mu\u017e utrpel. Pod\u013ea strany&nbsp;je to jasn\u00fd d\u00f4kaz o tom, \u017ee pol\u00edcia zav\u00e1dza a pravdepodobne zabudla poriadne &#8220;zahladi\u0165 stopy&#8221;.&nbsp;<\/strong><\/p>\n\n\n\n<p>Na margo tvrdenia policajnej in\u0161pekcie, ktor\u00e1 poprela, \u017ee pri policajnom z\u00e1sahu v Tren\u010d\u00edne bolo mu\u017eovi takmer odtrhnut\u00e9 ucho, uverejnili Demokrati denn\u00fa situa\u010dn\u00fa spr\u00e1vu a tie\u017e lek\u00e1rsku spr\u00e1vu:&nbsp;<em>&#8220;Pod\u013ea stanoviska policajnej in\u0161pekcie, ktor\u00e9 posielali m\u00e9di\u00e1m, bol u\u017e na mieste mu\u017e so zakrvaven\u00fdm uchom, hr\u010dami na \u010dele a odret\u00fdm l\u00edcom. Denn\u00e1 situa\u010dn\u00e1 spr\u00e1va, \u010do je ofici\u00e1lny dokument pol\u00edcie v\u0161ak hovor\u00ed, \u017ee na mieste nedo\u0161lo k \u017eiadnemu vyhr\u00e1\u017eaniu ani napadnutiu a na stanicu doviezli mu\u017ea bez zranen\u00ed. Tak kde je pravda? Policajti tvrdili, \u017ee klamem, teraz s\u00fa ticho, na pr\u00edpad uvalili embargo. Pre\u010do mu\u017e z policajnej stanice musel \u00eds\u0165 na pohotovos\u0165 s takmer odtrhnut\u00fdm uchom? Evidentne ale zabudli zahladi\u0165 v\u0161etky stopy.&#8221;&nbsp;<\/em>hovor\u00ed Juraj \u0160eliga podpredseda Demokratov a dod\u00e1va, \u017ee policajn\u00e9 vedenie pravdepodobne zabudlo na t\u00fato denn\u00fa zvodku a p\u00fdta sa, kto za tento z\u00e1sah ale tie\u017e za smr\u0165 v Ko\u0161iciach po policajnom z\u00e1kroku prevezme zodpovednos\u0165.&nbsp;<\/p>\n\n\n\n<p>Okrem t\u00fdchto pr\u00edpadov sa Demokrati vracaj\u00fa aj k udalostiam z B\u00e1noviec nad Bebravou, kde malo d\u00f4js\u0165 k neprimeran\u00e9mu z\u00e1sahu a pol\u00edcia dodnes nereagovala:&nbsp;<em>&#8220;Je to tak, \u017ee in\u0161pekcia a vedenie pol\u00edcie nekon\u00e1, preto\u017ee riadite\u013e okresn\u00e9ho riadite\u013estva p\u00e1n Mu\u0161\u00e1k je z\u00e1rove\u0148 kandid\u00e1t za stranu Smer v Doh\u0148anoch? K tomu len moja pozn\u00e1mka pod \u010diarou, \u010di je v poriadku \u017ee akt\u00edvny policajt sa hl\u00e1sil do politickej poz\u00edcie s podporou Smeru. A k p\u00e1novi Mu\u0161\u00e1kovi e\u0161te jedn\u00e1 inform\u00e1cia, ide o \u010dloveka, ktor\u00fd musel po atent\u00e1te na premi\u00e9ra od\u00eds\u0165 z krajsk\u00e9ho riadite\u013estva v Tren\u010d\u00edne. Toto je vyvodenie zodpovednosti? \u017de osobu prevel\u00edme do funkcie inam, do B\u00e1noviec nad Bebravou? P\u00e1n Mu\u0161\u00e1k, teraz pre\u010do nekon\u00e1te?&#8221;<\/em><\/p>\n\n\n\n<p><em>&#8220;Policajn\u00e1 in\u0161pekcia nasadila tri t\u00edmy, aby rie\u0161ili vy\u0161etrovate\u013eov okolo J\u00e1na \u010curillu. Zadr\u017eala Dun\u010dka a Magullu za skutky, ktor\u00e9 sa mali sta\u0165 pred tromi rokmi, ale policajti, ktor\u00ed ml\u00e1tia ob\u010danov len tak chodia po slobode? V Ko\u0161iciach zabil policajt mu\u017ea, v B\u00e1novciach policajti zbili mu\u017ea, v Tren\u010d\u00edne rovnako n\u00e1siln\u00fd incident a e\u0161te chc\u00fa aj pozameta\u0165 stopy, ale oni rie\u0161ia \u010curillovcov, aby mohli kri\u010da\u0165, pozrite ako sa mst\u00edme, pozrite v\u0161etky s\u00fady, kde ods\u00fadili na\u0161ich nominantov, v\u0161etko je neplatn\u00e9. Pozrite, zatv\u00e1rame ich, \u010curillu, Hamrana, Lip\u0161ica. Pre\u010do sa ale potom \u010duduj\u00fa, \u017ee toto naz\u00fdvame pomstou za robotu vy\u0161etrovate\u013eov, ktor\u00ed vy\u0161etrovali z\u00e1va\u017en\u00e9 podozrenie politikov Smeru a Hlasu? \u0160utaj E\u0161tok sa t\u00fdm chv\u00e1li na soci\u00e1lnych sie\u0165ach. Pre\u010do sa policajti p\u00fdtaj\u00fa na knihu \u010curillovci? No preto, aby mohli urobi\u0165 organizovan\u00fa zlo\u010dineck\u00fa skupinu, zadr\u017ea\u0165 v\u0161etk\u00fdch vy\u0161etrovate\u013eov a zak\u00e1za\u0165 knihu. Ale p\u00e1ni a d\u00e1my v Smere, Hlase a na pol\u00edcii by mali knihy \u010d\u00edta\u0165 a nie za knihy zatv\u00e1ra\u0165!&#8221;&nbsp;<\/em>hovor\u00ed Juraj \u0160eliga, s t\u00fdm, \u017ee pod\u013ea inform\u00e1ci\u00ed Demokratov je hlavn\u00fdm cie\u013eom t\u00fdchto policajn\u00fdch man\u00e9vrov medi\u00e1lne prezentova\u0165 zadr\u017eanie J\u00e1na \u010curillu, Daniela Lip\u0161ica a \u0160tefana Hamrana.&nbsp;<\/p>\n\n\n\n<p>Predseda Demokratov Jaroslav Na\u010f kritizuje postoj Mat\u00fa\u0161a \u0160utaja E\u0161toka, ktor\u00fd sa po t\u00fdchto zlyhaniach na\u010falej dr\u017e\u00ed na ministerskej stoli\u010dke:&nbsp;<em>V Ko\u0161iciach pol\u00edcia zbije chlapa tak, \u017ee zomrie. V Galante umrie \u010dlovek v CPZ a nikde ani pol slova. V \u017diline po z\u00e1sahu taserom s\u013eubovali vy\u0161etrovanie a je ticho. Nehovoriac o B\u00e1novciach a v Tren\u010d\u00edne, za ka\u017ed\u00fa jednu t\u00fato kauzu by mal \u0160utaj E\u0161tok odst\u00fapi\u0165. A t\u00fdch inform\u00e1ci\u00ed je viac ako dos\u0165, ka\u017ed\u00fd de\u0148 sa n\u00e1m policajti oz\u00fdvaj\u00fa a \u010doskoro budeme informova\u0165 o \u010fal\u0161\u00edch z\u00e1va\u017en\u00fdch pochybeniach. Namiesto rie\u0161en\u00ed chc\u00fa zavrie\u0165 \u00fasta novin\u00e1rovi Vagovi\u010dovi a uml\u010da\u0165 vy\u0161etrovate\u013eov. Toto je zastra\u0161ovanie. Ale p\u00e1n E\u0161tok, n\u00e1s nezastra\u0161\u00edte a my nebudeme ticho!&#8221;<\/em><\/p>\n\n\n<div class=\"fb-video\" data-href=\"https:\/\/fb.watch\/wfVGq-v9CE\" data-allowfullscreen=\"true\" data-autoplay=\"false\" data-width=\"\" data-show-text=\"false\" data-show-captions=\"true\"><\/div>\n","protected":false},"excerpt":{"rendered":"<p>Denn\u00e1 situa\u010dn\u00e1 spr\u00e1va obvodn\u00e9ho oddelenia Tren\u010d\u00edn kon\u0161tatuje, \u017ee nedo\u0161lo ku \u017eiadnemu vyhr\u00e1\u017eaniu ani napadnutiu, ktor\u00e9 by si vy\u017eadovalo lek\u00e1rske o\u0161etrenie. V ofici\u00e1lnom stanovisku v\u0161ak pol\u00edcia uv\u00e1dza opak a lek\u00e1rska spr\u00e1va z traumatologick\u00e9ho vy\u0161etrenia potvrdzuje, \u017ee zranenie, o ktorom Demokrati informovali, mu\u017e utrpel. Pod\u013ea strany&nbsp;je to jasn\u00fd d\u00f4kaz o tom, \u017ee pol\u00edcia zav\u00e1dza a pravdepodobne zabudla [&hellip;]<\/p>\n","protected":false},"author":13,"featured_media":5871,"comment_status":"closed","ping_status":"closed","sticky":false,"template":"","format":"standard","meta":{"_acf_changed":false,"ngg_post_thumbnail":0,"footnotes":""},"categories":[4],"tags":[],"class_list":["post-5870","post","type-post","status-publish","format-standard","has-post-thumbnail","hentry","category-tlacove-spravy"],"acf":[],"yoast_head":"<!-- This site is optimized with the Yoast SEO plugin v27.2 - https:\/\/yoast.com\/product\/yoast-seo-wordpress\/ -->\n<title>\u010co nesed\u00ed na pr\u00edpade odtrhnut\u00e9ho ucha v Tren\u010d\u00edne? A ako policajn\u00e1 in\u0161pekcie (ne)vy\u0161etruje<\/title>\n<meta name=\"robots\" content=\"index, follow, max-snippet:-1, max-image-preview:large, max-video-preview:-1\" \/>\n<link rel=\"canonical\" href=\"https:\/\/www.smedemokrati.sk\/en\/co-nesedi-na-pripade-odtrhnuteho-ucha-v-trencine-a-ako-policajna-inspekcie-nevysetruje\/\" \/>\n<meta property=\"og:locale\" content=\"en_US\" \/>\n<meta property=\"og:locale:alternate\" content=\"cs_CZ\" \/>\n<meta property=\"og:locale:alternate\" content=\"hu_HU\" \/>\n<meta property=\"og:locale:alternate\" content=\"sk_SK\" \/>\n<meta property=\"og:locale:alternate\" content=\"sv_SE\" \/>\n<meta property=\"og:type\" content=\"article\" \/>\n<meta property=\"og:title\" content=\"\u010co nesed\u00ed na pr\u00edpade odtrhnut\u00e9ho ucha v Tren\u010d\u00edne? A ako policajn\u00e1 in\u0161pekcie (ne)vy\u0161etruje\" \/>\n<meta property=\"og:description\" content=\"Denn\u00e1 situa\u010dn\u00e1 spr\u00e1va obvodn\u00e9ho oddelenia Tren\u010d\u00edn kon\u0161tatuje, \u017ee nedo\u0161lo ku \u017eiadnemu vyhr\u00e1\u017eaniu ani napadnutiu, ktor\u00e9 by si vy\u017eadovalo lek\u00e1rske o\u0161etrenie. V ofici\u00e1lnom stanovisku v\u0161ak pol\u00edcia uv\u00e1dza opak a lek\u00e1rska spr\u00e1va z traumatologick\u00e9ho vy\u0161etrenia potvrdzuje, \u017ee zranenie, o ktorom Demokrati informovali, mu\u017e utrpel. Pod\u013ea strany&nbsp;je to jasn\u00fd d\u00f4kaz o tom, \u017ee pol\u00edcia zav\u00e1dza a pravdepodobne zabudla [&hellip;]\" \/>\n<meta property=\"og:url\" content=\"https:\/\/www.smedemokrati.sk\/en\/co-nesedi-na-pripade-odtrhnuteho-ucha-v-trencine-a-ako-policajna-inspekcie-nevysetruje\/\" \/>\n<meta property=\"og:site_name\" content=\"Smedemokrati.sk\" \/>\n<meta property=\"article:publisher\" content=\"https:\/\/www.facebook.com\/smedemokrati2023\" \/>\n<meta property=\"article:published_time\" content=\"2024-12-04T12:14:55+00:00\" \/>\n<meta property=\"article:modified_time\" content=\"2024-12-10T12:15:57+00:00\" \/>\n<meta property=\"og:image\" content=\"https:\/\/www.smedemokrati.sk\/wp-content\/uploads\/2024\/12\/ucho.jpg\" \/>\n\t<meta property=\"og:image:width\" content=\"1419\" \/>\n\t<meta property=\"og:image:height\" content=\"735\" \/>\n\t<meta property=\"og:image:type\" content=\"image\/jpeg\" \/>\n<meta name=\"author\" content=\"miro.sopko\" \/>\n<meta name=\"twitter:card\" content=\"summary_large_image\" \/>\n<meta name=\"twitter:label1\" content=\"Written by\" \/>\n\t<meta name=\"twitter:data1\" content=\"miro.sopko\" \/>\n\t<meta name=\"twitter:label2\" content=\"Est. reading time\" \/>\n\t<meta name=\"twitter:data2\" content=\"4 minutes\" \/>\n<script type=\"application\/ld+json\" class=\"yoast-schema-graph\">{\"@context\":\"https:\/\/schema.org\",\"@graph\":[{\"@type\":\"Article\",\"@id\":\"https:\/\/www.smedemokrati.sk\/co-nesedi-na-pripade-odtrhnuteho-ucha-v-trencine-a-ako-policajna-inspekcie-nevysetruje\/#article\",\"isPartOf\":{\"@id\":\"https:\/\/www.smedemokrati.sk\/co-nesedi-na-pripade-odtrhnuteho-ucha-v-trencine-a-ako-policajna-inspekcie-nevysetruje\/\"},\"author\":{\"name\":\"miro.sopko\",\"@id\":\"https:\/\/www.smedemokrati.sk\/#\/schema\/person\/21f147c88d605aa7ded900e1e7c344ba\"},\"headline\":\"\u010co nesed\u00ed na pr\u00edpade odtrhnut\u00e9ho ucha v Tren\u010d\u00edne? A ako policajn\u00e1 in\u0161pekcie (ne)vy\u0161etruje\",\"datePublished\":\"2024-12-04T12:14:55+00:00\",\"dateModified\":\"2024-12-10T12:15:57+00:00\",\"mainEntityOfPage\":{\"@id\":\"https:\/\/www.smedemokrati.sk\/co-nesedi-na-pripade-odtrhnuteho-ucha-v-trencine-a-ako-policajna-inspekcie-nevysetruje\/\"},\"wordCount\":824,\"publisher\":{\"@id\":\"https:\/\/www.smedemokrati.sk\/#organization\"},\"image\":{\"@id\":\"https:\/\/www.smedemokrati.sk\/co-nesedi-na-pripade-odtrhnuteho-ucha-v-trencine-a-ako-policajna-inspekcie-nevysetruje\/#primaryimage\"},\"thumbnailUrl\":\"https:\/\/www.smedemokrati.sk\/wp-content\/uploads\/2024\/12\/ucho.jpg\",\"articleSection\":[\"Tla\u010dov\u00e9 spr\u00e1vy\"],\"inLanguage\":\"en-US\"},{\"@type\":\"WebPage\",\"@id\":\"https:\/\/www.smedemokrati.sk\/co-nesedi-na-pripade-odtrhnuteho-ucha-v-trencine-a-ako-policajna-inspekcie-nevysetruje\/\",\"url\":\"https:\/\/www.smedemokrati.sk\/co-nesedi-na-pripade-odtrhnuteho-ucha-v-trencine-a-ako-policajna-inspekcie-nevysetruje\/\",\"name\":\"\u010co nesed\u00ed na pr\u00edpade odtrhnut\u00e9ho ucha v Tren\u010d\u00edne? A ako policajn\u00e1 in\u0161pekcie (ne)vy\u0161etruje\",\"isPartOf\":{\"@id\":\"https:\/\/www.smedemokrati.sk\/#website\"},\"primaryImageOfPage\":{\"@id\":\"https:\/\/www.smedemokrati.sk\/co-nesedi-na-pripade-odtrhnuteho-ucha-v-trencine-a-ako-policajna-inspekcie-nevysetruje\/#primaryimage\"},\"image\":{\"@id\":\"https:\/\/www.smedemokrati.sk\/co-nesedi-na-pripade-odtrhnuteho-ucha-v-trencine-a-ako-policajna-inspekcie-nevysetruje\/#primaryimage\"},\"thumbnailUrl\":\"https:\/\/www.smedemokrati.sk\/wp-content\/uploads\/2024\/12\/ucho.jpg\",\"datePublished\":\"2024-12-04T12:14:55+00:00\",\"dateModified\":\"2024-12-10T12:15:57+00:00\",\"breadcrumb\":{\"@id\":\"https:\/\/www.smedemokrati.sk\/co-nesedi-na-pripade-odtrhnuteho-ucha-v-trencine-a-ako-policajna-inspekcie-nevysetruje\/#breadcrumb\"},\"inLanguage\":\"en-US\",\"potentialAction\":[{\"@type\":\"ReadAction\",\"target\":[\"https:\/\/www.smedemokrati.sk\/co-nesedi-na-pripade-odtrhnuteho-ucha-v-trencine-a-ako-policajna-inspekcie-nevysetruje\/\"]}]},{\"@type\":\"ImageObject\",\"inLanguage\":\"en-US\",\"@id\":\"https:\/\/www.smedemokrati.sk\/co-nesedi-na-pripade-odtrhnuteho-ucha-v-trencine-a-ako-policajna-inspekcie-nevysetruje\/#primaryimage\",\"url\":\"https:\/\/www.smedemokrati.sk\/wp-content\/uploads\/2024\/12\/ucho.jpg\",\"contentUrl\":\"https:\/\/www.smedemokrati.sk\/wp-content\/uploads\/2024\/12\/ucho.jpg\",\"width\":1419,\"height\":735},{\"@type\":\"BreadcrumbList\",\"@id\":\"https:\/\/www.smedemokrati.sk\/co-nesedi-na-pripade-odtrhnuteho-ucha-v-trencine-a-ako-policajna-inspekcie-nevysetruje\/#breadcrumb\",\"itemListElement\":[{\"@type\":\"ListItem\",\"position\":1,\"name\":\"Domovsk\u00e1 str\u00e1nka\",\"item\":\"https:\/\/www.smedemokrati.sk\/\"},{\"@type\":\"ListItem\",\"position\":2,\"name\":\"\u010co nesed\u00ed na pr\u00edpade odtrhnut\u00e9ho ucha v Tren\u010d\u00edne? A ako policajn\u00e1 in\u0161pekcie (ne)vy\u0161etruje\"}]},{\"@type\":\"WebSite\",\"@id\":\"https:\/\/www.smedemokrati.sk\/#website\",\"url\":\"https:\/\/www.smedemokrati.sk\/\",\"name\":\"Smedemokrati.sk\",\"description\":\"Demokracia a slu\u0161nos\u0165 zv\u00ed\u0165az\u00ed\",\"publisher\":{\"@id\":\"https:\/\/www.smedemokrati.sk\/#organization\"},\"potentialAction\":[{\"@type\":\"SearchAction\",\"target\":{\"@type\":\"EntryPoint\",\"urlTemplate\":\"https:\/\/www.smedemokrati.sk\/?s={search_term_string}\"},\"query-input\":{\"@type\":\"PropertyValueSpecification\",\"valueRequired\":true,\"valueName\":\"search_term_string\"}}],\"inLanguage\":\"en-US\"},{\"@type\":\"Organization\",\"@id\":\"https:\/\/www.smedemokrati.sk\/#organization\",\"name\":\"Smedemokrati.sk\",\"url\":\"https:\/\/www.smedemokrati.sk\/\",\"logo\":{\"@type\":\"ImageObject\",\"inLanguage\":\"en-US\",\"@id\":\"https:\/\/www.smedemokrati.sk\/#\/schema\/logo\/image\/\",\"url\":\"https:\/\/www.smedemokrati.sk\/wp-content\/uploads\/2023\/04\/ff.002.jpeg\",\"contentUrl\":\"https:\/\/www.smedemokrati.sk\/wp-content\/uploads\/2023\/04\/ff.002.jpeg\",\"width\":640,\"height\":480,\"caption\":\"Smedemokrati.sk\"},\"image\":{\"@id\":\"https:\/\/www.smedemokrati.sk\/#\/schema\/logo\/image\/\"},\"sameAs\":[\"https:\/\/www.facebook.com\/smedemokrati2023\"]},{\"@type\":\"Person\",\"@id\":\"https:\/\/www.smedemokrati.sk\/#\/schema\/person\/21f147c88d605aa7ded900e1e7c344ba\",\"name\":\"miro.sopko\",\"image\":{\"@type\":\"ImageObject\",\"inLanguage\":\"en-US\",\"@id\":\"https:\/\/secure.gravatar.com\/avatar\/267e4a36f704376c109afe3a78740c1f5dd8675a2180a908699e7863c9247606?s=96&d=mm&r=g\",\"url\":\"https:\/\/secure.gravatar.com\/avatar\/267e4a36f704376c109afe3a78740c1f5dd8675a2180a908699e7863c9247606?s=96&d=mm&r=g\",\"contentUrl\":\"https:\/\/secure.gravatar.com\/avatar\/267e4a36f704376c109afe3a78740c1f5dd8675a2180a908699e7863c9247606?s=96&d=mm&r=g\",\"caption\":\"miro.sopko\"},\"url\":\"https:\/\/www.smedemokrati.sk\/en\/author\/miro-sopko\/\"}]}<\/script>\n<!-- \/ Yoast SEO plugin. -->","yoast_head_json":{"title":"\u010co nesed\u00ed na pr\u00edpade odtrhnut\u00e9ho ucha v Tren\u010d\u00edne? A ako policajn\u00e1 in\u0161pekcie (ne)vy\u0161etruje","robots":{"index":"index","follow":"follow","max-snippet":"max-snippet:-1","max-image-preview":"max-image-preview:large","max-video-preview":"max-video-preview:-1"},"canonical":"https:\/\/www.smedemokrati.sk\/en\/co-nesedi-na-pripade-odtrhnuteho-ucha-v-trencine-a-ako-policajna-inspekcie-nevysetruje\/","og_locale":"en_US","og_type":"article","og_title":"[:sk]\u010co nesed\u00ed na pr\u00edpade odtrhnut\u00e9ho ucha v Tren\u010d\u00edne? A ako policajn\u00e1 in\u0161pekcie (ne)vy\u0161etruje[:] - Smedemokrati.sk","og_description":"Denn\u00e1 situa\u010dn\u00e1 spr\u00e1va obvodn\u00e9ho oddelenia Tren\u010d\u00edn kon\u0161tatuje, \u017ee nedo\u0161lo ku \u017eiadnemu vyhr\u00e1\u017eaniu ani napadnutiu, ktor\u00e9 by si vy\u017eadovalo lek\u00e1rske o\u0161etrenie. V ofici\u00e1lnom stanovisku v\u0161ak pol\u00edcia uv\u00e1dza opak a lek\u00e1rska spr\u00e1va z traumatologick\u00e9ho vy\u0161etrenia potvrdzuje, \u017ee zranenie, o ktorom Demokrati informovali, mu\u017e utrpel. Pod\u013ea strany&nbsp;je to jasn\u00fd d\u00f4kaz o tom, \u017ee pol\u00edcia zav\u00e1dza a pravdepodobne zabudla [&hellip;]","og_url":"https:\/\/www.smedemokrati.sk\/en\/co-nesedi-na-pripade-odtrhnuteho-ucha-v-trencine-a-ako-policajna-inspekcie-nevysetruje\/","og_site_name":"Smedemokrati.sk","article_publisher":"https:\/\/www.facebook.com\/smedemokrati2023","article_published_time":"2024-12-04T12:14:55+00:00","article_modified_time":"2024-12-10T12:15:57+00:00","og_image":[{"width":1419,"height":735,"url":"https:\/\/www.smedemokrati.sk\/wp-content\/uploads\/2024\/12\/ucho.jpg","type":"image\/jpeg"}],"author":"miro.sopko","twitter_card":"summary_large_image","twitter_misc":{"Written by":"miro.sopko","Est. reading time":"4 minutes"},"schema":{"@context":"https:\/\/schema.org","@graph":[{"@type":"Article","@id":"https:\/\/www.smedemokrati.sk\/co-nesedi-na-pripade-odtrhnuteho-ucha-v-trencine-a-ako-policajna-inspekcie-nevysetruje\/#article","isPartOf":{"@id":"https:\/\/www.smedemokrati.sk\/co-nesedi-na-pripade-odtrhnuteho-ucha-v-trencine-a-ako-policajna-inspekcie-nevysetruje\/"},"author":{"name":"miro.sopko","@id":"https:\/\/www.smedemokrati.sk\/#\/schema\/person\/21f147c88d605aa7ded900e1e7c344ba"},"headline":"\u010co nesed\u00ed na pr\u00edpade odtrhnut\u00e9ho ucha v Tren\u010d\u00edne? A ako policajn\u00e1 in\u0161pekcie (ne)vy\u0161etruje","datePublished":"2024-12-04T12:14:55+00:00","dateModified":"2024-12-10T12:15:57+00:00","mainEntityOfPage":{"@id":"https:\/\/www.smedemokrati.sk\/co-nesedi-na-pripade-odtrhnuteho-ucha-v-trencine-a-ako-policajna-inspekcie-nevysetruje\/"},"wordCount":824,"publisher":{"@id":"https:\/\/www.smedemokrati.sk\/#organization"},"image":{"@id":"https:\/\/www.smedemokrati.sk\/co-nesedi-na-pripade-odtrhnuteho-ucha-v-trencine-a-ako-policajna-inspekcie-nevysetruje\/#primaryimage"},"thumbnailUrl":"https:\/\/www.smedemokrati.sk\/wp-content\/uploads\/2024\/12\/ucho.jpg","articleSection":["Tla\u010dov\u00e9 spr\u00e1vy"],"inLanguage":"en-US"},{"@type":"WebPage","@id":"https:\/\/www.smedemokrati.sk\/co-nesedi-na-pripade-odtrhnuteho-ucha-v-trencine-a-ako-policajna-inspekcie-nevysetruje\/","url":"https:\/\/www.smedemokrati.sk\/co-nesedi-na-pripade-odtrhnuteho-ucha-v-trencine-a-ako-policajna-inspekcie-nevysetruje\/","name":"\u010co nesed\u00ed na pr\u00edpade odtrhnut\u00e9ho ucha v Tren\u010d\u00edne? A ako policajn\u00e1 in\u0161pekcie (ne)vy\u0161etruje","isPartOf":{"@id":"https:\/\/www.smedemokrati.sk\/#website"},"primaryImageOfPage":{"@id":"https:\/\/www.smedemokrati.sk\/co-nesedi-na-pripade-odtrhnuteho-ucha-v-trencine-a-ako-policajna-inspekcie-nevysetruje\/#primaryimage"},"image":{"@id":"https:\/\/www.smedemokrati.sk\/co-nesedi-na-pripade-odtrhnuteho-ucha-v-trencine-a-ako-policajna-inspekcie-nevysetruje\/#primaryimage"},"thumbnailUrl":"https:\/\/www.smedemokrati.sk\/wp-content\/uploads\/2024\/12\/ucho.jpg","datePublished":"2024-12-04T12:14:55+00:00","dateModified":"2024-12-10T12:15:57+00:00","breadcrumb":{"@id":"https:\/\/www.smedemokrati.sk\/co-nesedi-na-pripade-odtrhnuteho-ucha-v-trencine-a-ako-policajna-inspekcie-nevysetruje\/#breadcrumb"},"inLanguage":"en-US","potentialAction":[{"@type":"ReadAction","target":["https:\/\/www.smedemokrati.sk\/co-nesedi-na-pripade-odtrhnuteho-ucha-v-trencine-a-ako-policajna-inspekcie-nevysetruje\/"]}]},{"@type":"ImageObject","inLanguage":"en-US","@id":"https:\/\/www.smedemokrati.sk\/co-nesedi-na-pripade-odtrhnuteho-ucha-v-trencine-a-ako-policajna-inspekcie-nevysetruje\/#primaryimage","url":"https:\/\/www.smedemokrati.sk\/wp-content\/uploads\/2024\/12\/ucho.jpg","contentUrl":"https:\/\/www.smedemokrati.sk\/wp-content\/uploads\/2024\/12\/ucho.jpg","width":1419,"height":735},{"@type":"BreadcrumbList","@id":"https:\/\/www.smedemokrati.sk\/co-nesedi-na-pripade-odtrhnuteho-ucha-v-trencine-a-ako-policajna-inspekcie-nevysetruje\/#breadcrumb","itemListElement":[{"@type":"ListItem","position":1,"name":"Domovsk\u00e1 str\u00e1nka","item":"https:\/\/www.smedemokrati.sk\/"},{"@type":"ListItem","position":2,"name":"\u010co nesed\u00ed na pr\u00edpade odtrhnut\u00e9ho ucha v Tren\u010d\u00edne? A ako policajn\u00e1 in\u0161pekcie (ne)vy\u0161etruje"}]},{"@type":"WebSite","@id":"https:\/\/www.smedemokrati.sk\/#website","url":"https:\/\/www.smedemokrati.sk\/","name":"Smedemokrati.sk","description":"Demokracia a slu\u0161nos\u0165 zv\u00ed\u0165az\u00ed","publisher":{"@id":"https:\/\/www.smedemokrati.sk\/#organization"},"potentialAction":[{"@type":"SearchAction","target":{"@type":"EntryPoint","urlTemplate":"https:\/\/www.smedemokrati.sk\/?s={search_term_string}"},"query-input":{"@type":"PropertyValueSpecification","valueRequired":true,"valueName":"search_term_string"}}],"inLanguage":"en-US"},{"@type":"Organization","@id":"https:\/\/www.smedemokrati.sk\/#organization","name":"Smedemokrati.sk","url":"https:\/\/www.smedemokrati.sk\/","logo":{"@type":"ImageObject","inLanguage":"en-US","@id":"https:\/\/www.smedemokrati.sk\/#\/schema\/logo\/image\/","url":"https:\/\/www.smedemokrati.sk\/wp-content\/uploads\/2023\/04\/ff.002.jpeg","contentUrl":"https:\/\/www.smedemokrati.sk\/wp-content\/uploads\/2023\/04\/ff.002.jpeg","width":640,"height":480,"caption":"Smedemokrati.sk"},"image":{"@id":"https:\/\/www.smedemokrati.sk\/#\/schema\/logo\/image\/"},"sameAs":["https:\/\/www.facebook.com\/smedemokrati2023"]},{"@type":"Person","@id":"https:\/\/www.smedemokrati.sk\/#\/schema\/person\/21f147c88d605aa7ded900e1e7c344ba","name":"miro.sopko","image":{"@type":"ImageObject","inLanguage":"en-US","@id":"https:\/\/secure.gravatar.com\/avatar\/267e4a36f704376c109afe3a78740c1f5dd8675a2180a908699e7863c9247606?s=96&d=mm&r=g","url":"https:\/\/secure.gravatar.com\/avatar\/267e4a36f704376c109afe3a78740c1f5dd8675a2180a908699e7863c9247606?s=96&d=mm&r=g","contentUrl":"https:\/\/secure.gravatar.com\/avatar\/267e4a36f704376c109afe3a78740c1f5dd8675a2180a908699e7863c9247606?s=96&d=mm&r=g","caption":"miro.sopko"},"url":"https:\/\/www.smedemokrati.sk\/en\/author\/miro-sopko\/"}]}},"_links":{"self":[{"href":"https:\/\/www.smedemokrati.sk\/en\/wp-json\/wp\/v2\/posts\/5870","targetHints":{"allow":["GET"]}}],"collection":[{"href":"https:\/\/www.smedemokrati.sk\/en\/wp-json\/wp\/v2\/posts"}],"about":[{"href":"https:\/\/www.smedemokrati.sk\/en\/wp-json\/wp\/v2\/types\/post"}],"author":[{"embeddable":true,"href":"https:\/\/www.smedemokrati.sk\/en\/wp-json\/wp\/v2\/users\/13"}],"replies":[{"embeddable":true,"href":"https:\/\/www.smedemokrati.sk\/en\/wp-json\/wp\/v2\/comments?post=5870"}],"version-history":[{"count":1,"href":"https:\/\/www.smedemokrati.sk\/en\/wp-json\/wp\/v2\/posts\/5870\/revisions"}],"predecessor-version":[{"id":5872,"href":"https:\/\/www.smedemokrati.sk\/en\/wp-json\/wp\/v2\/posts\/5870\/revisions\/5872"}],"wp:featuredmedia":[{"embeddable":true,"href":"https:\/\/www.smedemokrati.sk\/en\/wp-json\/wp\/v2\/media\/5871"}],"wp:attachment":[{"href":"https:\/\/www.smedemokrati.sk\/en\/wp-json\/wp\/v2\/media?parent=5870"}],"wp:term":[{"taxonomy":"category","embeddable":true,"href":"https:\/\/www.smedemokrati.sk\/en\/wp-json\/wp\/v2\/categories?post=5870"},{"taxonomy":"post_tag","embeddable":true,"href":"https:\/\/www.smedemokrati.sk\/en\/wp-json\/wp\/v2\/tags?post=5870"}],"curies":[{"name":"wp","href":"https:\/\/api.w.org\/{rel}","templated":true}]}}