{"id":5867,"date":"2024-12-03T21:31:13","date_gmt":"2024-12-03T20:31:13","guid":{"rendered":"https:\/\/www.smedemokrati.sk\/?p=5867"},"modified":"2024-12-05T14:04:19","modified_gmt":"2024-12-05T13:04:19","slug":"pan-taraba-zabrante-spalovaniu-madarskeho-odpadu-na-slovensku","status":"publish","type":"post","link":"https:\/\/www.smedemokrati.sk\/en\/pan-taraba-zabrante-spalovaniu-madarskeho-odpadu-na-slovensku\/","title":{"rendered":"P\u00e1n Taraba, zabr\u00e1\u0148te spa\u013eovaniu ma\u010farsk\u00e9ho odpadu na Slovensku!"},"content":{"rendered":"<div id=\"fb-root\"><\/div>\n\n<p><strong>Pod\u013ea inform\u00e1cii strany Demokrati hroz\u00ed, \u017ee na Slovensko sa m\u00f4\u017ee vo ve\u013ekom dov\u00e1\u017ea\u0165 komun\u00e1lny odpad z Ma\u010farska za \u00fa\u010delom jeho spa\u013eovania. Minister \u017eivotn\u00e9ho prostredia Taraba je ale v obhajobe z\u00e1ujmov Slovenska pas\u00edvny a nevykonal \u017eiadne \u00fa\u010dinn\u00e9 kroky, aby tomu zabr\u00e1nil. Do t\u00fdchto z\u00e1merov m\u00f4\u017ee spada\u0165 aj budovanie \u010fal\u0161ej a pre Slovensko zbyto\u010dnej spa\u013eovne v are\u00e1li bratislavskej rafin\u00e9rie Slovnaft. To je naviac spojen\u00e9 s rizikami pre zdravie obyvate\u013eov Bratislavy a okolia a zhor\u0161en\u00edm stavu \u017eivotn\u00e9ho prostredia. Strana vyz\u00fdva ministra Tarabu aby jednozna\u010dne garantoval, \u017ee tomuto scen\u00e1ru zabr\u00e1ni a vyvr\u00e1til kulo\u00e1rne inform\u00e1cie, \u017ee z\u00e1mer u\u017e mohol dosta\u0165 neform\u00e1lne \u201czelen\u00fa.\u201d<\/strong><\/p>\n\n\n\n<p><em>\u201eV are\u00e1li priemyseln\u00e9ho podniku Slovnaft v Bratislave m\u00e1 vyr\u00e1s\u0165 centrum energetick\u00e9ho zhodnocovania odpadov. Navrhovan\u00e1 kapacita je a\u017e 316 700 ton odpadov, vr\u00e1tane toho nebezpe\u010dn\u00e9ho. Nehovoriac o tom, \u017ee s\u00fa\u010dasn\u00e9 kapacity u\u017e vybudovan\u00fdch spa\u013eovn\u00ed dostato\u010dne pokr\u00fdvaj\u00fa potreby zhodnocovania odpadu. P\u00fdtame sa, na \u010do je \u010fal\u0161ia spa\u013eov\u0148a a koho z\u00e1ujmy sleduje minister Taraba,&#8221;<\/em>\u00a0otv\u00e1ra t\u00e9mu enviroexpert strany Demokrati Michal Ki\u010da.<\/p>\n\n\n\n<p><em>\u201eSlovnaft stopercentne vlastn\u00ed ma\u010farsk\u00fd koncern MOL. Ten z\u00edskal na 35 rokov monopoln\u00e9 postavenie v Ma\u010farsku na likvid\u00e1ciu odpadov. Slovnaft n\u00e1sledne za\u010dal s procesom z\u00edskania povolen\u00ed na budovanie spa\u013eovne v Bratislave. Roz\u0161iruje za asistencie slovenskej vl\u00e1dy Orb\u00e1n svoje kapacity na Slovensko a budeme spa\u013eova\u0165 pr\u00e1ve odpad od n\u00e1\u0161ho ju\u017en\u00e9ho suseda?<\/em>&#8221; komentuje b\u00fdval\u00fd minister hospod\u00e1rstva Karel Hirman.<\/p>\n\n\n\n<p>Na\u0161e obavy potvrdzuje aj inform\u00e1cia, \u017ee na negat\u00edvne vplyvy budovanej spa\u013eovne, vr\u00e1tane p\u00f4vodu a mno\u017estva odpadu, pouk\u00e1zalo aj stanovisko ministersk\u00e9ho odboru ochrany ovzdu\u0161ia z febru\u00e1ra tohto roku. Odborn\u00ed\u010dka, ktor\u00e1 ho podp\u00edsala, bola pred nieko\u013ek\u00fdmi t\u00fd\u017ed\u0148ami z ministerstva po viac ako 20 rokoch vyhoden\u00e1.&nbsp;<\/p>\n\n\n\n<p>Demokrati dod\u00e1vaj\u00fa, \u017ee pri jednej tone sp\u00e1len\u00e9ho odpadu m\u00f4\u017ee osta\u0165 a\u017e do 350 k\u00edl preva\u017ene toxick\u00e9ho popol\u010deka. M\u00f4\u017ee to predstavova\u0165 v\u00e1\u017ene ohrozenie zdravia \u013eud\u00ed a \u017eivotn\u00e9ho prostredia.<\/p>\n\n\n\n<p>Samospr\u00e1vy, od \u017eupy, cez bratislavsk\u00fd magistr\u00e1t a\u017e po mestsk\u00e9 \u010dasti, by pri obhajobe z\u00e1ujmov svojich obyvate\u013eov mali by\u0165 omnoho akt\u00edvnej\u0161ie. Nov\u00e1 spa\u013eov\u0148a ich toti\u017e zasiahne. \u201e<em>Po\u017eadujeme od ministerstva, aby sa do z\u00e1vere\u010dn\u00e9ho povolenia spa\u013eovne dostala jednozna\u010dn\u00e1 pr\u00e1vna podmienka, \u017ee spa\u013eov\u0148a nebude ur\u010den\u00e1 pre cudz\u00ed odpad. A ministra Tarabu vyz\u00fdvame, aby ozrejmil svoje z\u00e1mery a jednozna\u010dne garantoval, \u017ee nedopust\u00ed, aby sa zo Slovenska stala Slovensk\u00e1 n\u00e1rodn\u00e1 spa\u013eov\u0148a &#8211; odpadov\u00e1 diera Eur\u00f3py,<\/em>\u201d uzavrel Michal Ki\u010da.<\/p>\n\n\n<div class=\"fb-video\" data-href=\"https:\/\/www.facebook.com\/smedemokrati2023\/videos\/598540736184588\" data-allowfullscreen=\"true\" data-autoplay=\"false\" data-width=\"\" data-show-text=\"false\" data-show-captions=\"true\"><\/div>\n","protected":false},"excerpt":{"rendered":"<p>Pod\u013ea inform\u00e1cii strany Demokrati hroz\u00ed, \u017ee na Slovensko sa m\u00f4\u017ee vo ve\u013ekom dov\u00e1\u017ea\u0165 komun\u00e1lny odpad z Ma\u010farska za \u00fa\u010delom jeho spa\u013eovania. Minister \u017eivotn\u00e9ho prostredia Taraba je ale v obhajobe z\u00e1ujmov Slovenska pas\u00edvny a nevykonal \u017eiadne \u00fa\u010dinn\u00e9 kroky, aby tomu zabr\u00e1nil. Do t\u00fdchto z\u00e1merov m\u00f4\u017ee spada\u0165 aj budovanie \u010fal\u0161ej a pre Slovensko zbyto\u010dnej spa\u013eovne v are\u00e1li [&hellip;]<\/p>\n","protected":false},"author":13,"featured_media":4207,"comment_status":"closed","ping_status":"closed","sticky":false,"template":"","format":"standard","meta":{"_acf_changed":false,"ngg_post_thumbnail":0,"footnotes":""},"categories":[4],"tags":[],"class_list":["post-5867","post","type-post","status-publish","format-standard","has-post-thumbnail","hentry","category-tlacove-spravy"],"acf":[],"yoast_head":"<!-- This site is optimized with the Yoast SEO plugin v27.2 - https:\/\/yoast.com\/product\/yoast-seo-wordpress\/ -->\n<title>P\u00e1n Taraba, zabr\u00e1\u0148te spa\u013eovaniu ma\u010farsk\u00e9ho odpadu na Slovensku!<\/title>\n<meta name=\"robots\" content=\"index, follow, max-snippet:-1, max-image-preview:large, max-video-preview:-1\" \/>\n<link rel=\"canonical\" href=\"https:\/\/www.smedemokrati.sk\/en\/pan-taraba-zabrante-spalovaniu-madarskeho-odpadu-na-slovensku\/\" \/>\n<meta property=\"og:locale\" content=\"en_US\" \/>\n<meta property=\"og:locale:alternate\" content=\"cs_CZ\" \/>\n<meta property=\"og:locale:alternate\" content=\"hu_HU\" \/>\n<meta property=\"og:locale:alternate\" content=\"sk_SK\" \/>\n<meta property=\"og:locale:alternate\" content=\"sv_SE\" \/>\n<meta property=\"og:type\" content=\"article\" \/>\n<meta property=\"og:title\" content=\"P\u00e1n Taraba, zabr\u00e1\u0148te spa\u013eovaniu ma\u010farsk\u00e9ho odpadu na Slovensku!\" \/>\n<meta property=\"og:description\" content=\"Pod\u013ea inform\u00e1cii strany Demokrati hroz\u00ed, \u017ee na Slovensko sa m\u00f4\u017ee vo ve\u013ekom dov\u00e1\u017ea\u0165 komun\u00e1lny odpad z Ma\u010farska za \u00fa\u010delom jeho spa\u013eovania. Minister \u017eivotn\u00e9ho prostredia Taraba je ale v obhajobe z\u00e1ujmov Slovenska pas\u00edvny a nevykonal \u017eiadne \u00fa\u010dinn\u00e9 kroky, aby tomu zabr\u00e1nil. Do t\u00fdchto z\u00e1merov m\u00f4\u017ee spada\u0165 aj budovanie \u010fal\u0161ej a pre Slovensko zbyto\u010dnej spa\u013eovne v are\u00e1li [&hellip;]\" \/>\n<meta property=\"og:url\" content=\"https:\/\/www.smedemokrati.sk\/en\/pan-taraba-zabrante-spalovaniu-madarskeho-odpadu-na-slovensku\/\" \/>\n<meta property=\"og:site_name\" content=\"Smedemokrati.sk\" \/>\n<meta property=\"article:publisher\" content=\"https:\/\/www.facebook.com\/smedemokrati2023\" \/>\n<meta property=\"article:published_time\" content=\"2024-12-03T20:31:13+00:00\" \/>\n<meta property=\"article:modified_time\" content=\"2024-12-05T13:04:19+00:00\" \/>\n<meta property=\"og:image\" content=\"https:\/\/www.smedemokrati.sk\/wp-content\/uploads\/2024\/05\/taraba-amnestia-vyrub.jpg\" \/>\n\t<meta property=\"og:image:width\" content=\"1920\" \/>\n\t<meta property=\"og:image:height\" content=\"1271\" \/>\n\t<meta property=\"og:image:type\" content=\"image\/jpeg\" \/>\n<meta name=\"author\" content=\"miro.sopko\" \/>\n<meta name=\"twitter:card\" content=\"summary_large_image\" \/>\n<meta name=\"twitter:label1\" content=\"Written by\" \/>\n\t<meta name=\"twitter:data1\" content=\"miro.sopko\" \/>\n\t<meta name=\"twitter:label2\" content=\"Est. reading time\" \/>\n\t<meta name=\"twitter:data2\" content=\"2 minutes\" \/>\n<script type=\"application\/ld+json\" class=\"yoast-schema-graph\">{\"@context\":\"https:\/\/schema.org\",\"@graph\":[{\"@type\":\"Article\",\"@id\":\"https:\/\/www.smedemokrati.sk\/pan-taraba-zabrante-spalovaniu-madarskeho-odpadu-na-slovensku\/#article\",\"isPartOf\":{\"@id\":\"https:\/\/www.smedemokrati.sk\/pan-taraba-zabrante-spalovaniu-madarskeho-odpadu-na-slovensku\/\"},\"author\":{\"name\":\"miro.sopko\",\"@id\":\"https:\/\/www.smedemokrati.sk\/#\/schema\/person\/21f147c88d605aa7ded900e1e7c344ba\"},\"headline\":\"P\u00e1n Taraba, zabr\u00e1\u0148te spa\u013eovaniu ma\u010farsk\u00e9ho odpadu na Slovensku!\",\"datePublished\":\"2024-12-03T20:31:13+00:00\",\"dateModified\":\"2024-12-05T13:04:19+00:00\",\"mainEntityOfPage\":{\"@id\":\"https:\/\/www.smedemokrati.sk\/pan-taraba-zabrante-spalovaniu-madarskeho-odpadu-na-slovensku\/\"},\"wordCount\":499,\"publisher\":{\"@id\":\"https:\/\/www.smedemokrati.sk\/#organization\"},\"image\":{\"@id\":\"https:\/\/www.smedemokrati.sk\/pan-taraba-zabrante-spalovaniu-madarskeho-odpadu-na-slovensku\/#primaryimage\"},\"thumbnailUrl\":\"https:\/\/www.smedemokrati.sk\/wp-content\/uploads\/2024\/05\/taraba-amnestia-vyrub.jpg\",\"articleSection\":[\"Tla\u010dov\u00e9 spr\u00e1vy\"],\"inLanguage\":\"en-US\"},{\"@type\":\"WebPage\",\"@id\":\"https:\/\/www.smedemokrati.sk\/pan-taraba-zabrante-spalovaniu-madarskeho-odpadu-na-slovensku\/\",\"url\":\"https:\/\/www.smedemokrati.sk\/pan-taraba-zabrante-spalovaniu-madarskeho-odpadu-na-slovensku\/\",\"name\":\"P\u00e1n Taraba, zabr\u00e1\u0148te spa\u013eovaniu ma\u010farsk\u00e9ho odpadu na Slovensku!\",\"isPartOf\":{\"@id\":\"https:\/\/www.smedemokrati.sk\/#website\"},\"primaryImageOfPage\":{\"@id\":\"https:\/\/www.smedemokrati.sk\/pan-taraba-zabrante-spalovaniu-madarskeho-odpadu-na-slovensku\/#primaryimage\"},\"image\":{\"@id\":\"https:\/\/www.smedemokrati.sk\/pan-taraba-zabrante-spalovaniu-madarskeho-odpadu-na-slovensku\/#primaryimage\"},\"thumbnailUrl\":\"https:\/\/www.smedemokrati.sk\/wp-content\/uploads\/2024\/05\/taraba-amnestia-vyrub.jpg\",\"datePublished\":\"2024-12-03T20:31:13+00:00\",\"dateModified\":\"2024-12-05T13:04:19+00:00\",\"breadcrumb\":{\"@id\":\"https:\/\/www.smedemokrati.sk\/pan-taraba-zabrante-spalovaniu-madarskeho-odpadu-na-slovensku\/#breadcrumb\"},\"inLanguage\":\"en-US\",\"potentialAction\":[{\"@type\":\"ReadAction\",\"target\":[\"https:\/\/www.smedemokrati.sk\/pan-taraba-zabrante-spalovaniu-madarskeho-odpadu-na-slovensku\/\"]}]},{\"@type\":\"ImageObject\",\"inLanguage\":\"en-US\",\"@id\":\"https:\/\/www.smedemokrati.sk\/pan-taraba-zabrante-spalovaniu-madarskeho-odpadu-na-slovensku\/#primaryimage\",\"url\":\"https:\/\/www.smedemokrati.sk\/wp-content\/uploads\/2024\/05\/taraba-amnestia-vyrub.jpg\",\"contentUrl\":\"https:\/\/www.smedemokrati.sk\/wp-content\/uploads\/2024\/05\/taraba-amnestia-vyrub.jpg\",\"width\":1920,\"height\":1271},{\"@type\":\"BreadcrumbList\",\"@id\":\"https:\/\/www.smedemokrati.sk\/pan-taraba-zabrante-spalovaniu-madarskeho-odpadu-na-slovensku\/#breadcrumb\",\"itemListElement\":[{\"@type\":\"ListItem\",\"position\":1,\"name\":\"Domovsk\u00e1 str\u00e1nka\",\"item\":\"https:\/\/www.smedemokrati.sk\/\"},{\"@type\":\"ListItem\",\"position\":2,\"name\":\"P\u00e1n Taraba, zabr\u00e1\u0148te spa\u013eovaniu ma\u010farsk\u00e9ho odpadu na Slovensku!\"}]},{\"@type\":\"WebSite\",\"@id\":\"https:\/\/www.smedemokrati.sk\/#website\",\"url\":\"https:\/\/www.smedemokrati.sk\/\",\"name\":\"Smedemokrati.sk\",\"description\":\"Demokracia a slu\u0161nos\u0165 zv\u00ed\u0165az\u00ed\",\"publisher\":{\"@id\":\"https:\/\/www.smedemokrati.sk\/#organization\"},\"potentialAction\":[{\"@type\":\"SearchAction\",\"target\":{\"@type\":\"EntryPoint\",\"urlTemplate\":\"https:\/\/www.smedemokrati.sk\/?s={search_term_string}\"},\"query-input\":{\"@type\":\"PropertyValueSpecification\",\"valueRequired\":true,\"valueName\":\"search_term_string\"}}],\"inLanguage\":\"en-US\"},{\"@type\":\"Organization\",\"@id\":\"https:\/\/www.smedemokrati.sk\/#organization\",\"name\":\"Smedemokrati.sk\",\"url\":\"https:\/\/www.smedemokrati.sk\/\",\"logo\":{\"@type\":\"ImageObject\",\"inLanguage\":\"en-US\",\"@id\":\"https:\/\/www.smedemokrati.sk\/#\/schema\/logo\/image\/\",\"url\":\"https:\/\/www.smedemokrati.sk\/wp-content\/uploads\/2023\/04\/ff.002.jpeg\",\"contentUrl\":\"https:\/\/www.smedemokrati.sk\/wp-content\/uploads\/2023\/04\/ff.002.jpeg\",\"width\":640,\"height\":480,\"caption\":\"Smedemokrati.sk\"},\"image\":{\"@id\":\"https:\/\/www.smedemokrati.sk\/#\/schema\/logo\/image\/\"},\"sameAs\":[\"https:\/\/www.facebook.com\/smedemokrati2023\"]},{\"@type\":\"Person\",\"@id\":\"https:\/\/www.smedemokrati.sk\/#\/schema\/person\/21f147c88d605aa7ded900e1e7c344ba\",\"name\":\"miro.sopko\",\"image\":{\"@type\":\"ImageObject\",\"inLanguage\":\"en-US\",\"@id\":\"https:\/\/secure.gravatar.com\/avatar\/267e4a36f704376c109afe3a78740c1f5dd8675a2180a908699e7863c9247606?s=96&d=mm&r=g\",\"url\":\"https:\/\/secure.gravatar.com\/avatar\/267e4a36f704376c109afe3a78740c1f5dd8675a2180a908699e7863c9247606?s=96&d=mm&r=g\",\"contentUrl\":\"https:\/\/secure.gravatar.com\/avatar\/267e4a36f704376c109afe3a78740c1f5dd8675a2180a908699e7863c9247606?s=96&d=mm&r=g\",\"caption\":\"miro.sopko\"},\"url\":\"https:\/\/www.smedemokrati.sk\/en\/author\/miro-sopko\/\"}]}<\/script>\n<!-- \/ Yoast SEO plugin. -->","yoast_head_json":{"title":"P\u00e1n Taraba, zabr\u00e1\u0148te spa\u013eovaniu ma\u010farsk\u00e9ho odpadu na Slovensku!","robots":{"index":"index","follow":"follow","max-snippet":"max-snippet:-1","max-image-preview":"max-image-preview:large","max-video-preview":"max-video-preview:-1"},"canonical":"https:\/\/www.smedemokrati.sk\/en\/pan-taraba-zabrante-spalovaniu-madarskeho-odpadu-na-slovensku\/","og_locale":"en_US","og_type":"article","og_title":"[:sk]P\u00e1n Taraba, zabr\u00e1\u0148te spa\u013eovaniu ma\u010farsk\u00e9ho odpadu na Slovensku![:] - Smedemokrati.sk","og_description":"Pod\u013ea inform\u00e1cii strany Demokrati hroz\u00ed, \u017ee na Slovensko sa m\u00f4\u017ee vo ve\u013ekom dov\u00e1\u017ea\u0165 komun\u00e1lny odpad z Ma\u010farska za \u00fa\u010delom jeho spa\u013eovania. Minister \u017eivotn\u00e9ho prostredia Taraba je ale v obhajobe z\u00e1ujmov Slovenska pas\u00edvny a nevykonal \u017eiadne \u00fa\u010dinn\u00e9 kroky, aby tomu zabr\u00e1nil. Do t\u00fdchto z\u00e1merov m\u00f4\u017ee spada\u0165 aj budovanie \u010fal\u0161ej a pre Slovensko zbyto\u010dnej spa\u013eovne v are\u00e1li [&hellip;]","og_url":"https:\/\/www.smedemokrati.sk\/en\/pan-taraba-zabrante-spalovaniu-madarskeho-odpadu-na-slovensku\/","og_site_name":"Smedemokrati.sk","article_publisher":"https:\/\/www.facebook.com\/smedemokrati2023","article_published_time":"2024-12-03T20:31:13+00:00","article_modified_time":"2024-12-05T13:04:19+00:00","og_image":[{"width":1920,"height":1271,"url":"https:\/\/www.smedemokrati.sk\/wp-content\/uploads\/2024\/05\/taraba-amnestia-vyrub.jpg","type":"image\/jpeg"}],"author":"miro.sopko","twitter_card":"summary_large_image","twitter_misc":{"Written by":"miro.sopko","Est. reading time":"2 minutes"},"schema":{"@context":"https:\/\/schema.org","@graph":[{"@type":"Article","@id":"https:\/\/www.smedemokrati.sk\/pan-taraba-zabrante-spalovaniu-madarskeho-odpadu-na-slovensku\/#article","isPartOf":{"@id":"https:\/\/www.smedemokrati.sk\/pan-taraba-zabrante-spalovaniu-madarskeho-odpadu-na-slovensku\/"},"author":{"name":"miro.sopko","@id":"https:\/\/www.smedemokrati.sk\/#\/schema\/person\/21f147c88d605aa7ded900e1e7c344ba"},"headline":"P\u00e1n Taraba, zabr\u00e1\u0148te spa\u013eovaniu ma\u010farsk\u00e9ho odpadu na Slovensku!","datePublished":"2024-12-03T20:31:13+00:00","dateModified":"2024-12-05T13:04:19+00:00","mainEntityOfPage":{"@id":"https:\/\/www.smedemokrati.sk\/pan-taraba-zabrante-spalovaniu-madarskeho-odpadu-na-slovensku\/"},"wordCount":499,"publisher":{"@id":"https:\/\/www.smedemokrati.sk\/#organization"},"image":{"@id":"https:\/\/www.smedemokrati.sk\/pan-taraba-zabrante-spalovaniu-madarskeho-odpadu-na-slovensku\/#primaryimage"},"thumbnailUrl":"https:\/\/www.smedemokrati.sk\/wp-content\/uploads\/2024\/05\/taraba-amnestia-vyrub.jpg","articleSection":["Tla\u010dov\u00e9 spr\u00e1vy"],"inLanguage":"en-US"},{"@type":"WebPage","@id":"https:\/\/www.smedemokrati.sk\/pan-taraba-zabrante-spalovaniu-madarskeho-odpadu-na-slovensku\/","url":"https:\/\/www.smedemokrati.sk\/pan-taraba-zabrante-spalovaniu-madarskeho-odpadu-na-slovensku\/","name":"P\u00e1n Taraba, zabr\u00e1\u0148te spa\u013eovaniu ma\u010farsk\u00e9ho odpadu na Slovensku!","isPartOf":{"@id":"https:\/\/www.smedemokrati.sk\/#website"},"primaryImageOfPage":{"@id":"https:\/\/www.smedemokrati.sk\/pan-taraba-zabrante-spalovaniu-madarskeho-odpadu-na-slovensku\/#primaryimage"},"image":{"@id":"https:\/\/www.smedemokrati.sk\/pan-taraba-zabrante-spalovaniu-madarskeho-odpadu-na-slovensku\/#primaryimage"},"thumbnailUrl":"https:\/\/www.smedemokrati.sk\/wp-content\/uploads\/2024\/05\/taraba-amnestia-vyrub.jpg","datePublished":"2024-12-03T20:31:13+00:00","dateModified":"2024-12-05T13:04:19+00:00","breadcrumb":{"@id":"https:\/\/www.smedemokrati.sk\/pan-taraba-zabrante-spalovaniu-madarskeho-odpadu-na-slovensku\/#breadcrumb"},"inLanguage":"en-US","potentialAction":[{"@type":"ReadAction","target":["https:\/\/www.smedemokrati.sk\/pan-taraba-zabrante-spalovaniu-madarskeho-odpadu-na-slovensku\/"]}]},{"@type":"ImageObject","inLanguage":"en-US","@id":"https:\/\/www.smedemokrati.sk\/pan-taraba-zabrante-spalovaniu-madarskeho-odpadu-na-slovensku\/#primaryimage","url":"https:\/\/www.smedemokrati.sk\/wp-content\/uploads\/2024\/05\/taraba-amnestia-vyrub.jpg","contentUrl":"https:\/\/www.smedemokrati.sk\/wp-content\/uploads\/2024\/05\/taraba-amnestia-vyrub.jpg","width":1920,"height":1271},{"@type":"BreadcrumbList","@id":"https:\/\/www.smedemokrati.sk\/pan-taraba-zabrante-spalovaniu-madarskeho-odpadu-na-slovensku\/#breadcrumb","itemListElement":[{"@type":"ListItem","position":1,"name":"Domovsk\u00e1 str\u00e1nka","item":"https:\/\/www.smedemokrati.sk\/"},{"@type":"ListItem","position":2,"name":"P\u00e1n Taraba, zabr\u00e1\u0148te spa\u013eovaniu ma\u010farsk\u00e9ho odpadu na Slovensku!"}]},{"@type":"WebSite","@id":"https:\/\/www.smedemokrati.sk\/#website","url":"https:\/\/www.smedemokrati.sk\/","name":"Smedemokrati.sk","description":"Demokracia a slu\u0161nos\u0165 zv\u00ed\u0165az\u00ed","publisher":{"@id":"https:\/\/www.smedemokrati.sk\/#organization"},"potentialAction":[{"@type":"SearchAction","target":{"@type":"EntryPoint","urlTemplate":"https:\/\/www.smedemokrati.sk\/?s={search_term_string}"},"query-input":{"@type":"PropertyValueSpecification","valueRequired":true,"valueName":"search_term_string"}}],"inLanguage":"en-US"},{"@type":"Organization","@id":"https:\/\/www.smedemokrati.sk\/#organization","name":"Smedemokrati.sk","url":"https:\/\/www.smedemokrati.sk\/","logo":{"@type":"ImageObject","inLanguage":"en-US","@id":"https:\/\/www.smedemokrati.sk\/#\/schema\/logo\/image\/","url":"https:\/\/www.smedemokrati.sk\/wp-content\/uploads\/2023\/04\/ff.002.jpeg","contentUrl":"https:\/\/www.smedemokrati.sk\/wp-content\/uploads\/2023\/04\/ff.002.jpeg","width":640,"height":480,"caption":"Smedemokrati.sk"},"image":{"@id":"https:\/\/www.smedemokrati.sk\/#\/schema\/logo\/image\/"},"sameAs":["https:\/\/www.facebook.com\/smedemokrati2023"]},{"@type":"Person","@id":"https:\/\/www.smedemokrati.sk\/#\/schema\/person\/21f147c88d605aa7ded900e1e7c344ba","name":"miro.sopko","image":{"@type":"ImageObject","inLanguage":"en-US","@id":"https:\/\/secure.gravatar.com\/avatar\/267e4a36f704376c109afe3a78740c1f5dd8675a2180a908699e7863c9247606?s=96&d=mm&r=g","url":"https:\/\/secure.gravatar.com\/avatar\/267e4a36f704376c109afe3a78740c1f5dd8675a2180a908699e7863c9247606?s=96&d=mm&r=g","contentUrl":"https:\/\/secure.gravatar.com\/avatar\/267e4a36f704376c109afe3a78740c1f5dd8675a2180a908699e7863c9247606?s=96&d=mm&r=g","caption":"miro.sopko"},"url":"https:\/\/www.smedemokrati.sk\/en\/author\/miro-sopko\/"}]}},"_links":{"self":[{"href":"https:\/\/www.smedemokrati.sk\/en\/wp-json\/wp\/v2\/posts\/5867","targetHints":{"allow":["GET"]}}],"collection":[{"href":"https:\/\/www.smedemokrati.sk\/en\/wp-json\/wp\/v2\/posts"}],"about":[{"href":"https:\/\/www.smedemokrati.sk\/en\/wp-json\/wp\/v2\/types\/post"}],"author":[{"embeddable":true,"href":"https:\/\/www.smedemokrati.sk\/en\/wp-json\/wp\/v2\/users\/13"}],"replies":[{"embeddable":true,"href":"https:\/\/www.smedemokrati.sk\/en\/wp-json\/wp\/v2\/comments?post=5867"}],"version-history":[{"count":1,"href":"https:\/\/www.smedemokrati.sk\/en\/wp-json\/wp\/v2\/posts\/5867\/revisions"}],"predecessor-version":[{"id":5868,"href":"https:\/\/www.smedemokrati.sk\/en\/wp-json\/wp\/v2\/posts\/5867\/revisions\/5868"}],"wp:featuredmedia":[{"embeddable":true,"href":"https:\/\/www.smedemokrati.sk\/en\/wp-json\/wp\/v2\/media\/4207"}],"wp:attachment":[{"href":"https:\/\/www.smedemokrati.sk\/en\/wp-json\/wp\/v2\/media?parent=5867"}],"wp:term":[{"taxonomy":"category","embeddable":true,"href":"https:\/\/www.smedemokrati.sk\/en\/wp-json\/wp\/v2\/categories?post=5867"},{"taxonomy":"post_tag","embeddable":true,"href":"https:\/\/www.smedemokrati.sk\/en\/wp-json\/wp\/v2\/tags?post=5867"}],"curies":[{"name":"wp","href":"https:\/\/api.w.org\/{rel}","templated":true}]}}