{"id":5842,"date":"2024-11-26T18:08:57","date_gmt":"2024-11-26T17:08:57","guid":{"rendered":"https:\/\/www.smedemokrati.sk\/?p=5842"},"modified":"2024-11-28T21:18:03","modified_gmt":"2024-11-28T20:18:03","slug":"odsunutie-odvolavania-sutaj-estoka-je-hanba-a-vysmech-obetiam-policajneho-nasilia-a-slusnym-policajtom-demokrati-hovoria-o-dokaze-rozkladu-a-neistoty-vladnej-koalicie","status":"publish","type":"post","link":"https:\/\/www.smedemokrati.sk\/en\/odsunutie-odvolavania-sutaj-estoka-je-hanba-a-vysmech-obetiam-policajneho-nasilia-a-slusnym-policajtom-demokrati-hovoria-o-dokaze-rozkladu-a-neistoty-vladnej-koalicie\/","title":{"rendered":"Odsunutie odvol\u00e1vania \u0160utaj E\u0161toka je hanba a v\u00fdsmech obetiam policajn\u00e9ho n\u00e1silia a slu\u0161n\u00fdm policajtom. Demokrati hovoria o d\u00f4kaze rozkladu a neistoty vl\u00e1dnej koal\u00edcie"},"content":{"rendered":"<div id=\"fb-root\"><\/div>\n\n<p><em>\u201eSitu\u00e1cia v policajnom zbore je pod veden\u00edm \u0160utaj E\u0161toka bezprecedentn\u00e1 a ohrozuje bezpe\u010dnos\u0165 Slovenska. Minister do dne\u0161n\u00e9ho d\u0148a nepredstavil rie\u0161enie s rozpadnut\u00fdm policajn\u00fdm zborom, situ\u00e1ciou okolo bombov\u00fdch vyhr\u00e1\u017eok, ktor\u00e9 u\u017e rok ohrozuj\u00fa na\u0161e deti, u\u010dite\u013eov a \u017eiakov, no zato sa presl\u00e1vil drah\u00fdmi hodinkami a papal\u00e1\u0161skymi v\u00fdletmi celej vl\u00e1dy a ich rodinn\u00fdch pr\u00edslu\u0161n\u00edkov na futbalov\u00e9 z\u00e1pasy. Mat\u00fa\u0161 \u0160utaj E\u0161tok mus\u00ed by\u0165 odvolan\u00fd a bodka,&#8221;\u00a0<\/em>hovor\u00ed Juraj \u0160eliga, ktor\u00fd sa venuje t\u00e9mam z prostredia ministerstva vn\u00fatra.\u00a0<\/p>\n\n\n\n<p><em>\u201eVl\u00e1dna koal\u00edcia je krehk\u00e1 ako pierko. Je na hanbu, \u017ee za najv\u00e4\u010d\u0161\u00ed \u00faspech parlamentu sa pova\u017euje moment, kedy je sch\u00f4dza, za ktor\u00fa s\u00fa poslanci platen\u00ed a je ich pr\u00e1cou, otvoren\u00e1. Mat\u00fa\u0161 \u0160utaj E\u0161tok je najhor\u0161\u00ed minister vn\u00fatra v hist\u00f3rii samostatnej krajiny no zato je najprilepenej\u0161\u00ed \u010dlen vl\u00e1dny k svojej stoli\u010dke.&#8221;<\/em>\u00a0Uzatv\u00e1ra predseda Demokratov Jaroslav Na\u010f.<\/p>\n","protected":false},"excerpt":{"rendered":"<p>\u201eSitu\u00e1cia v policajnom zbore je pod veden\u00edm \u0160utaj E\u0161toka bezprecedentn\u00e1 a ohrozuje bezpe\u010dnos\u0165 Slovenska. Minister do dne\u0161n\u00e9ho d\u0148a nepredstavil rie\u0161enie s rozpadnut\u00fdm policajn\u00fdm zborom, situ\u00e1ciou okolo bombov\u00fdch vyhr\u00e1\u017eok, ktor\u00e9 u\u017e rok ohrozuj\u00fa na\u0161e deti, u\u010dite\u013eov a \u017eiakov, no zato sa presl\u00e1vil drah\u00fdmi hodinkami a papal\u00e1\u0161skymi v\u00fdletmi celej vl\u00e1dy a ich rodinn\u00fdch pr\u00edslu\u0161n\u00edkov na futbalov\u00e9 z\u00e1pasy. [&hellip;]<\/p>\n","protected":false},"author":13,"featured_media":3302,"comment_status":"closed","ping_status":"closed","sticky":false,"template":"","format":"standard","meta":{"_acf_changed":false,"ngg_post_thumbnail":0,"footnotes":""},"categories":[11],"tags":[],"class_list":["post-5842","post","type-post","status-publish","format-standard","has-post-thumbnail","hentry","category-vyhlasenia"],"acf":[],"yoast_head":"<!-- This site is optimized with the Yoast SEO plugin v27.2 - https:\/\/yoast.com\/product\/yoast-seo-wordpress\/ -->\n<title>Odsunutie odvol\u00e1vania \u0160utaj E\u0161toka je hanba a v\u00fdsmech obetiam policajn\u00e9ho n\u00e1silia a slu\u0161n\u00fdm policajtom. Demokrati hovoria o d\u00f4kaze rozkladu a neistoty vl\u00e1dnej koal\u00edcie<\/title>\n<meta name=\"robots\" content=\"index, follow, max-snippet:-1, max-image-preview:large, max-video-preview:-1\" \/>\n<link rel=\"canonical\" href=\"https:\/\/www.smedemokrati.sk\/en\/odsunutie-odvolavania-sutaj-estoka-je-hanba-a-vysmech-obetiam-policajneho-nasilia-a-slusnym-policajtom-demokrati-hovoria-o-dokaze-rozkladu-a-neistoty-vladnej-koalicie\/\" \/>\n<meta property=\"og:locale\" content=\"en_US\" \/>\n<meta property=\"og:locale:alternate\" content=\"cs_CZ\" \/>\n<meta property=\"og:locale:alternate\" content=\"hu_HU\" \/>\n<meta property=\"og:locale:alternate\" content=\"sk_SK\" \/>\n<meta property=\"og:locale:alternate\" content=\"sv_SE\" \/>\n<meta property=\"og:type\" content=\"article\" \/>\n<meta property=\"og:title\" content=\"Odsunutie odvol\u00e1vania \u0160utaj E\u0161toka je hanba a v\u00fdsmech obetiam policajn\u00e9ho n\u00e1silia a slu\u0161n\u00fdm policajtom. Demokrati hovoria o d\u00f4kaze rozkladu a neistoty vl\u00e1dnej koal\u00edcie\" \/>\n<meta property=\"og:description\" content=\"\u201eSitu\u00e1cia v policajnom zbore je pod veden\u00edm \u0160utaj E\u0161toka bezprecedentn\u00e1 a ohrozuje bezpe\u010dnos\u0165 Slovenska. Minister do dne\u0161n\u00e9ho d\u0148a nepredstavil rie\u0161enie s rozpadnut\u00fdm policajn\u00fdm zborom, situ\u00e1ciou okolo bombov\u00fdch vyhr\u00e1\u017eok, ktor\u00e9 u\u017e rok ohrozuj\u00fa na\u0161e deti, u\u010dite\u013eov a \u017eiakov, no zato sa presl\u00e1vil drah\u00fdmi hodinkami a papal\u00e1\u0161skymi v\u00fdletmi celej vl\u00e1dy a ich rodinn\u00fdch pr\u00edslu\u0161n\u00edkov na futbalov\u00e9 z\u00e1pasy. [&hellip;]\" \/>\n<meta property=\"og:url\" content=\"https:\/\/www.smedemokrati.sk\/en\/odsunutie-odvolavania-sutaj-estoka-je-hanba-a-vysmech-obetiam-policajneho-nasilia-a-slusnym-policajtom-demokrati-hovoria-o-dokaze-rozkladu-a-neistoty-vladnej-koalicie\/\" \/>\n<meta property=\"og:site_name\" content=\"Smedemokrati.sk\" \/>\n<meta property=\"article:publisher\" content=\"https:\/\/www.facebook.com\/smedemokrati2023\" \/>\n<meta property=\"article:published_time\" content=\"2024-11-26T17:08:57+00:00\" \/>\n<meta property=\"article:modified_time\" content=\"2024-11-28T20:18:03+00:00\" \/>\n<meta property=\"og:image\" content=\"https:\/\/www.smedemokrati.sk\/wp-content\/uploads\/2024\/03\/sutaj-estok.jpg\" \/>\n\t<meta property=\"og:image:width\" content=\"900\" \/>\n\t<meta property=\"og:image:height\" content=\"600\" \/>\n\t<meta property=\"og:image:type\" content=\"image\/jpeg\" \/>\n<meta name=\"author\" content=\"miro.sopko\" \/>\n<meta name=\"twitter:card\" content=\"summary_large_image\" \/>\n<meta name=\"twitter:label1\" content=\"Written by\" \/>\n\t<meta name=\"twitter:data1\" content=\"miro.sopko\" \/>\n\t<meta name=\"twitter:label2\" content=\"Est. reading time\" \/>\n\t<meta name=\"twitter:data2\" content=\"1 minute\" \/>\n<script type=\"application\/ld+json\" class=\"yoast-schema-graph\">{\"@context\":\"https:\/\/schema.org\",\"@graph\":[{\"@type\":\"Article\",\"@id\":\"https:\/\/www.smedemokrati.sk\/odsunutie-odvolavania-sutaj-estoka-je-hanba-a-vysmech-obetiam-policajneho-nasilia-a-slusnym-policajtom-demokrati-hovoria-o-dokaze-rozkladu-a-neistoty-vladnej-koalicie\/#article\",\"isPartOf\":{\"@id\":\"https:\/\/www.smedemokrati.sk\/odsunutie-odvolavania-sutaj-estoka-je-hanba-a-vysmech-obetiam-policajneho-nasilia-a-slusnym-policajtom-demokrati-hovoria-o-dokaze-rozkladu-a-neistoty-vladnej-koalicie\/\"},\"author\":{\"name\":\"miro.sopko\",\"@id\":\"https:\/\/www.smedemokrati.sk\/#\/schema\/person\/21f147c88d605aa7ded900e1e7c344ba\"},\"headline\":\"Odsunutie odvol\u00e1vania \u0160utaj E\u0161toka je hanba a v\u00fdsmech obetiam policajn\u00e9ho n\u00e1silia a slu\u0161n\u00fdm policajtom. Demokrati hovoria o d\u00f4kaze rozkladu a neistoty vl\u00e1dnej koal\u00edcie\",\"datePublished\":\"2024-11-26T17:08:57+00:00\",\"dateModified\":\"2024-11-28T20:18:03+00:00\",\"mainEntityOfPage\":{\"@id\":\"https:\/\/www.smedemokrati.sk\/odsunutie-odvolavania-sutaj-estoka-je-hanba-a-vysmech-obetiam-policajneho-nasilia-a-slusnym-policajtom-demokrati-hovoria-o-dokaze-rozkladu-a-neistoty-vladnej-koalicie\/\"},\"wordCount\":204,\"publisher\":{\"@id\":\"https:\/\/www.smedemokrati.sk\/#organization\"},\"image\":{\"@id\":\"https:\/\/www.smedemokrati.sk\/odsunutie-odvolavania-sutaj-estoka-je-hanba-a-vysmech-obetiam-policajneho-nasilia-a-slusnym-policajtom-demokrati-hovoria-o-dokaze-rozkladu-a-neistoty-vladnej-koalicie\/#primaryimage\"},\"thumbnailUrl\":\"https:\/\/www.smedemokrati.sk\/wp-content\/uploads\/2024\/03\/sutaj-estok.jpg\",\"articleSection\":[\"Vyhl\u00e1senia\"],\"inLanguage\":\"en-US\"},{\"@type\":\"WebPage\",\"@id\":\"https:\/\/www.smedemokrati.sk\/odsunutie-odvolavania-sutaj-estoka-je-hanba-a-vysmech-obetiam-policajneho-nasilia-a-slusnym-policajtom-demokrati-hovoria-o-dokaze-rozkladu-a-neistoty-vladnej-koalicie\/\",\"url\":\"https:\/\/www.smedemokrati.sk\/odsunutie-odvolavania-sutaj-estoka-je-hanba-a-vysmech-obetiam-policajneho-nasilia-a-slusnym-policajtom-demokrati-hovoria-o-dokaze-rozkladu-a-neistoty-vladnej-koalicie\/\",\"name\":\"Odsunutie odvol\u00e1vania \u0160utaj E\u0161toka je hanba a v\u00fdsmech obetiam policajn\u00e9ho n\u00e1silia a slu\u0161n\u00fdm policajtom. Demokrati hovoria o d\u00f4kaze rozkladu a neistoty vl\u00e1dnej koal\u00edcie\",\"isPartOf\":{\"@id\":\"https:\/\/www.smedemokrati.sk\/#website\"},\"primaryImageOfPage\":{\"@id\":\"https:\/\/www.smedemokrati.sk\/odsunutie-odvolavania-sutaj-estoka-je-hanba-a-vysmech-obetiam-policajneho-nasilia-a-slusnym-policajtom-demokrati-hovoria-o-dokaze-rozkladu-a-neistoty-vladnej-koalicie\/#primaryimage\"},\"image\":{\"@id\":\"https:\/\/www.smedemokrati.sk\/odsunutie-odvolavania-sutaj-estoka-je-hanba-a-vysmech-obetiam-policajneho-nasilia-a-slusnym-policajtom-demokrati-hovoria-o-dokaze-rozkladu-a-neistoty-vladnej-koalicie\/#primaryimage\"},\"thumbnailUrl\":\"https:\/\/www.smedemokrati.sk\/wp-content\/uploads\/2024\/03\/sutaj-estok.jpg\",\"datePublished\":\"2024-11-26T17:08:57+00:00\",\"dateModified\":\"2024-11-28T20:18:03+00:00\",\"breadcrumb\":{\"@id\":\"https:\/\/www.smedemokrati.sk\/odsunutie-odvolavania-sutaj-estoka-je-hanba-a-vysmech-obetiam-policajneho-nasilia-a-slusnym-policajtom-demokrati-hovoria-o-dokaze-rozkladu-a-neistoty-vladnej-koalicie\/#breadcrumb\"},\"inLanguage\":\"en-US\",\"potentialAction\":[{\"@type\":\"ReadAction\",\"target\":[\"https:\/\/www.smedemokrati.sk\/odsunutie-odvolavania-sutaj-estoka-je-hanba-a-vysmech-obetiam-policajneho-nasilia-a-slusnym-policajtom-demokrati-hovoria-o-dokaze-rozkladu-a-neistoty-vladnej-koalicie\/\"]}]},{\"@type\":\"ImageObject\",\"inLanguage\":\"en-US\",\"@id\":\"https:\/\/www.smedemokrati.sk\/odsunutie-odvolavania-sutaj-estoka-je-hanba-a-vysmech-obetiam-policajneho-nasilia-a-slusnym-policajtom-demokrati-hovoria-o-dokaze-rozkladu-a-neistoty-vladnej-koalicie\/#primaryimage\",\"url\":\"https:\/\/www.smedemokrati.sk\/wp-content\/uploads\/2024\/03\/sutaj-estok.jpg\",\"contentUrl\":\"https:\/\/www.smedemokrati.sk\/wp-content\/uploads\/2024\/03\/sutaj-estok.jpg\",\"width\":900,\"height\":600},{\"@type\":\"BreadcrumbList\",\"@id\":\"https:\/\/www.smedemokrati.sk\/odsunutie-odvolavania-sutaj-estoka-je-hanba-a-vysmech-obetiam-policajneho-nasilia-a-slusnym-policajtom-demokrati-hovoria-o-dokaze-rozkladu-a-neistoty-vladnej-koalicie\/#breadcrumb\",\"itemListElement\":[{\"@type\":\"ListItem\",\"position\":1,\"name\":\"Domovsk\u00e1 str\u00e1nka\",\"item\":\"https:\/\/www.smedemokrati.sk\/\"},{\"@type\":\"ListItem\",\"position\":2,\"name\":\"Odsunutie odvol\u00e1vania \u0160utaj E\u0161toka je hanba a v\u00fdsmech obetiam policajn\u00e9ho n\u00e1silia a slu\u0161n\u00fdm policajtom. Demokrati hovoria o d\u00f4kaze rozkladu a neistoty vl\u00e1dnej koal\u00edcie\"}]},{\"@type\":\"WebSite\",\"@id\":\"https:\/\/www.smedemokrati.sk\/#website\",\"url\":\"https:\/\/www.smedemokrati.sk\/\",\"name\":\"Smedemokrati.sk\",\"description\":\"Demokracia a slu\u0161nos\u0165 zv\u00ed\u0165az\u00ed\",\"publisher\":{\"@id\":\"https:\/\/www.smedemokrati.sk\/#organization\"},\"potentialAction\":[{\"@type\":\"SearchAction\",\"target\":{\"@type\":\"EntryPoint\",\"urlTemplate\":\"https:\/\/www.smedemokrati.sk\/?s={search_term_string}\"},\"query-input\":{\"@type\":\"PropertyValueSpecification\",\"valueRequired\":true,\"valueName\":\"search_term_string\"}}],\"inLanguage\":\"en-US\"},{\"@type\":\"Organization\",\"@id\":\"https:\/\/www.smedemokrati.sk\/#organization\",\"name\":\"Smedemokrati.sk\",\"url\":\"https:\/\/www.smedemokrati.sk\/\",\"logo\":{\"@type\":\"ImageObject\",\"inLanguage\":\"en-US\",\"@id\":\"https:\/\/www.smedemokrati.sk\/#\/schema\/logo\/image\/\",\"url\":\"https:\/\/www.smedemokrati.sk\/wp-content\/uploads\/2023\/04\/ff.002.jpeg\",\"contentUrl\":\"https:\/\/www.smedemokrati.sk\/wp-content\/uploads\/2023\/04\/ff.002.jpeg\",\"width\":640,\"height\":480,\"caption\":\"Smedemokrati.sk\"},\"image\":{\"@id\":\"https:\/\/www.smedemokrati.sk\/#\/schema\/logo\/image\/\"},\"sameAs\":[\"https:\/\/www.facebook.com\/smedemokrati2023\"]},{\"@type\":\"Person\",\"@id\":\"https:\/\/www.smedemokrati.sk\/#\/schema\/person\/21f147c88d605aa7ded900e1e7c344ba\",\"name\":\"miro.sopko\",\"image\":{\"@type\":\"ImageObject\",\"inLanguage\":\"en-US\",\"@id\":\"https:\/\/secure.gravatar.com\/avatar\/267e4a36f704376c109afe3a78740c1f5dd8675a2180a908699e7863c9247606?s=96&d=mm&r=g\",\"url\":\"https:\/\/secure.gravatar.com\/avatar\/267e4a36f704376c109afe3a78740c1f5dd8675a2180a908699e7863c9247606?s=96&d=mm&r=g\",\"contentUrl\":\"https:\/\/secure.gravatar.com\/avatar\/267e4a36f704376c109afe3a78740c1f5dd8675a2180a908699e7863c9247606?s=96&d=mm&r=g\",\"caption\":\"miro.sopko\"},\"url\":\"https:\/\/www.smedemokrati.sk\/en\/author\/miro-sopko\/\"}]}<\/script>\n<!-- \/ Yoast SEO plugin. -->","yoast_head_json":{"title":"Odsunutie odvol\u00e1vania \u0160utaj E\u0161toka je hanba a v\u00fdsmech obetiam policajn\u00e9ho n\u00e1silia a slu\u0161n\u00fdm policajtom. Demokrati hovoria o d\u00f4kaze rozkladu a neistoty vl\u00e1dnej koal\u00edcie","robots":{"index":"index","follow":"follow","max-snippet":"max-snippet:-1","max-image-preview":"max-image-preview:large","max-video-preview":"max-video-preview:-1"},"canonical":"https:\/\/www.smedemokrati.sk\/en\/odsunutie-odvolavania-sutaj-estoka-je-hanba-a-vysmech-obetiam-policajneho-nasilia-a-slusnym-policajtom-demokrati-hovoria-o-dokaze-rozkladu-a-neistoty-vladnej-koalicie\/","og_locale":"en_US","og_type":"article","og_title":"[:sk]Odsunutie odvol\u00e1vania \u0160utaj E\u0161toka je hanba a v\u00fdsmech obetiam policajn\u00e9ho n\u00e1silia a slu\u0161n\u00fdm policajtom. Demokrati hovoria o d\u00f4kaze rozkladu a neistoty vl\u00e1dnej koal\u00edcie[:] - Smedemokrati.sk","og_description":"\u201eSitu\u00e1cia v policajnom zbore je pod veden\u00edm \u0160utaj E\u0161toka bezprecedentn\u00e1 a ohrozuje bezpe\u010dnos\u0165 Slovenska. Minister do dne\u0161n\u00e9ho d\u0148a nepredstavil rie\u0161enie s rozpadnut\u00fdm policajn\u00fdm zborom, situ\u00e1ciou okolo bombov\u00fdch vyhr\u00e1\u017eok, ktor\u00e9 u\u017e rok ohrozuj\u00fa na\u0161e deti, u\u010dite\u013eov a \u017eiakov, no zato sa presl\u00e1vil drah\u00fdmi hodinkami a papal\u00e1\u0161skymi v\u00fdletmi celej vl\u00e1dy a ich rodinn\u00fdch pr\u00edslu\u0161n\u00edkov na futbalov\u00e9 z\u00e1pasy. [&hellip;]","og_url":"https:\/\/www.smedemokrati.sk\/en\/odsunutie-odvolavania-sutaj-estoka-je-hanba-a-vysmech-obetiam-policajneho-nasilia-a-slusnym-policajtom-demokrati-hovoria-o-dokaze-rozkladu-a-neistoty-vladnej-koalicie\/","og_site_name":"Smedemokrati.sk","article_publisher":"https:\/\/www.facebook.com\/smedemokrati2023","article_published_time":"2024-11-26T17:08:57+00:00","article_modified_time":"2024-11-28T20:18:03+00:00","og_image":[{"width":900,"height":600,"url":"https:\/\/www.smedemokrati.sk\/wp-content\/uploads\/2024\/03\/sutaj-estok.jpg","type":"image\/jpeg"}],"author":"miro.sopko","twitter_card":"summary_large_image","twitter_misc":{"Written by":"miro.sopko","Est. reading time":"1 minute"},"schema":{"@context":"https:\/\/schema.org","@graph":[{"@type":"Article","@id":"https:\/\/www.smedemokrati.sk\/odsunutie-odvolavania-sutaj-estoka-je-hanba-a-vysmech-obetiam-policajneho-nasilia-a-slusnym-policajtom-demokrati-hovoria-o-dokaze-rozkladu-a-neistoty-vladnej-koalicie\/#article","isPartOf":{"@id":"https:\/\/www.smedemokrati.sk\/odsunutie-odvolavania-sutaj-estoka-je-hanba-a-vysmech-obetiam-policajneho-nasilia-a-slusnym-policajtom-demokrati-hovoria-o-dokaze-rozkladu-a-neistoty-vladnej-koalicie\/"},"author":{"name":"miro.sopko","@id":"https:\/\/www.smedemokrati.sk\/#\/schema\/person\/21f147c88d605aa7ded900e1e7c344ba"},"headline":"Odsunutie odvol\u00e1vania \u0160utaj E\u0161toka je hanba a v\u00fdsmech obetiam policajn\u00e9ho n\u00e1silia a slu\u0161n\u00fdm policajtom. Demokrati hovoria o d\u00f4kaze rozkladu a neistoty vl\u00e1dnej koal\u00edcie","datePublished":"2024-11-26T17:08:57+00:00","dateModified":"2024-11-28T20:18:03+00:00","mainEntityOfPage":{"@id":"https:\/\/www.smedemokrati.sk\/odsunutie-odvolavania-sutaj-estoka-je-hanba-a-vysmech-obetiam-policajneho-nasilia-a-slusnym-policajtom-demokrati-hovoria-o-dokaze-rozkladu-a-neistoty-vladnej-koalicie\/"},"wordCount":204,"publisher":{"@id":"https:\/\/www.smedemokrati.sk\/#organization"},"image":{"@id":"https:\/\/www.smedemokrati.sk\/odsunutie-odvolavania-sutaj-estoka-je-hanba-a-vysmech-obetiam-policajneho-nasilia-a-slusnym-policajtom-demokrati-hovoria-o-dokaze-rozkladu-a-neistoty-vladnej-koalicie\/#primaryimage"},"thumbnailUrl":"https:\/\/www.smedemokrati.sk\/wp-content\/uploads\/2024\/03\/sutaj-estok.jpg","articleSection":["Vyhl\u00e1senia"],"inLanguage":"en-US"},{"@type":"WebPage","@id":"https:\/\/www.smedemokrati.sk\/odsunutie-odvolavania-sutaj-estoka-je-hanba-a-vysmech-obetiam-policajneho-nasilia-a-slusnym-policajtom-demokrati-hovoria-o-dokaze-rozkladu-a-neistoty-vladnej-koalicie\/","url":"https:\/\/www.smedemokrati.sk\/odsunutie-odvolavania-sutaj-estoka-je-hanba-a-vysmech-obetiam-policajneho-nasilia-a-slusnym-policajtom-demokrati-hovoria-o-dokaze-rozkladu-a-neistoty-vladnej-koalicie\/","name":"Odsunutie odvol\u00e1vania \u0160utaj E\u0161toka je hanba a v\u00fdsmech obetiam policajn\u00e9ho n\u00e1silia a slu\u0161n\u00fdm policajtom. Demokrati hovoria o d\u00f4kaze rozkladu a neistoty vl\u00e1dnej koal\u00edcie","isPartOf":{"@id":"https:\/\/www.smedemokrati.sk\/#website"},"primaryImageOfPage":{"@id":"https:\/\/www.smedemokrati.sk\/odsunutie-odvolavania-sutaj-estoka-je-hanba-a-vysmech-obetiam-policajneho-nasilia-a-slusnym-policajtom-demokrati-hovoria-o-dokaze-rozkladu-a-neistoty-vladnej-koalicie\/#primaryimage"},"image":{"@id":"https:\/\/www.smedemokrati.sk\/odsunutie-odvolavania-sutaj-estoka-je-hanba-a-vysmech-obetiam-policajneho-nasilia-a-slusnym-policajtom-demokrati-hovoria-o-dokaze-rozkladu-a-neistoty-vladnej-koalicie\/#primaryimage"},"thumbnailUrl":"https:\/\/www.smedemokrati.sk\/wp-content\/uploads\/2024\/03\/sutaj-estok.jpg","datePublished":"2024-11-26T17:08:57+00:00","dateModified":"2024-11-28T20:18:03+00:00","breadcrumb":{"@id":"https:\/\/www.smedemokrati.sk\/odsunutie-odvolavania-sutaj-estoka-je-hanba-a-vysmech-obetiam-policajneho-nasilia-a-slusnym-policajtom-demokrati-hovoria-o-dokaze-rozkladu-a-neistoty-vladnej-koalicie\/#breadcrumb"},"inLanguage":"en-US","potentialAction":[{"@type":"ReadAction","target":["https:\/\/www.smedemokrati.sk\/odsunutie-odvolavania-sutaj-estoka-je-hanba-a-vysmech-obetiam-policajneho-nasilia-a-slusnym-policajtom-demokrati-hovoria-o-dokaze-rozkladu-a-neistoty-vladnej-koalicie\/"]}]},{"@type":"ImageObject","inLanguage":"en-US","@id":"https:\/\/www.smedemokrati.sk\/odsunutie-odvolavania-sutaj-estoka-je-hanba-a-vysmech-obetiam-policajneho-nasilia-a-slusnym-policajtom-demokrati-hovoria-o-dokaze-rozkladu-a-neistoty-vladnej-koalicie\/#primaryimage","url":"https:\/\/www.smedemokrati.sk\/wp-content\/uploads\/2024\/03\/sutaj-estok.jpg","contentUrl":"https:\/\/www.smedemokrati.sk\/wp-content\/uploads\/2024\/03\/sutaj-estok.jpg","width":900,"height":600},{"@type":"BreadcrumbList","@id":"https:\/\/www.smedemokrati.sk\/odsunutie-odvolavania-sutaj-estoka-je-hanba-a-vysmech-obetiam-policajneho-nasilia-a-slusnym-policajtom-demokrati-hovoria-o-dokaze-rozkladu-a-neistoty-vladnej-koalicie\/#breadcrumb","itemListElement":[{"@type":"ListItem","position":1,"name":"Domovsk\u00e1 str\u00e1nka","item":"https:\/\/www.smedemokrati.sk\/"},{"@type":"ListItem","position":2,"name":"Odsunutie odvol\u00e1vania \u0160utaj E\u0161toka je hanba a v\u00fdsmech obetiam policajn\u00e9ho n\u00e1silia a slu\u0161n\u00fdm policajtom. Demokrati hovoria o d\u00f4kaze rozkladu a neistoty vl\u00e1dnej koal\u00edcie"}]},{"@type":"WebSite","@id":"https:\/\/www.smedemokrati.sk\/#website","url":"https:\/\/www.smedemokrati.sk\/","name":"Smedemokrati.sk","description":"Demokracia a slu\u0161nos\u0165 zv\u00ed\u0165az\u00ed","publisher":{"@id":"https:\/\/www.smedemokrati.sk\/#organization"},"potentialAction":[{"@type":"SearchAction","target":{"@type":"EntryPoint","urlTemplate":"https:\/\/www.smedemokrati.sk\/?s={search_term_string}"},"query-input":{"@type":"PropertyValueSpecification","valueRequired":true,"valueName":"search_term_string"}}],"inLanguage":"en-US"},{"@type":"Organization","@id":"https:\/\/www.smedemokrati.sk\/#organization","name":"Smedemokrati.sk","url":"https:\/\/www.smedemokrati.sk\/","logo":{"@type":"ImageObject","inLanguage":"en-US","@id":"https:\/\/www.smedemokrati.sk\/#\/schema\/logo\/image\/","url":"https:\/\/www.smedemokrati.sk\/wp-content\/uploads\/2023\/04\/ff.002.jpeg","contentUrl":"https:\/\/www.smedemokrati.sk\/wp-content\/uploads\/2023\/04\/ff.002.jpeg","width":640,"height":480,"caption":"Smedemokrati.sk"},"image":{"@id":"https:\/\/www.smedemokrati.sk\/#\/schema\/logo\/image\/"},"sameAs":["https:\/\/www.facebook.com\/smedemokrati2023"]},{"@type":"Person","@id":"https:\/\/www.smedemokrati.sk\/#\/schema\/person\/21f147c88d605aa7ded900e1e7c344ba","name":"miro.sopko","image":{"@type":"ImageObject","inLanguage":"en-US","@id":"https:\/\/secure.gravatar.com\/avatar\/267e4a36f704376c109afe3a78740c1f5dd8675a2180a908699e7863c9247606?s=96&d=mm&r=g","url":"https:\/\/secure.gravatar.com\/avatar\/267e4a36f704376c109afe3a78740c1f5dd8675a2180a908699e7863c9247606?s=96&d=mm&r=g","contentUrl":"https:\/\/secure.gravatar.com\/avatar\/267e4a36f704376c109afe3a78740c1f5dd8675a2180a908699e7863c9247606?s=96&d=mm&r=g","caption":"miro.sopko"},"url":"https:\/\/www.smedemokrati.sk\/en\/author\/miro-sopko\/"}]}},"_links":{"self":[{"href":"https:\/\/www.smedemokrati.sk\/en\/wp-json\/wp\/v2\/posts\/5842","targetHints":{"allow":["GET"]}}],"collection":[{"href":"https:\/\/www.smedemokrati.sk\/en\/wp-json\/wp\/v2\/posts"}],"about":[{"href":"https:\/\/www.smedemokrati.sk\/en\/wp-json\/wp\/v2\/types\/post"}],"author":[{"embeddable":true,"href":"https:\/\/www.smedemokrati.sk\/en\/wp-json\/wp\/v2\/users\/13"}],"replies":[{"embeddable":true,"href":"https:\/\/www.smedemokrati.sk\/en\/wp-json\/wp\/v2\/comments?post=5842"}],"version-history":[{"count":1,"href":"https:\/\/www.smedemokrati.sk\/en\/wp-json\/wp\/v2\/posts\/5842\/revisions"}],"predecessor-version":[{"id":5843,"href":"https:\/\/www.smedemokrati.sk\/en\/wp-json\/wp\/v2\/posts\/5842\/revisions\/5843"}],"wp:featuredmedia":[{"embeddable":true,"href":"https:\/\/www.smedemokrati.sk\/en\/wp-json\/wp\/v2\/media\/3302"}],"wp:attachment":[{"href":"https:\/\/www.smedemokrati.sk\/en\/wp-json\/wp\/v2\/media?parent=5842"}],"wp:term":[{"taxonomy":"category","embeddable":true,"href":"https:\/\/www.smedemokrati.sk\/en\/wp-json\/wp\/v2\/categories?post=5842"},{"taxonomy":"post_tag","embeddable":true,"href":"https:\/\/www.smedemokrati.sk\/en\/wp-json\/wp\/v2\/tags?post=5842"}],"curies":[{"name":"wp","href":"https:\/\/api.w.org\/{rel}","templated":true}]}}