{"id":5808,"date":"2024-11-20T21:11:45","date_gmt":"2024-11-20T20:11:45","guid":{"rendered":"https:\/\/www.smedemokrati.sk\/?p=5808"},"modified":"2024-11-20T21:11:46","modified_gmt":"2024-11-20T20:11:46","slug":"program-starostlivosti-o-muransku-planinu-rubanie-a-strielanie-v-mene-hluchana","status":"publish","type":"post","link":"https:\/\/www.smedemokrati.sk\/en\/program-starostlivosti-o-muransku-planinu-rubanie-a-strielanie-v-mene-hluchana\/","title":{"rendered":"Program starostlivosti o Mur\u00e1nsku planinu &#8211; r\u00fabanie a strie\u013eanie v mene hluch\u00e1\u0148a"},"content":{"rendered":"<div id=\"fb-root\"><\/div>\n\n<p><strong>Vl\u00e1da dnes (20. november 2024) schv\u00e1lila Program starostlivosti o N\u00e1rodn\u00fd park Mur\u00e1nska planina, ktor\u00fd umo\u017e\u0148uje \u0165a\u017ebu dreva a strie\u013eanie v n\u00e1rodnom parku, alebo prehodnocovanie pr\u00edsne chr\u00e1nen\u00fdch \u00fazem\u00ed, a to v\u0161etko pod z\u00e1mienkou ochrany hluch\u00e1\u0148a h\u00f4rneho a zlep\u0161ovania stavu biotopov. V bud\u00facnosti bude nevyhnutn\u00e9 tento program starostlivosti zmeni\u0165 a dovtedy akt\u00edvne vstupova\u0165 do konan\u00ed o udelenie v\u00fdnimiek a s\u00fahlasov na Mur\u00e1nskej planine.<\/strong><\/p>\n\n\n\n<p>Program starostlivosti o n\u00e1rodn\u00fd park je spolu so zon\u00e1ciou k\u013e\u00fa\u010dov\u00fdm dokumentom, ktor\u00fd ovplyvn\u00ed v\u00fdvoj pr\u00edrody na jeho \u00fazem\u00ed na cel\u00e9 dek\u00e1dy. V mnoh\u00fdch oblastiach m\u00e1 dokonca prednos\u0165 pred obmedzeniami a pravidlami vypl\u00fdvaj\u00facimi zo z\u00e1kona. Z tohto dokumentu m\u00f4\u017eeme vidie\u0165, ako si Tom\u00e1\u0161 Taraba, Filip Kuffa a s\u00fa\u010dasn\u00e1 vl\u00e1da predstavuje z\u00e1chranu pr\u00edrody Mur\u00e1nskej planiny.&nbsp;<\/p>\n\n\n\n<p>Program starostlivosti napr. pod opatren\u00edm \u201eObnova prirodzen\u00fdch lesn\u00fdch ekosyst\u00e9mov (z\u00f3na B) a zlep\u0161enie stavu druhov a biotopov v \u00fazem\u00ed\u201d umo\u017e\u0148uje \u201ejemn\u00e9 sp\u00f4soby obhospodarovania lesa vr\u00e1tane pribli\u017eovania dreva a v\u00fdchovy lesa\u201d, teda \u0165a\u017ebu dreva. Pritom, podstatn\u00e1 \u010das\u0165 B z\u00f3ny n\u00e1rodn\u00e9ho parku je v zmysle schv\u00e1lenej zon\u00e1cie vymedzen\u00e1 ako bud\u00faca A z\u00f3na, teda bezz\u00e1sahov\u00e9 \u00fazemie. \u201e<em>Limity pre t\u00fato \u0165a\u017ebu s\u00fa stanoven\u00e9 len ve\u013emi v\u0161eobecne, nemusia vylu\u010dova\u0165 n\u00e1hodn\u00e9 \u0165a\u017eby a spracovanie kalamity, \u010do m\u00f4\u017ee predstavova\u0165 ve\u013ek\u00e9 riziko, \u017ee do bezz\u00e1sahovej z\u00f3ny sa dostane, ak v\u00f4bec, v bud\u00facnosti les zna\u010dne pozna\u010den\u00fd \u0165a\u017ebou. Najlep\u0161ie re\u017eim B z\u00f3ny ilustruje \u201ctvrd\u00e1\u201d povinnos\u0165 ponecha\u0165 na do\u017eitie aspo\u0148 20 stromov na hekt\u00e1r. Na hekt\u00e1ri lesa s\u00fa pritom tis\u00edcky stromov, tak si vieme predstavi\u0165, ako tak\u00e1 B z\u00f3na bude vyzera\u0165, ako mesa\u010dn\u00e1 krajina,<\/em>\u201d uv\u00e1dza Michal Ki\u010da, \u010dlen predsedn\u00edctva strany a jej environment\u00e1lny expert.\u00a0<\/p>\n\n\n\n<p>\u201e<em>Najnebezpe\u010dnej\u0161ie je ale opatrenie, \u017ee bud\u00face bezz\u00e1sahov\u00e9 \u00fazemie vymedzen\u00e9 v zon\u00e1cii sa bude prehodnocova\u0165. Nariadenie vl\u00e1dy k zon\u00e1cii z roku 2022 r\u00e1ta s t\u00fdm, \u017ee striktn\u00e1 ochrana sa roz\u0161\u00edri v rokoch 2031 a 2051. No k tomu v d\u00f4sledku \u201cprehodnocovania\u201d v\u00f4bec nemus\u00ed d\u00f4js\u0165. Skr\u00e1tka, cenn\u00e9 lesy, ktor\u00fdm bola schv\u00e1len\u00e1 bud\u00faca striktn\u00e1 ochrana, zdegraduje napr. aj n\u00e1hodn\u00e1 \u0165a\u017eba a o p\u00e1r rokov vyhl\u00e1si vl\u00e1da, \u017ee u\u017e nie s\u00fa hodn\u00e9 pr\u00edsnej ochrany a bezz\u00e1sah sa nemus\u00ed roz\u0161irova\u0165 v\u00f4bec,<\/em>\u201d upozor\u0148uje Michal Ki\u010da.<\/p>\n\n\n\n<p>\u010eal\u0161ie opatrenie \u201eObhospodarovanie lesn\u00fdch ekosyst\u00e9mov pod\u013ea z\u00e1sad trvalo udr\u017eate\u013en\u00e9ho obhospodarovania lesov\u201d v z\u00f3ne C a D n\u00e1rodn\u00e9ho parku predstavuje v podstate be\u017en\u00fd lesn\u00edcky mana\u017ement s komer\u010dnou \u0165a\u017ebou dreva, v\u00fdstavbou lesn\u00fdch ciest, mo\u017en\u00fdm po\u0161koden\u00edm p\u00f4dneho krytu po \u0165a\u017ebe a pod. V\u0161etko javy, ktor\u00e9 by sa na \u00fazem\u00ed n\u00e1rodn\u00e9ho parku nemali vyskytova\u0165 v\u00f4bec.\u00a0<\/p>\n\n\n\n<p>Pod\u013ea programu starostlivosti bude naviac mo\u017en\u00e9 vyd\u00e1va\u0165 v\u00fdnimky na v\u00fdkon pr\u00e1va po\u013eovn\u00edctva na \u00fazem\u00ed n\u00e1rodn\u00e9ho parku, potenci\u00e1lne vr\u00e1tane bezz\u00e1sahov\u00fdch \u00fazem\u00ed, pokia\u013e to bude \u201ev z\u00e1ujme ochrany pr\u00edrody a krajiny\u201d. Pod takto \u0161iroko formulovan\u00fdm opatren\u00edm sa m\u00f4\u017ee skr\u00fdva\u0165 elimin\u00e1cia pred\u00e1torov hluch\u00e1\u0148a h\u00f4rneho alebo elimin\u00e1cia raticovej zveri, av\u0161ak nielen to. Vytv\u00e1ra sa tak priestor pre exces\u00edvny v\u00fdkon pr\u00e1va po\u013eovn\u00edctva nezlu\u010diteln\u00fd s cie\u013emi n\u00e1rodn\u00e9ho parku.\u00a0<\/p>\n\n\n\n<p><em>\u201eVl\u00e1dou schv\u00e1len\u00fd program starostlivosti tak m\u00f4\u017ee na konci skon\u010di\u0165 ako program degrad\u00e1cie n\u00e1rodn\u00e9ho parku. Taraba s Kuffom a Huliakom zistili, \u017ee n\u00e1rodn\u00e9 parky s\u00edce zru\u0161i\u0165 nevedia, ale svoje ciele, teda \u0165a\u017ebu a stre\u013ebu v n\u00e1rodn\u00fdch parkoch, si vedia presadi\u0165 nen\u00e1padnej\u0161ie, ak ich ozna\u010dia ako opatrenia potrebn\u00e9 na jeho z\u00e1chranu. O to nebezpe\u010dnej\u0161ie je pr\u00e1ve zneu\u017eitie siln\u00e9ho n\u00e1stroja, programu starostlivosti o n\u00e1rodn\u00fd park, ktor\u00fd mnoh\u00e9 obmedzenia vypl\u00fdvaj\u00face zo z\u00e1kona \u201epreb\u00edja\u201d. Ten dnes schv\u00e1len\u00fd pr\u00edrode Mur\u00e1nskej planiny nepom\u00f4\u017ee, pr\u00e1ve naopak, predstavuje sofistikovan\u00fd sp\u00f4sob, ako si presadi\u0165 svoje z\u00e1ujmy na \u00fakor pr\u00edrody. Pod z\u00e1mienkou obnovy biotopov a ochrany hluch\u00e1\u0148a h\u00f4rneho. V bud\u00facnosti bude preto nevyhnutn\u00e9 tento program starostlivosti zmeni\u0165,\u201d<\/em>\u00a0uzatv\u00e1ra Michal Ki\u010da.<\/p>\n","protected":false},"excerpt":{"rendered":"<p>Vl\u00e1da dnes (20. november 2024) schv\u00e1lila Program starostlivosti o N\u00e1rodn\u00fd park Mur\u00e1nska planina, ktor\u00fd umo\u017e\u0148uje \u0165a\u017ebu dreva a strie\u013eanie v n\u00e1rodnom parku, alebo prehodnocovanie pr\u00edsne chr\u00e1nen\u00fdch \u00fazem\u00ed, a to v\u0161etko pod z\u00e1mienkou ochrany hluch\u00e1\u0148a h\u00f4rneho a zlep\u0161ovania stavu biotopov. V bud\u00facnosti bude nevyhnutn\u00e9 tento program starostlivosti zmeni\u0165 a dovtedy akt\u00edvne vstupova\u0165 do konan\u00ed o udelenie [&hellip;]<\/p>\n","protected":false},"author":13,"featured_media":5809,"comment_status":"closed","ping_status":"closed","sticky":false,"template":"","format":"standard","meta":{"_acf_changed":false,"ngg_post_thumbnail":0,"footnotes":""},"categories":[4],"tags":[],"class_list":["post-5808","post","type-post","status-publish","format-standard","has-post-thumbnail","hentry","category-tlacove-spravy"],"acf":[],"yoast_head":"<!-- This site is optimized with the Yoast SEO plugin v27.2 - https:\/\/yoast.com\/product\/yoast-seo-wordpress\/ -->\n<title>Program starostlivosti o Mur\u00e1nsku planinu - r\u00fabanie a strie\u013eanie v mene hluch\u00e1\u0148a<\/title>\n<meta name=\"robots\" content=\"index, follow, max-snippet:-1, max-image-preview:large, max-video-preview:-1\" \/>\n<link rel=\"canonical\" href=\"https:\/\/www.smedemokrati.sk\/en\/program-starostlivosti-o-muransku-planinu-rubanie-a-strielanie-v-mene-hluchana\/\" \/>\n<meta property=\"og:locale\" content=\"en_US\" \/>\n<meta property=\"og:locale:alternate\" content=\"cs_CZ\" \/>\n<meta property=\"og:locale:alternate\" content=\"hu_HU\" \/>\n<meta property=\"og:locale:alternate\" content=\"sk_SK\" \/>\n<meta property=\"og:locale:alternate\" content=\"sv_SE\" \/>\n<meta property=\"og:type\" content=\"article\" \/>\n<meta property=\"og:title\" content=\"Program starostlivosti o Mur\u00e1nsku planinu - r\u00fabanie a strie\u013eanie v mene hluch\u00e1\u0148a\" \/>\n<meta property=\"og:description\" content=\"Vl\u00e1da dnes (20. november 2024) schv\u00e1lila Program starostlivosti o N\u00e1rodn\u00fd park Mur\u00e1nska planina, ktor\u00fd umo\u017e\u0148uje \u0165a\u017ebu dreva a strie\u013eanie v n\u00e1rodnom parku, alebo prehodnocovanie pr\u00edsne chr\u00e1nen\u00fdch \u00fazem\u00ed, a to v\u0161etko pod z\u00e1mienkou ochrany hluch\u00e1\u0148a h\u00f4rneho a zlep\u0161ovania stavu biotopov. V bud\u00facnosti bude nevyhnutn\u00e9 tento program starostlivosti zmeni\u0165 a dovtedy akt\u00edvne vstupova\u0165 do konan\u00ed o udelenie [&hellip;]\" \/>\n<meta property=\"og:url\" content=\"https:\/\/www.smedemokrati.sk\/en\/program-starostlivosti-o-muransku-planinu-rubanie-a-strielanie-v-mene-hluchana\/\" \/>\n<meta property=\"og:site_name\" content=\"Smedemokrati.sk\" \/>\n<meta property=\"article:publisher\" content=\"https:\/\/www.facebook.com\/smedemokrati2023\" \/>\n<meta property=\"article:published_time\" content=\"2024-11-20T20:11:45+00:00\" \/>\n<meta property=\"article:modified_time\" content=\"2024-11-20T20:11:46+00:00\" \/>\n<meta property=\"og:image\" content=\"https:\/\/www.smedemokrati.sk\/wp-content\/uploads\/2024\/11\/640px-Auerhahn_auf_einem_Baumstumpf.jpg\" \/>\n\t<meta property=\"og:image:width\" content=\"640\" \/>\n\t<meta property=\"og:image:height\" content=\"427\" \/>\n\t<meta property=\"og:image:type\" content=\"image\/jpeg\" \/>\n<meta name=\"author\" content=\"miro.sopko\" \/>\n<meta name=\"twitter:card\" content=\"summary_large_image\" \/>\n<meta name=\"twitter:label1\" content=\"Written by\" \/>\n\t<meta name=\"twitter:data1\" content=\"miro.sopko\" \/>\n\t<meta name=\"twitter:label2\" content=\"Est. reading time\" \/>\n\t<meta name=\"twitter:data2\" content=\"3 minutes\" \/>\n<script type=\"application\/ld+json\" class=\"yoast-schema-graph\">{\"@context\":\"https:\/\/schema.org\",\"@graph\":[{\"@type\":\"Article\",\"@id\":\"https:\/\/www.smedemokrati.sk\/program-starostlivosti-o-muransku-planinu-rubanie-a-strielanie-v-mene-hluchana\/#article\",\"isPartOf\":{\"@id\":\"https:\/\/www.smedemokrati.sk\/program-starostlivosti-o-muransku-planinu-rubanie-a-strielanie-v-mene-hluchana\/\"},\"author\":{\"name\":\"miro.sopko\",\"@id\":\"https:\/\/www.smedemokrati.sk\/#\/schema\/person\/21f147c88d605aa7ded900e1e7c344ba\"},\"headline\":\"Program starostlivosti o Mur\u00e1nsku planinu &#8211; r\u00fabanie a strie\u013eanie v mene hluch\u00e1\u0148a\",\"datePublished\":\"2024-11-20T20:11:45+00:00\",\"dateModified\":\"2024-11-20T20:11:46+00:00\",\"mainEntityOfPage\":{\"@id\":\"https:\/\/www.smedemokrati.sk\/program-starostlivosti-o-muransku-planinu-rubanie-a-strielanie-v-mene-hluchana\/\"},\"wordCount\":783,\"publisher\":{\"@id\":\"https:\/\/www.smedemokrati.sk\/#organization\"},\"image\":{\"@id\":\"https:\/\/www.smedemokrati.sk\/program-starostlivosti-o-muransku-planinu-rubanie-a-strielanie-v-mene-hluchana\/#primaryimage\"},\"thumbnailUrl\":\"https:\/\/www.smedemokrati.sk\/wp-content\/uploads\/2024\/11\/640px-Auerhahn_auf_einem_Baumstumpf.jpg\",\"articleSection\":[\"Tla\u010dov\u00e9 spr\u00e1vy\"],\"inLanguage\":\"en-US\"},{\"@type\":\"WebPage\",\"@id\":\"https:\/\/www.smedemokrati.sk\/program-starostlivosti-o-muransku-planinu-rubanie-a-strielanie-v-mene-hluchana\/\",\"url\":\"https:\/\/www.smedemokrati.sk\/program-starostlivosti-o-muransku-planinu-rubanie-a-strielanie-v-mene-hluchana\/\",\"name\":\"Program starostlivosti o Mur\u00e1nsku planinu - r\u00fabanie a strie\u013eanie v mene hluch\u00e1\u0148a\",\"isPartOf\":{\"@id\":\"https:\/\/www.smedemokrati.sk\/#website\"},\"primaryImageOfPage\":{\"@id\":\"https:\/\/www.smedemokrati.sk\/program-starostlivosti-o-muransku-planinu-rubanie-a-strielanie-v-mene-hluchana\/#primaryimage\"},\"image\":{\"@id\":\"https:\/\/www.smedemokrati.sk\/program-starostlivosti-o-muransku-planinu-rubanie-a-strielanie-v-mene-hluchana\/#primaryimage\"},\"thumbnailUrl\":\"https:\/\/www.smedemokrati.sk\/wp-content\/uploads\/2024\/11\/640px-Auerhahn_auf_einem_Baumstumpf.jpg\",\"datePublished\":\"2024-11-20T20:11:45+00:00\",\"dateModified\":\"2024-11-20T20:11:46+00:00\",\"breadcrumb\":{\"@id\":\"https:\/\/www.smedemokrati.sk\/program-starostlivosti-o-muransku-planinu-rubanie-a-strielanie-v-mene-hluchana\/#breadcrumb\"},\"inLanguage\":\"en-US\",\"potentialAction\":[{\"@type\":\"ReadAction\",\"target\":[\"https:\/\/www.smedemokrati.sk\/program-starostlivosti-o-muransku-planinu-rubanie-a-strielanie-v-mene-hluchana\/\"]}]},{\"@type\":\"ImageObject\",\"inLanguage\":\"en-US\",\"@id\":\"https:\/\/www.smedemokrati.sk\/program-starostlivosti-o-muransku-planinu-rubanie-a-strielanie-v-mene-hluchana\/#primaryimage\",\"url\":\"https:\/\/www.smedemokrati.sk\/wp-content\/uploads\/2024\/11\/640px-Auerhahn_auf_einem_Baumstumpf.jpg\",\"contentUrl\":\"https:\/\/www.smedemokrati.sk\/wp-content\/uploads\/2024\/11\/640px-Auerhahn_auf_einem_Baumstumpf.jpg\",\"width\":640,\"height\":427},{\"@type\":\"BreadcrumbList\",\"@id\":\"https:\/\/www.smedemokrati.sk\/program-starostlivosti-o-muransku-planinu-rubanie-a-strielanie-v-mene-hluchana\/#breadcrumb\",\"itemListElement\":[{\"@type\":\"ListItem\",\"position\":1,\"name\":\"Domovsk\u00e1 str\u00e1nka\",\"item\":\"https:\/\/www.smedemokrati.sk\/\"},{\"@type\":\"ListItem\",\"position\":2,\"name\":\"Program starostlivosti o Mur\u00e1nsku planinu &#8211; r\u00fabanie a strie\u013eanie v mene hluch\u00e1\u0148a\"}]},{\"@type\":\"WebSite\",\"@id\":\"https:\/\/www.smedemokrati.sk\/#website\",\"url\":\"https:\/\/www.smedemokrati.sk\/\",\"name\":\"Smedemokrati.sk\",\"description\":\"Demokracia a slu\u0161nos\u0165 zv\u00ed\u0165az\u00ed\",\"publisher\":{\"@id\":\"https:\/\/www.smedemokrati.sk\/#organization\"},\"potentialAction\":[{\"@type\":\"SearchAction\",\"target\":{\"@type\":\"EntryPoint\",\"urlTemplate\":\"https:\/\/www.smedemokrati.sk\/?s={search_term_string}\"},\"query-input\":{\"@type\":\"PropertyValueSpecification\",\"valueRequired\":true,\"valueName\":\"search_term_string\"}}],\"inLanguage\":\"en-US\"},{\"@type\":\"Organization\",\"@id\":\"https:\/\/www.smedemokrati.sk\/#organization\",\"name\":\"Smedemokrati.sk\",\"url\":\"https:\/\/www.smedemokrati.sk\/\",\"logo\":{\"@type\":\"ImageObject\",\"inLanguage\":\"en-US\",\"@id\":\"https:\/\/www.smedemokrati.sk\/#\/schema\/logo\/image\/\",\"url\":\"https:\/\/www.smedemokrati.sk\/wp-content\/uploads\/2023\/04\/ff.002.jpeg\",\"contentUrl\":\"https:\/\/www.smedemokrati.sk\/wp-content\/uploads\/2023\/04\/ff.002.jpeg\",\"width\":640,\"height\":480,\"caption\":\"Smedemokrati.sk\"},\"image\":{\"@id\":\"https:\/\/www.smedemokrati.sk\/#\/schema\/logo\/image\/\"},\"sameAs\":[\"https:\/\/www.facebook.com\/smedemokrati2023\"]},{\"@type\":\"Person\",\"@id\":\"https:\/\/www.smedemokrati.sk\/#\/schema\/person\/21f147c88d605aa7ded900e1e7c344ba\",\"name\":\"miro.sopko\",\"image\":{\"@type\":\"ImageObject\",\"inLanguage\":\"en-US\",\"@id\":\"https:\/\/secure.gravatar.com\/avatar\/267e4a36f704376c109afe3a78740c1f5dd8675a2180a908699e7863c9247606?s=96&d=mm&r=g\",\"url\":\"https:\/\/secure.gravatar.com\/avatar\/267e4a36f704376c109afe3a78740c1f5dd8675a2180a908699e7863c9247606?s=96&d=mm&r=g\",\"contentUrl\":\"https:\/\/secure.gravatar.com\/avatar\/267e4a36f704376c109afe3a78740c1f5dd8675a2180a908699e7863c9247606?s=96&d=mm&r=g\",\"caption\":\"miro.sopko\"},\"url\":\"https:\/\/www.smedemokrati.sk\/en\/author\/miro-sopko\/\"}]}<\/script>\n<!-- \/ Yoast SEO plugin. -->","yoast_head_json":{"title":"Program starostlivosti o Mur\u00e1nsku planinu - r\u00fabanie a strie\u013eanie v mene hluch\u00e1\u0148a","robots":{"index":"index","follow":"follow","max-snippet":"max-snippet:-1","max-image-preview":"max-image-preview:large","max-video-preview":"max-video-preview:-1"},"canonical":"https:\/\/www.smedemokrati.sk\/en\/program-starostlivosti-o-muransku-planinu-rubanie-a-strielanie-v-mene-hluchana\/","og_locale":"en_US","og_type":"article","og_title":"[:sk]Program starostlivosti o Mur\u00e1nsku planinu - r\u00fabanie a strie\u013eanie v mene hluch\u00e1\u0148a[:] - Smedemokrati.sk","og_description":"Vl\u00e1da dnes (20. november 2024) schv\u00e1lila Program starostlivosti o N\u00e1rodn\u00fd park Mur\u00e1nska planina, ktor\u00fd umo\u017e\u0148uje \u0165a\u017ebu dreva a strie\u013eanie v n\u00e1rodnom parku, alebo prehodnocovanie pr\u00edsne chr\u00e1nen\u00fdch \u00fazem\u00ed, a to v\u0161etko pod z\u00e1mienkou ochrany hluch\u00e1\u0148a h\u00f4rneho a zlep\u0161ovania stavu biotopov. V bud\u00facnosti bude nevyhnutn\u00e9 tento program starostlivosti zmeni\u0165 a dovtedy akt\u00edvne vstupova\u0165 do konan\u00ed o udelenie [&hellip;]","og_url":"https:\/\/www.smedemokrati.sk\/en\/program-starostlivosti-o-muransku-planinu-rubanie-a-strielanie-v-mene-hluchana\/","og_site_name":"Smedemokrati.sk","article_publisher":"https:\/\/www.facebook.com\/smedemokrati2023","article_published_time":"2024-11-20T20:11:45+00:00","article_modified_time":"2024-11-20T20:11:46+00:00","og_image":[{"width":640,"height":427,"url":"https:\/\/www.smedemokrati.sk\/wp-content\/uploads\/2024\/11\/640px-Auerhahn_auf_einem_Baumstumpf.jpg","type":"image\/jpeg"}],"author":"miro.sopko","twitter_card":"summary_large_image","twitter_misc":{"Written by":"miro.sopko","Est. reading time":"3 minutes"},"schema":{"@context":"https:\/\/schema.org","@graph":[{"@type":"Article","@id":"https:\/\/www.smedemokrati.sk\/program-starostlivosti-o-muransku-planinu-rubanie-a-strielanie-v-mene-hluchana\/#article","isPartOf":{"@id":"https:\/\/www.smedemokrati.sk\/program-starostlivosti-o-muransku-planinu-rubanie-a-strielanie-v-mene-hluchana\/"},"author":{"name":"miro.sopko","@id":"https:\/\/www.smedemokrati.sk\/#\/schema\/person\/21f147c88d605aa7ded900e1e7c344ba"},"headline":"Program starostlivosti o Mur\u00e1nsku planinu &#8211; r\u00fabanie a strie\u013eanie v mene hluch\u00e1\u0148a","datePublished":"2024-11-20T20:11:45+00:00","dateModified":"2024-11-20T20:11:46+00:00","mainEntityOfPage":{"@id":"https:\/\/www.smedemokrati.sk\/program-starostlivosti-o-muransku-planinu-rubanie-a-strielanie-v-mene-hluchana\/"},"wordCount":783,"publisher":{"@id":"https:\/\/www.smedemokrati.sk\/#organization"},"image":{"@id":"https:\/\/www.smedemokrati.sk\/program-starostlivosti-o-muransku-planinu-rubanie-a-strielanie-v-mene-hluchana\/#primaryimage"},"thumbnailUrl":"https:\/\/www.smedemokrati.sk\/wp-content\/uploads\/2024\/11\/640px-Auerhahn_auf_einem_Baumstumpf.jpg","articleSection":["Tla\u010dov\u00e9 spr\u00e1vy"],"inLanguage":"en-US"},{"@type":"WebPage","@id":"https:\/\/www.smedemokrati.sk\/program-starostlivosti-o-muransku-planinu-rubanie-a-strielanie-v-mene-hluchana\/","url":"https:\/\/www.smedemokrati.sk\/program-starostlivosti-o-muransku-planinu-rubanie-a-strielanie-v-mene-hluchana\/","name":"Program starostlivosti o Mur\u00e1nsku planinu - r\u00fabanie a strie\u013eanie v mene hluch\u00e1\u0148a","isPartOf":{"@id":"https:\/\/www.smedemokrati.sk\/#website"},"primaryImageOfPage":{"@id":"https:\/\/www.smedemokrati.sk\/program-starostlivosti-o-muransku-planinu-rubanie-a-strielanie-v-mene-hluchana\/#primaryimage"},"image":{"@id":"https:\/\/www.smedemokrati.sk\/program-starostlivosti-o-muransku-planinu-rubanie-a-strielanie-v-mene-hluchana\/#primaryimage"},"thumbnailUrl":"https:\/\/www.smedemokrati.sk\/wp-content\/uploads\/2024\/11\/640px-Auerhahn_auf_einem_Baumstumpf.jpg","datePublished":"2024-11-20T20:11:45+00:00","dateModified":"2024-11-20T20:11:46+00:00","breadcrumb":{"@id":"https:\/\/www.smedemokrati.sk\/program-starostlivosti-o-muransku-planinu-rubanie-a-strielanie-v-mene-hluchana\/#breadcrumb"},"inLanguage":"en-US","potentialAction":[{"@type":"ReadAction","target":["https:\/\/www.smedemokrati.sk\/program-starostlivosti-o-muransku-planinu-rubanie-a-strielanie-v-mene-hluchana\/"]}]},{"@type":"ImageObject","inLanguage":"en-US","@id":"https:\/\/www.smedemokrati.sk\/program-starostlivosti-o-muransku-planinu-rubanie-a-strielanie-v-mene-hluchana\/#primaryimage","url":"https:\/\/www.smedemokrati.sk\/wp-content\/uploads\/2024\/11\/640px-Auerhahn_auf_einem_Baumstumpf.jpg","contentUrl":"https:\/\/www.smedemokrati.sk\/wp-content\/uploads\/2024\/11\/640px-Auerhahn_auf_einem_Baumstumpf.jpg","width":640,"height":427},{"@type":"BreadcrumbList","@id":"https:\/\/www.smedemokrati.sk\/program-starostlivosti-o-muransku-planinu-rubanie-a-strielanie-v-mene-hluchana\/#breadcrumb","itemListElement":[{"@type":"ListItem","position":1,"name":"Domovsk\u00e1 str\u00e1nka","item":"https:\/\/www.smedemokrati.sk\/"},{"@type":"ListItem","position":2,"name":"Program starostlivosti o Mur\u00e1nsku planinu &#8211; r\u00fabanie a strie\u013eanie v mene hluch\u00e1\u0148a"}]},{"@type":"WebSite","@id":"https:\/\/www.smedemokrati.sk\/#website","url":"https:\/\/www.smedemokrati.sk\/","name":"Smedemokrati.sk","description":"Demokracia a slu\u0161nos\u0165 zv\u00ed\u0165az\u00ed","publisher":{"@id":"https:\/\/www.smedemokrati.sk\/#organization"},"potentialAction":[{"@type":"SearchAction","target":{"@type":"EntryPoint","urlTemplate":"https:\/\/www.smedemokrati.sk\/?s={search_term_string}"},"query-input":{"@type":"PropertyValueSpecification","valueRequired":true,"valueName":"search_term_string"}}],"inLanguage":"en-US"},{"@type":"Organization","@id":"https:\/\/www.smedemokrati.sk\/#organization","name":"Smedemokrati.sk","url":"https:\/\/www.smedemokrati.sk\/","logo":{"@type":"ImageObject","inLanguage":"en-US","@id":"https:\/\/www.smedemokrati.sk\/#\/schema\/logo\/image\/","url":"https:\/\/www.smedemokrati.sk\/wp-content\/uploads\/2023\/04\/ff.002.jpeg","contentUrl":"https:\/\/www.smedemokrati.sk\/wp-content\/uploads\/2023\/04\/ff.002.jpeg","width":640,"height":480,"caption":"Smedemokrati.sk"},"image":{"@id":"https:\/\/www.smedemokrati.sk\/#\/schema\/logo\/image\/"},"sameAs":["https:\/\/www.facebook.com\/smedemokrati2023"]},{"@type":"Person","@id":"https:\/\/www.smedemokrati.sk\/#\/schema\/person\/21f147c88d605aa7ded900e1e7c344ba","name":"miro.sopko","image":{"@type":"ImageObject","inLanguage":"en-US","@id":"https:\/\/secure.gravatar.com\/avatar\/267e4a36f704376c109afe3a78740c1f5dd8675a2180a908699e7863c9247606?s=96&d=mm&r=g","url":"https:\/\/secure.gravatar.com\/avatar\/267e4a36f704376c109afe3a78740c1f5dd8675a2180a908699e7863c9247606?s=96&d=mm&r=g","contentUrl":"https:\/\/secure.gravatar.com\/avatar\/267e4a36f704376c109afe3a78740c1f5dd8675a2180a908699e7863c9247606?s=96&d=mm&r=g","caption":"miro.sopko"},"url":"https:\/\/www.smedemokrati.sk\/en\/author\/miro-sopko\/"}]}},"_links":{"self":[{"href":"https:\/\/www.smedemokrati.sk\/en\/wp-json\/wp\/v2\/posts\/5808","targetHints":{"allow":["GET"]}}],"collection":[{"href":"https:\/\/www.smedemokrati.sk\/en\/wp-json\/wp\/v2\/posts"}],"about":[{"href":"https:\/\/www.smedemokrati.sk\/en\/wp-json\/wp\/v2\/types\/post"}],"author":[{"embeddable":true,"href":"https:\/\/www.smedemokrati.sk\/en\/wp-json\/wp\/v2\/users\/13"}],"replies":[{"embeddable":true,"href":"https:\/\/www.smedemokrati.sk\/en\/wp-json\/wp\/v2\/comments?post=5808"}],"version-history":[{"count":1,"href":"https:\/\/www.smedemokrati.sk\/en\/wp-json\/wp\/v2\/posts\/5808\/revisions"}],"predecessor-version":[{"id":5810,"href":"https:\/\/www.smedemokrati.sk\/en\/wp-json\/wp\/v2\/posts\/5808\/revisions\/5810"}],"wp:featuredmedia":[{"embeddable":true,"href":"https:\/\/www.smedemokrati.sk\/en\/wp-json\/wp\/v2\/media\/5809"}],"wp:attachment":[{"href":"https:\/\/www.smedemokrati.sk\/en\/wp-json\/wp\/v2\/media?parent=5808"}],"wp:term":[{"taxonomy":"category","embeddable":true,"href":"https:\/\/www.smedemokrati.sk\/en\/wp-json\/wp\/v2\/categories?post=5808"},{"taxonomy":"post_tag","embeddable":true,"href":"https:\/\/www.smedemokrati.sk\/en\/wp-json\/wp\/v2\/tags?post=5808"}],"curies":[{"name":"wp","href":"https:\/\/api.w.org\/{rel}","templated":true}]}}