{"id":5481,"date":"2024-11-07T21:34:00","date_gmt":"2024-11-07T20:34:00","guid":{"rendered":"https:\/\/www.smedemokrati.sk\/?p=5481"},"modified":"2024-11-19T13:24:29","modified_gmt":"2024-11-19T12:24:29","slug":"ziadame-prezidenta-pellegriniho-o-vetovanie-skodlivej-novely-zakona-o-ochrane-prirody-a-krajiny","status":"publish","type":"post","link":"https:\/\/www.smedemokrati.sk\/en\/ziadame-prezidenta-pellegriniho-o-vetovanie-skodlivej-novely-zakona-o-ochrane-prirody-a-krajiny\/","title":{"rendered":"\u017diadame prezidenta Pellegriniho o vetovanie \u0161kodlivej novely z\u00e1kona o ochrane pr\u00edrody a\u00a0krajiny"},"content":{"rendered":"<div id=\"fb-root\"><\/div>\n\n<p><strong>Strana Demokrati \u017eiada prezidenta Petra Pellegriniho o vetovanie schv\u00e1lenej novely z\u00e1kona o ochrane pr\u00edrody a krajiny, ktor\u00fa dnes schv\u00e1lil parlament. Tak nebezpe\u010dn\u00fd n\u00e1vrh z\u00e1kona v oblasti ochrany pr\u00edrody z parlamentu v modernej hist\u00f3rii Slovenska e\u0161te nikdy nevy\u0161iel.<\/strong><\/p>\n\n\n\n<p>Legislat\u00edvna \u00faprava z dielne SNS de facto paralyzuje str\u00e1\u017e pr\u00edrody, zav\u00e1dza amnestiu pre neleg\u00e1lne jazdy \u0161t\u00e1tneho tajomn\u00edka Filipa Kuffu, z na\u0161ich chr\u00e1nen\u00fdch \u00fazem\u00ed sprav\u00ed eldor\u00e1do pre \u0161tvorkolk\u00e1rov. \u201e<em>E\u0161te \u0161kodlivej\u0161ie s\u00fa schv\u00e1len\u00e9 pozme\u0148uj\u00face n\u00e1vrhy poslancov J\u00e1na Kvorku (SMER-SSD) a Milana Garaja (SNS). Tie zav\u00e1dzaj\u00fa tzv. fikciu s\u00fahlasu pre org\u00e1ny ochrany pr\u00edrody a vylu\u010duj\u00fa verejnos\u0165 z plnohodnotnej \u00fa\u010dasti na konaniach pod\u013ea z\u00e1kona o ochrane pr\u00edrody a krajiny. V roku 2010 Slovensk\u00e1 republika \u010delila kv\u00f4li podobnej \u00faprave bezprostrednej hrozbe pozastavenia eurofondov, preto\u017ee je v rozpore s pr\u00e1vom Eur\u00f3pskej \u00fanie,<\/em>\u201d uviedol Michal Ki\u010da, environment\u00e1lny expert a \u010dlen predsedn\u00edctva Demokratov.&nbsp;<\/p>\n\n\n\n<p>Poslanci napriek mnoh\u00fdm upozorneniam v\u0161etky vecn\u00e9 v\u00fdhrady ignorovali. Schv\u00e1lili tak smrtiaci koktejl pre slovensk\u00fa pr\u00edrodu, ktor\u00fd pom\u00f4\u017ee len developerom a otvor\u00ed dokor\u00e1n dvere nekontrolovate\u013enej v\u00fdstavbe v n\u00e1rodn\u00fdch parkoch a drancovaniu slovensk\u00fdch lesov v chr\u00e1nen\u00fdch \u00fazemiach. O v\u00fdhrad\u00e1ch podrobne informujeme prezidenta v liste.&nbsp;<\/p>\n\n\n\n<p>\u201e<em>N\u00e1vrh z\u00e1kona nepre\u0161iel \u017eiadnym pripomienkov\u00fdm konan\u00edm, vyvolal obrovsk\u00fd odpor odbornej verejnosti, dostali sa do\u0148ho viacer\u00e9 z\u00e1va\u017en\u00e9 a nebezpe\u010dn\u00e9 pozme\u0148uj\u00face n\u00e1vrhy, ku ktor\u00fdm neprebehla \u017eiadna diskusia, dokonca nes\u00favisiace pr\u00edlepky, \u010d\u00edm sa flagrantne poru\u0161il rokovac\u00ed poriadok n\u00e1rodnej rady. Tak\u00fdto legislat\u00edvny proces je nepr\u00edpustn\u00fd,<\/em>\u201d doplnil Michal Ki\u010da.<\/p>\n\n\n\n<p>\u201e<em>Ver\u00edm, \u017ee p\u00e1n prezident preuk\u00e1\u017ee skuto\u010dn\u00fd z\u00e1ujem o pr\u00e1va ob\u010danov Slovenska a ochranu slovenskej pr\u00edrody, s na\u0161imi v\u00fdhradami sa obozn\u00e1mi a uk\u00e1\u017ee, \u017ee nie je len pred\u013a\u017eenou rukou vl\u00e1dnej koal\u00edcie a z\u00e1ujmov oligarchov,<\/em>\u201d uzavrel Michal Ki\u010da.<\/p>\n","protected":false},"excerpt":{"rendered":"<p>Strana Demokrati \u017eiada prezidenta Petra Pellegriniho o vetovanie schv\u00e1lenej novely z\u00e1kona o ochrane pr\u00edrody a krajiny, ktor\u00fa dnes schv\u00e1lil parlament. Tak nebezpe\u010dn\u00fd n\u00e1vrh z\u00e1kona v oblasti ochrany pr\u00edrody z parlamentu v modernej hist\u00f3rii Slovenska e\u0161te nikdy nevy\u0161iel. Legislat\u00edvna \u00faprava z dielne SNS de facto paralyzuje str\u00e1\u017e pr\u00edrody, zav\u00e1dza amnestiu pre neleg\u00e1lne jazdy \u0161t\u00e1tneho tajomn\u00edka Filipa [&hellip;]<\/p>\n","protected":false},"author":13,"featured_media":5171,"comment_status":"closed","ping_status":"closed","sticky":false,"template":"","format":"standard","meta":{"_acf_changed":false,"ngg_post_thumbnail":0,"footnotes":""},"categories":[4],"tags":[],"class_list":["post-5481","post","type-post","status-publish","format-standard","has-post-thumbnail","hentry","category-tlacove-spravy"],"acf":[],"yoast_head":"<!-- This site is optimized with the Yoast SEO plugin v27.2 - https:\/\/yoast.com\/product\/yoast-seo-wordpress\/ -->\n<title>\u017diadame prezidenta Pellegriniho o vetovanie \u0161kodlivej novely z\u00e1kona o ochrane pr\u00edrody a\u00a0krajiny<\/title>\n<meta name=\"robots\" content=\"index, follow, max-snippet:-1, max-image-preview:large, max-video-preview:-1\" \/>\n<link rel=\"canonical\" href=\"https:\/\/www.smedemokrati.sk\/en\/ziadame-prezidenta-pellegriniho-o-vetovanie-skodlivej-novely-zakona-o-ochrane-prirody-a-krajiny\/\" \/>\n<meta property=\"og:locale\" content=\"en_US\" \/>\n<meta property=\"og:locale:alternate\" content=\"cs_CZ\" \/>\n<meta property=\"og:locale:alternate\" content=\"hu_HU\" \/>\n<meta property=\"og:locale:alternate\" content=\"sk_SK\" \/>\n<meta property=\"og:locale:alternate\" content=\"sv_SE\" \/>\n<meta property=\"og:type\" content=\"article\" \/>\n<meta property=\"og:title\" content=\"\u017diadame prezidenta Pellegriniho o vetovanie \u0161kodlivej novely z\u00e1kona o ochrane pr\u00edrody a\u00a0krajiny\" \/>\n<meta property=\"og:description\" content=\"Strana Demokrati \u017eiada prezidenta Petra Pellegriniho o vetovanie schv\u00e1lenej novely z\u00e1kona o ochrane pr\u00edrody a krajiny, ktor\u00fa dnes schv\u00e1lil parlament. Tak nebezpe\u010dn\u00fd n\u00e1vrh z\u00e1kona v oblasti ochrany pr\u00edrody z parlamentu v modernej hist\u00f3rii Slovenska e\u0161te nikdy nevy\u0161iel. Legislat\u00edvna \u00faprava z dielne SNS de facto paralyzuje str\u00e1\u017e pr\u00edrody, zav\u00e1dza amnestiu pre neleg\u00e1lne jazdy \u0161t\u00e1tneho tajomn\u00edka Filipa [&hellip;]\" \/>\n<meta property=\"og:url\" content=\"https:\/\/www.smedemokrati.sk\/en\/ziadame-prezidenta-pellegriniho-o-vetovanie-skodlivej-novely-zakona-o-ochrane-prirody-a-krajiny\/\" \/>\n<meta property=\"og:site_name\" content=\"Smedemokrati.sk\" \/>\n<meta property=\"article:publisher\" content=\"https:\/\/www.facebook.com\/smedemokrati2023\" \/>\n<meta property=\"article:published_time\" content=\"2024-11-07T20:34:00+00:00\" \/>\n<meta property=\"article:modified_time\" content=\"2024-11-19T12:24:29+00:00\" \/>\n<meta property=\"og:image\" content=\"https:\/\/www.smedemokrati.sk\/wp-content\/uploads\/2024\/09\/pellegrini-priroda-e1726781562814.jpg\" \/>\n\t<meta property=\"og:image:width\" content=\"2048\" \/>\n\t<meta property=\"og:image:height\" content=\"1491\" \/>\n\t<meta property=\"og:image:type\" content=\"image\/jpeg\" \/>\n<meta name=\"author\" content=\"miro.sopko\" \/>\n<meta name=\"twitter:card\" content=\"summary_large_image\" \/>\n<meta name=\"twitter:label1\" content=\"Written by\" \/>\n\t<meta name=\"twitter:data1\" content=\"miro.sopko\" \/>\n\t<meta name=\"twitter:label2\" content=\"Est. reading time\" \/>\n\t<meta name=\"twitter:data2\" content=\"2 minutes\" \/>\n<script type=\"application\/ld+json\" class=\"yoast-schema-graph\">{\"@context\":\"https:\/\/schema.org\",\"@graph\":[{\"@type\":\"Article\",\"@id\":\"https:\/\/www.smedemokrati.sk\/ziadame-prezidenta-pellegriniho-o-vetovanie-skodlivej-novely-zakona-o-ochrane-prirody-a-krajiny\/#article\",\"isPartOf\":{\"@id\":\"https:\/\/www.smedemokrati.sk\/ziadame-prezidenta-pellegriniho-o-vetovanie-skodlivej-novely-zakona-o-ochrane-prirody-a-krajiny\/\"},\"author\":{\"name\":\"miro.sopko\",\"@id\":\"https:\/\/www.smedemokrati.sk\/#\/schema\/person\/21f147c88d605aa7ded900e1e7c344ba\"},\"headline\":\"\u017diadame prezidenta Pellegriniho o vetovanie \u0161kodlivej novely z\u00e1kona o ochrane pr\u00edrody a\u00a0krajiny\",\"datePublished\":\"2024-11-07T20:34:00+00:00\",\"dateModified\":\"2024-11-19T12:24:29+00:00\",\"mainEntityOfPage\":{\"@id\":\"https:\/\/www.smedemokrati.sk\/ziadame-prezidenta-pellegriniho-o-vetovanie-skodlivej-novely-zakona-o-ochrane-prirody-a-krajiny\/\"},\"wordCount\":370,\"publisher\":{\"@id\":\"https:\/\/www.smedemokrati.sk\/#organization\"},\"image\":{\"@id\":\"https:\/\/www.smedemokrati.sk\/ziadame-prezidenta-pellegriniho-o-vetovanie-skodlivej-novely-zakona-o-ochrane-prirody-a-krajiny\/#primaryimage\"},\"thumbnailUrl\":\"https:\/\/www.smedemokrati.sk\/wp-content\/uploads\/2024\/09\/pellegrini-priroda-e1726781562814.jpg\",\"articleSection\":[\"Tla\u010dov\u00e9 spr\u00e1vy\"],\"inLanguage\":\"en-US\"},{\"@type\":\"WebPage\",\"@id\":\"https:\/\/www.smedemokrati.sk\/ziadame-prezidenta-pellegriniho-o-vetovanie-skodlivej-novely-zakona-o-ochrane-prirody-a-krajiny\/\",\"url\":\"https:\/\/www.smedemokrati.sk\/ziadame-prezidenta-pellegriniho-o-vetovanie-skodlivej-novely-zakona-o-ochrane-prirody-a-krajiny\/\",\"name\":\"\u017diadame prezidenta Pellegriniho o vetovanie \u0161kodlivej novely z\u00e1kona o ochrane pr\u00edrody a\u00a0krajiny\",\"isPartOf\":{\"@id\":\"https:\/\/www.smedemokrati.sk\/#website\"},\"primaryImageOfPage\":{\"@id\":\"https:\/\/www.smedemokrati.sk\/ziadame-prezidenta-pellegriniho-o-vetovanie-skodlivej-novely-zakona-o-ochrane-prirody-a-krajiny\/#primaryimage\"},\"image\":{\"@id\":\"https:\/\/www.smedemokrati.sk\/ziadame-prezidenta-pellegriniho-o-vetovanie-skodlivej-novely-zakona-o-ochrane-prirody-a-krajiny\/#primaryimage\"},\"thumbnailUrl\":\"https:\/\/www.smedemokrati.sk\/wp-content\/uploads\/2024\/09\/pellegrini-priroda-e1726781562814.jpg\",\"datePublished\":\"2024-11-07T20:34:00+00:00\",\"dateModified\":\"2024-11-19T12:24:29+00:00\",\"breadcrumb\":{\"@id\":\"https:\/\/www.smedemokrati.sk\/ziadame-prezidenta-pellegriniho-o-vetovanie-skodlivej-novely-zakona-o-ochrane-prirody-a-krajiny\/#breadcrumb\"},\"inLanguage\":\"en-US\",\"potentialAction\":[{\"@type\":\"ReadAction\",\"target\":[\"https:\/\/www.smedemokrati.sk\/ziadame-prezidenta-pellegriniho-o-vetovanie-skodlivej-novely-zakona-o-ochrane-prirody-a-krajiny\/\"]}]},{\"@type\":\"ImageObject\",\"inLanguage\":\"en-US\",\"@id\":\"https:\/\/www.smedemokrati.sk\/ziadame-prezidenta-pellegriniho-o-vetovanie-skodlivej-novely-zakona-o-ochrane-prirody-a-krajiny\/#primaryimage\",\"url\":\"https:\/\/www.smedemokrati.sk\/wp-content\/uploads\/2024\/09\/pellegrini-priroda-e1726781562814.jpg\",\"contentUrl\":\"https:\/\/www.smedemokrati.sk\/wp-content\/uploads\/2024\/09\/pellegrini-priroda-e1726781562814.jpg\",\"width\":2048,\"height\":1491},{\"@type\":\"BreadcrumbList\",\"@id\":\"https:\/\/www.smedemokrati.sk\/ziadame-prezidenta-pellegriniho-o-vetovanie-skodlivej-novely-zakona-o-ochrane-prirody-a-krajiny\/#breadcrumb\",\"itemListElement\":[{\"@type\":\"ListItem\",\"position\":1,\"name\":\"Domovsk\u00e1 str\u00e1nka\",\"item\":\"https:\/\/www.smedemokrati.sk\/\"},{\"@type\":\"ListItem\",\"position\":2,\"name\":\"\u017diadame prezidenta Pellegriniho o vetovanie \u0161kodlivej novely z\u00e1kona o ochrane pr\u00edrody a\u00a0krajiny\"}]},{\"@type\":\"WebSite\",\"@id\":\"https:\/\/www.smedemokrati.sk\/#website\",\"url\":\"https:\/\/www.smedemokrati.sk\/\",\"name\":\"Smedemokrati.sk\",\"description\":\"Demokracia a slu\u0161nos\u0165 zv\u00ed\u0165az\u00ed\",\"publisher\":{\"@id\":\"https:\/\/www.smedemokrati.sk\/#organization\"},\"potentialAction\":[{\"@type\":\"SearchAction\",\"target\":{\"@type\":\"EntryPoint\",\"urlTemplate\":\"https:\/\/www.smedemokrati.sk\/?s={search_term_string}\"},\"query-input\":{\"@type\":\"PropertyValueSpecification\",\"valueRequired\":true,\"valueName\":\"search_term_string\"}}],\"inLanguage\":\"en-US\"},{\"@type\":\"Organization\",\"@id\":\"https:\/\/www.smedemokrati.sk\/#organization\",\"name\":\"Smedemokrati.sk\",\"url\":\"https:\/\/www.smedemokrati.sk\/\",\"logo\":{\"@type\":\"ImageObject\",\"inLanguage\":\"en-US\",\"@id\":\"https:\/\/www.smedemokrati.sk\/#\/schema\/logo\/image\/\",\"url\":\"https:\/\/www.smedemokrati.sk\/wp-content\/uploads\/2023\/04\/ff.002.jpeg\",\"contentUrl\":\"https:\/\/www.smedemokrati.sk\/wp-content\/uploads\/2023\/04\/ff.002.jpeg\",\"width\":640,\"height\":480,\"caption\":\"Smedemokrati.sk\"},\"image\":{\"@id\":\"https:\/\/www.smedemokrati.sk\/#\/schema\/logo\/image\/\"},\"sameAs\":[\"https:\/\/www.facebook.com\/smedemokrati2023\"]},{\"@type\":\"Person\",\"@id\":\"https:\/\/www.smedemokrati.sk\/#\/schema\/person\/21f147c88d605aa7ded900e1e7c344ba\",\"name\":\"miro.sopko\",\"image\":{\"@type\":\"ImageObject\",\"inLanguage\":\"en-US\",\"@id\":\"https:\/\/secure.gravatar.com\/avatar\/267e4a36f704376c109afe3a78740c1f5dd8675a2180a908699e7863c9247606?s=96&d=mm&r=g\",\"url\":\"https:\/\/secure.gravatar.com\/avatar\/267e4a36f704376c109afe3a78740c1f5dd8675a2180a908699e7863c9247606?s=96&d=mm&r=g\",\"contentUrl\":\"https:\/\/secure.gravatar.com\/avatar\/267e4a36f704376c109afe3a78740c1f5dd8675a2180a908699e7863c9247606?s=96&d=mm&r=g\",\"caption\":\"miro.sopko\"},\"url\":\"https:\/\/www.smedemokrati.sk\/en\/author\/miro-sopko\/\"}]}<\/script>\n<!-- \/ Yoast SEO plugin. -->","yoast_head_json":{"title":"\u017diadame prezidenta Pellegriniho o vetovanie \u0161kodlivej novely z\u00e1kona o ochrane pr\u00edrody a\u00a0krajiny","robots":{"index":"index","follow":"follow","max-snippet":"max-snippet:-1","max-image-preview":"max-image-preview:large","max-video-preview":"max-video-preview:-1"},"canonical":"https:\/\/www.smedemokrati.sk\/en\/ziadame-prezidenta-pellegriniho-o-vetovanie-skodlivej-novely-zakona-o-ochrane-prirody-a-krajiny\/","og_locale":"en_US","og_type":"article","og_title":"[:sk]\u017diadame prezidenta Pellegriniho o vetovanie \u0161kodlivej novely z\u00e1kona o ochrane pr\u00edrody a\u00a0krajiny[:] - Smedemokrati.sk","og_description":"Strana Demokrati \u017eiada prezidenta Petra Pellegriniho o vetovanie schv\u00e1lenej novely z\u00e1kona o ochrane pr\u00edrody a krajiny, ktor\u00fa dnes schv\u00e1lil parlament. Tak nebezpe\u010dn\u00fd n\u00e1vrh z\u00e1kona v oblasti ochrany pr\u00edrody z parlamentu v modernej hist\u00f3rii Slovenska e\u0161te nikdy nevy\u0161iel. Legislat\u00edvna \u00faprava z dielne SNS de facto paralyzuje str\u00e1\u017e pr\u00edrody, zav\u00e1dza amnestiu pre neleg\u00e1lne jazdy \u0161t\u00e1tneho tajomn\u00edka Filipa [&hellip;]","og_url":"https:\/\/www.smedemokrati.sk\/en\/ziadame-prezidenta-pellegriniho-o-vetovanie-skodlivej-novely-zakona-o-ochrane-prirody-a-krajiny\/","og_site_name":"Smedemokrati.sk","article_publisher":"https:\/\/www.facebook.com\/smedemokrati2023","article_published_time":"2024-11-07T20:34:00+00:00","article_modified_time":"2024-11-19T12:24:29+00:00","og_image":[{"width":2048,"height":1491,"url":"https:\/\/www.smedemokrati.sk\/wp-content\/uploads\/2024\/09\/pellegrini-priroda-e1726781562814.jpg","type":"image\/jpeg"}],"author":"miro.sopko","twitter_card":"summary_large_image","twitter_misc":{"Written by":"miro.sopko","Est. reading time":"2 minutes"},"schema":{"@context":"https:\/\/schema.org","@graph":[{"@type":"Article","@id":"https:\/\/www.smedemokrati.sk\/ziadame-prezidenta-pellegriniho-o-vetovanie-skodlivej-novely-zakona-o-ochrane-prirody-a-krajiny\/#article","isPartOf":{"@id":"https:\/\/www.smedemokrati.sk\/ziadame-prezidenta-pellegriniho-o-vetovanie-skodlivej-novely-zakona-o-ochrane-prirody-a-krajiny\/"},"author":{"name":"miro.sopko","@id":"https:\/\/www.smedemokrati.sk\/#\/schema\/person\/21f147c88d605aa7ded900e1e7c344ba"},"headline":"\u017diadame prezidenta Pellegriniho o vetovanie \u0161kodlivej novely z\u00e1kona o ochrane pr\u00edrody a\u00a0krajiny","datePublished":"2024-11-07T20:34:00+00:00","dateModified":"2024-11-19T12:24:29+00:00","mainEntityOfPage":{"@id":"https:\/\/www.smedemokrati.sk\/ziadame-prezidenta-pellegriniho-o-vetovanie-skodlivej-novely-zakona-o-ochrane-prirody-a-krajiny\/"},"wordCount":370,"publisher":{"@id":"https:\/\/www.smedemokrati.sk\/#organization"},"image":{"@id":"https:\/\/www.smedemokrati.sk\/ziadame-prezidenta-pellegriniho-o-vetovanie-skodlivej-novely-zakona-o-ochrane-prirody-a-krajiny\/#primaryimage"},"thumbnailUrl":"https:\/\/www.smedemokrati.sk\/wp-content\/uploads\/2024\/09\/pellegrini-priroda-e1726781562814.jpg","articleSection":["Tla\u010dov\u00e9 spr\u00e1vy"],"inLanguage":"en-US"},{"@type":"WebPage","@id":"https:\/\/www.smedemokrati.sk\/ziadame-prezidenta-pellegriniho-o-vetovanie-skodlivej-novely-zakona-o-ochrane-prirody-a-krajiny\/","url":"https:\/\/www.smedemokrati.sk\/ziadame-prezidenta-pellegriniho-o-vetovanie-skodlivej-novely-zakona-o-ochrane-prirody-a-krajiny\/","name":"\u017diadame prezidenta Pellegriniho o vetovanie \u0161kodlivej novely z\u00e1kona o ochrane pr\u00edrody a\u00a0krajiny","isPartOf":{"@id":"https:\/\/www.smedemokrati.sk\/#website"},"primaryImageOfPage":{"@id":"https:\/\/www.smedemokrati.sk\/ziadame-prezidenta-pellegriniho-o-vetovanie-skodlivej-novely-zakona-o-ochrane-prirody-a-krajiny\/#primaryimage"},"image":{"@id":"https:\/\/www.smedemokrati.sk\/ziadame-prezidenta-pellegriniho-o-vetovanie-skodlivej-novely-zakona-o-ochrane-prirody-a-krajiny\/#primaryimage"},"thumbnailUrl":"https:\/\/www.smedemokrati.sk\/wp-content\/uploads\/2024\/09\/pellegrini-priroda-e1726781562814.jpg","datePublished":"2024-11-07T20:34:00+00:00","dateModified":"2024-11-19T12:24:29+00:00","breadcrumb":{"@id":"https:\/\/www.smedemokrati.sk\/ziadame-prezidenta-pellegriniho-o-vetovanie-skodlivej-novely-zakona-o-ochrane-prirody-a-krajiny\/#breadcrumb"},"inLanguage":"en-US","potentialAction":[{"@type":"ReadAction","target":["https:\/\/www.smedemokrati.sk\/ziadame-prezidenta-pellegriniho-o-vetovanie-skodlivej-novely-zakona-o-ochrane-prirody-a-krajiny\/"]}]},{"@type":"ImageObject","inLanguage":"en-US","@id":"https:\/\/www.smedemokrati.sk\/ziadame-prezidenta-pellegriniho-o-vetovanie-skodlivej-novely-zakona-o-ochrane-prirody-a-krajiny\/#primaryimage","url":"https:\/\/www.smedemokrati.sk\/wp-content\/uploads\/2024\/09\/pellegrini-priroda-e1726781562814.jpg","contentUrl":"https:\/\/www.smedemokrati.sk\/wp-content\/uploads\/2024\/09\/pellegrini-priroda-e1726781562814.jpg","width":2048,"height":1491},{"@type":"BreadcrumbList","@id":"https:\/\/www.smedemokrati.sk\/ziadame-prezidenta-pellegriniho-o-vetovanie-skodlivej-novely-zakona-o-ochrane-prirody-a-krajiny\/#breadcrumb","itemListElement":[{"@type":"ListItem","position":1,"name":"Domovsk\u00e1 str\u00e1nka","item":"https:\/\/www.smedemokrati.sk\/"},{"@type":"ListItem","position":2,"name":"\u017diadame prezidenta Pellegriniho o vetovanie \u0161kodlivej novely z\u00e1kona o ochrane pr\u00edrody a\u00a0krajiny"}]},{"@type":"WebSite","@id":"https:\/\/www.smedemokrati.sk\/#website","url":"https:\/\/www.smedemokrati.sk\/","name":"Smedemokrati.sk","description":"Demokracia a slu\u0161nos\u0165 zv\u00ed\u0165az\u00ed","publisher":{"@id":"https:\/\/www.smedemokrati.sk\/#organization"},"potentialAction":[{"@type":"SearchAction","target":{"@type":"EntryPoint","urlTemplate":"https:\/\/www.smedemokrati.sk\/?s={search_term_string}"},"query-input":{"@type":"PropertyValueSpecification","valueRequired":true,"valueName":"search_term_string"}}],"inLanguage":"en-US"},{"@type":"Organization","@id":"https:\/\/www.smedemokrati.sk\/#organization","name":"Smedemokrati.sk","url":"https:\/\/www.smedemokrati.sk\/","logo":{"@type":"ImageObject","inLanguage":"en-US","@id":"https:\/\/www.smedemokrati.sk\/#\/schema\/logo\/image\/","url":"https:\/\/www.smedemokrati.sk\/wp-content\/uploads\/2023\/04\/ff.002.jpeg","contentUrl":"https:\/\/www.smedemokrati.sk\/wp-content\/uploads\/2023\/04\/ff.002.jpeg","width":640,"height":480,"caption":"Smedemokrati.sk"},"image":{"@id":"https:\/\/www.smedemokrati.sk\/#\/schema\/logo\/image\/"},"sameAs":["https:\/\/www.facebook.com\/smedemokrati2023"]},{"@type":"Person","@id":"https:\/\/www.smedemokrati.sk\/#\/schema\/person\/21f147c88d605aa7ded900e1e7c344ba","name":"miro.sopko","image":{"@type":"ImageObject","inLanguage":"en-US","@id":"https:\/\/secure.gravatar.com\/avatar\/267e4a36f704376c109afe3a78740c1f5dd8675a2180a908699e7863c9247606?s=96&d=mm&r=g","url":"https:\/\/secure.gravatar.com\/avatar\/267e4a36f704376c109afe3a78740c1f5dd8675a2180a908699e7863c9247606?s=96&d=mm&r=g","contentUrl":"https:\/\/secure.gravatar.com\/avatar\/267e4a36f704376c109afe3a78740c1f5dd8675a2180a908699e7863c9247606?s=96&d=mm&r=g","caption":"miro.sopko"},"url":"https:\/\/www.smedemokrati.sk\/en\/author\/miro-sopko\/"}]}},"_links":{"self":[{"href":"https:\/\/www.smedemokrati.sk\/en\/wp-json\/wp\/v2\/posts\/5481","targetHints":{"allow":["GET"]}}],"collection":[{"href":"https:\/\/www.smedemokrati.sk\/en\/wp-json\/wp\/v2\/posts"}],"about":[{"href":"https:\/\/www.smedemokrati.sk\/en\/wp-json\/wp\/v2\/types\/post"}],"author":[{"embeddable":true,"href":"https:\/\/www.smedemokrati.sk\/en\/wp-json\/wp\/v2\/users\/13"}],"replies":[{"embeddable":true,"href":"https:\/\/www.smedemokrati.sk\/en\/wp-json\/wp\/v2\/comments?post=5481"}],"version-history":[{"count":1,"href":"https:\/\/www.smedemokrati.sk\/en\/wp-json\/wp\/v2\/posts\/5481\/revisions"}],"predecessor-version":[{"id":5482,"href":"https:\/\/www.smedemokrati.sk\/en\/wp-json\/wp\/v2\/posts\/5481\/revisions\/5482"}],"wp:featuredmedia":[{"embeddable":true,"href":"https:\/\/www.smedemokrati.sk\/en\/wp-json\/wp\/v2\/media\/5171"}],"wp:attachment":[{"href":"https:\/\/www.smedemokrati.sk\/en\/wp-json\/wp\/v2\/media?parent=5481"}],"wp:term":[{"taxonomy":"category","embeddable":true,"href":"https:\/\/www.smedemokrati.sk\/en\/wp-json\/wp\/v2\/categories?post=5481"},{"taxonomy":"post_tag","embeddable":true,"href":"https:\/\/www.smedemokrati.sk\/en\/wp-json\/wp\/v2\/tags?post=5481"}],"curies":[{"name":"wp","href":"https:\/\/api.w.org\/{rel}","templated":true}]}}