{"id":5478,"date":"2024-11-07T18:41:05","date_gmt":"2024-11-07T17:41:05","guid":{"rendered":"https:\/\/www.smedemokrati.sk\/?p=5478"},"modified":"2024-11-19T13:24:24","modified_gmt":"2024-11-19T12:24:24","slug":"gp-musi-preskumat-vystavbu-pristavu-v-bratislave-ktoremu-moze-padnut-za-obet-az-100-tisic-stromov-v-dunajskych-luhoch","status":"publish","type":"post","link":"https:\/\/www.smedemokrati.sk\/en\/gp-musi-preskumat-vystavbu-pristavu-v-bratislave-ktoremu-moze-padnut-za-obet-az-100-tisic-stromov-v-dunajskych-luhoch\/","title":{"rendered":"GP mus\u00ed presk\u00fama\u0165 v\u00fdstavbu pr\u00edstavu v Bratislave, ktor\u00e9mu m\u00f4\u017ee padn\u00fa\u0165 za obe\u0165 a\u017e 100 tis\u00edc stromov v Dunajsk\u00fdch luhoch"},"content":{"rendered":"<div id=\"fb-root\"><\/div>\n\n<p><strong>Environment\u00e1lny expert strany Demokrati Michal Ki\u010da podal podnet Gener\u00e1lnej prokurat\u00fare SR proti rozhodnutiu \u00daradu pre \u00fazemn\u00e9 pl\u00e1novanie a v\u00fdstavbu SR vo veci zam\u00fd\u0161\u013ean\u00e9ho pr\u00edstavu vo Vl\u010dom hrdle pri Bratislave. Nap\u00e1da nez\u00e1konnos\u0165 rozhodnutia, ktor\u00fdm \u00farad zamietol snahu Mesta Bratislava v \u00fazemnom pl\u00e1ne vy\u010dleni\u0165 t\u00fato lokalitu na \u00fa\u010dely ochrannej zelene a rekre\u00e1cie.<\/strong><\/p>\n\n\n\n<p>Na nezmyseln\u00fd developersk\u00fd projekt nov\u00e9ho pr\u00edstavu vo Vl\u010dom hrdle upozor\u0148uj\u00fa Demokrati u\u017e dlhodobo. \u201e<em>Som presved\u010den\u00fd, \u017ee \u00farad pre \u00fazemn\u00e9 pl\u00e1novanie a v\u00fdstavbu mohol flagrantne poru\u0161i\u0165 z\u00e1kon, ke\u010f znemo\u017enil hlavn\u00e9mu mestu vy\u010dleni\u0165 toto \u00fazemie v \u00fazemnom pl\u00e1ne ako ochrann\u00fa a krajinn\u00fa zele\u0148 a lesy. Rozhodnutie \u00faradu ignorovalo aj stanovisko ministerstva \u017eivotn\u00e9ho prostredia, ochranu mokrad\u00ed v zmysle medzin\u00e1rodn\u00fdch dohovorov a potreby obyvate\u013eov Bratislavy. V podnete namietam, \u017ee pri jeho vydan\u00ed mohol by\u0165 poru\u0161en\u00fd aj spr\u00e1vny poriadok, ke\u010f\u017ee je nedostato\u010dne zd\u00f4vodnen\u00e9 a d\u00e1va n\u00edm developerovi zelen\u00fa na v\u00fdstavbu,<\/em>\u201d upozor\u0148uje Michal Ki\u010da.<\/p>\n\n\n\n<p>\u201e<em>Mo\u017eno a\u017e 100 000 stromov a 90 hekt\u00e1rov unik\u00e1tnych lu\u017en\u00fdch lesov v Bratislave m\u00f4\u017ee padn\u00fa\u0165 za obe\u0165 v\u00fdstavbe nov\u00e9ho developersk\u00e9ho z\u00e1meru pr\u00edstavu vo Vl\u010dom hrdle. Z\u00e1meru, s ktor\u00fdm e\u0161te pred vo\u013ebami SMER-SSD nes\u00fahlasil, no dnes investorovi d\u00e1vaj\u00fa v podstate vo\u013en\u00e9 ruky na to, aby svoj projekt spustil. V\u0161etko za podpory ministra R\u00e1\u017ea zo SMER-SSD,<\/em>\u201d dop\u013a\u0148a Michal Ki\u010da.<\/p>\n\n\n\n<p>Podnet doru\u010duj\u00fa Demokrati aj na vedomie aj prim\u00e1torovi hlavn\u00e9ho mesta Mat\u00fa\u0161ovi Vallovi a jeho t\u00edmu, ke\u010f\u017ee o\u010dak\u00e1vaj\u00fa, \u017ee investor sa na hlavn\u00e9 mesto m\u00f4\u017ee \u010doskoro obr\u00e1ti\u0165 so \u017eiados\u0165ou o \u010fal\u0161ie povolenia. \u201e<em>Doteraz malo mesto kv\u00f4li rozhodnutiu \u00faradu pre \u00fazemn\u00e9 pl\u00e1novanie zviazan\u00e9 ruky, no protest prokur\u00e1tora to m\u00f4\u017ee zvr\u00e1ti\u0165. Podporujeme hlavn\u00e9 mesto v snahe ochr\u00e1ni\u0165 toto \u00fazemie a zabr\u00e1ni\u0165 nezmyselnej v\u00fdstavbe, ktor\u00e1 mas\u00edvnym v\u00fdrubom odstr\u00e1ni ochranu pre Bratislav\u010danov v podobe takmer 100 000 stromov pred d\u00f4sledkami klimatickej kr\u00edzy a v\u00fdparmi z miestnej rafin\u00e9rie. Ot\u00e1zka nesmie st\u00e1\u0165, \u010di chceme zele\u0148 alebo modern\u00e9 mesto, preto\u017ee jedno sa s druh\u00fdm nevylu\u010duje. No verejn\u00fd z\u00e1ujem nesmie ust\u00fapi\u0165 v\u00edzi\u00e1m jedn\u00e9ho developera,<\/em>&#8221; uzatv\u00e1ra Michal Ki\u010da.<\/p>\n\n\n<div class=\"fb-video\" data-href=\"https:\/\/www.facebook.com\/reel\/1151045513051594\" data-allowfullscreen=\"true\" data-autoplay=\"false\" data-width=\"\" data-show-text=\"false\" data-show-captions=\"true\"><\/div>\n","protected":false},"excerpt":{"rendered":"<p>Environment\u00e1lny expert strany Demokrati Michal Ki\u010da podal podnet Gener\u00e1lnej prokurat\u00fare SR proti rozhodnutiu \u00daradu pre \u00fazemn\u00e9 pl\u00e1novanie a v\u00fdstavbu SR vo veci zam\u00fd\u0161\u013ean\u00e9ho pr\u00edstavu vo Vl\u010dom hrdle pri Bratislave. Nap\u00e1da nez\u00e1konnos\u0165 rozhodnutia, ktor\u00fdm \u00farad zamietol snahu Mesta Bratislava v \u00fazemnom pl\u00e1ne vy\u010dleni\u0165 t\u00fato lokalitu na \u00fa\u010dely ochrannej zelene a rekre\u00e1cie. Na nezmyseln\u00fd developersk\u00fd projekt nov\u00e9ho [&hellip;]<\/p>\n","protected":false},"author":13,"featured_media":5479,"comment_status":"closed","ping_status":"closed","sticky":false,"template":"","format":"standard","meta":{"_acf_changed":false,"ngg_post_thumbnail":0,"footnotes":""},"categories":[4],"tags":[],"class_list":["post-5478","post","type-post","status-publish","format-standard","has-post-thumbnail","hentry","category-tlacove-spravy"],"acf":[],"yoast_head":"<!-- This site is optimized with the Yoast SEO plugin v27.2 - https:\/\/yoast.com\/product\/yoast-seo-wordpress\/ -->\n<title>GP mus\u00ed presk\u00fama\u0165 v\u00fdstavbu pr\u00edstavu v Bratislave, ktor\u00e9mu m\u00f4\u017ee padn\u00fa\u0165 za obe\u0165 a\u017e 100 tis\u00edc stromov v Dunajsk\u00fdch luhoch<\/title>\n<meta name=\"robots\" content=\"index, follow, max-snippet:-1, max-image-preview:large, max-video-preview:-1\" \/>\n<link rel=\"canonical\" href=\"https:\/\/www.smedemokrati.sk\/en\/gp-musi-preskumat-vystavbu-pristavu-v-bratislave-ktoremu-moze-padnut-za-obet-az-100-tisic-stromov-v-dunajskych-luhoch\/\" \/>\n<meta property=\"og:locale\" content=\"en_US\" \/>\n<meta property=\"og:locale:alternate\" content=\"cs_CZ\" \/>\n<meta property=\"og:locale:alternate\" content=\"hu_HU\" \/>\n<meta property=\"og:locale:alternate\" content=\"sk_SK\" \/>\n<meta property=\"og:locale:alternate\" content=\"sv_SE\" \/>\n<meta property=\"og:type\" content=\"article\" \/>\n<meta property=\"og:title\" content=\"GP mus\u00ed presk\u00fama\u0165 v\u00fdstavbu pr\u00edstavu v Bratislave, ktor\u00e9mu m\u00f4\u017ee padn\u00fa\u0165 za obe\u0165 a\u017e 100 tis\u00edc stromov v Dunajsk\u00fdch luhoch\" \/>\n<meta property=\"og:description\" content=\"Environment\u00e1lny expert strany Demokrati Michal Ki\u010da podal podnet Gener\u00e1lnej prokurat\u00fare SR proti rozhodnutiu \u00daradu pre \u00fazemn\u00e9 pl\u00e1novanie a v\u00fdstavbu SR vo veci zam\u00fd\u0161\u013ean\u00e9ho pr\u00edstavu vo Vl\u010dom hrdle pri Bratislave. Nap\u00e1da nez\u00e1konnos\u0165 rozhodnutia, ktor\u00fdm \u00farad zamietol snahu Mesta Bratislava v \u00fazemnom pl\u00e1ne vy\u010dleni\u0165 t\u00fato lokalitu na \u00fa\u010dely ochrannej zelene a rekre\u00e1cie. Na nezmyseln\u00fd developersk\u00fd projekt nov\u00e9ho [&hellip;]\" \/>\n<meta property=\"og:url\" content=\"https:\/\/www.smedemokrati.sk\/en\/gp-musi-preskumat-vystavbu-pristavu-v-bratislave-ktoremu-moze-padnut-za-obet-az-100-tisic-stromov-v-dunajskych-luhoch\/\" \/>\n<meta property=\"og:site_name\" content=\"Smedemokrati.sk\" \/>\n<meta property=\"article:publisher\" content=\"https:\/\/www.facebook.com\/smedemokrati2023\" \/>\n<meta property=\"article:published_time\" content=\"2024-11-07T17:41:05+00:00\" \/>\n<meta property=\"article:modified_time\" content=\"2024-11-19T12:24:24+00:00\" \/>\n<meta property=\"og:image\" content=\"https:\/\/www.smedemokrati.sk\/wp-content\/uploads\/2024\/11\/kica-GP.jpg\" \/>\n\t<meta property=\"og:image:width\" content=\"462\" \/>\n\t<meta property=\"og:image:height\" content=\"456\" \/>\n\t<meta property=\"og:image:type\" content=\"image\/jpeg\" \/>\n<meta name=\"author\" content=\"miro.sopko\" \/>\n<meta name=\"twitter:card\" content=\"summary_large_image\" \/>\n<meta name=\"twitter:label1\" content=\"Written by\" \/>\n\t<meta name=\"twitter:data1\" content=\"miro.sopko\" \/>\n\t<meta name=\"twitter:label2\" content=\"Est. reading time\" \/>\n\t<meta name=\"twitter:data2\" content=\"2 minutes\" \/>\n<script type=\"application\/ld+json\" class=\"yoast-schema-graph\">{\"@context\":\"https:\/\/schema.org\",\"@graph\":[{\"@type\":\"Article\",\"@id\":\"https:\/\/www.smedemokrati.sk\/gp-musi-preskumat-vystavbu-pristavu-v-bratislave-ktoremu-moze-padnut-za-obet-az-100-tisic-stromov-v-dunajskych-luhoch\/#article\",\"isPartOf\":{\"@id\":\"https:\/\/www.smedemokrati.sk\/gp-musi-preskumat-vystavbu-pristavu-v-bratislave-ktoremu-moze-padnut-za-obet-az-100-tisic-stromov-v-dunajskych-luhoch\/\"},\"author\":{\"name\":\"miro.sopko\",\"@id\":\"https:\/\/www.smedemokrati.sk\/#\/schema\/person\/21f147c88d605aa7ded900e1e7c344ba\"},\"headline\":\"GP mus\u00ed presk\u00fama\u0165 v\u00fdstavbu pr\u00edstavu v Bratislave, ktor\u00e9mu m\u00f4\u017ee padn\u00fa\u0165 za obe\u0165 a\u017e 100 tis\u00edc stromov v Dunajsk\u00fdch luhoch\",\"datePublished\":\"2024-11-07T17:41:05+00:00\",\"dateModified\":\"2024-11-19T12:24:24+00:00\",\"mainEntityOfPage\":{\"@id\":\"https:\/\/www.smedemokrati.sk\/gp-musi-preskumat-vystavbu-pristavu-v-bratislave-ktoremu-moze-padnut-za-obet-az-100-tisic-stromov-v-dunajskych-luhoch\/\"},\"wordCount\":440,\"publisher\":{\"@id\":\"https:\/\/www.smedemokrati.sk\/#organization\"},\"image\":{\"@id\":\"https:\/\/www.smedemokrati.sk\/gp-musi-preskumat-vystavbu-pristavu-v-bratislave-ktoremu-moze-padnut-za-obet-az-100-tisic-stromov-v-dunajskych-luhoch\/#primaryimage\"},\"thumbnailUrl\":\"https:\/\/www.smedemokrati.sk\/wp-content\/uploads\/2024\/11\/kica-GP.jpg\",\"articleSection\":[\"Tla\u010dov\u00e9 spr\u00e1vy\"],\"inLanguage\":\"en-US\"},{\"@type\":\"WebPage\",\"@id\":\"https:\/\/www.smedemokrati.sk\/gp-musi-preskumat-vystavbu-pristavu-v-bratislave-ktoremu-moze-padnut-za-obet-az-100-tisic-stromov-v-dunajskych-luhoch\/\",\"url\":\"https:\/\/www.smedemokrati.sk\/gp-musi-preskumat-vystavbu-pristavu-v-bratislave-ktoremu-moze-padnut-za-obet-az-100-tisic-stromov-v-dunajskych-luhoch\/\",\"name\":\"GP mus\u00ed presk\u00fama\u0165 v\u00fdstavbu pr\u00edstavu v Bratislave, ktor\u00e9mu m\u00f4\u017ee padn\u00fa\u0165 za obe\u0165 a\u017e 100 tis\u00edc stromov v Dunajsk\u00fdch luhoch\",\"isPartOf\":{\"@id\":\"https:\/\/www.smedemokrati.sk\/#website\"},\"primaryImageOfPage\":{\"@id\":\"https:\/\/www.smedemokrati.sk\/gp-musi-preskumat-vystavbu-pristavu-v-bratislave-ktoremu-moze-padnut-za-obet-az-100-tisic-stromov-v-dunajskych-luhoch\/#primaryimage\"},\"image\":{\"@id\":\"https:\/\/www.smedemokrati.sk\/gp-musi-preskumat-vystavbu-pristavu-v-bratislave-ktoremu-moze-padnut-za-obet-az-100-tisic-stromov-v-dunajskych-luhoch\/#primaryimage\"},\"thumbnailUrl\":\"https:\/\/www.smedemokrati.sk\/wp-content\/uploads\/2024\/11\/kica-GP.jpg\",\"datePublished\":\"2024-11-07T17:41:05+00:00\",\"dateModified\":\"2024-11-19T12:24:24+00:00\",\"breadcrumb\":{\"@id\":\"https:\/\/www.smedemokrati.sk\/gp-musi-preskumat-vystavbu-pristavu-v-bratislave-ktoremu-moze-padnut-za-obet-az-100-tisic-stromov-v-dunajskych-luhoch\/#breadcrumb\"},\"inLanguage\":\"en-US\",\"potentialAction\":[{\"@type\":\"ReadAction\",\"target\":[\"https:\/\/www.smedemokrati.sk\/gp-musi-preskumat-vystavbu-pristavu-v-bratislave-ktoremu-moze-padnut-za-obet-az-100-tisic-stromov-v-dunajskych-luhoch\/\"]}]},{\"@type\":\"ImageObject\",\"inLanguage\":\"en-US\",\"@id\":\"https:\/\/www.smedemokrati.sk\/gp-musi-preskumat-vystavbu-pristavu-v-bratislave-ktoremu-moze-padnut-za-obet-az-100-tisic-stromov-v-dunajskych-luhoch\/#primaryimage\",\"url\":\"https:\/\/www.smedemokrati.sk\/wp-content\/uploads\/2024\/11\/kica-GP.jpg\",\"contentUrl\":\"https:\/\/www.smedemokrati.sk\/wp-content\/uploads\/2024\/11\/kica-GP.jpg\",\"width\":462,\"height\":456},{\"@type\":\"BreadcrumbList\",\"@id\":\"https:\/\/www.smedemokrati.sk\/gp-musi-preskumat-vystavbu-pristavu-v-bratislave-ktoremu-moze-padnut-za-obet-az-100-tisic-stromov-v-dunajskych-luhoch\/#breadcrumb\",\"itemListElement\":[{\"@type\":\"ListItem\",\"position\":1,\"name\":\"Domovsk\u00e1 str\u00e1nka\",\"item\":\"https:\/\/www.smedemokrati.sk\/\"},{\"@type\":\"ListItem\",\"position\":2,\"name\":\"GP mus\u00ed presk\u00fama\u0165 v\u00fdstavbu pr\u00edstavu v Bratislave, ktor\u00e9mu m\u00f4\u017ee padn\u00fa\u0165 za obe\u0165 a\u017e 100 tis\u00edc stromov v Dunajsk\u00fdch luhoch\"}]},{\"@type\":\"WebSite\",\"@id\":\"https:\/\/www.smedemokrati.sk\/#website\",\"url\":\"https:\/\/www.smedemokrati.sk\/\",\"name\":\"Smedemokrati.sk\",\"description\":\"Demokracia a slu\u0161nos\u0165 zv\u00ed\u0165az\u00ed\",\"publisher\":{\"@id\":\"https:\/\/www.smedemokrati.sk\/#organization\"},\"potentialAction\":[{\"@type\":\"SearchAction\",\"target\":{\"@type\":\"EntryPoint\",\"urlTemplate\":\"https:\/\/www.smedemokrati.sk\/?s={search_term_string}\"},\"query-input\":{\"@type\":\"PropertyValueSpecification\",\"valueRequired\":true,\"valueName\":\"search_term_string\"}}],\"inLanguage\":\"en-US\"},{\"@type\":\"Organization\",\"@id\":\"https:\/\/www.smedemokrati.sk\/#organization\",\"name\":\"Smedemokrati.sk\",\"url\":\"https:\/\/www.smedemokrati.sk\/\",\"logo\":{\"@type\":\"ImageObject\",\"inLanguage\":\"en-US\",\"@id\":\"https:\/\/www.smedemokrati.sk\/#\/schema\/logo\/image\/\",\"url\":\"https:\/\/www.smedemokrati.sk\/wp-content\/uploads\/2023\/04\/ff.002.jpeg\",\"contentUrl\":\"https:\/\/www.smedemokrati.sk\/wp-content\/uploads\/2023\/04\/ff.002.jpeg\",\"width\":640,\"height\":480,\"caption\":\"Smedemokrati.sk\"},\"image\":{\"@id\":\"https:\/\/www.smedemokrati.sk\/#\/schema\/logo\/image\/\"},\"sameAs\":[\"https:\/\/www.facebook.com\/smedemokrati2023\"]},{\"@type\":\"Person\",\"@id\":\"https:\/\/www.smedemokrati.sk\/#\/schema\/person\/21f147c88d605aa7ded900e1e7c344ba\",\"name\":\"miro.sopko\",\"image\":{\"@type\":\"ImageObject\",\"inLanguage\":\"en-US\",\"@id\":\"https:\/\/secure.gravatar.com\/avatar\/267e4a36f704376c109afe3a78740c1f5dd8675a2180a908699e7863c9247606?s=96&d=mm&r=g\",\"url\":\"https:\/\/secure.gravatar.com\/avatar\/267e4a36f704376c109afe3a78740c1f5dd8675a2180a908699e7863c9247606?s=96&d=mm&r=g\",\"contentUrl\":\"https:\/\/secure.gravatar.com\/avatar\/267e4a36f704376c109afe3a78740c1f5dd8675a2180a908699e7863c9247606?s=96&d=mm&r=g\",\"caption\":\"miro.sopko\"},\"url\":\"https:\/\/www.smedemokrati.sk\/en\/author\/miro-sopko\/\"}]}<\/script>\n<!-- \/ Yoast SEO plugin. -->","yoast_head_json":{"title":"GP mus\u00ed presk\u00fama\u0165 v\u00fdstavbu pr\u00edstavu v Bratislave, ktor\u00e9mu m\u00f4\u017ee padn\u00fa\u0165 za obe\u0165 a\u017e 100 tis\u00edc stromov v Dunajsk\u00fdch luhoch","robots":{"index":"index","follow":"follow","max-snippet":"max-snippet:-1","max-image-preview":"max-image-preview:large","max-video-preview":"max-video-preview:-1"},"canonical":"https:\/\/www.smedemokrati.sk\/en\/gp-musi-preskumat-vystavbu-pristavu-v-bratislave-ktoremu-moze-padnut-za-obet-az-100-tisic-stromov-v-dunajskych-luhoch\/","og_locale":"en_US","og_type":"article","og_title":"[:sk]GP mus\u00ed presk\u00fama\u0165 v\u00fdstavbu pr\u00edstavu v Bratislave, ktor\u00e9mu m\u00f4\u017ee padn\u00fa\u0165 za obe\u0165 a\u017e 100 tis\u00edc stromov v Dunajsk\u00fdch luhoch[:] - Smedemokrati.sk","og_description":"Environment\u00e1lny expert strany Demokrati Michal Ki\u010da podal podnet Gener\u00e1lnej prokurat\u00fare SR proti rozhodnutiu \u00daradu pre \u00fazemn\u00e9 pl\u00e1novanie a v\u00fdstavbu SR vo veci zam\u00fd\u0161\u013ean\u00e9ho pr\u00edstavu vo Vl\u010dom hrdle pri Bratislave. Nap\u00e1da nez\u00e1konnos\u0165 rozhodnutia, ktor\u00fdm \u00farad zamietol snahu Mesta Bratislava v \u00fazemnom pl\u00e1ne vy\u010dleni\u0165 t\u00fato lokalitu na \u00fa\u010dely ochrannej zelene a rekre\u00e1cie. Na nezmyseln\u00fd developersk\u00fd projekt nov\u00e9ho [&hellip;]","og_url":"https:\/\/www.smedemokrati.sk\/en\/gp-musi-preskumat-vystavbu-pristavu-v-bratislave-ktoremu-moze-padnut-za-obet-az-100-tisic-stromov-v-dunajskych-luhoch\/","og_site_name":"Smedemokrati.sk","article_publisher":"https:\/\/www.facebook.com\/smedemokrati2023","article_published_time":"2024-11-07T17:41:05+00:00","article_modified_time":"2024-11-19T12:24:24+00:00","og_image":[{"width":462,"height":456,"url":"https:\/\/www.smedemokrati.sk\/wp-content\/uploads\/2024\/11\/kica-GP.jpg","type":"image\/jpeg"}],"author":"miro.sopko","twitter_card":"summary_large_image","twitter_misc":{"Written by":"miro.sopko","Est. reading time":"2 minutes"},"schema":{"@context":"https:\/\/schema.org","@graph":[{"@type":"Article","@id":"https:\/\/www.smedemokrati.sk\/gp-musi-preskumat-vystavbu-pristavu-v-bratislave-ktoremu-moze-padnut-za-obet-az-100-tisic-stromov-v-dunajskych-luhoch\/#article","isPartOf":{"@id":"https:\/\/www.smedemokrati.sk\/gp-musi-preskumat-vystavbu-pristavu-v-bratislave-ktoremu-moze-padnut-za-obet-az-100-tisic-stromov-v-dunajskych-luhoch\/"},"author":{"name":"miro.sopko","@id":"https:\/\/www.smedemokrati.sk\/#\/schema\/person\/21f147c88d605aa7ded900e1e7c344ba"},"headline":"GP mus\u00ed presk\u00fama\u0165 v\u00fdstavbu pr\u00edstavu v Bratislave, ktor\u00e9mu m\u00f4\u017ee padn\u00fa\u0165 za obe\u0165 a\u017e 100 tis\u00edc stromov v Dunajsk\u00fdch luhoch","datePublished":"2024-11-07T17:41:05+00:00","dateModified":"2024-11-19T12:24:24+00:00","mainEntityOfPage":{"@id":"https:\/\/www.smedemokrati.sk\/gp-musi-preskumat-vystavbu-pristavu-v-bratislave-ktoremu-moze-padnut-za-obet-az-100-tisic-stromov-v-dunajskych-luhoch\/"},"wordCount":440,"publisher":{"@id":"https:\/\/www.smedemokrati.sk\/#organization"},"image":{"@id":"https:\/\/www.smedemokrati.sk\/gp-musi-preskumat-vystavbu-pristavu-v-bratislave-ktoremu-moze-padnut-za-obet-az-100-tisic-stromov-v-dunajskych-luhoch\/#primaryimage"},"thumbnailUrl":"https:\/\/www.smedemokrati.sk\/wp-content\/uploads\/2024\/11\/kica-GP.jpg","articleSection":["Tla\u010dov\u00e9 spr\u00e1vy"],"inLanguage":"en-US"},{"@type":"WebPage","@id":"https:\/\/www.smedemokrati.sk\/gp-musi-preskumat-vystavbu-pristavu-v-bratislave-ktoremu-moze-padnut-za-obet-az-100-tisic-stromov-v-dunajskych-luhoch\/","url":"https:\/\/www.smedemokrati.sk\/gp-musi-preskumat-vystavbu-pristavu-v-bratislave-ktoremu-moze-padnut-za-obet-az-100-tisic-stromov-v-dunajskych-luhoch\/","name":"GP mus\u00ed presk\u00fama\u0165 v\u00fdstavbu pr\u00edstavu v Bratislave, ktor\u00e9mu m\u00f4\u017ee padn\u00fa\u0165 za obe\u0165 a\u017e 100 tis\u00edc stromov v Dunajsk\u00fdch luhoch","isPartOf":{"@id":"https:\/\/www.smedemokrati.sk\/#website"},"primaryImageOfPage":{"@id":"https:\/\/www.smedemokrati.sk\/gp-musi-preskumat-vystavbu-pristavu-v-bratislave-ktoremu-moze-padnut-za-obet-az-100-tisic-stromov-v-dunajskych-luhoch\/#primaryimage"},"image":{"@id":"https:\/\/www.smedemokrati.sk\/gp-musi-preskumat-vystavbu-pristavu-v-bratislave-ktoremu-moze-padnut-za-obet-az-100-tisic-stromov-v-dunajskych-luhoch\/#primaryimage"},"thumbnailUrl":"https:\/\/www.smedemokrati.sk\/wp-content\/uploads\/2024\/11\/kica-GP.jpg","datePublished":"2024-11-07T17:41:05+00:00","dateModified":"2024-11-19T12:24:24+00:00","breadcrumb":{"@id":"https:\/\/www.smedemokrati.sk\/gp-musi-preskumat-vystavbu-pristavu-v-bratislave-ktoremu-moze-padnut-za-obet-az-100-tisic-stromov-v-dunajskych-luhoch\/#breadcrumb"},"inLanguage":"en-US","potentialAction":[{"@type":"ReadAction","target":["https:\/\/www.smedemokrati.sk\/gp-musi-preskumat-vystavbu-pristavu-v-bratislave-ktoremu-moze-padnut-za-obet-az-100-tisic-stromov-v-dunajskych-luhoch\/"]}]},{"@type":"ImageObject","inLanguage":"en-US","@id":"https:\/\/www.smedemokrati.sk\/gp-musi-preskumat-vystavbu-pristavu-v-bratislave-ktoremu-moze-padnut-za-obet-az-100-tisic-stromov-v-dunajskych-luhoch\/#primaryimage","url":"https:\/\/www.smedemokrati.sk\/wp-content\/uploads\/2024\/11\/kica-GP.jpg","contentUrl":"https:\/\/www.smedemokrati.sk\/wp-content\/uploads\/2024\/11\/kica-GP.jpg","width":462,"height":456},{"@type":"BreadcrumbList","@id":"https:\/\/www.smedemokrati.sk\/gp-musi-preskumat-vystavbu-pristavu-v-bratislave-ktoremu-moze-padnut-za-obet-az-100-tisic-stromov-v-dunajskych-luhoch\/#breadcrumb","itemListElement":[{"@type":"ListItem","position":1,"name":"Domovsk\u00e1 str\u00e1nka","item":"https:\/\/www.smedemokrati.sk\/"},{"@type":"ListItem","position":2,"name":"GP mus\u00ed presk\u00fama\u0165 v\u00fdstavbu pr\u00edstavu v Bratislave, ktor\u00e9mu m\u00f4\u017ee padn\u00fa\u0165 za obe\u0165 a\u017e 100 tis\u00edc stromov v Dunajsk\u00fdch luhoch"}]},{"@type":"WebSite","@id":"https:\/\/www.smedemokrati.sk\/#website","url":"https:\/\/www.smedemokrati.sk\/","name":"Smedemokrati.sk","description":"Demokracia a slu\u0161nos\u0165 zv\u00ed\u0165az\u00ed","publisher":{"@id":"https:\/\/www.smedemokrati.sk\/#organization"},"potentialAction":[{"@type":"SearchAction","target":{"@type":"EntryPoint","urlTemplate":"https:\/\/www.smedemokrati.sk\/?s={search_term_string}"},"query-input":{"@type":"PropertyValueSpecification","valueRequired":true,"valueName":"search_term_string"}}],"inLanguage":"en-US"},{"@type":"Organization","@id":"https:\/\/www.smedemokrati.sk\/#organization","name":"Smedemokrati.sk","url":"https:\/\/www.smedemokrati.sk\/","logo":{"@type":"ImageObject","inLanguage":"en-US","@id":"https:\/\/www.smedemokrati.sk\/#\/schema\/logo\/image\/","url":"https:\/\/www.smedemokrati.sk\/wp-content\/uploads\/2023\/04\/ff.002.jpeg","contentUrl":"https:\/\/www.smedemokrati.sk\/wp-content\/uploads\/2023\/04\/ff.002.jpeg","width":640,"height":480,"caption":"Smedemokrati.sk"},"image":{"@id":"https:\/\/www.smedemokrati.sk\/#\/schema\/logo\/image\/"},"sameAs":["https:\/\/www.facebook.com\/smedemokrati2023"]},{"@type":"Person","@id":"https:\/\/www.smedemokrati.sk\/#\/schema\/person\/21f147c88d605aa7ded900e1e7c344ba","name":"miro.sopko","image":{"@type":"ImageObject","inLanguage":"en-US","@id":"https:\/\/secure.gravatar.com\/avatar\/267e4a36f704376c109afe3a78740c1f5dd8675a2180a908699e7863c9247606?s=96&d=mm&r=g","url":"https:\/\/secure.gravatar.com\/avatar\/267e4a36f704376c109afe3a78740c1f5dd8675a2180a908699e7863c9247606?s=96&d=mm&r=g","contentUrl":"https:\/\/secure.gravatar.com\/avatar\/267e4a36f704376c109afe3a78740c1f5dd8675a2180a908699e7863c9247606?s=96&d=mm&r=g","caption":"miro.sopko"},"url":"https:\/\/www.smedemokrati.sk\/en\/author\/miro-sopko\/"}]}},"_links":{"self":[{"href":"https:\/\/www.smedemokrati.sk\/en\/wp-json\/wp\/v2\/posts\/5478","targetHints":{"allow":["GET"]}}],"collection":[{"href":"https:\/\/www.smedemokrati.sk\/en\/wp-json\/wp\/v2\/posts"}],"about":[{"href":"https:\/\/www.smedemokrati.sk\/en\/wp-json\/wp\/v2\/types\/post"}],"author":[{"embeddable":true,"href":"https:\/\/www.smedemokrati.sk\/en\/wp-json\/wp\/v2\/users\/13"}],"replies":[{"embeddable":true,"href":"https:\/\/www.smedemokrati.sk\/en\/wp-json\/wp\/v2\/comments?post=5478"}],"version-history":[{"count":1,"href":"https:\/\/www.smedemokrati.sk\/en\/wp-json\/wp\/v2\/posts\/5478\/revisions"}],"predecessor-version":[{"id":5480,"href":"https:\/\/www.smedemokrati.sk\/en\/wp-json\/wp\/v2\/posts\/5478\/revisions\/5480"}],"wp:featuredmedia":[{"embeddable":true,"href":"https:\/\/www.smedemokrati.sk\/en\/wp-json\/wp\/v2\/media\/5479"}],"wp:attachment":[{"href":"https:\/\/www.smedemokrati.sk\/en\/wp-json\/wp\/v2\/media?parent=5478"}],"wp:term":[{"taxonomy":"category","embeddable":true,"href":"https:\/\/www.smedemokrati.sk\/en\/wp-json\/wp\/v2\/categories?post=5478"},{"taxonomy":"post_tag","embeddable":true,"href":"https:\/\/www.smedemokrati.sk\/en\/wp-json\/wp\/v2\/tags?post=5478"}],"curies":[{"name":"wp","href":"https:\/\/api.w.org\/{rel}","templated":true}]}}