{"id":5433,"date":"2024-10-30T19:08:13","date_gmt":"2024-10-30T18:08:13","guid":{"rendered":"https:\/\/www.smedemokrati.sk\/?p=5433"},"modified":"2024-11-13T13:07:32","modified_gmt":"2024-11-13T12:07:32","slug":"podavame-podnet-na-nku-boli-financie-na-kulture-pridelene-efektivne","status":"publish","type":"post","link":"https:\/\/www.smedemokrati.sk\/en\/podavame-podnet-na-nku-boli-financie-na-kulture-pridelene-efektivne\/","title":{"rendered":"Pod\u00e1vame podnet na NK\u00da, boli financie na kult\u00fare pridelen\u00e9 efekt\u00edvne?"},"content":{"rendered":"<div id=\"fb-root\"><\/div>\n\n<p><strong>Demokrati predlo\u017eili N\u00e1rodn\u00e9mu kontroln\u00e9mu \u00faradu (NK\u00da) podnet na pre\u0161etrenie postupu pride\u013eovania dot\u00e1ci\u00ed v programe Obnovme si svoj dom. Strana tak reaguje na medializovan\u00e9 inform\u00e1cie, za z\u00e1klade ktor\u00fdch nemuseli by\u0165 financie z programu vynalo\u017een\u00e9 efekt\u00edvne.<\/strong><\/p>\n\n\n\n<p><em>\u201eRozde\u013eovanie dot\u00e1ci\u00ed pod\u013ea medializovan\u00fdch inform\u00e1ci\u00ed p\u00f4sob\u00ed minim\u00e1lne podozrivo z h\u013eadiska efektivity vynalo\u017eenia verejn\u00fdch zdrojov, ako aj pr\u00edpadn\u00e9ho klientelizmu,\u201c<\/em>&nbsp;tvrd\u00ed expertka strany pre oblas\u0165 kult\u00fary Dorota Nvotov\u00e1 a pokra\u010duje:&nbsp;<em>\u201eJe legit\u00edmne sa p\u00fdta\u0165, na z\u00e1klade ak\u00e9ho k\u013e\u00fa\u010da a krit\u00e9ri\u00ed ministerstvo v zna\u010dnej miere poprelo n\u00e1vrh odbornej komisie a pridelilo prostriedky aj t\u00fdm projektom, ktor\u00e9 dlhoro\u010dn\u00ed experti v oblasti pamiatkovej ochrany nepova\u017eovali za prioritn\u00e9.\u201c<\/em><\/p>\n\n\n\n<p>V pr\u00edpade, \u017ee NK\u00da vyhodnot\u00ed postup MK SR ako spr\u00e1vny, je pod\u013ea Demokratov potrebn\u00e9 diskutova\u0165 o tom, ak\u00fd zmysel m\u00e1 z\u00e1kon, upravuj\u00faci postup hodnotenia \u017eiadost\u00ed.&nbsp;<em>\u201eV takom pr\u00edpade by \u010dinnos\u0165 komisi\u00ed de facto nebola potrebn\u00e1 a ministerka by mohla ur\u010dova\u0165 dot\u00e1cie \u013eubovo\u013en\u00fdm projektom v \u013eubovo\u013enej v\u00fd\u0161ke, \u010do v\u0161ak nie je spr\u00e1vne,\u201c<\/em>&nbsp;dop\u013a\u0148a Nvotov\u00e1.<\/p>\n\n\n\n<p><em>&#8220;N\u00e1stup pani \u0160imkovi\u010dovej je ranou pre slovensk\u00fa kult\u00faru, z ktorej sa po jej &#8220;ministrovan\u00ed&#8221; bude cel\u00e1 kult\u00farna obec e\u0161te dlho spam\u00e4t\u00e1va\u0165. Jedna vec je jej neodbornos\u0165 a nekompetentnos\u0165, pre ktor\u00fa u\u017e d\u00e1vno nem\u00e1 sedie\u0165 na svojej stoli\u010dke, druh\u00e1 vec je medializovan\u00e9 \u0161af\u00e1renie s financiami n\u00e1s v\u0161etk\u00fdch. Nech pr\u00edslu\u0161n\u00e9 org\u00e1ny pre\u0161etria tieto podozrenia a ak n\u00e1jdu pochybenia, mus\u00ed by\u0165 vyvoden\u00e1 zodpovednos\u0165&#8221;\u00a0<\/em>uzatv\u00e1ra predseda Demokratov Jaroslav Na\u010f.<\/p>\n\n\n\n<p>.\u00a0<\/p>\n\n\n<div class=\"fb-video\" data-href=\"https:\/\/fb.watch\/vybURuiUFw\" data-allowfullscreen=\"true\" data-autoplay=\"false\" data-width=\"\" data-show-text=\"false\" data-show-captions=\"true\"><\/div>\n","protected":false},"excerpt":{"rendered":"<p>Demokrati predlo\u017eili N\u00e1rodn\u00e9mu kontroln\u00e9mu \u00faradu (NK\u00da) podnet na pre\u0161etrenie postupu pride\u013eovania dot\u00e1ci\u00ed v programe Obnovme si svoj dom. Strana tak reaguje na medializovan\u00e9 inform\u00e1cie, za z\u00e1klade ktor\u00fdch nemuseli by\u0165 financie z programu vynalo\u017een\u00e9 efekt\u00edvne. \u201eRozde\u013eovanie dot\u00e1ci\u00ed pod\u013ea medializovan\u00fdch inform\u00e1ci\u00ed p\u00f4sob\u00ed minim\u00e1lne podozrivo z h\u013eadiska efektivity vynalo\u017eenia verejn\u00fdch zdrojov, ako aj pr\u00edpadn\u00e9ho klientelizmu,\u201c&nbsp;tvrd\u00ed expertka strany pre [&hellip;]<\/p>\n","protected":false},"author":13,"featured_media":3942,"comment_status":"closed","ping_status":"closed","sticky":false,"template":"","format":"standard","meta":{"_acf_changed":false,"ngg_post_thumbnail":0,"footnotes":""},"categories":[4],"tags":[],"class_list":["post-5433","post","type-post","status-publish","format-standard","has-post-thumbnail","hentry","category-tlacove-spravy"],"acf":[],"yoast_head":"<!-- This site is optimized with the Yoast SEO plugin v27.2 - https:\/\/yoast.com\/product\/yoast-seo-wordpress\/ -->\n<title>Pod\u00e1vame podnet na NK\u00da, boli financie na kult\u00fare pridelen\u00e9 efekt\u00edvne?<\/title>\n<meta name=\"robots\" content=\"index, follow, max-snippet:-1, max-image-preview:large, max-video-preview:-1\" \/>\n<link rel=\"canonical\" href=\"https:\/\/www.smedemokrati.sk\/en\/podavame-podnet-na-nku-boli-financie-na-kulture-pridelene-efektivne\/\" \/>\n<meta property=\"og:locale\" content=\"en_US\" \/>\n<meta property=\"og:locale:alternate\" content=\"cs_CZ\" \/>\n<meta property=\"og:locale:alternate\" content=\"hu_HU\" \/>\n<meta property=\"og:locale:alternate\" content=\"sk_SK\" \/>\n<meta property=\"og:locale:alternate\" content=\"sv_SE\" \/>\n<meta property=\"og:type\" content=\"article\" \/>\n<meta property=\"og:title\" content=\"Pod\u00e1vame podnet na NK\u00da, boli financie na kult\u00fare pridelen\u00e9 efekt\u00edvne?\" \/>\n<meta property=\"og:description\" content=\"Demokrati predlo\u017eili N\u00e1rodn\u00e9mu kontroln\u00e9mu \u00faradu (NK\u00da) podnet na pre\u0161etrenie postupu pride\u013eovania dot\u00e1ci\u00ed v programe Obnovme si svoj dom. Strana tak reaguje na medializovan\u00e9 inform\u00e1cie, za z\u00e1klade ktor\u00fdch nemuseli by\u0165 financie z programu vynalo\u017een\u00e9 efekt\u00edvne. \u201eRozde\u013eovanie dot\u00e1ci\u00ed pod\u013ea medializovan\u00fdch inform\u00e1ci\u00ed p\u00f4sob\u00ed minim\u00e1lne podozrivo z h\u013eadiska efektivity vynalo\u017eenia verejn\u00fdch zdrojov, ako aj pr\u00edpadn\u00e9ho klientelizmu,\u201c&nbsp;tvrd\u00ed expertka strany pre [&hellip;]\" \/>\n<meta property=\"og:url\" content=\"https:\/\/www.smedemokrati.sk\/en\/podavame-podnet-na-nku-boli-financie-na-kulture-pridelene-efektivne\/\" \/>\n<meta property=\"og:site_name\" content=\"Smedemokrati.sk\" \/>\n<meta property=\"article:publisher\" content=\"https:\/\/www.facebook.com\/smedemokrati2023\" \/>\n<meta property=\"article:published_time\" content=\"2024-10-30T18:08:13+00:00\" \/>\n<meta property=\"article:modified_time\" content=\"2024-11-13T12:07:32+00:00\" \/>\n<meta property=\"og:image\" content=\"https:\/\/www.smedemokrati.sk\/wp-content\/uploads\/2024\/04\/nvotova.jpg\" \/>\n\t<meta property=\"og:image:width\" content=\"2048\" \/>\n\t<meta property=\"og:image:height\" content=\"2048\" \/>\n\t<meta property=\"og:image:type\" content=\"image\/jpeg\" \/>\n<meta name=\"author\" content=\"miro.sopko\" \/>\n<meta name=\"twitter:card\" content=\"summary_large_image\" \/>\n<meta name=\"twitter:label1\" content=\"Written by\" \/>\n\t<meta name=\"twitter:data1\" content=\"miro.sopko\" \/>\n\t<meta name=\"twitter:label2\" content=\"Est. reading time\" \/>\n\t<meta name=\"twitter:data2\" content=\"2 minutes\" \/>\n<script type=\"application\/ld+json\" class=\"yoast-schema-graph\">{\"@context\":\"https:\/\/schema.org\",\"@graph\":[{\"@type\":\"Article\",\"@id\":\"https:\/\/www.smedemokrati.sk\/podavame-podnet-na-nku-boli-financie-na-kulture-pridelene-efektivne\/#article\",\"isPartOf\":{\"@id\":\"https:\/\/www.smedemokrati.sk\/podavame-podnet-na-nku-boli-financie-na-kulture-pridelene-efektivne\/\"},\"author\":{\"name\":\"miro.sopko\",\"@id\":\"https:\/\/www.smedemokrati.sk\/#\/schema\/person\/21f147c88d605aa7ded900e1e7c344ba\"},\"headline\":\"Pod\u00e1vame podnet na NK\u00da, boli financie na kult\u00fare pridelen\u00e9 efekt\u00edvne?\",\"datePublished\":\"2024-10-30T18:08:13+00:00\",\"dateModified\":\"2024-11-13T12:07:32+00:00\",\"mainEntityOfPage\":{\"@id\":\"https:\/\/www.smedemokrati.sk\/podavame-podnet-na-nku-boli-financie-na-kulture-pridelene-efektivne\/\"},\"wordCount\":312,\"publisher\":{\"@id\":\"https:\/\/www.smedemokrati.sk\/#organization\"},\"image\":{\"@id\":\"https:\/\/www.smedemokrati.sk\/podavame-podnet-na-nku-boli-financie-na-kulture-pridelene-efektivne\/#primaryimage\"},\"thumbnailUrl\":\"https:\/\/www.smedemokrati.sk\/wp-content\/uploads\/2024\/04\/nvotova.jpg\",\"articleSection\":[\"Tla\u010dov\u00e9 spr\u00e1vy\"],\"inLanguage\":\"en-US\"},{\"@type\":\"WebPage\",\"@id\":\"https:\/\/www.smedemokrati.sk\/podavame-podnet-na-nku-boli-financie-na-kulture-pridelene-efektivne\/\",\"url\":\"https:\/\/www.smedemokrati.sk\/podavame-podnet-na-nku-boli-financie-na-kulture-pridelene-efektivne\/\",\"name\":\"Pod\u00e1vame podnet na NK\u00da, boli financie na kult\u00fare pridelen\u00e9 efekt\u00edvne?\",\"isPartOf\":{\"@id\":\"https:\/\/www.smedemokrati.sk\/#website\"},\"primaryImageOfPage\":{\"@id\":\"https:\/\/www.smedemokrati.sk\/podavame-podnet-na-nku-boli-financie-na-kulture-pridelene-efektivne\/#primaryimage\"},\"image\":{\"@id\":\"https:\/\/www.smedemokrati.sk\/podavame-podnet-na-nku-boli-financie-na-kulture-pridelene-efektivne\/#primaryimage\"},\"thumbnailUrl\":\"https:\/\/www.smedemokrati.sk\/wp-content\/uploads\/2024\/04\/nvotova.jpg\",\"datePublished\":\"2024-10-30T18:08:13+00:00\",\"dateModified\":\"2024-11-13T12:07:32+00:00\",\"breadcrumb\":{\"@id\":\"https:\/\/www.smedemokrati.sk\/podavame-podnet-na-nku-boli-financie-na-kulture-pridelene-efektivne\/#breadcrumb\"},\"inLanguage\":\"en-US\",\"potentialAction\":[{\"@type\":\"ReadAction\",\"target\":[\"https:\/\/www.smedemokrati.sk\/podavame-podnet-na-nku-boli-financie-na-kulture-pridelene-efektivne\/\"]}]},{\"@type\":\"ImageObject\",\"inLanguage\":\"en-US\",\"@id\":\"https:\/\/www.smedemokrati.sk\/podavame-podnet-na-nku-boli-financie-na-kulture-pridelene-efektivne\/#primaryimage\",\"url\":\"https:\/\/www.smedemokrati.sk\/wp-content\/uploads\/2024\/04\/nvotova.jpg\",\"contentUrl\":\"https:\/\/www.smedemokrati.sk\/wp-content\/uploads\/2024\/04\/nvotova.jpg\",\"width\":2048,\"height\":2048},{\"@type\":\"BreadcrumbList\",\"@id\":\"https:\/\/www.smedemokrati.sk\/podavame-podnet-na-nku-boli-financie-na-kulture-pridelene-efektivne\/#breadcrumb\",\"itemListElement\":[{\"@type\":\"ListItem\",\"position\":1,\"name\":\"Domovsk\u00e1 str\u00e1nka\",\"item\":\"https:\/\/www.smedemokrati.sk\/\"},{\"@type\":\"ListItem\",\"position\":2,\"name\":\"Pod\u00e1vame podnet na NK\u00da, boli financie na kult\u00fare pridelen\u00e9 efekt\u00edvne?\"}]},{\"@type\":\"WebSite\",\"@id\":\"https:\/\/www.smedemokrati.sk\/#website\",\"url\":\"https:\/\/www.smedemokrati.sk\/\",\"name\":\"Smedemokrati.sk\",\"description\":\"Demokracia a slu\u0161nos\u0165 zv\u00ed\u0165az\u00ed\",\"publisher\":{\"@id\":\"https:\/\/www.smedemokrati.sk\/#organization\"},\"potentialAction\":[{\"@type\":\"SearchAction\",\"target\":{\"@type\":\"EntryPoint\",\"urlTemplate\":\"https:\/\/www.smedemokrati.sk\/?s={search_term_string}\"},\"query-input\":{\"@type\":\"PropertyValueSpecification\",\"valueRequired\":true,\"valueName\":\"search_term_string\"}}],\"inLanguage\":\"en-US\"},{\"@type\":\"Organization\",\"@id\":\"https:\/\/www.smedemokrati.sk\/#organization\",\"name\":\"Smedemokrati.sk\",\"url\":\"https:\/\/www.smedemokrati.sk\/\",\"logo\":{\"@type\":\"ImageObject\",\"inLanguage\":\"en-US\",\"@id\":\"https:\/\/www.smedemokrati.sk\/#\/schema\/logo\/image\/\",\"url\":\"https:\/\/www.smedemokrati.sk\/wp-content\/uploads\/2023\/04\/ff.002.jpeg\",\"contentUrl\":\"https:\/\/www.smedemokrati.sk\/wp-content\/uploads\/2023\/04\/ff.002.jpeg\",\"width\":640,\"height\":480,\"caption\":\"Smedemokrati.sk\"},\"image\":{\"@id\":\"https:\/\/www.smedemokrati.sk\/#\/schema\/logo\/image\/\"},\"sameAs\":[\"https:\/\/www.facebook.com\/smedemokrati2023\"]},{\"@type\":\"Person\",\"@id\":\"https:\/\/www.smedemokrati.sk\/#\/schema\/person\/21f147c88d605aa7ded900e1e7c344ba\",\"name\":\"miro.sopko\",\"image\":{\"@type\":\"ImageObject\",\"inLanguage\":\"en-US\",\"@id\":\"https:\/\/secure.gravatar.com\/avatar\/267e4a36f704376c109afe3a78740c1f5dd8675a2180a908699e7863c9247606?s=96&d=mm&r=g\",\"url\":\"https:\/\/secure.gravatar.com\/avatar\/267e4a36f704376c109afe3a78740c1f5dd8675a2180a908699e7863c9247606?s=96&d=mm&r=g\",\"contentUrl\":\"https:\/\/secure.gravatar.com\/avatar\/267e4a36f704376c109afe3a78740c1f5dd8675a2180a908699e7863c9247606?s=96&d=mm&r=g\",\"caption\":\"miro.sopko\"},\"url\":\"https:\/\/www.smedemokrati.sk\/en\/author\/miro-sopko\/\"}]}<\/script>\n<!-- \/ Yoast SEO plugin. -->","yoast_head_json":{"title":"Pod\u00e1vame podnet na NK\u00da, boli financie na kult\u00fare pridelen\u00e9 efekt\u00edvne?","robots":{"index":"index","follow":"follow","max-snippet":"max-snippet:-1","max-image-preview":"max-image-preview:large","max-video-preview":"max-video-preview:-1"},"canonical":"https:\/\/www.smedemokrati.sk\/en\/podavame-podnet-na-nku-boli-financie-na-kulture-pridelene-efektivne\/","og_locale":"en_US","og_type":"article","og_title":"[:sk]Pod\u00e1vame podnet na NK\u00da, boli financie na kult\u00fare pridelen\u00e9 efekt\u00edvne?[:] - Smedemokrati.sk","og_description":"Demokrati predlo\u017eili N\u00e1rodn\u00e9mu kontroln\u00e9mu \u00faradu (NK\u00da) podnet na pre\u0161etrenie postupu pride\u013eovania dot\u00e1ci\u00ed v programe Obnovme si svoj dom. Strana tak reaguje na medializovan\u00e9 inform\u00e1cie, za z\u00e1klade ktor\u00fdch nemuseli by\u0165 financie z programu vynalo\u017een\u00e9 efekt\u00edvne. \u201eRozde\u013eovanie dot\u00e1ci\u00ed pod\u013ea medializovan\u00fdch inform\u00e1ci\u00ed p\u00f4sob\u00ed minim\u00e1lne podozrivo z h\u013eadiska efektivity vynalo\u017eenia verejn\u00fdch zdrojov, ako aj pr\u00edpadn\u00e9ho klientelizmu,\u201c&nbsp;tvrd\u00ed expertka strany pre [&hellip;]","og_url":"https:\/\/www.smedemokrati.sk\/en\/podavame-podnet-na-nku-boli-financie-na-kulture-pridelene-efektivne\/","og_site_name":"Smedemokrati.sk","article_publisher":"https:\/\/www.facebook.com\/smedemokrati2023","article_published_time":"2024-10-30T18:08:13+00:00","article_modified_time":"2024-11-13T12:07:32+00:00","og_image":[{"width":2048,"height":2048,"url":"https:\/\/www.smedemokrati.sk\/wp-content\/uploads\/2024\/04\/nvotova.jpg","type":"image\/jpeg"}],"author":"miro.sopko","twitter_card":"summary_large_image","twitter_misc":{"Written by":"miro.sopko","Est. reading time":"2 minutes"},"schema":{"@context":"https:\/\/schema.org","@graph":[{"@type":"Article","@id":"https:\/\/www.smedemokrati.sk\/podavame-podnet-na-nku-boli-financie-na-kulture-pridelene-efektivne\/#article","isPartOf":{"@id":"https:\/\/www.smedemokrati.sk\/podavame-podnet-na-nku-boli-financie-na-kulture-pridelene-efektivne\/"},"author":{"name":"miro.sopko","@id":"https:\/\/www.smedemokrati.sk\/#\/schema\/person\/21f147c88d605aa7ded900e1e7c344ba"},"headline":"Pod\u00e1vame podnet na NK\u00da, boli financie na kult\u00fare pridelen\u00e9 efekt\u00edvne?","datePublished":"2024-10-30T18:08:13+00:00","dateModified":"2024-11-13T12:07:32+00:00","mainEntityOfPage":{"@id":"https:\/\/www.smedemokrati.sk\/podavame-podnet-na-nku-boli-financie-na-kulture-pridelene-efektivne\/"},"wordCount":312,"publisher":{"@id":"https:\/\/www.smedemokrati.sk\/#organization"},"image":{"@id":"https:\/\/www.smedemokrati.sk\/podavame-podnet-na-nku-boli-financie-na-kulture-pridelene-efektivne\/#primaryimage"},"thumbnailUrl":"https:\/\/www.smedemokrati.sk\/wp-content\/uploads\/2024\/04\/nvotova.jpg","articleSection":["Tla\u010dov\u00e9 spr\u00e1vy"],"inLanguage":"en-US"},{"@type":"WebPage","@id":"https:\/\/www.smedemokrati.sk\/podavame-podnet-na-nku-boli-financie-na-kulture-pridelene-efektivne\/","url":"https:\/\/www.smedemokrati.sk\/podavame-podnet-na-nku-boli-financie-na-kulture-pridelene-efektivne\/","name":"Pod\u00e1vame podnet na NK\u00da, boli financie na kult\u00fare pridelen\u00e9 efekt\u00edvne?","isPartOf":{"@id":"https:\/\/www.smedemokrati.sk\/#website"},"primaryImageOfPage":{"@id":"https:\/\/www.smedemokrati.sk\/podavame-podnet-na-nku-boli-financie-na-kulture-pridelene-efektivne\/#primaryimage"},"image":{"@id":"https:\/\/www.smedemokrati.sk\/podavame-podnet-na-nku-boli-financie-na-kulture-pridelene-efektivne\/#primaryimage"},"thumbnailUrl":"https:\/\/www.smedemokrati.sk\/wp-content\/uploads\/2024\/04\/nvotova.jpg","datePublished":"2024-10-30T18:08:13+00:00","dateModified":"2024-11-13T12:07:32+00:00","breadcrumb":{"@id":"https:\/\/www.smedemokrati.sk\/podavame-podnet-na-nku-boli-financie-na-kulture-pridelene-efektivne\/#breadcrumb"},"inLanguage":"en-US","potentialAction":[{"@type":"ReadAction","target":["https:\/\/www.smedemokrati.sk\/podavame-podnet-na-nku-boli-financie-na-kulture-pridelene-efektivne\/"]}]},{"@type":"ImageObject","inLanguage":"en-US","@id":"https:\/\/www.smedemokrati.sk\/podavame-podnet-na-nku-boli-financie-na-kulture-pridelene-efektivne\/#primaryimage","url":"https:\/\/www.smedemokrati.sk\/wp-content\/uploads\/2024\/04\/nvotova.jpg","contentUrl":"https:\/\/www.smedemokrati.sk\/wp-content\/uploads\/2024\/04\/nvotova.jpg","width":2048,"height":2048},{"@type":"BreadcrumbList","@id":"https:\/\/www.smedemokrati.sk\/podavame-podnet-na-nku-boli-financie-na-kulture-pridelene-efektivne\/#breadcrumb","itemListElement":[{"@type":"ListItem","position":1,"name":"Domovsk\u00e1 str\u00e1nka","item":"https:\/\/www.smedemokrati.sk\/"},{"@type":"ListItem","position":2,"name":"Pod\u00e1vame podnet na NK\u00da, boli financie na kult\u00fare pridelen\u00e9 efekt\u00edvne?"}]},{"@type":"WebSite","@id":"https:\/\/www.smedemokrati.sk\/#website","url":"https:\/\/www.smedemokrati.sk\/","name":"Smedemokrati.sk","description":"Demokracia a slu\u0161nos\u0165 zv\u00ed\u0165az\u00ed","publisher":{"@id":"https:\/\/www.smedemokrati.sk\/#organization"},"potentialAction":[{"@type":"SearchAction","target":{"@type":"EntryPoint","urlTemplate":"https:\/\/www.smedemokrati.sk\/?s={search_term_string}"},"query-input":{"@type":"PropertyValueSpecification","valueRequired":true,"valueName":"search_term_string"}}],"inLanguage":"en-US"},{"@type":"Organization","@id":"https:\/\/www.smedemokrati.sk\/#organization","name":"Smedemokrati.sk","url":"https:\/\/www.smedemokrati.sk\/","logo":{"@type":"ImageObject","inLanguage":"en-US","@id":"https:\/\/www.smedemokrati.sk\/#\/schema\/logo\/image\/","url":"https:\/\/www.smedemokrati.sk\/wp-content\/uploads\/2023\/04\/ff.002.jpeg","contentUrl":"https:\/\/www.smedemokrati.sk\/wp-content\/uploads\/2023\/04\/ff.002.jpeg","width":640,"height":480,"caption":"Smedemokrati.sk"},"image":{"@id":"https:\/\/www.smedemokrati.sk\/#\/schema\/logo\/image\/"},"sameAs":["https:\/\/www.facebook.com\/smedemokrati2023"]},{"@type":"Person","@id":"https:\/\/www.smedemokrati.sk\/#\/schema\/person\/21f147c88d605aa7ded900e1e7c344ba","name":"miro.sopko","image":{"@type":"ImageObject","inLanguage":"en-US","@id":"https:\/\/secure.gravatar.com\/avatar\/267e4a36f704376c109afe3a78740c1f5dd8675a2180a908699e7863c9247606?s=96&d=mm&r=g","url":"https:\/\/secure.gravatar.com\/avatar\/267e4a36f704376c109afe3a78740c1f5dd8675a2180a908699e7863c9247606?s=96&d=mm&r=g","contentUrl":"https:\/\/secure.gravatar.com\/avatar\/267e4a36f704376c109afe3a78740c1f5dd8675a2180a908699e7863c9247606?s=96&d=mm&r=g","caption":"miro.sopko"},"url":"https:\/\/www.smedemokrati.sk\/en\/author\/miro-sopko\/"}]}},"_links":{"self":[{"href":"https:\/\/www.smedemokrati.sk\/en\/wp-json\/wp\/v2\/posts\/5433","targetHints":{"allow":["GET"]}}],"collection":[{"href":"https:\/\/www.smedemokrati.sk\/en\/wp-json\/wp\/v2\/posts"}],"about":[{"href":"https:\/\/www.smedemokrati.sk\/en\/wp-json\/wp\/v2\/types\/post"}],"author":[{"embeddable":true,"href":"https:\/\/www.smedemokrati.sk\/en\/wp-json\/wp\/v2\/users\/13"}],"replies":[{"embeddable":true,"href":"https:\/\/www.smedemokrati.sk\/en\/wp-json\/wp\/v2\/comments?post=5433"}],"version-history":[{"count":2,"href":"https:\/\/www.smedemokrati.sk\/en\/wp-json\/wp\/v2\/posts\/5433\/revisions"}],"predecessor-version":[{"id":5443,"href":"https:\/\/www.smedemokrati.sk\/en\/wp-json\/wp\/v2\/posts\/5433\/revisions\/5443"}],"wp:featuredmedia":[{"embeddable":true,"href":"https:\/\/www.smedemokrati.sk\/en\/wp-json\/wp\/v2\/media\/3942"}],"wp:attachment":[{"href":"https:\/\/www.smedemokrati.sk\/en\/wp-json\/wp\/v2\/media?parent=5433"}],"wp:term":[{"taxonomy":"category","embeddable":true,"href":"https:\/\/www.smedemokrati.sk\/en\/wp-json\/wp\/v2\/categories?post=5433"},{"taxonomy":"post_tag","embeddable":true,"href":"https:\/\/www.smedemokrati.sk\/en\/wp-json\/wp\/v2\/tags?post=5433"}],"curies":[{"name":"wp","href":"https:\/\/api.w.org\/{rel}","templated":true}]}}