{"id":5425,"date":"2024-10-29T18:25:33","date_gmt":"2024-10-29T17:25:33","guid":{"rendered":"https:\/\/www.smedemokrati.sk\/?p=5425"},"modified":"2024-11-13T13:07:22","modified_gmt":"2024-11-13T12:07:22","slug":"vlada-stratila-v-parlamente-vacsinu-vy","status":"publish","type":"post","link":"https:\/\/www.smedemokrati.sk\/en\/vlada-stratila-v-parlamente-vacsinu-vy\/","title":{"rendered":"Vl\u00e1da stratila v parlamente v\u00e4\u010d\u0161inu &#8211; vyz\u00fdvame na hlasovanie o jej d\u00f4vere"},"content":{"rendered":"<div id=\"fb-root\"><\/div>\n\n<p><strong>Primit\u00edvna h\u00e1dka o stran\u00edcke fleky v ochrane pr\u00edrody paralyzuje \u010dinnos\u0165 n\u00e1rodnej rady. Vl\u00e1dna koal\u00edcia v d\u00f4sledku sporu medzi Huliakom s Tarabom a Dankom stratila v t\u00fdchto d\u0148och parlamentn\u00fa v\u00e4\u010d\u0161inu. Vyz\u00fdvame na jedin\u00e9 \u010dist\u00e9 rie\u0161enie: hlasovanie o d\u00f4vere vl\u00e1dy, ku ktor\u00e9mu je poslanec \u013dubom\u00edr Galko pripraven\u00fd pripoji\u0165 svoj podpis. O\u010dak\u00e1vame toti\u017e kup\u010denie s hlasmi a \u0161pinav\u00e9 z\u00e1kulisn\u00e9 obchody vo vl\u00e1dnej koal\u00edcii.<\/strong><\/p>\n\n\n\n<p><em>\u201eRobert Fico predned\u00e1vnom vyhl\u00e1sil, \u017ee ni\u010d sa nedeje, pokia\u013e parlament funguje. Ale parlament nefunguje a je zablokovan\u00fd. Na hlasovanie \u010dak\u00e1 minim\u00e1lne 10 z\u00e1konov. Ficovi sa rozpad\u00e1va koal\u00edcia, preto ho vyz\u00fdvam, aby okam\u017eite zru\u0161il svoju cestu do \u010c\u00edny a rie\u0161il vl\u00e1dnu kr\u00edzu. Slovensko za\u017e\u00edva opak toho, \u010do Robert Fico s\u013euboval,\u201d<\/em> uviedol podpredseda strany a b\u00fdval\u00fd premi\u00e9r Eduard Heger. Koal\u00edcia namiesto rie\u0161enia probl\u00e9mov \u013eud\u00ed rie\u0161i len sam\u00fa seba a Huliakove z\u00e1ujmy. <\/p>\n\n\n\n<p>Bezprecedentn\u00e1 politiz\u00e1cia ochrany pr\u00edrody, ktor\u00fa ovl\u00e1dli \u010disto stran\u00edcke nomin\u00e1cie frakci\u00ed v SNS, vedie k paral\u00fdze n\u00e1rodnej rady. <em>\u201eVl\u00e1dna koal\u00edcia v priamom prenose stratila parlamentn\u00fa v\u00e4\u010d\u0161inu a nie je schopn\u00e1 presadzova\u0165  z\u00e1kony a ani zvl\u00e1dnu\u0165 hlasovanie o d\u00f4vere \u010dlenov vl\u00e1dy. Huliakovci si toti\u017e bez hanby a otvorene p\u00fdtaj\u00fa podiel na moci, a preto m\u00f4\u017eeme o\u010dak\u00e1va\u0165 \u0161pinav\u00e9 politick\u00e9 kup\u010denie, politick\u00fa korupciu, r\u00f4zne z\u00e1kulisn\u00e9 obchody a \u010fal\u0161ie obsadzovanie odborn\u00fdch poz\u00edci\u00ed v \u017eivotnom prostred\u00ed stran\u00edckymi nominantami. Pod\u013ea na\u0161ich inform\u00e1ci\u00ed m\u00f4\u017eu by\u0165 v hre desiatky poz\u00edci\u00ed v \u0161t\u00e1tnej spr\u00e1ve, dokonca poz\u00edcia \u0161t\u00e1tneho tajomn\u00edka. Tak\u00e9to praktiky s\u00fa neakceptovate\u013en\u00e9. Jedin\u00fdm rie\u0161en\u00edm v parlamentnej demokracii je vyvolanie hlasovania o d\u00f4vere vl\u00e1de, na \u010do vyz\u00fdvame ostatn\u00e9 opozi\u010dn\u00e9 strany. Poslanec \u013dubom\u00edr Galko je pripraven\u00fd k n\u00e1vrhu pripoji\u0165 svoj podpis,\u201d<\/em> vyhl\u00e1sil Michal Ki\u010da, \u010dlen predsedn\u00edctva strany a jej environment\u00e1lny expert. <\/p>\n\n\n\n<p>Potvrdzuje sa, na \u010do sme dlhodobo poukazovali. <em>\u201eV rezorte \u017eivotn\u00e9ho prostredia boli odborn\u00edci nahraden\u00ed \u010disto stran\u00edckymi nekompetentn\u00fdmi nominantmi. Pri prvom politickom spore v zlepenci SNS doch\u00e1dza k ich odvol\u00e1vaniu. Vyz\u00fdvame na odvolanie v\u0161etk\u00fdch stran\u00edckych nominantov v rezorte a ich nahradenie odborn\u00edkmi. \u010ci skuto\u010dne budeme svedkami, toho, \u017ee odborn\u00e9 poz\u00edcie v ochrane pr\u00edrody bud\u00fa rie\u0161en\u00e9 v koali\u010dnej zmluve? To by bola svetov\u00e1 hanba a jednalo by sa o prerazenie dna aj na Ficove pomery,\u201d<\/em>  doplnil Michal Ki\u010da.  <\/p>\n\n\n\n<p><em>\u201eNerob\u00edme si il\u00fazie o politickej kult\u00fare a vyvodzovan\u00ed zodpovednosti. K\u0161eft\u00e1ri sa v\u017edy dohodn\u00fa. Vyz\u00fdvame na jedin\u00e9 \u00fastavn\u00e9 rie\u0161enie, ktor\u00e9 maj\u00fa v ruk\u00e1ch ob\u010dania, a to podporu pet\u00edcie strany Demokrati za vyhl\u00e1senie referenda o pred\u010dasn\u00fdch vo\u013eb\u00e1ch,\u201d<\/em> uzavrela Monika Podhor\u00e1ny Masarikov\u00e1, expertka strany na bezpe\u010dnos\u0165 a ob\u010diansky sektor.<\/p>\n\n\n<div class=\"fb-video\" data-href=\"https:\/\/fb.watch\/vwAKTM0Ik3\" data-allowfullscreen=\"true\" data-autoplay=\"false\" data-width=\"\" data-show-text=\"false\" data-show-captions=\"true\"><\/div>\n","protected":false},"excerpt":{"rendered":"<p>Primit\u00edvna h\u00e1dka o stran\u00edcke fleky v ochrane pr\u00edrody paralyzuje \u010dinnos\u0165 n\u00e1rodnej rady. Vl\u00e1dna koal\u00edcia v d\u00f4sledku sporu medzi Huliakom s Tarabom a Dankom stratila v t\u00fdchto d\u0148och parlamentn\u00fa v\u00e4\u010d\u0161inu. Vyz\u00fdvame na jedin\u00e9 \u010dist\u00e9 rie\u0161enie: hlasovanie o d\u00f4vere vl\u00e1dy, ku ktor\u00e9mu je poslanec \u013dubom\u00edr Galko pripraven\u00fd pripoji\u0165 svoj podpis. O\u010dak\u00e1vame toti\u017e kup\u010denie s hlasmi a \u0161pinav\u00e9 [&hellip;]<\/p>\n","protected":false},"author":13,"featured_media":5211,"comment_status":"closed","ping_status":"closed","sticky":false,"template":"","format":"standard","meta":{"_acf_changed":false,"ngg_post_thumbnail":0,"footnotes":""},"categories":[4],"tags":[],"class_list":["post-5425","post","type-post","status-publish","format-standard","has-post-thumbnail","hentry","category-tlacove-spravy"],"acf":[],"yoast_head":"<!-- This site is optimized with the Yoast SEO plugin v27.2 - https:\/\/yoast.com\/product\/yoast-seo-wordpress\/ -->\n<title>Vl\u00e1da stratila v parlamente v\u00e4\u010d\u0161inu - vyz\u00fdvame na hlasovanie o jej d\u00f4vere<\/title>\n<meta name=\"robots\" content=\"index, follow, max-snippet:-1, max-image-preview:large, max-video-preview:-1\" \/>\n<link rel=\"canonical\" href=\"https:\/\/www.smedemokrati.sk\/en\/vlada-stratila-v-parlamente-vacsinu-vy\/\" \/>\n<meta property=\"og:locale\" content=\"en_US\" \/>\n<meta property=\"og:locale:alternate\" content=\"cs_CZ\" \/>\n<meta property=\"og:locale:alternate\" content=\"hu_HU\" \/>\n<meta property=\"og:locale:alternate\" content=\"sk_SK\" \/>\n<meta property=\"og:locale:alternate\" content=\"sv_SE\" \/>\n<meta property=\"og:type\" content=\"article\" \/>\n<meta property=\"og:title\" content=\"Vl\u00e1da stratila v parlamente v\u00e4\u010d\u0161inu - vyz\u00fdvame na hlasovanie o jej d\u00f4vere\" \/>\n<meta property=\"og:description\" content=\"Primit\u00edvna h\u00e1dka o stran\u00edcke fleky v ochrane pr\u00edrody paralyzuje \u010dinnos\u0165 n\u00e1rodnej rady. Vl\u00e1dna koal\u00edcia v d\u00f4sledku sporu medzi Huliakom s Tarabom a Dankom stratila v t\u00fdchto d\u0148och parlamentn\u00fa v\u00e4\u010d\u0161inu. Vyz\u00fdvame na jedin\u00e9 \u010dist\u00e9 rie\u0161enie: hlasovanie o d\u00f4vere vl\u00e1dy, ku ktor\u00e9mu je poslanec \u013dubom\u00edr Galko pripraven\u00fd pripoji\u0165 svoj podpis. O\u010dak\u00e1vame toti\u017e kup\u010denie s hlasmi a \u0161pinav\u00e9 [&hellip;]\" \/>\n<meta property=\"og:url\" content=\"https:\/\/www.smedemokrati.sk\/en\/vlada-stratila-v-parlamente-vacsinu-vy\/\" \/>\n<meta property=\"og:site_name\" content=\"Smedemokrati.sk\" \/>\n<meta property=\"article:publisher\" content=\"https:\/\/www.facebook.com\/smedemokrati2023\" \/>\n<meta property=\"article:published_time\" content=\"2024-10-29T17:25:33+00:00\" \/>\n<meta property=\"article:modified_time\" content=\"2024-11-13T12:07:22+00:00\" \/>\n<meta property=\"og:image\" content=\"https:\/\/www.smedemokrati.sk\/wp-content\/uploads\/2024\/09\/stacilofica.jpg\" \/>\n\t<meta property=\"og:image:width\" content=\"1592\" \/>\n\t<meta property=\"og:image:height\" content=\"739\" \/>\n\t<meta property=\"og:image:type\" content=\"image\/jpeg\" \/>\n<meta name=\"author\" content=\"miro.sopko\" \/>\n<meta name=\"twitter:card\" content=\"summary_large_image\" \/>\n<meta name=\"twitter:label1\" content=\"Written by\" \/>\n\t<meta name=\"twitter:data1\" content=\"miro.sopko\" \/>\n\t<meta name=\"twitter:label2\" content=\"Est. reading time\" \/>\n\t<meta name=\"twitter:data2\" content=\"3 minutes\" \/>\n<script type=\"application\/ld+json\" class=\"yoast-schema-graph\">{\"@context\":\"https:\/\/schema.org\",\"@graph\":[{\"@type\":\"Article\",\"@id\":\"https:\/\/www.smedemokrati.sk\/vlada-stratila-v-parlamente-vacsinu-vy\/#article\",\"isPartOf\":{\"@id\":\"https:\/\/www.smedemokrati.sk\/vlada-stratila-v-parlamente-vacsinu-vy\/\"},\"author\":{\"name\":\"miro.sopko\",\"@id\":\"https:\/\/www.smedemokrati.sk\/#\/schema\/person\/21f147c88d605aa7ded900e1e7c344ba\"},\"headline\":\"Vl\u00e1da stratila v parlamente v\u00e4\u010d\u0161inu &#8211; vyz\u00fdvame na hlasovanie o jej d\u00f4vere\",\"datePublished\":\"2024-10-29T17:25:33+00:00\",\"dateModified\":\"2024-11-13T12:07:22+00:00\",\"mainEntityOfPage\":{\"@id\":\"https:\/\/www.smedemokrati.sk\/vlada-stratila-v-parlamente-vacsinu-vy\/\"},\"wordCount\":536,\"publisher\":{\"@id\":\"https:\/\/www.smedemokrati.sk\/#organization\"},\"image\":{\"@id\":\"https:\/\/www.smedemokrati.sk\/vlada-stratila-v-parlamente-vacsinu-vy\/#primaryimage\"},\"thumbnailUrl\":\"https:\/\/www.smedemokrati.sk\/wp-content\/uploads\/2024\/09\/stacilofica.jpg\",\"articleSection\":[\"Tla\u010dov\u00e9 spr\u00e1vy\"],\"inLanguage\":\"en-US\"},{\"@type\":\"WebPage\",\"@id\":\"https:\/\/www.smedemokrati.sk\/vlada-stratila-v-parlamente-vacsinu-vy\/\",\"url\":\"https:\/\/www.smedemokrati.sk\/vlada-stratila-v-parlamente-vacsinu-vy\/\",\"name\":\"Vl\u00e1da stratila v parlamente v\u00e4\u010d\u0161inu - vyz\u00fdvame na hlasovanie o jej d\u00f4vere\",\"isPartOf\":{\"@id\":\"https:\/\/www.smedemokrati.sk\/#website\"},\"primaryImageOfPage\":{\"@id\":\"https:\/\/www.smedemokrati.sk\/vlada-stratila-v-parlamente-vacsinu-vy\/#primaryimage\"},\"image\":{\"@id\":\"https:\/\/www.smedemokrati.sk\/vlada-stratila-v-parlamente-vacsinu-vy\/#primaryimage\"},\"thumbnailUrl\":\"https:\/\/www.smedemokrati.sk\/wp-content\/uploads\/2024\/09\/stacilofica.jpg\",\"datePublished\":\"2024-10-29T17:25:33+00:00\",\"dateModified\":\"2024-11-13T12:07:22+00:00\",\"breadcrumb\":{\"@id\":\"https:\/\/www.smedemokrati.sk\/vlada-stratila-v-parlamente-vacsinu-vy\/#breadcrumb\"},\"inLanguage\":\"en-US\",\"potentialAction\":[{\"@type\":\"ReadAction\",\"target\":[\"https:\/\/www.smedemokrati.sk\/vlada-stratila-v-parlamente-vacsinu-vy\/\"]}]},{\"@type\":\"ImageObject\",\"inLanguage\":\"en-US\",\"@id\":\"https:\/\/www.smedemokrati.sk\/vlada-stratila-v-parlamente-vacsinu-vy\/#primaryimage\",\"url\":\"https:\/\/www.smedemokrati.sk\/wp-content\/uploads\/2024\/09\/stacilofica.jpg\",\"contentUrl\":\"https:\/\/www.smedemokrati.sk\/wp-content\/uploads\/2024\/09\/stacilofica.jpg\",\"width\":1592,\"height\":739},{\"@type\":\"BreadcrumbList\",\"@id\":\"https:\/\/www.smedemokrati.sk\/vlada-stratila-v-parlamente-vacsinu-vy\/#breadcrumb\",\"itemListElement\":[{\"@type\":\"ListItem\",\"position\":1,\"name\":\"Domovsk\u00e1 str\u00e1nka\",\"item\":\"https:\/\/www.smedemokrati.sk\/\"},{\"@type\":\"ListItem\",\"position\":2,\"name\":\"Vl\u00e1da stratila v parlamente v\u00e4\u010d\u0161inu &#8211; vyz\u00fdvame na hlasovanie o jej d\u00f4vere\"}]},{\"@type\":\"WebSite\",\"@id\":\"https:\/\/www.smedemokrati.sk\/#website\",\"url\":\"https:\/\/www.smedemokrati.sk\/\",\"name\":\"Smedemokrati.sk\",\"description\":\"Demokracia a slu\u0161nos\u0165 zv\u00ed\u0165az\u00ed\",\"publisher\":{\"@id\":\"https:\/\/www.smedemokrati.sk\/#organization\"},\"potentialAction\":[{\"@type\":\"SearchAction\",\"target\":{\"@type\":\"EntryPoint\",\"urlTemplate\":\"https:\/\/www.smedemokrati.sk\/?s={search_term_string}\"},\"query-input\":{\"@type\":\"PropertyValueSpecification\",\"valueRequired\":true,\"valueName\":\"search_term_string\"}}],\"inLanguage\":\"en-US\"},{\"@type\":\"Organization\",\"@id\":\"https:\/\/www.smedemokrati.sk\/#organization\",\"name\":\"Smedemokrati.sk\",\"url\":\"https:\/\/www.smedemokrati.sk\/\",\"logo\":{\"@type\":\"ImageObject\",\"inLanguage\":\"en-US\",\"@id\":\"https:\/\/www.smedemokrati.sk\/#\/schema\/logo\/image\/\",\"url\":\"https:\/\/www.smedemokrati.sk\/wp-content\/uploads\/2023\/04\/ff.002.jpeg\",\"contentUrl\":\"https:\/\/www.smedemokrati.sk\/wp-content\/uploads\/2023\/04\/ff.002.jpeg\",\"width\":640,\"height\":480,\"caption\":\"Smedemokrati.sk\"},\"image\":{\"@id\":\"https:\/\/www.smedemokrati.sk\/#\/schema\/logo\/image\/\"},\"sameAs\":[\"https:\/\/www.facebook.com\/smedemokrati2023\"]},{\"@type\":\"Person\",\"@id\":\"https:\/\/www.smedemokrati.sk\/#\/schema\/person\/21f147c88d605aa7ded900e1e7c344ba\",\"name\":\"miro.sopko\",\"image\":{\"@type\":\"ImageObject\",\"inLanguage\":\"en-US\",\"@id\":\"https:\/\/secure.gravatar.com\/avatar\/267e4a36f704376c109afe3a78740c1f5dd8675a2180a908699e7863c9247606?s=96&d=mm&r=g\",\"url\":\"https:\/\/secure.gravatar.com\/avatar\/267e4a36f704376c109afe3a78740c1f5dd8675a2180a908699e7863c9247606?s=96&d=mm&r=g\",\"contentUrl\":\"https:\/\/secure.gravatar.com\/avatar\/267e4a36f704376c109afe3a78740c1f5dd8675a2180a908699e7863c9247606?s=96&d=mm&r=g\",\"caption\":\"miro.sopko\"},\"url\":\"https:\/\/www.smedemokrati.sk\/en\/author\/miro-sopko\/\"}]}<\/script>\n<!-- \/ Yoast SEO plugin. -->","yoast_head_json":{"title":"Vl\u00e1da stratila v parlamente v\u00e4\u010d\u0161inu - vyz\u00fdvame na hlasovanie o jej d\u00f4vere","robots":{"index":"index","follow":"follow","max-snippet":"max-snippet:-1","max-image-preview":"max-image-preview:large","max-video-preview":"max-video-preview:-1"},"canonical":"https:\/\/www.smedemokrati.sk\/en\/vlada-stratila-v-parlamente-vacsinu-vy\/","og_locale":"en_US","og_type":"article","og_title":"[:sk]Vl\u00e1da stratila v parlamente v\u00e4\u010d\u0161inu - vyz\u00fdvame na hlasovanie o jej d\u00f4vere[:] - Smedemokrati.sk","og_description":"Primit\u00edvna h\u00e1dka o stran\u00edcke fleky v ochrane pr\u00edrody paralyzuje \u010dinnos\u0165 n\u00e1rodnej rady. Vl\u00e1dna koal\u00edcia v d\u00f4sledku sporu medzi Huliakom s Tarabom a Dankom stratila v t\u00fdchto d\u0148och parlamentn\u00fa v\u00e4\u010d\u0161inu. Vyz\u00fdvame na jedin\u00e9 \u010dist\u00e9 rie\u0161enie: hlasovanie o d\u00f4vere vl\u00e1dy, ku ktor\u00e9mu je poslanec \u013dubom\u00edr Galko pripraven\u00fd pripoji\u0165 svoj podpis. O\u010dak\u00e1vame toti\u017e kup\u010denie s hlasmi a \u0161pinav\u00e9 [&hellip;]","og_url":"https:\/\/www.smedemokrati.sk\/en\/vlada-stratila-v-parlamente-vacsinu-vy\/","og_site_name":"Smedemokrati.sk","article_publisher":"https:\/\/www.facebook.com\/smedemokrati2023","article_published_time":"2024-10-29T17:25:33+00:00","article_modified_time":"2024-11-13T12:07:22+00:00","og_image":[{"width":1592,"height":739,"url":"https:\/\/www.smedemokrati.sk\/wp-content\/uploads\/2024\/09\/stacilofica.jpg","type":"image\/jpeg"}],"author":"miro.sopko","twitter_card":"summary_large_image","twitter_misc":{"Written by":"miro.sopko","Est. reading time":"3 minutes"},"schema":{"@context":"https:\/\/schema.org","@graph":[{"@type":"Article","@id":"https:\/\/www.smedemokrati.sk\/vlada-stratila-v-parlamente-vacsinu-vy\/#article","isPartOf":{"@id":"https:\/\/www.smedemokrati.sk\/vlada-stratila-v-parlamente-vacsinu-vy\/"},"author":{"name":"miro.sopko","@id":"https:\/\/www.smedemokrati.sk\/#\/schema\/person\/21f147c88d605aa7ded900e1e7c344ba"},"headline":"Vl\u00e1da stratila v parlamente v\u00e4\u010d\u0161inu &#8211; vyz\u00fdvame na hlasovanie o jej d\u00f4vere","datePublished":"2024-10-29T17:25:33+00:00","dateModified":"2024-11-13T12:07:22+00:00","mainEntityOfPage":{"@id":"https:\/\/www.smedemokrati.sk\/vlada-stratila-v-parlamente-vacsinu-vy\/"},"wordCount":536,"publisher":{"@id":"https:\/\/www.smedemokrati.sk\/#organization"},"image":{"@id":"https:\/\/www.smedemokrati.sk\/vlada-stratila-v-parlamente-vacsinu-vy\/#primaryimage"},"thumbnailUrl":"https:\/\/www.smedemokrati.sk\/wp-content\/uploads\/2024\/09\/stacilofica.jpg","articleSection":["Tla\u010dov\u00e9 spr\u00e1vy"],"inLanguage":"en-US"},{"@type":"WebPage","@id":"https:\/\/www.smedemokrati.sk\/vlada-stratila-v-parlamente-vacsinu-vy\/","url":"https:\/\/www.smedemokrati.sk\/vlada-stratila-v-parlamente-vacsinu-vy\/","name":"Vl\u00e1da stratila v parlamente v\u00e4\u010d\u0161inu - vyz\u00fdvame na hlasovanie o jej d\u00f4vere","isPartOf":{"@id":"https:\/\/www.smedemokrati.sk\/#website"},"primaryImageOfPage":{"@id":"https:\/\/www.smedemokrati.sk\/vlada-stratila-v-parlamente-vacsinu-vy\/#primaryimage"},"image":{"@id":"https:\/\/www.smedemokrati.sk\/vlada-stratila-v-parlamente-vacsinu-vy\/#primaryimage"},"thumbnailUrl":"https:\/\/www.smedemokrati.sk\/wp-content\/uploads\/2024\/09\/stacilofica.jpg","datePublished":"2024-10-29T17:25:33+00:00","dateModified":"2024-11-13T12:07:22+00:00","breadcrumb":{"@id":"https:\/\/www.smedemokrati.sk\/vlada-stratila-v-parlamente-vacsinu-vy\/#breadcrumb"},"inLanguage":"en-US","potentialAction":[{"@type":"ReadAction","target":["https:\/\/www.smedemokrati.sk\/vlada-stratila-v-parlamente-vacsinu-vy\/"]}]},{"@type":"ImageObject","inLanguage":"en-US","@id":"https:\/\/www.smedemokrati.sk\/vlada-stratila-v-parlamente-vacsinu-vy\/#primaryimage","url":"https:\/\/www.smedemokrati.sk\/wp-content\/uploads\/2024\/09\/stacilofica.jpg","contentUrl":"https:\/\/www.smedemokrati.sk\/wp-content\/uploads\/2024\/09\/stacilofica.jpg","width":1592,"height":739},{"@type":"BreadcrumbList","@id":"https:\/\/www.smedemokrati.sk\/vlada-stratila-v-parlamente-vacsinu-vy\/#breadcrumb","itemListElement":[{"@type":"ListItem","position":1,"name":"Domovsk\u00e1 str\u00e1nka","item":"https:\/\/www.smedemokrati.sk\/"},{"@type":"ListItem","position":2,"name":"Vl\u00e1da stratila v parlamente v\u00e4\u010d\u0161inu &#8211; vyz\u00fdvame na hlasovanie o jej d\u00f4vere"}]},{"@type":"WebSite","@id":"https:\/\/www.smedemokrati.sk\/#website","url":"https:\/\/www.smedemokrati.sk\/","name":"Smedemokrati.sk","description":"Demokracia a slu\u0161nos\u0165 zv\u00ed\u0165az\u00ed","publisher":{"@id":"https:\/\/www.smedemokrati.sk\/#organization"},"potentialAction":[{"@type":"SearchAction","target":{"@type":"EntryPoint","urlTemplate":"https:\/\/www.smedemokrati.sk\/?s={search_term_string}"},"query-input":{"@type":"PropertyValueSpecification","valueRequired":true,"valueName":"search_term_string"}}],"inLanguage":"en-US"},{"@type":"Organization","@id":"https:\/\/www.smedemokrati.sk\/#organization","name":"Smedemokrati.sk","url":"https:\/\/www.smedemokrati.sk\/","logo":{"@type":"ImageObject","inLanguage":"en-US","@id":"https:\/\/www.smedemokrati.sk\/#\/schema\/logo\/image\/","url":"https:\/\/www.smedemokrati.sk\/wp-content\/uploads\/2023\/04\/ff.002.jpeg","contentUrl":"https:\/\/www.smedemokrati.sk\/wp-content\/uploads\/2023\/04\/ff.002.jpeg","width":640,"height":480,"caption":"Smedemokrati.sk"},"image":{"@id":"https:\/\/www.smedemokrati.sk\/#\/schema\/logo\/image\/"},"sameAs":["https:\/\/www.facebook.com\/smedemokrati2023"]},{"@type":"Person","@id":"https:\/\/www.smedemokrati.sk\/#\/schema\/person\/21f147c88d605aa7ded900e1e7c344ba","name":"miro.sopko","image":{"@type":"ImageObject","inLanguage":"en-US","@id":"https:\/\/secure.gravatar.com\/avatar\/267e4a36f704376c109afe3a78740c1f5dd8675a2180a908699e7863c9247606?s=96&d=mm&r=g","url":"https:\/\/secure.gravatar.com\/avatar\/267e4a36f704376c109afe3a78740c1f5dd8675a2180a908699e7863c9247606?s=96&d=mm&r=g","contentUrl":"https:\/\/secure.gravatar.com\/avatar\/267e4a36f704376c109afe3a78740c1f5dd8675a2180a908699e7863c9247606?s=96&d=mm&r=g","caption":"miro.sopko"},"url":"https:\/\/www.smedemokrati.sk\/en\/author\/miro-sopko\/"}]}},"_links":{"self":[{"href":"https:\/\/www.smedemokrati.sk\/en\/wp-json\/wp\/v2\/posts\/5425","targetHints":{"allow":["GET"]}}],"collection":[{"href":"https:\/\/www.smedemokrati.sk\/en\/wp-json\/wp\/v2\/posts"}],"about":[{"href":"https:\/\/www.smedemokrati.sk\/en\/wp-json\/wp\/v2\/types\/post"}],"author":[{"embeddable":true,"href":"https:\/\/www.smedemokrati.sk\/en\/wp-json\/wp\/v2\/users\/13"}],"replies":[{"embeddable":true,"href":"https:\/\/www.smedemokrati.sk\/en\/wp-json\/wp\/v2\/comments?post=5425"}],"version-history":[{"count":2,"href":"https:\/\/www.smedemokrati.sk\/en\/wp-json\/wp\/v2\/posts\/5425\/revisions"}],"predecessor-version":[{"id":5427,"href":"https:\/\/www.smedemokrati.sk\/en\/wp-json\/wp\/v2\/posts\/5425\/revisions\/5427"}],"wp:featuredmedia":[{"embeddable":true,"href":"https:\/\/www.smedemokrati.sk\/en\/wp-json\/wp\/v2\/media\/5211"}],"wp:attachment":[{"href":"https:\/\/www.smedemokrati.sk\/en\/wp-json\/wp\/v2\/media?parent=5425"}],"wp:term":[{"taxonomy":"category","embeddable":true,"href":"https:\/\/www.smedemokrati.sk\/en\/wp-json\/wp\/v2\/categories?post=5425"},{"taxonomy":"post_tag","embeddable":true,"href":"https:\/\/www.smedemokrati.sk\/en\/wp-json\/wp\/v2\/tags?post=5425"}],"curies":[{"name":"wp","href":"https:\/\/api.w.org\/{rel}","templated":true}]}}