{"id":5419,"date":"2024-10-29T11:49:00","date_gmt":"2024-10-29T10:49:00","guid":{"rendered":"https:\/\/www.smedemokrati.sk\/?p=5419"},"modified":"2024-11-13T13:07:12","modified_gmt":"2024-11-13T12:07:12","slug":"otazniky-nad-ficovou-tajnou-cestou-do-chorvatska","status":"publish","type":"post","link":"https:\/\/www.smedemokrati.sk\/en\/otazniky-nad-ficovou-tajnou-cestou-do-chorvatska\/","title":{"rendered":"Ot\u00e1zniky nad Ficovou tajnou cestou do Chorv\u00e1tska"},"content":{"rendered":"<div id=\"fb-root\"><\/div>\n\n<p><strong>Namiesto rie\u0161enia probl\u00e9mov s vysok\u00fdmi cenami potrav\u00edn \u010di rozpadom policajn\u00e9ho zboru a kolapsu zdravotn\u00edctva lieta premi\u00e9r Fico na dovolenky s\u00fakromn\u00fdm trysk\u00e1\u010dom a navy\u0161e, zrejme s kontroverzn\u00fdmi osobami, ktor\u00ed sa h\u00fdbu okolo podnikate\u013ea B\u00f6d\u00f6r. Demokrati kritizuj\u00fa, \u017ee premi\u00e9r, ktor\u00e9ho len ned\u00e1vno postrelili, chod\u00ed mimo Slovenska \u00fadajne bez ochranky, pri\u010dom doma po\u010d\u00favame o neust\u00e1lom ohrozen\u00ed jeho osoby. Premi\u00e9ra sa strana p\u00fdta konkr\u00e9tne ot\u00e1zky oh\u013eadom utajovanej cesty a \u017eiada jasn\u00e9 odpovede.&nbsp;<\/strong><\/p>\n\n\n\n<p>Demokrati \u201ev\u00edtali&#8221; na bratislavskom letisku premi\u00e9ra, ktor\u00fd sa s\u00fakromn\u00fdm lietadlom vracal z chorv\u00e1tskeho Splitu:\u00a0<em>\u201eRozumiem potrebe oddychu, no prep\u00e1\u010dte, ale v \u010dase ke\u010f Slov\u00e1ci nevedia \u010do sk\u00f4r plati\u0165 &#8211; \u010di drah\u00e9 potraviny alebo hypot\u00e9ky a ke\u010f sa rozpad\u00e1 policajn\u00fd zbor a kolabuje zdravotn\u00edctvo, nepova\u017eujem tak\u00fato dovolenku s\u00fakromn\u00fdm trysk\u00e1\u010dom za adekv\u00e1tnu,&#8221;\u00a0<\/em>otv\u00e1ra t\u00e9mu Jaroslav Na\u010f a nazna\u010duje, \u017ee pod\u013ea inform\u00e1ci\u00ed, ktor\u00fdmi strana disponuje, bol premi\u00e9r v spolo\u010dnosti kontroverznej podnikate\u013eky a poslanca Stred\u00e1ka, ktor\u00fd je viac ako v\u00fdkonom v parlamente, zn\u00e1my ako prav\u00e1 ruka &#8220;podnikate\u013ea&#8221; B\u00f6d\u00f6ra rovnako, ako spom\u00ednan\u00e1 podnikate\u013eka, ktor\u00e1 sa navy\u0161e venuje predajom luxusn\u00fdch nehnute\u013enost\u00ed.\u00a0<\/p>\n\n\n\n<p>B\u00fdval\u00fd minister obrany tie\u017e hovor\u00ed, \u017ee je prinajmen\u0161om zauj\u00edmav\u00e9, \u017ee s premi\u00e9rom neletela ochranka:\u00a0<em>\u201eOd ohavn\u00e9ho atent\u00e1tu na Fica tu po\u010d\u00favame v akom ohrozen\u00ed s\u00fa v\u0161etci vo vl\u00e1de na \u010dele s Robertom Ficom. Ja to nespochyb\u0148ujem, ve\u010f bol na \u0148om sp\u00e1chan\u00fd ohavn\u00fd zlo\u010din. No rozumiem tomu spr\u00e1vne, \u017ee obavy platia iba na \u00fazem\u00ed Slovenska? Prep\u00e1\u010dte, ale ak m\u00e1 bezpe\u010dnos\u0165 vl\u00e1dnych \u010dinite\u013eov hranice, tak som potom asi za moje vy\u0161e 20 ro\u010dn\u00e9 p\u00f4sobenie v bezpe\u010dnostn\u00fdch t\u00e9mach nie\u010do nepochopil.&#8221;\u00a0<\/em><\/p>\n\n\n\n<p>Pod\u013ea Juraja \u0160eligu je situ\u00e1cia alarmuj\u00faca. \u201e<em>Cez 2000 lek\u00e1rov dalo v\u00fdpove\u010f, 2400 policajtov kon\u010d\u00ed, ceny potrav\u00edn st\u00fapaj\u00fa, p\u00e1n premi\u00e9r, kde s\u00fa rie\u0161enia? Odd\u00fdchli ste si, ale teraz je \u010das, aby ste rie\u0161ili re\u00e1lne probl\u00e9my Slovenska. Alebo si u\u017e h\u013ead\u00e1te nov\u00e9 s\u00eddlo, kde sa chcete po svojom funk\u010dnom obdob\u00ed chcete ods\u0165ahova\u0165? Ch\u00e1pem, \u017ee sa pripravujete na d\u00f4chodok a pri mori je dobre, ale ke\u010f ste premi\u00e9r, mali by ste sa venova\u0165 probl\u00e9mom \u013eud\u00ed. Opakovane v\u00e1s vyz\u00fdvame na konkr\u00e9tne kroky, opakovane v\u00e1m pon\u00fakame rie\u0161enia a opakovane v\u0161etko ignorujete. P\u00e1n premi\u00e9r ak nem\u00e1te z\u00e1ujem rie\u0161i\u0165 probl\u00e9my \u013eud\u00ed a rad\u0161ej chcete rie\u0161i\u0165 ot\u00e1zku b\u00fdvania pri mori, tak podajte demisiu.&#8221;<\/em><\/p>\n\n\n\n<p>Demokrati sa jasne p\u00fdtaj\u00fa a po premi\u00e9rovej ni\u010d nehovoriacej, no zato ur\u00e1\u017elivej reakcii o\u010dak\u00e1vaj\u00fa odpovede na konkr\u00e9tne ot\u00e1zky. Chc\u00fa vedie\u0165, \u010di bol premi\u00e9r v Chorv\u00e1tsku, \u010di si bol pozrie\u0165 nehnute\u013enos\u0165 a \u010di s n\u00edm bol poslanec Stred\u00e1k. Tie\u017e chc\u00fa vedie\u0165, kto platil let s\u00fakromn\u00fdm lietadlom, u koho b\u00fdval a \u010di bola pr\u00edtomn\u00e1 aj kontroverzn\u00e1 podnikate\u013eka. Uzatv\u00e1raj\u00fa, \u017ee p\u00f4vodn\u00fd let Split &#8211; Bratislava bol ne\u010dakane zru\u0161en\u00fd a v letovom pl\u00e1ne pribudla zast\u00e1vka v Prahe. Na Slovensko sa vracala u\u017e iba u\u017e\u0161ia zostava. P\u00fdtaj\u00fa sa preto, pre\u010do tak\u00e1to n\u00e1hla zmena a kto musel vystupova\u0165 na letisku v Prahe.<\/p>\n\n\n<div class=\"fb-video\" data-href=\"https:\/\/fb.watch\/vwp_ctXOe2\" data-allowfullscreen=\"true\" data-autoplay=\"false\" data-width=\"\" data-show-text=\"false\" data-show-captions=\"true\"><\/div>\n","protected":false},"excerpt":{"rendered":"<p>Namiesto rie\u0161enia probl\u00e9mov s vysok\u00fdmi cenami potrav\u00edn \u010di rozpadom policajn\u00e9ho zboru a kolapsu zdravotn\u00edctva lieta premi\u00e9r Fico na dovolenky s\u00fakromn\u00fdm trysk\u00e1\u010dom a navy\u0161e, zrejme s kontroverzn\u00fdmi osobami, ktor\u00ed sa h\u00fdbu okolo podnikate\u013ea B\u00f6d\u00f6r. Demokrati kritizuj\u00fa, \u017ee premi\u00e9r, ktor\u00e9ho len ned\u00e1vno postrelili, chod\u00ed mimo Slovenska \u00fadajne bez ochranky, pri\u010dom doma po\u010d\u00favame o neust\u00e1lom ohrozen\u00ed jeho osoby. [&hellip;]<\/p>\n","protected":false},"author":13,"featured_media":1849,"comment_status":"closed","ping_status":"closed","sticky":false,"template":"","format":"standard","meta":{"_acf_changed":false,"ngg_post_thumbnail":0,"footnotes":""},"categories":[4],"tags":[],"class_list":["post-5419","post","type-post","status-publish","format-standard","has-post-thumbnail","hentry","category-tlacove-spravy"],"acf":[],"yoast_head":"<!-- This site is optimized with the Yoast SEO plugin v27.2 - https:\/\/yoast.com\/product\/yoast-seo-wordpress\/ -->\n<title>Ot\u00e1zniky nad Ficovou tajnou cestou do Chorv\u00e1tska<\/title>\n<meta name=\"robots\" content=\"index, follow, max-snippet:-1, max-image-preview:large, max-video-preview:-1\" \/>\n<link rel=\"canonical\" href=\"https:\/\/www.smedemokrati.sk\/en\/otazniky-nad-ficovou-tajnou-cestou-do-chorvatska\/\" \/>\n<meta property=\"og:locale\" content=\"en_US\" \/>\n<meta property=\"og:locale:alternate\" content=\"cs_CZ\" \/>\n<meta property=\"og:locale:alternate\" content=\"hu_HU\" \/>\n<meta property=\"og:locale:alternate\" content=\"sk_SK\" \/>\n<meta property=\"og:locale:alternate\" content=\"sv_SE\" \/>\n<meta property=\"og:type\" content=\"article\" \/>\n<meta property=\"og:title\" content=\"Ot\u00e1zniky nad Ficovou tajnou cestou do Chorv\u00e1tska\" \/>\n<meta property=\"og:description\" content=\"Namiesto rie\u0161enia probl\u00e9mov s vysok\u00fdmi cenami potrav\u00edn \u010di rozpadom policajn\u00e9ho zboru a kolapsu zdravotn\u00edctva lieta premi\u00e9r Fico na dovolenky s\u00fakromn\u00fdm trysk\u00e1\u010dom a navy\u0161e, zrejme s kontroverzn\u00fdmi osobami, ktor\u00ed sa h\u00fdbu okolo podnikate\u013ea B\u00f6d\u00f6r. Demokrati kritizuj\u00fa, \u017ee premi\u00e9r, ktor\u00e9ho len ned\u00e1vno postrelili, chod\u00ed mimo Slovenska \u00fadajne bez ochranky, pri\u010dom doma po\u010d\u00favame o neust\u00e1lom ohrozen\u00ed jeho osoby. [&hellip;]\" \/>\n<meta property=\"og:url\" content=\"https:\/\/www.smedemokrati.sk\/en\/otazniky-nad-ficovou-tajnou-cestou-do-chorvatska\/\" \/>\n<meta property=\"og:site_name\" content=\"Smedemokrati.sk\" \/>\n<meta property=\"article:publisher\" content=\"https:\/\/www.facebook.com\/smedemokrati2023\" \/>\n<meta property=\"article:published_time\" content=\"2024-10-29T10:49:00+00:00\" \/>\n<meta property=\"article:modified_time\" content=\"2024-11-13T12:07:12+00:00\" \/>\n<meta property=\"og:image\" content=\"https:\/\/www.smedemokrati.sk\/wp-content\/uploads\/2023\/08\/smer-lubos-blaha-robert-fico-zvolen-oslavy-snp-miroslav-suja_06-galeria.jpg\" \/>\n\t<meta property=\"og:image:width\" content=\"1200\" \/>\n\t<meta property=\"og:image:height\" content=\"800\" \/>\n\t<meta property=\"og:image:type\" content=\"image\/jpeg\" \/>\n<meta name=\"author\" content=\"miro.sopko\" \/>\n<meta name=\"twitter:card\" content=\"summary_large_image\" \/>\n<meta name=\"twitter:label1\" content=\"Written by\" \/>\n\t<meta name=\"twitter:data1\" content=\"miro.sopko\" \/>\n\t<meta name=\"twitter:label2\" content=\"Est. reading time\" \/>\n\t<meta name=\"twitter:data2\" content=\"3 minutes\" \/>\n<script type=\"application\/ld+json\" class=\"yoast-schema-graph\">{\"@context\":\"https:\/\/schema.org\",\"@graph\":[{\"@type\":\"Article\",\"@id\":\"https:\/\/www.smedemokrati.sk\/otazniky-nad-ficovou-tajnou-cestou-do-chorvatska\/#article\",\"isPartOf\":{\"@id\":\"https:\/\/www.smedemokrati.sk\/otazniky-nad-ficovou-tajnou-cestou-do-chorvatska\/\"},\"author\":{\"name\":\"miro.sopko\",\"@id\":\"https:\/\/www.smedemokrati.sk\/#\/schema\/person\/21f147c88d605aa7ded900e1e7c344ba\"},\"headline\":\"Ot\u00e1zniky nad Ficovou tajnou cestou do Chorv\u00e1tska\",\"datePublished\":\"2024-10-29T10:49:00+00:00\",\"dateModified\":\"2024-11-13T12:07:12+00:00\",\"mainEntityOfPage\":{\"@id\":\"https:\/\/www.smedemokrati.sk\/otazniky-nad-ficovou-tajnou-cestou-do-chorvatska\/\"},\"wordCount\":614,\"publisher\":{\"@id\":\"https:\/\/www.smedemokrati.sk\/#organization\"},\"image\":{\"@id\":\"https:\/\/www.smedemokrati.sk\/otazniky-nad-ficovou-tajnou-cestou-do-chorvatska\/#primaryimage\"},\"thumbnailUrl\":\"https:\/\/www.smedemokrati.sk\/wp-content\/uploads\/2023\/08\/smer-lubos-blaha-robert-fico-zvolen-oslavy-snp-miroslav-suja_06-galeria.jpg\",\"articleSection\":[\"Tla\u010dov\u00e9 spr\u00e1vy\"],\"inLanguage\":\"en-US\"},{\"@type\":\"WebPage\",\"@id\":\"https:\/\/www.smedemokrati.sk\/otazniky-nad-ficovou-tajnou-cestou-do-chorvatska\/\",\"url\":\"https:\/\/www.smedemokrati.sk\/otazniky-nad-ficovou-tajnou-cestou-do-chorvatska\/\",\"name\":\"Ot\u00e1zniky nad Ficovou tajnou cestou do Chorv\u00e1tska\",\"isPartOf\":{\"@id\":\"https:\/\/www.smedemokrati.sk\/#website\"},\"primaryImageOfPage\":{\"@id\":\"https:\/\/www.smedemokrati.sk\/otazniky-nad-ficovou-tajnou-cestou-do-chorvatska\/#primaryimage\"},\"image\":{\"@id\":\"https:\/\/www.smedemokrati.sk\/otazniky-nad-ficovou-tajnou-cestou-do-chorvatska\/#primaryimage\"},\"thumbnailUrl\":\"https:\/\/www.smedemokrati.sk\/wp-content\/uploads\/2023\/08\/smer-lubos-blaha-robert-fico-zvolen-oslavy-snp-miroslav-suja_06-galeria.jpg\",\"datePublished\":\"2024-10-29T10:49:00+00:00\",\"dateModified\":\"2024-11-13T12:07:12+00:00\",\"breadcrumb\":{\"@id\":\"https:\/\/www.smedemokrati.sk\/otazniky-nad-ficovou-tajnou-cestou-do-chorvatska\/#breadcrumb\"},\"inLanguage\":\"en-US\",\"potentialAction\":[{\"@type\":\"ReadAction\",\"target\":[\"https:\/\/www.smedemokrati.sk\/otazniky-nad-ficovou-tajnou-cestou-do-chorvatska\/\"]}]},{\"@type\":\"ImageObject\",\"inLanguage\":\"en-US\",\"@id\":\"https:\/\/www.smedemokrati.sk\/otazniky-nad-ficovou-tajnou-cestou-do-chorvatska\/#primaryimage\",\"url\":\"https:\/\/www.smedemokrati.sk\/wp-content\/uploads\/2023\/08\/smer-lubos-blaha-robert-fico-zvolen-oslavy-snp-miroslav-suja_06-galeria.jpg\",\"contentUrl\":\"https:\/\/www.smedemokrati.sk\/wp-content\/uploads\/2023\/08\/smer-lubos-blaha-robert-fico-zvolen-oslavy-snp-miroslav-suja_06-galeria.jpg\",\"width\":1200,\"height\":800},{\"@type\":\"BreadcrumbList\",\"@id\":\"https:\/\/www.smedemokrati.sk\/otazniky-nad-ficovou-tajnou-cestou-do-chorvatska\/#breadcrumb\",\"itemListElement\":[{\"@type\":\"ListItem\",\"position\":1,\"name\":\"Domovsk\u00e1 str\u00e1nka\",\"item\":\"https:\/\/www.smedemokrati.sk\/\"},{\"@type\":\"ListItem\",\"position\":2,\"name\":\"Ot\u00e1zniky nad Ficovou tajnou cestou do Chorv\u00e1tska\"}]},{\"@type\":\"WebSite\",\"@id\":\"https:\/\/www.smedemokrati.sk\/#website\",\"url\":\"https:\/\/www.smedemokrati.sk\/\",\"name\":\"Smedemokrati.sk\",\"description\":\"Demokracia a slu\u0161nos\u0165 zv\u00ed\u0165az\u00ed\",\"publisher\":{\"@id\":\"https:\/\/www.smedemokrati.sk\/#organization\"},\"potentialAction\":[{\"@type\":\"SearchAction\",\"target\":{\"@type\":\"EntryPoint\",\"urlTemplate\":\"https:\/\/www.smedemokrati.sk\/?s={search_term_string}\"},\"query-input\":{\"@type\":\"PropertyValueSpecification\",\"valueRequired\":true,\"valueName\":\"search_term_string\"}}],\"inLanguage\":\"en-US\"},{\"@type\":\"Organization\",\"@id\":\"https:\/\/www.smedemokrati.sk\/#organization\",\"name\":\"Smedemokrati.sk\",\"url\":\"https:\/\/www.smedemokrati.sk\/\",\"logo\":{\"@type\":\"ImageObject\",\"inLanguage\":\"en-US\",\"@id\":\"https:\/\/www.smedemokrati.sk\/#\/schema\/logo\/image\/\",\"url\":\"https:\/\/www.smedemokrati.sk\/wp-content\/uploads\/2023\/04\/ff.002.jpeg\",\"contentUrl\":\"https:\/\/www.smedemokrati.sk\/wp-content\/uploads\/2023\/04\/ff.002.jpeg\",\"width\":640,\"height\":480,\"caption\":\"Smedemokrati.sk\"},\"image\":{\"@id\":\"https:\/\/www.smedemokrati.sk\/#\/schema\/logo\/image\/\"},\"sameAs\":[\"https:\/\/www.facebook.com\/smedemokrati2023\"]},{\"@type\":\"Person\",\"@id\":\"https:\/\/www.smedemokrati.sk\/#\/schema\/person\/21f147c88d605aa7ded900e1e7c344ba\",\"name\":\"miro.sopko\",\"image\":{\"@type\":\"ImageObject\",\"inLanguage\":\"en-US\",\"@id\":\"https:\/\/secure.gravatar.com\/avatar\/267e4a36f704376c109afe3a78740c1f5dd8675a2180a908699e7863c9247606?s=96&d=mm&r=g\",\"url\":\"https:\/\/secure.gravatar.com\/avatar\/267e4a36f704376c109afe3a78740c1f5dd8675a2180a908699e7863c9247606?s=96&d=mm&r=g\",\"contentUrl\":\"https:\/\/secure.gravatar.com\/avatar\/267e4a36f704376c109afe3a78740c1f5dd8675a2180a908699e7863c9247606?s=96&d=mm&r=g\",\"caption\":\"miro.sopko\"},\"url\":\"https:\/\/www.smedemokrati.sk\/en\/author\/miro-sopko\/\"}]}<\/script>\n<!-- \/ Yoast SEO plugin. -->","yoast_head_json":{"title":"Ot\u00e1zniky nad Ficovou tajnou cestou do Chorv\u00e1tska","robots":{"index":"index","follow":"follow","max-snippet":"max-snippet:-1","max-image-preview":"max-image-preview:large","max-video-preview":"max-video-preview:-1"},"canonical":"https:\/\/www.smedemokrati.sk\/en\/otazniky-nad-ficovou-tajnou-cestou-do-chorvatska\/","og_locale":"en_US","og_type":"article","og_title":"[:sk]Ot\u00e1zniky nad Ficovou tajnou cestou do Chorv\u00e1tska[:] - Smedemokrati.sk","og_description":"Namiesto rie\u0161enia probl\u00e9mov s vysok\u00fdmi cenami potrav\u00edn \u010di rozpadom policajn\u00e9ho zboru a kolapsu zdravotn\u00edctva lieta premi\u00e9r Fico na dovolenky s\u00fakromn\u00fdm trysk\u00e1\u010dom a navy\u0161e, zrejme s kontroverzn\u00fdmi osobami, ktor\u00ed sa h\u00fdbu okolo podnikate\u013ea B\u00f6d\u00f6r. Demokrati kritizuj\u00fa, \u017ee premi\u00e9r, ktor\u00e9ho len ned\u00e1vno postrelili, chod\u00ed mimo Slovenska \u00fadajne bez ochranky, pri\u010dom doma po\u010d\u00favame o neust\u00e1lom ohrozen\u00ed jeho osoby. [&hellip;]","og_url":"https:\/\/www.smedemokrati.sk\/en\/otazniky-nad-ficovou-tajnou-cestou-do-chorvatska\/","og_site_name":"Smedemokrati.sk","article_publisher":"https:\/\/www.facebook.com\/smedemokrati2023","article_published_time":"2024-10-29T10:49:00+00:00","article_modified_time":"2024-11-13T12:07:12+00:00","og_image":[{"width":1200,"height":800,"url":"https:\/\/www.smedemokrati.sk\/wp-content\/uploads\/2023\/08\/smer-lubos-blaha-robert-fico-zvolen-oslavy-snp-miroslav-suja_06-galeria.jpg","type":"image\/jpeg"}],"author":"miro.sopko","twitter_card":"summary_large_image","twitter_misc":{"Written by":"miro.sopko","Est. reading time":"3 minutes"},"schema":{"@context":"https:\/\/schema.org","@graph":[{"@type":"Article","@id":"https:\/\/www.smedemokrati.sk\/otazniky-nad-ficovou-tajnou-cestou-do-chorvatska\/#article","isPartOf":{"@id":"https:\/\/www.smedemokrati.sk\/otazniky-nad-ficovou-tajnou-cestou-do-chorvatska\/"},"author":{"name":"miro.sopko","@id":"https:\/\/www.smedemokrati.sk\/#\/schema\/person\/21f147c88d605aa7ded900e1e7c344ba"},"headline":"Ot\u00e1zniky nad Ficovou tajnou cestou do Chorv\u00e1tska","datePublished":"2024-10-29T10:49:00+00:00","dateModified":"2024-11-13T12:07:12+00:00","mainEntityOfPage":{"@id":"https:\/\/www.smedemokrati.sk\/otazniky-nad-ficovou-tajnou-cestou-do-chorvatska\/"},"wordCount":614,"publisher":{"@id":"https:\/\/www.smedemokrati.sk\/#organization"},"image":{"@id":"https:\/\/www.smedemokrati.sk\/otazniky-nad-ficovou-tajnou-cestou-do-chorvatska\/#primaryimage"},"thumbnailUrl":"https:\/\/www.smedemokrati.sk\/wp-content\/uploads\/2023\/08\/smer-lubos-blaha-robert-fico-zvolen-oslavy-snp-miroslav-suja_06-galeria.jpg","articleSection":["Tla\u010dov\u00e9 spr\u00e1vy"],"inLanguage":"en-US"},{"@type":"WebPage","@id":"https:\/\/www.smedemokrati.sk\/otazniky-nad-ficovou-tajnou-cestou-do-chorvatska\/","url":"https:\/\/www.smedemokrati.sk\/otazniky-nad-ficovou-tajnou-cestou-do-chorvatska\/","name":"Ot\u00e1zniky nad Ficovou tajnou cestou do Chorv\u00e1tska","isPartOf":{"@id":"https:\/\/www.smedemokrati.sk\/#website"},"primaryImageOfPage":{"@id":"https:\/\/www.smedemokrati.sk\/otazniky-nad-ficovou-tajnou-cestou-do-chorvatska\/#primaryimage"},"image":{"@id":"https:\/\/www.smedemokrati.sk\/otazniky-nad-ficovou-tajnou-cestou-do-chorvatska\/#primaryimage"},"thumbnailUrl":"https:\/\/www.smedemokrati.sk\/wp-content\/uploads\/2023\/08\/smer-lubos-blaha-robert-fico-zvolen-oslavy-snp-miroslav-suja_06-galeria.jpg","datePublished":"2024-10-29T10:49:00+00:00","dateModified":"2024-11-13T12:07:12+00:00","breadcrumb":{"@id":"https:\/\/www.smedemokrati.sk\/otazniky-nad-ficovou-tajnou-cestou-do-chorvatska\/#breadcrumb"},"inLanguage":"en-US","potentialAction":[{"@type":"ReadAction","target":["https:\/\/www.smedemokrati.sk\/otazniky-nad-ficovou-tajnou-cestou-do-chorvatska\/"]}]},{"@type":"ImageObject","inLanguage":"en-US","@id":"https:\/\/www.smedemokrati.sk\/otazniky-nad-ficovou-tajnou-cestou-do-chorvatska\/#primaryimage","url":"https:\/\/www.smedemokrati.sk\/wp-content\/uploads\/2023\/08\/smer-lubos-blaha-robert-fico-zvolen-oslavy-snp-miroslav-suja_06-galeria.jpg","contentUrl":"https:\/\/www.smedemokrati.sk\/wp-content\/uploads\/2023\/08\/smer-lubos-blaha-robert-fico-zvolen-oslavy-snp-miroslav-suja_06-galeria.jpg","width":1200,"height":800},{"@type":"BreadcrumbList","@id":"https:\/\/www.smedemokrati.sk\/otazniky-nad-ficovou-tajnou-cestou-do-chorvatska\/#breadcrumb","itemListElement":[{"@type":"ListItem","position":1,"name":"Domovsk\u00e1 str\u00e1nka","item":"https:\/\/www.smedemokrati.sk\/"},{"@type":"ListItem","position":2,"name":"Ot\u00e1zniky nad Ficovou tajnou cestou do Chorv\u00e1tska"}]},{"@type":"WebSite","@id":"https:\/\/www.smedemokrati.sk\/#website","url":"https:\/\/www.smedemokrati.sk\/","name":"Smedemokrati.sk","description":"Demokracia a slu\u0161nos\u0165 zv\u00ed\u0165az\u00ed","publisher":{"@id":"https:\/\/www.smedemokrati.sk\/#organization"},"potentialAction":[{"@type":"SearchAction","target":{"@type":"EntryPoint","urlTemplate":"https:\/\/www.smedemokrati.sk\/?s={search_term_string}"},"query-input":{"@type":"PropertyValueSpecification","valueRequired":true,"valueName":"search_term_string"}}],"inLanguage":"en-US"},{"@type":"Organization","@id":"https:\/\/www.smedemokrati.sk\/#organization","name":"Smedemokrati.sk","url":"https:\/\/www.smedemokrati.sk\/","logo":{"@type":"ImageObject","inLanguage":"en-US","@id":"https:\/\/www.smedemokrati.sk\/#\/schema\/logo\/image\/","url":"https:\/\/www.smedemokrati.sk\/wp-content\/uploads\/2023\/04\/ff.002.jpeg","contentUrl":"https:\/\/www.smedemokrati.sk\/wp-content\/uploads\/2023\/04\/ff.002.jpeg","width":640,"height":480,"caption":"Smedemokrati.sk"},"image":{"@id":"https:\/\/www.smedemokrati.sk\/#\/schema\/logo\/image\/"},"sameAs":["https:\/\/www.facebook.com\/smedemokrati2023"]},{"@type":"Person","@id":"https:\/\/www.smedemokrati.sk\/#\/schema\/person\/21f147c88d605aa7ded900e1e7c344ba","name":"miro.sopko","image":{"@type":"ImageObject","inLanguage":"en-US","@id":"https:\/\/secure.gravatar.com\/avatar\/267e4a36f704376c109afe3a78740c1f5dd8675a2180a908699e7863c9247606?s=96&d=mm&r=g","url":"https:\/\/secure.gravatar.com\/avatar\/267e4a36f704376c109afe3a78740c1f5dd8675a2180a908699e7863c9247606?s=96&d=mm&r=g","contentUrl":"https:\/\/secure.gravatar.com\/avatar\/267e4a36f704376c109afe3a78740c1f5dd8675a2180a908699e7863c9247606?s=96&d=mm&r=g","caption":"miro.sopko"},"url":"https:\/\/www.smedemokrati.sk\/en\/author\/miro-sopko\/"}]}},"_links":{"self":[{"href":"https:\/\/www.smedemokrati.sk\/en\/wp-json\/wp\/v2\/posts\/5419","targetHints":{"allow":["GET"]}}],"collection":[{"href":"https:\/\/www.smedemokrati.sk\/en\/wp-json\/wp\/v2\/posts"}],"about":[{"href":"https:\/\/www.smedemokrati.sk\/en\/wp-json\/wp\/v2\/types\/post"}],"author":[{"embeddable":true,"href":"https:\/\/www.smedemokrati.sk\/en\/wp-json\/wp\/v2\/users\/13"}],"replies":[{"embeddable":true,"href":"https:\/\/www.smedemokrati.sk\/en\/wp-json\/wp\/v2\/comments?post=5419"}],"version-history":[{"count":1,"href":"https:\/\/www.smedemokrati.sk\/en\/wp-json\/wp\/v2\/posts\/5419\/revisions"}],"predecessor-version":[{"id":5420,"href":"https:\/\/www.smedemokrati.sk\/en\/wp-json\/wp\/v2\/posts\/5419\/revisions\/5420"}],"wp:featuredmedia":[{"embeddable":true,"href":"https:\/\/www.smedemokrati.sk\/en\/wp-json\/wp\/v2\/media\/1849"}],"wp:attachment":[{"href":"https:\/\/www.smedemokrati.sk\/en\/wp-json\/wp\/v2\/media?parent=5419"}],"wp:term":[{"taxonomy":"category","embeddable":true,"href":"https:\/\/www.smedemokrati.sk\/en\/wp-json\/wp\/v2\/categories?post=5419"},{"taxonomy":"post_tag","embeddable":true,"href":"https:\/\/www.smedemokrati.sk\/en\/wp-json\/wp\/v2\/tags?post=5419"}],"curies":[{"name":"wp","href":"https:\/\/api.w.org\/{rel}","templated":true}]}}