{"id":5403,"date":"2024-10-24T15:18:03","date_gmt":"2024-10-24T14:18:03","guid":{"rendered":"https:\/\/www.smedemokrati.sk\/?p=5403"},"modified":"2024-11-13T13:07:09","modified_gmt":"2024-11-13T12:07:09","slug":"taraba-uz-chronicky-neplni-ani-vlastne-ulohy-s-planom-obnovy-a-eurofondami-hrozi-ich-prepadnutie","status":"publish","type":"post","link":"https:\/\/www.smedemokrati.sk\/en\/taraba-uz-chronicky-neplni-ani-vlastne-ulohy-s-planom-obnovy-a-eurofondami-hrozi-ich-prepadnutie\/","title":{"rendered":"Taraba u\u017e chronicky nepln\u00ed ani vlastn\u00e9 \u00falohy s Pl\u00e1nom obnovy a eurofondami &#8211; hroz\u00ed ich prepadnutie"},"content":{"rendered":"<div id=\"fb-root\"><\/div>\n\n<p><strong>Minister \u017eivotn\u00e9ho prostredia Tom\u00e1\u0161 Taraba najnov\u0161ie nie je schopn\u00fd plni\u0165 ani \u00falohy v oblasti Pl\u00e1nu obnovy a eurofondov, na ktor\u00e9 ho zaviazala Ficova vl\u00e1da. Ohrozuje tak podanie 5. \u017eiadosti o platbu za skoro 600 mil. eur z Pl\u00e1nu obnovy a \u010derpanie 1,7 mld. eur z eurofondov. S podpredsedom vl\u00e1dy pre pl\u00e1n obnovy Kmecom sa zmohli len na kamuflovanie jeho mana\u017e\u00e9rskych zlyhan\u00ed vo vl\u00e1dnom materi\u00e1li. Vyz\u00fdvame ho, aby sa kone\u010dne za\u010dal venova\u0165 pr\u00e1ci na rezorte v prospech ob\u010danov Slovenska a nie iba pr\u00e1zdnym z\u00e1stupn\u00fdm t\u00e9mam.&nbsp;<\/strong><\/p>\n\n\n\n<p>Taraba nie je schopn\u00fd naplni\u0165 mnoh\u00e9 d\u00f4le\u017eit\u00e9 \u00falohy z vl\u00e1dneho uznesenia z marca 2024. \u201e<em>Do 15. okt\u00f3bra nepredlo\u017eil aktualizovan\u00fa metodiku krajinn\u00e9ho pl\u00e1novania. Schv\u00e1len\u00fd pr\u00edlepok do z\u00e1kona, ktor\u00fdm sa sna\u017e\u00ed simulova\u0165 splnenie reformy krajinn\u00e9ho pl\u00e1novania, je \u010falej \u00faplne nedostato\u010dn\u00fd. Skoro rok nie je schopn\u00fd predstavi\u0165 n\u00e1hradn\u00e9 rie\u0161enie za n\u00edm svojvo\u013ene a bezd\u00f4vodne zru\u0161en\u00fd projekt v\u00fdkupov pozemkov v n\u00e1rodn\u00fdch parkoch. Hoci verejn\u00e9 obstar\u00e1vanie skon\u010dilo, neuzavrel \u010falej ani zmluvu na projektov\u00fa dokument\u00e1ciu na revitaliz\u00e1cie vodn\u00fdch tokov, \u010do mal vykona\u0165 do j\u00fala 2024. Pr\u00e1ce na \u00faseku Moravy, ktor\u00e9 m\u00e1 vykon\u00e1va\u0165 Slovensk\u00fd vodohospod\u00e1rsky podnik, ktor\u00fd m\u00e1 na ne v\u0161etky povolenia a finan\u010dn\u00e9 prostriedky v rozpo\u010dte, stoja \u00faplne. Rok je \u00faplne ne\u010dinn\u00fd aj v reforme povo\u013eovac\u00edch procesov, na ktor\u00e9 \u010dak\u00e1 priemysel. Taraba sa zmohol len na vyhodenie odborn\u00edkov a st\u00e1le nezabezpe\u010dil adekv\u00e1tne person\u00e1lne a organiza\u010dn\u00e9 opatrenia,<\/em>\u201d vysvet\u013euje Michal Ki\u010da, environment\u00e1lny expert a \u010dlen predsedn\u00edctva Demokratov.<\/p>\n\n\n\n<p>Rovnako zl\u00e1 je aj situ\u00e1cia v eurofondoch. Taraba spravuje 1,7 mld. eur z Opera\u010dn\u00e9ho programu Slovensko ur\u010den\u00e9 na projekty v \u017eivotnom prostred\u00ed. \u201e<em>Ako jeden m\u00e1la rezortov dosahuje aktu\u00e1lne z tejto sumy \u00faplne nulov\u00e9, teda \u017eiadne \u010derpanie prostriedkov. Vyhlasuje len v\u00fdzvy pripraven\u00e9 za predch\u00e1dzaj\u00facich vl\u00e1d a ani tie nest\u00edha vyhodnocova\u0165. D\u00f4sledkom je zazmluvnenie projektov len na \u00farovni 15,65 %, \u010d\u00edm nepln\u00ed z\u00e1v\u00e4zn\u00e9 pl\u00e1ny stanoven\u00e9 u\u017e Ficovou vl\u00e1dou. D\u00f4vodom pre toto Tarabovo zlyhanie m\u00f4\u017ee by\u0165 nedostatok odborn\u00fdch hodnotite\u013eov. \u013dud\u00ed z rezortu len vyhadzuje a nie je schopn\u00fd ich nijako nahradi\u0165,<\/em>\u201d objas\u0148uje situ\u00e1ciu \u010falej Ki\u010da.\u00a0<\/p>\n\n\n\n<p>Minister Taraba sa venuje kade\u010domu, len nie svojej pr\u00e1ci. Zauj\u00edma ho hrad Dev\u00edn, \u0160t\u00farovo pam\u00e4tn\u00e9 miesto, prieskumy verejnej mienky, jazykov\u00fd z\u00e1kon, ale na jeho skuto\u010dn\u00e9 povinnosti doslova ka\u0161le. \u201e<em>Jeho tvrdenie, \u017ee ministerstvo sa stalo l\u00eddrom v \u010derpan\u00ed eurofondov, je doslova v\u00fdsmechom v\u0161etk\u00fdm ob\u010danom v regi\u00f3noch. V priamom prenose sa str\u00e1p\u0148uje pred odbornou verejnos\u0165ou. Pokia\u013e sa nechce zap\u00edsa\u0165 do hist\u00f3rie ako minister s historicky najviac prepadnut\u00fdmi st\u00e1mili\u00f3nmi, vyz\u00fdvame ho, aby sa za\u010dal intenz\u00edvne venova\u0165 svojim povinnostiam. V opa\u010dnom pr\u00edpade ukazuje, \u017ee kvalita \u017eivota obyvate\u013eov v regi\u00f3noch je mu \u013eahostajn\u00e1 a jedin\u00e9, \u010do vie, je ni\u010di\u0165 rezort a venova\u0165 sa \u00faplne pr\u00e1zdnemu politik\u00e1r\u010deniu,<\/em>\u201d uzatv\u00e1ra Michal Ki\u010da.<\/p>\n","protected":false},"excerpt":{"rendered":"<p>Minister \u017eivotn\u00e9ho prostredia Tom\u00e1\u0161 Taraba najnov\u0161ie nie je schopn\u00fd plni\u0165 ani \u00falohy v oblasti Pl\u00e1nu obnovy a eurofondov, na ktor\u00e9 ho zaviazala Ficova vl\u00e1da. Ohrozuje tak podanie 5. \u017eiadosti o platbu za skoro 600 mil. eur z Pl\u00e1nu obnovy a \u010derpanie 1,7 mld. eur z eurofondov. S podpredsedom vl\u00e1dy pre pl\u00e1n obnovy Kmecom sa zmohli [&hellip;]<\/p>\n","protected":false},"author":13,"featured_media":3970,"comment_status":"closed","ping_status":"closed","sticky":false,"template":"","format":"standard","meta":{"_acf_changed":false,"ngg_post_thumbnail":0,"footnotes":""},"categories":[4],"tags":[],"class_list":["post-5403","post","type-post","status-publish","format-standard","has-post-thumbnail","hentry","category-tlacove-spravy"],"acf":[],"yoast_head":"<!-- This site is optimized with the Yoast SEO plugin v27.2 - https:\/\/yoast.com\/product\/yoast-seo-wordpress\/ -->\n<title>Taraba u\u017e chronicky nepln\u00ed ani vlastn\u00e9 \u00falohy s Pl\u00e1nom obnovy a eurofondami - hroz\u00ed ich prepadnutie<\/title>\n<meta name=\"robots\" content=\"index, follow, max-snippet:-1, max-image-preview:large, max-video-preview:-1\" \/>\n<link rel=\"canonical\" href=\"https:\/\/www.smedemokrati.sk\/en\/taraba-uz-chronicky-neplni-ani-vlastne-ulohy-s-planom-obnovy-a-eurofondami-hrozi-ich-prepadnutie\/\" \/>\n<meta property=\"og:locale\" content=\"en_US\" \/>\n<meta property=\"og:locale:alternate\" content=\"cs_CZ\" \/>\n<meta property=\"og:locale:alternate\" content=\"hu_HU\" \/>\n<meta property=\"og:locale:alternate\" content=\"sk_SK\" \/>\n<meta property=\"og:locale:alternate\" content=\"sv_SE\" \/>\n<meta property=\"og:type\" content=\"article\" \/>\n<meta property=\"og:title\" content=\"Taraba u\u017e chronicky nepln\u00ed ani vlastn\u00e9 \u00falohy s Pl\u00e1nom obnovy a eurofondami - hroz\u00ed ich prepadnutie\" \/>\n<meta property=\"og:description\" content=\"Minister \u017eivotn\u00e9ho prostredia Tom\u00e1\u0161 Taraba najnov\u0161ie nie je schopn\u00fd plni\u0165 ani \u00falohy v oblasti Pl\u00e1nu obnovy a eurofondov, na ktor\u00e9 ho zaviazala Ficova vl\u00e1da. Ohrozuje tak podanie 5. \u017eiadosti o platbu za skoro 600 mil. eur z Pl\u00e1nu obnovy a \u010derpanie 1,7 mld. eur z eurofondov. S podpredsedom vl\u00e1dy pre pl\u00e1n obnovy Kmecom sa zmohli [&hellip;]\" \/>\n<meta property=\"og:url\" content=\"https:\/\/www.smedemokrati.sk\/en\/taraba-uz-chronicky-neplni-ani-vlastne-ulohy-s-planom-obnovy-a-eurofondami-hrozi-ich-prepadnutie\/\" \/>\n<meta property=\"og:site_name\" content=\"Smedemokrati.sk\" \/>\n<meta property=\"article:publisher\" content=\"https:\/\/www.facebook.com\/smedemokrati2023\" \/>\n<meta property=\"article:published_time\" content=\"2024-10-24T14:18:03+00:00\" \/>\n<meta property=\"article:modified_time\" content=\"2024-11-13T12:07:09+00:00\" \/>\n<meta property=\"og:image\" content=\"https:\/\/www.smedemokrati.sk\/wp-content\/uploads\/2024\/04\/taraba-biomasaker.jpg\" \/>\n\t<meta property=\"og:image:width\" content=\"676\" \/>\n\t<meta property=\"og:image:height\" content=\"451\" \/>\n\t<meta property=\"og:image:type\" content=\"image\/jpeg\" \/>\n<meta name=\"author\" content=\"miro.sopko\" \/>\n<meta name=\"twitter:card\" content=\"summary_large_image\" \/>\n<meta name=\"twitter:label1\" content=\"Written by\" \/>\n\t<meta name=\"twitter:data1\" content=\"miro.sopko\" \/>\n\t<meta name=\"twitter:label2\" content=\"Est. reading time\" \/>\n\t<meta name=\"twitter:data2\" content=\"3 minutes\" \/>\n<script type=\"application\/ld+json\" class=\"yoast-schema-graph\">{\"@context\":\"https:\/\/schema.org\",\"@graph\":[{\"@type\":\"Article\",\"@id\":\"https:\/\/www.smedemokrati.sk\/taraba-uz-chronicky-neplni-ani-vlastne-ulohy-s-planom-obnovy-a-eurofondami-hrozi-ich-prepadnutie\/#article\",\"isPartOf\":{\"@id\":\"https:\/\/www.smedemokrati.sk\/taraba-uz-chronicky-neplni-ani-vlastne-ulohy-s-planom-obnovy-a-eurofondami-hrozi-ich-prepadnutie\/\"},\"author\":{\"name\":\"miro.sopko\",\"@id\":\"https:\/\/www.smedemokrati.sk\/#\/schema\/person\/21f147c88d605aa7ded900e1e7c344ba\"},\"headline\":\"Taraba u\u017e chronicky nepln\u00ed ani vlastn\u00e9 \u00falohy s Pl\u00e1nom obnovy a eurofondami &#8211; hroz\u00ed ich prepadnutie\",\"datePublished\":\"2024-10-24T14:18:03+00:00\",\"dateModified\":\"2024-11-13T12:07:09+00:00\",\"mainEntityOfPage\":{\"@id\":\"https:\/\/www.smedemokrati.sk\/taraba-uz-chronicky-neplni-ani-vlastne-ulohy-s-planom-obnovy-a-eurofondami-hrozi-ich-prepadnutie\/\"},\"wordCount\":556,\"publisher\":{\"@id\":\"https:\/\/www.smedemokrati.sk\/#organization\"},\"image\":{\"@id\":\"https:\/\/www.smedemokrati.sk\/taraba-uz-chronicky-neplni-ani-vlastne-ulohy-s-planom-obnovy-a-eurofondami-hrozi-ich-prepadnutie\/#primaryimage\"},\"thumbnailUrl\":\"https:\/\/www.smedemokrati.sk\/wp-content\/uploads\/2024\/04\/taraba-biomasaker.jpg\",\"articleSection\":[\"Tla\u010dov\u00e9 spr\u00e1vy\"],\"inLanguage\":\"en-US\"},{\"@type\":\"WebPage\",\"@id\":\"https:\/\/www.smedemokrati.sk\/taraba-uz-chronicky-neplni-ani-vlastne-ulohy-s-planom-obnovy-a-eurofondami-hrozi-ich-prepadnutie\/\",\"url\":\"https:\/\/www.smedemokrati.sk\/taraba-uz-chronicky-neplni-ani-vlastne-ulohy-s-planom-obnovy-a-eurofondami-hrozi-ich-prepadnutie\/\",\"name\":\"Taraba u\u017e chronicky nepln\u00ed ani vlastn\u00e9 \u00falohy s Pl\u00e1nom obnovy a eurofondami - hroz\u00ed ich prepadnutie\",\"isPartOf\":{\"@id\":\"https:\/\/www.smedemokrati.sk\/#website\"},\"primaryImageOfPage\":{\"@id\":\"https:\/\/www.smedemokrati.sk\/taraba-uz-chronicky-neplni-ani-vlastne-ulohy-s-planom-obnovy-a-eurofondami-hrozi-ich-prepadnutie\/#primaryimage\"},\"image\":{\"@id\":\"https:\/\/www.smedemokrati.sk\/taraba-uz-chronicky-neplni-ani-vlastne-ulohy-s-planom-obnovy-a-eurofondami-hrozi-ich-prepadnutie\/#primaryimage\"},\"thumbnailUrl\":\"https:\/\/www.smedemokrati.sk\/wp-content\/uploads\/2024\/04\/taraba-biomasaker.jpg\",\"datePublished\":\"2024-10-24T14:18:03+00:00\",\"dateModified\":\"2024-11-13T12:07:09+00:00\",\"breadcrumb\":{\"@id\":\"https:\/\/www.smedemokrati.sk\/taraba-uz-chronicky-neplni-ani-vlastne-ulohy-s-planom-obnovy-a-eurofondami-hrozi-ich-prepadnutie\/#breadcrumb\"},\"inLanguage\":\"en-US\",\"potentialAction\":[{\"@type\":\"ReadAction\",\"target\":[\"https:\/\/www.smedemokrati.sk\/taraba-uz-chronicky-neplni-ani-vlastne-ulohy-s-planom-obnovy-a-eurofondami-hrozi-ich-prepadnutie\/\"]}]},{\"@type\":\"ImageObject\",\"inLanguage\":\"en-US\",\"@id\":\"https:\/\/www.smedemokrati.sk\/taraba-uz-chronicky-neplni-ani-vlastne-ulohy-s-planom-obnovy-a-eurofondami-hrozi-ich-prepadnutie\/#primaryimage\",\"url\":\"https:\/\/www.smedemokrati.sk\/wp-content\/uploads\/2024\/04\/taraba-biomasaker.jpg\",\"contentUrl\":\"https:\/\/www.smedemokrati.sk\/wp-content\/uploads\/2024\/04\/taraba-biomasaker.jpg\",\"width\":676,\"height\":451},{\"@type\":\"BreadcrumbList\",\"@id\":\"https:\/\/www.smedemokrati.sk\/taraba-uz-chronicky-neplni-ani-vlastne-ulohy-s-planom-obnovy-a-eurofondami-hrozi-ich-prepadnutie\/#breadcrumb\",\"itemListElement\":[{\"@type\":\"ListItem\",\"position\":1,\"name\":\"Domovsk\u00e1 str\u00e1nka\",\"item\":\"https:\/\/www.smedemokrati.sk\/\"},{\"@type\":\"ListItem\",\"position\":2,\"name\":\"Taraba u\u017e chronicky nepln\u00ed ani vlastn\u00e9 \u00falohy s Pl\u00e1nom obnovy a eurofondami &#8211; hroz\u00ed ich prepadnutie\"}]},{\"@type\":\"WebSite\",\"@id\":\"https:\/\/www.smedemokrati.sk\/#website\",\"url\":\"https:\/\/www.smedemokrati.sk\/\",\"name\":\"Smedemokrati.sk\",\"description\":\"Demokracia a slu\u0161nos\u0165 zv\u00ed\u0165az\u00ed\",\"publisher\":{\"@id\":\"https:\/\/www.smedemokrati.sk\/#organization\"},\"potentialAction\":[{\"@type\":\"SearchAction\",\"target\":{\"@type\":\"EntryPoint\",\"urlTemplate\":\"https:\/\/www.smedemokrati.sk\/?s={search_term_string}\"},\"query-input\":{\"@type\":\"PropertyValueSpecification\",\"valueRequired\":true,\"valueName\":\"search_term_string\"}}],\"inLanguage\":\"en-US\"},{\"@type\":\"Organization\",\"@id\":\"https:\/\/www.smedemokrati.sk\/#organization\",\"name\":\"Smedemokrati.sk\",\"url\":\"https:\/\/www.smedemokrati.sk\/\",\"logo\":{\"@type\":\"ImageObject\",\"inLanguage\":\"en-US\",\"@id\":\"https:\/\/www.smedemokrati.sk\/#\/schema\/logo\/image\/\",\"url\":\"https:\/\/www.smedemokrati.sk\/wp-content\/uploads\/2023\/04\/ff.002.jpeg\",\"contentUrl\":\"https:\/\/www.smedemokrati.sk\/wp-content\/uploads\/2023\/04\/ff.002.jpeg\",\"width\":640,\"height\":480,\"caption\":\"Smedemokrati.sk\"},\"image\":{\"@id\":\"https:\/\/www.smedemokrati.sk\/#\/schema\/logo\/image\/\"},\"sameAs\":[\"https:\/\/www.facebook.com\/smedemokrati2023\"]},{\"@type\":\"Person\",\"@id\":\"https:\/\/www.smedemokrati.sk\/#\/schema\/person\/21f147c88d605aa7ded900e1e7c344ba\",\"name\":\"miro.sopko\",\"image\":{\"@type\":\"ImageObject\",\"inLanguage\":\"en-US\",\"@id\":\"https:\/\/secure.gravatar.com\/avatar\/267e4a36f704376c109afe3a78740c1f5dd8675a2180a908699e7863c9247606?s=96&d=mm&r=g\",\"url\":\"https:\/\/secure.gravatar.com\/avatar\/267e4a36f704376c109afe3a78740c1f5dd8675a2180a908699e7863c9247606?s=96&d=mm&r=g\",\"contentUrl\":\"https:\/\/secure.gravatar.com\/avatar\/267e4a36f704376c109afe3a78740c1f5dd8675a2180a908699e7863c9247606?s=96&d=mm&r=g\",\"caption\":\"miro.sopko\"},\"url\":\"https:\/\/www.smedemokrati.sk\/en\/author\/miro-sopko\/\"}]}<\/script>\n<!-- \/ Yoast SEO plugin. -->","yoast_head_json":{"title":"Taraba u\u017e chronicky nepln\u00ed ani vlastn\u00e9 \u00falohy s Pl\u00e1nom obnovy a eurofondami - hroz\u00ed ich prepadnutie","robots":{"index":"index","follow":"follow","max-snippet":"max-snippet:-1","max-image-preview":"max-image-preview:large","max-video-preview":"max-video-preview:-1"},"canonical":"https:\/\/www.smedemokrati.sk\/en\/taraba-uz-chronicky-neplni-ani-vlastne-ulohy-s-planom-obnovy-a-eurofondami-hrozi-ich-prepadnutie\/","og_locale":"en_US","og_type":"article","og_title":"[:sk]Taraba u\u017e chronicky nepln\u00ed ani vlastn\u00e9 \u00falohy s Pl\u00e1nom obnovy a eurofondami - hroz\u00ed ich prepadnutie[:] - Smedemokrati.sk","og_description":"Minister \u017eivotn\u00e9ho prostredia Tom\u00e1\u0161 Taraba najnov\u0161ie nie je schopn\u00fd plni\u0165 ani \u00falohy v oblasti Pl\u00e1nu obnovy a eurofondov, na ktor\u00e9 ho zaviazala Ficova vl\u00e1da. Ohrozuje tak podanie 5. \u017eiadosti o platbu za skoro 600 mil. eur z Pl\u00e1nu obnovy a \u010derpanie 1,7 mld. eur z eurofondov. S podpredsedom vl\u00e1dy pre pl\u00e1n obnovy Kmecom sa zmohli [&hellip;]","og_url":"https:\/\/www.smedemokrati.sk\/en\/taraba-uz-chronicky-neplni-ani-vlastne-ulohy-s-planom-obnovy-a-eurofondami-hrozi-ich-prepadnutie\/","og_site_name":"Smedemokrati.sk","article_publisher":"https:\/\/www.facebook.com\/smedemokrati2023","article_published_time":"2024-10-24T14:18:03+00:00","article_modified_time":"2024-11-13T12:07:09+00:00","og_image":[{"width":676,"height":451,"url":"https:\/\/www.smedemokrati.sk\/wp-content\/uploads\/2024\/04\/taraba-biomasaker.jpg","type":"image\/jpeg"}],"author":"miro.sopko","twitter_card":"summary_large_image","twitter_misc":{"Written by":"miro.sopko","Est. reading time":"3 minutes"},"schema":{"@context":"https:\/\/schema.org","@graph":[{"@type":"Article","@id":"https:\/\/www.smedemokrati.sk\/taraba-uz-chronicky-neplni-ani-vlastne-ulohy-s-planom-obnovy-a-eurofondami-hrozi-ich-prepadnutie\/#article","isPartOf":{"@id":"https:\/\/www.smedemokrati.sk\/taraba-uz-chronicky-neplni-ani-vlastne-ulohy-s-planom-obnovy-a-eurofondami-hrozi-ich-prepadnutie\/"},"author":{"name":"miro.sopko","@id":"https:\/\/www.smedemokrati.sk\/#\/schema\/person\/21f147c88d605aa7ded900e1e7c344ba"},"headline":"Taraba u\u017e chronicky nepln\u00ed ani vlastn\u00e9 \u00falohy s Pl\u00e1nom obnovy a eurofondami &#8211; hroz\u00ed ich prepadnutie","datePublished":"2024-10-24T14:18:03+00:00","dateModified":"2024-11-13T12:07:09+00:00","mainEntityOfPage":{"@id":"https:\/\/www.smedemokrati.sk\/taraba-uz-chronicky-neplni-ani-vlastne-ulohy-s-planom-obnovy-a-eurofondami-hrozi-ich-prepadnutie\/"},"wordCount":556,"publisher":{"@id":"https:\/\/www.smedemokrati.sk\/#organization"},"image":{"@id":"https:\/\/www.smedemokrati.sk\/taraba-uz-chronicky-neplni-ani-vlastne-ulohy-s-planom-obnovy-a-eurofondami-hrozi-ich-prepadnutie\/#primaryimage"},"thumbnailUrl":"https:\/\/www.smedemokrati.sk\/wp-content\/uploads\/2024\/04\/taraba-biomasaker.jpg","articleSection":["Tla\u010dov\u00e9 spr\u00e1vy"],"inLanguage":"en-US"},{"@type":"WebPage","@id":"https:\/\/www.smedemokrati.sk\/taraba-uz-chronicky-neplni-ani-vlastne-ulohy-s-planom-obnovy-a-eurofondami-hrozi-ich-prepadnutie\/","url":"https:\/\/www.smedemokrati.sk\/taraba-uz-chronicky-neplni-ani-vlastne-ulohy-s-planom-obnovy-a-eurofondami-hrozi-ich-prepadnutie\/","name":"Taraba u\u017e chronicky nepln\u00ed ani vlastn\u00e9 \u00falohy s Pl\u00e1nom obnovy a eurofondami - hroz\u00ed ich prepadnutie","isPartOf":{"@id":"https:\/\/www.smedemokrati.sk\/#website"},"primaryImageOfPage":{"@id":"https:\/\/www.smedemokrati.sk\/taraba-uz-chronicky-neplni-ani-vlastne-ulohy-s-planom-obnovy-a-eurofondami-hrozi-ich-prepadnutie\/#primaryimage"},"image":{"@id":"https:\/\/www.smedemokrati.sk\/taraba-uz-chronicky-neplni-ani-vlastne-ulohy-s-planom-obnovy-a-eurofondami-hrozi-ich-prepadnutie\/#primaryimage"},"thumbnailUrl":"https:\/\/www.smedemokrati.sk\/wp-content\/uploads\/2024\/04\/taraba-biomasaker.jpg","datePublished":"2024-10-24T14:18:03+00:00","dateModified":"2024-11-13T12:07:09+00:00","breadcrumb":{"@id":"https:\/\/www.smedemokrati.sk\/taraba-uz-chronicky-neplni-ani-vlastne-ulohy-s-planom-obnovy-a-eurofondami-hrozi-ich-prepadnutie\/#breadcrumb"},"inLanguage":"en-US","potentialAction":[{"@type":"ReadAction","target":["https:\/\/www.smedemokrati.sk\/taraba-uz-chronicky-neplni-ani-vlastne-ulohy-s-planom-obnovy-a-eurofondami-hrozi-ich-prepadnutie\/"]}]},{"@type":"ImageObject","inLanguage":"en-US","@id":"https:\/\/www.smedemokrati.sk\/taraba-uz-chronicky-neplni-ani-vlastne-ulohy-s-planom-obnovy-a-eurofondami-hrozi-ich-prepadnutie\/#primaryimage","url":"https:\/\/www.smedemokrati.sk\/wp-content\/uploads\/2024\/04\/taraba-biomasaker.jpg","contentUrl":"https:\/\/www.smedemokrati.sk\/wp-content\/uploads\/2024\/04\/taraba-biomasaker.jpg","width":676,"height":451},{"@type":"BreadcrumbList","@id":"https:\/\/www.smedemokrati.sk\/taraba-uz-chronicky-neplni-ani-vlastne-ulohy-s-planom-obnovy-a-eurofondami-hrozi-ich-prepadnutie\/#breadcrumb","itemListElement":[{"@type":"ListItem","position":1,"name":"Domovsk\u00e1 str\u00e1nka","item":"https:\/\/www.smedemokrati.sk\/"},{"@type":"ListItem","position":2,"name":"Taraba u\u017e chronicky nepln\u00ed ani vlastn\u00e9 \u00falohy s Pl\u00e1nom obnovy a eurofondami &#8211; hroz\u00ed ich prepadnutie"}]},{"@type":"WebSite","@id":"https:\/\/www.smedemokrati.sk\/#website","url":"https:\/\/www.smedemokrati.sk\/","name":"Smedemokrati.sk","description":"Demokracia a slu\u0161nos\u0165 zv\u00ed\u0165az\u00ed","publisher":{"@id":"https:\/\/www.smedemokrati.sk\/#organization"},"potentialAction":[{"@type":"SearchAction","target":{"@type":"EntryPoint","urlTemplate":"https:\/\/www.smedemokrati.sk\/?s={search_term_string}"},"query-input":{"@type":"PropertyValueSpecification","valueRequired":true,"valueName":"search_term_string"}}],"inLanguage":"en-US"},{"@type":"Organization","@id":"https:\/\/www.smedemokrati.sk\/#organization","name":"Smedemokrati.sk","url":"https:\/\/www.smedemokrati.sk\/","logo":{"@type":"ImageObject","inLanguage":"en-US","@id":"https:\/\/www.smedemokrati.sk\/#\/schema\/logo\/image\/","url":"https:\/\/www.smedemokrati.sk\/wp-content\/uploads\/2023\/04\/ff.002.jpeg","contentUrl":"https:\/\/www.smedemokrati.sk\/wp-content\/uploads\/2023\/04\/ff.002.jpeg","width":640,"height":480,"caption":"Smedemokrati.sk"},"image":{"@id":"https:\/\/www.smedemokrati.sk\/#\/schema\/logo\/image\/"},"sameAs":["https:\/\/www.facebook.com\/smedemokrati2023"]},{"@type":"Person","@id":"https:\/\/www.smedemokrati.sk\/#\/schema\/person\/21f147c88d605aa7ded900e1e7c344ba","name":"miro.sopko","image":{"@type":"ImageObject","inLanguage":"en-US","@id":"https:\/\/secure.gravatar.com\/avatar\/267e4a36f704376c109afe3a78740c1f5dd8675a2180a908699e7863c9247606?s=96&d=mm&r=g","url":"https:\/\/secure.gravatar.com\/avatar\/267e4a36f704376c109afe3a78740c1f5dd8675a2180a908699e7863c9247606?s=96&d=mm&r=g","contentUrl":"https:\/\/secure.gravatar.com\/avatar\/267e4a36f704376c109afe3a78740c1f5dd8675a2180a908699e7863c9247606?s=96&d=mm&r=g","caption":"miro.sopko"},"url":"https:\/\/www.smedemokrati.sk\/en\/author\/miro-sopko\/"}]}},"_links":{"self":[{"href":"https:\/\/www.smedemokrati.sk\/en\/wp-json\/wp\/v2\/posts\/5403","targetHints":{"allow":["GET"]}}],"collection":[{"href":"https:\/\/www.smedemokrati.sk\/en\/wp-json\/wp\/v2\/posts"}],"about":[{"href":"https:\/\/www.smedemokrati.sk\/en\/wp-json\/wp\/v2\/types\/post"}],"author":[{"embeddable":true,"href":"https:\/\/www.smedemokrati.sk\/en\/wp-json\/wp\/v2\/users\/13"}],"replies":[{"embeddable":true,"href":"https:\/\/www.smedemokrati.sk\/en\/wp-json\/wp\/v2\/comments?post=5403"}],"version-history":[{"count":1,"href":"https:\/\/www.smedemokrati.sk\/en\/wp-json\/wp\/v2\/posts\/5403\/revisions"}],"predecessor-version":[{"id":5404,"href":"https:\/\/www.smedemokrati.sk\/en\/wp-json\/wp\/v2\/posts\/5403\/revisions\/5404"}],"wp:featuredmedia":[{"embeddable":true,"href":"https:\/\/www.smedemokrati.sk\/en\/wp-json\/wp\/v2\/media\/3970"}],"wp:attachment":[{"href":"https:\/\/www.smedemokrati.sk\/en\/wp-json\/wp\/v2\/media?parent=5403"}],"wp:term":[{"taxonomy":"category","embeddable":true,"href":"https:\/\/www.smedemokrati.sk\/en\/wp-json\/wp\/v2\/categories?post=5403"},{"taxonomy":"post_tag","embeddable":true,"href":"https:\/\/www.smedemokrati.sk\/en\/wp-json\/wp\/v2\/tags?post=5403"}],"curies":[{"name":"wp","href":"https:\/\/api.w.org\/{rel}","templated":true}]}}