{"id":5377,"date":"2024-10-18T20:49:13","date_gmt":"2024-10-18T19:49:13","guid":{"rendered":"https:\/\/www.smedemokrati.sk\/?p=5377"},"modified":"2024-11-19T13:25:08","modified_gmt":"2024-11-19T12:25:08","slug":"trojuholnik-smrti-v-chemko-strazske-nesmie-vlada-odkladat-na-vedlajsiu-kolaj-a-ohrozovat-tak-zdravie-obcanov","status":"publish","type":"post","link":"https:\/\/www.smedemokrati.sk\/en\/trojuholnik-smrti-v-chemko-strazske-nesmie-vlada-odkladat-na-vedlajsiu-kolaj-a-ohrozovat-tak-zdravie-obcanov\/","title":{"rendered":"Trojuholn\u00edk smrti v Chemko Str\u00e1\u017eske nesmie vl\u00e1da odklada\u0165 na ved\u013eaj\u0161iu ko\u013eaj a ohrozova\u0165 tak zdravie ob\u010danov"},"content":{"rendered":"<div id=\"fb-root\"><\/div>\n\n<p><strong>Vl\u00e1da Roberta Fica ani po roku svojho p\u00f4sobenia nebola schopn\u00e1 napriek zabezpe\u010den\u00fdm financi\u00e1m uzavrie\u0165 zmluvu na odstr\u00e1nenie \u0161kodliv\u00fdch PCB l\u00e1tok, ktor\u00e9 ohrozuj\u00fa are\u00e1l Chemko Str\u00e1\u017eske a aj \u0161ir\u0161ie okolie. Jedin\u00e9, \u010do odstr\u00e1nili, boli viacer\u00e9 \u00falohy pre vl\u00e1du v tejto s\u00favislosti. Prim\u00e1tor mesta Pre\u0161ov Franti\u0161ek O\u013eha kritizuje, \u017ee rezort \u017eivotn\u00e9ho prostredia nekomunikuje so starostami a prim\u00e1tormi dotknut\u00fdch miest a obc\u00ed. Demokrati bud\u00fa v spolupr\u00e1ci s poslancom \u013d. Galkom iniciova\u0165 zvolanie parlamentn\u00e9ho v\u00fdboru v tejto veci.<\/strong><\/p>\n\n\n\n<p>Pod\u013ea Demokratov si hist\u00f3ria priemyselnej v\u00fdroby v lokalite zn\u00e1mej aj ako \u201etrojuholn\u00edk smrti\u201d vyber\u00e1 svoju da\u0148 a k\u00fdm po 35 rokoch za\u010dala vl\u00e1da Eduarda Hegera t\u00fato enviroz\u00e1\u0165a\u017e skuto\u010dne rie\u0161i\u0165, s\u00fa\u010dasn\u00e9 vedenie dotknut\u00fdch rezortov dodnes neuzavrelo potrebn\u00fa zmluvu na odstr\u00e1nenie PCB l\u00e1tok a \u010do viac, pokrok nenastal ani v nutn\u00fdch geologick\u00fdch prieskumoch.\u00a0<em>\u201eMinistrovi Tarabovi stoja mili\u00f3ny, ktor\u00e9 m\u00e1 na tento \u00fa\u010del vy\u010dlenen\u00e9. Dodnes, ani po roku, nebol schopn\u00fd za\u010da\u0165 obstar\u00e1va\u0165 slu\u017eby s\u00favisiace s odstr\u00e1nen\u00edm pribli\u017ene tis\u00edcky ton PCB l\u00e1tok v tzv. Tepl\u00e1rni v are\u00e1li Chemka. Vl\u00e1dou si dokonca nechal zru\u0161i\u0165 niektor\u00e9 \u00falohy, ktor\u00e9 sa t\u00fdkali rie\u0161enia probl\u00e9mu a s\u00favisiacich aktiv\u00edt,<\/em>&#8221; hovor\u00ed Michal Ki\u010da enviroexpert, ktor\u00fd po\u017eaduje, aby vl\u00e1da okam\u017eite vo veci konala, preto\u017ee ide o zdravie \u013eud\u00ed.\u00a0<\/p>\n\n\n\n<p><em>\u201eNielen na ministerstvo \u017eivotn\u00e9ho prostredia prim\u00e1tori a starostovia dotknut\u00fdch miest a obc\u00ed a aj aktivisti poslali ofici\u00e1lny list s ak\u00fatnou \u017eiados\u0165ou, aby sa vl\u00e1da o tento v\u00e1\u017eny probl\u00e9m zauj\u00edmala. Odpove\u010f sme zatia\u013e nedostali. \u017diadame vl\u00e1du, aby sa vr\u00e1tila k \u00faloh\u00e1m, ktor\u00e9 boli stanoven\u00e9 v minulosti, preto\u017ee inak sa vo veci nepohneme. Tie\u017e navrhujeme, aby dotknut\u00e9 obce a mest\u00e1 boli zv\u00fdhodnen\u00e9 pri enviroprojektoch, na ktor\u00e9 sa m\u00f4\u017eu \u017eiada\u0165 finan\u010dn\u00e9 prostriedky, najm\u00e4 na pr\u00edstup k pitnej vode. K\u013e\u00fa\u010d na rozde\u013eovanie financi\u00ed na tento \u00fa\u010del predsa nem\u00f4\u017ee fungova\u0165 pod\u013ea toho, v ktor\u00fdch regi\u00f3noch boli vl\u00e1dne strany \u00faspe\u0161nej\u0161ie,&#8221;<\/em>\u00a0hovor\u00ed prim\u00e1tor mesta Pre\u0161ov a podpredseda Demokratov Franti\u0161ek O\u013eha.\u00a0<\/p>\n\n\n\n<p>Pr\u00e1ce stoja aj na odkalisku Po\u0161a, kde sa po\u010das vl\u00e1dy Eduarda Hegera po rokoch ne\u010dinnosti a trestuhodn\u00e9ho krytia zo strany \u0161t\u00e1tnych org\u00e1nov preru\u0161i\u0165 v\u00fdtok \u0161kodliv\u00fdch l\u00e1tok. O tom, \u017ee situ\u00e1cia bola alarmuj\u00faca, sved\u010d\u00ed v tejto s\u00favislosti aj historicky najvy\u0161\u0161ia pokuta udelen\u00e1 Slovenskou in\u0161pekciou \u017eivotn\u00e9ho prostredia. S\u00fa\u010dasn\u00e1 vl\u00e1da v\u0161ak nepodnik\u00e1 \u017eiadne \u010fal\u0161ie opatrenia a doteraz neozn\u00e1mila ani \u017eiaden pl\u00e1n ako dopady tejto enviroz\u00e1\u0165a\u017ee na kvalitu \u017eivota obyvate\u013eov v\u00fdchodn\u00e9ho Slovenska definit\u00edvne odstr\u00e1ni\u0165.&nbsp;<\/p>\n\n\n\n<p><em>\u201ePo\u017eadujeme od vl\u00e1dy, aby konala a zabezpe\u010dila plnenie \u00faloh zameran\u00fdch na ochranu zdravia \u013eud\u00ed. Rovnako, ako v pr\u00edpade ohrozenia Vod\u00e1renskej n\u00e1dr\u017ee Starina, tak aj v tomto pr\u00edpade budeme prostredn\u00edctvom poslanca \u013dubom\u00edra Galka iniciova\u0165 zvolanie mimoriadneho parlamentn\u00e9ho v\u00fdboru pre p\u00f4dohospod\u00e1rstvo a \u017eivotn\u00e9 prostredie. O\u010dak\u00e1vame od ministra Tarabu, \u017ee \u010d\u00edm sk\u00f4r uzavrie zmluvu na odstr\u00e1nenie PCB l\u00e1tok a od ministra Tak\u00e1\u010da, aby pokra\u010doval v pr\u00edprav\u00e1ch na san\u00e1ciu kontaminovanej p\u00f4dy. Taraba sa venuje kade\u010domu, najnov\u0161ie aj jazykov\u00e9mu z\u00e1konu, no zab\u00fada, \u017ee je ministrom \u017eivotn\u00e9ho prostredia. \u017divoty a zdravie ob\u010danov nem\u00f4\u017eu pre zmenu vl\u00e1dnej garnit\u00fary \u00eds\u0165 do \u00fazadia\u201d<\/em>, vyhl\u00e1sil Ki\u010da.\u00a0\u00a0<\/p>\n\n\n\n<p>\u00a0<\/p>\n\n\n<div class=\"fb-video\" data-href=\"https:\/\/fb.watch\/vhPj4zfIr8\" data-allowfullscreen=\"true\" data-autoplay=\"false\" data-width=\"\" data-show-text=\"false\" data-show-captions=\"true\"><\/div>\n","protected":false},"excerpt":{"rendered":"<p>Vl\u00e1da Roberta Fica ani po roku svojho p\u00f4sobenia nebola schopn\u00e1 napriek zabezpe\u010den\u00fdm financi\u00e1m uzavrie\u0165 zmluvu na odstr\u00e1nenie \u0161kodliv\u00fdch PCB l\u00e1tok, ktor\u00e9 ohrozuj\u00fa are\u00e1l Chemko Str\u00e1\u017eske a aj \u0161ir\u0161ie okolie. Jedin\u00e9, \u010do odstr\u00e1nili, boli viacer\u00e9 \u00falohy pre vl\u00e1du v tejto s\u00favislosti. Prim\u00e1tor mesta Pre\u0161ov Franti\u0161ek O\u013eha kritizuje, \u017ee rezort \u017eivotn\u00e9ho prostredia nekomunikuje so starostami a prim\u00e1tormi [&hellip;]<\/p>\n","protected":false},"author":13,"featured_media":5379,"comment_status":"closed","ping_status":"closed","sticky":false,"template":"","format":"standard","meta":{"_acf_changed":false,"ngg_post_thumbnail":0,"footnotes":""},"categories":[4],"tags":[],"class_list":["post-5377","post","type-post","status-publish","format-standard","has-post-thumbnail","hentry","category-tlacove-spravy"],"acf":[],"yoast_head":"<!-- This site is optimized with the Yoast SEO plugin v27.2 - https:\/\/yoast.com\/product\/yoast-seo-wordpress\/ -->\n<title>Trojuholn\u00edk smrti v Chemko Str\u00e1\u017eske nesmie vl\u00e1da odklada\u0165 na ved\u013eaj\u0161iu ko\u013eaj a ohrozova\u0165 tak zdravie ob\u010danov<\/title>\n<meta name=\"robots\" content=\"index, follow, max-snippet:-1, max-image-preview:large, max-video-preview:-1\" \/>\n<link rel=\"canonical\" href=\"https:\/\/www.smedemokrati.sk\/en\/trojuholnik-smrti-v-chemko-strazske-nesmie-vlada-odkladat-na-vedlajsiu-kolaj-a-ohrozovat-tak-zdravie-obcanov\/\" \/>\n<meta property=\"og:locale\" content=\"en_US\" \/>\n<meta property=\"og:locale:alternate\" content=\"cs_CZ\" \/>\n<meta property=\"og:locale:alternate\" content=\"hu_HU\" \/>\n<meta property=\"og:locale:alternate\" content=\"sk_SK\" \/>\n<meta property=\"og:locale:alternate\" content=\"sv_SE\" \/>\n<meta property=\"og:type\" content=\"article\" \/>\n<meta property=\"og:title\" content=\"Trojuholn\u00edk smrti v Chemko Str\u00e1\u017eske nesmie vl\u00e1da odklada\u0165 na ved\u013eaj\u0161iu ko\u013eaj a ohrozova\u0165 tak zdravie ob\u010danov\" \/>\n<meta property=\"og:description\" content=\"Vl\u00e1da Roberta Fica ani po roku svojho p\u00f4sobenia nebola schopn\u00e1 napriek zabezpe\u010den\u00fdm financi\u00e1m uzavrie\u0165 zmluvu na odstr\u00e1nenie \u0161kodliv\u00fdch PCB l\u00e1tok, ktor\u00e9 ohrozuj\u00fa are\u00e1l Chemko Str\u00e1\u017eske a aj \u0161ir\u0161ie okolie. Jedin\u00e9, \u010do odstr\u00e1nili, boli viacer\u00e9 \u00falohy pre vl\u00e1du v tejto s\u00favislosti. Prim\u00e1tor mesta Pre\u0161ov Franti\u0161ek O\u013eha kritizuje, \u017ee rezort \u017eivotn\u00e9ho prostredia nekomunikuje so starostami a prim\u00e1tormi [&hellip;]\" \/>\n<meta property=\"og:url\" content=\"https:\/\/www.smedemokrati.sk\/en\/trojuholnik-smrti-v-chemko-strazske-nesmie-vlada-odkladat-na-vedlajsiu-kolaj-a-ohrozovat-tak-zdravie-obcanov\/\" \/>\n<meta property=\"og:site_name\" content=\"Smedemokrati.sk\" \/>\n<meta property=\"article:publisher\" content=\"https:\/\/www.facebook.com\/smedemokrati2023\" \/>\n<meta property=\"article:published_time\" content=\"2024-10-18T19:49:13+00:00\" \/>\n<meta property=\"article:modified_time\" content=\"2024-11-19T12:25:08+00:00\" \/>\n<meta property=\"og:image\" content=\"https:\/\/www.smedemokrati.sk\/wp-content\/uploads\/2024\/10\/olha-kica.jpg\" \/>\n\t<meta property=\"og:image:width\" content=\"1182\" \/>\n\t<meta property=\"og:image:height\" content=\"807\" \/>\n\t<meta property=\"og:image:type\" content=\"image\/jpeg\" \/>\n<meta name=\"author\" content=\"miro.sopko\" \/>\n<meta name=\"twitter:card\" content=\"summary_large_image\" \/>\n<meta name=\"twitter:label1\" content=\"Written by\" \/>\n\t<meta name=\"twitter:data1\" content=\"miro.sopko\" \/>\n\t<meta name=\"twitter:label2\" content=\"Est. reading time\" \/>\n\t<meta name=\"twitter:data2\" content=\"3 minutes\" \/>\n<script type=\"application\/ld+json\" class=\"yoast-schema-graph\">{\"@context\":\"https:\/\/schema.org\",\"@graph\":[{\"@type\":\"Article\",\"@id\":\"https:\/\/www.smedemokrati.sk\/trojuholnik-smrti-v-chemko-strazske-nesmie-vlada-odkladat-na-vedlajsiu-kolaj-a-ohrozovat-tak-zdravie-obcanov\/#article\",\"isPartOf\":{\"@id\":\"https:\/\/www.smedemokrati.sk\/trojuholnik-smrti-v-chemko-strazske-nesmie-vlada-odkladat-na-vedlajsiu-kolaj-a-ohrozovat-tak-zdravie-obcanov\/\"},\"author\":{\"name\":\"miro.sopko\",\"@id\":\"https:\/\/www.smedemokrati.sk\/#\/schema\/person\/21f147c88d605aa7ded900e1e7c344ba\"},\"headline\":\"Trojuholn\u00edk smrti v Chemko Str\u00e1\u017eske nesmie vl\u00e1da odklada\u0165 na ved\u013eaj\u0161iu ko\u013eaj a ohrozova\u0165 tak zdravie ob\u010danov\",\"datePublished\":\"2024-10-18T19:49:13+00:00\",\"dateModified\":\"2024-11-19T12:25:08+00:00\",\"mainEntityOfPage\":{\"@id\":\"https:\/\/www.smedemokrati.sk\/trojuholnik-smrti-v-chemko-strazske-nesmie-vlada-odkladat-na-vedlajsiu-kolaj-a-ohrozovat-tak-zdravie-obcanov\/\"},\"wordCount\":658,\"publisher\":{\"@id\":\"https:\/\/www.smedemokrati.sk\/#organization\"},\"image\":{\"@id\":\"https:\/\/www.smedemokrati.sk\/trojuholnik-smrti-v-chemko-strazske-nesmie-vlada-odkladat-na-vedlajsiu-kolaj-a-ohrozovat-tak-zdravie-obcanov\/#primaryimage\"},\"thumbnailUrl\":\"https:\/\/www.smedemokrati.sk\/wp-content\/uploads\/2024\/10\/olha-kica.jpg\",\"articleSection\":[\"Tla\u010dov\u00e9 spr\u00e1vy\"],\"inLanguage\":\"en-US\"},{\"@type\":\"WebPage\",\"@id\":\"https:\/\/www.smedemokrati.sk\/trojuholnik-smrti-v-chemko-strazske-nesmie-vlada-odkladat-na-vedlajsiu-kolaj-a-ohrozovat-tak-zdravie-obcanov\/\",\"url\":\"https:\/\/www.smedemokrati.sk\/trojuholnik-smrti-v-chemko-strazske-nesmie-vlada-odkladat-na-vedlajsiu-kolaj-a-ohrozovat-tak-zdravie-obcanov\/\",\"name\":\"Trojuholn\u00edk smrti v Chemko Str\u00e1\u017eske nesmie vl\u00e1da odklada\u0165 na ved\u013eaj\u0161iu ko\u013eaj a ohrozova\u0165 tak zdravie ob\u010danov\",\"isPartOf\":{\"@id\":\"https:\/\/www.smedemokrati.sk\/#website\"},\"primaryImageOfPage\":{\"@id\":\"https:\/\/www.smedemokrati.sk\/trojuholnik-smrti-v-chemko-strazske-nesmie-vlada-odkladat-na-vedlajsiu-kolaj-a-ohrozovat-tak-zdravie-obcanov\/#primaryimage\"},\"image\":{\"@id\":\"https:\/\/www.smedemokrati.sk\/trojuholnik-smrti-v-chemko-strazske-nesmie-vlada-odkladat-na-vedlajsiu-kolaj-a-ohrozovat-tak-zdravie-obcanov\/#primaryimage\"},\"thumbnailUrl\":\"https:\/\/www.smedemokrati.sk\/wp-content\/uploads\/2024\/10\/olha-kica.jpg\",\"datePublished\":\"2024-10-18T19:49:13+00:00\",\"dateModified\":\"2024-11-19T12:25:08+00:00\",\"breadcrumb\":{\"@id\":\"https:\/\/www.smedemokrati.sk\/trojuholnik-smrti-v-chemko-strazske-nesmie-vlada-odkladat-na-vedlajsiu-kolaj-a-ohrozovat-tak-zdravie-obcanov\/#breadcrumb\"},\"inLanguage\":\"en-US\",\"potentialAction\":[{\"@type\":\"ReadAction\",\"target\":[\"https:\/\/www.smedemokrati.sk\/trojuholnik-smrti-v-chemko-strazske-nesmie-vlada-odkladat-na-vedlajsiu-kolaj-a-ohrozovat-tak-zdravie-obcanov\/\"]}]},{\"@type\":\"ImageObject\",\"inLanguage\":\"en-US\",\"@id\":\"https:\/\/www.smedemokrati.sk\/trojuholnik-smrti-v-chemko-strazske-nesmie-vlada-odkladat-na-vedlajsiu-kolaj-a-ohrozovat-tak-zdravie-obcanov\/#primaryimage\",\"url\":\"https:\/\/www.smedemokrati.sk\/wp-content\/uploads\/2024\/10\/olha-kica.jpg\",\"contentUrl\":\"https:\/\/www.smedemokrati.sk\/wp-content\/uploads\/2024\/10\/olha-kica.jpg\",\"width\":1182,\"height\":807},{\"@type\":\"BreadcrumbList\",\"@id\":\"https:\/\/www.smedemokrati.sk\/trojuholnik-smrti-v-chemko-strazske-nesmie-vlada-odkladat-na-vedlajsiu-kolaj-a-ohrozovat-tak-zdravie-obcanov\/#breadcrumb\",\"itemListElement\":[{\"@type\":\"ListItem\",\"position\":1,\"name\":\"Domovsk\u00e1 str\u00e1nka\",\"item\":\"https:\/\/www.smedemokrati.sk\/\"},{\"@type\":\"ListItem\",\"position\":2,\"name\":\"Trojuholn\u00edk smrti v Chemko Str\u00e1\u017eske nesmie vl\u00e1da odklada\u0165 na ved\u013eaj\u0161iu ko\u013eaj a ohrozova\u0165 tak zdravie ob\u010danov\"}]},{\"@type\":\"WebSite\",\"@id\":\"https:\/\/www.smedemokrati.sk\/#website\",\"url\":\"https:\/\/www.smedemokrati.sk\/\",\"name\":\"Smedemokrati.sk\",\"description\":\"Demokracia a slu\u0161nos\u0165 zv\u00ed\u0165az\u00ed\",\"publisher\":{\"@id\":\"https:\/\/www.smedemokrati.sk\/#organization\"},\"potentialAction\":[{\"@type\":\"SearchAction\",\"target\":{\"@type\":\"EntryPoint\",\"urlTemplate\":\"https:\/\/www.smedemokrati.sk\/?s={search_term_string}\"},\"query-input\":{\"@type\":\"PropertyValueSpecification\",\"valueRequired\":true,\"valueName\":\"search_term_string\"}}],\"inLanguage\":\"en-US\"},{\"@type\":\"Organization\",\"@id\":\"https:\/\/www.smedemokrati.sk\/#organization\",\"name\":\"Smedemokrati.sk\",\"url\":\"https:\/\/www.smedemokrati.sk\/\",\"logo\":{\"@type\":\"ImageObject\",\"inLanguage\":\"en-US\",\"@id\":\"https:\/\/www.smedemokrati.sk\/#\/schema\/logo\/image\/\",\"url\":\"https:\/\/www.smedemokrati.sk\/wp-content\/uploads\/2023\/04\/ff.002.jpeg\",\"contentUrl\":\"https:\/\/www.smedemokrati.sk\/wp-content\/uploads\/2023\/04\/ff.002.jpeg\",\"width\":640,\"height\":480,\"caption\":\"Smedemokrati.sk\"},\"image\":{\"@id\":\"https:\/\/www.smedemokrati.sk\/#\/schema\/logo\/image\/\"},\"sameAs\":[\"https:\/\/www.facebook.com\/smedemokrati2023\"]},{\"@type\":\"Person\",\"@id\":\"https:\/\/www.smedemokrati.sk\/#\/schema\/person\/21f147c88d605aa7ded900e1e7c344ba\",\"name\":\"miro.sopko\",\"image\":{\"@type\":\"ImageObject\",\"inLanguage\":\"en-US\",\"@id\":\"https:\/\/secure.gravatar.com\/avatar\/267e4a36f704376c109afe3a78740c1f5dd8675a2180a908699e7863c9247606?s=96&d=mm&r=g\",\"url\":\"https:\/\/secure.gravatar.com\/avatar\/267e4a36f704376c109afe3a78740c1f5dd8675a2180a908699e7863c9247606?s=96&d=mm&r=g\",\"contentUrl\":\"https:\/\/secure.gravatar.com\/avatar\/267e4a36f704376c109afe3a78740c1f5dd8675a2180a908699e7863c9247606?s=96&d=mm&r=g\",\"caption\":\"miro.sopko\"},\"url\":\"https:\/\/www.smedemokrati.sk\/en\/author\/miro-sopko\/\"}]}<\/script>\n<!-- \/ Yoast SEO plugin. -->","yoast_head_json":{"title":"Trojuholn\u00edk smrti v Chemko Str\u00e1\u017eske nesmie vl\u00e1da odklada\u0165 na ved\u013eaj\u0161iu ko\u013eaj a ohrozova\u0165 tak zdravie ob\u010danov","robots":{"index":"index","follow":"follow","max-snippet":"max-snippet:-1","max-image-preview":"max-image-preview:large","max-video-preview":"max-video-preview:-1"},"canonical":"https:\/\/www.smedemokrati.sk\/en\/trojuholnik-smrti-v-chemko-strazske-nesmie-vlada-odkladat-na-vedlajsiu-kolaj-a-ohrozovat-tak-zdravie-obcanov\/","og_locale":"en_US","og_type":"article","og_title":"[:sk]Trojuholn\u00edk smrti v Chemko Str\u00e1\u017eske nesmie vl\u00e1da odklada\u0165 na ved\u013eaj\u0161iu ko\u013eaj a ohrozova\u0165 tak zdravie ob\u010danov[:] - Smedemokrati.sk","og_description":"Vl\u00e1da Roberta Fica ani po roku svojho p\u00f4sobenia nebola schopn\u00e1 napriek zabezpe\u010den\u00fdm financi\u00e1m uzavrie\u0165 zmluvu na odstr\u00e1nenie \u0161kodliv\u00fdch PCB l\u00e1tok, ktor\u00e9 ohrozuj\u00fa are\u00e1l Chemko Str\u00e1\u017eske a aj \u0161ir\u0161ie okolie. Jedin\u00e9, \u010do odstr\u00e1nili, boli viacer\u00e9 \u00falohy pre vl\u00e1du v tejto s\u00favislosti. Prim\u00e1tor mesta Pre\u0161ov Franti\u0161ek O\u013eha kritizuje, \u017ee rezort \u017eivotn\u00e9ho prostredia nekomunikuje so starostami a prim\u00e1tormi [&hellip;]","og_url":"https:\/\/www.smedemokrati.sk\/en\/trojuholnik-smrti-v-chemko-strazske-nesmie-vlada-odkladat-na-vedlajsiu-kolaj-a-ohrozovat-tak-zdravie-obcanov\/","og_site_name":"Smedemokrati.sk","article_publisher":"https:\/\/www.facebook.com\/smedemokrati2023","article_published_time":"2024-10-18T19:49:13+00:00","article_modified_time":"2024-11-19T12:25:08+00:00","og_image":[{"width":1182,"height":807,"url":"https:\/\/www.smedemokrati.sk\/wp-content\/uploads\/2024\/10\/olha-kica.jpg","type":"image\/jpeg"}],"author":"miro.sopko","twitter_card":"summary_large_image","twitter_misc":{"Written by":"miro.sopko","Est. reading time":"3 minutes"},"schema":{"@context":"https:\/\/schema.org","@graph":[{"@type":"Article","@id":"https:\/\/www.smedemokrati.sk\/trojuholnik-smrti-v-chemko-strazske-nesmie-vlada-odkladat-na-vedlajsiu-kolaj-a-ohrozovat-tak-zdravie-obcanov\/#article","isPartOf":{"@id":"https:\/\/www.smedemokrati.sk\/trojuholnik-smrti-v-chemko-strazske-nesmie-vlada-odkladat-na-vedlajsiu-kolaj-a-ohrozovat-tak-zdravie-obcanov\/"},"author":{"name":"miro.sopko","@id":"https:\/\/www.smedemokrati.sk\/#\/schema\/person\/21f147c88d605aa7ded900e1e7c344ba"},"headline":"Trojuholn\u00edk smrti v Chemko Str\u00e1\u017eske nesmie vl\u00e1da odklada\u0165 na ved\u013eaj\u0161iu ko\u013eaj a ohrozova\u0165 tak zdravie ob\u010danov","datePublished":"2024-10-18T19:49:13+00:00","dateModified":"2024-11-19T12:25:08+00:00","mainEntityOfPage":{"@id":"https:\/\/www.smedemokrati.sk\/trojuholnik-smrti-v-chemko-strazske-nesmie-vlada-odkladat-na-vedlajsiu-kolaj-a-ohrozovat-tak-zdravie-obcanov\/"},"wordCount":658,"publisher":{"@id":"https:\/\/www.smedemokrati.sk\/#organization"},"image":{"@id":"https:\/\/www.smedemokrati.sk\/trojuholnik-smrti-v-chemko-strazske-nesmie-vlada-odkladat-na-vedlajsiu-kolaj-a-ohrozovat-tak-zdravie-obcanov\/#primaryimage"},"thumbnailUrl":"https:\/\/www.smedemokrati.sk\/wp-content\/uploads\/2024\/10\/olha-kica.jpg","articleSection":["Tla\u010dov\u00e9 spr\u00e1vy"],"inLanguage":"en-US"},{"@type":"WebPage","@id":"https:\/\/www.smedemokrati.sk\/trojuholnik-smrti-v-chemko-strazske-nesmie-vlada-odkladat-na-vedlajsiu-kolaj-a-ohrozovat-tak-zdravie-obcanov\/","url":"https:\/\/www.smedemokrati.sk\/trojuholnik-smrti-v-chemko-strazske-nesmie-vlada-odkladat-na-vedlajsiu-kolaj-a-ohrozovat-tak-zdravie-obcanov\/","name":"Trojuholn\u00edk smrti v Chemko Str\u00e1\u017eske nesmie vl\u00e1da odklada\u0165 na ved\u013eaj\u0161iu ko\u013eaj a ohrozova\u0165 tak zdravie ob\u010danov","isPartOf":{"@id":"https:\/\/www.smedemokrati.sk\/#website"},"primaryImageOfPage":{"@id":"https:\/\/www.smedemokrati.sk\/trojuholnik-smrti-v-chemko-strazske-nesmie-vlada-odkladat-na-vedlajsiu-kolaj-a-ohrozovat-tak-zdravie-obcanov\/#primaryimage"},"image":{"@id":"https:\/\/www.smedemokrati.sk\/trojuholnik-smrti-v-chemko-strazske-nesmie-vlada-odkladat-na-vedlajsiu-kolaj-a-ohrozovat-tak-zdravie-obcanov\/#primaryimage"},"thumbnailUrl":"https:\/\/www.smedemokrati.sk\/wp-content\/uploads\/2024\/10\/olha-kica.jpg","datePublished":"2024-10-18T19:49:13+00:00","dateModified":"2024-11-19T12:25:08+00:00","breadcrumb":{"@id":"https:\/\/www.smedemokrati.sk\/trojuholnik-smrti-v-chemko-strazske-nesmie-vlada-odkladat-na-vedlajsiu-kolaj-a-ohrozovat-tak-zdravie-obcanov\/#breadcrumb"},"inLanguage":"en-US","potentialAction":[{"@type":"ReadAction","target":["https:\/\/www.smedemokrati.sk\/trojuholnik-smrti-v-chemko-strazske-nesmie-vlada-odkladat-na-vedlajsiu-kolaj-a-ohrozovat-tak-zdravie-obcanov\/"]}]},{"@type":"ImageObject","inLanguage":"en-US","@id":"https:\/\/www.smedemokrati.sk\/trojuholnik-smrti-v-chemko-strazske-nesmie-vlada-odkladat-na-vedlajsiu-kolaj-a-ohrozovat-tak-zdravie-obcanov\/#primaryimage","url":"https:\/\/www.smedemokrati.sk\/wp-content\/uploads\/2024\/10\/olha-kica.jpg","contentUrl":"https:\/\/www.smedemokrati.sk\/wp-content\/uploads\/2024\/10\/olha-kica.jpg","width":1182,"height":807},{"@type":"BreadcrumbList","@id":"https:\/\/www.smedemokrati.sk\/trojuholnik-smrti-v-chemko-strazske-nesmie-vlada-odkladat-na-vedlajsiu-kolaj-a-ohrozovat-tak-zdravie-obcanov\/#breadcrumb","itemListElement":[{"@type":"ListItem","position":1,"name":"Domovsk\u00e1 str\u00e1nka","item":"https:\/\/www.smedemokrati.sk\/"},{"@type":"ListItem","position":2,"name":"Trojuholn\u00edk smrti v Chemko Str\u00e1\u017eske nesmie vl\u00e1da odklada\u0165 na ved\u013eaj\u0161iu ko\u013eaj a ohrozova\u0165 tak zdravie ob\u010danov"}]},{"@type":"WebSite","@id":"https:\/\/www.smedemokrati.sk\/#website","url":"https:\/\/www.smedemokrati.sk\/","name":"Smedemokrati.sk","description":"Demokracia a slu\u0161nos\u0165 zv\u00ed\u0165az\u00ed","publisher":{"@id":"https:\/\/www.smedemokrati.sk\/#organization"},"potentialAction":[{"@type":"SearchAction","target":{"@type":"EntryPoint","urlTemplate":"https:\/\/www.smedemokrati.sk\/?s={search_term_string}"},"query-input":{"@type":"PropertyValueSpecification","valueRequired":true,"valueName":"search_term_string"}}],"inLanguage":"en-US"},{"@type":"Organization","@id":"https:\/\/www.smedemokrati.sk\/#organization","name":"Smedemokrati.sk","url":"https:\/\/www.smedemokrati.sk\/","logo":{"@type":"ImageObject","inLanguage":"en-US","@id":"https:\/\/www.smedemokrati.sk\/#\/schema\/logo\/image\/","url":"https:\/\/www.smedemokrati.sk\/wp-content\/uploads\/2023\/04\/ff.002.jpeg","contentUrl":"https:\/\/www.smedemokrati.sk\/wp-content\/uploads\/2023\/04\/ff.002.jpeg","width":640,"height":480,"caption":"Smedemokrati.sk"},"image":{"@id":"https:\/\/www.smedemokrati.sk\/#\/schema\/logo\/image\/"},"sameAs":["https:\/\/www.facebook.com\/smedemokrati2023"]},{"@type":"Person","@id":"https:\/\/www.smedemokrati.sk\/#\/schema\/person\/21f147c88d605aa7ded900e1e7c344ba","name":"miro.sopko","image":{"@type":"ImageObject","inLanguage":"en-US","@id":"https:\/\/secure.gravatar.com\/avatar\/267e4a36f704376c109afe3a78740c1f5dd8675a2180a908699e7863c9247606?s=96&d=mm&r=g","url":"https:\/\/secure.gravatar.com\/avatar\/267e4a36f704376c109afe3a78740c1f5dd8675a2180a908699e7863c9247606?s=96&d=mm&r=g","contentUrl":"https:\/\/secure.gravatar.com\/avatar\/267e4a36f704376c109afe3a78740c1f5dd8675a2180a908699e7863c9247606?s=96&d=mm&r=g","caption":"miro.sopko"},"url":"https:\/\/www.smedemokrati.sk\/en\/author\/miro-sopko\/"}]}},"_links":{"self":[{"href":"https:\/\/www.smedemokrati.sk\/en\/wp-json\/wp\/v2\/posts\/5377","targetHints":{"allow":["GET"]}}],"collection":[{"href":"https:\/\/www.smedemokrati.sk\/en\/wp-json\/wp\/v2\/posts"}],"about":[{"href":"https:\/\/www.smedemokrati.sk\/en\/wp-json\/wp\/v2\/types\/post"}],"author":[{"embeddable":true,"href":"https:\/\/www.smedemokrati.sk\/en\/wp-json\/wp\/v2\/users\/13"}],"replies":[{"embeddable":true,"href":"https:\/\/www.smedemokrati.sk\/en\/wp-json\/wp\/v2\/comments?post=5377"}],"version-history":[{"count":1,"href":"https:\/\/www.smedemokrati.sk\/en\/wp-json\/wp\/v2\/posts\/5377\/revisions"}],"predecessor-version":[{"id":5380,"href":"https:\/\/www.smedemokrati.sk\/en\/wp-json\/wp\/v2\/posts\/5377\/revisions\/5380"}],"wp:featuredmedia":[{"embeddable":true,"href":"https:\/\/www.smedemokrati.sk\/en\/wp-json\/wp\/v2\/media\/5379"}],"wp:attachment":[{"href":"https:\/\/www.smedemokrati.sk\/en\/wp-json\/wp\/v2\/media?parent=5377"}],"wp:term":[{"taxonomy":"category","embeddable":true,"href":"https:\/\/www.smedemokrati.sk\/en\/wp-json\/wp\/v2\/categories?post=5377"},{"taxonomy":"post_tag","embeddable":true,"href":"https:\/\/www.smedemokrati.sk\/en\/wp-json\/wp\/v2\/tags?post=5377"}],"curies":[{"name":"wp","href":"https:\/\/api.w.org\/{rel}","templated":true}]}}