{"id":5303,"date":"2024-10-08T16:23:45","date_gmt":"2024-10-08T15:23:45","guid":{"rendered":"https:\/\/www.smedemokrati.sk\/?p=5303"},"modified":"2024-10-15T15:29:45","modified_gmt":"2024-10-15T14:29:45","slug":"oficialna-cenovka-za-kauzu-dobytkar-je-27-688-860-eur-zodpoveda-za-nu-g-matecna-ktorej-a-danko-hlada-miesto-na-ambasade-v-slovinsku","status":"publish","type":"post","link":"https:\/\/www.smedemokrati.sk\/en\/oficialna-cenovka-za-kauzu-dobytkar-je-27-688-860-eur-zodpoveda-za-nu-g-matecna-ktorej-a-danko-hlada-miesto-na-ambasade-v-slovinsku\/","title":{"rendered":"Ofici\u00e1lna cenovka za kauzu Dobytk\u00e1r je 27 688 860 eur, zodpoved\u00e1 za \u0148u G. Mate\u010dn\u00e1, ktorej A. Danko h\u013ead\u00e1 miesto na ambas\u00e1de v Slovinsku"},"content":{"rendered":"<div id=\"fb-root\"><\/div>\n\n<p><strong>Pod\u013ea ofici\u00e1lneho stanoviska Eur\u00f3pskej komisie, ktor\u00fdm disponuj\u00fa Demokrati je p<u>rv\u00e1<\/u>&nbsp;cenovka za kauzu Dobytk\u00e1r 27 688 860,09 eur. Ide o sumu, ktor\u00fa zaplatia ob\u010dania Slovenskej republiky a o ktor\u00fa bud\u00fa ukr\u00e1ten\u00ed slovensk\u00ed farm\u00e1ri. Zodpovednos\u0165 pad\u00e1 na exministerku Gabrielu Mate\u010dn\u00fa, ktorej pod\u013ea inform\u00e1ci\u00ed Demokratov intenz\u00edvne h\u013ead\u00e1 p\u00f4sobisko na ambas\u00e1de v Slovinsku predseda SNS Andrej Danko.&nbsp;<\/strong><\/p>\n\n\n\n<p>Gabriela Mate\u010dn\u00e1 sa prinajmen\u0161om ne\u010dinne prizerala rozkr\u00e1daniu financi\u00e1m na PPA, ktor\u00e9 mali sl\u00fa\u017ei\u0165 farm\u00e1rom, skon\u010dili v\u0161ak u zn\u00e1mych oligarchov. Ofici\u00e1lna cenovka, ktorou disponuje okrem Demokratov aj \u0161\u00e9f p\u00f4dohospod\u00e1rstva Richard Tak\u00e1\u010d, je d\u00f4kazom o \u0161af\u00e1ren\u00ed, za ktor\u00e9 priamo zodpoved\u00e1 vtedaj\u0161ia ministerka rezortu, nominantka SNS Gabriela Mate\u010dn\u00e1:\u00a0<em>\u201eJe to \u010dierne na bielom. Z\u00edskali sme dokument z Eur\u00f3pskej komisie z tohto leta, ktor\u00fd hovor\u00ed o prvom ofici\u00e1lnom \u00fa\u010det, ktor\u00fd obsahuje nielen cenovku, ale mo\u017eno pod\u013ea neho pomenova\u0165 aj zodpovedn\u00e9 osoby. Vy\u0161e 27 mili\u00f3nov eur, ktor\u00e9 mohli by\u0165 pou\u017eit\u00e9 na rozvoj slovensk\u00e9ho p\u00f4dohospod\u00e1rstva, alebo farm\u00e1ri si za to mohli k\u00fapi\u0165 traktory, tak namiesto toho, rovnak\u00fa sumu mus\u00edme zaplati\u0165 my v\u0161etci zo \u0161t\u00e1tneho rozpo\u010dtu,\u201d\u00a0<\/em>otv\u00e1ra t\u00e9mu environment\u00e1lny expert a \u010dlen predsedn\u00edctva Michal Ki\u010da, ktor\u00fd z\u00e1rove\u0148 vyz\u00fdva Andreja Danka a ministra Tarabu, aby okam\u017eite v tejto s\u00favislosti odvolal z poz\u00edcie \u0161t\u00e1tnej tajomn\u00ed\u010dky \u017eivotn\u00e9ho prostredia Gabrielu Mate\u010dn\u00fa. Po\u017eaduje tie\u017e, aby minister Tak\u00e1\u010d takto vzniknut\u00fa \u0161kodu Slovenskej republike uplatnil a vym\u00e1hal od zodpovedn\u00fdch os\u00f4b.<\/p>\n\n\n\n<p>Eur\u00f3pska komisia vy\u010d\u00edta vtedaj\u0161iemu vedeniu zlyhanie v oblasti kontroly platieb, konfliktu z\u00e1ujmov, nedostato\u010dn\u00fa kontrolu \u0161t\u00e1tnej pomoci \u010di netransparentnos\u0165 v projektoch. Na tla\u010dovej konferencii vyst\u00fapila aj Zuzana \u0160ubov\u00e1, ktor\u00e1 p\u00f4sobila v PPA, dnes \u0161\u00e9fuje Pir\u00e1tskej strane:\u00a0<em>\u201eM\u00f4\u017eem potvrdi\u0165, \u017ee praktiky, ktor\u00e9 sa diali na PPA viedli k tomu, aby sa chobotnica na\u0161ich \u013eud\u00ed mohla rozrasta\u0165. Podala som nieko\u013eko trestn\u00fdch ozn\u00e1men\u00ed v tejto s\u00favislosti, no z\u00e1rove\u0148 mus\u00edm poveda\u0165, \u017ee s\u00fa\u010dasn\u00e9 vedenie s vy\u0161etrovate\u013emi nespolupracuje a zrejme maj\u00fa na to d\u00f4vod. Ur\u010dite sa nevzd\u00e1m preto\u017ee sama najlep\u0161ie viem, \u010do sa na PPA dialo.\u201d<\/em><\/p>\n\n\n\n<p><em>\u201eU\u017e aj Andrej Danko pochopil, \u017ee pani Mate\u010dn\u00e1 je probl\u00e9m. Pod\u013ea na\u0161ich inform\u00e1ci\u00ed u\u017e intenz\u00edvne pracuje na tom, aby v doh\u013eadnej dobe mohla za\u010da\u0165 p\u00f4sobi\u0165 v zahrani\u010d\u00ed. \u0160epk\u00e1 sa, \u017ee pani Mate\u010dn\u00fa chc\u00fa takpovediac schova\u0165 na ambas\u00e1du v Slovinsku. P\u00e1n Danko ale zab\u00fada, \u017ee pre n\u00e1s neplat\u00ed z\u00edde z o\u010d\u00ed z\u00edde z mysle a toto je len za\u010diatok odha\u013eovania pre\u0161\u013eapov SNS a jej nominantov,\u201d<\/em>&nbsp;uzatv\u00e1ra Juraj \u0160eliga podpredseda Demokratov.<\/p>\n\n\n<div class=\"fb-video\" data-href=\"https:\/\/fb.watch\/v4YpOOACrE\" data-allowfullscreen=\"true\" data-autoplay=\"false\" data-width=\"\" data-show-text=\"false\" data-show-captions=\"true\"><\/div>\n","protected":false},"excerpt":{"rendered":"<p>Pod\u013ea ofici\u00e1lneho stanoviska Eur\u00f3pskej komisie, ktor\u00fdm disponuj\u00fa Demokrati je prv\u00e1&nbsp;cenovka za kauzu Dobytk\u00e1r 27 688 860,09 eur. Ide o sumu, ktor\u00fa zaplatia ob\u010dania Slovenskej republiky a o ktor\u00fa bud\u00fa ukr\u00e1ten\u00ed slovensk\u00ed farm\u00e1ri. Zodpovednos\u0165 pad\u00e1 na exministerku Gabrielu Mate\u010dn\u00fa, ktorej pod\u013ea inform\u00e1ci\u00ed Demokratov intenz\u00edvne h\u013ead\u00e1 p\u00f4sobisko na ambas\u00e1de v Slovinsku predseda SNS Andrej Danko.&nbsp; Gabriela Mate\u010dn\u00e1 [&hellip;]<\/p>\n","protected":false},"author":13,"featured_media":5304,"comment_status":"closed","ping_status":"closed","sticky":false,"template":"","format":"standard","meta":{"_acf_changed":false,"ngg_post_thumbnail":0,"footnotes":""},"categories":[4],"tags":[],"class_list":["post-5303","post","type-post","status-publish","format-standard","has-post-thumbnail","hentry","category-tlacove-spravy"],"acf":[],"yoast_head":"<!-- This site is optimized with the Yoast SEO plugin v27.2 - https:\/\/yoast.com\/product\/yoast-seo-wordpress\/ -->\n<title>Ofici\u00e1lna cenovka za kauzu Dobytk\u00e1r je 27 688 860 eur, zodpoved\u00e1 za \u0148u G. Mate\u010dn\u00e1, ktorej A. Danko h\u013ead\u00e1 miesto na ambas\u00e1de v Slovinsku<\/title>\n<meta name=\"robots\" content=\"index, follow, max-snippet:-1, max-image-preview:large, max-video-preview:-1\" \/>\n<link rel=\"canonical\" href=\"https:\/\/www.smedemokrati.sk\/en\/oficialna-cenovka-za-kauzu-dobytkar-je-27-688-860-eur-zodpoveda-za-nu-g-matecna-ktorej-a-danko-hlada-miesto-na-ambasade-v-slovinsku\/\" \/>\n<meta property=\"og:locale\" content=\"en_US\" \/>\n<meta property=\"og:locale:alternate\" content=\"cs_CZ\" \/>\n<meta property=\"og:locale:alternate\" content=\"hu_HU\" \/>\n<meta property=\"og:locale:alternate\" content=\"sk_SK\" \/>\n<meta property=\"og:locale:alternate\" content=\"sv_SE\" \/>\n<meta property=\"og:type\" content=\"article\" \/>\n<meta property=\"og:title\" content=\"Ofici\u00e1lna cenovka za kauzu Dobytk\u00e1r je 27 688 860 eur, zodpoved\u00e1 za \u0148u G. Mate\u010dn\u00e1, ktorej A. Danko h\u013ead\u00e1 miesto na ambas\u00e1de v Slovinsku\" \/>\n<meta property=\"og:description\" content=\"Pod\u013ea ofici\u00e1lneho stanoviska Eur\u00f3pskej komisie, ktor\u00fdm disponuj\u00fa Demokrati je prv\u00e1&nbsp;cenovka za kauzu Dobytk\u00e1r 27 688 860,09 eur. Ide o sumu, ktor\u00fa zaplatia ob\u010dania Slovenskej republiky a o ktor\u00fa bud\u00fa ukr\u00e1ten\u00ed slovensk\u00ed farm\u00e1ri. Zodpovednos\u0165 pad\u00e1 na exministerku Gabrielu Mate\u010dn\u00fa, ktorej pod\u013ea inform\u00e1ci\u00ed Demokratov intenz\u00edvne h\u013ead\u00e1 p\u00f4sobisko na ambas\u00e1de v Slovinsku predseda SNS Andrej Danko.&nbsp; Gabriela Mate\u010dn\u00e1 [&hellip;]\" \/>\n<meta property=\"og:url\" content=\"https:\/\/www.smedemokrati.sk\/en\/oficialna-cenovka-za-kauzu-dobytkar-je-27-688-860-eur-zodpoveda-za-nu-g-matecna-ktorej-a-danko-hlada-miesto-na-ambasade-v-slovinsku\/\" \/>\n<meta property=\"og:site_name\" content=\"Smedemokrati.sk\" \/>\n<meta property=\"article:publisher\" content=\"https:\/\/www.facebook.com\/smedemokrati2023\" \/>\n<meta property=\"article:published_time\" content=\"2024-10-08T15:23:45+00:00\" \/>\n<meta property=\"article:modified_time\" content=\"2024-10-15T14:29:45+00:00\" \/>\n<meta property=\"og:image\" content=\"https:\/\/www.smedemokrati.sk\/wp-content\/uploads\/2024\/10\/matecna.jpg\" \/>\n\t<meta property=\"og:image:width\" content=\"990\" \/>\n\t<meta property=\"og:image:height\" content=\"660\" \/>\n\t<meta property=\"og:image:type\" content=\"image\/jpeg\" \/>\n<meta name=\"author\" content=\"miro.sopko\" \/>\n<meta name=\"twitter:card\" content=\"summary_large_image\" \/>\n<meta name=\"twitter:label1\" content=\"Written by\" \/>\n\t<meta name=\"twitter:data1\" content=\"miro.sopko\" \/>\n\t<meta name=\"twitter:label2\" content=\"Est. reading time\" \/>\n\t<meta name=\"twitter:data2\" content=\"3 minutes\" \/>\n<script type=\"application\/ld+json\" class=\"yoast-schema-graph\">{\"@context\":\"https:\/\/schema.org\",\"@graph\":[{\"@type\":\"Article\",\"@id\":\"https:\/\/www.smedemokrati.sk\/oficialna-cenovka-za-kauzu-dobytkar-je-27-688-860-eur-zodpoveda-za-nu-g-matecna-ktorej-a-danko-hlada-miesto-na-ambasade-v-slovinsku\/#article\",\"isPartOf\":{\"@id\":\"https:\/\/www.smedemokrati.sk\/oficialna-cenovka-za-kauzu-dobytkar-je-27-688-860-eur-zodpoveda-za-nu-g-matecna-ktorej-a-danko-hlada-miesto-na-ambasade-v-slovinsku\/\"},\"author\":{\"name\":\"miro.sopko\",\"@id\":\"https:\/\/www.smedemokrati.sk\/#\/schema\/person\/21f147c88d605aa7ded900e1e7c344ba\"},\"headline\":\"Ofici\u00e1lna cenovka za kauzu Dobytk\u00e1r je 27 688 860 eur, zodpoved\u00e1 za \u0148u G. Mate\u010dn\u00e1, ktorej A. Danko h\u013ead\u00e1 miesto na ambas\u00e1de v Slovinsku\",\"datePublished\":\"2024-10-08T15:23:45+00:00\",\"dateModified\":\"2024-10-15T14:29:45+00:00\",\"mainEntityOfPage\":{\"@id\":\"https:\/\/www.smedemokrati.sk\/oficialna-cenovka-za-kauzu-dobytkar-je-27-688-860-eur-zodpoveda-za-nu-g-matecna-ktorej-a-danko-hlada-miesto-na-ambasade-v-slovinsku\/\"},\"wordCount\":518,\"publisher\":{\"@id\":\"https:\/\/www.smedemokrati.sk\/#organization\"},\"image\":{\"@id\":\"https:\/\/www.smedemokrati.sk\/oficialna-cenovka-za-kauzu-dobytkar-je-27-688-860-eur-zodpoveda-za-nu-g-matecna-ktorej-a-danko-hlada-miesto-na-ambasade-v-slovinsku\/#primaryimage\"},\"thumbnailUrl\":\"https:\/\/www.smedemokrati.sk\/wp-content\/uploads\/2024\/10\/matecna.jpg\",\"articleSection\":[\"Tla\u010dov\u00e9 spr\u00e1vy\"],\"inLanguage\":\"en-US\"},{\"@type\":\"WebPage\",\"@id\":\"https:\/\/www.smedemokrati.sk\/oficialna-cenovka-za-kauzu-dobytkar-je-27-688-860-eur-zodpoveda-za-nu-g-matecna-ktorej-a-danko-hlada-miesto-na-ambasade-v-slovinsku\/\",\"url\":\"https:\/\/www.smedemokrati.sk\/oficialna-cenovka-za-kauzu-dobytkar-je-27-688-860-eur-zodpoveda-za-nu-g-matecna-ktorej-a-danko-hlada-miesto-na-ambasade-v-slovinsku\/\",\"name\":\"Ofici\u00e1lna cenovka za kauzu Dobytk\u00e1r je 27 688 860 eur, zodpoved\u00e1 za \u0148u G. Mate\u010dn\u00e1, ktorej A. Danko h\u013ead\u00e1 miesto na ambas\u00e1de v Slovinsku\",\"isPartOf\":{\"@id\":\"https:\/\/www.smedemokrati.sk\/#website\"},\"primaryImageOfPage\":{\"@id\":\"https:\/\/www.smedemokrati.sk\/oficialna-cenovka-za-kauzu-dobytkar-je-27-688-860-eur-zodpoveda-za-nu-g-matecna-ktorej-a-danko-hlada-miesto-na-ambasade-v-slovinsku\/#primaryimage\"},\"image\":{\"@id\":\"https:\/\/www.smedemokrati.sk\/oficialna-cenovka-za-kauzu-dobytkar-je-27-688-860-eur-zodpoveda-za-nu-g-matecna-ktorej-a-danko-hlada-miesto-na-ambasade-v-slovinsku\/#primaryimage\"},\"thumbnailUrl\":\"https:\/\/www.smedemokrati.sk\/wp-content\/uploads\/2024\/10\/matecna.jpg\",\"datePublished\":\"2024-10-08T15:23:45+00:00\",\"dateModified\":\"2024-10-15T14:29:45+00:00\",\"breadcrumb\":{\"@id\":\"https:\/\/www.smedemokrati.sk\/oficialna-cenovka-za-kauzu-dobytkar-je-27-688-860-eur-zodpoveda-za-nu-g-matecna-ktorej-a-danko-hlada-miesto-na-ambasade-v-slovinsku\/#breadcrumb\"},\"inLanguage\":\"en-US\",\"potentialAction\":[{\"@type\":\"ReadAction\",\"target\":[\"https:\/\/www.smedemokrati.sk\/oficialna-cenovka-za-kauzu-dobytkar-je-27-688-860-eur-zodpoveda-za-nu-g-matecna-ktorej-a-danko-hlada-miesto-na-ambasade-v-slovinsku\/\"]}]},{\"@type\":\"ImageObject\",\"inLanguage\":\"en-US\",\"@id\":\"https:\/\/www.smedemokrati.sk\/oficialna-cenovka-za-kauzu-dobytkar-je-27-688-860-eur-zodpoveda-za-nu-g-matecna-ktorej-a-danko-hlada-miesto-na-ambasade-v-slovinsku\/#primaryimage\",\"url\":\"https:\/\/www.smedemokrati.sk\/wp-content\/uploads\/2024\/10\/matecna.jpg\",\"contentUrl\":\"https:\/\/www.smedemokrati.sk\/wp-content\/uploads\/2024\/10\/matecna.jpg\",\"width\":990,\"height\":660},{\"@type\":\"BreadcrumbList\",\"@id\":\"https:\/\/www.smedemokrati.sk\/oficialna-cenovka-za-kauzu-dobytkar-je-27-688-860-eur-zodpoveda-za-nu-g-matecna-ktorej-a-danko-hlada-miesto-na-ambasade-v-slovinsku\/#breadcrumb\",\"itemListElement\":[{\"@type\":\"ListItem\",\"position\":1,\"name\":\"Domovsk\u00e1 str\u00e1nka\",\"item\":\"https:\/\/www.smedemokrati.sk\/\"},{\"@type\":\"ListItem\",\"position\":2,\"name\":\"Ofici\u00e1lna cenovka za kauzu Dobytk\u00e1r je 27 688 860 eur, zodpoved\u00e1 za \u0148u G. Mate\u010dn\u00e1, ktorej A. Danko h\u013ead\u00e1 miesto na ambas\u00e1de v Slovinsku\"}]},{\"@type\":\"WebSite\",\"@id\":\"https:\/\/www.smedemokrati.sk\/#website\",\"url\":\"https:\/\/www.smedemokrati.sk\/\",\"name\":\"Smedemokrati.sk\",\"description\":\"Demokracia a slu\u0161nos\u0165 zv\u00ed\u0165az\u00ed\",\"publisher\":{\"@id\":\"https:\/\/www.smedemokrati.sk\/#organization\"},\"potentialAction\":[{\"@type\":\"SearchAction\",\"target\":{\"@type\":\"EntryPoint\",\"urlTemplate\":\"https:\/\/www.smedemokrati.sk\/?s={search_term_string}\"},\"query-input\":{\"@type\":\"PropertyValueSpecification\",\"valueRequired\":true,\"valueName\":\"search_term_string\"}}],\"inLanguage\":\"en-US\"},{\"@type\":\"Organization\",\"@id\":\"https:\/\/www.smedemokrati.sk\/#organization\",\"name\":\"Smedemokrati.sk\",\"url\":\"https:\/\/www.smedemokrati.sk\/\",\"logo\":{\"@type\":\"ImageObject\",\"inLanguage\":\"en-US\",\"@id\":\"https:\/\/www.smedemokrati.sk\/#\/schema\/logo\/image\/\",\"url\":\"https:\/\/www.smedemokrati.sk\/wp-content\/uploads\/2023\/04\/ff.002.jpeg\",\"contentUrl\":\"https:\/\/www.smedemokrati.sk\/wp-content\/uploads\/2023\/04\/ff.002.jpeg\",\"width\":640,\"height\":480,\"caption\":\"Smedemokrati.sk\"},\"image\":{\"@id\":\"https:\/\/www.smedemokrati.sk\/#\/schema\/logo\/image\/\"},\"sameAs\":[\"https:\/\/www.facebook.com\/smedemokrati2023\"]},{\"@type\":\"Person\",\"@id\":\"https:\/\/www.smedemokrati.sk\/#\/schema\/person\/21f147c88d605aa7ded900e1e7c344ba\",\"name\":\"miro.sopko\",\"image\":{\"@type\":\"ImageObject\",\"inLanguage\":\"en-US\",\"@id\":\"https:\/\/secure.gravatar.com\/avatar\/267e4a36f704376c109afe3a78740c1f5dd8675a2180a908699e7863c9247606?s=96&d=mm&r=g\",\"url\":\"https:\/\/secure.gravatar.com\/avatar\/267e4a36f704376c109afe3a78740c1f5dd8675a2180a908699e7863c9247606?s=96&d=mm&r=g\",\"contentUrl\":\"https:\/\/secure.gravatar.com\/avatar\/267e4a36f704376c109afe3a78740c1f5dd8675a2180a908699e7863c9247606?s=96&d=mm&r=g\",\"caption\":\"miro.sopko\"},\"url\":\"https:\/\/www.smedemokrati.sk\/en\/author\/miro-sopko\/\"}]}<\/script>\n<!-- \/ Yoast SEO plugin. -->","yoast_head_json":{"title":"Ofici\u00e1lna cenovka za kauzu Dobytk\u00e1r je 27 688 860 eur, zodpoved\u00e1 za \u0148u G. Mate\u010dn\u00e1, ktorej A. Danko h\u013ead\u00e1 miesto na ambas\u00e1de v Slovinsku","robots":{"index":"index","follow":"follow","max-snippet":"max-snippet:-1","max-image-preview":"max-image-preview:large","max-video-preview":"max-video-preview:-1"},"canonical":"https:\/\/www.smedemokrati.sk\/en\/oficialna-cenovka-za-kauzu-dobytkar-je-27-688-860-eur-zodpoveda-za-nu-g-matecna-ktorej-a-danko-hlada-miesto-na-ambasade-v-slovinsku\/","og_locale":"en_US","og_type":"article","og_title":"[:sk]Ofici\u00e1lna cenovka za kauzu Dobytk\u00e1r je 27 688 860 eur, zodpoved\u00e1 za \u0148u G. Mate\u010dn\u00e1, ktorej A. Danko h\u013ead\u00e1 miesto na ambas\u00e1de v Slovinsku[:] - Smedemokrati.sk","og_description":"Pod\u013ea ofici\u00e1lneho stanoviska Eur\u00f3pskej komisie, ktor\u00fdm disponuj\u00fa Demokrati je prv\u00e1&nbsp;cenovka za kauzu Dobytk\u00e1r 27 688 860,09 eur. Ide o sumu, ktor\u00fa zaplatia ob\u010dania Slovenskej republiky a o ktor\u00fa bud\u00fa ukr\u00e1ten\u00ed slovensk\u00ed farm\u00e1ri. Zodpovednos\u0165 pad\u00e1 na exministerku Gabrielu Mate\u010dn\u00fa, ktorej pod\u013ea inform\u00e1ci\u00ed Demokratov intenz\u00edvne h\u013ead\u00e1 p\u00f4sobisko na ambas\u00e1de v Slovinsku predseda SNS Andrej Danko.&nbsp; Gabriela Mate\u010dn\u00e1 [&hellip;]","og_url":"https:\/\/www.smedemokrati.sk\/en\/oficialna-cenovka-za-kauzu-dobytkar-je-27-688-860-eur-zodpoveda-za-nu-g-matecna-ktorej-a-danko-hlada-miesto-na-ambasade-v-slovinsku\/","og_site_name":"Smedemokrati.sk","article_publisher":"https:\/\/www.facebook.com\/smedemokrati2023","article_published_time":"2024-10-08T15:23:45+00:00","article_modified_time":"2024-10-15T14:29:45+00:00","og_image":[{"width":990,"height":660,"url":"https:\/\/www.smedemokrati.sk\/wp-content\/uploads\/2024\/10\/matecna.jpg","type":"image\/jpeg"}],"author":"miro.sopko","twitter_card":"summary_large_image","twitter_misc":{"Written by":"miro.sopko","Est. reading time":"3 minutes"},"schema":{"@context":"https:\/\/schema.org","@graph":[{"@type":"Article","@id":"https:\/\/www.smedemokrati.sk\/oficialna-cenovka-za-kauzu-dobytkar-je-27-688-860-eur-zodpoveda-za-nu-g-matecna-ktorej-a-danko-hlada-miesto-na-ambasade-v-slovinsku\/#article","isPartOf":{"@id":"https:\/\/www.smedemokrati.sk\/oficialna-cenovka-za-kauzu-dobytkar-je-27-688-860-eur-zodpoveda-za-nu-g-matecna-ktorej-a-danko-hlada-miesto-na-ambasade-v-slovinsku\/"},"author":{"name":"miro.sopko","@id":"https:\/\/www.smedemokrati.sk\/#\/schema\/person\/21f147c88d605aa7ded900e1e7c344ba"},"headline":"Ofici\u00e1lna cenovka za kauzu Dobytk\u00e1r je 27 688 860 eur, zodpoved\u00e1 za \u0148u G. Mate\u010dn\u00e1, ktorej A. Danko h\u013ead\u00e1 miesto na ambas\u00e1de v Slovinsku","datePublished":"2024-10-08T15:23:45+00:00","dateModified":"2024-10-15T14:29:45+00:00","mainEntityOfPage":{"@id":"https:\/\/www.smedemokrati.sk\/oficialna-cenovka-za-kauzu-dobytkar-je-27-688-860-eur-zodpoveda-za-nu-g-matecna-ktorej-a-danko-hlada-miesto-na-ambasade-v-slovinsku\/"},"wordCount":518,"publisher":{"@id":"https:\/\/www.smedemokrati.sk\/#organization"},"image":{"@id":"https:\/\/www.smedemokrati.sk\/oficialna-cenovka-za-kauzu-dobytkar-je-27-688-860-eur-zodpoveda-za-nu-g-matecna-ktorej-a-danko-hlada-miesto-na-ambasade-v-slovinsku\/#primaryimage"},"thumbnailUrl":"https:\/\/www.smedemokrati.sk\/wp-content\/uploads\/2024\/10\/matecna.jpg","articleSection":["Tla\u010dov\u00e9 spr\u00e1vy"],"inLanguage":"en-US"},{"@type":"WebPage","@id":"https:\/\/www.smedemokrati.sk\/oficialna-cenovka-za-kauzu-dobytkar-je-27-688-860-eur-zodpoveda-za-nu-g-matecna-ktorej-a-danko-hlada-miesto-na-ambasade-v-slovinsku\/","url":"https:\/\/www.smedemokrati.sk\/oficialna-cenovka-za-kauzu-dobytkar-je-27-688-860-eur-zodpoveda-za-nu-g-matecna-ktorej-a-danko-hlada-miesto-na-ambasade-v-slovinsku\/","name":"Ofici\u00e1lna cenovka za kauzu Dobytk\u00e1r je 27 688 860 eur, zodpoved\u00e1 za \u0148u G. Mate\u010dn\u00e1, ktorej A. Danko h\u013ead\u00e1 miesto na ambas\u00e1de v Slovinsku","isPartOf":{"@id":"https:\/\/www.smedemokrati.sk\/#website"},"primaryImageOfPage":{"@id":"https:\/\/www.smedemokrati.sk\/oficialna-cenovka-za-kauzu-dobytkar-je-27-688-860-eur-zodpoveda-za-nu-g-matecna-ktorej-a-danko-hlada-miesto-na-ambasade-v-slovinsku\/#primaryimage"},"image":{"@id":"https:\/\/www.smedemokrati.sk\/oficialna-cenovka-za-kauzu-dobytkar-je-27-688-860-eur-zodpoveda-za-nu-g-matecna-ktorej-a-danko-hlada-miesto-na-ambasade-v-slovinsku\/#primaryimage"},"thumbnailUrl":"https:\/\/www.smedemokrati.sk\/wp-content\/uploads\/2024\/10\/matecna.jpg","datePublished":"2024-10-08T15:23:45+00:00","dateModified":"2024-10-15T14:29:45+00:00","breadcrumb":{"@id":"https:\/\/www.smedemokrati.sk\/oficialna-cenovka-za-kauzu-dobytkar-je-27-688-860-eur-zodpoveda-za-nu-g-matecna-ktorej-a-danko-hlada-miesto-na-ambasade-v-slovinsku\/#breadcrumb"},"inLanguage":"en-US","potentialAction":[{"@type":"ReadAction","target":["https:\/\/www.smedemokrati.sk\/oficialna-cenovka-za-kauzu-dobytkar-je-27-688-860-eur-zodpoveda-za-nu-g-matecna-ktorej-a-danko-hlada-miesto-na-ambasade-v-slovinsku\/"]}]},{"@type":"ImageObject","inLanguage":"en-US","@id":"https:\/\/www.smedemokrati.sk\/oficialna-cenovka-za-kauzu-dobytkar-je-27-688-860-eur-zodpoveda-za-nu-g-matecna-ktorej-a-danko-hlada-miesto-na-ambasade-v-slovinsku\/#primaryimage","url":"https:\/\/www.smedemokrati.sk\/wp-content\/uploads\/2024\/10\/matecna.jpg","contentUrl":"https:\/\/www.smedemokrati.sk\/wp-content\/uploads\/2024\/10\/matecna.jpg","width":990,"height":660},{"@type":"BreadcrumbList","@id":"https:\/\/www.smedemokrati.sk\/oficialna-cenovka-za-kauzu-dobytkar-je-27-688-860-eur-zodpoveda-za-nu-g-matecna-ktorej-a-danko-hlada-miesto-na-ambasade-v-slovinsku\/#breadcrumb","itemListElement":[{"@type":"ListItem","position":1,"name":"Domovsk\u00e1 str\u00e1nka","item":"https:\/\/www.smedemokrati.sk\/"},{"@type":"ListItem","position":2,"name":"Ofici\u00e1lna cenovka za kauzu Dobytk\u00e1r je 27 688 860 eur, zodpoved\u00e1 za \u0148u G. Mate\u010dn\u00e1, ktorej A. Danko h\u013ead\u00e1 miesto na ambas\u00e1de v Slovinsku"}]},{"@type":"WebSite","@id":"https:\/\/www.smedemokrati.sk\/#website","url":"https:\/\/www.smedemokrati.sk\/","name":"Smedemokrati.sk","description":"Demokracia a slu\u0161nos\u0165 zv\u00ed\u0165az\u00ed","publisher":{"@id":"https:\/\/www.smedemokrati.sk\/#organization"},"potentialAction":[{"@type":"SearchAction","target":{"@type":"EntryPoint","urlTemplate":"https:\/\/www.smedemokrati.sk\/?s={search_term_string}"},"query-input":{"@type":"PropertyValueSpecification","valueRequired":true,"valueName":"search_term_string"}}],"inLanguage":"en-US"},{"@type":"Organization","@id":"https:\/\/www.smedemokrati.sk\/#organization","name":"Smedemokrati.sk","url":"https:\/\/www.smedemokrati.sk\/","logo":{"@type":"ImageObject","inLanguage":"en-US","@id":"https:\/\/www.smedemokrati.sk\/#\/schema\/logo\/image\/","url":"https:\/\/www.smedemokrati.sk\/wp-content\/uploads\/2023\/04\/ff.002.jpeg","contentUrl":"https:\/\/www.smedemokrati.sk\/wp-content\/uploads\/2023\/04\/ff.002.jpeg","width":640,"height":480,"caption":"Smedemokrati.sk"},"image":{"@id":"https:\/\/www.smedemokrati.sk\/#\/schema\/logo\/image\/"},"sameAs":["https:\/\/www.facebook.com\/smedemokrati2023"]},{"@type":"Person","@id":"https:\/\/www.smedemokrati.sk\/#\/schema\/person\/21f147c88d605aa7ded900e1e7c344ba","name":"miro.sopko","image":{"@type":"ImageObject","inLanguage":"en-US","@id":"https:\/\/secure.gravatar.com\/avatar\/267e4a36f704376c109afe3a78740c1f5dd8675a2180a908699e7863c9247606?s=96&d=mm&r=g","url":"https:\/\/secure.gravatar.com\/avatar\/267e4a36f704376c109afe3a78740c1f5dd8675a2180a908699e7863c9247606?s=96&d=mm&r=g","contentUrl":"https:\/\/secure.gravatar.com\/avatar\/267e4a36f704376c109afe3a78740c1f5dd8675a2180a908699e7863c9247606?s=96&d=mm&r=g","caption":"miro.sopko"},"url":"https:\/\/www.smedemokrati.sk\/en\/author\/miro-sopko\/"}]}},"_links":{"self":[{"href":"https:\/\/www.smedemokrati.sk\/en\/wp-json\/wp\/v2\/posts\/5303","targetHints":{"allow":["GET"]}}],"collection":[{"href":"https:\/\/www.smedemokrati.sk\/en\/wp-json\/wp\/v2\/posts"}],"about":[{"href":"https:\/\/www.smedemokrati.sk\/en\/wp-json\/wp\/v2\/types\/post"}],"author":[{"embeddable":true,"href":"https:\/\/www.smedemokrati.sk\/en\/wp-json\/wp\/v2\/users\/13"}],"replies":[{"embeddable":true,"href":"https:\/\/www.smedemokrati.sk\/en\/wp-json\/wp\/v2\/comments?post=5303"}],"version-history":[{"count":2,"href":"https:\/\/www.smedemokrati.sk\/en\/wp-json\/wp\/v2\/posts\/5303\/revisions"}],"predecessor-version":[{"id":5337,"href":"https:\/\/www.smedemokrati.sk\/en\/wp-json\/wp\/v2\/posts\/5303\/revisions\/5337"}],"wp:featuredmedia":[{"embeddable":true,"href":"https:\/\/www.smedemokrati.sk\/en\/wp-json\/wp\/v2\/media\/5304"}],"wp:attachment":[{"href":"https:\/\/www.smedemokrati.sk\/en\/wp-json\/wp\/v2\/media?parent=5303"}],"wp:term":[{"taxonomy":"category","embeddable":true,"href":"https:\/\/www.smedemokrati.sk\/en\/wp-json\/wp\/v2\/categories?post=5303"},{"taxonomy":"post_tag","embeddable":true,"href":"https:\/\/www.smedemokrati.sk\/en\/wp-json\/wp\/v2\/tags?post=5303"}],"curies":[{"name":"wp","href":"https:\/\/api.w.org\/{rel}","templated":true}]}}