{"id":5271,"date":"2024-10-04T11:12:42","date_gmt":"2024-10-04T10:12:42","guid":{"rendered":"https:\/\/www.smedemokrati.sk\/?p=5271"},"modified":"2024-10-09T14:15:20","modified_gmt":"2024-10-09T13:15:20","slug":"namiesto-dolinkovej-musi-prist-nespochybnitelny-odbornik-nie-politik","status":"publish","type":"post","link":"https:\/\/www.smedemokrati.sk\/en\/namiesto-dolinkovej-musi-prist-nespochybnitelny-odbornik-nie-politik\/","title":{"rendered":"Namiesto Dolinkovej mus\u00ed pr\u00eds\u0165 nespochybnite\u013en\u00fd odborn\u00edk, nie politik"},"content":{"rendered":"<div id=\"fb-root\"><\/div>\n\n<p><strong>Odst\u00fapenie ministerky Dolinkovej je pochopite\u013en\u00fd krok, ktor\u00fd ale prich\u00e1dza s ro\u010dn\u00fdm ome\u0161kan\u00edm. Ministerka po\u010das svojho p\u00f4sobenia opakovane mana\u017e\u00e9rsky zlyhala, \u010doho d\u00f4ka\u017eom je z\u00fafal\u00e1 situ\u00e1cia v Tren\u010dianskej nemocnici, extr\u00e9mne zadl\u017een\u00e1 v\u0161eobecnej pois\u0165ovne, v\u00fdpovede sestier a lek\u00e1rov zo slu\u017eieb, neodborn\u00e9 person\u00e1lne nomin\u00e1cie na vysok\u00fdch st\u00e1tnych poz\u00edci\u00e1ch \u010di odsunutie potrebnej reformy nemocn\u00edc.<\/strong><\/p>\n\n\n\n<p>Pod\u013ea Demokratov s\u00fa slov\u00e1 dnes u\u017e exministerky Dolinkovej potvrden\u00edm, \u017ee tejto vl\u00e1de nikdy o zdravie \u013eud\u00ed ne\u0161lo:\u00a0<em>\u201eDolinkov\u00e1 naplno odhalila a potvrdila, \u017ee Robert Fico ka\u0161le na \u013eud\u00ed, je mu jedno ko\u013eko lek\u00e1rov a sestier od\u00edde, \u017ee nemocnice spadn\u00fa \u013eu\u010fom na hlavu a \u017ee jednoducho nebude ma\u0165 kto pom\u00f4c\u0165 chor\u00fdm. Na jednej strane, v\u00e1\u017eim si toto priznanie \u010dloveka, ktor\u00fd sedel vo vl\u00e1de a na strane druhej hovor\u00edm, \u017ee pani Dolinkov\u00e1 nebola mana\u017e\u00e9rsky pripraven\u00e1 zvl\u00e1da\u0165 tento rezort,\u201d<\/em>\u00a0hovor\u00ed predseda strany Jaroslav Na\u010f a dod\u00e1va, \u017ee Ficovi sa u\u017e nepodar\u00ed zamaskova\u0165 koali\u010dn\u00fa kr\u00edzu, ktorej n\u00e1sledky u\u017e teraz c\u00edti cel\u00e9 Slovensko. Pripom\u00edna tie\u017e predvolebn\u00e9 s\u013euby dnes premi\u00e9ra, ktor\u00fd sa du\u0161oval, \u017ee pokoj, prosperita a stabilita je to, \u010do t\u00fato krajinu \u010dak\u00e1 po\u010das jeho vl\u00e1dnutia, dnes je v\u0161ak opak realitou.\u00a0<\/p>\n\n\n\n<p>Andrea Letanovsk\u00e1, lek\u00e1rka a podpredsedn\u00ed\u010dka Demokratov dod\u00e1va:\u00a0<em>\u201eMinisterka Dolinkov\u00e1 je a bola len sympt\u00f3mom chor\u00e9ho slovensk\u00e9ho zdravotn\u00edctva. Neodbornos\u0165, prepojenos\u0165 na finan\u010dn\u00e9 skupiny a r\u00f4znych lobistov, ale aj nez\u00e1ujem o pacienta a rozkr\u00e1danie. To je skuto\u010dn\u00e1 rakovina, ktor\u00e1 ni\u010d\u00ed slovensk\u00e9 zdravotn\u00edctvo. Je zrejm\u00e9, \u017ee t\u00e1to vl\u00e1dna koal\u00edcia v zdravotn\u00edctve netu\u0161\u00ed, \u010do m\u00e1 urobi\u0165. Vyz\u00fdvame vl\u00e1dnu koal\u00edciu, aby miesto politickej nomin\u00e1cie na post ministra zdravotn\u00edctva nominovala nespochybnite\u013en\u00e9ho odborn\u00edka. Politik\u00e1r\u010denie zdravotn\u00edctvu nepom\u00f4\u017ee, naopak m\u00f4\u017ee ho definit\u00edvne zabi\u0165.\u201d\u00a0<\/em><\/p>\n","protected":false},"excerpt":{"rendered":"<p>Odst\u00fapenie ministerky Dolinkovej je pochopite\u013en\u00fd krok, ktor\u00fd ale prich\u00e1dza s ro\u010dn\u00fdm ome\u0161kan\u00edm. Ministerka po\u010das svojho p\u00f4sobenia opakovane mana\u017e\u00e9rsky zlyhala, \u010doho d\u00f4ka\u017eom je z\u00fafal\u00e1 situ\u00e1cia v Tren\u010dianskej nemocnici, extr\u00e9mne zadl\u017een\u00e1 v\u0161eobecnej pois\u0165ovne, v\u00fdpovede sestier a lek\u00e1rov zo slu\u017eieb, neodborn\u00e9 person\u00e1lne nomin\u00e1cie na vysok\u00fdch st\u00e1tnych poz\u00edci\u00e1ch \u010di odsunutie potrebnej reformy nemocn\u00edc. Pod\u013ea Demokratov s\u00fa slov\u00e1 dnes u\u017e [&hellip;]<\/p>\n","protected":false},"author":13,"featured_media":5272,"comment_status":"closed","ping_status":"closed","sticky":false,"template":"","format":"standard","meta":{"_acf_changed":false,"ngg_post_thumbnail":0,"footnotes":""},"categories":[4],"tags":[],"class_list":["post-5271","post","type-post","status-publish","format-standard","has-post-thumbnail","hentry","category-tlacove-spravy"],"acf":[],"yoast_head":"<!-- This site is optimized with the Yoast SEO plugin v27.2 - https:\/\/yoast.com\/product\/yoast-seo-wordpress\/ -->\n<title>Namiesto Dolinkovej mus\u00ed pr\u00eds\u0165 nespochybnite\u013en\u00fd odborn\u00edk, nie politik<\/title>\n<meta name=\"robots\" content=\"index, follow, max-snippet:-1, max-image-preview:large, max-video-preview:-1\" \/>\n<link rel=\"canonical\" href=\"https:\/\/www.smedemokrati.sk\/en\/namiesto-dolinkovej-musi-prist-nespochybnitelny-odbornik-nie-politik\/\" \/>\n<meta property=\"og:locale\" content=\"en_US\" \/>\n<meta property=\"og:locale:alternate\" content=\"cs_CZ\" \/>\n<meta property=\"og:locale:alternate\" content=\"hu_HU\" \/>\n<meta property=\"og:locale:alternate\" content=\"sk_SK\" \/>\n<meta property=\"og:locale:alternate\" content=\"sv_SE\" \/>\n<meta property=\"og:type\" content=\"article\" \/>\n<meta property=\"og:title\" content=\"Namiesto Dolinkovej mus\u00ed pr\u00eds\u0165 nespochybnite\u013en\u00fd odborn\u00edk, nie politik\" \/>\n<meta property=\"og:description\" content=\"Odst\u00fapenie ministerky Dolinkovej je pochopite\u013en\u00fd krok, ktor\u00fd ale prich\u00e1dza s ro\u010dn\u00fdm ome\u0161kan\u00edm. Ministerka po\u010das svojho p\u00f4sobenia opakovane mana\u017e\u00e9rsky zlyhala, \u010doho d\u00f4ka\u017eom je z\u00fafal\u00e1 situ\u00e1cia v Tren\u010dianskej nemocnici, extr\u00e9mne zadl\u017een\u00e1 v\u0161eobecnej pois\u0165ovne, v\u00fdpovede sestier a lek\u00e1rov zo slu\u017eieb, neodborn\u00e9 person\u00e1lne nomin\u00e1cie na vysok\u00fdch st\u00e1tnych poz\u00edci\u00e1ch \u010di odsunutie potrebnej reformy nemocn\u00edc. Pod\u013ea Demokratov s\u00fa slov\u00e1 dnes u\u017e [&hellip;]\" \/>\n<meta property=\"og:url\" content=\"https:\/\/www.smedemokrati.sk\/en\/namiesto-dolinkovej-musi-prist-nespochybnitelny-odbornik-nie-politik\/\" \/>\n<meta property=\"og:site_name\" content=\"Smedemokrati.sk\" \/>\n<meta property=\"article:publisher\" content=\"https:\/\/www.facebook.com\/smedemokrati2023\" \/>\n<meta property=\"article:published_time\" content=\"2024-10-04T10:12:42+00:00\" \/>\n<meta property=\"article:modified_time\" content=\"2024-10-09T13:15:20+00:00\" \/>\n<meta property=\"og:image\" content=\"https:\/\/www.smedemokrati.sk\/wp-content\/uploads\/2024\/10\/zdravotnictvo.jpg\" \/>\n\t<meta property=\"og:image:width\" content=\"900\" \/>\n\t<meta property=\"og:image:height\" content=\"600\" \/>\n\t<meta property=\"og:image:type\" content=\"image\/jpeg\" \/>\n<meta name=\"author\" content=\"miro.sopko\" \/>\n<meta name=\"twitter:card\" content=\"summary_large_image\" \/>\n<meta name=\"twitter:label1\" content=\"Written by\" \/>\n\t<meta name=\"twitter:data1\" content=\"miro.sopko\" \/>\n\t<meta name=\"twitter:label2\" content=\"Est. reading time\" \/>\n\t<meta name=\"twitter:data2\" content=\"2 minutes\" \/>\n<script type=\"application\/ld+json\" class=\"yoast-schema-graph\">{\"@context\":\"https:\/\/schema.org\",\"@graph\":[{\"@type\":\"Article\",\"@id\":\"https:\/\/www.smedemokrati.sk\/namiesto-dolinkovej-musi-prist-nespochybnitelny-odbornik-nie-politik\/#article\",\"isPartOf\":{\"@id\":\"https:\/\/www.smedemokrati.sk\/namiesto-dolinkovej-musi-prist-nespochybnitelny-odbornik-nie-politik\/\"},\"author\":{\"name\":\"miro.sopko\",\"@id\":\"https:\/\/www.smedemokrati.sk\/#\/schema\/person\/21f147c88d605aa7ded900e1e7c344ba\"},\"headline\":\"Namiesto Dolinkovej mus\u00ed pr\u00eds\u0165 nespochybnite\u013en\u00fd odborn\u00edk, nie politik\",\"datePublished\":\"2024-10-04T10:12:42+00:00\",\"dateModified\":\"2024-10-09T13:15:20+00:00\",\"mainEntityOfPage\":{\"@id\":\"https:\/\/www.smedemokrati.sk\/namiesto-dolinkovej-musi-prist-nespochybnitelny-odbornik-nie-politik\/\"},\"wordCount\":351,\"publisher\":{\"@id\":\"https:\/\/www.smedemokrati.sk\/#organization\"},\"image\":{\"@id\":\"https:\/\/www.smedemokrati.sk\/namiesto-dolinkovej-musi-prist-nespochybnitelny-odbornik-nie-politik\/#primaryimage\"},\"thumbnailUrl\":\"https:\/\/www.smedemokrati.sk\/wp-content\/uploads\/2024\/10\/zdravotnictvo.jpg\",\"articleSection\":[\"Tla\u010dov\u00e9 spr\u00e1vy\"],\"inLanguage\":\"en-US\"},{\"@type\":\"WebPage\",\"@id\":\"https:\/\/www.smedemokrati.sk\/namiesto-dolinkovej-musi-prist-nespochybnitelny-odbornik-nie-politik\/\",\"url\":\"https:\/\/www.smedemokrati.sk\/namiesto-dolinkovej-musi-prist-nespochybnitelny-odbornik-nie-politik\/\",\"name\":\"Namiesto Dolinkovej mus\u00ed pr\u00eds\u0165 nespochybnite\u013en\u00fd odborn\u00edk, nie politik\",\"isPartOf\":{\"@id\":\"https:\/\/www.smedemokrati.sk\/#website\"},\"primaryImageOfPage\":{\"@id\":\"https:\/\/www.smedemokrati.sk\/namiesto-dolinkovej-musi-prist-nespochybnitelny-odbornik-nie-politik\/#primaryimage\"},\"image\":{\"@id\":\"https:\/\/www.smedemokrati.sk\/namiesto-dolinkovej-musi-prist-nespochybnitelny-odbornik-nie-politik\/#primaryimage\"},\"thumbnailUrl\":\"https:\/\/www.smedemokrati.sk\/wp-content\/uploads\/2024\/10\/zdravotnictvo.jpg\",\"datePublished\":\"2024-10-04T10:12:42+00:00\",\"dateModified\":\"2024-10-09T13:15:20+00:00\",\"breadcrumb\":{\"@id\":\"https:\/\/www.smedemokrati.sk\/namiesto-dolinkovej-musi-prist-nespochybnitelny-odbornik-nie-politik\/#breadcrumb\"},\"inLanguage\":\"en-US\",\"potentialAction\":[{\"@type\":\"ReadAction\",\"target\":[\"https:\/\/www.smedemokrati.sk\/namiesto-dolinkovej-musi-prist-nespochybnitelny-odbornik-nie-politik\/\"]}]},{\"@type\":\"ImageObject\",\"inLanguage\":\"en-US\",\"@id\":\"https:\/\/www.smedemokrati.sk\/namiesto-dolinkovej-musi-prist-nespochybnitelny-odbornik-nie-politik\/#primaryimage\",\"url\":\"https:\/\/www.smedemokrati.sk\/wp-content\/uploads\/2024\/10\/zdravotnictvo.jpg\",\"contentUrl\":\"https:\/\/www.smedemokrati.sk\/wp-content\/uploads\/2024\/10\/zdravotnictvo.jpg\",\"width\":900,\"height\":600},{\"@type\":\"BreadcrumbList\",\"@id\":\"https:\/\/www.smedemokrati.sk\/namiesto-dolinkovej-musi-prist-nespochybnitelny-odbornik-nie-politik\/#breadcrumb\",\"itemListElement\":[{\"@type\":\"ListItem\",\"position\":1,\"name\":\"Domovsk\u00e1 str\u00e1nka\",\"item\":\"https:\/\/www.smedemokrati.sk\/\"},{\"@type\":\"ListItem\",\"position\":2,\"name\":\"Namiesto Dolinkovej mus\u00ed pr\u00eds\u0165 nespochybnite\u013en\u00fd odborn\u00edk, nie politik\"}]},{\"@type\":\"WebSite\",\"@id\":\"https:\/\/www.smedemokrati.sk\/#website\",\"url\":\"https:\/\/www.smedemokrati.sk\/\",\"name\":\"Smedemokrati.sk\",\"description\":\"Demokracia a slu\u0161nos\u0165 zv\u00ed\u0165az\u00ed\",\"publisher\":{\"@id\":\"https:\/\/www.smedemokrati.sk\/#organization\"},\"potentialAction\":[{\"@type\":\"SearchAction\",\"target\":{\"@type\":\"EntryPoint\",\"urlTemplate\":\"https:\/\/www.smedemokrati.sk\/?s={search_term_string}\"},\"query-input\":{\"@type\":\"PropertyValueSpecification\",\"valueRequired\":true,\"valueName\":\"search_term_string\"}}],\"inLanguage\":\"en-US\"},{\"@type\":\"Organization\",\"@id\":\"https:\/\/www.smedemokrati.sk\/#organization\",\"name\":\"Smedemokrati.sk\",\"url\":\"https:\/\/www.smedemokrati.sk\/\",\"logo\":{\"@type\":\"ImageObject\",\"inLanguage\":\"en-US\",\"@id\":\"https:\/\/www.smedemokrati.sk\/#\/schema\/logo\/image\/\",\"url\":\"https:\/\/www.smedemokrati.sk\/wp-content\/uploads\/2023\/04\/ff.002.jpeg\",\"contentUrl\":\"https:\/\/www.smedemokrati.sk\/wp-content\/uploads\/2023\/04\/ff.002.jpeg\",\"width\":640,\"height\":480,\"caption\":\"Smedemokrati.sk\"},\"image\":{\"@id\":\"https:\/\/www.smedemokrati.sk\/#\/schema\/logo\/image\/\"},\"sameAs\":[\"https:\/\/www.facebook.com\/smedemokrati2023\"]},{\"@type\":\"Person\",\"@id\":\"https:\/\/www.smedemokrati.sk\/#\/schema\/person\/21f147c88d605aa7ded900e1e7c344ba\",\"name\":\"miro.sopko\",\"image\":{\"@type\":\"ImageObject\",\"inLanguage\":\"en-US\",\"@id\":\"https:\/\/secure.gravatar.com\/avatar\/267e4a36f704376c109afe3a78740c1f5dd8675a2180a908699e7863c9247606?s=96&d=mm&r=g\",\"url\":\"https:\/\/secure.gravatar.com\/avatar\/267e4a36f704376c109afe3a78740c1f5dd8675a2180a908699e7863c9247606?s=96&d=mm&r=g\",\"contentUrl\":\"https:\/\/secure.gravatar.com\/avatar\/267e4a36f704376c109afe3a78740c1f5dd8675a2180a908699e7863c9247606?s=96&d=mm&r=g\",\"caption\":\"miro.sopko\"},\"url\":\"https:\/\/www.smedemokrati.sk\/en\/author\/miro-sopko\/\"}]}<\/script>\n<!-- \/ Yoast SEO plugin. -->","yoast_head_json":{"title":"Namiesto Dolinkovej mus\u00ed pr\u00eds\u0165 nespochybnite\u013en\u00fd odborn\u00edk, nie politik","robots":{"index":"index","follow":"follow","max-snippet":"max-snippet:-1","max-image-preview":"max-image-preview:large","max-video-preview":"max-video-preview:-1"},"canonical":"https:\/\/www.smedemokrati.sk\/en\/namiesto-dolinkovej-musi-prist-nespochybnitelny-odbornik-nie-politik\/","og_locale":"en_US","og_type":"article","og_title":"[:sk]Namiesto Dolinkovej mus\u00ed pr\u00eds\u0165 nespochybnite\u013en\u00fd odborn\u00edk, nie politik[:] - Smedemokrati.sk","og_description":"Odst\u00fapenie ministerky Dolinkovej je pochopite\u013en\u00fd krok, ktor\u00fd ale prich\u00e1dza s ro\u010dn\u00fdm ome\u0161kan\u00edm. Ministerka po\u010das svojho p\u00f4sobenia opakovane mana\u017e\u00e9rsky zlyhala, \u010doho d\u00f4ka\u017eom je z\u00fafal\u00e1 situ\u00e1cia v Tren\u010dianskej nemocnici, extr\u00e9mne zadl\u017een\u00e1 v\u0161eobecnej pois\u0165ovne, v\u00fdpovede sestier a lek\u00e1rov zo slu\u017eieb, neodborn\u00e9 person\u00e1lne nomin\u00e1cie na vysok\u00fdch st\u00e1tnych poz\u00edci\u00e1ch \u010di odsunutie potrebnej reformy nemocn\u00edc. Pod\u013ea Demokratov s\u00fa slov\u00e1 dnes u\u017e [&hellip;]","og_url":"https:\/\/www.smedemokrati.sk\/en\/namiesto-dolinkovej-musi-prist-nespochybnitelny-odbornik-nie-politik\/","og_site_name":"Smedemokrati.sk","article_publisher":"https:\/\/www.facebook.com\/smedemokrati2023","article_published_time":"2024-10-04T10:12:42+00:00","article_modified_time":"2024-10-09T13:15:20+00:00","og_image":[{"width":900,"height":600,"url":"https:\/\/www.smedemokrati.sk\/wp-content\/uploads\/2024\/10\/zdravotnictvo.jpg","type":"image\/jpeg"}],"author":"miro.sopko","twitter_card":"summary_large_image","twitter_misc":{"Written by":"miro.sopko","Est. reading time":"2 minutes"},"schema":{"@context":"https:\/\/schema.org","@graph":[{"@type":"Article","@id":"https:\/\/www.smedemokrati.sk\/namiesto-dolinkovej-musi-prist-nespochybnitelny-odbornik-nie-politik\/#article","isPartOf":{"@id":"https:\/\/www.smedemokrati.sk\/namiesto-dolinkovej-musi-prist-nespochybnitelny-odbornik-nie-politik\/"},"author":{"name":"miro.sopko","@id":"https:\/\/www.smedemokrati.sk\/#\/schema\/person\/21f147c88d605aa7ded900e1e7c344ba"},"headline":"Namiesto Dolinkovej mus\u00ed pr\u00eds\u0165 nespochybnite\u013en\u00fd odborn\u00edk, nie politik","datePublished":"2024-10-04T10:12:42+00:00","dateModified":"2024-10-09T13:15:20+00:00","mainEntityOfPage":{"@id":"https:\/\/www.smedemokrati.sk\/namiesto-dolinkovej-musi-prist-nespochybnitelny-odbornik-nie-politik\/"},"wordCount":351,"publisher":{"@id":"https:\/\/www.smedemokrati.sk\/#organization"},"image":{"@id":"https:\/\/www.smedemokrati.sk\/namiesto-dolinkovej-musi-prist-nespochybnitelny-odbornik-nie-politik\/#primaryimage"},"thumbnailUrl":"https:\/\/www.smedemokrati.sk\/wp-content\/uploads\/2024\/10\/zdravotnictvo.jpg","articleSection":["Tla\u010dov\u00e9 spr\u00e1vy"],"inLanguage":"en-US"},{"@type":"WebPage","@id":"https:\/\/www.smedemokrati.sk\/namiesto-dolinkovej-musi-prist-nespochybnitelny-odbornik-nie-politik\/","url":"https:\/\/www.smedemokrati.sk\/namiesto-dolinkovej-musi-prist-nespochybnitelny-odbornik-nie-politik\/","name":"Namiesto Dolinkovej mus\u00ed pr\u00eds\u0165 nespochybnite\u013en\u00fd odborn\u00edk, nie politik","isPartOf":{"@id":"https:\/\/www.smedemokrati.sk\/#website"},"primaryImageOfPage":{"@id":"https:\/\/www.smedemokrati.sk\/namiesto-dolinkovej-musi-prist-nespochybnitelny-odbornik-nie-politik\/#primaryimage"},"image":{"@id":"https:\/\/www.smedemokrati.sk\/namiesto-dolinkovej-musi-prist-nespochybnitelny-odbornik-nie-politik\/#primaryimage"},"thumbnailUrl":"https:\/\/www.smedemokrati.sk\/wp-content\/uploads\/2024\/10\/zdravotnictvo.jpg","datePublished":"2024-10-04T10:12:42+00:00","dateModified":"2024-10-09T13:15:20+00:00","breadcrumb":{"@id":"https:\/\/www.smedemokrati.sk\/namiesto-dolinkovej-musi-prist-nespochybnitelny-odbornik-nie-politik\/#breadcrumb"},"inLanguage":"en-US","potentialAction":[{"@type":"ReadAction","target":["https:\/\/www.smedemokrati.sk\/namiesto-dolinkovej-musi-prist-nespochybnitelny-odbornik-nie-politik\/"]}]},{"@type":"ImageObject","inLanguage":"en-US","@id":"https:\/\/www.smedemokrati.sk\/namiesto-dolinkovej-musi-prist-nespochybnitelny-odbornik-nie-politik\/#primaryimage","url":"https:\/\/www.smedemokrati.sk\/wp-content\/uploads\/2024\/10\/zdravotnictvo.jpg","contentUrl":"https:\/\/www.smedemokrati.sk\/wp-content\/uploads\/2024\/10\/zdravotnictvo.jpg","width":900,"height":600},{"@type":"BreadcrumbList","@id":"https:\/\/www.smedemokrati.sk\/namiesto-dolinkovej-musi-prist-nespochybnitelny-odbornik-nie-politik\/#breadcrumb","itemListElement":[{"@type":"ListItem","position":1,"name":"Domovsk\u00e1 str\u00e1nka","item":"https:\/\/www.smedemokrati.sk\/"},{"@type":"ListItem","position":2,"name":"Namiesto Dolinkovej mus\u00ed pr\u00eds\u0165 nespochybnite\u013en\u00fd odborn\u00edk, nie politik"}]},{"@type":"WebSite","@id":"https:\/\/www.smedemokrati.sk\/#website","url":"https:\/\/www.smedemokrati.sk\/","name":"Smedemokrati.sk","description":"Demokracia a slu\u0161nos\u0165 zv\u00ed\u0165az\u00ed","publisher":{"@id":"https:\/\/www.smedemokrati.sk\/#organization"},"potentialAction":[{"@type":"SearchAction","target":{"@type":"EntryPoint","urlTemplate":"https:\/\/www.smedemokrati.sk\/?s={search_term_string}"},"query-input":{"@type":"PropertyValueSpecification","valueRequired":true,"valueName":"search_term_string"}}],"inLanguage":"en-US"},{"@type":"Organization","@id":"https:\/\/www.smedemokrati.sk\/#organization","name":"Smedemokrati.sk","url":"https:\/\/www.smedemokrati.sk\/","logo":{"@type":"ImageObject","inLanguage":"en-US","@id":"https:\/\/www.smedemokrati.sk\/#\/schema\/logo\/image\/","url":"https:\/\/www.smedemokrati.sk\/wp-content\/uploads\/2023\/04\/ff.002.jpeg","contentUrl":"https:\/\/www.smedemokrati.sk\/wp-content\/uploads\/2023\/04\/ff.002.jpeg","width":640,"height":480,"caption":"Smedemokrati.sk"},"image":{"@id":"https:\/\/www.smedemokrati.sk\/#\/schema\/logo\/image\/"},"sameAs":["https:\/\/www.facebook.com\/smedemokrati2023"]},{"@type":"Person","@id":"https:\/\/www.smedemokrati.sk\/#\/schema\/person\/21f147c88d605aa7ded900e1e7c344ba","name":"miro.sopko","image":{"@type":"ImageObject","inLanguage":"en-US","@id":"https:\/\/secure.gravatar.com\/avatar\/267e4a36f704376c109afe3a78740c1f5dd8675a2180a908699e7863c9247606?s=96&d=mm&r=g","url":"https:\/\/secure.gravatar.com\/avatar\/267e4a36f704376c109afe3a78740c1f5dd8675a2180a908699e7863c9247606?s=96&d=mm&r=g","contentUrl":"https:\/\/secure.gravatar.com\/avatar\/267e4a36f704376c109afe3a78740c1f5dd8675a2180a908699e7863c9247606?s=96&d=mm&r=g","caption":"miro.sopko"},"url":"https:\/\/www.smedemokrati.sk\/en\/author\/miro-sopko\/"}]}},"_links":{"self":[{"href":"https:\/\/www.smedemokrati.sk\/en\/wp-json\/wp\/v2\/posts\/5271","targetHints":{"allow":["GET"]}}],"collection":[{"href":"https:\/\/www.smedemokrati.sk\/en\/wp-json\/wp\/v2\/posts"}],"about":[{"href":"https:\/\/www.smedemokrati.sk\/en\/wp-json\/wp\/v2\/types\/post"}],"author":[{"embeddable":true,"href":"https:\/\/www.smedemokrati.sk\/en\/wp-json\/wp\/v2\/users\/13"}],"replies":[{"embeddable":true,"href":"https:\/\/www.smedemokrati.sk\/en\/wp-json\/wp\/v2\/comments?post=5271"}],"version-history":[{"count":1,"href":"https:\/\/www.smedemokrati.sk\/en\/wp-json\/wp\/v2\/posts\/5271\/revisions"}],"predecessor-version":[{"id":5273,"href":"https:\/\/www.smedemokrati.sk\/en\/wp-json\/wp\/v2\/posts\/5271\/revisions\/5273"}],"wp:featuredmedia":[{"embeddable":true,"href":"https:\/\/www.smedemokrati.sk\/en\/wp-json\/wp\/v2\/media\/5272"}],"wp:attachment":[{"href":"https:\/\/www.smedemokrati.sk\/en\/wp-json\/wp\/v2\/media?parent=5271"}],"wp:term":[{"taxonomy":"category","embeddable":true,"href":"https:\/\/www.smedemokrati.sk\/en\/wp-json\/wp\/v2\/categories?post=5271"},{"taxonomy":"post_tag","embeddable":true,"href":"https:\/\/www.smedemokrati.sk\/en\/wp-json\/wp\/v2\/tags?post=5271"}],"curies":[{"name":"wp","href":"https:\/\/api.w.org\/{rel}","templated":true}]}}