{"id":5188,"date":"2024-09-23T15:06:10","date_gmt":"2024-09-23T14:06:10","guid":{"rendered":"https:\/\/www.smedemokrati.sk\/?p=5188"},"modified":"2024-10-01T15:06:57","modified_gmt":"2024-10-01T14:06:57","slug":"v-suvislosti-s-vystavbou-noveho-pristavu-v-bratislave-pripominame-smeru-a-ministrovi-razovi-ich-predvolebne-sluby","status":"publish","type":"post","link":"https:\/\/www.smedemokrati.sk\/en\/v-suvislosti-s-vystavbou-noveho-pristavu-v-bratislave-pripominame-smeru-a-ministrovi-razovi-ich-predvolebne-sluby\/","title":{"rendered":"V s\u00favislosti s v\u00fdstavbou nov\u00e9ho pr\u00edstavu v Bratislave pripom\u00edname SMERu a ministrovi R\u00e1\u017eovi ich predvolebn\u00e9 s\u013euby"},"content":{"rendered":"<div id=\"fb-root\"><\/div>\n\n<p><strong>Pred rokom sme otvorili t\u00e9mu dopadov v\u00fdstavby nov\u00e9ho pr\u00edstavu vo Vl\u010dom hrdle v Bratislave. Hrozbu v\u00fdrubu a\u017e 100 000 stromov na 90 hekt\u00e1rov lu\u017en\u00fdch lesov pova\u017eujeme za biomasaker, ak\u00e9mu Bratislava za posledn\u00fdch 30 rokov ne\u010delila. Dnes pripom\u00edname strane SMER-SSD a ministrovi dopravy R\u00e1\u017eovi ich predvolebn\u00fd s\u013eub tak\u00e9to nie\u010do nedopusti\u0165. Rovnako poukazujeme na \u010fal\u0161\u00ed pr\u00edpad konfliktu z\u00e1ujmov pri tvorbe legislat\u00edvy, tentokr\u00e1t R\u00e1\u017eovho z\u00e1kona o strategick\u00fdch invest\u00edci\u00e1ch.<\/strong><\/p>\n\n\n\n<p>Dnes predstaven\u00fd z\u00e1mer investora WIN-PORT obavy o mas\u00edvne z\u00e1sahy do \u017eivotn\u00e9ho prostredia v Ramsarsk\u00fdm dohovorom chr\u00e1nenej lokalite mokrad\u00ed nijako nevyvr\u00e1til. \u201e<em>Zd\u00e1 sa, akoby pri tejto vl\u00e1de mali investori vo v\u0161etkom zelen\u00fa. Bola to v\u0161ak pr\u00e1ve strana SMER-SSD, ktorej nominant, minister R\u00e1\u017e, m\u00e1 v gescii rezort dopravy, ktor\u00e1 kr\u00e1tko pred vo\u013ebami k tomuto z\u00e1meru uviedla, \u017ee s t\u00fdmto z\u00e1merom nebude s\u00fahlasi\u0165. Dnes z\u00e1stupcovia investora vyhl\u00e1sili, \u017ee ich projekt podporovali v\u0161etci ministri dopravy. Boli predvolebn\u00e9 s\u013euby strany SMER-SSD iba podvodom na voli\u010doch?<\/em>\u201d vysvet\u013euje Michal Ki\u010da, \u010dlen predsedn\u00edctva strany Demokrati a jej expert na \u017eivotn\u00e9 prostredie.<\/p>\n\n\n\n<p>\u201e<em>Tieto lesy m\u00f4\u017eu plni\u0165 rekrea\u010dn\u00fa funkciu a s\u00fa k\u013e\u00fa\u010dov\u00e9 pre Bratislav\u010danov aj ako prirodzen\u00e1 clona pred zne\u010disten\u00edm z rafin\u00e9rie alebo spa\u013eovne. Projekt nov\u00e9ho pr\u00edstavu v Bratislave m\u00f4\u017ee obra\u0165 Bratislav\u010danov o k\u013e\u00fa\u010dov\u00e9ho spojenca v \u010dase klimatickej kr\u00edzy. R\u00e1\u017eovi je asi jedno, \u017ee Bratislav\u010dania s\u00fa ohrozen\u00ed stup\u0148om 10 z 10 rizikom extr\u00e9mnych tepl\u00f4t a sucha,<\/em>\u201d vysvet\u013euje Ki\u010da.<\/p>\n\n\n\n<p>Projekt nov\u00e9ho pr\u00edstavu vo Vl\u010dom hrdle predstavuje priamo aj konkurenciu \u0161t\u00e1tnym pr\u00edstavom na Dunaji.\u00a0\u201e<em>Opakovane sa objavuj\u00fa dohady, \u017ee \u0161t\u00e1tny Zimn\u00fd pr\u00edstav p\u00f4jde do \u00fatlmu. K nim sa dnes pridal aj s\u00fakromn\u00fd investor, ke\u010f uviedol, \u017ee vhodnej\u0161\u00edm pre jeho vyu\u017eitie m\u00e1 by\u0165 \u201cpolyfunkcia\u201d, teda zastavanie. Prepravn\u00e9 kapacity rie\u010dnej dopravy m\u00f4\u017eu v\u0161ak u\u017e plne pokry\u0165 existuj\u00face pr\u00edstavy na Dunaji po \u00faprav\u00e1ch. Ak by minister R\u00e1\u017e kopal namiesto verejn\u00e9ho z\u00e1ujmu za investorov, nevyzeralo by to inak a jeho pasivita pri rozvoji \u0161t\u00e1tnych pr\u00edstavov by mala jasn\u00e9 vysvetlenie. Vyz\u00fdvame ho preto, aby sa jasne zaviazal vykona\u0165 maximum pre ich rozvoj a ochranu<\/em>,\u201d kritizuje Ki\u010da.<\/p>\n\n\n\n<p>Vyz\u00fdvame \u010falej ministra R\u00e1\u017ea, aby z navrhovan\u00e9ho uznesenia k osved\u010deniu o strategickej invest\u00edcii pre rekon\u0161trukciu existuj\u00faceho \u0161t\u00e1tneho pr\u00edstavu odstr\u00e1nil nez\u00e1konn\u00e9 splnomocnenie pre seba \u00fazemie tejto invest\u00edcie roz\u0161irova\u0165 pod\u013ea svojej \u00favahy. T\u00fato po\u017eiadavku sme uplatnili aj v pripomienkovom konan\u00ed. Alebo m\u00e1 pl\u00e1n roz\u0161\u00edren\u00edm \u00fazemia strategickej invest\u00edcie pom\u00f4c\u0165 aj niekomu in\u00e9mu?<\/p>\n\n\n\n<p>Bohu\u017eia\u013e, samotn\u00fd z\u00e1kon o strategick\u00fdch invest\u00edci\u00e1ch z R\u00e1\u017eovej dielne je \u010fal\u0161\u00edm pr\u00edkladom konfliktu z\u00e1ujmov pri tvorbe legislat\u00edvy. Disponujeme d\u00f4kazmi, \u017ee pri jeho tvorbe participovala na strane ministerstva dopravy z\u00e1stupky\u0148a advok\u00e1tskej kancel\u00e1rie, medzi ktorej klientov patria aj v\u00fdznamn\u00e9 infa\u0161trukt\u00farne a energetick\u00e9 spolo\u010dnosti. Dokonca aj \u0161t\u00e1tne pr\u00edstavy, ktor\u00fdm rekon\u0161trukcii navrhuje R\u00e1\u017e prizna\u0165 postavenie strategickej invest\u00edcie pr\u00e1ve pod\u013ea tohto z\u00e1kona. Advok\u00e1tska kancel\u00e1ria pritom na poskytovanie pr\u00e1vnych slu\u017eieb v oblasti legislat\u00edvy nem\u00e1 ma\u0165 s ministerstvom uzavret\u00fa zmluvu. Ak\u00fd je d\u00f4vod, aby tak\u00fato n\u00e1ro\u010dn\u00fa \u010dinnos\u0165 vykon\u00e1vala zadarmo? Ak je to R\u00e1\u017eovi jedno, sme svedkami v\u00fdpredaju krajiny v priamom prenose.<\/p>\n\n\n\n<p>K dispoz\u00edcii posielame aj z\u00e1znam z tla\u010dovej konferencie a fotodokument\u00e1ciu, vr\u00e1tane sn\u00edmky vyjadrenia strany SMER-SSD.&nbsp;<\/p>\n\n\n\n<figure class=\"wp-block-image size-large\"><img decoding=\"async\" width=\"1024\" height=\"885\" src=\"https:\/\/www.smedemokrati.sk\/wp-content\/uploads\/2024\/09\/smer-sluby-1024x885.jpg\" alt=\"\" class=\"wp-image-5189\" srcset=\"https:\/\/www.smedemokrati.sk\/wp-content\/uploads\/2024\/09\/smer-sluby-1024x885.jpg 1024w, https:\/\/www.smedemokrati.sk\/wp-content\/uploads\/2024\/09\/smer-sluby-300x259.jpg 300w, https:\/\/www.smedemokrati.sk\/wp-content\/uploads\/2024\/09\/smer-sluby-768x663.jpg 768w, https:\/\/www.smedemokrati.sk\/wp-content\/uploads\/2024\/09\/smer-sluby.jpg 1080w\" sizes=\"(max-width: 1024px) 100vw, 1024px\" \/><\/figure>\n\n\n<div class=\"fb-video\" data-href=\"https:\/\/fb.watch\/uN9RgiXoqP\" data-allowfullscreen=\"true\" data-autoplay=\"false\" data-width=\"\" data-show-text=\"false\" data-show-captions=\"true\"><\/div>\n","protected":false},"excerpt":{"rendered":"<p>Pred rokom sme otvorili t\u00e9mu dopadov v\u00fdstavby nov\u00e9ho pr\u00edstavu vo Vl\u010dom hrdle v Bratislave. Hrozbu v\u00fdrubu a\u017e 100 000 stromov na 90 hekt\u00e1rov lu\u017en\u00fdch lesov pova\u017eujeme za biomasaker, ak\u00e9mu Bratislava za posledn\u00fdch 30 rokov ne\u010delila. Dnes pripom\u00edname strane SMER-SSD a ministrovi dopravy R\u00e1\u017eovi ich predvolebn\u00fd s\u013eub tak\u00e9to nie\u010do nedopusti\u0165. Rovnako poukazujeme na \u010fal\u0161\u00ed pr\u00edpad konfliktu [&hellip;]<\/p>\n","protected":false},"author":13,"featured_media":5189,"comment_status":"closed","ping_status":"closed","sticky":false,"template":"","format":"standard","meta":{"_acf_changed":false,"ngg_post_thumbnail":0,"footnotes":""},"categories":[4],"tags":[],"class_list":["post-5188","post","type-post","status-publish","format-standard","has-post-thumbnail","hentry","category-tlacove-spravy"],"acf":[],"yoast_head":"<!-- This site is optimized with the Yoast SEO plugin v27.2 - https:\/\/yoast.com\/product\/yoast-seo-wordpress\/ -->\n<title>V s\u00favislosti s v\u00fdstavbou nov\u00e9ho pr\u00edstavu v Bratislave pripom\u00edname SMERu a ministrovi R\u00e1\u017eovi ich predvolebn\u00e9 s\u013euby<\/title>\n<meta name=\"robots\" content=\"index, follow, max-snippet:-1, max-image-preview:large, max-video-preview:-1\" \/>\n<link rel=\"canonical\" href=\"https:\/\/www.smedemokrati.sk\/en\/v-suvislosti-s-vystavbou-noveho-pristavu-v-bratislave-pripominame-smeru-a-ministrovi-razovi-ich-predvolebne-sluby\/\" \/>\n<meta property=\"og:locale\" content=\"en_US\" \/>\n<meta property=\"og:locale:alternate\" content=\"cs_CZ\" \/>\n<meta property=\"og:locale:alternate\" content=\"hu_HU\" \/>\n<meta property=\"og:locale:alternate\" content=\"sk_SK\" \/>\n<meta property=\"og:locale:alternate\" content=\"sv_SE\" \/>\n<meta property=\"og:type\" content=\"article\" \/>\n<meta property=\"og:title\" content=\"V s\u00favislosti s v\u00fdstavbou nov\u00e9ho pr\u00edstavu v Bratislave pripom\u00edname SMERu a ministrovi R\u00e1\u017eovi ich predvolebn\u00e9 s\u013euby\" \/>\n<meta property=\"og:description\" content=\"Pred rokom sme otvorili t\u00e9mu dopadov v\u00fdstavby nov\u00e9ho pr\u00edstavu vo Vl\u010dom hrdle v Bratislave. Hrozbu v\u00fdrubu a\u017e 100 000 stromov na 90 hekt\u00e1rov lu\u017en\u00fdch lesov pova\u017eujeme za biomasaker, ak\u00e9mu Bratislava za posledn\u00fdch 30 rokov ne\u010delila. Dnes pripom\u00edname strane SMER-SSD a ministrovi dopravy R\u00e1\u017eovi ich predvolebn\u00fd s\u013eub tak\u00e9to nie\u010do nedopusti\u0165. Rovnako poukazujeme na \u010fal\u0161\u00ed pr\u00edpad konfliktu [&hellip;]\" \/>\n<meta property=\"og:url\" content=\"https:\/\/www.smedemokrati.sk\/en\/v-suvislosti-s-vystavbou-noveho-pristavu-v-bratislave-pripominame-smeru-a-ministrovi-razovi-ich-predvolebne-sluby\/\" \/>\n<meta property=\"og:site_name\" content=\"Smedemokrati.sk\" \/>\n<meta property=\"article:publisher\" content=\"https:\/\/www.facebook.com\/smedemokrati2023\" \/>\n<meta property=\"article:published_time\" content=\"2024-09-23T14:06:10+00:00\" \/>\n<meta property=\"article:modified_time\" content=\"2024-10-01T14:06:57+00:00\" \/>\n<meta property=\"og:image\" content=\"https:\/\/www.smedemokrati.sk\/wp-content\/uploads\/2024\/09\/smer-sluby.jpg\" \/>\n\t<meta property=\"og:image:width\" content=\"1080\" \/>\n\t<meta property=\"og:image:height\" content=\"933\" \/>\n\t<meta property=\"og:image:type\" content=\"image\/jpeg\" \/>\n<meta name=\"author\" content=\"miro.sopko\" \/>\n<meta name=\"twitter:card\" content=\"summary_large_image\" \/>\n<meta name=\"twitter:label1\" content=\"Written by\" \/>\n\t<meta name=\"twitter:data1\" content=\"miro.sopko\" \/>\n\t<meta name=\"twitter:label2\" content=\"Est. reading time\" \/>\n\t<meta name=\"twitter:data2\" content=\"3 minutes\" \/>\n<script type=\"application\/ld+json\" class=\"yoast-schema-graph\">{\"@context\":\"https:\/\/schema.org\",\"@graph\":[{\"@type\":\"Article\",\"@id\":\"https:\/\/www.smedemokrati.sk\/v-suvislosti-s-vystavbou-noveho-pristavu-v-bratislave-pripominame-smeru-a-ministrovi-razovi-ich-predvolebne-sluby\/#article\",\"isPartOf\":{\"@id\":\"https:\/\/www.smedemokrati.sk\/v-suvislosti-s-vystavbou-noveho-pristavu-v-bratislave-pripominame-smeru-a-ministrovi-razovi-ich-predvolebne-sluby\/\"},\"author\":{\"name\":\"miro.sopko\",\"@id\":\"https:\/\/www.smedemokrati.sk\/#\/schema\/person\/21f147c88d605aa7ded900e1e7c344ba\"},\"headline\":\"V s\u00favislosti s v\u00fdstavbou nov\u00e9ho pr\u00edstavu v Bratislave pripom\u00edname SMERu a ministrovi R\u00e1\u017eovi ich predvolebn\u00e9 s\u013euby\",\"datePublished\":\"2024-09-23T14:06:10+00:00\",\"dateModified\":\"2024-10-01T14:06:57+00:00\",\"mainEntityOfPage\":{\"@id\":\"https:\/\/www.smedemokrati.sk\/v-suvislosti-s-vystavbou-noveho-pristavu-v-bratislave-pripominame-smeru-a-ministrovi-razovi-ich-predvolebne-sluby\/\"},\"wordCount\":665,\"publisher\":{\"@id\":\"https:\/\/www.smedemokrati.sk\/#organization\"},\"image\":{\"@id\":\"https:\/\/www.smedemokrati.sk\/v-suvislosti-s-vystavbou-noveho-pristavu-v-bratislave-pripominame-smeru-a-ministrovi-razovi-ich-predvolebne-sluby\/#primaryimage\"},\"thumbnailUrl\":\"https:\/\/www.smedemokrati.sk\/wp-content\/uploads\/2024\/09\/smer-sluby.jpg\",\"articleSection\":[\"Tla\u010dov\u00e9 spr\u00e1vy\"],\"inLanguage\":\"en-US\"},{\"@type\":\"WebPage\",\"@id\":\"https:\/\/www.smedemokrati.sk\/v-suvislosti-s-vystavbou-noveho-pristavu-v-bratislave-pripominame-smeru-a-ministrovi-razovi-ich-predvolebne-sluby\/\",\"url\":\"https:\/\/www.smedemokrati.sk\/v-suvislosti-s-vystavbou-noveho-pristavu-v-bratislave-pripominame-smeru-a-ministrovi-razovi-ich-predvolebne-sluby\/\",\"name\":\"V s\u00favislosti s v\u00fdstavbou nov\u00e9ho pr\u00edstavu v Bratislave pripom\u00edname SMERu a ministrovi R\u00e1\u017eovi ich predvolebn\u00e9 s\u013euby\",\"isPartOf\":{\"@id\":\"https:\/\/www.smedemokrati.sk\/#website\"},\"primaryImageOfPage\":{\"@id\":\"https:\/\/www.smedemokrati.sk\/v-suvislosti-s-vystavbou-noveho-pristavu-v-bratislave-pripominame-smeru-a-ministrovi-razovi-ich-predvolebne-sluby\/#primaryimage\"},\"image\":{\"@id\":\"https:\/\/www.smedemokrati.sk\/v-suvislosti-s-vystavbou-noveho-pristavu-v-bratislave-pripominame-smeru-a-ministrovi-razovi-ich-predvolebne-sluby\/#primaryimage\"},\"thumbnailUrl\":\"https:\/\/www.smedemokrati.sk\/wp-content\/uploads\/2024\/09\/smer-sluby.jpg\",\"datePublished\":\"2024-09-23T14:06:10+00:00\",\"dateModified\":\"2024-10-01T14:06:57+00:00\",\"breadcrumb\":{\"@id\":\"https:\/\/www.smedemokrati.sk\/v-suvislosti-s-vystavbou-noveho-pristavu-v-bratislave-pripominame-smeru-a-ministrovi-razovi-ich-predvolebne-sluby\/#breadcrumb\"},\"inLanguage\":\"en-US\",\"potentialAction\":[{\"@type\":\"ReadAction\",\"target\":[\"https:\/\/www.smedemokrati.sk\/v-suvislosti-s-vystavbou-noveho-pristavu-v-bratislave-pripominame-smeru-a-ministrovi-razovi-ich-predvolebne-sluby\/\"]}]},{\"@type\":\"ImageObject\",\"inLanguage\":\"en-US\",\"@id\":\"https:\/\/www.smedemokrati.sk\/v-suvislosti-s-vystavbou-noveho-pristavu-v-bratislave-pripominame-smeru-a-ministrovi-razovi-ich-predvolebne-sluby\/#primaryimage\",\"url\":\"https:\/\/www.smedemokrati.sk\/wp-content\/uploads\/2024\/09\/smer-sluby.jpg\",\"contentUrl\":\"https:\/\/www.smedemokrati.sk\/wp-content\/uploads\/2024\/09\/smer-sluby.jpg\",\"width\":1080,\"height\":933},{\"@type\":\"BreadcrumbList\",\"@id\":\"https:\/\/www.smedemokrati.sk\/v-suvislosti-s-vystavbou-noveho-pristavu-v-bratislave-pripominame-smeru-a-ministrovi-razovi-ich-predvolebne-sluby\/#breadcrumb\",\"itemListElement\":[{\"@type\":\"ListItem\",\"position\":1,\"name\":\"Domovsk\u00e1 str\u00e1nka\",\"item\":\"https:\/\/www.smedemokrati.sk\/\"},{\"@type\":\"ListItem\",\"position\":2,\"name\":\"V s\u00favislosti s v\u00fdstavbou nov\u00e9ho pr\u00edstavu v Bratislave pripom\u00edname SMERu a ministrovi R\u00e1\u017eovi ich predvolebn\u00e9 s\u013euby\"}]},{\"@type\":\"WebSite\",\"@id\":\"https:\/\/www.smedemokrati.sk\/#website\",\"url\":\"https:\/\/www.smedemokrati.sk\/\",\"name\":\"Smedemokrati.sk\",\"description\":\"Demokracia a slu\u0161nos\u0165 zv\u00ed\u0165az\u00ed\",\"publisher\":{\"@id\":\"https:\/\/www.smedemokrati.sk\/#organization\"},\"potentialAction\":[{\"@type\":\"SearchAction\",\"target\":{\"@type\":\"EntryPoint\",\"urlTemplate\":\"https:\/\/www.smedemokrati.sk\/?s={search_term_string}\"},\"query-input\":{\"@type\":\"PropertyValueSpecification\",\"valueRequired\":true,\"valueName\":\"search_term_string\"}}],\"inLanguage\":\"en-US\"},{\"@type\":\"Organization\",\"@id\":\"https:\/\/www.smedemokrati.sk\/#organization\",\"name\":\"Smedemokrati.sk\",\"url\":\"https:\/\/www.smedemokrati.sk\/\",\"logo\":{\"@type\":\"ImageObject\",\"inLanguage\":\"en-US\",\"@id\":\"https:\/\/www.smedemokrati.sk\/#\/schema\/logo\/image\/\",\"url\":\"https:\/\/www.smedemokrati.sk\/wp-content\/uploads\/2023\/04\/ff.002.jpeg\",\"contentUrl\":\"https:\/\/www.smedemokrati.sk\/wp-content\/uploads\/2023\/04\/ff.002.jpeg\",\"width\":640,\"height\":480,\"caption\":\"Smedemokrati.sk\"},\"image\":{\"@id\":\"https:\/\/www.smedemokrati.sk\/#\/schema\/logo\/image\/\"},\"sameAs\":[\"https:\/\/www.facebook.com\/smedemokrati2023\"]},{\"@type\":\"Person\",\"@id\":\"https:\/\/www.smedemokrati.sk\/#\/schema\/person\/21f147c88d605aa7ded900e1e7c344ba\",\"name\":\"miro.sopko\",\"image\":{\"@type\":\"ImageObject\",\"inLanguage\":\"en-US\",\"@id\":\"https:\/\/secure.gravatar.com\/avatar\/267e4a36f704376c109afe3a78740c1f5dd8675a2180a908699e7863c9247606?s=96&d=mm&r=g\",\"url\":\"https:\/\/secure.gravatar.com\/avatar\/267e4a36f704376c109afe3a78740c1f5dd8675a2180a908699e7863c9247606?s=96&d=mm&r=g\",\"contentUrl\":\"https:\/\/secure.gravatar.com\/avatar\/267e4a36f704376c109afe3a78740c1f5dd8675a2180a908699e7863c9247606?s=96&d=mm&r=g\",\"caption\":\"miro.sopko\"},\"url\":\"https:\/\/www.smedemokrati.sk\/en\/author\/miro-sopko\/\"}]}<\/script>\n<!-- \/ Yoast SEO plugin. -->","yoast_head_json":{"title":"V s\u00favislosti s v\u00fdstavbou nov\u00e9ho pr\u00edstavu v Bratislave pripom\u00edname SMERu a ministrovi R\u00e1\u017eovi ich predvolebn\u00e9 s\u013euby","robots":{"index":"index","follow":"follow","max-snippet":"max-snippet:-1","max-image-preview":"max-image-preview:large","max-video-preview":"max-video-preview:-1"},"canonical":"https:\/\/www.smedemokrati.sk\/en\/v-suvislosti-s-vystavbou-noveho-pristavu-v-bratislave-pripominame-smeru-a-ministrovi-razovi-ich-predvolebne-sluby\/","og_locale":"en_US","og_type":"article","og_title":"[:sk]V s\u00favislosti s v\u00fdstavbou nov\u00e9ho pr\u00edstavu v Bratislave pripom\u00edname SMERu a ministrovi R\u00e1\u017eovi ich predvolebn\u00e9 s\u013euby[:] - Smedemokrati.sk","og_description":"Pred rokom sme otvorili t\u00e9mu dopadov v\u00fdstavby nov\u00e9ho pr\u00edstavu vo Vl\u010dom hrdle v Bratislave. Hrozbu v\u00fdrubu a\u017e 100 000 stromov na 90 hekt\u00e1rov lu\u017en\u00fdch lesov pova\u017eujeme za biomasaker, ak\u00e9mu Bratislava za posledn\u00fdch 30 rokov ne\u010delila. Dnes pripom\u00edname strane SMER-SSD a ministrovi dopravy R\u00e1\u017eovi ich predvolebn\u00fd s\u013eub tak\u00e9to nie\u010do nedopusti\u0165. Rovnako poukazujeme na \u010fal\u0161\u00ed pr\u00edpad konfliktu [&hellip;]","og_url":"https:\/\/www.smedemokrati.sk\/en\/v-suvislosti-s-vystavbou-noveho-pristavu-v-bratislave-pripominame-smeru-a-ministrovi-razovi-ich-predvolebne-sluby\/","og_site_name":"Smedemokrati.sk","article_publisher":"https:\/\/www.facebook.com\/smedemokrati2023","article_published_time":"2024-09-23T14:06:10+00:00","article_modified_time":"2024-10-01T14:06:57+00:00","og_image":[{"width":1080,"height":933,"url":"https:\/\/www.smedemokrati.sk\/wp-content\/uploads\/2024\/09\/smer-sluby.jpg","type":"image\/jpeg"}],"author":"miro.sopko","twitter_card":"summary_large_image","twitter_misc":{"Written by":"miro.sopko","Est. reading time":"3 minutes"},"schema":{"@context":"https:\/\/schema.org","@graph":[{"@type":"Article","@id":"https:\/\/www.smedemokrati.sk\/v-suvislosti-s-vystavbou-noveho-pristavu-v-bratislave-pripominame-smeru-a-ministrovi-razovi-ich-predvolebne-sluby\/#article","isPartOf":{"@id":"https:\/\/www.smedemokrati.sk\/v-suvislosti-s-vystavbou-noveho-pristavu-v-bratislave-pripominame-smeru-a-ministrovi-razovi-ich-predvolebne-sluby\/"},"author":{"name":"miro.sopko","@id":"https:\/\/www.smedemokrati.sk\/#\/schema\/person\/21f147c88d605aa7ded900e1e7c344ba"},"headline":"V s\u00favislosti s v\u00fdstavbou nov\u00e9ho pr\u00edstavu v Bratislave pripom\u00edname SMERu a ministrovi R\u00e1\u017eovi ich predvolebn\u00e9 s\u013euby","datePublished":"2024-09-23T14:06:10+00:00","dateModified":"2024-10-01T14:06:57+00:00","mainEntityOfPage":{"@id":"https:\/\/www.smedemokrati.sk\/v-suvislosti-s-vystavbou-noveho-pristavu-v-bratislave-pripominame-smeru-a-ministrovi-razovi-ich-predvolebne-sluby\/"},"wordCount":665,"publisher":{"@id":"https:\/\/www.smedemokrati.sk\/#organization"},"image":{"@id":"https:\/\/www.smedemokrati.sk\/v-suvislosti-s-vystavbou-noveho-pristavu-v-bratislave-pripominame-smeru-a-ministrovi-razovi-ich-predvolebne-sluby\/#primaryimage"},"thumbnailUrl":"https:\/\/www.smedemokrati.sk\/wp-content\/uploads\/2024\/09\/smer-sluby.jpg","articleSection":["Tla\u010dov\u00e9 spr\u00e1vy"],"inLanguage":"en-US"},{"@type":"WebPage","@id":"https:\/\/www.smedemokrati.sk\/v-suvislosti-s-vystavbou-noveho-pristavu-v-bratislave-pripominame-smeru-a-ministrovi-razovi-ich-predvolebne-sluby\/","url":"https:\/\/www.smedemokrati.sk\/v-suvislosti-s-vystavbou-noveho-pristavu-v-bratislave-pripominame-smeru-a-ministrovi-razovi-ich-predvolebne-sluby\/","name":"V s\u00favislosti s v\u00fdstavbou nov\u00e9ho pr\u00edstavu v Bratislave pripom\u00edname SMERu a ministrovi R\u00e1\u017eovi ich predvolebn\u00e9 s\u013euby","isPartOf":{"@id":"https:\/\/www.smedemokrati.sk\/#website"},"primaryImageOfPage":{"@id":"https:\/\/www.smedemokrati.sk\/v-suvislosti-s-vystavbou-noveho-pristavu-v-bratislave-pripominame-smeru-a-ministrovi-razovi-ich-predvolebne-sluby\/#primaryimage"},"image":{"@id":"https:\/\/www.smedemokrati.sk\/v-suvislosti-s-vystavbou-noveho-pristavu-v-bratislave-pripominame-smeru-a-ministrovi-razovi-ich-predvolebne-sluby\/#primaryimage"},"thumbnailUrl":"https:\/\/www.smedemokrati.sk\/wp-content\/uploads\/2024\/09\/smer-sluby.jpg","datePublished":"2024-09-23T14:06:10+00:00","dateModified":"2024-10-01T14:06:57+00:00","breadcrumb":{"@id":"https:\/\/www.smedemokrati.sk\/v-suvislosti-s-vystavbou-noveho-pristavu-v-bratislave-pripominame-smeru-a-ministrovi-razovi-ich-predvolebne-sluby\/#breadcrumb"},"inLanguage":"en-US","potentialAction":[{"@type":"ReadAction","target":["https:\/\/www.smedemokrati.sk\/v-suvislosti-s-vystavbou-noveho-pristavu-v-bratislave-pripominame-smeru-a-ministrovi-razovi-ich-predvolebne-sluby\/"]}]},{"@type":"ImageObject","inLanguage":"en-US","@id":"https:\/\/www.smedemokrati.sk\/v-suvislosti-s-vystavbou-noveho-pristavu-v-bratislave-pripominame-smeru-a-ministrovi-razovi-ich-predvolebne-sluby\/#primaryimage","url":"https:\/\/www.smedemokrati.sk\/wp-content\/uploads\/2024\/09\/smer-sluby.jpg","contentUrl":"https:\/\/www.smedemokrati.sk\/wp-content\/uploads\/2024\/09\/smer-sluby.jpg","width":1080,"height":933},{"@type":"BreadcrumbList","@id":"https:\/\/www.smedemokrati.sk\/v-suvislosti-s-vystavbou-noveho-pristavu-v-bratislave-pripominame-smeru-a-ministrovi-razovi-ich-predvolebne-sluby\/#breadcrumb","itemListElement":[{"@type":"ListItem","position":1,"name":"Domovsk\u00e1 str\u00e1nka","item":"https:\/\/www.smedemokrati.sk\/"},{"@type":"ListItem","position":2,"name":"V s\u00favislosti s v\u00fdstavbou nov\u00e9ho pr\u00edstavu v Bratislave pripom\u00edname SMERu a ministrovi R\u00e1\u017eovi ich predvolebn\u00e9 s\u013euby"}]},{"@type":"WebSite","@id":"https:\/\/www.smedemokrati.sk\/#website","url":"https:\/\/www.smedemokrati.sk\/","name":"Smedemokrati.sk","description":"Demokracia a slu\u0161nos\u0165 zv\u00ed\u0165az\u00ed","publisher":{"@id":"https:\/\/www.smedemokrati.sk\/#organization"},"potentialAction":[{"@type":"SearchAction","target":{"@type":"EntryPoint","urlTemplate":"https:\/\/www.smedemokrati.sk\/?s={search_term_string}"},"query-input":{"@type":"PropertyValueSpecification","valueRequired":true,"valueName":"search_term_string"}}],"inLanguage":"en-US"},{"@type":"Organization","@id":"https:\/\/www.smedemokrati.sk\/#organization","name":"Smedemokrati.sk","url":"https:\/\/www.smedemokrati.sk\/","logo":{"@type":"ImageObject","inLanguage":"en-US","@id":"https:\/\/www.smedemokrati.sk\/#\/schema\/logo\/image\/","url":"https:\/\/www.smedemokrati.sk\/wp-content\/uploads\/2023\/04\/ff.002.jpeg","contentUrl":"https:\/\/www.smedemokrati.sk\/wp-content\/uploads\/2023\/04\/ff.002.jpeg","width":640,"height":480,"caption":"Smedemokrati.sk"},"image":{"@id":"https:\/\/www.smedemokrati.sk\/#\/schema\/logo\/image\/"},"sameAs":["https:\/\/www.facebook.com\/smedemokrati2023"]},{"@type":"Person","@id":"https:\/\/www.smedemokrati.sk\/#\/schema\/person\/21f147c88d605aa7ded900e1e7c344ba","name":"miro.sopko","image":{"@type":"ImageObject","inLanguage":"en-US","@id":"https:\/\/secure.gravatar.com\/avatar\/267e4a36f704376c109afe3a78740c1f5dd8675a2180a908699e7863c9247606?s=96&d=mm&r=g","url":"https:\/\/secure.gravatar.com\/avatar\/267e4a36f704376c109afe3a78740c1f5dd8675a2180a908699e7863c9247606?s=96&d=mm&r=g","contentUrl":"https:\/\/secure.gravatar.com\/avatar\/267e4a36f704376c109afe3a78740c1f5dd8675a2180a908699e7863c9247606?s=96&d=mm&r=g","caption":"miro.sopko"},"url":"https:\/\/www.smedemokrati.sk\/en\/author\/miro-sopko\/"}]}},"_links":{"self":[{"href":"https:\/\/www.smedemokrati.sk\/en\/wp-json\/wp\/v2\/posts\/5188","targetHints":{"allow":["GET"]}}],"collection":[{"href":"https:\/\/www.smedemokrati.sk\/en\/wp-json\/wp\/v2\/posts"}],"about":[{"href":"https:\/\/www.smedemokrati.sk\/en\/wp-json\/wp\/v2\/types\/post"}],"author":[{"embeddable":true,"href":"https:\/\/www.smedemokrati.sk\/en\/wp-json\/wp\/v2\/users\/13"}],"replies":[{"embeddable":true,"href":"https:\/\/www.smedemokrati.sk\/en\/wp-json\/wp\/v2\/comments?post=5188"}],"version-history":[{"count":1,"href":"https:\/\/www.smedemokrati.sk\/en\/wp-json\/wp\/v2\/posts\/5188\/revisions"}],"predecessor-version":[{"id":5190,"href":"https:\/\/www.smedemokrati.sk\/en\/wp-json\/wp\/v2\/posts\/5188\/revisions\/5190"}],"wp:featuredmedia":[{"embeddable":true,"href":"https:\/\/www.smedemokrati.sk\/en\/wp-json\/wp\/v2\/media\/5189"}],"wp:attachment":[{"href":"https:\/\/www.smedemokrati.sk\/en\/wp-json\/wp\/v2\/media?parent=5188"}],"wp:term":[{"taxonomy":"category","embeddable":true,"href":"https:\/\/www.smedemokrati.sk\/en\/wp-json\/wp\/v2\/categories?post=5188"},{"taxonomy":"post_tag","embeddable":true,"href":"https:\/\/www.smedemokrati.sk\/en\/wp-json\/wp\/v2\/tags?post=5188"}],"curies":[{"name":"wp","href":"https:\/\/api.w.org\/{rel}","templated":true}]}}