{"id":5182,"date":"2024-09-20T17:52:52","date_gmt":"2024-09-20T16:52:52","guid":{"rendered":"https:\/\/www.smedemokrati.sk\/?p=5182"},"modified":"2024-10-01T15:06:51","modified_gmt":"2024-10-01T14:06:51","slug":"stranicke-nominacie-vo-vodohospodarskych-podnikoch-pokracu","status":"publish","type":"post","link":"https:\/\/www.smedemokrati.sk\/en\/stranicke-nominacie-vo-vodohospodarskych-podnikoch-pokracu\/","title":{"rendered":"Stran\u00edcke nomin\u00e1cie vo vodohospod\u00e1rskych podnikoch pokra\u010duj\u00fa"},"content":{"rendered":"<div id=\"fb-root\"><\/div>\n\n<p><strong>Skuto\u010dnou \u201cv\u010fakou\u201d rezortu \u017eivotn\u00e9ho prostredia vodohospod\u00e1rom zasahuj\u00facim pri povodniach s\u00fa \u010fal\u0161ie stran\u00edcke nomin\u00e1cie a hrozba prep\u00fa\u0161\u0165ania. Nov\u00fdm riadite\u013eom od\u0161tepn\u00e9ho z\u00e1vodu Ru\u017eomberok v Slovenskom vodohospod\u00e1rskom podniku, \u0161. p. (SVP) je Tibor \u0160enk\u00e1r, kandid\u00e1t a funkcion\u00e1r Slovenskej n\u00e1rodnej strany (SNS). Darina Mosn\u00e1 z Tarabovej strany \u017dIVOT, taktie\u017e kandid\u00e1tka za SNS, pre zmenu p\u00f4sob\u00ed vo Vodohospod\u00e1rskej v\u00fdstavbe, \u0161. p. (VV). Pod\u013ea na\u0161ich inform\u00e1ci\u00ed sa vo vodohospod\u00e1rskom podniku chyst\u00e1 aj \u010fal\u0161ia organiza\u010dn\u00e1 zmena.<\/strong><\/p>\n\n\n\n<p>V minulosti sme upozornili na bezprecedentn\u00e9 stran\u00edcke nomin\u00e1cie v SVP. Poz\u00edciu gener\u00e1lneho riadite\u013ea \u010di \u010fal\u0161ie riadiace poz\u00edcie v SVP obsadili Peter Molda, Tibor P\u00e9nze\u0161, Ferdinand Turini\u010d \u010di Stanislav Va\u013eo, spojen\u00ed bu\u010f s Tarabovou stranou \u017dIVOT alebo SNS. \u201e<em>Neakceptovate\u013en\u00e9 stran\u00edcke nomin\u00e1cie v\u0161ak pokra\u010duj\u00fa, a to v podobe Tibora \u0160enk\u00e1ra, funkcion\u00e1ra SNS a jej kandid\u00e1ta v komun\u00e1lnych vo\u013eb\u00e1ch v Zuberci, bez zn\u00e1mej expert\u00edzy v oblasti vodohospod\u00e1rstva, ktor\u00fd sa stal riadite\u013eom od\u0161tepn\u00e9ho z\u00e1vodu Ru\u017eomberok v SVP,<\/em>\u201d otv\u00e1ra t\u00e9mu Michal Ki\u010da, \u010dlen predsedn\u00edctva strany a jej expert na \u017eivotn\u00e9 prostredie.<\/p>\n\n\n\n<p><em>\u201ePodobn\u00fdm pr\u00edpadom je aj Darina Mosn\u00e1, vehementn\u00e1 podporovate\u013eka Tom\u00e1\u0161a Tarabu, spojen\u00e1 taktie\u017e so stranou \u017dIVOT a kandid\u00e1tka SNS v parlamentn\u00fdch vo\u013eb\u00e1ch. P\u00f4sob\u00ed vo VV, dokonca s pridelen\u00fdm slu\u017eobn\u00fdm vozidlom a nezn\u00e1me \u00falohy by mala plni\u0165 aj v SVP. Vyz\u00fdvame Tom\u00e1\u0161a Tarabu na jednozna\u010dn\u00e9 objasnenie t\u00fdchto nomin\u00e1ci\u00ed a preuk\u00e1zanie, \u017ee sa nejedn\u00e1 len o \u017eivenie stran\u00edckych funkcion\u00e1rov vl\u00e1dnej koal\u00edcie za \u0161t\u00e1tne prostriedky. Zd\u00e1 sa, \u017ee SNS a strana \u017dIVOT s\u00fa bu\u010f eur\u00f3pskym unik\u00e1tom v produkovan\u00ed vodohospod\u00e1rskych expertov, alebo \u0161t\u00e1tne podniky zneu\u017e\u00edvaj\u00fa na stran\u00edcke \u00fa\u010dely,\u201d\u00a0<\/em>kritizuje \u010falej Michal Ki\u010da.<\/p>\n\n\n\n<p>Predned\u00e1vnom sme upozornili na hrozbu prep\u00fa\u0161\u0165ania 600 zamestnancov SVP. Pod\u013ea na\u0161ich inform\u00e1ci\u00ed medzi\u010dasom mohlo opusti\u0165 \u0161t\u00e1tny podnik pribli\u017ene 230 zamestnancov, \u010dastokr\u00e1t v d\u00f4sledku organiza\u010dnej zmeny \u010di znechutenia. Person\u00e1lne zmeny sa maj\u00fa t\u00fdka\u0165 aj ni\u017e\u0161\u00edch technicko-prev\u00e1dzkov\u00fdch zamestnancov. Dokonca sa m\u00f4\u017ee pod\u013ea inform\u00e1ci\u00ed z prostredia frustrovan\u00fdch zamestnancov pripravova\u0165 \u010fal\u0161ia organiza\u010dn\u00e1 zmena, v d\u00f4sledku ktorej m\u00f4\u017ee d\u00f4js\u0165 k \u010fal\u0161iemu prep\u00fa\u0161\u0165aniu.<\/p>\n\n\n\n<p>Ki\u010da \u010falej poukazuje na zneu\u017e\u00edvanie SVP na stran\u00edcku kampa\u0148 SNS. \u201e<em>Nepova\u017eujeme za n\u00e1hodu, \u017ee SVP nieko\u013eko dn\u00ed pred eur\u00f3pskymi vo\u013ebami organizoval v Pavlovciach nad Uhom \u201ckoordina\u010dn\u00e9 cvi\u010denie\u201d s gul\u00e1\u0161om, ktor\u00e9 viedli\u00a0 pr\u00e1ve obaja funkcion\u00e1ri SNS, Va\u013eo a \u0160enk\u00e1r, riaditelia od\u0161tepn\u00fdch z\u00e1vodov a e\u0161te sa t\u00fdm strana pochv\u00e1lila aj na svojej internetovej str\u00e1nke. Pova\u017eujeme to za \u010fal\u0161ie zneu\u017eitie \u0161t\u00e1tneho podniku na stran\u00edcke \u00fa\u010dely a kampa\u0148.\u201d<\/em><\/p>\n\n\n\n<p>Vyz\u00fdvame ministra Tarabu, aby sa zdr\u017eal tak\u00fdch krokov, ktor\u00e9 m\u00f4\u017eu ohrozi\u0165 element\u00e1rne zabezpe\u010denie \u00faloh strategick\u00e9ho \u0161t\u00e1tneho podniku. \u201e<em>Toto je skuto\u010dn\u00e1 \u201cv\u010faka\u201d vodohospod\u00e1rom za ich nasadenie pri povodniach. Tarabovci hanebne pristupuj\u00fa k \u0161t\u00e1tnym podnikom ako zemep\u00e1ni k svojmu panstvu a spr\u00e1vaj\u00fa sa k nim e\u0161te hor\u0161ie ako k vlastn\u00fdm firm\u00e1m,<\/em>\u201d uzatv\u00e1ra Michal Ki\u010da.<\/p>\n\n\n<div class=\"fb-video\" data-href=\"https:\/\/fb.watch\/uI-WBX4JdG\" data-allowfullscreen=\"true\" data-autoplay=\"false\" data-width=\"\" data-show-text=\"false\" data-show-captions=\"true\"><\/div>\n","protected":false},"excerpt":{"rendered":"<p>Skuto\u010dnou \u201cv\u010fakou\u201d rezortu \u017eivotn\u00e9ho prostredia vodohospod\u00e1rom zasahuj\u00facim pri povodniach s\u00fa \u010fal\u0161ie stran\u00edcke nomin\u00e1cie a hrozba prep\u00fa\u0161\u0165ania. Nov\u00fdm riadite\u013eom od\u0161tepn\u00e9ho z\u00e1vodu Ru\u017eomberok v Slovenskom vodohospod\u00e1rskom podniku, \u0161. p. (SVP) je Tibor \u0160enk\u00e1r, kandid\u00e1t a funkcion\u00e1r Slovenskej n\u00e1rodnej strany (SNS). Darina Mosn\u00e1 z Tarabovej strany \u017dIVOT, taktie\u017e kandid\u00e1tka za SNS, pre zmenu p\u00f4sob\u00ed vo Vodohospod\u00e1rskej v\u00fdstavbe, \u0161. [&hellip;]<\/p>\n","protected":false},"author":13,"featured_media":4340,"comment_status":"closed","ping_status":"closed","sticky":false,"template":"","format":"standard","meta":{"_acf_changed":false,"ngg_post_thumbnail":0,"footnotes":""},"categories":[4],"tags":[],"class_list":["post-5182","post","type-post","status-publish","format-standard","has-post-thumbnail","hentry","category-tlacove-spravy"],"acf":[],"yoast_head":"<!-- This site is optimized with the Yoast SEO plugin v27.2 - https:\/\/yoast.com\/product\/yoast-seo-wordpress\/ -->\n<title>Stran\u00edcke nomin\u00e1cie vo vodohospod\u00e1rskych podnikoch pokra\u010duj\u00fa<\/title>\n<meta name=\"robots\" content=\"index, follow, max-snippet:-1, max-image-preview:large, max-video-preview:-1\" \/>\n<link rel=\"canonical\" href=\"https:\/\/www.smedemokrati.sk\/en\/stranicke-nominacie-vo-vodohospodarskych-podnikoch-pokracu\/\" \/>\n<meta property=\"og:locale\" content=\"en_US\" \/>\n<meta property=\"og:locale:alternate\" content=\"cs_CZ\" \/>\n<meta property=\"og:locale:alternate\" content=\"hu_HU\" \/>\n<meta property=\"og:locale:alternate\" content=\"sk_SK\" \/>\n<meta property=\"og:locale:alternate\" content=\"sv_SE\" \/>\n<meta property=\"og:type\" content=\"article\" \/>\n<meta property=\"og:title\" content=\"Stran\u00edcke nomin\u00e1cie vo vodohospod\u00e1rskych podnikoch pokra\u010duj\u00fa\" \/>\n<meta property=\"og:description\" content=\"Skuto\u010dnou \u201cv\u010fakou\u201d rezortu \u017eivotn\u00e9ho prostredia vodohospod\u00e1rom zasahuj\u00facim pri povodniach s\u00fa \u010fal\u0161ie stran\u00edcke nomin\u00e1cie a hrozba prep\u00fa\u0161\u0165ania. Nov\u00fdm riadite\u013eom od\u0161tepn\u00e9ho z\u00e1vodu Ru\u017eomberok v Slovenskom vodohospod\u00e1rskom podniku, \u0161. p. (SVP) je Tibor \u0160enk\u00e1r, kandid\u00e1t a funkcion\u00e1r Slovenskej n\u00e1rodnej strany (SNS). Darina Mosn\u00e1 z Tarabovej strany \u017dIVOT, taktie\u017e kandid\u00e1tka za SNS, pre zmenu p\u00f4sob\u00ed vo Vodohospod\u00e1rskej v\u00fdstavbe, \u0161. [&hellip;]\" \/>\n<meta property=\"og:url\" content=\"https:\/\/www.smedemokrati.sk\/en\/stranicke-nominacie-vo-vodohospodarskych-podnikoch-pokracu\/\" \/>\n<meta property=\"og:site_name\" content=\"Smedemokrati.sk\" \/>\n<meta property=\"article:publisher\" content=\"https:\/\/www.facebook.com\/smedemokrati2023\" \/>\n<meta property=\"article:published_time\" content=\"2024-09-20T16:52:52+00:00\" \/>\n<meta property=\"article:modified_time\" content=\"2024-10-01T14:06:51+00:00\" \/>\n<meta property=\"og:image\" content=\"https:\/\/www.smedemokrati.sk\/wp-content\/uploads\/2024\/06\/kica-miliardy.jpg\" \/>\n\t<meta property=\"og:image:width\" content=\"2025\" \/>\n\t<meta property=\"og:image:height\" content=\"1179\" \/>\n\t<meta property=\"og:image:type\" content=\"image\/jpeg\" \/>\n<meta name=\"author\" content=\"miro.sopko\" \/>\n<meta name=\"twitter:card\" content=\"summary_large_image\" \/>\n<meta name=\"twitter:label1\" content=\"Written by\" \/>\n\t<meta name=\"twitter:data1\" content=\"miro.sopko\" \/>\n\t<meta name=\"twitter:label2\" content=\"Est. reading time\" \/>\n\t<meta name=\"twitter:data2\" content=\"3 minutes\" \/>\n<script type=\"application\/ld+json\" class=\"yoast-schema-graph\">{\"@context\":\"https:\/\/schema.org\",\"@graph\":[{\"@type\":\"Article\",\"@id\":\"https:\/\/www.smedemokrati.sk\/stranicke-nominacie-vo-vodohospodarskych-podnikoch-pokracu\/#article\",\"isPartOf\":{\"@id\":\"https:\/\/www.smedemokrati.sk\/stranicke-nominacie-vo-vodohospodarskych-podnikoch-pokracu\/\"},\"author\":{\"name\":\"miro.sopko\",\"@id\":\"https:\/\/www.smedemokrati.sk\/#\/schema\/person\/21f147c88d605aa7ded900e1e7c344ba\"},\"headline\":\"Stran\u00edcke nomin\u00e1cie vo vodohospod\u00e1rskych podnikoch pokra\u010duj\u00fa\",\"datePublished\":\"2024-09-20T16:52:52+00:00\",\"dateModified\":\"2024-10-01T14:06:51+00:00\",\"mainEntityOfPage\":{\"@id\":\"https:\/\/www.smedemokrati.sk\/stranicke-nominacie-vo-vodohospodarskych-podnikoch-pokracu\/\"},\"wordCount\":599,\"publisher\":{\"@id\":\"https:\/\/www.smedemokrati.sk\/#organization\"},\"image\":{\"@id\":\"https:\/\/www.smedemokrati.sk\/stranicke-nominacie-vo-vodohospodarskych-podnikoch-pokracu\/#primaryimage\"},\"thumbnailUrl\":\"https:\/\/www.smedemokrati.sk\/wp-content\/uploads\/2024\/06\/kica-miliardy.jpg\",\"articleSection\":[\"Tla\u010dov\u00e9 spr\u00e1vy\"],\"inLanguage\":\"en-US\"},{\"@type\":\"WebPage\",\"@id\":\"https:\/\/www.smedemokrati.sk\/stranicke-nominacie-vo-vodohospodarskych-podnikoch-pokracu\/\",\"url\":\"https:\/\/www.smedemokrati.sk\/stranicke-nominacie-vo-vodohospodarskych-podnikoch-pokracu\/\",\"name\":\"Stran\u00edcke nomin\u00e1cie vo vodohospod\u00e1rskych podnikoch pokra\u010duj\u00fa\",\"isPartOf\":{\"@id\":\"https:\/\/www.smedemokrati.sk\/#website\"},\"primaryImageOfPage\":{\"@id\":\"https:\/\/www.smedemokrati.sk\/stranicke-nominacie-vo-vodohospodarskych-podnikoch-pokracu\/#primaryimage\"},\"image\":{\"@id\":\"https:\/\/www.smedemokrati.sk\/stranicke-nominacie-vo-vodohospodarskych-podnikoch-pokracu\/#primaryimage\"},\"thumbnailUrl\":\"https:\/\/www.smedemokrati.sk\/wp-content\/uploads\/2024\/06\/kica-miliardy.jpg\",\"datePublished\":\"2024-09-20T16:52:52+00:00\",\"dateModified\":\"2024-10-01T14:06:51+00:00\",\"breadcrumb\":{\"@id\":\"https:\/\/www.smedemokrati.sk\/stranicke-nominacie-vo-vodohospodarskych-podnikoch-pokracu\/#breadcrumb\"},\"inLanguage\":\"en-US\",\"potentialAction\":[{\"@type\":\"ReadAction\",\"target\":[\"https:\/\/www.smedemokrati.sk\/stranicke-nominacie-vo-vodohospodarskych-podnikoch-pokracu\/\"]}]},{\"@type\":\"ImageObject\",\"inLanguage\":\"en-US\",\"@id\":\"https:\/\/www.smedemokrati.sk\/stranicke-nominacie-vo-vodohospodarskych-podnikoch-pokracu\/#primaryimage\",\"url\":\"https:\/\/www.smedemokrati.sk\/wp-content\/uploads\/2024\/06\/kica-miliardy.jpg\",\"contentUrl\":\"https:\/\/www.smedemokrati.sk\/wp-content\/uploads\/2024\/06\/kica-miliardy.jpg\",\"width\":2025,\"height\":1179},{\"@type\":\"BreadcrumbList\",\"@id\":\"https:\/\/www.smedemokrati.sk\/stranicke-nominacie-vo-vodohospodarskych-podnikoch-pokracu\/#breadcrumb\",\"itemListElement\":[{\"@type\":\"ListItem\",\"position\":1,\"name\":\"Domovsk\u00e1 str\u00e1nka\",\"item\":\"https:\/\/www.smedemokrati.sk\/\"},{\"@type\":\"ListItem\",\"position\":2,\"name\":\"Stran\u00edcke nomin\u00e1cie vo vodohospod\u00e1rskych podnikoch pokra\u010duj\u00fa\"}]},{\"@type\":\"WebSite\",\"@id\":\"https:\/\/www.smedemokrati.sk\/#website\",\"url\":\"https:\/\/www.smedemokrati.sk\/\",\"name\":\"Smedemokrati.sk\",\"description\":\"Demokracia a slu\u0161nos\u0165 zv\u00ed\u0165az\u00ed\",\"publisher\":{\"@id\":\"https:\/\/www.smedemokrati.sk\/#organization\"},\"potentialAction\":[{\"@type\":\"SearchAction\",\"target\":{\"@type\":\"EntryPoint\",\"urlTemplate\":\"https:\/\/www.smedemokrati.sk\/?s={search_term_string}\"},\"query-input\":{\"@type\":\"PropertyValueSpecification\",\"valueRequired\":true,\"valueName\":\"search_term_string\"}}],\"inLanguage\":\"en-US\"},{\"@type\":\"Organization\",\"@id\":\"https:\/\/www.smedemokrati.sk\/#organization\",\"name\":\"Smedemokrati.sk\",\"url\":\"https:\/\/www.smedemokrati.sk\/\",\"logo\":{\"@type\":\"ImageObject\",\"inLanguage\":\"en-US\",\"@id\":\"https:\/\/www.smedemokrati.sk\/#\/schema\/logo\/image\/\",\"url\":\"https:\/\/www.smedemokrati.sk\/wp-content\/uploads\/2023\/04\/ff.002.jpeg\",\"contentUrl\":\"https:\/\/www.smedemokrati.sk\/wp-content\/uploads\/2023\/04\/ff.002.jpeg\",\"width\":640,\"height\":480,\"caption\":\"Smedemokrati.sk\"},\"image\":{\"@id\":\"https:\/\/www.smedemokrati.sk\/#\/schema\/logo\/image\/\"},\"sameAs\":[\"https:\/\/www.facebook.com\/smedemokrati2023\"]},{\"@type\":\"Person\",\"@id\":\"https:\/\/www.smedemokrati.sk\/#\/schema\/person\/21f147c88d605aa7ded900e1e7c344ba\",\"name\":\"miro.sopko\",\"image\":{\"@type\":\"ImageObject\",\"inLanguage\":\"en-US\",\"@id\":\"https:\/\/secure.gravatar.com\/avatar\/267e4a36f704376c109afe3a78740c1f5dd8675a2180a908699e7863c9247606?s=96&d=mm&r=g\",\"url\":\"https:\/\/secure.gravatar.com\/avatar\/267e4a36f704376c109afe3a78740c1f5dd8675a2180a908699e7863c9247606?s=96&d=mm&r=g\",\"contentUrl\":\"https:\/\/secure.gravatar.com\/avatar\/267e4a36f704376c109afe3a78740c1f5dd8675a2180a908699e7863c9247606?s=96&d=mm&r=g\",\"caption\":\"miro.sopko\"},\"url\":\"https:\/\/www.smedemokrati.sk\/en\/author\/miro-sopko\/\"}]}<\/script>\n<!-- \/ Yoast SEO plugin. -->","yoast_head_json":{"title":"Stran\u00edcke nomin\u00e1cie vo vodohospod\u00e1rskych podnikoch pokra\u010duj\u00fa","robots":{"index":"index","follow":"follow","max-snippet":"max-snippet:-1","max-image-preview":"max-image-preview:large","max-video-preview":"max-video-preview:-1"},"canonical":"https:\/\/www.smedemokrati.sk\/en\/stranicke-nominacie-vo-vodohospodarskych-podnikoch-pokracu\/","og_locale":"en_US","og_type":"article","og_title":"[:sk]Stran\u00edcke nomin\u00e1cie vo vodohospod\u00e1rskych podnikoch pokra\u010duj\u00fa[:] - Smedemokrati.sk","og_description":"Skuto\u010dnou \u201cv\u010fakou\u201d rezortu \u017eivotn\u00e9ho prostredia vodohospod\u00e1rom zasahuj\u00facim pri povodniach s\u00fa \u010fal\u0161ie stran\u00edcke nomin\u00e1cie a hrozba prep\u00fa\u0161\u0165ania. Nov\u00fdm riadite\u013eom od\u0161tepn\u00e9ho z\u00e1vodu Ru\u017eomberok v Slovenskom vodohospod\u00e1rskom podniku, \u0161. p. (SVP) je Tibor \u0160enk\u00e1r, kandid\u00e1t a funkcion\u00e1r Slovenskej n\u00e1rodnej strany (SNS). Darina Mosn\u00e1 z Tarabovej strany \u017dIVOT, taktie\u017e kandid\u00e1tka za SNS, pre zmenu p\u00f4sob\u00ed vo Vodohospod\u00e1rskej v\u00fdstavbe, \u0161. [&hellip;]","og_url":"https:\/\/www.smedemokrati.sk\/en\/stranicke-nominacie-vo-vodohospodarskych-podnikoch-pokracu\/","og_site_name":"Smedemokrati.sk","article_publisher":"https:\/\/www.facebook.com\/smedemokrati2023","article_published_time":"2024-09-20T16:52:52+00:00","article_modified_time":"2024-10-01T14:06:51+00:00","og_image":[{"width":2025,"height":1179,"url":"https:\/\/www.smedemokrati.sk\/wp-content\/uploads\/2024\/06\/kica-miliardy.jpg","type":"image\/jpeg"}],"author":"miro.sopko","twitter_card":"summary_large_image","twitter_misc":{"Written by":"miro.sopko","Est. reading time":"3 minutes"},"schema":{"@context":"https:\/\/schema.org","@graph":[{"@type":"Article","@id":"https:\/\/www.smedemokrati.sk\/stranicke-nominacie-vo-vodohospodarskych-podnikoch-pokracu\/#article","isPartOf":{"@id":"https:\/\/www.smedemokrati.sk\/stranicke-nominacie-vo-vodohospodarskych-podnikoch-pokracu\/"},"author":{"name":"miro.sopko","@id":"https:\/\/www.smedemokrati.sk\/#\/schema\/person\/21f147c88d605aa7ded900e1e7c344ba"},"headline":"Stran\u00edcke nomin\u00e1cie vo vodohospod\u00e1rskych podnikoch pokra\u010duj\u00fa","datePublished":"2024-09-20T16:52:52+00:00","dateModified":"2024-10-01T14:06:51+00:00","mainEntityOfPage":{"@id":"https:\/\/www.smedemokrati.sk\/stranicke-nominacie-vo-vodohospodarskych-podnikoch-pokracu\/"},"wordCount":599,"publisher":{"@id":"https:\/\/www.smedemokrati.sk\/#organization"},"image":{"@id":"https:\/\/www.smedemokrati.sk\/stranicke-nominacie-vo-vodohospodarskych-podnikoch-pokracu\/#primaryimage"},"thumbnailUrl":"https:\/\/www.smedemokrati.sk\/wp-content\/uploads\/2024\/06\/kica-miliardy.jpg","articleSection":["Tla\u010dov\u00e9 spr\u00e1vy"],"inLanguage":"en-US"},{"@type":"WebPage","@id":"https:\/\/www.smedemokrati.sk\/stranicke-nominacie-vo-vodohospodarskych-podnikoch-pokracu\/","url":"https:\/\/www.smedemokrati.sk\/stranicke-nominacie-vo-vodohospodarskych-podnikoch-pokracu\/","name":"Stran\u00edcke nomin\u00e1cie vo vodohospod\u00e1rskych podnikoch pokra\u010duj\u00fa","isPartOf":{"@id":"https:\/\/www.smedemokrati.sk\/#website"},"primaryImageOfPage":{"@id":"https:\/\/www.smedemokrati.sk\/stranicke-nominacie-vo-vodohospodarskych-podnikoch-pokracu\/#primaryimage"},"image":{"@id":"https:\/\/www.smedemokrati.sk\/stranicke-nominacie-vo-vodohospodarskych-podnikoch-pokracu\/#primaryimage"},"thumbnailUrl":"https:\/\/www.smedemokrati.sk\/wp-content\/uploads\/2024\/06\/kica-miliardy.jpg","datePublished":"2024-09-20T16:52:52+00:00","dateModified":"2024-10-01T14:06:51+00:00","breadcrumb":{"@id":"https:\/\/www.smedemokrati.sk\/stranicke-nominacie-vo-vodohospodarskych-podnikoch-pokracu\/#breadcrumb"},"inLanguage":"en-US","potentialAction":[{"@type":"ReadAction","target":["https:\/\/www.smedemokrati.sk\/stranicke-nominacie-vo-vodohospodarskych-podnikoch-pokracu\/"]}]},{"@type":"ImageObject","inLanguage":"en-US","@id":"https:\/\/www.smedemokrati.sk\/stranicke-nominacie-vo-vodohospodarskych-podnikoch-pokracu\/#primaryimage","url":"https:\/\/www.smedemokrati.sk\/wp-content\/uploads\/2024\/06\/kica-miliardy.jpg","contentUrl":"https:\/\/www.smedemokrati.sk\/wp-content\/uploads\/2024\/06\/kica-miliardy.jpg","width":2025,"height":1179},{"@type":"BreadcrumbList","@id":"https:\/\/www.smedemokrati.sk\/stranicke-nominacie-vo-vodohospodarskych-podnikoch-pokracu\/#breadcrumb","itemListElement":[{"@type":"ListItem","position":1,"name":"Domovsk\u00e1 str\u00e1nka","item":"https:\/\/www.smedemokrati.sk\/"},{"@type":"ListItem","position":2,"name":"Stran\u00edcke nomin\u00e1cie vo vodohospod\u00e1rskych podnikoch pokra\u010duj\u00fa"}]},{"@type":"WebSite","@id":"https:\/\/www.smedemokrati.sk\/#website","url":"https:\/\/www.smedemokrati.sk\/","name":"Smedemokrati.sk","description":"Demokracia a slu\u0161nos\u0165 zv\u00ed\u0165az\u00ed","publisher":{"@id":"https:\/\/www.smedemokrati.sk\/#organization"},"potentialAction":[{"@type":"SearchAction","target":{"@type":"EntryPoint","urlTemplate":"https:\/\/www.smedemokrati.sk\/?s={search_term_string}"},"query-input":{"@type":"PropertyValueSpecification","valueRequired":true,"valueName":"search_term_string"}}],"inLanguage":"en-US"},{"@type":"Organization","@id":"https:\/\/www.smedemokrati.sk\/#organization","name":"Smedemokrati.sk","url":"https:\/\/www.smedemokrati.sk\/","logo":{"@type":"ImageObject","inLanguage":"en-US","@id":"https:\/\/www.smedemokrati.sk\/#\/schema\/logo\/image\/","url":"https:\/\/www.smedemokrati.sk\/wp-content\/uploads\/2023\/04\/ff.002.jpeg","contentUrl":"https:\/\/www.smedemokrati.sk\/wp-content\/uploads\/2023\/04\/ff.002.jpeg","width":640,"height":480,"caption":"Smedemokrati.sk"},"image":{"@id":"https:\/\/www.smedemokrati.sk\/#\/schema\/logo\/image\/"},"sameAs":["https:\/\/www.facebook.com\/smedemokrati2023"]},{"@type":"Person","@id":"https:\/\/www.smedemokrati.sk\/#\/schema\/person\/21f147c88d605aa7ded900e1e7c344ba","name":"miro.sopko","image":{"@type":"ImageObject","inLanguage":"en-US","@id":"https:\/\/secure.gravatar.com\/avatar\/267e4a36f704376c109afe3a78740c1f5dd8675a2180a908699e7863c9247606?s=96&d=mm&r=g","url":"https:\/\/secure.gravatar.com\/avatar\/267e4a36f704376c109afe3a78740c1f5dd8675a2180a908699e7863c9247606?s=96&d=mm&r=g","contentUrl":"https:\/\/secure.gravatar.com\/avatar\/267e4a36f704376c109afe3a78740c1f5dd8675a2180a908699e7863c9247606?s=96&d=mm&r=g","caption":"miro.sopko"},"url":"https:\/\/www.smedemokrati.sk\/en\/author\/miro-sopko\/"}]}},"_links":{"self":[{"href":"https:\/\/www.smedemokrati.sk\/en\/wp-json\/wp\/v2\/posts\/5182","targetHints":{"allow":["GET"]}}],"collection":[{"href":"https:\/\/www.smedemokrati.sk\/en\/wp-json\/wp\/v2\/posts"}],"about":[{"href":"https:\/\/www.smedemokrati.sk\/en\/wp-json\/wp\/v2\/types\/post"}],"author":[{"embeddable":true,"href":"https:\/\/www.smedemokrati.sk\/en\/wp-json\/wp\/v2\/users\/13"}],"replies":[{"embeddable":true,"href":"https:\/\/www.smedemokrati.sk\/en\/wp-json\/wp\/v2\/comments?post=5182"}],"version-history":[{"count":1,"href":"https:\/\/www.smedemokrati.sk\/en\/wp-json\/wp\/v2\/posts\/5182\/revisions"}],"predecessor-version":[{"id":5184,"href":"https:\/\/www.smedemokrati.sk\/en\/wp-json\/wp\/v2\/posts\/5182\/revisions\/5184"}],"wp:featuredmedia":[{"embeddable":true,"href":"https:\/\/www.smedemokrati.sk\/en\/wp-json\/wp\/v2\/media\/4340"}],"wp:attachment":[{"href":"https:\/\/www.smedemokrati.sk\/en\/wp-json\/wp\/v2\/media?parent=5182"}],"wp:term":[{"taxonomy":"category","embeddable":true,"href":"https:\/\/www.smedemokrati.sk\/en\/wp-json\/wp\/v2\/categories?post=5182"},{"taxonomy":"post_tag","embeddable":true,"href":"https:\/\/www.smedemokrati.sk\/en\/wp-json\/wp\/v2\/tags?post=5182"}],"curies":[{"name":"wp","href":"https:\/\/api.w.org\/{rel}","templated":true}]}}